{"id":7601,"date":"2026-04-29T22:22:53","date_gmt":"2026-04-29T22:22:53","guid":{"rendered":"https:\/\/cvnoticias.com\/nuevapagina\/?p=7601"},"modified":"2026-04-29T22:22:55","modified_gmt":"2026-04-29T22:22:55","slug":"destaca-diputada-tania-caballero-navarro-coordinacion-entre-gobierno-estatal-y-federacion-para-fortalecer-la-seguridad","status":"publish","type":"post","link":"https:\/\/cvnoticias.com\/nuevapagina\/index.php\/2026\/04\/29\/destaca-diputada-tania-caballero-navarro-coordinacion-entre-gobierno-estatal-y-federacion-para-fortalecer-la-seguridad\/","title":{"rendered":"Destaca diputada Tania Caballero Navarro coordinaci\u00f3n entre gobierno estatal y federaci\u00f3n para fortalecer la seguridad"},"content":{"rendered":"\n<ul class=\"wp-block-list\">\n<li>Consider\u00f3 positiva la reuni\u00f3n de trabajo entre el gobernador Salom\u00f3n Jara Cruz y el secretario de Seguridad federal, Omar Garc\u00eda Harfuch<\/li>\n<\/ul>\n\n\n\n<p>Oaxaca de Ju\u00e1rez, Oax., a 29 de abril de 2026.- La presidenta de la Junta de Coordinaci\u00f3n Pol\u00edtica (Jucopo) de la LXVI Legislatura del Congreso del Estado, diputada Tania Caballero Navarro, destac\u00f3 la importancia de la estrecha colaboraci\u00f3n entre el Gobierno de Oaxaca y la Federaci\u00f3n para garantizar la paz en la entidad y proteger la soberan\u00eda nacional ante injerencias externas.<\/p>\n\n\n\n<p>En entrevista con medios de comunicaci\u00f3n, la legisladora calific\u00f3 como positiva la reciente reuni\u00f3n de trabajo sostenida en la Ciudad de M\u00e9xico entre el Gobernador del Estado, Salom\u00f3n Jara Cruz, y el Secretario de Seguridad federal, Omar Garc\u00eda Harfuch.<\/p>\n\n\n\n<p>Caballero Navarro subray\u00f3 que este acercamiento es clave para fortalecer operativos estrat\u00e9gicos, como el desplegado en la regi\u00f3n del Istmo de Tehuantepec.<\/p>\n\n\n\n<p>\u00abNos da mucho gusto saber que el Gobernador est\u00e1 dando seguimiento y viendo de muy cerca con las instancias federales el tema de seguridad. Consideramos que mientras exista la colaboraci\u00f3n y el respaldo del Gobierno Federal, lograremos buenos resultados para que Oaxaca siga siendo un estado seguro\u00bb, afirm\u00f3 la presidenta de la Jucopo.<\/p>\n\n\n\n<p>Defensa de la soberan\u00eda y respaldo institucional<\/p>\n\n\n\n<p>Por otro lado, la diputada por el Distrito V con Cabecera en Asunci\u00f3n Nochixtl\u00e1n, enfatiz\u00f3 que la soberan\u00eda de los estados y del pa\u00eds es innegociable. En este sentido, manifest\u00f3 un respaldo total a la Presidenta de la Rep\u00fablica, Claudia Sheinbaum Pardo, frente a intentos de intervenci\u00f3n extranjera, se\u00f1alando la necesidad de mantener la unidad institucional para salvaguardar la integridad nacional.<\/p>\n\n\n\n<p>\u00abEs fundamental mantener la soberan\u00eda en los estados y respaldar a nuestra Presidenta ante las intervenciones que se han pretendido realizar en nuestro pa\u00eds; desde el Congreso local vamos a estar cuidando y respaldando esa parte\u00bb, puntualiz\u00f3.<\/p>\n","protected":false},"excerpt":{"rendered":"<p>Oaxaca de Ju\u00e1rez, Oax., a 29 de abril de 2026.- La presidenta de la Junta&#8230;<\/p>\n","protected":false},"author":2,"featured_media":7598,"comment_status":"open","ping_status":"closed","sticky":false,"template":"","format":"standard","meta":{"footnotes":""},"categories":[3],"tags":[],"class_list":["post-7601","post","type-post","status-publish","format-standard","has-post-thumbnail","hentry","category-comunicadosdeprensa"],"yoast_head":"<!-- This site is optimized with the Yoast SEO plugin v27.5 - https:\/\/yoast.com\/product\/yoast-seo-wordpress\/ -->\n<title>Destaca diputada Tania Caballero Navarro coordinaci\u00f3n entre gobierno estatal y federaci\u00f3n para fortalecer la seguridad - CV Noticias<\/title>\n<meta name=\"robots\" content=\"index, follow, max-snippet:-1, max-image-preview:large, max-video-preview:-1\" \/>\n<link rel=\"canonical\" href=\"https:\/\/cvnoticias.com\/nuevapagina\/index.php\/2026\/04\/29\/destaca-diputada-tania-caballero-navarro-coordinacion-entre-gobierno-estatal-y-federacion-para-fortalecer-la-seguridad\/\" \/>\n<meta property=\"og:locale\" content=\"es_ES\" \/>\n<meta property=\"og:type\" content=\"article\" \/>\n<meta property=\"og:title\" content=\"Destaca diputada Tania Caballero Navarro coordinaci\u00f3n entre gobierno estatal y federaci\u00f3n para fortalecer la seguridad - CV Noticias\" \/>\n<meta property=\"og:description\" content=\"Oaxaca de Ju\u00e1rez, Oax., a 29 de abril de 2026.- La presidenta de la Junta...\" \/>\n<meta property=\"og:url\" content=\"https:\/\/cvnoticias.com\/nuevapagina\/index.php\/2026\/04\/29\/destaca-diputada-tania-caballero-navarro-coordinacion-entre-gobierno-estatal-y-federacion-para-fortalecer-la-seguridad\/\" \/>\n<meta property=\"og:site_name\" content=\"CV Noticias\" \/>\n<meta property=\"article:published_time\" content=\"2026-04-29T22:22:53+00:00\" \/>\n<meta property=\"article:modified_time\" content=\"2026-04-29T22:22:55+00:00\" \/>\n<meta property=\"og:image\" content=\"https:\/\/cvnoticias.com\/nuevapagina\/wp-content\/uploads\/2026\/04\/WhatsApp-Image-2026-04-29-at-2.18.47-PM-1.jpeg\" \/>\n\t<meta property=\"og:image:width\" content=\"1280\" \/>\n\t<meta property=\"og:image:height\" content=\"853\" \/>\n\t<meta property=\"og:image:type\" content=\"image\/jpeg\" \/>\n<meta name=\"author\" content=\"CvNoticias\" \/>\n<meta name=\"twitter:card\" content=\"summary_large_image\" \/>\n<meta name=\"twitter:label1\" content=\"Escrito por\" \/>\n\t<meta name=\"twitter:data1\" content=\"CvNoticias\" \/>\n\t<meta name=\"twitter:label2\" content=\"Tiempo de lectura\" \/>\n\t<meta name=\"twitter:data2\" content=\"2 minutos\" \/>\n<script type=\"application\/ld+json\" class=\"yoast-schema-graph\">{\"@context\":\"https:\\\/\\\/schema.org\",\"@graph\":[{\"@type\":\"Article\",\"@id\":\"https:\\\/\\\/cvnoticias.com\\\/nuevapagina\\\/index.php\\\/2026\\\/04\\\/29\\\/destaca-diputada-tania-caballero-navarro-coordinacion-entre-gobierno-estatal-y-federacion-para-fortalecer-la-seguridad\\\/#article\",\"isPartOf\":{\"@id\":\"https:\\\/\\\/cvnoticias.com\\\/nuevapagina\\\/index.php\\\/2026\\\/04\\\/29\\\/destaca-diputada-tania-caballero-navarro-coordinacion-entre-gobierno-estatal-y-federacion-para-fortalecer-la-seguridad\\\/\"},\"author\":{\"name\":\"CvNoticias\",\"@id\":\"https:\\\/\\\/cvnoticias.com\\\/nuevapagina\\\/#\\\/schema\\\/person\\\/19e35f246421a31486be7321065f7463\"},\"headline\":\"Destaca diputada Tania Caballero Navarro coordinaci\u00f3n entre gobierno estatal y federaci\u00f3n para fortalecer la seguridad\",\"datePublished\":\"2026-04-29T22:22:53+00:00\",\"dateModified\":\"2026-04-29T22:22:55+00:00\",\"mainEntityOfPage\":{\"@id\":\"https:\\\/\\\/cvnoticias.com\\\/nuevapagina\\\/index.php\\\/2026\\\/04\\\/29\\\/destaca-diputada-tania-caballero-navarro-coordinacion-entre-gobierno-estatal-y-federacion-para-fortalecer-la-seguridad\\\/\"},\"wordCount\":344,\"commentCount\":0,\"publisher\":{\"@id\":\"https:\\\/\\\/cvnoticias.com\\\/nuevapagina\\\/#organization\"},\"image\":{\"@id\":\"https:\\\/\\\/cvnoticias.com\\\/nuevapagina\\\/index.php\\\/2026\\\/04\\\/29\\\/destaca-diputada-tania-caballero-navarro-coordinacion-entre-gobierno-estatal-y-federacion-para-fortalecer-la-seguridad\\\/#primaryimage\"},\"thumbnailUrl\":\"https:\\\/\\\/cvnoticias.com\\\/nuevapagina\\\/wp-content\\\/uploads\\\/2026\\\/04\\\/WhatsApp-Image-2026-04-29-at-2.18.47-PM-1.jpeg\",\"articleSection\":[\"Comunicados\"],\"inLanguage\":\"es\",\"potentialAction\":[{\"@type\":\"CommentAction\",\"name\":\"Comment\",\"target\":[\"https:\\\/\\\/cvnoticias.com\\\/nuevapagina\\\/index.php\\\/2026\\\/04\\\/29\\\/destaca-diputada-tania-caballero-navarro-coordinacion-entre-gobierno-estatal-y-federacion-para-fortalecer-la-seguridad\\\/#respond\"]}]},{\"@type\":\"WebPage\",\"@id\":\"https:\\\/\\\/cvnoticias.com\\\/nuevapagina\\\/index.php\\\/2026\\\/04\\\/29\\\/destaca-diputada-tania-caballero-navarro-coordinacion-entre-gobierno-estatal-y-federacion-para-fortalecer-la-seguridad\\\/\",\"url\":\"https:\\\/\\\/cvnoticias.com\\\/nuevapagina\\\/index.php\\\/2026\\\/04\\\/29\\\/destaca-diputada-tania-caballero-navarro-coordinacion-entre-gobierno-estatal-y-federacion-para-fortalecer-la-seguridad\\\/\",\"name\":\"Destaca diputada Tania Caballero Navarro coordinaci\u00f3n entre gobierno estatal y federaci\u00f3n para fortalecer la seguridad - CV Noticias\",\"isPartOf\":{\"@id\":\"https:\\\/\\\/cvnoticias.com\\\/nuevapagina\\\/#website\"},\"primaryImageOfPage\":{\"@id\":\"https:\\\/\\\/cvnoticias.com\\\/nuevapagina\\\/index.php\\\/2026\\\/04\\\/29\\\/destaca-diputada-tania-caballero-navarro-coordinacion-entre-gobierno-estatal-y-federacion-para-fortalecer-la-seguridad\\\/#primaryimage\"},\"image\":{\"@id\":\"https:\\\/\\\/cvnoticias.com\\\/nuevapagina\\\/index.php\\\/2026\\\/04\\\/29\\\/destaca-diputada-tania-caballero-navarro-coordinacion-entre-gobierno-estatal-y-federacion-para-fortalecer-la-seguridad\\\/#primaryimage\"},\"thumbnailUrl\":\"https:\\\/\\\/cvnoticias.com\\\/nuevapagina\\\/wp-content\\\/uploads\\\/2026\\\/04\\\/WhatsApp-Image-2026-04-29-at-2.18.47-PM-1.jpeg\",\"datePublished\":\"2026-04-29T22:22:53+00:00\",\"dateModified\":\"2026-04-29T22:22:55+00:00\",\"breadcrumb\":{\"@id\":\"https:\\\/\\\/cvnoticias.com\\\/nuevapagina\\\/index.php\\\/2026\\\/04\\\/29\\\/destaca-diputada-tania-caballero-navarro-coordinacion-entre-gobierno-estatal-y-federacion-para-fortalecer-la-seguridad\\\/#breadcrumb\"},\"inLanguage\":\"es\",\"potentialAction\":[{\"@type\":\"ReadAction\",\"target\":[\"https:\\\/\\\/cvnoticias.com\\\/nuevapagina\\\/index.php\\\/2026\\\/04\\\/29\\\/destaca-diputada-tania-caballero-navarro-coordinacion-entre-gobierno-estatal-y-federacion-para-fortalecer-la-seguridad\\\/\"]}]},{\"@type\":\"ImageObject\",\"inLanguage\":\"es\",\"@id\":\"https:\\\/\\\/cvnoticias.com\\\/nuevapagina\\\/index.php\\\/2026\\\/04\\\/29\\\/destaca-diputada-tania-caballero-navarro-coordinacion-entre-gobierno-estatal-y-federacion-para-fortalecer-la-seguridad\\\/#primaryimage\",\"url\":\"https:\\\/\\\/cvnoticias.com\\\/nuevapagina\\\/wp-content\\\/uploads\\\/2026\\\/04\\\/WhatsApp-Image-2026-04-29-at-2.18.47-PM-1.jpeg\",\"contentUrl\":\"https:\\\/\\\/cvnoticias.com\\\/nuevapagina\\\/wp-content\\\/uploads\\\/2026\\\/04\\\/WhatsApp-Image-2026-04-29-at-2.18.47-PM-1.jpeg\",\"width\":1280,\"height\":853},{\"@type\":\"BreadcrumbList\",\"@id\":\"https:\\\/\\\/cvnoticias.com\\\/nuevapagina\\\/index.php\\\/2026\\\/04\\\/29\\\/destaca-diputada-tania-caballero-navarro-coordinacion-entre-gobierno-estatal-y-federacion-para-fortalecer-la-seguridad\\\/#breadcrumb\",\"itemListElement\":[{\"@type\":\"ListItem\",\"position\":1,\"name\":\"Portada\",\"item\":\"https:\\\/\\\/cvnoticias.com\\\/nuevapagina\\\/\"},{\"@type\":\"ListItem\",\"position\":2,\"name\":\"Destaca diputada Tania Caballero Navarro coordinaci\u00f3n entre gobierno estatal y federaci\u00f3n para fortalecer la seguridad\"}]},{\"@type\":\"WebSite\",\"@id\":\"https:\\\/\\\/cvnoticias.com\\\/nuevapagina\\\/#website\",\"url\":\"https:\\\/\\\/cvnoticias.com\\\/nuevapagina\\\/\",\"name\":\"CV Noticias\",\"description\":\"Noticias de Oaxaca\",\"publisher\":{\"@id\":\"https:\\\/\\\/cvnoticias.com\\\/nuevapagina\\\/#organization\"},\"potentialAction\":[{\"@type\":\"SearchAction\",\"target\":{\"@type\":\"EntryPoint\",\"urlTemplate\":\"https:\\\/\\\/cvnoticias.com\\\/nuevapagina\\\/?s={search_term_string}\"},\"query-input\":{\"@type\":\"PropertyValueSpecification\",\"valueRequired\":true,\"valueName\":\"search_term_string\"}}],\"inLanguage\":\"es\"},{\"@type\":\"Organization\",\"@id\":\"https:\\\/\\\/cvnoticias.com\\\/nuevapagina\\\/#organization\",\"name\":\"CV Noticias\",\"url\":\"https:\\\/\\\/cvnoticias.com\\\/nuevapagina\\\/\",\"logo\":{\"@type\":\"ImageObject\",\"inLanguage\":\"es\",\"@id\":\"https:\\\/\\\/cvnoticias.com\\\/nuevapagina\\\/#\\\/schema\\\/logo\\\/image\\\/\",\"url\":\"https:\\\/\\\/cvnoticias.com\\\/nuevapagina\\\/wp-content\\\/uploads\\\/2025\\\/05\\\/cropped-logo-1.png\",\"contentUrl\":\"https:\\\/\\\/cvnoticias.com\\\/nuevapagina\\\/wp-content\\\/uploads\\\/2025\\\/05\\\/cropped-logo-1.png\",\"width\":320,\"height\":118,\"caption\":\"CV Noticias\"},\"image\":{\"@id\":\"https:\\\/\\\/cvnoticias.com\\\/nuevapagina\\\/#\\\/schema\\\/logo\\\/image\\\/\"}},{\"@type\":\"Person\",\"@id\":\"https:\\\/\\\/cvnoticias.com\\\/nuevapagina\\\/#\\\/schema\\\/person\\\/19e35f246421a31486be7321065f7463\",\"name\":\"CvNoticias\",\"image\":{\"@type\":\"ImageObject\",\"inLanguage\":\"es\",\"@id\":\"https:\\\/\\\/secure.gravatar.com\\\/avatar\\\/c3a4375d38fd8f9b34ac9e853cb706a079817c78f9a39e33b16a2b2b2e51688a?s=96&d=mm&r=g\",\"url\":\"https:\\\/\\\/secure.gravatar.com\\\/avatar\\\/c3a4375d38fd8f9b34ac9e853cb706a079817c78f9a39e33b16a2b2b2e51688a?s=96&d=mm&r=g\",\"contentUrl\":\"https:\\\/\\\/secure.gravatar.com\\\/avatar\\\/c3a4375d38fd8f9b34ac9e853cb706a079817c78f9a39e33b16a2b2b2e51688a?s=96&d=mm&r=g\",\"caption\":\"CvNoticias\"},\"url\":\"https:\\\/\\\/cvnoticias.com\\\/nuevapagina\\\/index.php\\\/author\\\/gesner\\\/\"}]}<\/script>\n<!-- \/ Yoast SEO plugin. -->","yoast_head_json":{"title":"Destaca diputada Tania Caballero Navarro coordinaci\u00f3n entre gobierno estatal y federaci\u00f3n para fortalecer la seguridad - CV Noticias","robots":{"index":"index","follow":"follow","max-snippet":"max-snippet:-1","max-image-preview":"max-image-preview:large","max-video-preview":"max-video-preview:-1"},"canonical":"https:\/\/cvnoticias.com\/nuevapagina\/index.php\/2026\/04\/29\/destaca-diputada-tania-caballero-navarro-coordinacion-entre-gobierno-estatal-y-federacion-para-fortalecer-la-seguridad\/","og_locale":"es_ES","og_type":"article","og_title":"Destaca diputada Tania Caballero Navarro coordinaci\u00f3n entre gobierno estatal y federaci\u00f3n para fortalecer la seguridad - CV Noticias","og_description":"Oaxaca de Ju\u00e1rez, Oax., a 29 de abril de 2026.- La presidenta de la Junta...","og_url":"https:\/\/cvnoticias.com\/nuevapagina\/index.php\/2026\/04\/29\/destaca-diputada-tania-caballero-navarro-coordinacion-entre-gobierno-estatal-y-federacion-para-fortalecer-la-seguridad\/","og_site_name":"CV Noticias","article_published_time":"2026-04-29T22:22:53+00:00","article_modified_time":"2026-04-29T22:22:55+00:00","og_image":[{"width":1280,"height":853,"url":"https:\/\/cvnoticias.com\/nuevapagina\/wp-content\/uploads\/2026\/04\/WhatsApp-Image-2026-04-29-at-2.18.47-PM-1.jpeg","type":"image\/jpeg"}],"author":"CvNoticias","twitter_card":"summary_large_image","twitter_misc":{"Escrito por":"CvNoticias","Tiempo de lectura":"2 minutos"},"schema":{"@context":"https:\/\/schema.org","@graph":[{"@type":"Article","@id":"https:\/\/cvnoticias.com\/nuevapagina\/index.php\/2026\/04\/29\/destaca-diputada-tania-caballero-navarro-coordinacion-entre-gobierno-estatal-y-federacion-para-fortalecer-la-seguridad\/#article","isPartOf":{"@id":"https:\/\/cvnoticias.com\/nuevapagina\/index.php\/2026\/04\/29\/destaca-diputada-tania-caballero-navarro-coordinacion-entre-gobierno-estatal-y-federacion-para-fortalecer-la-seguridad\/"},"author":{"name":"CvNoticias","@id":"https:\/\/cvnoticias.com\/nuevapagina\/#\/schema\/person\/19e35f246421a31486be7321065f7463"},"headline":"Destaca diputada Tania Caballero Navarro coordinaci\u00f3n entre gobierno estatal y federaci\u00f3n para fortalecer la seguridad","datePublished":"2026-04-29T22:22:53+00:00","dateModified":"2026-04-29T22:22:55+00:00","mainEntityOfPage":{"@id":"https:\/\/cvnoticias.com\/nuevapagina\/index.php\/2026\/04\/29\/destaca-diputada-tania-caballero-navarro-coordinacion-entre-gobierno-estatal-y-federacion-para-fortalecer-la-seguridad\/"},"wordCount":344,"commentCount":0,"publisher":{"@id":"https:\/\/cvnoticias.com\/nuevapagina\/#organization"},"image":{"@id":"https:\/\/cvnoticias.com\/nuevapagina\/index.php\/2026\/04\/29\/destaca-diputada-tania-caballero-navarro-coordinacion-entre-gobierno-estatal-y-federacion-para-fortalecer-la-seguridad\/#primaryimage"},"thumbnailUrl":"https:\/\/cvnoticias.com\/nuevapagina\/wp-content\/uploads\/2026\/04\/WhatsApp-Image-2026-04-29-at-2.18.47-PM-1.jpeg","articleSection":["Comunicados"],"inLanguage":"es","potentialAction":[{"@type":"CommentAction","name":"Comment","target":["https:\/\/cvnoticias.com\/nuevapagina\/index.php\/2026\/04\/29\/destaca-diputada-tania-caballero-navarro-coordinacion-entre-gobierno-estatal-y-federacion-para-fortalecer-la-seguridad\/#respond"]}]},{"@type":"WebPage","@id":"https:\/\/cvnoticias.com\/nuevapagina\/index.php\/2026\/04\/29\/destaca-diputada-tania-caballero-navarro-coordinacion-entre-gobierno-estatal-y-federacion-para-fortalecer-la-seguridad\/","url":"https:\/\/cvnoticias.com\/nuevapagina\/index.php\/2026\/04\/29\/destaca-diputada-tania-caballero-navarro-coordinacion-entre-gobierno-estatal-y-federacion-para-fortalecer-la-seguridad\/","name":"Destaca diputada Tania Caballero Navarro coordinaci\u00f3n entre gobierno estatal y federaci\u00f3n para fortalecer la seguridad - CV Noticias","isPartOf":{"@id":"https:\/\/cvnoticias.com\/nuevapagina\/#website"},"primaryImageOfPage":{"@id":"https:\/\/cvnoticias.com\/nuevapagina\/index.php\/2026\/04\/29\/destaca-diputada-tania-caballero-navarro-coordinacion-entre-gobierno-estatal-y-federacion-para-fortalecer-la-seguridad\/#primaryimage"},"image":{"@id":"https:\/\/cvnoticias.com\/nuevapagina\/index.php\/2026\/04\/29\/destaca-diputada-tania-caballero-navarro-coordinacion-entre-gobierno-estatal-y-federacion-para-fortalecer-la-seguridad\/#primaryimage"},"thumbnailUrl":"https:\/\/cvnoticias.com\/nuevapagina\/wp-content\/uploads\/2026\/04\/WhatsApp-Image-2026-04-29-at-2.18.47-PM-1.jpeg","datePublished":"2026-04-29T22:22:53+00:00","dateModified":"2026-04-29T22:22:55+00:00","breadcrumb":{"@id":"https:\/\/cvnoticias.com\/nuevapagina\/index.php\/2026\/04\/29\/destaca-diputada-tania-caballero-navarro-coordinacion-entre-gobierno-estatal-y-federacion-para-fortalecer-la-seguridad\/#breadcrumb"},"inLanguage":"es","potentialAction":[{"@type":"ReadAction","target":["https:\/\/cvnoticias.com\/nuevapagina\/index.php\/2026\/04\/29\/destaca-diputada-tania-caballero-navarro-coordinacion-entre-gobierno-estatal-y-federacion-para-fortalecer-la-seguridad\/"]}]},{"@type":"ImageObject","inLanguage":"es","@id":"https:\/\/cvnoticias.com\/nuevapagina\/index.php\/2026\/04\/29\/destaca-diputada-tania-caballero-navarro-coordinacion-entre-gobierno-estatal-y-federacion-para-fortalecer-la-seguridad\/#primaryimage","url":"https:\/\/cvnoticias.com\/nuevapagina\/wp-content\/uploads\/2026\/04\/WhatsApp-Image-2026-04-29-at-2.18.47-PM-1.jpeg","contentUrl":"https:\/\/cvnoticias.com\/nuevapagina\/wp-content\/uploads\/2026\/04\/WhatsApp-Image-2026-04-29-at-2.18.47-PM-1.jpeg","width":1280,"height":853},{"@type":"BreadcrumbList","@id":"https:\/\/cvnoticias.com\/nuevapagina\/index.php\/2026\/04\/29\/destaca-diputada-tania-caballero-navarro-coordinacion-entre-gobierno-estatal-y-federacion-para-fortalecer-la-seguridad\/#breadcrumb","itemListElement":[{"@type":"ListItem","position":1,"name":"Portada","item":"https:\/\/cvnoticias.com\/nuevapagina\/"},{"@type":"ListItem","position":2,"name":"Destaca diputada Tania Caballero Navarro coordinaci\u00f3n entre gobierno estatal y federaci\u00f3n para fortalecer la seguridad"}]},{"@type":"WebSite","@id":"https:\/\/cvnoticias.com\/nuevapagina\/#website","url":"https:\/\/cvnoticias.com\/nuevapagina\/","name":"CV Noticias","description":"Noticias de Oaxaca","publisher":{"@id":"https:\/\/cvnoticias.com\/nuevapagina\/#organization"},"potentialAction":[{"@type":"SearchAction","target":{"@type":"EntryPoint","urlTemplate":"https:\/\/cvnoticias.com\/nuevapagina\/?s={search_term_string}"},"query-input":{"@type":"PropertyValueSpecification","valueRequired":true,"valueName":"search_term_string"}}],"inLanguage":"es"},{"@type":"Organization","@id":"https:\/\/cvnoticias.com\/nuevapagina\/#organization","name":"CV Noticias","url":"https:\/\/cvnoticias.com\/nuevapagina\/","logo":{"@type":"ImageObject","inLanguage":"es","@id":"https:\/\/cvnoticias.com\/nuevapagina\/#\/schema\/logo\/image\/","url":"https:\/\/cvnoticias.com\/nuevapagina\/wp-content\/uploads\/2025\/05\/cropped-logo-1.png","contentUrl":"https:\/\/cvnoticias.com\/nuevapagina\/wp-content\/uploads\/2025\/05\/cropped-logo-1.png","width":320,"height":118,"caption":"CV Noticias"},"image":{"@id":"https:\/\/cvnoticias.com\/nuevapagina\/#\/schema\/logo\/image\/"}},{"@type":"Person","@id":"https:\/\/cvnoticias.com\/nuevapagina\/#\/schema\/person\/19e35f246421a31486be7321065f7463","name":"CvNoticias","image":{"@type":"ImageObject","inLanguage":"es","@id":"https:\/\/secure.gravatar.com\/avatar\/c3a4375d38fd8f9b34ac9e853cb706a079817c78f9a39e33b16a2b2b2e51688a?s=96&d=mm&r=g","url":"https:\/\/secure.gravatar.com\/avatar\/c3a4375d38fd8f9b34ac9e853cb706a079817c78f9a39e33b16a2b2b2e51688a?s=96&d=mm&r=g","contentUrl":"https:\/\/secure.gravatar.com\/avatar\/c3a4375d38fd8f9b34ac9e853cb706a079817c78f9a39e33b16a2b2b2e51688a?s=96&d=mm&r=g","caption":"CvNoticias"},"url":"https:\/\/cvnoticias.com\/nuevapagina\/index.php\/author\/gesner\/"}]}},"_links":{"self":[{"href":"https:\/\/cvnoticias.com\/nuevapagina\/index.php\/wp-json\/wp\/v2\/posts\/7601","targetHints":{"allow":["GET"]}}],"collection":[{"href":"https:\/\/cvnoticias.com\/nuevapagina\/index.php\/wp-json\/wp\/v2\/posts"}],"about":[{"href":"https:\/\/cvnoticias.com\/nuevapagina\/index.php\/wp-json\/wp\/v2\/types\/post"}],"author":[{"embeddable":true,"href":"https:\/\/cvnoticias.com\/nuevapagina\/index.php\/wp-json\/wp\/v2\/users\/2"}],"replies":[{"embeddable":true,"href":"https:\/\/cvnoticias.com\/nuevapagina\/index.php\/wp-json\/wp\/v2\/comments?post=7601"}],"version-history":[{"count":1,"href":"https:\/\/cvnoticias.com\/nuevapagina\/index.php\/wp-json\/wp\/v2\/posts\/7601\/revisions"}],"predecessor-version":[{"id":7602,"href":"https:\/\/cvnoticias.com\/nuevapagina\/index.php\/wp-json\/wp\/v2\/posts\/7601\/revisions\/7602"}],"wp:featuredmedia":[{"embeddable":true,"href":"https:\/\/cvnoticias.com\/nuevapagina\/index.php\/wp-json\/wp\/v2\/media\/7598"}],"wp:attachment":[{"href":"https:\/\/cvnoticias.com\/nuevapagina\/index.php\/wp-json\/wp\/v2\/media?parent=7601"}],"wp:term":[{"taxonomy":"category","embeddable":true,"href":"https:\/\/cvnoticias.com\/nuevapagina\/index.php\/wp-json\/wp\/v2\/categories?post=7601"},{"taxonomy":"post_tag","embeddable":true,"href":"https:\/\/cvnoticias.com\/nuevapagina\/index.php\/wp-json\/wp\/v2\/tags?post=7601"}],"curies":[{"name":"wp","href":"https:\/\/api.w.org\/{rel}","templated":true}]}}