{"id":7593,"date":"2026-04-29T22:21:27","date_gmt":"2026-04-29T22:21:27","guid":{"rendered":"https:\/\/cvnoticias.com\/nuevapagina\/?p=7593"},"modified":"2026-04-29T22:21:29","modified_gmt":"2026-04-29T22:21:29","slug":"impulsa-el-poder-legislativo-bienestar-integral-del-personal-con-jornada-de-autocuidado-de-la-salud","status":"publish","type":"post","link":"https:\/\/cvnoticias.com\/nuevapagina\/index.php\/2026\/04\/29\/impulsa-el-poder-legislativo-bienestar-integral-del-personal-con-jornada-de-autocuidado-de-la-salud\/","title":{"rendered":"Impulsa el Poder Legislativo bienestar integral del personal con Jornada de \u201cAutocuidado de la Salud\u201d"},"content":{"rendered":"\n<ul class=\"wp-block-list\">\n<li>En el marco del D\u00eda Mundial de la Seguridad y Salud en el Trabajo, se brindaron herramientas para prevenir enfermedades y mejorar el rendimiento laboral<\/li>\n<\/ul>\n\n\n\n<p>San Raymundo Jalpan, Oax., a 28 de abril de 2026.- Con el objetivo de promover acciones de prevenci\u00f3n de enfermedades y contribuir al bienestar f\u00edsico y mental del personal que labora en el Poder Legislativo, se llev\u00f3 a cabo la Jornada de \u00abAutocuidado de la Salud\u00bb en colaboraci\u00f3n con la Jurisdicci\u00f3n Sanitaria No.1 de los Valles Centrales de los Servicios de Salud de Oaxaca (SSO), en el marco del D\u00eda Mundial de la Seguridad y Salud en el Trabajo.<\/p>\n\n\n\n<p>La jornada cont\u00f3 con un ciclo de cuatro ponencias estrat\u00e9gicas dise\u00f1adas para abordar los retos de salud m\u00e1s comunes en el entorno laboral y personal. Estas fueron \u00abResiliencia y Prop\u00f3sito en Tiempos de Cambio\u00bb, a cargo de la enfermera Magaly S\u00e1nchez Jim\u00e9nez; y \u00abPrevenci\u00f3n de Diabetes Tipo 2\u00bb, impartida por el doctor Jos\u00e9 del Carmen G\u00f3mez Salinas.<\/p>\n\n\n\n<p>Asimismo, se realiz\u00f3 la pl\u00e1tica \u00abAlimentaci\u00f3n Saludable\u00bb, por la nutri\u00f3loga Abigail Robledo del Billar; y \u00abPosici\u00f3n Ergon\u00f3mica Adecuada en la Oficina\u00bb, presentada por la fisioterapeuta Mar\u00eda Fernanda Hern\u00e1ndez Gonz\u00e1lez.<\/p>\n\n\n\n<p>Durante sus intervenciones, las y el especialista coincidieron en que el bienestar integral depende de acciones como llevar una alimentaci\u00f3n saludable, realizar actividad f\u00edsica, mantener un peso adecuado, una correcta hidrataci\u00f3n, evitar el consumo de alcohol y tabaco, dormir bien y manejar el estr\u00e9s.<\/p>\n\n\n\n<p>Adem\u00e1s, subrayaron que la alimentaci\u00f3n es esencial para la vida y la supervivencia humana, ya que no solo brinda energ\u00eda, sino que tambi\u00e9n nutre las c\u00e9lulas del cuerpo, permitiendo crecer, mantenerse saludable y vivir plenamente.<\/p>\n\n\n\n<p>Destacaron que los h\u00e1bitos saludables dentro de la oficina son fundamentales para preservar el bienestar f\u00edsico y mental durante la jornada laboral. Incorporar pausas activas, mantener una postura correcta y procurar una alimentaci\u00f3n equilibrada no solo previene enfermedades, sino que tambi\u00e9n mejora la energ\u00eda, la concentraci\u00f3n y el rendimiento diario.<\/p>\n\n\n\n<p>El evento cont\u00f3 con la participaci\u00f3n de directores, jefes de \u00e1rea y personal que labora en el Congreso local, quienes reafirmaron la importancia de aplicar estos conocimientos para transformar su entorno laboral en un espacio m\u00e1s seguro y saludable.<\/p>\n","protected":false},"excerpt":{"rendered":"<p>San Raymundo Jalpan, Oax., a 28 de abril de 2026.- Con el objetivo de promover&#8230;<\/p>\n","protected":false},"author":2,"featured_media":7599,"comment_status":"open","ping_status":"closed","sticky":false,"template":"","format":"standard","meta":{"footnotes":""},"categories":[3],"tags":[],"class_list":["post-7593","post","type-post","status-publish","format-standard","has-post-thumbnail","hentry","category-comunicadosdeprensa"],"yoast_head":"<!-- This site is optimized with the Yoast SEO plugin v27.5 - https:\/\/yoast.com\/product\/yoast-seo-wordpress\/ -->\n<title>Impulsa el Poder Legislativo bienestar integral del personal con Jornada de \u201cAutocuidado de la Salud\u201d - CV Noticias<\/title>\n<meta name=\"robots\" content=\"index, follow, max-snippet:-1, max-image-preview:large, max-video-preview:-1\" \/>\n<link rel=\"canonical\" href=\"https:\/\/cvnoticias.com\/nuevapagina\/index.php\/2026\/04\/29\/impulsa-el-poder-legislativo-bienestar-integral-del-personal-con-jornada-de-autocuidado-de-la-salud\/\" \/>\n<meta property=\"og:locale\" content=\"es_ES\" \/>\n<meta property=\"og:type\" content=\"article\" \/>\n<meta property=\"og:title\" content=\"Impulsa el Poder Legislativo bienestar integral del personal con Jornada de \u201cAutocuidado de la Salud\u201d - CV Noticias\" \/>\n<meta property=\"og:description\" content=\"San Raymundo Jalpan, Oax., a 28 de abril de 2026.- Con el objetivo de promover...\" \/>\n<meta property=\"og:url\" content=\"https:\/\/cvnoticias.com\/nuevapagina\/index.php\/2026\/04\/29\/impulsa-el-poder-legislativo-bienestar-integral-del-personal-con-jornada-de-autocuidado-de-la-salud\/\" \/>\n<meta property=\"og:site_name\" content=\"CV Noticias\" \/>\n<meta property=\"article:published_time\" content=\"2026-04-29T22:21:27+00:00\" \/>\n<meta property=\"article:modified_time\" content=\"2026-04-29T22:21:29+00:00\" \/>\n<meta property=\"og:image\" content=\"https:\/\/cvnoticias.com\/nuevapagina\/wp-content\/uploads\/2026\/04\/WhatsApp-Image-2026-04-29-at-2.18.47-PM.jpeg\" \/>\n\t<meta property=\"og:image:width\" content=\"1280\" \/>\n\t<meta property=\"og:image:height\" content=\"853\" \/>\n\t<meta property=\"og:image:type\" content=\"image\/jpeg\" \/>\n<meta name=\"author\" content=\"CvNoticias\" \/>\n<meta name=\"twitter:card\" content=\"summary_large_image\" \/>\n<meta name=\"twitter:label1\" content=\"Escrito por\" \/>\n\t<meta name=\"twitter:data1\" content=\"CvNoticias\" \/>\n\t<meta name=\"twitter:label2\" content=\"Tiempo de lectura\" \/>\n\t<meta name=\"twitter:data2\" content=\"2 minutos\" \/>\n<script type=\"application\/ld+json\" class=\"yoast-schema-graph\">{\"@context\":\"https:\\\/\\\/schema.org\",\"@graph\":[{\"@type\":\"Article\",\"@id\":\"https:\\\/\\\/cvnoticias.com\\\/nuevapagina\\\/index.php\\\/2026\\\/04\\\/29\\\/impulsa-el-poder-legislativo-bienestar-integral-del-personal-con-jornada-de-autocuidado-de-la-salud\\\/#article\",\"isPartOf\":{\"@id\":\"https:\\\/\\\/cvnoticias.com\\\/nuevapagina\\\/index.php\\\/2026\\\/04\\\/29\\\/impulsa-el-poder-legislativo-bienestar-integral-del-personal-con-jornada-de-autocuidado-de-la-salud\\\/\"},\"author\":{\"name\":\"CvNoticias\",\"@id\":\"https:\\\/\\\/cvnoticias.com\\\/nuevapagina\\\/#\\\/schema\\\/person\\\/19e35f246421a31486be7321065f7463\"},\"headline\":\"Impulsa el Poder Legislativo bienestar integral del personal con Jornada de \u201cAutocuidado de la Salud\u201d\",\"datePublished\":\"2026-04-29T22:21:27+00:00\",\"dateModified\":\"2026-04-29T22:21:29+00:00\",\"mainEntityOfPage\":{\"@id\":\"https:\\\/\\\/cvnoticias.com\\\/nuevapagina\\\/index.php\\\/2026\\\/04\\\/29\\\/impulsa-el-poder-legislativo-bienestar-integral-del-personal-con-jornada-de-autocuidado-de-la-salud\\\/\"},\"wordCount\":410,\"commentCount\":0,\"publisher\":{\"@id\":\"https:\\\/\\\/cvnoticias.com\\\/nuevapagina\\\/#organization\"},\"image\":{\"@id\":\"https:\\\/\\\/cvnoticias.com\\\/nuevapagina\\\/index.php\\\/2026\\\/04\\\/29\\\/impulsa-el-poder-legislativo-bienestar-integral-del-personal-con-jornada-de-autocuidado-de-la-salud\\\/#primaryimage\"},\"thumbnailUrl\":\"https:\\\/\\\/cvnoticias.com\\\/nuevapagina\\\/wp-content\\\/uploads\\\/2026\\\/04\\\/WhatsApp-Image-2026-04-29-at-2.18.47-PM.jpeg\",\"articleSection\":[\"Comunicados\"],\"inLanguage\":\"es\",\"potentialAction\":[{\"@type\":\"CommentAction\",\"name\":\"Comment\",\"target\":[\"https:\\\/\\\/cvnoticias.com\\\/nuevapagina\\\/index.php\\\/2026\\\/04\\\/29\\\/impulsa-el-poder-legislativo-bienestar-integral-del-personal-con-jornada-de-autocuidado-de-la-salud\\\/#respond\"]}]},{\"@type\":\"WebPage\",\"@id\":\"https:\\\/\\\/cvnoticias.com\\\/nuevapagina\\\/index.php\\\/2026\\\/04\\\/29\\\/impulsa-el-poder-legislativo-bienestar-integral-del-personal-con-jornada-de-autocuidado-de-la-salud\\\/\",\"url\":\"https:\\\/\\\/cvnoticias.com\\\/nuevapagina\\\/index.php\\\/2026\\\/04\\\/29\\\/impulsa-el-poder-legislativo-bienestar-integral-del-personal-con-jornada-de-autocuidado-de-la-salud\\\/\",\"name\":\"Impulsa el Poder Legislativo bienestar integral del personal con Jornada de \u201cAutocuidado de la Salud\u201d - CV Noticias\",\"isPartOf\":{\"@id\":\"https:\\\/\\\/cvnoticias.com\\\/nuevapagina\\\/#website\"},\"primaryImageOfPage\":{\"@id\":\"https:\\\/\\\/cvnoticias.com\\\/nuevapagina\\\/index.php\\\/2026\\\/04\\\/29\\\/impulsa-el-poder-legislativo-bienestar-integral-del-personal-con-jornada-de-autocuidado-de-la-salud\\\/#primaryimage\"},\"image\":{\"@id\":\"https:\\\/\\\/cvnoticias.com\\\/nuevapagina\\\/index.php\\\/2026\\\/04\\\/29\\\/impulsa-el-poder-legislativo-bienestar-integral-del-personal-con-jornada-de-autocuidado-de-la-salud\\\/#primaryimage\"},\"thumbnailUrl\":\"https:\\\/\\\/cvnoticias.com\\\/nuevapagina\\\/wp-content\\\/uploads\\\/2026\\\/04\\\/WhatsApp-Image-2026-04-29-at-2.18.47-PM.jpeg\",\"datePublished\":\"2026-04-29T22:21:27+00:00\",\"dateModified\":\"2026-04-29T22:21:29+00:00\",\"breadcrumb\":{\"@id\":\"https:\\\/\\\/cvnoticias.com\\\/nuevapagina\\\/index.php\\\/2026\\\/04\\\/29\\\/impulsa-el-poder-legislativo-bienestar-integral-del-personal-con-jornada-de-autocuidado-de-la-salud\\\/#breadcrumb\"},\"inLanguage\":\"es\",\"potentialAction\":[{\"@type\":\"ReadAction\",\"target\":[\"https:\\\/\\\/cvnoticias.com\\\/nuevapagina\\\/index.php\\\/2026\\\/04\\\/29\\\/impulsa-el-poder-legislativo-bienestar-integral-del-personal-con-jornada-de-autocuidado-de-la-salud\\\/\"]}]},{\"@type\":\"ImageObject\",\"inLanguage\":\"es\",\"@id\":\"https:\\\/\\\/cvnoticias.com\\\/nuevapagina\\\/index.php\\\/2026\\\/04\\\/29\\\/impulsa-el-poder-legislativo-bienestar-integral-del-personal-con-jornada-de-autocuidado-de-la-salud\\\/#primaryimage\",\"url\":\"https:\\\/\\\/cvnoticias.com\\\/nuevapagina\\\/wp-content\\\/uploads\\\/2026\\\/04\\\/WhatsApp-Image-2026-04-29-at-2.18.47-PM.jpeg\",\"contentUrl\":\"https:\\\/\\\/cvnoticias.com\\\/nuevapagina\\\/wp-content\\\/uploads\\\/2026\\\/04\\\/WhatsApp-Image-2026-04-29-at-2.18.47-PM.jpeg\",\"width\":1280,\"height\":853},{\"@type\":\"BreadcrumbList\",\"@id\":\"https:\\\/\\\/cvnoticias.com\\\/nuevapagina\\\/index.php\\\/2026\\\/04\\\/29\\\/impulsa-el-poder-legislativo-bienestar-integral-del-personal-con-jornada-de-autocuidado-de-la-salud\\\/#breadcrumb\",\"itemListElement\":[{\"@type\":\"ListItem\",\"position\":1,\"name\":\"Portada\",\"item\":\"https:\\\/\\\/cvnoticias.com\\\/nuevapagina\\\/\"},{\"@type\":\"ListItem\",\"position\":2,\"name\":\"Impulsa el Poder Legislativo bienestar integral del personal con Jornada de \u201cAutocuidado de la Salud\u201d\"}]},{\"@type\":\"WebSite\",\"@id\":\"https:\\\/\\\/cvnoticias.com\\\/nuevapagina\\\/#website\",\"url\":\"https:\\\/\\\/cvnoticias.com\\\/nuevapagina\\\/\",\"name\":\"CV Noticias\",\"description\":\"Noticias de Oaxaca\",\"publisher\":{\"@id\":\"https:\\\/\\\/cvnoticias.com\\\/nuevapagina\\\/#organization\"},\"potentialAction\":[{\"@type\":\"SearchAction\",\"target\":{\"@type\":\"EntryPoint\",\"urlTemplate\":\"https:\\\/\\\/cvnoticias.com\\\/nuevapagina\\\/?s={search_term_string}\"},\"query-input\":{\"@type\":\"PropertyValueSpecification\",\"valueRequired\":true,\"valueName\":\"search_term_string\"}}],\"inLanguage\":\"es\"},{\"@type\":\"Organization\",\"@id\":\"https:\\\/\\\/cvnoticias.com\\\/nuevapagina\\\/#organization\",\"name\":\"CV Noticias\",\"url\":\"https:\\\/\\\/cvnoticias.com\\\/nuevapagina\\\/\",\"logo\":{\"@type\":\"ImageObject\",\"inLanguage\":\"es\",\"@id\":\"https:\\\/\\\/cvnoticias.com\\\/nuevapagina\\\/#\\\/schema\\\/logo\\\/image\\\/\",\"url\":\"https:\\\/\\\/cvnoticias.com\\\/nuevapagina\\\/wp-content\\\/uploads\\\/2025\\\/05\\\/cropped-logo-1.png\",\"contentUrl\":\"https:\\\/\\\/cvnoticias.com\\\/nuevapagina\\\/wp-content\\\/uploads\\\/2025\\\/05\\\/cropped-logo-1.png\",\"width\":320,\"height\":118,\"caption\":\"CV Noticias\"},\"image\":{\"@id\":\"https:\\\/\\\/cvnoticias.com\\\/nuevapagina\\\/#\\\/schema\\\/logo\\\/image\\\/\"}},{\"@type\":\"Person\",\"@id\":\"https:\\\/\\\/cvnoticias.com\\\/nuevapagina\\\/#\\\/schema\\\/person\\\/19e35f246421a31486be7321065f7463\",\"name\":\"CvNoticias\",\"image\":{\"@type\":\"ImageObject\",\"inLanguage\":\"es\",\"@id\":\"https:\\\/\\\/secure.gravatar.com\\\/avatar\\\/c3a4375d38fd8f9b34ac9e853cb706a079817c78f9a39e33b16a2b2b2e51688a?s=96&d=mm&r=g\",\"url\":\"https:\\\/\\\/secure.gravatar.com\\\/avatar\\\/c3a4375d38fd8f9b34ac9e853cb706a079817c78f9a39e33b16a2b2b2e51688a?s=96&d=mm&r=g\",\"contentUrl\":\"https:\\\/\\\/secure.gravatar.com\\\/avatar\\\/c3a4375d38fd8f9b34ac9e853cb706a079817c78f9a39e33b16a2b2b2e51688a?s=96&d=mm&r=g\",\"caption\":\"CvNoticias\"},\"url\":\"https:\\\/\\\/cvnoticias.com\\\/nuevapagina\\\/index.php\\\/author\\\/gesner\\\/\"}]}<\/script>\n<!-- \/ Yoast SEO plugin. -->","yoast_head_json":{"title":"Impulsa el Poder Legislativo bienestar integral del personal con Jornada de \u201cAutocuidado de la Salud\u201d - CV Noticias","robots":{"index":"index","follow":"follow","max-snippet":"max-snippet:-1","max-image-preview":"max-image-preview:large","max-video-preview":"max-video-preview:-1"},"canonical":"https:\/\/cvnoticias.com\/nuevapagina\/index.php\/2026\/04\/29\/impulsa-el-poder-legislativo-bienestar-integral-del-personal-con-jornada-de-autocuidado-de-la-salud\/","og_locale":"es_ES","og_type":"article","og_title":"Impulsa el Poder Legislativo bienestar integral del personal con Jornada de \u201cAutocuidado de la Salud\u201d - CV Noticias","og_description":"San Raymundo Jalpan, Oax., a 28 de abril de 2026.- Con el objetivo de promover...","og_url":"https:\/\/cvnoticias.com\/nuevapagina\/index.php\/2026\/04\/29\/impulsa-el-poder-legislativo-bienestar-integral-del-personal-con-jornada-de-autocuidado-de-la-salud\/","og_site_name":"CV Noticias","article_published_time":"2026-04-29T22:21:27+00:00","article_modified_time":"2026-04-29T22:21:29+00:00","og_image":[{"width":1280,"height":853,"url":"https:\/\/cvnoticias.com\/nuevapagina\/wp-content\/uploads\/2026\/04\/WhatsApp-Image-2026-04-29-at-2.18.47-PM.jpeg","type":"image\/jpeg"}],"author":"CvNoticias","twitter_card":"summary_large_image","twitter_misc":{"Escrito por":"CvNoticias","Tiempo de lectura":"2 minutos"},"schema":{"@context":"https:\/\/schema.org","@graph":[{"@type":"Article","@id":"https:\/\/cvnoticias.com\/nuevapagina\/index.php\/2026\/04\/29\/impulsa-el-poder-legislativo-bienestar-integral-del-personal-con-jornada-de-autocuidado-de-la-salud\/#article","isPartOf":{"@id":"https:\/\/cvnoticias.com\/nuevapagina\/index.php\/2026\/04\/29\/impulsa-el-poder-legislativo-bienestar-integral-del-personal-con-jornada-de-autocuidado-de-la-salud\/"},"author":{"name":"CvNoticias","@id":"https:\/\/cvnoticias.com\/nuevapagina\/#\/schema\/person\/19e35f246421a31486be7321065f7463"},"headline":"Impulsa el Poder Legislativo bienestar integral del personal con Jornada de \u201cAutocuidado de la Salud\u201d","datePublished":"2026-04-29T22:21:27+00:00","dateModified":"2026-04-29T22:21:29+00:00","mainEntityOfPage":{"@id":"https:\/\/cvnoticias.com\/nuevapagina\/index.php\/2026\/04\/29\/impulsa-el-poder-legislativo-bienestar-integral-del-personal-con-jornada-de-autocuidado-de-la-salud\/"},"wordCount":410,"commentCount":0,"publisher":{"@id":"https:\/\/cvnoticias.com\/nuevapagina\/#organization"},"image":{"@id":"https:\/\/cvnoticias.com\/nuevapagina\/index.php\/2026\/04\/29\/impulsa-el-poder-legislativo-bienestar-integral-del-personal-con-jornada-de-autocuidado-de-la-salud\/#primaryimage"},"thumbnailUrl":"https:\/\/cvnoticias.com\/nuevapagina\/wp-content\/uploads\/2026\/04\/WhatsApp-Image-2026-04-29-at-2.18.47-PM.jpeg","articleSection":["Comunicados"],"inLanguage":"es","potentialAction":[{"@type":"CommentAction","name":"Comment","target":["https:\/\/cvnoticias.com\/nuevapagina\/index.php\/2026\/04\/29\/impulsa-el-poder-legislativo-bienestar-integral-del-personal-con-jornada-de-autocuidado-de-la-salud\/#respond"]}]},{"@type":"WebPage","@id":"https:\/\/cvnoticias.com\/nuevapagina\/index.php\/2026\/04\/29\/impulsa-el-poder-legislativo-bienestar-integral-del-personal-con-jornada-de-autocuidado-de-la-salud\/","url":"https:\/\/cvnoticias.com\/nuevapagina\/index.php\/2026\/04\/29\/impulsa-el-poder-legislativo-bienestar-integral-del-personal-con-jornada-de-autocuidado-de-la-salud\/","name":"Impulsa el Poder Legislativo bienestar integral del personal con Jornada de \u201cAutocuidado de la Salud\u201d - CV Noticias","isPartOf":{"@id":"https:\/\/cvnoticias.com\/nuevapagina\/#website"},"primaryImageOfPage":{"@id":"https:\/\/cvnoticias.com\/nuevapagina\/index.php\/2026\/04\/29\/impulsa-el-poder-legislativo-bienestar-integral-del-personal-con-jornada-de-autocuidado-de-la-salud\/#primaryimage"},"image":{"@id":"https:\/\/cvnoticias.com\/nuevapagina\/index.php\/2026\/04\/29\/impulsa-el-poder-legislativo-bienestar-integral-del-personal-con-jornada-de-autocuidado-de-la-salud\/#primaryimage"},"thumbnailUrl":"https:\/\/cvnoticias.com\/nuevapagina\/wp-content\/uploads\/2026\/04\/WhatsApp-Image-2026-04-29-at-2.18.47-PM.jpeg","datePublished":"2026-04-29T22:21:27+00:00","dateModified":"2026-04-29T22:21:29+00:00","breadcrumb":{"@id":"https:\/\/cvnoticias.com\/nuevapagina\/index.php\/2026\/04\/29\/impulsa-el-poder-legislativo-bienestar-integral-del-personal-con-jornada-de-autocuidado-de-la-salud\/#breadcrumb"},"inLanguage":"es","potentialAction":[{"@type":"ReadAction","target":["https:\/\/cvnoticias.com\/nuevapagina\/index.php\/2026\/04\/29\/impulsa-el-poder-legislativo-bienestar-integral-del-personal-con-jornada-de-autocuidado-de-la-salud\/"]}]},{"@type":"ImageObject","inLanguage":"es","@id":"https:\/\/cvnoticias.com\/nuevapagina\/index.php\/2026\/04\/29\/impulsa-el-poder-legislativo-bienestar-integral-del-personal-con-jornada-de-autocuidado-de-la-salud\/#primaryimage","url":"https:\/\/cvnoticias.com\/nuevapagina\/wp-content\/uploads\/2026\/04\/WhatsApp-Image-2026-04-29-at-2.18.47-PM.jpeg","contentUrl":"https:\/\/cvnoticias.com\/nuevapagina\/wp-content\/uploads\/2026\/04\/WhatsApp-Image-2026-04-29-at-2.18.47-PM.jpeg","width":1280,"height":853},{"@type":"BreadcrumbList","@id":"https:\/\/cvnoticias.com\/nuevapagina\/index.php\/2026\/04\/29\/impulsa-el-poder-legislativo-bienestar-integral-del-personal-con-jornada-de-autocuidado-de-la-salud\/#breadcrumb","itemListElement":[{"@type":"ListItem","position":1,"name":"Portada","item":"https:\/\/cvnoticias.com\/nuevapagina\/"},{"@type":"ListItem","position":2,"name":"Impulsa el Poder Legislativo bienestar integral del personal con Jornada de \u201cAutocuidado de la Salud\u201d"}]},{"@type":"WebSite","@id":"https:\/\/cvnoticias.com\/nuevapagina\/#website","url":"https:\/\/cvnoticias.com\/nuevapagina\/","name":"CV Noticias","description":"Noticias de Oaxaca","publisher":{"@id":"https:\/\/cvnoticias.com\/nuevapagina\/#organization"},"potentialAction":[{"@type":"SearchAction","target":{"@type":"EntryPoint","urlTemplate":"https:\/\/cvnoticias.com\/nuevapagina\/?s={search_term_string}"},"query-input":{"@type":"PropertyValueSpecification","valueRequired":true,"valueName":"search_term_string"}}],"inLanguage":"es"},{"@type":"Organization","@id":"https:\/\/cvnoticias.com\/nuevapagina\/#organization","name":"CV Noticias","url":"https:\/\/cvnoticias.com\/nuevapagina\/","logo":{"@type":"ImageObject","inLanguage":"es","@id":"https:\/\/cvnoticias.com\/nuevapagina\/#\/schema\/logo\/image\/","url":"https:\/\/cvnoticias.com\/nuevapagina\/wp-content\/uploads\/2025\/05\/cropped-logo-1.png","contentUrl":"https:\/\/cvnoticias.com\/nuevapagina\/wp-content\/uploads\/2025\/05\/cropped-logo-1.png","width":320,"height":118,"caption":"CV Noticias"},"image":{"@id":"https:\/\/cvnoticias.com\/nuevapagina\/#\/schema\/logo\/image\/"}},{"@type":"Person","@id":"https:\/\/cvnoticias.com\/nuevapagina\/#\/schema\/person\/19e35f246421a31486be7321065f7463","name":"CvNoticias","image":{"@type":"ImageObject","inLanguage":"es","@id":"https:\/\/secure.gravatar.com\/avatar\/c3a4375d38fd8f9b34ac9e853cb706a079817c78f9a39e33b16a2b2b2e51688a?s=96&d=mm&r=g","url":"https:\/\/secure.gravatar.com\/avatar\/c3a4375d38fd8f9b34ac9e853cb706a079817c78f9a39e33b16a2b2b2e51688a?s=96&d=mm&r=g","contentUrl":"https:\/\/secure.gravatar.com\/avatar\/c3a4375d38fd8f9b34ac9e853cb706a079817c78f9a39e33b16a2b2b2e51688a?s=96&d=mm&r=g","caption":"CvNoticias"},"url":"https:\/\/cvnoticias.com\/nuevapagina\/index.php\/author\/gesner\/"}]}},"_links":{"self":[{"href":"https:\/\/cvnoticias.com\/nuevapagina\/index.php\/wp-json\/wp\/v2\/posts\/7593","targetHints":{"allow":["GET"]}}],"collection":[{"href":"https:\/\/cvnoticias.com\/nuevapagina\/index.php\/wp-json\/wp\/v2\/posts"}],"about":[{"href":"https:\/\/cvnoticias.com\/nuevapagina\/index.php\/wp-json\/wp\/v2\/types\/post"}],"author":[{"embeddable":true,"href":"https:\/\/cvnoticias.com\/nuevapagina\/index.php\/wp-json\/wp\/v2\/users\/2"}],"replies":[{"embeddable":true,"href":"https:\/\/cvnoticias.com\/nuevapagina\/index.php\/wp-json\/wp\/v2\/comments?post=7593"}],"version-history":[{"count":1,"href":"https:\/\/cvnoticias.com\/nuevapagina\/index.php\/wp-json\/wp\/v2\/posts\/7593\/revisions"}],"predecessor-version":[{"id":7600,"href":"https:\/\/cvnoticias.com\/nuevapagina\/index.php\/wp-json\/wp\/v2\/posts\/7593\/revisions\/7600"}],"wp:featuredmedia":[{"embeddable":true,"href":"https:\/\/cvnoticias.com\/nuevapagina\/index.php\/wp-json\/wp\/v2\/media\/7599"}],"wp:attachment":[{"href":"https:\/\/cvnoticias.com\/nuevapagina\/index.php\/wp-json\/wp\/v2\/media?parent=7593"}],"wp:term":[{"taxonomy":"category","embeddable":true,"href":"https:\/\/cvnoticias.com\/nuevapagina\/index.php\/wp-json\/wp\/v2\/categories?post=7593"},{"taxonomy":"post_tag","embeddable":true,"href":"https:\/\/cvnoticias.com\/nuevapagina\/index.php\/wp-json\/wp\/v2\/tags?post=7593"}],"curies":[{"name":"wp","href":"https:\/\/api.w.org\/{rel}","templated":true}]}}