{"id":7588,"date":"2026-04-29T21:46:01","date_gmt":"2026-04-29T21:46:01","guid":{"rendered":"https:\/\/cvnoticias.com\/nuevapagina\/?p=7588"},"modified":"2026-04-29T21:50:20","modified_gmt":"2026-04-29T21:50:20","slug":"fortalece-unidad-de-defensores-de-oaxaca-de-juarez-capacidades-operativas-con-capacitacion-especializada","status":"publish","type":"post","link":"https:\/\/cvnoticias.com\/nuevapagina\/index.php\/2026\/04\/29\/fortalece-unidad-de-defensores-de-oaxaca-de-juarez-capacidades-operativas-con-capacitacion-especializada\/","title":{"rendered":"Fortalece Unidad de Defensores de Oaxaca de Ju\u00e1rez, capacidades operativas con capacitaci\u00f3n especializada"},"content":{"rendered":"\n<p>Con el objetivo de fortalecer el desempe\u00f1o en campo y garantizar la correcta aplicaci\u00f3n de los procedimientos administrativos, la Unidad de Defensores adherida a la Secretar\u00eda de Gobierno y Territorio del Municipio de Oaxaca de Ju\u00e1rez, que dirige Karen Velasco, llev\u00f3 a cabo la capacitaci\u00f3n denominada \u201cManejo de formatos y acciones de aseguramiento\u201d.<\/p>\n\n\n\n<p>En esta jornada tambi\u00e9n particip\u00f3 personal de la Regidur\u00eda de Prosperidad Compartida y Turismo, sumando esfuerzos institucionales para mejorar la atenci\u00f3n y el actuar en territorio.<\/p>\n\n\n\n<p>La capacitaci\u00f3n estuvo dirigida al personal operativo, enfoc\u00e1ndose en el adecuado llenado de los distintos formatos utilizados en las labores diarias, as\u00ed como en la orientaci\u00f3n sobre el proceder ante diversas situaciones que se presentan durante las acciones de aseguramiento.<\/p>\n\n\n\n<p>Durante la actividad, se brindaron herramientas pr\u00e1cticas que permiten estandarizar criterios de actuaci\u00f3n, mejorar la eficiencia en los procesos y reforzar el apego a la normatividad vigente, contribuyendo a un desempe\u00f1o m\u00e1s ordenado, transparente y profesional.<\/p>\n\n\n\n<p>Con estas acciones, el Gobierno Municipal de Oaxaca de Ju\u00e1rez refrenda su compromiso de capacitar de manera continua a su personal, con el fin de ofrecer un servicio de mayor calidad y fortalecer la confianza de la ciudadan\u00eda.<\/p>\n","protected":false},"excerpt":{"rendered":"<p>Con el objetivo de fortalecer el desempe\u00f1o en campo y garantizar la correcta aplicaci\u00f3n de&#8230;<\/p>\n","protected":false},"author":2,"featured_media":7591,"comment_status":"open","ping_status":"closed","sticky":false,"template":"","format":"standard","meta":{"footnotes":""},"categories":[3],"tags":[],"class_list":["post-7588","post","type-post","status-publish","format-standard","has-post-thumbnail","hentry","category-comunicadosdeprensa"],"yoast_head":"<!-- This site is optimized with the Yoast SEO plugin v27.5 - https:\/\/yoast.com\/product\/yoast-seo-wordpress\/ -->\n<title>Fortalece Unidad de Defensores de Oaxaca de Ju\u00e1rez, capacidades operativas con capacitaci\u00f3n especializada - CV Noticias<\/title>\n<meta name=\"robots\" content=\"index, follow, max-snippet:-1, max-image-preview:large, max-video-preview:-1\" \/>\n<link rel=\"canonical\" href=\"https:\/\/cvnoticias.com\/nuevapagina\/index.php\/2026\/04\/29\/fortalece-unidad-de-defensores-de-oaxaca-de-juarez-capacidades-operativas-con-capacitacion-especializada\/\" \/>\n<meta property=\"og:locale\" content=\"es_ES\" \/>\n<meta property=\"og:type\" content=\"article\" \/>\n<meta property=\"og:title\" content=\"Fortalece Unidad de Defensores de Oaxaca de Ju\u00e1rez, capacidades operativas con capacitaci\u00f3n especializada - CV Noticias\" \/>\n<meta property=\"og:description\" content=\"Con el objetivo de fortalecer el desempe\u00f1o en campo y garantizar la correcta aplicaci\u00f3n de...\" \/>\n<meta property=\"og:url\" content=\"https:\/\/cvnoticias.com\/nuevapagina\/index.php\/2026\/04\/29\/fortalece-unidad-de-defensores-de-oaxaca-de-juarez-capacidades-operativas-con-capacitacion-especializada\/\" \/>\n<meta property=\"og:site_name\" content=\"CV Noticias\" \/>\n<meta property=\"article:published_time\" content=\"2026-04-29T21:46:01+00:00\" \/>\n<meta property=\"article:modified_time\" content=\"2026-04-29T21:50:20+00:00\" \/>\n<meta property=\"og:image\" content=\"https:\/\/cvnoticias.com\/nuevapagina\/wp-content\/uploads\/2026\/04\/WhatsApp-Image-2026-04-29-at-3.48.29-PM.jpeg\" \/>\n\t<meta property=\"og:image:width\" content=\"2560\" \/>\n\t<meta property=\"og:image:height\" content=\"1440\" \/>\n\t<meta property=\"og:image:type\" content=\"image\/jpeg\" \/>\n<meta name=\"author\" content=\"CvNoticias\" \/>\n<meta name=\"twitter:card\" content=\"summary_large_image\" \/>\n<meta name=\"twitter:label1\" content=\"Escrito por\" \/>\n\t<meta name=\"twitter:data1\" content=\"CvNoticias\" \/>\n\t<meta name=\"twitter:label2\" content=\"Tiempo de lectura\" \/>\n\t<meta name=\"twitter:data2\" content=\"2 minutos\" \/>\n<script type=\"application\/ld+json\" class=\"yoast-schema-graph\">{\"@context\":\"https:\\\/\\\/schema.org\",\"@graph\":[{\"@type\":\"Article\",\"@id\":\"https:\\\/\\\/cvnoticias.com\\\/nuevapagina\\\/index.php\\\/2026\\\/04\\\/29\\\/fortalece-unidad-de-defensores-de-oaxaca-de-juarez-capacidades-operativas-con-capacitacion-especializada\\\/#article\",\"isPartOf\":{\"@id\":\"https:\\\/\\\/cvnoticias.com\\\/nuevapagina\\\/index.php\\\/2026\\\/04\\\/29\\\/fortalece-unidad-de-defensores-de-oaxaca-de-juarez-capacidades-operativas-con-capacitacion-especializada\\\/\"},\"author\":{\"name\":\"CvNoticias\",\"@id\":\"https:\\\/\\\/cvnoticias.com\\\/nuevapagina\\\/#\\\/schema\\\/person\\\/19e35f246421a31486be7321065f7463\"},\"headline\":\"Fortalece Unidad de Defensores de Oaxaca de Ju\u00e1rez, capacidades operativas con capacitaci\u00f3n especializada\",\"datePublished\":\"2026-04-29T21:46:01+00:00\",\"dateModified\":\"2026-04-29T21:50:20+00:00\",\"mainEntityOfPage\":{\"@id\":\"https:\\\/\\\/cvnoticias.com\\\/nuevapagina\\\/index.php\\\/2026\\\/04\\\/29\\\/fortalece-unidad-de-defensores-de-oaxaca-de-juarez-capacidades-operativas-con-capacitacion-especializada\\\/\"},\"wordCount\":225,\"commentCount\":0,\"publisher\":{\"@id\":\"https:\\\/\\\/cvnoticias.com\\\/nuevapagina\\\/#organization\"},\"image\":{\"@id\":\"https:\\\/\\\/cvnoticias.com\\\/nuevapagina\\\/index.php\\\/2026\\\/04\\\/29\\\/fortalece-unidad-de-defensores-de-oaxaca-de-juarez-capacidades-operativas-con-capacitacion-especializada\\\/#primaryimage\"},\"thumbnailUrl\":\"https:\\\/\\\/cvnoticias.com\\\/nuevapagina\\\/wp-content\\\/uploads\\\/2026\\\/04\\\/WhatsApp-Image-2026-04-29-at-3.48.29-PM.jpeg\",\"articleSection\":[\"Comunicados\"],\"inLanguage\":\"es\",\"potentialAction\":[{\"@type\":\"CommentAction\",\"name\":\"Comment\",\"target\":[\"https:\\\/\\\/cvnoticias.com\\\/nuevapagina\\\/index.php\\\/2026\\\/04\\\/29\\\/fortalece-unidad-de-defensores-de-oaxaca-de-juarez-capacidades-operativas-con-capacitacion-especializada\\\/#respond\"]}]},{\"@type\":\"WebPage\",\"@id\":\"https:\\\/\\\/cvnoticias.com\\\/nuevapagina\\\/index.php\\\/2026\\\/04\\\/29\\\/fortalece-unidad-de-defensores-de-oaxaca-de-juarez-capacidades-operativas-con-capacitacion-especializada\\\/\",\"url\":\"https:\\\/\\\/cvnoticias.com\\\/nuevapagina\\\/index.php\\\/2026\\\/04\\\/29\\\/fortalece-unidad-de-defensores-de-oaxaca-de-juarez-capacidades-operativas-con-capacitacion-especializada\\\/\",\"name\":\"Fortalece Unidad de Defensores de Oaxaca de Ju\u00e1rez, capacidades operativas con capacitaci\u00f3n especializada - CV Noticias\",\"isPartOf\":{\"@id\":\"https:\\\/\\\/cvnoticias.com\\\/nuevapagina\\\/#website\"},\"primaryImageOfPage\":{\"@id\":\"https:\\\/\\\/cvnoticias.com\\\/nuevapagina\\\/index.php\\\/2026\\\/04\\\/29\\\/fortalece-unidad-de-defensores-de-oaxaca-de-juarez-capacidades-operativas-con-capacitacion-especializada\\\/#primaryimage\"},\"image\":{\"@id\":\"https:\\\/\\\/cvnoticias.com\\\/nuevapagina\\\/index.php\\\/2026\\\/04\\\/29\\\/fortalece-unidad-de-defensores-de-oaxaca-de-juarez-capacidades-operativas-con-capacitacion-especializada\\\/#primaryimage\"},\"thumbnailUrl\":\"https:\\\/\\\/cvnoticias.com\\\/nuevapagina\\\/wp-content\\\/uploads\\\/2026\\\/04\\\/WhatsApp-Image-2026-04-29-at-3.48.29-PM.jpeg\",\"datePublished\":\"2026-04-29T21:46:01+00:00\",\"dateModified\":\"2026-04-29T21:50:20+00:00\",\"breadcrumb\":{\"@id\":\"https:\\\/\\\/cvnoticias.com\\\/nuevapagina\\\/index.php\\\/2026\\\/04\\\/29\\\/fortalece-unidad-de-defensores-de-oaxaca-de-juarez-capacidades-operativas-con-capacitacion-especializada\\\/#breadcrumb\"},\"inLanguage\":\"es\",\"potentialAction\":[{\"@type\":\"ReadAction\",\"target\":[\"https:\\\/\\\/cvnoticias.com\\\/nuevapagina\\\/index.php\\\/2026\\\/04\\\/29\\\/fortalece-unidad-de-defensores-de-oaxaca-de-juarez-capacidades-operativas-con-capacitacion-especializada\\\/\"]}]},{\"@type\":\"ImageObject\",\"inLanguage\":\"es\",\"@id\":\"https:\\\/\\\/cvnoticias.com\\\/nuevapagina\\\/index.php\\\/2026\\\/04\\\/29\\\/fortalece-unidad-de-defensores-de-oaxaca-de-juarez-capacidades-operativas-con-capacitacion-especializada\\\/#primaryimage\",\"url\":\"https:\\\/\\\/cvnoticias.com\\\/nuevapagina\\\/wp-content\\\/uploads\\\/2026\\\/04\\\/WhatsApp-Image-2026-04-29-at-3.48.29-PM.jpeg\",\"contentUrl\":\"https:\\\/\\\/cvnoticias.com\\\/nuevapagina\\\/wp-content\\\/uploads\\\/2026\\\/04\\\/WhatsApp-Image-2026-04-29-at-3.48.29-PM.jpeg\",\"width\":2560,\"height\":1440},{\"@type\":\"BreadcrumbList\",\"@id\":\"https:\\\/\\\/cvnoticias.com\\\/nuevapagina\\\/index.php\\\/2026\\\/04\\\/29\\\/fortalece-unidad-de-defensores-de-oaxaca-de-juarez-capacidades-operativas-con-capacitacion-especializada\\\/#breadcrumb\",\"itemListElement\":[{\"@type\":\"ListItem\",\"position\":1,\"name\":\"Portada\",\"item\":\"https:\\\/\\\/cvnoticias.com\\\/nuevapagina\\\/\"},{\"@type\":\"ListItem\",\"position\":2,\"name\":\"Fortalece Unidad de Defensores de Oaxaca de Ju\u00e1rez, capacidades operativas con capacitaci\u00f3n especializada\"}]},{\"@type\":\"WebSite\",\"@id\":\"https:\\\/\\\/cvnoticias.com\\\/nuevapagina\\\/#website\",\"url\":\"https:\\\/\\\/cvnoticias.com\\\/nuevapagina\\\/\",\"name\":\"CV Noticias\",\"description\":\"Noticias de Oaxaca\",\"publisher\":{\"@id\":\"https:\\\/\\\/cvnoticias.com\\\/nuevapagina\\\/#organization\"},\"potentialAction\":[{\"@type\":\"SearchAction\",\"target\":{\"@type\":\"EntryPoint\",\"urlTemplate\":\"https:\\\/\\\/cvnoticias.com\\\/nuevapagina\\\/?s={search_term_string}\"},\"query-input\":{\"@type\":\"PropertyValueSpecification\",\"valueRequired\":true,\"valueName\":\"search_term_string\"}}],\"inLanguage\":\"es\"},{\"@type\":\"Organization\",\"@id\":\"https:\\\/\\\/cvnoticias.com\\\/nuevapagina\\\/#organization\",\"name\":\"CV Noticias\",\"url\":\"https:\\\/\\\/cvnoticias.com\\\/nuevapagina\\\/\",\"logo\":{\"@type\":\"ImageObject\",\"inLanguage\":\"es\",\"@id\":\"https:\\\/\\\/cvnoticias.com\\\/nuevapagina\\\/#\\\/schema\\\/logo\\\/image\\\/\",\"url\":\"https:\\\/\\\/cvnoticias.com\\\/nuevapagina\\\/wp-content\\\/uploads\\\/2025\\\/05\\\/cropped-logo-1.png\",\"contentUrl\":\"https:\\\/\\\/cvnoticias.com\\\/nuevapagina\\\/wp-content\\\/uploads\\\/2025\\\/05\\\/cropped-logo-1.png\",\"width\":320,\"height\":118,\"caption\":\"CV Noticias\"},\"image\":{\"@id\":\"https:\\\/\\\/cvnoticias.com\\\/nuevapagina\\\/#\\\/schema\\\/logo\\\/image\\\/\"}},{\"@type\":\"Person\",\"@id\":\"https:\\\/\\\/cvnoticias.com\\\/nuevapagina\\\/#\\\/schema\\\/person\\\/19e35f246421a31486be7321065f7463\",\"name\":\"CvNoticias\",\"image\":{\"@type\":\"ImageObject\",\"inLanguage\":\"es\",\"@id\":\"https:\\\/\\\/secure.gravatar.com\\\/avatar\\\/c3a4375d38fd8f9b34ac9e853cb706a079817c78f9a39e33b16a2b2b2e51688a?s=96&d=mm&r=g\",\"url\":\"https:\\\/\\\/secure.gravatar.com\\\/avatar\\\/c3a4375d38fd8f9b34ac9e853cb706a079817c78f9a39e33b16a2b2b2e51688a?s=96&d=mm&r=g\",\"contentUrl\":\"https:\\\/\\\/secure.gravatar.com\\\/avatar\\\/c3a4375d38fd8f9b34ac9e853cb706a079817c78f9a39e33b16a2b2b2e51688a?s=96&d=mm&r=g\",\"caption\":\"CvNoticias\"},\"url\":\"https:\\\/\\\/cvnoticias.com\\\/nuevapagina\\\/index.php\\\/author\\\/gesner\\\/\"}]}<\/script>\n<!-- \/ Yoast SEO plugin. -->","yoast_head_json":{"title":"Fortalece Unidad de Defensores de Oaxaca de Ju\u00e1rez, capacidades operativas con capacitaci\u00f3n especializada - CV Noticias","robots":{"index":"index","follow":"follow","max-snippet":"max-snippet:-1","max-image-preview":"max-image-preview:large","max-video-preview":"max-video-preview:-1"},"canonical":"https:\/\/cvnoticias.com\/nuevapagina\/index.php\/2026\/04\/29\/fortalece-unidad-de-defensores-de-oaxaca-de-juarez-capacidades-operativas-con-capacitacion-especializada\/","og_locale":"es_ES","og_type":"article","og_title":"Fortalece Unidad de Defensores de Oaxaca de Ju\u00e1rez, capacidades operativas con capacitaci\u00f3n especializada - CV Noticias","og_description":"Con el objetivo de fortalecer el desempe\u00f1o en campo y garantizar la correcta aplicaci\u00f3n de...","og_url":"https:\/\/cvnoticias.com\/nuevapagina\/index.php\/2026\/04\/29\/fortalece-unidad-de-defensores-de-oaxaca-de-juarez-capacidades-operativas-con-capacitacion-especializada\/","og_site_name":"CV Noticias","article_published_time":"2026-04-29T21:46:01+00:00","article_modified_time":"2026-04-29T21:50:20+00:00","og_image":[{"width":2560,"height":1440,"url":"https:\/\/cvnoticias.com\/nuevapagina\/wp-content\/uploads\/2026\/04\/WhatsApp-Image-2026-04-29-at-3.48.29-PM.jpeg","type":"image\/jpeg"}],"author":"CvNoticias","twitter_card":"summary_large_image","twitter_misc":{"Escrito por":"CvNoticias","Tiempo de lectura":"2 minutos"},"schema":{"@context":"https:\/\/schema.org","@graph":[{"@type":"Article","@id":"https:\/\/cvnoticias.com\/nuevapagina\/index.php\/2026\/04\/29\/fortalece-unidad-de-defensores-de-oaxaca-de-juarez-capacidades-operativas-con-capacitacion-especializada\/#article","isPartOf":{"@id":"https:\/\/cvnoticias.com\/nuevapagina\/index.php\/2026\/04\/29\/fortalece-unidad-de-defensores-de-oaxaca-de-juarez-capacidades-operativas-con-capacitacion-especializada\/"},"author":{"name":"CvNoticias","@id":"https:\/\/cvnoticias.com\/nuevapagina\/#\/schema\/person\/19e35f246421a31486be7321065f7463"},"headline":"Fortalece Unidad de Defensores de Oaxaca de Ju\u00e1rez, capacidades operativas con capacitaci\u00f3n especializada","datePublished":"2026-04-29T21:46:01+00:00","dateModified":"2026-04-29T21:50:20+00:00","mainEntityOfPage":{"@id":"https:\/\/cvnoticias.com\/nuevapagina\/index.php\/2026\/04\/29\/fortalece-unidad-de-defensores-de-oaxaca-de-juarez-capacidades-operativas-con-capacitacion-especializada\/"},"wordCount":225,"commentCount":0,"publisher":{"@id":"https:\/\/cvnoticias.com\/nuevapagina\/#organization"},"image":{"@id":"https:\/\/cvnoticias.com\/nuevapagina\/index.php\/2026\/04\/29\/fortalece-unidad-de-defensores-de-oaxaca-de-juarez-capacidades-operativas-con-capacitacion-especializada\/#primaryimage"},"thumbnailUrl":"https:\/\/cvnoticias.com\/nuevapagina\/wp-content\/uploads\/2026\/04\/WhatsApp-Image-2026-04-29-at-3.48.29-PM.jpeg","articleSection":["Comunicados"],"inLanguage":"es","potentialAction":[{"@type":"CommentAction","name":"Comment","target":["https:\/\/cvnoticias.com\/nuevapagina\/index.php\/2026\/04\/29\/fortalece-unidad-de-defensores-de-oaxaca-de-juarez-capacidades-operativas-con-capacitacion-especializada\/#respond"]}]},{"@type":"WebPage","@id":"https:\/\/cvnoticias.com\/nuevapagina\/index.php\/2026\/04\/29\/fortalece-unidad-de-defensores-de-oaxaca-de-juarez-capacidades-operativas-con-capacitacion-especializada\/","url":"https:\/\/cvnoticias.com\/nuevapagina\/index.php\/2026\/04\/29\/fortalece-unidad-de-defensores-de-oaxaca-de-juarez-capacidades-operativas-con-capacitacion-especializada\/","name":"Fortalece Unidad de Defensores de Oaxaca de Ju\u00e1rez, capacidades operativas con capacitaci\u00f3n especializada - CV Noticias","isPartOf":{"@id":"https:\/\/cvnoticias.com\/nuevapagina\/#website"},"primaryImageOfPage":{"@id":"https:\/\/cvnoticias.com\/nuevapagina\/index.php\/2026\/04\/29\/fortalece-unidad-de-defensores-de-oaxaca-de-juarez-capacidades-operativas-con-capacitacion-especializada\/#primaryimage"},"image":{"@id":"https:\/\/cvnoticias.com\/nuevapagina\/index.php\/2026\/04\/29\/fortalece-unidad-de-defensores-de-oaxaca-de-juarez-capacidades-operativas-con-capacitacion-especializada\/#primaryimage"},"thumbnailUrl":"https:\/\/cvnoticias.com\/nuevapagina\/wp-content\/uploads\/2026\/04\/WhatsApp-Image-2026-04-29-at-3.48.29-PM.jpeg","datePublished":"2026-04-29T21:46:01+00:00","dateModified":"2026-04-29T21:50:20+00:00","breadcrumb":{"@id":"https:\/\/cvnoticias.com\/nuevapagina\/index.php\/2026\/04\/29\/fortalece-unidad-de-defensores-de-oaxaca-de-juarez-capacidades-operativas-con-capacitacion-especializada\/#breadcrumb"},"inLanguage":"es","potentialAction":[{"@type":"ReadAction","target":["https:\/\/cvnoticias.com\/nuevapagina\/index.php\/2026\/04\/29\/fortalece-unidad-de-defensores-de-oaxaca-de-juarez-capacidades-operativas-con-capacitacion-especializada\/"]}]},{"@type":"ImageObject","inLanguage":"es","@id":"https:\/\/cvnoticias.com\/nuevapagina\/index.php\/2026\/04\/29\/fortalece-unidad-de-defensores-de-oaxaca-de-juarez-capacidades-operativas-con-capacitacion-especializada\/#primaryimage","url":"https:\/\/cvnoticias.com\/nuevapagina\/wp-content\/uploads\/2026\/04\/WhatsApp-Image-2026-04-29-at-3.48.29-PM.jpeg","contentUrl":"https:\/\/cvnoticias.com\/nuevapagina\/wp-content\/uploads\/2026\/04\/WhatsApp-Image-2026-04-29-at-3.48.29-PM.jpeg","width":2560,"height":1440},{"@type":"BreadcrumbList","@id":"https:\/\/cvnoticias.com\/nuevapagina\/index.php\/2026\/04\/29\/fortalece-unidad-de-defensores-de-oaxaca-de-juarez-capacidades-operativas-con-capacitacion-especializada\/#breadcrumb","itemListElement":[{"@type":"ListItem","position":1,"name":"Portada","item":"https:\/\/cvnoticias.com\/nuevapagina\/"},{"@type":"ListItem","position":2,"name":"Fortalece Unidad de Defensores de Oaxaca de Ju\u00e1rez, capacidades operativas con capacitaci\u00f3n especializada"}]},{"@type":"WebSite","@id":"https:\/\/cvnoticias.com\/nuevapagina\/#website","url":"https:\/\/cvnoticias.com\/nuevapagina\/","name":"CV Noticias","description":"Noticias de Oaxaca","publisher":{"@id":"https:\/\/cvnoticias.com\/nuevapagina\/#organization"},"potentialAction":[{"@type":"SearchAction","target":{"@type":"EntryPoint","urlTemplate":"https:\/\/cvnoticias.com\/nuevapagina\/?s={search_term_string}"},"query-input":{"@type":"PropertyValueSpecification","valueRequired":true,"valueName":"search_term_string"}}],"inLanguage":"es"},{"@type":"Organization","@id":"https:\/\/cvnoticias.com\/nuevapagina\/#organization","name":"CV Noticias","url":"https:\/\/cvnoticias.com\/nuevapagina\/","logo":{"@type":"ImageObject","inLanguage":"es","@id":"https:\/\/cvnoticias.com\/nuevapagina\/#\/schema\/logo\/image\/","url":"https:\/\/cvnoticias.com\/nuevapagina\/wp-content\/uploads\/2025\/05\/cropped-logo-1.png","contentUrl":"https:\/\/cvnoticias.com\/nuevapagina\/wp-content\/uploads\/2025\/05\/cropped-logo-1.png","width":320,"height":118,"caption":"CV Noticias"},"image":{"@id":"https:\/\/cvnoticias.com\/nuevapagina\/#\/schema\/logo\/image\/"}},{"@type":"Person","@id":"https:\/\/cvnoticias.com\/nuevapagina\/#\/schema\/person\/19e35f246421a31486be7321065f7463","name":"CvNoticias","image":{"@type":"ImageObject","inLanguage":"es","@id":"https:\/\/secure.gravatar.com\/avatar\/c3a4375d38fd8f9b34ac9e853cb706a079817c78f9a39e33b16a2b2b2e51688a?s=96&d=mm&r=g","url":"https:\/\/secure.gravatar.com\/avatar\/c3a4375d38fd8f9b34ac9e853cb706a079817c78f9a39e33b16a2b2b2e51688a?s=96&d=mm&r=g","contentUrl":"https:\/\/secure.gravatar.com\/avatar\/c3a4375d38fd8f9b34ac9e853cb706a079817c78f9a39e33b16a2b2b2e51688a?s=96&d=mm&r=g","caption":"CvNoticias"},"url":"https:\/\/cvnoticias.com\/nuevapagina\/index.php\/author\/gesner\/"}]}},"_links":{"self":[{"href":"https:\/\/cvnoticias.com\/nuevapagina\/index.php\/wp-json\/wp\/v2\/posts\/7588","targetHints":{"allow":["GET"]}}],"collection":[{"href":"https:\/\/cvnoticias.com\/nuevapagina\/index.php\/wp-json\/wp\/v2\/posts"}],"about":[{"href":"https:\/\/cvnoticias.com\/nuevapagina\/index.php\/wp-json\/wp\/v2\/types\/post"}],"author":[{"embeddable":true,"href":"https:\/\/cvnoticias.com\/nuevapagina\/index.php\/wp-json\/wp\/v2\/users\/2"}],"replies":[{"embeddable":true,"href":"https:\/\/cvnoticias.com\/nuevapagina\/index.php\/wp-json\/wp\/v2\/comments?post=7588"}],"version-history":[{"count":1,"href":"https:\/\/cvnoticias.com\/nuevapagina\/index.php\/wp-json\/wp\/v2\/posts\/7588\/revisions"}],"predecessor-version":[{"id":7590,"href":"https:\/\/cvnoticias.com\/nuevapagina\/index.php\/wp-json\/wp\/v2\/posts\/7588\/revisions\/7590"}],"wp:featuredmedia":[{"embeddable":true,"href":"https:\/\/cvnoticias.com\/nuevapagina\/index.php\/wp-json\/wp\/v2\/media\/7591"}],"wp:attachment":[{"href":"https:\/\/cvnoticias.com\/nuevapagina\/index.php\/wp-json\/wp\/v2\/media?parent=7588"}],"wp:term":[{"taxonomy":"category","embeddable":true,"href":"https:\/\/cvnoticias.com\/nuevapagina\/index.php\/wp-json\/wp\/v2\/categories?post=7588"},{"taxonomy":"post_tag","embeddable":true,"href":"https:\/\/cvnoticias.com\/nuevapagina\/index.php\/wp-json\/wp\/v2\/tags?post=7588"}],"curies":[{"name":"wp","href":"https:\/\/api.w.org\/{rel}","templated":true}]}}