{"id":7576,"date":"2026-04-29T01:38:09","date_gmt":"2026-04-29T01:38:09","guid":{"rendered":"https:\/\/cvnoticias.com\/nuevapagina\/?p=7576"},"modified":"2026-04-29T01:38:11","modified_gmt":"2026-04-29T01:38:11","slug":"impulsara-nino-morales-que-modelo-oaxaqueno-de-atencion-al-autismo-se-replique-en-todo-el-pais","status":"publish","type":"post","link":"https:\/\/cvnoticias.com\/nuevapagina\/index.php\/2026\/04\/29\/impulsara-nino-morales-que-modelo-oaxaqueno-de-atencion-al-autismo-se-replique-en-todo-el-pais\/","title":{"rendered":"Impulsar\u00e1 Nino Morales que modelo oaxaque\u00f1o de atenci\u00f3n al autismo se replique en todo el pa\u00eds"},"content":{"rendered":"\n<p>\u2022 Fortalece la inclusi\u00f3n y el cumplimiento efectivo de derechos de quienes presentan Trastorno del Espectro Autista<br>\u2022 El Sistema DIF Oaxaca consolida una pol\u00edtica que coloca en el centro a los grupos prioritarios con inversi\u00f3n hist\u00f3rica<\/p>\n\n\n\n<p>El senador oaxaque\u00f1o Antonino Morales Toledo inform\u00f3 que presentar\u00e1 ante el Senado de la Rep\u00fablica un exhorto, para que los gobiernos de las 30 entidades federativas y la Ciudad de M\u00e9xico conozcan y adopten el modelo integral de atenci\u00f3n a las personas que padecen Trastorno del Espectro Autista (TEA) que ha implementado el DIF Oaxaca.<\/p>\n\n\n\n<p>\u00abLo que aqu\u00ed se ha construido merece replicarse en cada rinc\u00f3n del pa\u00eds. No es una ocurrencia, es convicci\u00f3n; no es un privilegio, es un derecho\u00bb, declar\u00f3 el legislador zapoteco.<\/p>\n\n\n\n<p>Los avances que respaldan esta propuesta son contundentes. Con una inversi\u00f3n superior a mil 310 millones de pesos, el DIF Oaxaca y el Sistema Nacional DIF formalizaron un convenio con 539 municipios para fortalecer los programas de atenci\u00f3n alimentaria y desarrollo comunitario. Esta acci\u00f3n garantiza el bienestar de ni\u00f1as, ni\u00f1os, personas con discapacidad, personas mayores y familias en situaci\u00f3n prioritaria.<\/p>\n\n\n\n<p>En materia de atenci\u00f3n al TEA, se ampli\u00f3 el Centro Nyela To Bidao con recursos superiores a 13.9 millones de pesos. La obra incluy\u00f3 nueve aulas nuevas y una c\u00e1mara sensorial, lo que permiti\u00f3 duplicar la capacidad de atenci\u00f3n: de 419 a m\u00e1s de 800 ni\u00f1as y ni\u00f1os. Este espacio opera como una comunidad de acompa\u00f1amiento, basada en la comprensi\u00f3n, la cercan\u00eda y el respeto. Adicionalmente, se anunci\u00f3 la creaci\u00f3n de 11 nuevos centros en distintas regiones del estado para acercar estos servicios especializados a m\u00e1s familias.<\/p>\n\n\n\n<p>Nino Morales reconoci\u00f3 el liderazgo, el compromiso y la entrega de la se\u00f1ora Irma Bola\u00f1os Quijano, presidenta honoraria del DIF Oaxaca, cuyo trabajo ha convertido a la instituci\u00f3n en el coraz\u00f3n del gobierno de la Primavera Oaxaque\u00f1a.<\/p>\n\n\n\n<p>El exhorto que se impulsar\u00e1 desde el Senado busca que este modelo de atenci\u00f3n se convierta en una referencia nacional, \u201cel bienestar compartido, la justicia social y la Cuarta Transformaci\u00f3n se consolidan cuando las pol\u00edticas p\u00fablicas nacen del territorio y se ponen al servicio de quienes m\u00e1s lo necesitan\u201d, concluy\u00f3, el senador morenista.<\/p>\n","protected":false},"excerpt":{"rendered":"<p>\u2022 Fortalece la inclusi\u00f3n y el cumplimiento efectivo de derechos de quienes presentan Trastorno del&#8230;<\/p>\n","protected":false},"author":2,"featured_media":7573,"comment_status":"open","ping_status":"closed","sticky":false,"template":"","format":"standard","meta":{"footnotes":""},"categories":[3],"tags":[],"class_list":["post-7576","post","type-post","status-publish","format-standard","has-post-thumbnail","hentry","category-comunicadosdeprensa"],"yoast_head":"<!-- This site is optimized with the Yoast SEO plugin v27.5 - https:\/\/yoast.com\/product\/yoast-seo-wordpress\/ -->\n<title>Impulsar\u00e1 Nino Morales que modelo oaxaque\u00f1o de atenci\u00f3n al autismo se replique en todo el pa\u00eds - CV Noticias<\/title>\n<meta name=\"robots\" content=\"index, follow, max-snippet:-1, max-image-preview:large, max-video-preview:-1\" \/>\n<link rel=\"canonical\" href=\"https:\/\/cvnoticias.com\/nuevapagina\/index.php\/2026\/04\/29\/impulsara-nino-morales-que-modelo-oaxaqueno-de-atencion-al-autismo-se-replique-en-todo-el-pais\/\" \/>\n<meta property=\"og:locale\" content=\"es_ES\" \/>\n<meta property=\"og:type\" content=\"article\" \/>\n<meta property=\"og:title\" content=\"Impulsar\u00e1 Nino Morales que modelo oaxaque\u00f1o de atenci\u00f3n al autismo se replique en todo el pa\u00eds - CV Noticias\" \/>\n<meta property=\"og:description\" content=\"\u2022 Fortalece la inclusi\u00f3n y el cumplimiento efectivo de derechos de quienes presentan Trastorno del...\" \/>\n<meta property=\"og:url\" content=\"https:\/\/cvnoticias.com\/nuevapagina\/index.php\/2026\/04\/29\/impulsara-nino-morales-que-modelo-oaxaqueno-de-atencion-al-autismo-se-replique-en-todo-el-pais\/\" \/>\n<meta property=\"og:site_name\" content=\"CV Noticias\" \/>\n<meta property=\"article:published_time\" content=\"2026-04-29T01:38:09+00:00\" \/>\n<meta property=\"article:modified_time\" content=\"2026-04-29T01:38:11+00:00\" \/>\n<meta property=\"og:image\" content=\"https:\/\/cvnoticias.com\/nuevapagina\/wp-content\/uploads\/2026\/04\/WhatsApp-Image-2026-04-28-at-6.43.10-PM.jpeg\" \/>\n\t<meta property=\"og:image:width\" content=\"1066\" \/>\n\t<meta property=\"og:image:height\" content=\"1600\" \/>\n\t<meta property=\"og:image:type\" content=\"image\/jpeg\" \/>\n<meta name=\"author\" content=\"CvNoticias\" \/>\n<meta name=\"twitter:card\" content=\"summary_large_image\" \/>\n<meta name=\"twitter:label1\" content=\"Escrito por\" \/>\n\t<meta name=\"twitter:data1\" content=\"CvNoticias\" \/>\n\t<meta name=\"twitter:label2\" content=\"Tiempo de lectura\" \/>\n\t<meta name=\"twitter:data2\" content=\"2 minutos\" \/>\n<script type=\"application\/ld+json\" class=\"yoast-schema-graph\">{\"@context\":\"https:\\\/\\\/schema.org\",\"@graph\":[{\"@type\":\"Article\",\"@id\":\"https:\\\/\\\/cvnoticias.com\\\/nuevapagina\\\/index.php\\\/2026\\\/04\\\/29\\\/impulsara-nino-morales-que-modelo-oaxaqueno-de-atencion-al-autismo-se-replique-en-todo-el-pais\\\/#article\",\"isPartOf\":{\"@id\":\"https:\\\/\\\/cvnoticias.com\\\/nuevapagina\\\/index.php\\\/2026\\\/04\\\/29\\\/impulsara-nino-morales-que-modelo-oaxaqueno-de-atencion-al-autismo-se-replique-en-todo-el-pais\\\/\"},\"author\":{\"name\":\"CvNoticias\",\"@id\":\"https:\\\/\\\/cvnoticias.com\\\/nuevapagina\\\/#\\\/schema\\\/person\\\/19e35f246421a31486be7321065f7463\"},\"headline\":\"Impulsar\u00e1 Nino Morales que modelo oaxaque\u00f1o de atenci\u00f3n al autismo se replique en todo el pa\u00eds\",\"datePublished\":\"2026-04-29T01:38:09+00:00\",\"dateModified\":\"2026-04-29T01:38:11+00:00\",\"mainEntityOfPage\":{\"@id\":\"https:\\\/\\\/cvnoticias.com\\\/nuevapagina\\\/index.php\\\/2026\\\/04\\\/29\\\/impulsara-nino-morales-que-modelo-oaxaqueno-de-atencion-al-autismo-se-replique-en-todo-el-pais\\\/\"},\"wordCount\":407,\"commentCount\":0,\"publisher\":{\"@id\":\"https:\\\/\\\/cvnoticias.com\\\/nuevapagina\\\/#organization\"},\"image\":{\"@id\":\"https:\\\/\\\/cvnoticias.com\\\/nuevapagina\\\/index.php\\\/2026\\\/04\\\/29\\\/impulsara-nino-morales-que-modelo-oaxaqueno-de-atencion-al-autismo-se-replique-en-todo-el-pais\\\/#primaryimage\"},\"thumbnailUrl\":\"https:\\\/\\\/cvnoticias.com\\\/nuevapagina\\\/wp-content\\\/uploads\\\/2026\\\/04\\\/WhatsApp-Image-2026-04-28-at-6.43.10-PM.jpeg\",\"articleSection\":[\"Comunicados\"],\"inLanguage\":\"es\",\"potentialAction\":[{\"@type\":\"CommentAction\",\"name\":\"Comment\",\"target\":[\"https:\\\/\\\/cvnoticias.com\\\/nuevapagina\\\/index.php\\\/2026\\\/04\\\/29\\\/impulsara-nino-morales-que-modelo-oaxaqueno-de-atencion-al-autismo-se-replique-en-todo-el-pais\\\/#respond\"]}]},{\"@type\":\"WebPage\",\"@id\":\"https:\\\/\\\/cvnoticias.com\\\/nuevapagina\\\/index.php\\\/2026\\\/04\\\/29\\\/impulsara-nino-morales-que-modelo-oaxaqueno-de-atencion-al-autismo-se-replique-en-todo-el-pais\\\/\",\"url\":\"https:\\\/\\\/cvnoticias.com\\\/nuevapagina\\\/index.php\\\/2026\\\/04\\\/29\\\/impulsara-nino-morales-que-modelo-oaxaqueno-de-atencion-al-autismo-se-replique-en-todo-el-pais\\\/\",\"name\":\"Impulsar\u00e1 Nino Morales que modelo oaxaque\u00f1o de atenci\u00f3n al autismo se replique en todo el pa\u00eds - CV Noticias\",\"isPartOf\":{\"@id\":\"https:\\\/\\\/cvnoticias.com\\\/nuevapagina\\\/#website\"},\"primaryImageOfPage\":{\"@id\":\"https:\\\/\\\/cvnoticias.com\\\/nuevapagina\\\/index.php\\\/2026\\\/04\\\/29\\\/impulsara-nino-morales-que-modelo-oaxaqueno-de-atencion-al-autismo-se-replique-en-todo-el-pais\\\/#primaryimage\"},\"image\":{\"@id\":\"https:\\\/\\\/cvnoticias.com\\\/nuevapagina\\\/index.php\\\/2026\\\/04\\\/29\\\/impulsara-nino-morales-que-modelo-oaxaqueno-de-atencion-al-autismo-se-replique-en-todo-el-pais\\\/#primaryimage\"},\"thumbnailUrl\":\"https:\\\/\\\/cvnoticias.com\\\/nuevapagina\\\/wp-content\\\/uploads\\\/2026\\\/04\\\/WhatsApp-Image-2026-04-28-at-6.43.10-PM.jpeg\",\"datePublished\":\"2026-04-29T01:38:09+00:00\",\"dateModified\":\"2026-04-29T01:38:11+00:00\",\"breadcrumb\":{\"@id\":\"https:\\\/\\\/cvnoticias.com\\\/nuevapagina\\\/index.php\\\/2026\\\/04\\\/29\\\/impulsara-nino-morales-que-modelo-oaxaqueno-de-atencion-al-autismo-se-replique-en-todo-el-pais\\\/#breadcrumb\"},\"inLanguage\":\"es\",\"potentialAction\":[{\"@type\":\"ReadAction\",\"target\":[\"https:\\\/\\\/cvnoticias.com\\\/nuevapagina\\\/index.php\\\/2026\\\/04\\\/29\\\/impulsara-nino-morales-que-modelo-oaxaqueno-de-atencion-al-autismo-se-replique-en-todo-el-pais\\\/\"]}]},{\"@type\":\"ImageObject\",\"inLanguage\":\"es\",\"@id\":\"https:\\\/\\\/cvnoticias.com\\\/nuevapagina\\\/index.php\\\/2026\\\/04\\\/29\\\/impulsara-nino-morales-que-modelo-oaxaqueno-de-atencion-al-autismo-se-replique-en-todo-el-pais\\\/#primaryimage\",\"url\":\"https:\\\/\\\/cvnoticias.com\\\/nuevapagina\\\/wp-content\\\/uploads\\\/2026\\\/04\\\/WhatsApp-Image-2026-04-28-at-6.43.10-PM.jpeg\",\"contentUrl\":\"https:\\\/\\\/cvnoticias.com\\\/nuevapagina\\\/wp-content\\\/uploads\\\/2026\\\/04\\\/WhatsApp-Image-2026-04-28-at-6.43.10-PM.jpeg\",\"width\":1066,\"height\":1600},{\"@type\":\"BreadcrumbList\",\"@id\":\"https:\\\/\\\/cvnoticias.com\\\/nuevapagina\\\/index.php\\\/2026\\\/04\\\/29\\\/impulsara-nino-morales-que-modelo-oaxaqueno-de-atencion-al-autismo-se-replique-en-todo-el-pais\\\/#breadcrumb\",\"itemListElement\":[{\"@type\":\"ListItem\",\"position\":1,\"name\":\"Portada\",\"item\":\"https:\\\/\\\/cvnoticias.com\\\/nuevapagina\\\/\"},{\"@type\":\"ListItem\",\"position\":2,\"name\":\"Impulsar\u00e1 Nino Morales que modelo oaxaque\u00f1o de atenci\u00f3n al autismo se replique en todo el pa\u00eds\"}]},{\"@type\":\"WebSite\",\"@id\":\"https:\\\/\\\/cvnoticias.com\\\/nuevapagina\\\/#website\",\"url\":\"https:\\\/\\\/cvnoticias.com\\\/nuevapagina\\\/\",\"name\":\"CV Noticias\",\"description\":\"Noticias de Oaxaca\",\"publisher\":{\"@id\":\"https:\\\/\\\/cvnoticias.com\\\/nuevapagina\\\/#organization\"},\"potentialAction\":[{\"@type\":\"SearchAction\",\"target\":{\"@type\":\"EntryPoint\",\"urlTemplate\":\"https:\\\/\\\/cvnoticias.com\\\/nuevapagina\\\/?s={search_term_string}\"},\"query-input\":{\"@type\":\"PropertyValueSpecification\",\"valueRequired\":true,\"valueName\":\"search_term_string\"}}],\"inLanguage\":\"es\"},{\"@type\":\"Organization\",\"@id\":\"https:\\\/\\\/cvnoticias.com\\\/nuevapagina\\\/#organization\",\"name\":\"CV Noticias\",\"url\":\"https:\\\/\\\/cvnoticias.com\\\/nuevapagina\\\/\",\"logo\":{\"@type\":\"ImageObject\",\"inLanguage\":\"es\",\"@id\":\"https:\\\/\\\/cvnoticias.com\\\/nuevapagina\\\/#\\\/schema\\\/logo\\\/image\\\/\",\"url\":\"https:\\\/\\\/cvnoticias.com\\\/nuevapagina\\\/wp-content\\\/uploads\\\/2025\\\/05\\\/cropped-logo-1.png\",\"contentUrl\":\"https:\\\/\\\/cvnoticias.com\\\/nuevapagina\\\/wp-content\\\/uploads\\\/2025\\\/05\\\/cropped-logo-1.png\",\"width\":320,\"height\":118,\"caption\":\"CV Noticias\"},\"image\":{\"@id\":\"https:\\\/\\\/cvnoticias.com\\\/nuevapagina\\\/#\\\/schema\\\/logo\\\/image\\\/\"}},{\"@type\":\"Person\",\"@id\":\"https:\\\/\\\/cvnoticias.com\\\/nuevapagina\\\/#\\\/schema\\\/person\\\/19e35f246421a31486be7321065f7463\",\"name\":\"CvNoticias\",\"image\":{\"@type\":\"ImageObject\",\"inLanguage\":\"es\",\"@id\":\"https:\\\/\\\/secure.gravatar.com\\\/avatar\\\/c3a4375d38fd8f9b34ac9e853cb706a079817c78f9a39e33b16a2b2b2e51688a?s=96&d=mm&r=g\",\"url\":\"https:\\\/\\\/secure.gravatar.com\\\/avatar\\\/c3a4375d38fd8f9b34ac9e853cb706a079817c78f9a39e33b16a2b2b2e51688a?s=96&d=mm&r=g\",\"contentUrl\":\"https:\\\/\\\/secure.gravatar.com\\\/avatar\\\/c3a4375d38fd8f9b34ac9e853cb706a079817c78f9a39e33b16a2b2b2e51688a?s=96&d=mm&r=g\",\"caption\":\"CvNoticias\"},\"url\":\"https:\\\/\\\/cvnoticias.com\\\/nuevapagina\\\/index.php\\\/author\\\/gesner\\\/\"}]}<\/script>\n<!-- \/ Yoast SEO plugin. -->","yoast_head_json":{"title":"Impulsar\u00e1 Nino Morales que modelo oaxaque\u00f1o de atenci\u00f3n al autismo se replique en todo el pa\u00eds - CV Noticias","robots":{"index":"index","follow":"follow","max-snippet":"max-snippet:-1","max-image-preview":"max-image-preview:large","max-video-preview":"max-video-preview:-1"},"canonical":"https:\/\/cvnoticias.com\/nuevapagina\/index.php\/2026\/04\/29\/impulsara-nino-morales-que-modelo-oaxaqueno-de-atencion-al-autismo-se-replique-en-todo-el-pais\/","og_locale":"es_ES","og_type":"article","og_title":"Impulsar\u00e1 Nino Morales que modelo oaxaque\u00f1o de atenci\u00f3n al autismo se replique en todo el pa\u00eds - CV Noticias","og_description":"\u2022 Fortalece la inclusi\u00f3n y el cumplimiento efectivo de derechos de quienes presentan Trastorno del...","og_url":"https:\/\/cvnoticias.com\/nuevapagina\/index.php\/2026\/04\/29\/impulsara-nino-morales-que-modelo-oaxaqueno-de-atencion-al-autismo-se-replique-en-todo-el-pais\/","og_site_name":"CV Noticias","article_published_time":"2026-04-29T01:38:09+00:00","article_modified_time":"2026-04-29T01:38:11+00:00","og_image":[{"width":1066,"height":1600,"url":"https:\/\/cvnoticias.com\/nuevapagina\/wp-content\/uploads\/2026\/04\/WhatsApp-Image-2026-04-28-at-6.43.10-PM.jpeg","type":"image\/jpeg"}],"author":"CvNoticias","twitter_card":"summary_large_image","twitter_misc":{"Escrito por":"CvNoticias","Tiempo de lectura":"2 minutos"},"schema":{"@context":"https:\/\/schema.org","@graph":[{"@type":"Article","@id":"https:\/\/cvnoticias.com\/nuevapagina\/index.php\/2026\/04\/29\/impulsara-nino-morales-que-modelo-oaxaqueno-de-atencion-al-autismo-se-replique-en-todo-el-pais\/#article","isPartOf":{"@id":"https:\/\/cvnoticias.com\/nuevapagina\/index.php\/2026\/04\/29\/impulsara-nino-morales-que-modelo-oaxaqueno-de-atencion-al-autismo-se-replique-en-todo-el-pais\/"},"author":{"name":"CvNoticias","@id":"https:\/\/cvnoticias.com\/nuevapagina\/#\/schema\/person\/19e35f246421a31486be7321065f7463"},"headline":"Impulsar\u00e1 Nino Morales que modelo oaxaque\u00f1o de atenci\u00f3n al autismo se replique en todo el pa\u00eds","datePublished":"2026-04-29T01:38:09+00:00","dateModified":"2026-04-29T01:38:11+00:00","mainEntityOfPage":{"@id":"https:\/\/cvnoticias.com\/nuevapagina\/index.php\/2026\/04\/29\/impulsara-nino-morales-que-modelo-oaxaqueno-de-atencion-al-autismo-se-replique-en-todo-el-pais\/"},"wordCount":407,"commentCount":0,"publisher":{"@id":"https:\/\/cvnoticias.com\/nuevapagina\/#organization"},"image":{"@id":"https:\/\/cvnoticias.com\/nuevapagina\/index.php\/2026\/04\/29\/impulsara-nino-morales-que-modelo-oaxaqueno-de-atencion-al-autismo-se-replique-en-todo-el-pais\/#primaryimage"},"thumbnailUrl":"https:\/\/cvnoticias.com\/nuevapagina\/wp-content\/uploads\/2026\/04\/WhatsApp-Image-2026-04-28-at-6.43.10-PM.jpeg","articleSection":["Comunicados"],"inLanguage":"es","potentialAction":[{"@type":"CommentAction","name":"Comment","target":["https:\/\/cvnoticias.com\/nuevapagina\/index.php\/2026\/04\/29\/impulsara-nino-morales-que-modelo-oaxaqueno-de-atencion-al-autismo-se-replique-en-todo-el-pais\/#respond"]}]},{"@type":"WebPage","@id":"https:\/\/cvnoticias.com\/nuevapagina\/index.php\/2026\/04\/29\/impulsara-nino-morales-que-modelo-oaxaqueno-de-atencion-al-autismo-se-replique-en-todo-el-pais\/","url":"https:\/\/cvnoticias.com\/nuevapagina\/index.php\/2026\/04\/29\/impulsara-nino-morales-que-modelo-oaxaqueno-de-atencion-al-autismo-se-replique-en-todo-el-pais\/","name":"Impulsar\u00e1 Nino Morales que modelo oaxaque\u00f1o de atenci\u00f3n al autismo se replique en todo el pa\u00eds - CV Noticias","isPartOf":{"@id":"https:\/\/cvnoticias.com\/nuevapagina\/#website"},"primaryImageOfPage":{"@id":"https:\/\/cvnoticias.com\/nuevapagina\/index.php\/2026\/04\/29\/impulsara-nino-morales-que-modelo-oaxaqueno-de-atencion-al-autismo-se-replique-en-todo-el-pais\/#primaryimage"},"image":{"@id":"https:\/\/cvnoticias.com\/nuevapagina\/index.php\/2026\/04\/29\/impulsara-nino-morales-que-modelo-oaxaqueno-de-atencion-al-autismo-se-replique-en-todo-el-pais\/#primaryimage"},"thumbnailUrl":"https:\/\/cvnoticias.com\/nuevapagina\/wp-content\/uploads\/2026\/04\/WhatsApp-Image-2026-04-28-at-6.43.10-PM.jpeg","datePublished":"2026-04-29T01:38:09+00:00","dateModified":"2026-04-29T01:38:11+00:00","breadcrumb":{"@id":"https:\/\/cvnoticias.com\/nuevapagina\/index.php\/2026\/04\/29\/impulsara-nino-morales-que-modelo-oaxaqueno-de-atencion-al-autismo-se-replique-en-todo-el-pais\/#breadcrumb"},"inLanguage":"es","potentialAction":[{"@type":"ReadAction","target":["https:\/\/cvnoticias.com\/nuevapagina\/index.php\/2026\/04\/29\/impulsara-nino-morales-que-modelo-oaxaqueno-de-atencion-al-autismo-se-replique-en-todo-el-pais\/"]}]},{"@type":"ImageObject","inLanguage":"es","@id":"https:\/\/cvnoticias.com\/nuevapagina\/index.php\/2026\/04\/29\/impulsara-nino-morales-que-modelo-oaxaqueno-de-atencion-al-autismo-se-replique-en-todo-el-pais\/#primaryimage","url":"https:\/\/cvnoticias.com\/nuevapagina\/wp-content\/uploads\/2026\/04\/WhatsApp-Image-2026-04-28-at-6.43.10-PM.jpeg","contentUrl":"https:\/\/cvnoticias.com\/nuevapagina\/wp-content\/uploads\/2026\/04\/WhatsApp-Image-2026-04-28-at-6.43.10-PM.jpeg","width":1066,"height":1600},{"@type":"BreadcrumbList","@id":"https:\/\/cvnoticias.com\/nuevapagina\/index.php\/2026\/04\/29\/impulsara-nino-morales-que-modelo-oaxaqueno-de-atencion-al-autismo-se-replique-en-todo-el-pais\/#breadcrumb","itemListElement":[{"@type":"ListItem","position":1,"name":"Portada","item":"https:\/\/cvnoticias.com\/nuevapagina\/"},{"@type":"ListItem","position":2,"name":"Impulsar\u00e1 Nino Morales que modelo oaxaque\u00f1o de atenci\u00f3n al autismo se replique en todo el pa\u00eds"}]},{"@type":"WebSite","@id":"https:\/\/cvnoticias.com\/nuevapagina\/#website","url":"https:\/\/cvnoticias.com\/nuevapagina\/","name":"CV Noticias","description":"Noticias de Oaxaca","publisher":{"@id":"https:\/\/cvnoticias.com\/nuevapagina\/#organization"},"potentialAction":[{"@type":"SearchAction","target":{"@type":"EntryPoint","urlTemplate":"https:\/\/cvnoticias.com\/nuevapagina\/?s={search_term_string}"},"query-input":{"@type":"PropertyValueSpecification","valueRequired":true,"valueName":"search_term_string"}}],"inLanguage":"es"},{"@type":"Organization","@id":"https:\/\/cvnoticias.com\/nuevapagina\/#organization","name":"CV Noticias","url":"https:\/\/cvnoticias.com\/nuevapagina\/","logo":{"@type":"ImageObject","inLanguage":"es","@id":"https:\/\/cvnoticias.com\/nuevapagina\/#\/schema\/logo\/image\/","url":"https:\/\/cvnoticias.com\/nuevapagina\/wp-content\/uploads\/2025\/05\/cropped-logo-1.png","contentUrl":"https:\/\/cvnoticias.com\/nuevapagina\/wp-content\/uploads\/2025\/05\/cropped-logo-1.png","width":320,"height":118,"caption":"CV Noticias"},"image":{"@id":"https:\/\/cvnoticias.com\/nuevapagina\/#\/schema\/logo\/image\/"}},{"@type":"Person","@id":"https:\/\/cvnoticias.com\/nuevapagina\/#\/schema\/person\/19e35f246421a31486be7321065f7463","name":"CvNoticias","image":{"@type":"ImageObject","inLanguage":"es","@id":"https:\/\/secure.gravatar.com\/avatar\/c3a4375d38fd8f9b34ac9e853cb706a079817c78f9a39e33b16a2b2b2e51688a?s=96&d=mm&r=g","url":"https:\/\/secure.gravatar.com\/avatar\/c3a4375d38fd8f9b34ac9e853cb706a079817c78f9a39e33b16a2b2b2e51688a?s=96&d=mm&r=g","contentUrl":"https:\/\/secure.gravatar.com\/avatar\/c3a4375d38fd8f9b34ac9e853cb706a079817c78f9a39e33b16a2b2b2e51688a?s=96&d=mm&r=g","caption":"CvNoticias"},"url":"https:\/\/cvnoticias.com\/nuevapagina\/index.php\/author\/gesner\/"}]}},"_links":{"self":[{"href":"https:\/\/cvnoticias.com\/nuevapagina\/index.php\/wp-json\/wp\/v2\/posts\/7576","targetHints":{"allow":["GET"]}}],"collection":[{"href":"https:\/\/cvnoticias.com\/nuevapagina\/index.php\/wp-json\/wp\/v2\/posts"}],"about":[{"href":"https:\/\/cvnoticias.com\/nuevapagina\/index.php\/wp-json\/wp\/v2\/types\/post"}],"author":[{"embeddable":true,"href":"https:\/\/cvnoticias.com\/nuevapagina\/index.php\/wp-json\/wp\/v2\/users\/2"}],"replies":[{"embeddable":true,"href":"https:\/\/cvnoticias.com\/nuevapagina\/index.php\/wp-json\/wp\/v2\/comments?post=7576"}],"version-history":[{"count":1,"href":"https:\/\/cvnoticias.com\/nuevapagina\/index.php\/wp-json\/wp\/v2\/posts\/7576\/revisions"}],"predecessor-version":[{"id":7577,"href":"https:\/\/cvnoticias.com\/nuevapagina\/index.php\/wp-json\/wp\/v2\/posts\/7576\/revisions\/7577"}],"wp:featuredmedia":[{"embeddable":true,"href":"https:\/\/cvnoticias.com\/nuevapagina\/index.php\/wp-json\/wp\/v2\/media\/7573"}],"wp:attachment":[{"href":"https:\/\/cvnoticias.com\/nuevapagina\/index.php\/wp-json\/wp\/v2\/media?parent=7576"}],"wp:term":[{"taxonomy":"category","embeddable":true,"href":"https:\/\/cvnoticias.com\/nuevapagina\/index.php\/wp-json\/wp\/v2\/categories?post=7576"},{"taxonomy":"post_tag","embeddable":true,"href":"https:\/\/cvnoticias.com\/nuevapagina\/index.php\/wp-json\/wp\/v2\/tags?post=7576"}],"curies":[{"name":"wp","href":"https:\/\/api.w.org\/{rel}","templated":true}]}}