{"id":7559,"date":"2026-04-28T19:32:15","date_gmt":"2026-04-28T19:32:15","guid":{"rendered":"https:\/\/cvnoticias.com\/nuevapagina\/?p=7559"},"modified":"2026-04-28T19:32:17","modified_gmt":"2026-04-28T19:32:17","slug":"anuncia-gobernador-salomon-jara-inicio-de-construccion-del-distribuidor-vial-de-viguera-con-inversion-de-279-mdp","status":"publish","type":"post","link":"https:\/\/cvnoticias.com\/nuevapagina\/index.php\/2026\/04\/28\/anuncia-gobernador-salomon-jara-inicio-de-construccion-del-distribuidor-vial-de-viguera-con-inversion-de-279-mdp\/","title":{"rendered":"Anuncia Gobernador Salom\u00f3n Jara inicio de construcci\u00f3n del distribuidor vial de Viguera con inversi\u00f3n de 279 MDP"},"content":{"rendered":"\n<p>El Gobernador Salom\u00f3n Jara Cruz anunci\u00f3 el inicio de la construcci\u00f3n del distribuidor vial de Viguera, el pr\u00f3ximo mes de junio, obra que mejorar\u00e1 la movilidad de la ciudadan\u00eda y atender\u00e1 uno de los puntos con mayor carga vehicular en la capital de la entidad.<\/p>\n\n\n\n<p>La obra del Paso a Desnivel Monumento a Ju\u00e1rez, que se realizar\u00e1 en coordinaci\u00f3n con el Gobierno municipal de Oaxaca de Ju\u00e1rez, ayudar\u00e1 a emigrar de una vialidad colapsada a una vialidad con 8 carriles, garantizando menor tiempo de traslado, seguridad e integridad para quienes se movilicen hacia el centro de la ciudad o salgan de ella.<\/p>\n\n\n\n<p>INVERSI\u00d3N<\/p>\n\n\n\n<ul class=\"wp-block-list\">\n<li>279 millones de pesos<\/li>\n<\/ul>\n\n\n\n<p>\u00bfQU\u00c9 CONTEMPLA EL PROYECTO?<\/p>\n\n\n\n<ul class=\"wp-block-list\">\n<li>2 carriles elevados en sentido M\u00e9xico &#8211; Oaxaca<\/li>\n\n\n\n<li>2 carriles elevados en sentido Oaxaca &#8211; M\u00e9xico<\/li>\n\n\n\n<li>2 carriles a nivel en sentido M\u00e9xico &#8211; Oaxaca<\/li>\n\n\n\n<li>2 carriles a nivel en sentido Oaxaca &#8211; M\u00e9xico<\/li>\n\n\n\n<li>Rotonda contin\u00faa con 3 carriles de 3.5 metros<\/li>\n<\/ul>\n\n\n\n<p>PERSONAS BENEFICIARIAS<\/p>\n\n\n\n<ul class=\"wp-block-list\">\n<li>270 mil oaxaque\u00f1as y oaxaque\u00f1os<\/li>\n<\/ul>\n\n\n\n<p>COMPLEMENTO<\/p>\n\n\n\n<ul class=\"wp-block-list\">\n<li>Elevaci\u00f3n del monumento a Juarez<\/li>\n\n\n\n<li>Zona de jard\u00edn con plantas end\u00e9micas<\/li>\n\n\n\n<li>Banquetas<\/li>\n\n\n\n<li>Se\u00f1al\u00e9ticas para cruce seguro<\/li>\n\n\n\n<li>Semaforizaci\u00f3n<\/li>\n\n\n\n<li>Pintura se\u00f1al\u00e9tica<\/li>\n<\/ul>\n","protected":false},"excerpt":{"rendered":"<p>El Gobernador Salom\u00f3n Jara Cruz anunci\u00f3 el inicio de la construcci\u00f3n del distribuidor vial de&#8230;<\/p>\n","protected":false},"author":2,"featured_media":7561,"comment_status":"open","ping_status":"closed","sticky":false,"template":"","format":"standard","meta":{"footnotes":""},"categories":[2],"tags":[],"class_list":["post-7559","post","type-post","status-publish","format-standard","has-post-thumbnail","hentry","category-noticiasestatales"],"yoast_head":"<!-- This site is optimized with the Yoast SEO plugin v27.5 - https:\/\/yoast.com\/product\/yoast-seo-wordpress\/ -->\n<title>Anuncia Gobernador Salom\u00f3n Jara inicio de construcci\u00f3n del distribuidor vial de Viguera con inversi\u00f3n de 279 MDP - CV Noticias<\/title>\n<meta name=\"robots\" content=\"index, follow, max-snippet:-1, max-image-preview:large, max-video-preview:-1\" \/>\n<link rel=\"canonical\" href=\"https:\/\/cvnoticias.com\/nuevapagina\/index.php\/2026\/04\/28\/anuncia-gobernador-salomon-jara-inicio-de-construccion-del-distribuidor-vial-de-viguera-con-inversion-de-279-mdp\/\" \/>\n<meta property=\"og:locale\" content=\"es_ES\" \/>\n<meta property=\"og:type\" content=\"article\" \/>\n<meta property=\"og:title\" content=\"Anuncia Gobernador Salom\u00f3n Jara inicio de construcci\u00f3n del distribuidor vial de Viguera con inversi\u00f3n de 279 MDP - CV Noticias\" \/>\n<meta property=\"og:description\" content=\"El Gobernador Salom\u00f3n Jara Cruz anunci\u00f3 el inicio de la construcci\u00f3n del distribuidor vial de...\" \/>\n<meta property=\"og:url\" content=\"https:\/\/cvnoticias.com\/nuevapagina\/index.php\/2026\/04\/28\/anuncia-gobernador-salomon-jara-inicio-de-construccion-del-distribuidor-vial-de-viguera-con-inversion-de-279-mdp\/\" \/>\n<meta property=\"og:site_name\" content=\"CV Noticias\" \/>\n<meta property=\"article:published_time\" content=\"2026-04-28T19:32:15+00:00\" \/>\n<meta property=\"article:modified_time\" content=\"2026-04-28T19:32:17+00:00\" \/>\n<meta property=\"og:image\" content=\"https:\/\/cvnoticias.com\/nuevapagina\/wp-content\/uploads\/2026\/04\/Captura-de-pantalla-2026-04-28-133003.png\" \/>\n\t<meta property=\"og:image:width\" content=\"362\" \/>\n\t<meta property=\"og:image:height\" content=\"283\" \/>\n\t<meta property=\"og:image:type\" content=\"image\/png\" \/>\n<meta name=\"author\" content=\"CvNoticias\" \/>\n<meta name=\"twitter:card\" content=\"summary_large_image\" \/>\n<meta name=\"twitter:label1\" content=\"Escrito por\" \/>\n\t<meta name=\"twitter:data1\" content=\"CvNoticias\" \/>\n\t<meta name=\"twitter:label2\" content=\"Tiempo de lectura\" \/>\n\t<meta name=\"twitter:data2\" content=\"2 minutos\" \/>\n<script type=\"application\/ld+json\" class=\"yoast-schema-graph\">{\"@context\":\"https:\\\/\\\/schema.org\",\"@graph\":[{\"@type\":\"Article\",\"@id\":\"https:\\\/\\\/cvnoticias.com\\\/nuevapagina\\\/index.php\\\/2026\\\/04\\\/28\\\/anuncia-gobernador-salomon-jara-inicio-de-construccion-del-distribuidor-vial-de-viguera-con-inversion-de-279-mdp\\\/#article\",\"isPartOf\":{\"@id\":\"https:\\\/\\\/cvnoticias.com\\\/nuevapagina\\\/index.php\\\/2026\\\/04\\\/28\\\/anuncia-gobernador-salomon-jara-inicio-de-construccion-del-distribuidor-vial-de-viguera-con-inversion-de-279-mdp\\\/\"},\"author\":{\"name\":\"CvNoticias\",\"@id\":\"https:\\\/\\\/cvnoticias.com\\\/nuevapagina\\\/#\\\/schema\\\/person\\\/19e35f246421a31486be7321065f7463\"},\"headline\":\"Anuncia Gobernador Salom\u00f3n Jara inicio de construcci\u00f3n del distribuidor vial de Viguera con inversi\u00f3n de 279 MDP\",\"datePublished\":\"2026-04-28T19:32:15+00:00\",\"dateModified\":\"2026-04-28T19:32:17+00:00\",\"mainEntityOfPage\":{\"@id\":\"https:\\\/\\\/cvnoticias.com\\\/nuevapagina\\\/index.php\\\/2026\\\/04\\\/28\\\/anuncia-gobernador-salomon-jara-inicio-de-construccion-del-distribuidor-vial-de-viguera-con-inversion-de-279-mdp\\\/\"},\"wordCount\":213,\"commentCount\":0,\"publisher\":{\"@id\":\"https:\\\/\\\/cvnoticias.com\\\/nuevapagina\\\/#organization\"},\"image\":{\"@id\":\"https:\\\/\\\/cvnoticias.com\\\/nuevapagina\\\/index.php\\\/2026\\\/04\\\/28\\\/anuncia-gobernador-salomon-jara-inicio-de-construccion-del-distribuidor-vial-de-viguera-con-inversion-de-279-mdp\\\/#primaryimage\"},\"thumbnailUrl\":\"https:\\\/\\\/cvnoticias.com\\\/nuevapagina\\\/wp-content\\\/uploads\\\/2026\\\/04\\\/Captura-de-pantalla-2026-04-28-133003.png\",\"articleSection\":[\"Estatales\"],\"inLanguage\":\"es\",\"potentialAction\":[{\"@type\":\"CommentAction\",\"name\":\"Comment\",\"target\":[\"https:\\\/\\\/cvnoticias.com\\\/nuevapagina\\\/index.php\\\/2026\\\/04\\\/28\\\/anuncia-gobernador-salomon-jara-inicio-de-construccion-del-distribuidor-vial-de-viguera-con-inversion-de-279-mdp\\\/#respond\"]}]},{\"@type\":\"WebPage\",\"@id\":\"https:\\\/\\\/cvnoticias.com\\\/nuevapagina\\\/index.php\\\/2026\\\/04\\\/28\\\/anuncia-gobernador-salomon-jara-inicio-de-construccion-del-distribuidor-vial-de-viguera-con-inversion-de-279-mdp\\\/\",\"url\":\"https:\\\/\\\/cvnoticias.com\\\/nuevapagina\\\/index.php\\\/2026\\\/04\\\/28\\\/anuncia-gobernador-salomon-jara-inicio-de-construccion-del-distribuidor-vial-de-viguera-con-inversion-de-279-mdp\\\/\",\"name\":\"Anuncia Gobernador Salom\u00f3n Jara inicio de construcci\u00f3n del distribuidor vial de Viguera con inversi\u00f3n de 279 MDP - CV Noticias\",\"isPartOf\":{\"@id\":\"https:\\\/\\\/cvnoticias.com\\\/nuevapagina\\\/#website\"},\"primaryImageOfPage\":{\"@id\":\"https:\\\/\\\/cvnoticias.com\\\/nuevapagina\\\/index.php\\\/2026\\\/04\\\/28\\\/anuncia-gobernador-salomon-jara-inicio-de-construccion-del-distribuidor-vial-de-viguera-con-inversion-de-279-mdp\\\/#primaryimage\"},\"image\":{\"@id\":\"https:\\\/\\\/cvnoticias.com\\\/nuevapagina\\\/index.php\\\/2026\\\/04\\\/28\\\/anuncia-gobernador-salomon-jara-inicio-de-construccion-del-distribuidor-vial-de-viguera-con-inversion-de-279-mdp\\\/#primaryimage\"},\"thumbnailUrl\":\"https:\\\/\\\/cvnoticias.com\\\/nuevapagina\\\/wp-content\\\/uploads\\\/2026\\\/04\\\/Captura-de-pantalla-2026-04-28-133003.png\",\"datePublished\":\"2026-04-28T19:32:15+00:00\",\"dateModified\":\"2026-04-28T19:32:17+00:00\",\"breadcrumb\":{\"@id\":\"https:\\\/\\\/cvnoticias.com\\\/nuevapagina\\\/index.php\\\/2026\\\/04\\\/28\\\/anuncia-gobernador-salomon-jara-inicio-de-construccion-del-distribuidor-vial-de-viguera-con-inversion-de-279-mdp\\\/#breadcrumb\"},\"inLanguage\":\"es\",\"potentialAction\":[{\"@type\":\"ReadAction\",\"target\":[\"https:\\\/\\\/cvnoticias.com\\\/nuevapagina\\\/index.php\\\/2026\\\/04\\\/28\\\/anuncia-gobernador-salomon-jara-inicio-de-construccion-del-distribuidor-vial-de-viguera-con-inversion-de-279-mdp\\\/\"]}]},{\"@type\":\"ImageObject\",\"inLanguage\":\"es\",\"@id\":\"https:\\\/\\\/cvnoticias.com\\\/nuevapagina\\\/index.php\\\/2026\\\/04\\\/28\\\/anuncia-gobernador-salomon-jara-inicio-de-construccion-del-distribuidor-vial-de-viguera-con-inversion-de-279-mdp\\\/#primaryimage\",\"url\":\"https:\\\/\\\/cvnoticias.com\\\/nuevapagina\\\/wp-content\\\/uploads\\\/2026\\\/04\\\/Captura-de-pantalla-2026-04-28-133003.png\",\"contentUrl\":\"https:\\\/\\\/cvnoticias.com\\\/nuevapagina\\\/wp-content\\\/uploads\\\/2026\\\/04\\\/Captura-de-pantalla-2026-04-28-133003.png\",\"width\":362,\"height\":283},{\"@type\":\"BreadcrumbList\",\"@id\":\"https:\\\/\\\/cvnoticias.com\\\/nuevapagina\\\/index.php\\\/2026\\\/04\\\/28\\\/anuncia-gobernador-salomon-jara-inicio-de-construccion-del-distribuidor-vial-de-viguera-con-inversion-de-279-mdp\\\/#breadcrumb\",\"itemListElement\":[{\"@type\":\"ListItem\",\"position\":1,\"name\":\"Portada\",\"item\":\"https:\\\/\\\/cvnoticias.com\\\/nuevapagina\\\/\"},{\"@type\":\"ListItem\",\"position\":2,\"name\":\"Anuncia Gobernador Salom\u00f3n Jara inicio de construcci\u00f3n del distribuidor vial de Viguera con inversi\u00f3n de 279 MDP\"}]},{\"@type\":\"WebSite\",\"@id\":\"https:\\\/\\\/cvnoticias.com\\\/nuevapagina\\\/#website\",\"url\":\"https:\\\/\\\/cvnoticias.com\\\/nuevapagina\\\/\",\"name\":\"CV Noticias\",\"description\":\"Noticias de Oaxaca\",\"publisher\":{\"@id\":\"https:\\\/\\\/cvnoticias.com\\\/nuevapagina\\\/#organization\"},\"potentialAction\":[{\"@type\":\"SearchAction\",\"target\":{\"@type\":\"EntryPoint\",\"urlTemplate\":\"https:\\\/\\\/cvnoticias.com\\\/nuevapagina\\\/?s={search_term_string}\"},\"query-input\":{\"@type\":\"PropertyValueSpecification\",\"valueRequired\":true,\"valueName\":\"search_term_string\"}}],\"inLanguage\":\"es\"},{\"@type\":\"Organization\",\"@id\":\"https:\\\/\\\/cvnoticias.com\\\/nuevapagina\\\/#organization\",\"name\":\"CV Noticias\",\"url\":\"https:\\\/\\\/cvnoticias.com\\\/nuevapagina\\\/\",\"logo\":{\"@type\":\"ImageObject\",\"inLanguage\":\"es\",\"@id\":\"https:\\\/\\\/cvnoticias.com\\\/nuevapagina\\\/#\\\/schema\\\/logo\\\/image\\\/\",\"url\":\"https:\\\/\\\/cvnoticias.com\\\/nuevapagina\\\/wp-content\\\/uploads\\\/2025\\\/05\\\/cropped-logo-1.png\",\"contentUrl\":\"https:\\\/\\\/cvnoticias.com\\\/nuevapagina\\\/wp-content\\\/uploads\\\/2025\\\/05\\\/cropped-logo-1.png\",\"width\":320,\"height\":118,\"caption\":\"CV Noticias\"},\"image\":{\"@id\":\"https:\\\/\\\/cvnoticias.com\\\/nuevapagina\\\/#\\\/schema\\\/logo\\\/image\\\/\"}},{\"@type\":\"Person\",\"@id\":\"https:\\\/\\\/cvnoticias.com\\\/nuevapagina\\\/#\\\/schema\\\/person\\\/19e35f246421a31486be7321065f7463\",\"name\":\"CvNoticias\",\"image\":{\"@type\":\"ImageObject\",\"inLanguage\":\"es\",\"@id\":\"https:\\\/\\\/secure.gravatar.com\\\/avatar\\\/c3a4375d38fd8f9b34ac9e853cb706a079817c78f9a39e33b16a2b2b2e51688a?s=96&d=mm&r=g\",\"url\":\"https:\\\/\\\/secure.gravatar.com\\\/avatar\\\/c3a4375d38fd8f9b34ac9e853cb706a079817c78f9a39e33b16a2b2b2e51688a?s=96&d=mm&r=g\",\"contentUrl\":\"https:\\\/\\\/secure.gravatar.com\\\/avatar\\\/c3a4375d38fd8f9b34ac9e853cb706a079817c78f9a39e33b16a2b2b2e51688a?s=96&d=mm&r=g\",\"caption\":\"CvNoticias\"},\"url\":\"https:\\\/\\\/cvnoticias.com\\\/nuevapagina\\\/index.php\\\/author\\\/gesner\\\/\"}]}<\/script>\n<!-- \/ Yoast SEO plugin. -->","yoast_head_json":{"title":"Anuncia Gobernador Salom\u00f3n Jara inicio de construcci\u00f3n del distribuidor vial de Viguera con inversi\u00f3n de 279 MDP - CV Noticias","robots":{"index":"index","follow":"follow","max-snippet":"max-snippet:-1","max-image-preview":"max-image-preview:large","max-video-preview":"max-video-preview:-1"},"canonical":"https:\/\/cvnoticias.com\/nuevapagina\/index.php\/2026\/04\/28\/anuncia-gobernador-salomon-jara-inicio-de-construccion-del-distribuidor-vial-de-viguera-con-inversion-de-279-mdp\/","og_locale":"es_ES","og_type":"article","og_title":"Anuncia Gobernador Salom\u00f3n Jara inicio de construcci\u00f3n del distribuidor vial de Viguera con inversi\u00f3n de 279 MDP - CV Noticias","og_description":"El Gobernador Salom\u00f3n Jara Cruz anunci\u00f3 el inicio de la construcci\u00f3n del distribuidor vial de...","og_url":"https:\/\/cvnoticias.com\/nuevapagina\/index.php\/2026\/04\/28\/anuncia-gobernador-salomon-jara-inicio-de-construccion-del-distribuidor-vial-de-viguera-con-inversion-de-279-mdp\/","og_site_name":"CV Noticias","article_published_time":"2026-04-28T19:32:15+00:00","article_modified_time":"2026-04-28T19:32:17+00:00","og_image":[{"width":362,"height":283,"url":"https:\/\/cvnoticias.com\/nuevapagina\/wp-content\/uploads\/2026\/04\/Captura-de-pantalla-2026-04-28-133003.png","type":"image\/png"}],"author":"CvNoticias","twitter_card":"summary_large_image","twitter_misc":{"Escrito por":"CvNoticias","Tiempo de lectura":"2 minutos"},"schema":{"@context":"https:\/\/schema.org","@graph":[{"@type":"Article","@id":"https:\/\/cvnoticias.com\/nuevapagina\/index.php\/2026\/04\/28\/anuncia-gobernador-salomon-jara-inicio-de-construccion-del-distribuidor-vial-de-viguera-con-inversion-de-279-mdp\/#article","isPartOf":{"@id":"https:\/\/cvnoticias.com\/nuevapagina\/index.php\/2026\/04\/28\/anuncia-gobernador-salomon-jara-inicio-de-construccion-del-distribuidor-vial-de-viguera-con-inversion-de-279-mdp\/"},"author":{"name":"CvNoticias","@id":"https:\/\/cvnoticias.com\/nuevapagina\/#\/schema\/person\/19e35f246421a31486be7321065f7463"},"headline":"Anuncia Gobernador Salom\u00f3n Jara inicio de construcci\u00f3n del distribuidor vial de Viguera con inversi\u00f3n de 279 MDP","datePublished":"2026-04-28T19:32:15+00:00","dateModified":"2026-04-28T19:32:17+00:00","mainEntityOfPage":{"@id":"https:\/\/cvnoticias.com\/nuevapagina\/index.php\/2026\/04\/28\/anuncia-gobernador-salomon-jara-inicio-de-construccion-del-distribuidor-vial-de-viguera-con-inversion-de-279-mdp\/"},"wordCount":213,"commentCount":0,"publisher":{"@id":"https:\/\/cvnoticias.com\/nuevapagina\/#organization"},"image":{"@id":"https:\/\/cvnoticias.com\/nuevapagina\/index.php\/2026\/04\/28\/anuncia-gobernador-salomon-jara-inicio-de-construccion-del-distribuidor-vial-de-viguera-con-inversion-de-279-mdp\/#primaryimage"},"thumbnailUrl":"https:\/\/cvnoticias.com\/nuevapagina\/wp-content\/uploads\/2026\/04\/Captura-de-pantalla-2026-04-28-133003.png","articleSection":["Estatales"],"inLanguage":"es","potentialAction":[{"@type":"CommentAction","name":"Comment","target":["https:\/\/cvnoticias.com\/nuevapagina\/index.php\/2026\/04\/28\/anuncia-gobernador-salomon-jara-inicio-de-construccion-del-distribuidor-vial-de-viguera-con-inversion-de-279-mdp\/#respond"]}]},{"@type":"WebPage","@id":"https:\/\/cvnoticias.com\/nuevapagina\/index.php\/2026\/04\/28\/anuncia-gobernador-salomon-jara-inicio-de-construccion-del-distribuidor-vial-de-viguera-con-inversion-de-279-mdp\/","url":"https:\/\/cvnoticias.com\/nuevapagina\/index.php\/2026\/04\/28\/anuncia-gobernador-salomon-jara-inicio-de-construccion-del-distribuidor-vial-de-viguera-con-inversion-de-279-mdp\/","name":"Anuncia Gobernador Salom\u00f3n Jara inicio de construcci\u00f3n del distribuidor vial de Viguera con inversi\u00f3n de 279 MDP - CV Noticias","isPartOf":{"@id":"https:\/\/cvnoticias.com\/nuevapagina\/#website"},"primaryImageOfPage":{"@id":"https:\/\/cvnoticias.com\/nuevapagina\/index.php\/2026\/04\/28\/anuncia-gobernador-salomon-jara-inicio-de-construccion-del-distribuidor-vial-de-viguera-con-inversion-de-279-mdp\/#primaryimage"},"image":{"@id":"https:\/\/cvnoticias.com\/nuevapagina\/index.php\/2026\/04\/28\/anuncia-gobernador-salomon-jara-inicio-de-construccion-del-distribuidor-vial-de-viguera-con-inversion-de-279-mdp\/#primaryimage"},"thumbnailUrl":"https:\/\/cvnoticias.com\/nuevapagina\/wp-content\/uploads\/2026\/04\/Captura-de-pantalla-2026-04-28-133003.png","datePublished":"2026-04-28T19:32:15+00:00","dateModified":"2026-04-28T19:32:17+00:00","breadcrumb":{"@id":"https:\/\/cvnoticias.com\/nuevapagina\/index.php\/2026\/04\/28\/anuncia-gobernador-salomon-jara-inicio-de-construccion-del-distribuidor-vial-de-viguera-con-inversion-de-279-mdp\/#breadcrumb"},"inLanguage":"es","potentialAction":[{"@type":"ReadAction","target":["https:\/\/cvnoticias.com\/nuevapagina\/index.php\/2026\/04\/28\/anuncia-gobernador-salomon-jara-inicio-de-construccion-del-distribuidor-vial-de-viguera-con-inversion-de-279-mdp\/"]}]},{"@type":"ImageObject","inLanguage":"es","@id":"https:\/\/cvnoticias.com\/nuevapagina\/index.php\/2026\/04\/28\/anuncia-gobernador-salomon-jara-inicio-de-construccion-del-distribuidor-vial-de-viguera-con-inversion-de-279-mdp\/#primaryimage","url":"https:\/\/cvnoticias.com\/nuevapagina\/wp-content\/uploads\/2026\/04\/Captura-de-pantalla-2026-04-28-133003.png","contentUrl":"https:\/\/cvnoticias.com\/nuevapagina\/wp-content\/uploads\/2026\/04\/Captura-de-pantalla-2026-04-28-133003.png","width":362,"height":283},{"@type":"BreadcrumbList","@id":"https:\/\/cvnoticias.com\/nuevapagina\/index.php\/2026\/04\/28\/anuncia-gobernador-salomon-jara-inicio-de-construccion-del-distribuidor-vial-de-viguera-con-inversion-de-279-mdp\/#breadcrumb","itemListElement":[{"@type":"ListItem","position":1,"name":"Portada","item":"https:\/\/cvnoticias.com\/nuevapagina\/"},{"@type":"ListItem","position":2,"name":"Anuncia Gobernador Salom\u00f3n Jara inicio de construcci\u00f3n del distribuidor vial de Viguera con inversi\u00f3n de 279 MDP"}]},{"@type":"WebSite","@id":"https:\/\/cvnoticias.com\/nuevapagina\/#website","url":"https:\/\/cvnoticias.com\/nuevapagina\/","name":"CV Noticias","description":"Noticias de Oaxaca","publisher":{"@id":"https:\/\/cvnoticias.com\/nuevapagina\/#organization"},"potentialAction":[{"@type":"SearchAction","target":{"@type":"EntryPoint","urlTemplate":"https:\/\/cvnoticias.com\/nuevapagina\/?s={search_term_string}"},"query-input":{"@type":"PropertyValueSpecification","valueRequired":true,"valueName":"search_term_string"}}],"inLanguage":"es"},{"@type":"Organization","@id":"https:\/\/cvnoticias.com\/nuevapagina\/#organization","name":"CV Noticias","url":"https:\/\/cvnoticias.com\/nuevapagina\/","logo":{"@type":"ImageObject","inLanguage":"es","@id":"https:\/\/cvnoticias.com\/nuevapagina\/#\/schema\/logo\/image\/","url":"https:\/\/cvnoticias.com\/nuevapagina\/wp-content\/uploads\/2025\/05\/cropped-logo-1.png","contentUrl":"https:\/\/cvnoticias.com\/nuevapagina\/wp-content\/uploads\/2025\/05\/cropped-logo-1.png","width":320,"height":118,"caption":"CV Noticias"},"image":{"@id":"https:\/\/cvnoticias.com\/nuevapagina\/#\/schema\/logo\/image\/"}},{"@type":"Person","@id":"https:\/\/cvnoticias.com\/nuevapagina\/#\/schema\/person\/19e35f246421a31486be7321065f7463","name":"CvNoticias","image":{"@type":"ImageObject","inLanguage":"es","@id":"https:\/\/secure.gravatar.com\/avatar\/c3a4375d38fd8f9b34ac9e853cb706a079817c78f9a39e33b16a2b2b2e51688a?s=96&d=mm&r=g","url":"https:\/\/secure.gravatar.com\/avatar\/c3a4375d38fd8f9b34ac9e853cb706a079817c78f9a39e33b16a2b2b2e51688a?s=96&d=mm&r=g","contentUrl":"https:\/\/secure.gravatar.com\/avatar\/c3a4375d38fd8f9b34ac9e853cb706a079817c78f9a39e33b16a2b2b2e51688a?s=96&d=mm&r=g","caption":"CvNoticias"},"url":"https:\/\/cvnoticias.com\/nuevapagina\/index.php\/author\/gesner\/"}]}},"_links":{"self":[{"href":"https:\/\/cvnoticias.com\/nuevapagina\/index.php\/wp-json\/wp\/v2\/posts\/7559","targetHints":{"allow":["GET"]}}],"collection":[{"href":"https:\/\/cvnoticias.com\/nuevapagina\/index.php\/wp-json\/wp\/v2\/posts"}],"about":[{"href":"https:\/\/cvnoticias.com\/nuevapagina\/index.php\/wp-json\/wp\/v2\/types\/post"}],"author":[{"embeddable":true,"href":"https:\/\/cvnoticias.com\/nuevapagina\/index.php\/wp-json\/wp\/v2\/users\/2"}],"replies":[{"embeddable":true,"href":"https:\/\/cvnoticias.com\/nuevapagina\/index.php\/wp-json\/wp\/v2\/comments?post=7559"}],"version-history":[{"count":1,"href":"https:\/\/cvnoticias.com\/nuevapagina\/index.php\/wp-json\/wp\/v2\/posts\/7559\/revisions"}],"predecessor-version":[{"id":7562,"href":"https:\/\/cvnoticias.com\/nuevapagina\/index.php\/wp-json\/wp\/v2\/posts\/7559\/revisions\/7562"}],"wp:featuredmedia":[{"embeddable":true,"href":"https:\/\/cvnoticias.com\/nuevapagina\/index.php\/wp-json\/wp\/v2\/media\/7561"}],"wp:attachment":[{"href":"https:\/\/cvnoticias.com\/nuevapagina\/index.php\/wp-json\/wp\/v2\/media?parent=7559"}],"wp:term":[{"taxonomy":"category","embeddable":true,"href":"https:\/\/cvnoticias.com\/nuevapagina\/index.php\/wp-json\/wp\/v2\/categories?post=7559"},{"taxonomy":"post_tag","embeddable":true,"href":"https:\/\/cvnoticias.com\/nuevapagina\/index.php\/wp-json\/wp\/v2\/tags?post=7559"}],"curies":[{"name":"wp","href":"https:\/\/api.w.org\/{rel}","templated":true}]}}