{"id":7555,"date":"2026-04-28T19:24:19","date_gmt":"2026-04-28T19:24:19","guid":{"rendered":"https:\/\/cvnoticias.com\/nuevapagina\/?p=7555"},"modified":"2026-04-28T19:24:21","modified_gmt":"2026-04-28T19:24:21","slug":"operativo-calle-libre-y-segura-zona-norte","status":"publish","type":"post","link":"https:\/\/cvnoticias.com\/nuevapagina\/index.php\/2026\/04\/28\/operativo-calle-libre-y-segura-zona-norte\/","title":{"rendered":"Operativo Calle Libre y Segura | Zona Norte"},"content":{"rendered":"\n<p>Personal de la Direcci\u00f3n de Movilidad de Oaxaca de Ju\u00e1rez retir\u00f3 objetos que obstru\u00edan la v\u00eda p\u00fablica y eran usados para apartar lugares de estacionamiento en la zona norte de la capital.<\/p>\n\n\n\n<p>Estas acciones se realizan en diferentes partes de la ciudad para recuperar espacios y garantizar el libre tr\u00e1nsito.<\/p>\n","protected":false},"excerpt":{"rendered":"<p>Personal de la Direcci\u00f3n de Movilidad de Oaxaca de Ju\u00e1rez retir\u00f3 objetos que obstru\u00edan la&#8230;<\/p>\n","protected":false},"author":2,"featured_media":7546,"comment_status":"open","ping_status":"closed","sticky":false,"template":"","format":"standard","meta":{"footnotes":""},"categories":[3],"tags":[],"class_list":["post-7555","post","type-post","status-publish","format-standard","has-post-thumbnail","hentry","category-comunicadosdeprensa"],"yoast_head":"<!-- This site is optimized with the Yoast SEO plugin v27.5 - https:\/\/yoast.com\/product\/yoast-seo-wordpress\/ -->\n<title>Operativo Calle Libre y Segura | Zona Norte - CV Noticias<\/title>\n<meta name=\"robots\" content=\"index, follow, max-snippet:-1, max-image-preview:large, max-video-preview:-1\" \/>\n<link rel=\"canonical\" href=\"https:\/\/cvnoticias.com\/nuevapagina\/index.php\/2026\/04\/28\/operativo-calle-libre-y-segura-zona-norte\/\" \/>\n<meta property=\"og:locale\" content=\"es_ES\" \/>\n<meta property=\"og:type\" content=\"article\" \/>\n<meta property=\"og:title\" content=\"Operativo Calle Libre y Segura | Zona Norte - CV Noticias\" \/>\n<meta property=\"og:description\" content=\"Personal de la Direcci\u00f3n de Movilidad de Oaxaca de Ju\u00e1rez retir\u00f3 objetos que obstru\u00edan la...\" \/>\n<meta property=\"og:url\" content=\"https:\/\/cvnoticias.com\/nuevapagina\/index.php\/2026\/04\/28\/operativo-calle-libre-y-segura-zona-norte\/\" \/>\n<meta property=\"og:site_name\" content=\"CV Noticias\" \/>\n<meta property=\"article:published_time\" content=\"2026-04-28T19:24:19+00:00\" \/>\n<meta property=\"article:modified_time\" content=\"2026-04-28T19:24:21+00:00\" \/>\n<meta property=\"og:image\" content=\"https:\/\/cvnoticias.com\/nuevapagina\/wp-content\/uploads\/2026\/04\/WhatsApp-Image-2026-04-28-at-7.06.21-AM.jpeg\" \/>\n\t<meta property=\"og:image:width\" content=\"1280\" \/>\n\t<meta property=\"og:image:height\" content=\"960\" \/>\n\t<meta property=\"og:image:type\" content=\"image\/jpeg\" \/>\n<meta name=\"author\" content=\"CvNoticias\" \/>\n<meta name=\"twitter:card\" content=\"summary_large_image\" \/>\n<meta name=\"twitter:label1\" content=\"Escrito por\" \/>\n\t<meta name=\"twitter:data1\" content=\"CvNoticias\" \/>\n\t<meta name=\"twitter:label2\" content=\"Tiempo de lectura\" \/>\n\t<meta name=\"twitter:data2\" content=\"1 minuto\" \/>\n<script type=\"application\/ld+json\" class=\"yoast-schema-graph\">{\"@context\":\"https:\\\/\\\/schema.org\",\"@graph\":[{\"@type\":\"Article\",\"@id\":\"https:\\\/\\\/cvnoticias.com\\\/nuevapagina\\\/index.php\\\/2026\\\/04\\\/28\\\/operativo-calle-libre-y-segura-zona-norte\\\/#article\",\"isPartOf\":{\"@id\":\"https:\\\/\\\/cvnoticias.com\\\/nuevapagina\\\/index.php\\\/2026\\\/04\\\/28\\\/operativo-calle-libre-y-segura-zona-norte\\\/\"},\"author\":{\"name\":\"CvNoticias\",\"@id\":\"https:\\\/\\\/cvnoticias.com\\\/nuevapagina\\\/#\\\/schema\\\/person\\\/19e35f246421a31486be7321065f7463\"},\"headline\":\"Operativo Calle Libre y Segura | Zona Norte\",\"datePublished\":\"2026-04-28T19:24:19+00:00\",\"dateModified\":\"2026-04-28T19:24:21+00:00\",\"mainEntityOfPage\":{\"@id\":\"https:\\\/\\\/cvnoticias.com\\\/nuevapagina\\\/index.php\\\/2026\\\/04\\\/28\\\/operativo-calle-libre-y-segura-zona-norte\\\/\"},\"wordCount\":63,\"commentCount\":0,\"publisher\":{\"@id\":\"https:\\\/\\\/cvnoticias.com\\\/nuevapagina\\\/#organization\"},\"image\":{\"@id\":\"https:\\\/\\\/cvnoticias.com\\\/nuevapagina\\\/index.php\\\/2026\\\/04\\\/28\\\/operativo-calle-libre-y-segura-zona-norte\\\/#primaryimage\"},\"thumbnailUrl\":\"https:\\\/\\\/cvnoticias.com\\\/nuevapagina\\\/wp-content\\\/uploads\\\/2026\\\/04\\\/WhatsApp-Image-2026-04-28-at-7.06.21-AM.jpeg\",\"articleSection\":[\"Comunicados\"],\"inLanguage\":\"es\",\"potentialAction\":[{\"@type\":\"CommentAction\",\"name\":\"Comment\",\"target\":[\"https:\\\/\\\/cvnoticias.com\\\/nuevapagina\\\/index.php\\\/2026\\\/04\\\/28\\\/operativo-calle-libre-y-segura-zona-norte\\\/#respond\"]}]},{\"@type\":\"WebPage\",\"@id\":\"https:\\\/\\\/cvnoticias.com\\\/nuevapagina\\\/index.php\\\/2026\\\/04\\\/28\\\/operativo-calle-libre-y-segura-zona-norte\\\/\",\"url\":\"https:\\\/\\\/cvnoticias.com\\\/nuevapagina\\\/index.php\\\/2026\\\/04\\\/28\\\/operativo-calle-libre-y-segura-zona-norte\\\/\",\"name\":\"Operativo Calle Libre y Segura | Zona Norte - CV Noticias\",\"isPartOf\":{\"@id\":\"https:\\\/\\\/cvnoticias.com\\\/nuevapagina\\\/#website\"},\"primaryImageOfPage\":{\"@id\":\"https:\\\/\\\/cvnoticias.com\\\/nuevapagina\\\/index.php\\\/2026\\\/04\\\/28\\\/operativo-calle-libre-y-segura-zona-norte\\\/#primaryimage\"},\"image\":{\"@id\":\"https:\\\/\\\/cvnoticias.com\\\/nuevapagina\\\/index.php\\\/2026\\\/04\\\/28\\\/operativo-calle-libre-y-segura-zona-norte\\\/#primaryimage\"},\"thumbnailUrl\":\"https:\\\/\\\/cvnoticias.com\\\/nuevapagina\\\/wp-content\\\/uploads\\\/2026\\\/04\\\/WhatsApp-Image-2026-04-28-at-7.06.21-AM.jpeg\",\"datePublished\":\"2026-04-28T19:24:19+00:00\",\"dateModified\":\"2026-04-28T19:24:21+00:00\",\"breadcrumb\":{\"@id\":\"https:\\\/\\\/cvnoticias.com\\\/nuevapagina\\\/index.php\\\/2026\\\/04\\\/28\\\/operativo-calle-libre-y-segura-zona-norte\\\/#breadcrumb\"},\"inLanguage\":\"es\",\"potentialAction\":[{\"@type\":\"ReadAction\",\"target\":[\"https:\\\/\\\/cvnoticias.com\\\/nuevapagina\\\/index.php\\\/2026\\\/04\\\/28\\\/operativo-calle-libre-y-segura-zona-norte\\\/\"]}]},{\"@type\":\"ImageObject\",\"inLanguage\":\"es\",\"@id\":\"https:\\\/\\\/cvnoticias.com\\\/nuevapagina\\\/index.php\\\/2026\\\/04\\\/28\\\/operativo-calle-libre-y-segura-zona-norte\\\/#primaryimage\",\"url\":\"https:\\\/\\\/cvnoticias.com\\\/nuevapagina\\\/wp-content\\\/uploads\\\/2026\\\/04\\\/WhatsApp-Image-2026-04-28-at-7.06.21-AM.jpeg\",\"contentUrl\":\"https:\\\/\\\/cvnoticias.com\\\/nuevapagina\\\/wp-content\\\/uploads\\\/2026\\\/04\\\/WhatsApp-Image-2026-04-28-at-7.06.21-AM.jpeg\",\"width\":1280,\"height\":960},{\"@type\":\"BreadcrumbList\",\"@id\":\"https:\\\/\\\/cvnoticias.com\\\/nuevapagina\\\/index.php\\\/2026\\\/04\\\/28\\\/operativo-calle-libre-y-segura-zona-norte\\\/#breadcrumb\",\"itemListElement\":[{\"@type\":\"ListItem\",\"position\":1,\"name\":\"Portada\",\"item\":\"https:\\\/\\\/cvnoticias.com\\\/nuevapagina\\\/\"},{\"@type\":\"ListItem\",\"position\":2,\"name\":\"Operativo Calle Libre y Segura | Zona Norte\"}]},{\"@type\":\"WebSite\",\"@id\":\"https:\\\/\\\/cvnoticias.com\\\/nuevapagina\\\/#website\",\"url\":\"https:\\\/\\\/cvnoticias.com\\\/nuevapagina\\\/\",\"name\":\"CV Noticias\",\"description\":\"Noticias de Oaxaca\",\"publisher\":{\"@id\":\"https:\\\/\\\/cvnoticias.com\\\/nuevapagina\\\/#organization\"},\"potentialAction\":[{\"@type\":\"SearchAction\",\"target\":{\"@type\":\"EntryPoint\",\"urlTemplate\":\"https:\\\/\\\/cvnoticias.com\\\/nuevapagina\\\/?s={search_term_string}\"},\"query-input\":{\"@type\":\"PropertyValueSpecification\",\"valueRequired\":true,\"valueName\":\"search_term_string\"}}],\"inLanguage\":\"es\"},{\"@type\":\"Organization\",\"@id\":\"https:\\\/\\\/cvnoticias.com\\\/nuevapagina\\\/#organization\",\"name\":\"CV Noticias\",\"url\":\"https:\\\/\\\/cvnoticias.com\\\/nuevapagina\\\/\",\"logo\":{\"@type\":\"ImageObject\",\"inLanguage\":\"es\",\"@id\":\"https:\\\/\\\/cvnoticias.com\\\/nuevapagina\\\/#\\\/schema\\\/logo\\\/image\\\/\",\"url\":\"https:\\\/\\\/cvnoticias.com\\\/nuevapagina\\\/wp-content\\\/uploads\\\/2025\\\/05\\\/cropped-logo-1.png\",\"contentUrl\":\"https:\\\/\\\/cvnoticias.com\\\/nuevapagina\\\/wp-content\\\/uploads\\\/2025\\\/05\\\/cropped-logo-1.png\",\"width\":320,\"height\":118,\"caption\":\"CV Noticias\"},\"image\":{\"@id\":\"https:\\\/\\\/cvnoticias.com\\\/nuevapagina\\\/#\\\/schema\\\/logo\\\/image\\\/\"}},{\"@type\":\"Person\",\"@id\":\"https:\\\/\\\/cvnoticias.com\\\/nuevapagina\\\/#\\\/schema\\\/person\\\/19e35f246421a31486be7321065f7463\",\"name\":\"CvNoticias\",\"image\":{\"@type\":\"ImageObject\",\"inLanguage\":\"es\",\"@id\":\"https:\\\/\\\/secure.gravatar.com\\\/avatar\\\/c3a4375d38fd8f9b34ac9e853cb706a079817c78f9a39e33b16a2b2b2e51688a?s=96&d=mm&r=g\",\"url\":\"https:\\\/\\\/secure.gravatar.com\\\/avatar\\\/c3a4375d38fd8f9b34ac9e853cb706a079817c78f9a39e33b16a2b2b2e51688a?s=96&d=mm&r=g\",\"contentUrl\":\"https:\\\/\\\/secure.gravatar.com\\\/avatar\\\/c3a4375d38fd8f9b34ac9e853cb706a079817c78f9a39e33b16a2b2b2e51688a?s=96&d=mm&r=g\",\"caption\":\"CvNoticias\"},\"url\":\"https:\\\/\\\/cvnoticias.com\\\/nuevapagina\\\/index.php\\\/author\\\/gesner\\\/\"}]}<\/script>\n<!-- \/ Yoast SEO plugin. -->","yoast_head_json":{"title":"Operativo Calle Libre y Segura | Zona Norte - CV Noticias","robots":{"index":"index","follow":"follow","max-snippet":"max-snippet:-1","max-image-preview":"max-image-preview:large","max-video-preview":"max-video-preview:-1"},"canonical":"https:\/\/cvnoticias.com\/nuevapagina\/index.php\/2026\/04\/28\/operativo-calle-libre-y-segura-zona-norte\/","og_locale":"es_ES","og_type":"article","og_title":"Operativo Calle Libre y Segura | Zona Norte - CV Noticias","og_description":"Personal de la Direcci\u00f3n de Movilidad de Oaxaca de Ju\u00e1rez retir\u00f3 objetos que obstru\u00edan la...","og_url":"https:\/\/cvnoticias.com\/nuevapagina\/index.php\/2026\/04\/28\/operativo-calle-libre-y-segura-zona-norte\/","og_site_name":"CV Noticias","article_published_time":"2026-04-28T19:24:19+00:00","article_modified_time":"2026-04-28T19:24:21+00:00","og_image":[{"width":1280,"height":960,"url":"https:\/\/cvnoticias.com\/nuevapagina\/wp-content\/uploads\/2026\/04\/WhatsApp-Image-2026-04-28-at-7.06.21-AM.jpeg","type":"image\/jpeg"}],"author":"CvNoticias","twitter_card":"summary_large_image","twitter_misc":{"Escrito por":"CvNoticias","Tiempo de lectura":"1 minuto"},"schema":{"@context":"https:\/\/schema.org","@graph":[{"@type":"Article","@id":"https:\/\/cvnoticias.com\/nuevapagina\/index.php\/2026\/04\/28\/operativo-calle-libre-y-segura-zona-norte\/#article","isPartOf":{"@id":"https:\/\/cvnoticias.com\/nuevapagina\/index.php\/2026\/04\/28\/operativo-calle-libre-y-segura-zona-norte\/"},"author":{"name":"CvNoticias","@id":"https:\/\/cvnoticias.com\/nuevapagina\/#\/schema\/person\/19e35f246421a31486be7321065f7463"},"headline":"Operativo Calle Libre y Segura | Zona Norte","datePublished":"2026-04-28T19:24:19+00:00","dateModified":"2026-04-28T19:24:21+00:00","mainEntityOfPage":{"@id":"https:\/\/cvnoticias.com\/nuevapagina\/index.php\/2026\/04\/28\/operativo-calle-libre-y-segura-zona-norte\/"},"wordCount":63,"commentCount":0,"publisher":{"@id":"https:\/\/cvnoticias.com\/nuevapagina\/#organization"},"image":{"@id":"https:\/\/cvnoticias.com\/nuevapagina\/index.php\/2026\/04\/28\/operativo-calle-libre-y-segura-zona-norte\/#primaryimage"},"thumbnailUrl":"https:\/\/cvnoticias.com\/nuevapagina\/wp-content\/uploads\/2026\/04\/WhatsApp-Image-2026-04-28-at-7.06.21-AM.jpeg","articleSection":["Comunicados"],"inLanguage":"es","potentialAction":[{"@type":"CommentAction","name":"Comment","target":["https:\/\/cvnoticias.com\/nuevapagina\/index.php\/2026\/04\/28\/operativo-calle-libre-y-segura-zona-norte\/#respond"]}]},{"@type":"WebPage","@id":"https:\/\/cvnoticias.com\/nuevapagina\/index.php\/2026\/04\/28\/operativo-calle-libre-y-segura-zona-norte\/","url":"https:\/\/cvnoticias.com\/nuevapagina\/index.php\/2026\/04\/28\/operativo-calle-libre-y-segura-zona-norte\/","name":"Operativo Calle Libre y Segura | Zona Norte - CV Noticias","isPartOf":{"@id":"https:\/\/cvnoticias.com\/nuevapagina\/#website"},"primaryImageOfPage":{"@id":"https:\/\/cvnoticias.com\/nuevapagina\/index.php\/2026\/04\/28\/operativo-calle-libre-y-segura-zona-norte\/#primaryimage"},"image":{"@id":"https:\/\/cvnoticias.com\/nuevapagina\/index.php\/2026\/04\/28\/operativo-calle-libre-y-segura-zona-norte\/#primaryimage"},"thumbnailUrl":"https:\/\/cvnoticias.com\/nuevapagina\/wp-content\/uploads\/2026\/04\/WhatsApp-Image-2026-04-28-at-7.06.21-AM.jpeg","datePublished":"2026-04-28T19:24:19+00:00","dateModified":"2026-04-28T19:24:21+00:00","breadcrumb":{"@id":"https:\/\/cvnoticias.com\/nuevapagina\/index.php\/2026\/04\/28\/operativo-calle-libre-y-segura-zona-norte\/#breadcrumb"},"inLanguage":"es","potentialAction":[{"@type":"ReadAction","target":["https:\/\/cvnoticias.com\/nuevapagina\/index.php\/2026\/04\/28\/operativo-calle-libre-y-segura-zona-norte\/"]}]},{"@type":"ImageObject","inLanguage":"es","@id":"https:\/\/cvnoticias.com\/nuevapagina\/index.php\/2026\/04\/28\/operativo-calle-libre-y-segura-zona-norte\/#primaryimage","url":"https:\/\/cvnoticias.com\/nuevapagina\/wp-content\/uploads\/2026\/04\/WhatsApp-Image-2026-04-28-at-7.06.21-AM.jpeg","contentUrl":"https:\/\/cvnoticias.com\/nuevapagina\/wp-content\/uploads\/2026\/04\/WhatsApp-Image-2026-04-28-at-7.06.21-AM.jpeg","width":1280,"height":960},{"@type":"BreadcrumbList","@id":"https:\/\/cvnoticias.com\/nuevapagina\/index.php\/2026\/04\/28\/operativo-calle-libre-y-segura-zona-norte\/#breadcrumb","itemListElement":[{"@type":"ListItem","position":1,"name":"Portada","item":"https:\/\/cvnoticias.com\/nuevapagina\/"},{"@type":"ListItem","position":2,"name":"Operativo Calle Libre y Segura | Zona Norte"}]},{"@type":"WebSite","@id":"https:\/\/cvnoticias.com\/nuevapagina\/#website","url":"https:\/\/cvnoticias.com\/nuevapagina\/","name":"CV Noticias","description":"Noticias de Oaxaca","publisher":{"@id":"https:\/\/cvnoticias.com\/nuevapagina\/#organization"},"potentialAction":[{"@type":"SearchAction","target":{"@type":"EntryPoint","urlTemplate":"https:\/\/cvnoticias.com\/nuevapagina\/?s={search_term_string}"},"query-input":{"@type":"PropertyValueSpecification","valueRequired":true,"valueName":"search_term_string"}}],"inLanguage":"es"},{"@type":"Organization","@id":"https:\/\/cvnoticias.com\/nuevapagina\/#organization","name":"CV Noticias","url":"https:\/\/cvnoticias.com\/nuevapagina\/","logo":{"@type":"ImageObject","inLanguage":"es","@id":"https:\/\/cvnoticias.com\/nuevapagina\/#\/schema\/logo\/image\/","url":"https:\/\/cvnoticias.com\/nuevapagina\/wp-content\/uploads\/2025\/05\/cropped-logo-1.png","contentUrl":"https:\/\/cvnoticias.com\/nuevapagina\/wp-content\/uploads\/2025\/05\/cropped-logo-1.png","width":320,"height":118,"caption":"CV Noticias"},"image":{"@id":"https:\/\/cvnoticias.com\/nuevapagina\/#\/schema\/logo\/image\/"}},{"@type":"Person","@id":"https:\/\/cvnoticias.com\/nuevapagina\/#\/schema\/person\/19e35f246421a31486be7321065f7463","name":"CvNoticias","image":{"@type":"ImageObject","inLanguage":"es","@id":"https:\/\/secure.gravatar.com\/avatar\/c3a4375d38fd8f9b34ac9e853cb706a079817c78f9a39e33b16a2b2b2e51688a?s=96&d=mm&r=g","url":"https:\/\/secure.gravatar.com\/avatar\/c3a4375d38fd8f9b34ac9e853cb706a079817c78f9a39e33b16a2b2b2e51688a?s=96&d=mm&r=g","contentUrl":"https:\/\/secure.gravatar.com\/avatar\/c3a4375d38fd8f9b34ac9e853cb706a079817c78f9a39e33b16a2b2b2e51688a?s=96&d=mm&r=g","caption":"CvNoticias"},"url":"https:\/\/cvnoticias.com\/nuevapagina\/index.php\/author\/gesner\/"}]}},"_links":{"self":[{"href":"https:\/\/cvnoticias.com\/nuevapagina\/index.php\/wp-json\/wp\/v2\/posts\/7555","targetHints":{"allow":["GET"]}}],"collection":[{"href":"https:\/\/cvnoticias.com\/nuevapagina\/index.php\/wp-json\/wp\/v2\/posts"}],"about":[{"href":"https:\/\/cvnoticias.com\/nuevapagina\/index.php\/wp-json\/wp\/v2\/types\/post"}],"author":[{"embeddable":true,"href":"https:\/\/cvnoticias.com\/nuevapagina\/index.php\/wp-json\/wp\/v2\/users\/2"}],"replies":[{"embeddable":true,"href":"https:\/\/cvnoticias.com\/nuevapagina\/index.php\/wp-json\/wp\/v2\/comments?post=7555"}],"version-history":[{"count":1,"href":"https:\/\/cvnoticias.com\/nuevapagina\/index.php\/wp-json\/wp\/v2\/posts\/7555\/revisions"}],"predecessor-version":[{"id":7556,"href":"https:\/\/cvnoticias.com\/nuevapagina\/index.php\/wp-json\/wp\/v2\/posts\/7555\/revisions\/7556"}],"wp:featuredmedia":[{"embeddable":true,"href":"https:\/\/cvnoticias.com\/nuevapagina\/index.php\/wp-json\/wp\/v2\/media\/7546"}],"wp:attachment":[{"href":"https:\/\/cvnoticias.com\/nuevapagina\/index.php\/wp-json\/wp\/v2\/media?parent=7555"}],"wp:term":[{"taxonomy":"category","embeddable":true,"href":"https:\/\/cvnoticias.com\/nuevapagina\/index.php\/wp-json\/wp\/v2\/categories?post=7555"},{"taxonomy":"post_tag","embeddable":true,"href":"https:\/\/cvnoticias.com\/nuevapagina\/index.php\/wp-json\/wp\/v2\/tags?post=7555"}],"curies":[{"name":"wp","href":"https:\/\/api.w.org\/{rel}","templated":true}]}}