{"id":7544,"date":"2026-04-28T19:18:12","date_gmt":"2026-04-28T19:18:12","guid":{"rendered":"https:\/\/cvnoticias.com\/nuevapagina\/?p=7544"},"modified":"2026-04-28T19:18:13","modified_gmt":"2026-04-28T19:18:13","slug":"presentan-iniciativa-para-reconocer-ciudadania-oaxaquena-a-hijas-e-hijos-de-migrantes-nacidos-en-el-extranjero","status":"publish","type":"post","link":"https:\/\/cvnoticias.com\/nuevapagina\/index.php\/2026\/04\/28\/presentan-iniciativa-para-reconocer-ciudadania-oaxaquena-a-hijas-e-hijos-de-migrantes-nacidos-en-el-extranjero\/","title":{"rendered":"Presentan iniciativa para reconocer ciudadan\u00eda oaxaque\u00f1a a hijas e hijos de migrantes nacidos en el extranjero"},"content":{"rendered":"\n<ul class=\"wp-block-list\">\n<li>La propuesta busca armonizar la ley estatal con la federal y garantizar los derechos de las nuevas generaciones en el exterior<\/li>\n<\/ul>\n\n\n\n<p>San Raymundo Jalpan, Oax., a 27 de abril de 2026.- Para fortalecer los lazos culturales con la comunidad migrante, el diputado Javier Casique Z\u00e1rate, integrante del Partido Revolucionario Institucional (PRI), present\u00f3 ante el Congreso del Estado una Iniciativa de Reforma que plantea reconocer formalmente como ciudadanas y ciudadanos oaxaque\u00f1os a las personas nacidas en el extranjero que sean hijas o hijos de madre o padre oaxaque\u00f1os.<\/p>\n\n\n\n<p>De acuerdo con el Proyecto de Decreto, esta modificaci\u00f3n busca otorgar certeza jur\u00eddica e igualdad a quienes, por filiaci\u00f3n, mantienen un v\u00ednculo directo con sus comunidades de origen. El legislador se\u00f1al\u00f3 que el lugar de nacimiento no debe ser un criterio de exclusi\u00f3n cuando existe un lazo jur\u00eddico y familiar leg\u00edtimo con la entidad.<\/p>\n\n\n\n<p>En la exposici\u00f3n de motivos, el diputado Casique Z\u00e1rate afirm\u00f3 que la inclusi\u00f3n constitucional es indispensable para que la ciudadan\u00eda del Estado refleje fielmente su realidad social y migratoria. \u00abEstas personas forman parte activa de nuestra comunidad por su origen, lazos familiares y participaci\u00f3n permanente en la vida cultural, social y econ\u00f3mica de sus localidades de ascendencia\u00bb, subray\u00f3.<\/p>\n\n\n\n<p>Asimismo, destac\u00f3 que reconocerlos como oaxaque\u00f1as y oaxaque\u00f1os no solo evita interpretaciones restrictivas del texto constitucional, sino que fortalece la justicia social y la continuidad hist\u00f3rica del pueblo de Oaxaca, reafirmando el car\u00e1cter incluyente y plural de la Constituci\u00f3n local.<\/p>\n\n\n\n<p>Esta propuesta se alinea con el exhorto aprobado por el Senado de la Rep\u00fablica el pasado 9 de diciembre de 2025, el cual inst\u00f3 a las entidades federativas a adecuar sus marcos legales para reconocer la identidad jur\u00eddica de las y los hijos de mexicanos nacidos en el exterior.<\/p>\n\n\n\n<p>Por ello, la iniciativa busca dotar de mayor claridad y coherencia normativa al texto constitucional local, armoniz\u00e1ndolo con la Constituci\u00f3n Federal y con los criterios legislativos que reconocen la realidad migratoria del pa\u00eds y de la entidad.<\/p>\n\n\n\n<p>La iniciativa, presentada en Sesi\u00f3n Ordinaria del 13 de enero del a\u00f1o en curso, fue turnada por la Mesa Directiva a la Comisi\u00f3n Permanente de Estudios Constitucionales para su estudio y dictamen.<\/p>\n","protected":false},"excerpt":{"rendered":"<p>San Raymundo Jalpan, Oax., a 27 de abril de 2026.- Para fortalecer los lazos culturales&#8230;<\/p>\n","protected":false},"author":2,"featured_media":7548,"comment_status":"open","ping_status":"closed","sticky":false,"template":"","format":"standard","meta":{"footnotes":""},"categories":[3],"tags":[],"class_list":["post-7544","post","type-post","status-publish","format-standard","has-post-thumbnail","hentry","category-comunicadosdeprensa"],"yoast_head":"<!-- This site is optimized with the Yoast SEO plugin v27.5 - https:\/\/yoast.com\/product\/yoast-seo-wordpress\/ -->\n<title>Presentan iniciativa para reconocer ciudadan\u00eda oaxaque\u00f1a a hijas e hijos de migrantes nacidos en el extranjero - CV Noticias<\/title>\n<meta name=\"robots\" content=\"index, follow, max-snippet:-1, max-image-preview:large, max-video-preview:-1\" \/>\n<link rel=\"canonical\" href=\"https:\/\/cvnoticias.com\/nuevapagina\/index.php\/2026\/04\/28\/presentan-iniciativa-para-reconocer-ciudadania-oaxaquena-a-hijas-e-hijos-de-migrantes-nacidos-en-el-extranjero\/\" \/>\n<meta property=\"og:locale\" content=\"es_ES\" \/>\n<meta property=\"og:type\" content=\"article\" \/>\n<meta property=\"og:title\" content=\"Presentan iniciativa para reconocer ciudadan\u00eda oaxaque\u00f1a a hijas e hijos de migrantes nacidos en el extranjero - CV Noticias\" \/>\n<meta property=\"og:description\" content=\"San Raymundo Jalpan, Oax., a 27 de abril de 2026.- Para fortalecer los lazos culturales...\" \/>\n<meta property=\"og:url\" content=\"https:\/\/cvnoticias.com\/nuevapagina\/index.php\/2026\/04\/28\/presentan-iniciativa-para-reconocer-ciudadania-oaxaquena-a-hijas-e-hijos-de-migrantes-nacidos-en-el-extranjero\/\" \/>\n<meta property=\"og:site_name\" content=\"CV Noticias\" \/>\n<meta property=\"article:published_time\" content=\"2026-04-28T19:18:12+00:00\" \/>\n<meta property=\"article:modified_time\" content=\"2026-04-28T19:18:13+00:00\" \/>\n<meta property=\"og:image\" content=\"https:\/\/cvnoticias.com\/nuevapagina\/wp-content\/uploads\/2026\/04\/WhatsApp-Image-2026-04-28-at-7.04.53-AM.jpeg\" \/>\n\t<meta property=\"og:image:width\" content=\"1280\" \/>\n\t<meta property=\"og:image:height\" content=\"853\" \/>\n\t<meta property=\"og:image:type\" content=\"image\/jpeg\" \/>\n<meta name=\"author\" content=\"CvNoticias\" \/>\n<meta name=\"twitter:card\" content=\"summary_large_image\" \/>\n<meta name=\"twitter:label1\" content=\"Escrito por\" \/>\n\t<meta name=\"twitter:data1\" content=\"CvNoticias\" \/>\n\t<meta name=\"twitter:label2\" content=\"Tiempo de lectura\" \/>\n\t<meta name=\"twitter:data2\" content=\"2 minutos\" \/>\n<script type=\"application\/ld+json\" class=\"yoast-schema-graph\">{\"@context\":\"https:\\\/\\\/schema.org\",\"@graph\":[{\"@type\":\"Article\",\"@id\":\"https:\\\/\\\/cvnoticias.com\\\/nuevapagina\\\/index.php\\\/2026\\\/04\\\/28\\\/presentan-iniciativa-para-reconocer-ciudadania-oaxaquena-a-hijas-e-hijos-de-migrantes-nacidos-en-el-extranjero\\\/#article\",\"isPartOf\":{\"@id\":\"https:\\\/\\\/cvnoticias.com\\\/nuevapagina\\\/index.php\\\/2026\\\/04\\\/28\\\/presentan-iniciativa-para-reconocer-ciudadania-oaxaquena-a-hijas-e-hijos-de-migrantes-nacidos-en-el-extranjero\\\/\"},\"author\":{\"name\":\"CvNoticias\",\"@id\":\"https:\\\/\\\/cvnoticias.com\\\/nuevapagina\\\/#\\\/schema\\\/person\\\/19e35f246421a31486be7321065f7463\"},\"headline\":\"Presentan iniciativa para reconocer ciudadan\u00eda oaxaque\u00f1a a hijas e hijos de migrantes nacidos en el extranjero\",\"datePublished\":\"2026-04-28T19:18:12+00:00\",\"dateModified\":\"2026-04-28T19:18:13+00:00\",\"mainEntityOfPage\":{\"@id\":\"https:\\\/\\\/cvnoticias.com\\\/nuevapagina\\\/index.php\\\/2026\\\/04\\\/28\\\/presentan-iniciativa-para-reconocer-ciudadania-oaxaquena-a-hijas-e-hijos-de-migrantes-nacidos-en-el-extranjero\\\/\"},\"wordCount\":401,\"commentCount\":0,\"publisher\":{\"@id\":\"https:\\\/\\\/cvnoticias.com\\\/nuevapagina\\\/#organization\"},\"image\":{\"@id\":\"https:\\\/\\\/cvnoticias.com\\\/nuevapagina\\\/index.php\\\/2026\\\/04\\\/28\\\/presentan-iniciativa-para-reconocer-ciudadania-oaxaquena-a-hijas-e-hijos-de-migrantes-nacidos-en-el-extranjero\\\/#primaryimage\"},\"thumbnailUrl\":\"https:\\\/\\\/cvnoticias.com\\\/nuevapagina\\\/wp-content\\\/uploads\\\/2026\\\/04\\\/WhatsApp-Image-2026-04-28-at-7.04.53-AM.jpeg\",\"articleSection\":[\"Comunicados\"],\"inLanguage\":\"es\",\"potentialAction\":[{\"@type\":\"CommentAction\",\"name\":\"Comment\",\"target\":[\"https:\\\/\\\/cvnoticias.com\\\/nuevapagina\\\/index.php\\\/2026\\\/04\\\/28\\\/presentan-iniciativa-para-reconocer-ciudadania-oaxaquena-a-hijas-e-hijos-de-migrantes-nacidos-en-el-extranjero\\\/#respond\"]}]},{\"@type\":\"WebPage\",\"@id\":\"https:\\\/\\\/cvnoticias.com\\\/nuevapagina\\\/index.php\\\/2026\\\/04\\\/28\\\/presentan-iniciativa-para-reconocer-ciudadania-oaxaquena-a-hijas-e-hijos-de-migrantes-nacidos-en-el-extranjero\\\/\",\"url\":\"https:\\\/\\\/cvnoticias.com\\\/nuevapagina\\\/index.php\\\/2026\\\/04\\\/28\\\/presentan-iniciativa-para-reconocer-ciudadania-oaxaquena-a-hijas-e-hijos-de-migrantes-nacidos-en-el-extranjero\\\/\",\"name\":\"Presentan iniciativa para reconocer ciudadan\u00eda oaxaque\u00f1a a hijas e hijos de migrantes nacidos en el extranjero - CV Noticias\",\"isPartOf\":{\"@id\":\"https:\\\/\\\/cvnoticias.com\\\/nuevapagina\\\/#website\"},\"primaryImageOfPage\":{\"@id\":\"https:\\\/\\\/cvnoticias.com\\\/nuevapagina\\\/index.php\\\/2026\\\/04\\\/28\\\/presentan-iniciativa-para-reconocer-ciudadania-oaxaquena-a-hijas-e-hijos-de-migrantes-nacidos-en-el-extranjero\\\/#primaryimage\"},\"image\":{\"@id\":\"https:\\\/\\\/cvnoticias.com\\\/nuevapagina\\\/index.php\\\/2026\\\/04\\\/28\\\/presentan-iniciativa-para-reconocer-ciudadania-oaxaquena-a-hijas-e-hijos-de-migrantes-nacidos-en-el-extranjero\\\/#primaryimage\"},\"thumbnailUrl\":\"https:\\\/\\\/cvnoticias.com\\\/nuevapagina\\\/wp-content\\\/uploads\\\/2026\\\/04\\\/WhatsApp-Image-2026-04-28-at-7.04.53-AM.jpeg\",\"datePublished\":\"2026-04-28T19:18:12+00:00\",\"dateModified\":\"2026-04-28T19:18:13+00:00\",\"breadcrumb\":{\"@id\":\"https:\\\/\\\/cvnoticias.com\\\/nuevapagina\\\/index.php\\\/2026\\\/04\\\/28\\\/presentan-iniciativa-para-reconocer-ciudadania-oaxaquena-a-hijas-e-hijos-de-migrantes-nacidos-en-el-extranjero\\\/#breadcrumb\"},\"inLanguage\":\"es\",\"potentialAction\":[{\"@type\":\"ReadAction\",\"target\":[\"https:\\\/\\\/cvnoticias.com\\\/nuevapagina\\\/index.php\\\/2026\\\/04\\\/28\\\/presentan-iniciativa-para-reconocer-ciudadania-oaxaquena-a-hijas-e-hijos-de-migrantes-nacidos-en-el-extranjero\\\/\"]}]},{\"@type\":\"ImageObject\",\"inLanguage\":\"es\",\"@id\":\"https:\\\/\\\/cvnoticias.com\\\/nuevapagina\\\/index.php\\\/2026\\\/04\\\/28\\\/presentan-iniciativa-para-reconocer-ciudadania-oaxaquena-a-hijas-e-hijos-de-migrantes-nacidos-en-el-extranjero\\\/#primaryimage\",\"url\":\"https:\\\/\\\/cvnoticias.com\\\/nuevapagina\\\/wp-content\\\/uploads\\\/2026\\\/04\\\/WhatsApp-Image-2026-04-28-at-7.04.53-AM.jpeg\",\"contentUrl\":\"https:\\\/\\\/cvnoticias.com\\\/nuevapagina\\\/wp-content\\\/uploads\\\/2026\\\/04\\\/WhatsApp-Image-2026-04-28-at-7.04.53-AM.jpeg\",\"width\":1280,\"height\":853},{\"@type\":\"BreadcrumbList\",\"@id\":\"https:\\\/\\\/cvnoticias.com\\\/nuevapagina\\\/index.php\\\/2026\\\/04\\\/28\\\/presentan-iniciativa-para-reconocer-ciudadania-oaxaquena-a-hijas-e-hijos-de-migrantes-nacidos-en-el-extranjero\\\/#breadcrumb\",\"itemListElement\":[{\"@type\":\"ListItem\",\"position\":1,\"name\":\"Portada\",\"item\":\"https:\\\/\\\/cvnoticias.com\\\/nuevapagina\\\/\"},{\"@type\":\"ListItem\",\"position\":2,\"name\":\"Presentan iniciativa para reconocer ciudadan\u00eda oaxaque\u00f1a a hijas e hijos de migrantes nacidos en el extranjero\"}]},{\"@type\":\"WebSite\",\"@id\":\"https:\\\/\\\/cvnoticias.com\\\/nuevapagina\\\/#website\",\"url\":\"https:\\\/\\\/cvnoticias.com\\\/nuevapagina\\\/\",\"name\":\"CV Noticias\",\"description\":\"Noticias de Oaxaca\",\"publisher\":{\"@id\":\"https:\\\/\\\/cvnoticias.com\\\/nuevapagina\\\/#organization\"},\"potentialAction\":[{\"@type\":\"SearchAction\",\"target\":{\"@type\":\"EntryPoint\",\"urlTemplate\":\"https:\\\/\\\/cvnoticias.com\\\/nuevapagina\\\/?s={search_term_string}\"},\"query-input\":{\"@type\":\"PropertyValueSpecification\",\"valueRequired\":true,\"valueName\":\"search_term_string\"}}],\"inLanguage\":\"es\"},{\"@type\":\"Organization\",\"@id\":\"https:\\\/\\\/cvnoticias.com\\\/nuevapagina\\\/#organization\",\"name\":\"CV Noticias\",\"url\":\"https:\\\/\\\/cvnoticias.com\\\/nuevapagina\\\/\",\"logo\":{\"@type\":\"ImageObject\",\"inLanguage\":\"es\",\"@id\":\"https:\\\/\\\/cvnoticias.com\\\/nuevapagina\\\/#\\\/schema\\\/logo\\\/image\\\/\",\"url\":\"https:\\\/\\\/cvnoticias.com\\\/nuevapagina\\\/wp-content\\\/uploads\\\/2025\\\/05\\\/cropped-logo-1.png\",\"contentUrl\":\"https:\\\/\\\/cvnoticias.com\\\/nuevapagina\\\/wp-content\\\/uploads\\\/2025\\\/05\\\/cropped-logo-1.png\",\"width\":320,\"height\":118,\"caption\":\"CV Noticias\"},\"image\":{\"@id\":\"https:\\\/\\\/cvnoticias.com\\\/nuevapagina\\\/#\\\/schema\\\/logo\\\/image\\\/\"}},{\"@type\":\"Person\",\"@id\":\"https:\\\/\\\/cvnoticias.com\\\/nuevapagina\\\/#\\\/schema\\\/person\\\/19e35f246421a31486be7321065f7463\",\"name\":\"CvNoticias\",\"image\":{\"@type\":\"ImageObject\",\"inLanguage\":\"es\",\"@id\":\"https:\\\/\\\/secure.gravatar.com\\\/avatar\\\/c3a4375d38fd8f9b34ac9e853cb706a079817c78f9a39e33b16a2b2b2e51688a?s=96&d=mm&r=g\",\"url\":\"https:\\\/\\\/secure.gravatar.com\\\/avatar\\\/c3a4375d38fd8f9b34ac9e853cb706a079817c78f9a39e33b16a2b2b2e51688a?s=96&d=mm&r=g\",\"contentUrl\":\"https:\\\/\\\/secure.gravatar.com\\\/avatar\\\/c3a4375d38fd8f9b34ac9e853cb706a079817c78f9a39e33b16a2b2b2e51688a?s=96&d=mm&r=g\",\"caption\":\"CvNoticias\"},\"url\":\"https:\\\/\\\/cvnoticias.com\\\/nuevapagina\\\/index.php\\\/author\\\/gesner\\\/\"}]}<\/script>\n<!-- \/ Yoast SEO plugin. -->","yoast_head_json":{"title":"Presentan iniciativa para reconocer ciudadan\u00eda oaxaque\u00f1a a hijas e hijos de migrantes nacidos en el extranjero - CV Noticias","robots":{"index":"index","follow":"follow","max-snippet":"max-snippet:-1","max-image-preview":"max-image-preview:large","max-video-preview":"max-video-preview:-1"},"canonical":"https:\/\/cvnoticias.com\/nuevapagina\/index.php\/2026\/04\/28\/presentan-iniciativa-para-reconocer-ciudadania-oaxaquena-a-hijas-e-hijos-de-migrantes-nacidos-en-el-extranjero\/","og_locale":"es_ES","og_type":"article","og_title":"Presentan iniciativa para reconocer ciudadan\u00eda oaxaque\u00f1a a hijas e hijos de migrantes nacidos en el extranjero - CV Noticias","og_description":"San Raymundo Jalpan, Oax., a 27 de abril de 2026.- Para fortalecer los lazos culturales...","og_url":"https:\/\/cvnoticias.com\/nuevapagina\/index.php\/2026\/04\/28\/presentan-iniciativa-para-reconocer-ciudadania-oaxaquena-a-hijas-e-hijos-de-migrantes-nacidos-en-el-extranjero\/","og_site_name":"CV Noticias","article_published_time":"2026-04-28T19:18:12+00:00","article_modified_time":"2026-04-28T19:18:13+00:00","og_image":[{"width":1280,"height":853,"url":"https:\/\/cvnoticias.com\/nuevapagina\/wp-content\/uploads\/2026\/04\/WhatsApp-Image-2026-04-28-at-7.04.53-AM.jpeg","type":"image\/jpeg"}],"author":"CvNoticias","twitter_card":"summary_large_image","twitter_misc":{"Escrito por":"CvNoticias","Tiempo de lectura":"2 minutos"},"schema":{"@context":"https:\/\/schema.org","@graph":[{"@type":"Article","@id":"https:\/\/cvnoticias.com\/nuevapagina\/index.php\/2026\/04\/28\/presentan-iniciativa-para-reconocer-ciudadania-oaxaquena-a-hijas-e-hijos-de-migrantes-nacidos-en-el-extranjero\/#article","isPartOf":{"@id":"https:\/\/cvnoticias.com\/nuevapagina\/index.php\/2026\/04\/28\/presentan-iniciativa-para-reconocer-ciudadania-oaxaquena-a-hijas-e-hijos-de-migrantes-nacidos-en-el-extranjero\/"},"author":{"name":"CvNoticias","@id":"https:\/\/cvnoticias.com\/nuevapagina\/#\/schema\/person\/19e35f246421a31486be7321065f7463"},"headline":"Presentan iniciativa para reconocer ciudadan\u00eda oaxaque\u00f1a a hijas e hijos de migrantes nacidos en el extranjero","datePublished":"2026-04-28T19:18:12+00:00","dateModified":"2026-04-28T19:18:13+00:00","mainEntityOfPage":{"@id":"https:\/\/cvnoticias.com\/nuevapagina\/index.php\/2026\/04\/28\/presentan-iniciativa-para-reconocer-ciudadania-oaxaquena-a-hijas-e-hijos-de-migrantes-nacidos-en-el-extranjero\/"},"wordCount":401,"commentCount":0,"publisher":{"@id":"https:\/\/cvnoticias.com\/nuevapagina\/#organization"},"image":{"@id":"https:\/\/cvnoticias.com\/nuevapagina\/index.php\/2026\/04\/28\/presentan-iniciativa-para-reconocer-ciudadania-oaxaquena-a-hijas-e-hijos-de-migrantes-nacidos-en-el-extranjero\/#primaryimage"},"thumbnailUrl":"https:\/\/cvnoticias.com\/nuevapagina\/wp-content\/uploads\/2026\/04\/WhatsApp-Image-2026-04-28-at-7.04.53-AM.jpeg","articleSection":["Comunicados"],"inLanguage":"es","potentialAction":[{"@type":"CommentAction","name":"Comment","target":["https:\/\/cvnoticias.com\/nuevapagina\/index.php\/2026\/04\/28\/presentan-iniciativa-para-reconocer-ciudadania-oaxaquena-a-hijas-e-hijos-de-migrantes-nacidos-en-el-extranjero\/#respond"]}]},{"@type":"WebPage","@id":"https:\/\/cvnoticias.com\/nuevapagina\/index.php\/2026\/04\/28\/presentan-iniciativa-para-reconocer-ciudadania-oaxaquena-a-hijas-e-hijos-de-migrantes-nacidos-en-el-extranjero\/","url":"https:\/\/cvnoticias.com\/nuevapagina\/index.php\/2026\/04\/28\/presentan-iniciativa-para-reconocer-ciudadania-oaxaquena-a-hijas-e-hijos-de-migrantes-nacidos-en-el-extranjero\/","name":"Presentan iniciativa para reconocer ciudadan\u00eda oaxaque\u00f1a a hijas e hijos de migrantes nacidos en el extranjero - CV Noticias","isPartOf":{"@id":"https:\/\/cvnoticias.com\/nuevapagina\/#website"},"primaryImageOfPage":{"@id":"https:\/\/cvnoticias.com\/nuevapagina\/index.php\/2026\/04\/28\/presentan-iniciativa-para-reconocer-ciudadania-oaxaquena-a-hijas-e-hijos-de-migrantes-nacidos-en-el-extranjero\/#primaryimage"},"image":{"@id":"https:\/\/cvnoticias.com\/nuevapagina\/index.php\/2026\/04\/28\/presentan-iniciativa-para-reconocer-ciudadania-oaxaquena-a-hijas-e-hijos-de-migrantes-nacidos-en-el-extranjero\/#primaryimage"},"thumbnailUrl":"https:\/\/cvnoticias.com\/nuevapagina\/wp-content\/uploads\/2026\/04\/WhatsApp-Image-2026-04-28-at-7.04.53-AM.jpeg","datePublished":"2026-04-28T19:18:12+00:00","dateModified":"2026-04-28T19:18:13+00:00","breadcrumb":{"@id":"https:\/\/cvnoticias.com\/nuevapagina\/index.php\/2026\/04\/28\/presentan-iniciativa-para-reconocer-ciudadania-oaxaquena-a-hijas-e-hijos-de-migrantes-nacidos-en-el-extranjero\/#breadcrumb"},"inLanguage":"es","potentialAction":[{"@type":"ReadAction","target":["https:\/\/cvnoticias.com\/nuevapagina\/index.php\/2026\/04\/28\/presentan-iniciativa-para-reconocer-ciudadania-oaxaquena-a-hijas-e-hijos-de-migrantes-nacidos-en-el-extranjero\/"]}]},{"@type":"ImageObject","inLanguage":"es","@id":"https:\/\/cvnoticias.com\/nuevapagina\/index.php\/2026\/04\/28\/presentan-iniciativa-para-reconocer-ciudadania-oaxaquena-a-hijas-e-hijos-de-migrantes-nacidos-en-el-extranjero\/#primaryimage","url":"https:\/\/cvnoticias.com\/nuevapagina\/wp-content\/uploads\/2026\/04\/WhatsApp-Image-2026-04-28-at-7.04.53-AM.jpeg","contentUrl":"https:\/\/cvnoticias.com\/nuevapagina\/wp-content\/uploads\/2026\/04\/WhatsApp-Image-2026-04-28-at-7.04.53-AM.jpeg","width":1280,"height":853},{"@type":"BreadcrumbList","@id":"https:\/\/cvnoticias.com\/nuevapagina\/index.php\/2026\/04\/28\/presentan-iniciativa-para-reconocer-ciudadania-oaxaquena-a-hijas-e-hijos-de-migrantes-nacidos-en-el-extranjero\/#breadcrumb","itemListElement":[{"@type":"ListItem","position":1,"name":"Portada","item":"https:\/\/cvnoticias.com\/nuevapagina\/"},{"@type":"ListItem","position":2,"name":"Presentan iniciativa para reconocer ciudadan\u00eda oaxaque\u00f1a a hijas e hijos de migrantes nacidos en el extranjero"}]},{"@type":"WebSite","@id":"https:\/\/cvnoticias.com\/nuevapagina\/#website","url":"https:\/\/cvnoticias.com\/nuevapagina\/","name":"CV Noticias","description":"Noticias de Oaxaca","publisher":{"@id":"https:\/\/cvnoticias.com\/nuevapagina\/#organization"},"potentialAction":[{"@type":"SearchAction","target":{"@type":"EntryPoint","urlTemplate":"https:\/\/cvnoticias.com\/nuevapagina\/?s={search_term_string}"},"query-input":{"@type":"PropertyValueSpecification","valueRequired":true,"valueName":"search_term_string"}}],"inLanguage":"es"},{"@type":"Organization","@id":"https:\/\/cvnoticias.com\/nuevapagina\/#organization","name":"CV Noticias","url":"https:\/\/cvnoticias.com\/nuevapagina\/","logo":{"@type":"ImageObject","inLanguage":"es","@id":"https:\/\/cvnoticias.com\/nuevapagina\/#\/schema\/logo\/image\/","url":"https:\/\/cvnoticias.com\/nuevapagina\/wp-content\/uploads\/2025\/05\/cropped-logo-1.png","contentUrl":"https:\/\/cvnoticias.com\/nuevapagina\/wp-content\/uploads\/2025\/05\/cropped-logo-1.png","width":320,"height":118,"caption":"CV Noticias"},"image":{"@id":"https:\/\/cvnoticias.com\/nuevapagina\/#\/schema\/logo\/image\/"}},{"@type":"Person","@id":"https:\/\/cvnoticias.com\/nuevapagina\/#\/schema\/person\/19e35f246421a31486be7321065f7463","name":"CvNoticias","image":{"@type":"ImageObject","inLanguage":"es","@id":"https:\/\/secure.gravatar.com\/avatar\/c3a4375d38fd8f9b34ac9e853cb706a079817c78f9a39e33b16a2b2b2e51688a?s=96&d=mm&r=g","url":"https:\/\/secure.gravatar.com\/avatar\/c3a4375d38fd8f9b34ac9e853cb706a079817c78f9a39e33b16a2b2b2e51688a?s=96&d=mm&r=g","contentUrl":"https:\/\/secure.gravatar.com\/avatar\/c3a4375d38fd8f9b34ac9e853cb706a079817c78f9a39e33b16a2b2b2e51688a?s=96&d=mm&r=g","caption":"CvNoticias"},"url":"https:\/\/cvnoticias.com\/nuevapagina\/index.php\/author\/gesner\/"}]}},"_links":{"self":[{"href":"https:\/\/cvnoticias.com\/nuevapagina\/index.php\/wp-json\/wp\/v2\/posts\/7544","targetHints":{"allow":["GET"]}}],"collection":[{"href":"https:\/\/cvnoticias.com\/nuevapagina\/index.php\/wp-json\/wp\/v2\/posts"}],"about":[{"href":"https:\/\/cvnoticias.com\/nuevapagina\/index.php\/wp-json\/wp\/v2\/types\/post"}],"author":[{"embeddable":true,"href":"https:\/\/cvnoticias.com\/nuevapagina\/index.php\/wp-json\/wp\/v2\/users\/2"}],"replies":[{"embeddable":true,"href":"https:\/\/cvnoticias.com\/nuevapagina\/index.php\/wp-json\/wp\/v2\/comments?post=7544"}],"version-history":[{"count":1,"href":"https:\/\/cvnoticias.com\/nuevapagina\/index.php\/wp-json\/wp\/v2\/posts\/7544\/revisions"}],"predecessor-version":[{"id":7550,"href":"https:\/\/cvnoticias.com\/nuevapagina\/index.php\/wp-json\/wp\/v2\/posts\/7544\/revisions\/7550"}],"wp:featuredmedia":[{"embeddable":true,"href":"https:\/\/cvnoticias.com\/nuevapagina\/index.php\/wp-json\/wp\/v2\/media\/7548"}],"wp:attachment":[{"href":"https:\/\/cvnoticias.com\/nuevapagina\/index.php\/wp-json\/wp\/v2\/media?parent=7544"}],"wp:term":[{"taxonomy":"category","embeddable":true,"href":"https:\/\/cvnoticias.com\/nuevapagina\/index.php\/wp-json\/wp\/v2\/categories?post=7544"},{"taxonomy":"post_tag","embeddable":true,"href":"https:\/\/cvnoticias.com\/nuevapagina\/index.php\/wp-json\/wp\/v2\/tags?post=7544"}],"curies":[{"name":"wp","href":"https:\/\/api.w.org\/{rel}","templated":true}]}}