{"id":7538,"date":"2026-04-28T16:50:59","date_gmt":"2026-04-28T16:50:59","guid":{"rendered":"https:\/\/cvnoticias.com\/nuevapagina\/?p=7538"},"modified":"2026-04-28T16:51:02","modified_gmt":"2026-04-28T16:51:02","slug":"firman-gobierno-de-oaxaca-y-stpeidceo-convenio-del-pliego-petitorio-2026","status":"publish","type":"post","link":"https:\/\/cvnoticias.com\/nuevapagina\/index.php\/2026\/04\/28\/firman-gobierno-de-oaxaca-y-stpeidceo-convenio-del-pliego-petitorio-2026\/","title":{"rendered":"Firman Gobierno de Oaxaca y STPEIDCEO Convenio del Pliego Petitorio 2026"},"content":{"rendered":"\n<p>El titular del Poder Ejecutivo, Salom\u00f3n Jara Cruz reiter\u00f3 su total respeto y respaldo a las y los agremiados<\/p>\n\n\n\n<p>Oaxaca de Ju\u00e1rez, Oax. 27 de abril de 2026.- El Gobierno del Estado y el Sindicato de Trabajadores de los Poderes del Estado e Instituciones Descentralizadas de Car\u00e1cter Estatal de Oaxaca (STPEIDCEO) firmaron este 27 de abril el Convenio del Pliego Petitorio 2026.<\/p>\n\n\n\n<p>Dentro de la ceremonia realizada en Palacio de Gobierno, el titular del Poder Ejecutivo Salom\u00f3n Jara Cruz destac\u00f3 que este acto representa la expresi\u00f3n leg\u00edtima de quienes, con su esfuerzo cotidiano sostienen el funcionamiento de diversas instituciones.<\/p>\n\n\n\n<p>\u201cUstedes son aliadas y aliados indiscutibles de la transformaci\u00f3n de Oaxaca, desde cada oficina, dependencia y espacio de atenci\u00f3n para la ciudadan\u00eda, su trabajo hace posible que los derechos se materialicen y que las pol\u00edticas p\u00fablicas lleguen a donde m\u00e1s se necesitan\u201d, resalt\u00f3.<\/p>\n\n\n\n<p>En tanto, el titular de la Secretar\u00eda de Administraci\u00f3n, No\u00e9 Hern\u00e1ndez Rito enfatiz\u00f3 que este evento no solo es un tr\u00e1mite, sino responsabilidad institucional y compromiso leg\u00edtimo con la prosperidad de las y los trabajadores al servicio del estado.<\/p>\n\n\n\n<p>\u201cCuando hay di\u00e1logo verdadero y escucha sincera se siembran las bases de la paz laboral y estabilidad que Oaxaca merece. Tenemos la certeza de que cuando hay voluntad por caminar y trabajar juntos, los resultados llegan y benefician a todas y todos\u201d, finaliz\u00f3.<\/p>\n\n\n\n<p>Por su parte, la secretaria general del STPEIDCEO, Carmen Z\u00e1rate Rojas indic\u00f3 que, con la firma de este acuerdo, se refleja una negociaci\u00f3n seria, responsable y con visi\u00f3n, lo que se traduce en mejores condiciones para las y los agremiados al sindicato.<\/p>\n\n\n\n<p><\/p>\n","protected":false},"excerpt":{"rendered":"<p>El titular del Poder Ejecutivo, Salom\u00f3n Jara Cruz reiter\u00f3 su total respeto y respaldo a&#8230;<\/p>\n","protected":false},"author":2,"featured_media":7539,"comment_status":"open","ping_status":"closed","sticky":false,"template":"","format":"standard","meta":{"footnotes":""},"categories":[3],"tags":[],"class_list":["post-7538","post","type-post","status-publish","format-standard","has-post-thumbnail","hentry","category-comunicadosdeprensa"],"yoast_head":"<!-- This site is optimized with the Yoast SEO plugin v27.5 - https:\/\/yoast.com\/product\/yoast-seo-wordpress\/ -->\n<title>Firman Gobierno de Oaxaca y STPEIDCEO Convenio del Pliego Petitorio 2026 - CV Noticias<\/title>\n<meta name=\"robots\" content=\"index, follow, max-snippet:-1, max-image-preview:large, max-video-preview:-1\" \/>\n<link rel=\"canonical\" href=\"https:\/\/cvnoticias.com\/nuevapagina\/index.php\/2026\/04\/28\/firman-gobierno-de-oaxaca-y-stpeidceo-convenio-del-pliego-petitorio-2026\/\" \/>\n<meta property=\"og:locale\" content=\"es_ES\" \/>\n<meta property=\"og:type\" content=\"article\" \/>\n<meta property=\"og:title\" content=\"Firman Gobierno de Oaxaca y STPEIDCEO Convenio del Pliego Petitorio 2026 - CV Noticias\" \/>\n<meta property=\"og:description\" content=\"El titular del Poder Ejecutivo, Salom\u00f3n Jara Cruz reiter\u00f3 su total respeto y respaldo a...\" \/>\n<meta property=\"og:url\" content=\"https:\/\/cvnoticias.com\/nuevapagina\/index.php\/2026\/04\/28\/firman-gobierno-de-oaxaca-y-stpeidceo-convenio-del-pliego-petitorio-2026\/\" \/>\n<meta property=\"og:site_name\" content=\"CV Noticias\" \/>\n<meta property=\"article:published_time\" content=\"2026-04-28T16:50:59+00:00\" \/>\n<meta property=\"article:modified_time\" content=\"2026-04-28T16:51:02+00:00\" \/>\n<meta property=\"og:image\" content=\"https:\/\/cvnoticias.com\/nuevapagina\/wp-content\/uploads\/2026\/04\/d62509ce-3e1b-42e3-8df9-2b8a3350d87e.jpeg\" \/>\n\t<meta property=\"og:image:width\" content=\"1280\" \/>\n\t<meta property=\"og:image:height\" content=\"854\" \/>\n\t<meta property=\"og:image:type\" content=\"image\/jpeg\" \/>\n<meta name=\"author\" content=\"CvNoticias\" \/>\n<meta name=\"twitter:card\" content=\"summary_large_image\" \/>\n<meta name=\"twitter:label1\" content=\"Escrito por\" \/>\n\t<meta name=\"twitter:data1\" content=\"CvNoticias\" \/>\n\t<meta name=\"twitter:label2\" content=\"Tiempo de lectura\" \/>\n\t<meta name=\"twitter:data2\" content=\"2 minutos\" \/>\n<script type=\"application\/ld+json\" class=\"yoast-schema-graph\">{\"@context\":\"https:\\\/\\\/schema.org\",\"@graph\":[{\"@type\":\"Article\",\"@id\":\"https:\\\/\\\/cvnoticias.com\\\/nuevapagina\\\/index.php\\\/2026\\\/04\\\/28\\\/firman-gobierno-de-oaxaca-y-stpeidceo-convenio-del-pliego-petitorio-2026\\\/#article\",\"isPartOf\":{\"@id\":\"https:\\\/\\\/cvnoticias.com\\\/nuevapagina\\\/index.php\\\/2026\\\/04\\\/28\\\/firman-gobierno-de-oaxaca-y-stpeidceo-convenio-del-pliego-petitorio-2026\\\/\"},\"author\":{\"name\":\"CvNoticias\",\"@id\":\"https:\\\/\\\/cvnoticias.com\\\/nuevapagina\\\/#\\\/schema\\\/person\\\/19e35f246421a31486be7321065f7463\"},\"headline\":\"Firman Gobierno de Oaxaca y STPEIDCEO Convenio del Pliego Petitorio 2026\",\"datePublished\":\"2026-04-28T16:50:59+00:00\",\"dateModified\":\"2026-04-28T16:51:02+00:00\",\"mainEntityOfPage\":{\"@id\":\"https:\\\/\\\/cvnoticias.com\\\/nuevapagina\\\/index.php\\\/2026\\\/04\\\/28\\\/firman-gobierno-de-oaxaca-y-stpeidceo-convenio-del-pliego-petitorio-2026\\\/\"},\"wordCount\":294,\"commentCount\":0,\"publisher\":{\"@id\":\"https:\\\/\\\/cvnoticias.com\\\/nuevapagina\\\/#organization\"},\"image\":{\"@id\":\"https:\\\/\\\/cvnoticias.com\\\/nuevapagina\\\/index.php\\\/2026\\\/04\\\/28\\\/firman-gobierno-de-oaxaca-y-stpeidceo-convenio-del-pliego-petitorio-2026\\\/#primaryimage\"},\"thumbnailUrl\":\"https:\\\/\\\/cvnoticias.com\\\/nuevapagina\\\/wp-content\\\/uploads\\\/2026\\\/04\\\/d62509ce-3e1b-42e3-8df9-2b8a3350d87e.jpeg\",\"articleSection\":[\"Comunicados\"],\"inLanguage\":\"es\",\"potentialAction\":[{\"@type\":\"CommentAction\",\"name\":\"Comment\",\"target\":[\"https:\\\/\\\/cvnoticias.com\\\/nuevapagina\\\/index.php\\\/2026\\\/04\\\/28\\\/firman-gobierno-de-oaxaca-y-stpeidceo-convenio-del-pliego-petitorio-2026\\\/#respond\"]}]},{\"@type\":\"WebPage\",\"@id\":\"https:\\\/\\\/cvnoticias.com\\\/nuevapagina\\\/index.php\\\/2026\\\/04\\\/28\\\/firman-gobierno-de-oaxaca-y-stpeidceo-convenio-del-pliego-petitorio-2026\\\/\",\"url\":\"https:\\\/\\\/cvnoticias.com\\\/nuevapagina\\\/index.php\\\/2026\\\/04\\\/28\\\/firman-gobierno-de-oaxaca-y-stpeidceo-convenio-del-pliego-petitorio-2026\\\/\",\"name\":\"Firman Gobierno de Oaxaca y STPEIDCEO Convenio del Pliego Petitorio 2026 - CV Noticias\",\"isPartOf\":{\"@id\":\"https:\\\/\\\/cvnoticias.com\\\/nuevapagina\\\/#website\"},\"primaryImageOfPage\":{\"@id\":\"https:\\\/\\\/cvnoticias.com\\\/nuevapagina\\\/index.php\\\/2026\\\/04\\\/28\\\/firman-gobierno-de-oaxaca-y-stpeidceo-convenio-del-pliego-petitorio-2026\\\/#primaryimage\"},\"image\":{\"@id\":\"https:\\\/\\\/cvnoticias.com\\\/nuevapagina\\\/index.php\\\/2026\\\/04\\\/28\\\/firman-gobierno-de-oaxaca-y-stpeidceo-convenio-del-pliego-petitorio-2026\\\/#primaryimage\"},\"thumbnailUrl\":\"https:\\\/\\\/cvnoticias.com\\\/nuevapagina\\\/wp-content\\\/uploads\\\/2026\\\/04\\\/d62509ce-3e1b-42e3-8df9-2b8a3350d87e.jpeg\",\"datePublished\":\"2026-04-28T16:50:59+00:00\",\"dateModified\":\"2026-04-28T16:51:02+00:00\",\"breadcrumb\":{\"@id\":\"https:\\\/\\\/cvnoticias.com\\\/nuevapagina\\\/index.php\\\/2026\\\/04\\\/28\\\/firman-gobierno-de-oaxaca-y-stpeidceo-convenio-del-pliego-petitorio-2026\\\/#breadcrumb\"},\"inLanguage\":\"es\",\"potentialAction\":[{\"@type\":\"ReadAction\",\"target\":[\"https:\\\/\\\/cvnoticias.com\\\/nuevapagina\\\/index.php\\\/2026\\\/04\\\/28\\\/firman-gobierno-de-oaxaca-y-stpeidceo-convenio-del-pliego-petitorio-2026\\\/\"]}]},{\"@type\":\"ImageObject\",\"inLanguage\":\"es\",\"@id\":\"https:\\\/\\\/cvnoticias.com\\\/nuevapagina\\\/index.php\\\/2026\\\/04\\\/28\\\/firman-gobierno-de-oaxaca-y-stpeidceo-convenio-del-pliego-petitorio-2026\\\/#primaryimage\",\"url\":\"https:\\\/\\\/cvnoticias.com\\\/nuevapagina\\\/wp-content\\\/uploads\\\/2026\\\/04\\\/d62509ce-3e1b-42e3-8df9-2b8a3350d87e.jpeg\",\"contentUrl\":\"https:\\\/\\\/cvnoticias.com\\\/nuevapagina\\\/wp-content\\\/uploads\\\/2026\\\/04\\\/d62509ce-3e1b-42e3-8df9-2b8a3350d87e.jpeg\",\"width\":1280,\"height\":854},{\"@type\":\"BreadcrumbList\",\"@id\":\"https:\\\/\\\/cvnoticias.com\\\/nuevapagina\\\/index.php\\\/2026\\\/04\\\/28\\\/firman-gobierno-de-oaxaca-y-stpeidceo-convenio-del-pliego-petitorio-2026\\\/#breadcrumb\",\"itemListElement\":[{\"@type\":\"ListItem\",\"position\":1,\"name\":\"Portada\",\"item\":\"https:\\\/\\\/cvnoticias.com\\\/nuevapagina\\\/\"},{\"@type\":\"ListItem\",\"position\":2,\"name\":\"Firman Gobierno de Oaxaca y STPEIDCEO Convenio del Pliego Petitorio 2026\"}]},{\"@type\":\"WebSite\",\"@id\":\"https:\\\/\\\/cvnoticias.com\\\/nuevapagina\\\/#website\",\"url\":\"https:\\\/\\\/cvnoticias.com\\\/nuevapagina\\\/\",\"name\":\"CV Noticias\",\"description\":\"Noticias de Oaxaca\",\"publisher\":{\"@id\":\"https:\\\/\\\/cvnoticias.com\\\/nuevapagina\\\/#organization\"},\"potentialAction\":[{\"@type\":\"SearchAction\",\"target\":{\"@type\":\"EntryPoint\",\"urlTemplate\":\"https:\\\/\\\/cvnoticias.com\\\/nuevapagina\\\/?s={search_term_string}\"},\"query-input\":{\"@type\":\"PropertyValueSpecification\",\"valueRequired\":true,\"valueName\":\"search_term_string\"}}],\"inLanguage\":\"es\"},{\"@type\":\"Organization\",\"@id\":\"https:\\\/\\\/cvnoticias.com\\\/nuevapagina\\\/#organization\",\"name\":\"CV Noticias\",\"url\":\"https:\\\/\\\/cvnoticias.com\\\/nuevapagina\\\/\",\"logo\":{\"@type\":\"ImageObject\",\"inLanguage\":\"es\",\"@id\":\"https:\\\/\\\/cvnoticias.com\\\/nuevapagina\\\/#\\\/schema\\\/logo\\\/image\\\/\",\"url\":\"https:\\\/\\\/cvnoticias.com\\\/nuevapagina\\\/wp-content\\\/uploads\\\/2025\\\/05\\\/cropped-logo-1.png\",\"contentUrl\":\"https:\\\/\\\/cvnoticias.com\\\/nuevapagina\\\/wp-content\\\/uploads\\\/2025\\\/05\\\/cropped-logo-1.png\",\"width\":320,\"height\":118,\"caption\":\"CV Noticias\"},\"image\":{\"@id\":\"https:\\\/\\\/cvnoticias.com\\\/nuevapagina\\\/#\\\/schema\\\/logo\\\/image\\\/\"}},{\"@type\":\"Person\",\"@id\":\"https:\\\/\\\/cvnoticias.com\\\/nuevapagina\\\/#\\\/schema\\\/person\\\/19e35f246421a31486be7321065f7463\",\"name\":\"CvNoticias\",\"image\":{\"@type\":\"ImageObject\",\"inLanguage\":\"es\",\"@id\":\"https:\\\/\\\/secure.gravatar.com\\\/avatar\\\/c3a4375d38fd8f9b34ac9e853cb706a079817c78f9a39e33b16a2b2b2e51688a?s=96&d=mm&r=g\",\"url\":\"https:\\\/\\\/secure.gravatar.com\\\/avatar\\\/c3a4375d38fd8f9b34ac9e853cb706a079817c78f9a39e33b16a2b2b2e51688a?s=96&d=mm&r=g\",\"contentUrl\":\"https:\\\/\\\/secure.gravatar.com\\\/avatar\\\/c3a4375d38fd8f9b34ac9e853cb706a079817c78f9a39e33b16a2b2b2e51688a?s=96&d=mm&r=g\",\"caption\":\"CvNoticias\"},\"url\":\"https:\\\/\\\/cvnoticias.com\\\/nuevapagina\\\/index.php\\\/author\\\/gesner\\\/\"}]}<\/script>\n<!-- \/ Yoast SEO plugin. -->","yoast_head_json":{"title":"Firman Gobierno de Oaxaca y STPEIDCEO Convenio del Pliego Petitorio 2026 - CV Noticias","robots":{"index":"index","follow":"follow","max-snippet":"max-snippet:-1","max-image-preview":"max-image-preview:large","max-video-preview":"max-video-preview:-1"},"canonical":"https:\/\/cvnoticias.com\/nuevapagina\/index.php\/2026\/04\/28\/firman-gobierno-de-oaxaca-y-stpeidceo-convenio-del-pliego-petitorio-2026\/","og_locale":"es_ES","og_type":"article","og_title":"Firman Gobierno de Oaxaca y STPEIDCEO Convenio del Pliego Petitorio 2026 - CV Noticias","og_description":"El titular del Poder Ejecutivo, Salom\u00f3n Jara Cruz reiter\u00f3 su total respeto y respaldo a...","og_url":"https:\/\/cvnoticias.com\/nuevapagina\/index.php\/2026\/04\/28\/firman-gobierno-de-oaxaca-y-stpeidceo-convenio-del-pliego-petitorio-2026\/","og_site_name":"CV Noticias","article_published_time":"2026-04-28T16:50:59+00:00","article_modified_time":"2026-04-28T16:51:02+00:00","og_image":[{"width":1280,"height":854,"url":"https:\/\/cvnoticias.com\/nuevapagina\/wp-content\/uploads\/2026\/04\/d62509ce-3e1b-42e3-8df9-2b8a3350d87e.jpeg","type":"image\/jpeg"}],"author":"CvNoticias","twitter_card":"summary_large_image","twitter_misc":{"Escrito por":"CvNoticias","Tiempo de lectura":"2 minutos"},"schema":{"@context":"https:\/\/schema.org","@graph":[{"@type":"Article","@id":"https:\/\/cvnoticias.com\/nuevapagina\/index.php\/2026\/04\/28\/firman-gobierno-de-oaxaca-y-stpeidceo-convenio-del-pliego-petitorio-2026\/#article","isPartOf":{"@id":"https:\/\/cvnoticias.com\/nuevapagina\/index.php\/2026\/04\/28\/firman-gobierno-de-oaxaca-y-stpeidceo-convenio-del-pliego-petitorio-2026\/"},"author":{"name":"CvNoticias","@id":"https:\/\/cvnoticias.com\/nuevapagina\/#\/schema\/person\/19e35f246421a31486be7321065f7463"},"headline":"Firman Gobierno de Oaxaca y STPEIDCEO Convenio del Pliego Petitorio 2026","datePublished":"2026-04-28T16:50:59+00:00","dateModified":"2026-04-28T16:51:02+00:00","mainEntityOfPage":{"@id":"https:\/\/cvnoticias.com\/nuevapagina\/index.php\/2026\/04\/28\/firman-gobierno-de-oaxaca-y-stpeidceo-convenio-del-pliego-petitorio-2026\/"},"wordCount":294,"commentCount":0,"publisher":{"@id":"https:\/\/cvnoticias.com\/nuevapagina\/#organization"},"image":{"@id":"https:\/\/cvnoticias.com\/nuevapagina\/index.php\/2026\/04\/28\/firman-gobierno-de-oaxaca-y-stpeidceo-convenio-del-pliego-petitorio-2026\/#primaryimage"},"thumbnailUrl":"https:\/\/cvnoticias.com\/nuevapagina\/wp-content\/uploads\/2026\/04\/d62509ce-3e1b-42e3-8df9-2b8a3350d87e.jpeg","articleSection":["Comunicados"],"inLanguage":"es","potentialAction":[{"@type":"CommentAction","name":"Comment","target":["https:\/\/cvnoticias.com\/nuevapagina\/index.php\/2026\/04\/28\/firman-gobierno-de-oaxaca-y-stpeidceo-convenio-del-pliego-petitorio-2026\/#respond"]}]},{"@type":"WebPage","@id":"https:\/\/cvnoticias.com\/nuevapagina\/index.php\/2026\/04\/28\/firman-gobierno-de-oaxaca-y-stpeidceo-convenio-del-pliego-petitorio-2026\/","url":"https:\/\/cvnoticias.com\/nuevapagina\/index.php\/2026\/04\/28\/firman-gobierno-de-oaxaca-y-stpeidceo-convenio-del-pliego-petitorio-2026\/","name":"Firman Gobierno de Oaxaca y STPEIDCEO Convenio del Pliego Petitorio 2026 - CV Noticias","isPartOf":{"@id":"https:\/\/cvnoticias.com\/nuevapagina\/#website"},"primaryImageOfPage":{"@id":"https:\/\/cvnoticias.com\/nuevapagina\/index.php\/2026\/04\/28\/firman-gobierno-de-oaxaca-y-stpeidceo-convenio-del-pliego-petitorio-2026\/#primaryimage"},"image":{"@id":"https:\/\/cvnoticias.com\/nuevapagina\/index.php\/2026\/04\/28\/firman-gobierno-de-oaxaca-y-stpeidceo-convenio-del-pliego-petitorio-2026\/#primaryimage"},"thumbnailUrl":"https:\/\/cvnoticias.com\/nuevapagina\/wp-content\/uploads\/2026\/04\/d62509ce-3e1b-42e3-8df9-2b8a3350d87e.jpeg","datePublished":"2026-04-28T16:50:59+00:00","dateModified":"2026-04-28T16:51:02+00:00","breadcrumb":{"@id":"https:\/\/cvnoticias.com\/nuevapagina\/index.php\/2026\/04\/28\/firman-gobierno-de-oaxaca-y-stpeidceo-convenio-del-pliego-petitorio-2026\/#breadcrumb"},"inLanguage":"es","potentialAction":[{"@type":"ReadAction","target":["https:\/\/cvnoticias.com\/nuevapagina\/index.php\/2026\/04\/28\/firman-gobierno-de-oaxaca-y-stpeidceo-convenio-del-pliego-petitorio-2026\/"]}]},{"@type":"ImageObject","inLanguage":"es","@id":"https:\/\/cvnoticias.com\/nuevapagina\/index.php\/2026\/04\/28\/firman-gobierno-de-oaxaca-y-stpeidceo-convenio-del-pliego-petitorio-2026\/#primaryimage","url":"https:\/\/cvnoticias.com\/nuevapagina\/wp-content\/uploads\/2026\/04\/d62509ce-3e1b-42e3-8df9-2b8a3350d87e.jpeg","contentUrl":"https:\/\/cvnoticias.com\/nuevapagina\/wp-content\/uploads\/2026\/04\/d62509ce-3e1b-42e3-8df9-2b8a3350d87e.jpeg","width":1280,"height":854},{"@type":"BreadcrumbList","@id":"https:\/\/cvnoticias.com\/nuevapagina\/index.php\/2026\/04\/28\/firman-gobierno-de-oaxaca-y-stpeidceo-convenio-del-pliego-petitorio-2026\/#breadcrumb","itemListElement":[{"@type":"ListItem","position":1,"name":"Portada","item":"https:\/\/cvnoticias.com\/nuevapagina\/"},{"@type":"ListItem","position":2,"name":"Firman Gobierno de Oaxaca y STPEIDCEO Convenio del Pliego Petitorio 2026"}]},{"@type":"WebSite","@id":"https:\/\/cvnoticias.com\/nuevapagina\/#website","url":"https:\/\/cvnoticias.com\/nuevapagina\/","name":"CV Noticias","description":"Noticias de Oaxaca","publisher":{"@id":"https:\/\/cvnoticias.com\/nuevapagina\/#organization"},"potentialAction":[{"@type":"SearchAction","target":{"@type":"EntryPoint","urlTemplate":"https:\/\/cvnoticias.com\/nuevapagina\/?s={search_term_string}"},"query-input":{"@type":"PropertyValueSpecification","valueRequired":true,"valueName":"search_term_string"}}],"inLanguage":"es"},{"@type":"Organization","@id":"https:\/\/cvnoticias.com\/nuevapagina\/#organization","name":"CV Noticias","url":"https:\/\/cvnoticias.com\/nuevapagina\/","logo":{"@type":"ImageObject","inLanguage":"es","@id":"https:\/\/cvnoticias.com\/nuevapagina\/#\/schema\/logo\/image\/","url":"https:\/\/cvnoticias.com\/nuevapagina\/wp-content\/uploads\/2025\/05\/cropped-logo-1.png","contentUrl":"https:\/\/cvnoticias.com\/nuevapagina\/wp-content\/uploads\/2025\/05\/cropped-logo-1.png","width":320,"height":118,"caption":"CV Noticias"},"image":{"@id":"https:\/\/cvnoticias.com\/nuevapagina\/#\/schema\/logo\/image\/"}},{"@type":"Person","@id":"https:\/\/cvnoticias.com\/nuevapagina\/#\/schema\/person\/19e35f246421a31486be7321065f7463","name":"CvNoticias","image":{"@type":"ImageObject","inLanguage":"es","@id":"https:\/\/secure.gravatar.com\/avatar\/c3a4375d38fd8f9b34ac9e853cb706a079817c78f9a39e33b16a2b2b2e51688a?s=96&d=mm&r=g","url":"https:\/\/secure.gravatar.com\/avatar\/c3a4375d38fd8f9b34ac9e853cb706a079817c78f9a39e33b16a2b2b2e51688a?s=96&d=mm&r=g","contentUrl":"https:\/\/secure.gravatar.com\/avatar\/c3a4375d38fd8f9b34ac9e853cb706a079817c78f9a39e33b16a2b2b2e51688a?s=96&d=mm&r=g","caption":"CvNoticias"},"url":"https:\/\/cvnoticias.com\/nuevapagina\/index.php\/author\/gesner\/"}]}},"_links":{"self":[{"href":"https:\/\/cvnoticias.com\/nuevapagina\/index.php\/wp-json\/wp\/v2\/posts\/7538","targetHints":{"allow":["GET"]}}],"collection":[{"href":"https:\/\/cvnoticias.com\/nuevapagina\/index.php\/wp-json\/wp\/v2\/posts"}],"about":[{"href":"https:\/\/cvnoticias.com\/nuevapagina\/index.php\/wp-json\/wp\/v2\/types\/post"}],"author":[{"embeddable":true,"href":"https:\/\/cvnoticias.com\/nuevapagina\/index.php\/wp-json\/wp\/v2\/users\/2"}],"replies":[{"embeddable":true,"href":"https:\/\/cvnoticias.com\/nuevapagina\/index.php\/wp-json\/wp\/v2\/comments?post=7538"}],"version-history":[{"count":1,"href":"https:\/\/cvnoticias.com\/nuevapagina\/index.php\/wp-json\/wp\/v2\/posts\/7538\/revisions"}],"predecessor-version":[{"id":7540,"href":"https:\/\/cvnoticias.com\/nuevapagina\/index.php\/wp-json\/wp\/v2\/posts\/7538\/revisions\/7540"}],"wp:featuredmedia":[{"embeddable":true,"href":"https:\/\/cvnoticias.com\/nuevapagina\/index.php\/wp-json\/wp\/v2\/media\/7539"}],"wp:attachment":[{"href":"https:\/\/cvnoticias.com\/nuevapagina\/index.php\/wp-json\/wp\/v2\/media?parent=7538"}],"wp:term":[{"taxonomy":"category","embeddable":true,"href":"https:\/\/cvnoticias.com\/nuevapagina\/index.php\/wp-json\/wp\/v2\/categories?post=7538"},{"taxonomy":"post_tag","embeddable":true,"href":"https:\/\/cvnoticias.com\/nuevapagina\/index.php\/wp-json\/wp\/v2\/tags?post=7538"}],"curies":[{"name":"wp","href":"https:\/\/api.w.org\/{rel}","templated":true}]}}