{"id":7535,"date":"2026-04-28T00:45:15","date_gmt":"2026-04-28T00:45:15","guid":{"rendered":"https:\/\/cvnoticias.com\/nuevapagina\/?p=7535"},"modified":"2026-04-28T00:45:17","modified_gmt":"2026-04-28T00:45:17","slug":"asiste-nino-morales-a-firma-de-convenio-para-atencion-de-grupos-prioritarios","status":"publish","type":"post","link":"https:\/\/cvnoticias.com\/nuevapagina\/index.php\/2026\/04\/28\/asiste-nino-morales-a-firma-de-convenio-para-atencion-de-grupos-prioritarios\/","title":{"rendered":"Asiste Nino Morales a firma de convenio para atenci\u00f3n de grupos prioritarios"},"content":{"rendered":"\n<p><\/p>\n\n\n\n<p>El senador oaxaque\u00f1o Antonino Morales Toledo, asisti\u00f3 a la firma del Convenio de Colaboraci\u00f3n para la Atenci\u00f3n de Grupos Prioritarios, encabezada por la presidenta honoraria del Sistema DIF Estatal Oaxaca Irma Bola\u00f1os, el gobernador Salom\u00f3n Jara Cruz; y Mar\u00eda del Roc\u00edo Garc\u00eda P\u00e9rez, titular del Sistema Nacional DIF.<\/p>\n\n\n\n<p>El legislador zapoteco, se\u00f1al\u00f3 que la suma de esfuerzos acerca bienestar a las familias que m\u00e1s lo necesitan, al destacar la importancia de redoblar esfuerzos para seguir eliminando barreras hist\u00f3ricas y trazar rutas que transformen vidas con equidad social y calidad de vida como lo viene impulsando el gobierno de la #PrimaveraOaxaque\u00f1a.<\/p>\n\n\n\n<p>\u00abEste acuerdo representa una alianza estrat\u00e9gica entre el #DIF y los municipios para fortalecer el acceso a programas sociales, garantizando que el apoyo llegue a quienes m\u00e1s lo necesitan\u00bb, dijo Nino Morales en sus redes sociales.<\/p>\n\n\n\n<p>LaAut\u00e9nticaVozDelPueblo #NinoMorales #Morena #SenadorDeTerritorio<\/p>\n\n\n\n<p><\/p>\n","protected":false},"excerpt":{"rendered":"<p>El senador oaxaque\u00f1o Antonino Morales Toledo, asisti\u00f3 a la firma del Convenio de Colaboraci\u00f3n para&#8230;<\/p>\n","protected":false},"author":2,"featured_media":7536,"comment_status":"open","ping_status":"closed","sticky":false,"template":"","format":"standard","meta":{"footnotes":""},"categories":[3],"tags":[],"class_list":["post-7535","post","type-post","status-publish","format-standard","has-post-thumbnail","hentry","category-comunicadosdeprensa"],"yoast_head":"<!-- This site is optimized with the Yoast SEO plugin v27.5 - https:\/\/yoast.com\/product\/yoast-seo-wordpress\/ -->\n<title>Asiste Nino Morales a firma de convenio para atenci\u00f3n de grupos prioritarios - CV Noticias<\/title>\n<meta name=\"robots\" content=\"index, follow, max-snippet:-1, max-image-preview:large, max-video-preview:-1\" \/>\n<link rel=\"canonical\" href=\"https:\/\/cvnoticias.com\/nuevapagina\/index.php\/2026\/04\/28\/asiste-nino-morales-a-firma-de-convenio-para-atencion-de-grupos-prioritarios\/\" \/>\n<meta property=\"og:locale\" content=\"es_ES\" \/>\n<meta property=\"og:type\" content=\"article\" \/>\n<meta property=\"og:title\" content=\"Asiste Nino Morales a firma de convenio para atenci\u00f3n de grupos prioritarios - CV Noticias\" \/>\n<meta property=\"og:description\" content=\"El senador oaxaque\u00f1o Antonino Morales Toledo, asisti\u00f3 a la firma del Convenio de Colaboraci\u00f3n para...\" \/>\n<meta property=\"og:url\" content=\"https:\/\/cvnoticias.com\/nuevapagina\/index.php\/2026\/04\/28\/asiste-nino-morales-a-firma-de-convenio-para-atencion-de-grupos-prioritarios\/\" \/>\n<meta property=\"og:site_name\" content=\"CV Noticias\" \/>\n<meta property=\"article:published_time\" content=\"2026-04-28T00:45:15+00:00\" \/>\n<meta property=\"article:modified_time\" content=\"2026-04-28T00:45:17+00:00\" \/>\n<meta property=\"og:image\" content=\"https:\/\/cvnoticias.com\/nuevapagina\/wp-content\/uploads\/2026\/04\/8db4c0f7-66b1-4bb9-be5a-53a46c231483.jpeg\" \/>\n\t<meta property=\"og:image:width\" content=\"1450\" \/>\n\t<meta property=\"og:image:height\" content=\"1087\" \/>\n\t<meta property=\"og:image:type\" content=\"image\/jpeg\" \/>\n<meta name=\"author\" content=\"CvNoticias\" \/>\n<meta name=\"twitter:card\" content=\"summary_large_image\" \/>\n<meta name=\"twitter:label1\" content=\"Escrito por\" \/>\n\t<meta name=\"twitter:data1\" content=\"CvNoticias\" \/>\n\t<meta name=\"twitter:label2\" content=\"Tiempo de lectura\" \/>\n\t<meta name=\"twitter:data2\" content=\"1 minuto\" \/>\n<script type=\"application\/ld+json\" class=\"yoast-schema-graph\">{\"@context\":\"https:\\\/\\\/schema.org\",\"@graph\":[{\"@type\":\"Article\",\"@id\":\"https:\\\/\\\/cvnoticias.com\\\/nuevapagina\\\/index.php\\\/2026\\\/04\\\/28\\\/asiste-nino-morales-a-firma-de-convenio-para-atencion-de-grupos-prioritarios\\\/#article\",\"isPartOf\":{\"@id\":\"https:\\\/\\\/cvnoticias.com\\\/nuevapagina\\\/index.php\\\/2026\\\/04\\\/28\\\/asiste-nino-morales-a-firma-de-convenio-para-atencion-de-grupos-prioritarios\\\/\"},\"author\":{\"name\":\"CvNoticias\",\"@id\":\"https:\\\/\\\/cvnoticias.com\\\/nuevapagina\\\/#\\\/schema\\\/person\\\/19e35f246421a31486be7321065f7463\"},\"headline\":\"Asiste Nino Morales a firma de convenio para atenci\u00f3n de grupos prioritarios\",\"datePublished\":\"2026-04-28T00:45:15+00:00\",\"dateModified\":\"2026-04-28T00:45:17+00:00\",\"mainEntityOfPage\":{\"@id\":\"https:\\\/\\\/cvnoticias.com\\\/nuevapagina\\\/index.php\\\/2026\\\/04\\\/28\\\/asiste-nino-morales-a-firma-de-convenio-para-atencion-de-grupos-prioritarios\\\/\"},\"wordCount\":169,\"commentCount\":0,\"publisher\":{\"@id\":\"https:\\\/\\\/cvnoticias.com\\\/nuevapagina\\\/#organization\"},\"image\":{\"@id\":\"https:\\\/\\\/cvnoticias.com\\\/nuevapagina\\\/index.php\\\/2026\\\/04\\\/28\\\/asiste-nino-morales-a-firma-de-convenio-para-atencion-de-grupos-prioritarios\\\/#primaryimage\"},\"thumbnailUrl\":\"https:\\\/\\\/cvnoticias.com\\\/nuevapagina\\\/wp-content\\\/uploads\\\/2026\\\/04\\\/8db4c0f7-66b1-4bb9-be5a-53a46c231483.jpeg\",\"articleSection\":[\"Comunicados\"],\"inLanguage\":\"es\",\"potentialAction\":[{\"@type\":\"CommentAction\",\"name\":\"Comment\",\"target\":[\"https:\\\/\\\/cvnoticias.com\\\/nuevapagina\\\/index.php\\\/2026\\\/04\\\/28\\\/asiste-nino-morales-a-firma-de-convenio-para-atencion-de-grupos-prioritarios\\\/#respond\"]}]},{\"@type\":\"WebPage\",\"@id\":\"https:\\\/\\\/cvnoticias.com\\\/nuevapagina\\\/index.php\\\/2026\\\/04\\\/28\\\/asiste-nino-morales-a-firma-de-convenio-para-atencion-de-grupos-prioritarios\\\/\",\"url\":\"https:\\\/\\\/cvnoticias.com\\\/nuevapagina\\\/index.php\\\/2026\\\/04\\\/28\\\/asiste-nino-morales-a-firma-de-convenio-para-atencion-de-grupos-prioritarios\\\/\",\"name\":\"Asiste Nino Morales a firma de convenio para atenci\u00f3n de grupos prioritarios - CV Noticias\",\"isPartOf\":{\"@id\":\"https:\\\/\\\/cvnoticias.com\\\/nuevapagina\\\/#website\"},\"primaryImageOfPage\":{\"@id\":\"https:\\\/\\\/cvnoticias.com\\\/nuevapagina\\\/index.php\\\/2026\\\/04\\\/28\\\/asiste-nino-morales-a-firma-de-convenio-para-atencion-de-grupos-prioritarios\\\/#primaryimage\"},\"image\":{\"@id\":\"https:\\\/\\\/cvnoticias.com\\\/nuevapagina\\\/index.php\\\/2026\\\/04\\\/28\\\/asiste-nino-morales-a-firma-de-convenio-para-atencion-de-grupos-prioritarios\\\/#primaryimage\"},\"thumbnailUrl\":\"https:\\\/\\\/cvnoticias.com\\\/nuevapagina\\\/wp-content\\\/uploads\\\/2026\\\/04\\\/8db4c0f7-66b1-4bb9-be5a-53a46c231483.jpeg\",\"datePublished\":\"2026-04-28T00:45:15+00:00\",\"dateModified\":\"2026-04-28T00:45:17+00:00\",\"breadcrumb\":{\"@id\":\"https:\\\/\\\/cvnoticias.com\\\/nuevapagina\\\/index.php\\\/2026\\\/04\\\/28\\\/asiste-nino-morales-a-firma-de-convenio-para-atencion-de-grupos-prioritarios\\\/#breadcrumb\"},\"inLanguage\":\"es\",\"potentialAction\":[{\"@type\":\"ReadAction\",\"target\":[\"https:\\\/\\\/cvnoticias.com\\\/nuevapagina\\\/index.php\\\/2026\\\/04\\\/28\\\/asiste-nino-morales-a-firma-de-convenio-para-atencion-de-grupos-prioritarios\\\/\"]}]},{\"@type\":\"ImageObject\",\"inLanguage\":\"es\",\"@id\":\"https:\\\/\\\/cvnoticias.com\\\/nuevapagina\\\/index.php\\\/2026\\\/04\\\/28\\\/asiste-nino-morales-a-firma-de-convenio-para-atencion-de-grupos-prioritarios\\\/#primaryimage\",\"url\":\"https:\\\/\\\/cvnoticias.com\\\/nuevapagina\\\/wp-content\\\/uploads\\\/2026\\\/04\\\/8db4c0f7-66b1-4bb9-be5a-53a46c231483.jpeg\",\"contentUrl\":\"https:\\\/\\\/cvnoticias.com\\\/nuevapagina\\\/wp-content\\\/uploads\\\/2026\\\/04\\\/8db4c0f7-66b1-4bb9-be5a-53a46c231483.jpeg\",\"width\":1450,\"height\":1087},{\"@type\":\"BreadcrumbList\",\"@id\":\"https:\\\/\\\/cvnoticias.com\\\/nuevapagina\\\/index.php\\\/2026\\\/04\\\/28\\\/asiste-nino-morales-a-firma-de-convenio-para-atencion-de-grupos-prioritarios\\\/#breadcrumb\",\"itemListElement\":[{\"@type\":\"ListItem\",\"position\":1,\"name\":\"Portada\",\"item\":\"https:\\\/\\\/cvnoticias.com\\\/nuevapagina\\\/\"},{\"@type\":\"ListItem\",\"position\":2,\"name\":\"Asiste Nino Morales a firma de convenio para atenci\u00f3n de grupos prioritarios\"}]},{\"@type\":\"WebSite\",\"@id\":\"https:\\\/\\\/cvnoticias.com\\\/nuevapagina\\\/#website\",\"url\":\"https:\\\/\\\/cvnoticias.com\\\/nuevapagina\\\/\",\"name\":\"CV Noticias\",\"description\":\"Noticias de Oaxaca\",\"publisher\":{\"@id\":\"https:\\\/\\\/cvnoticias.com\\\/nuevapagina\\\/#organization\"},\"potentialAction\":[{\"@type\":\"SearchAction\",\"target\":{\"@type\":\"EntryPoint\",\"urlTemplate\":\"https:\\\/\\\/cvnoticias.com\\\/nuevapagina\\\/?s={search_term_string}\"},\"query-input\":{\"@type\":\"PropertyValueSpecification\",\"valueRequired\":true,\"valueName\":\"search_term_string\"}}],\"inLanguage\":\"es\"},{\"@type\":\"Organization\",\"@id\":\"https:\\\/\\\/cvnoticias.com\\\/nuevapagina\\\/#organization\",\"name\":\"CV Noticias\",\"url\":\"https:\\\/\\\/cvnoticias.com\\\/nuevapagina\\\/\",\"logo\":{\"@type\":\"ImageObject\",\"inLanguage\":\"es\",\"@id\":\"https:\\\/\\\/cvnoticias.com\\\/nuevapagina\\\/#\\\/schema\\\/logo\\\/image\\\/\",\"url\":\"https:\\\/\\\/cvnoticias.com\\\/nuevapagina\\\/wp-content\\\/uploads\\\/2025\\\/05\\\/cropped-logo-1.png\",\"contentUrl\":\"https:\\\/\\\/cvnoticias.com\\\/nuevapagina\\\/wp-content\\\/uploads\\\/2025\\\/05\\\/cropped-logo-1.png\",\"width\":320,\"height\":118,\"caption\":\"CV Noticias\"},\"image\":{\"@id\":\"https:\\\/\\\/cvnoticias.com\\\/nuevapagina\\\/#\\\/schema\\\/logo\\\/image\\\/\"}},{\"@type\":\"Person\",\"@id\":\"https:\\\/\\\/cvnoticias.com\\\/nuevapagina\\\/#\\\/schema\\\/person\\\/19e35f246421a31486be7321065f7463\",\"name\":\"CvNoticias\",\"image\":{\"@type\":\"ImageObject\",\"inLanguage\":\"es\",\"@id\":\"https:\\\/\\\/secure.gravatar.com\\\/avatar\\\/c3a4375d38fd8f9b34ac9e853cb706a079817c78f9a39e33b16a2b2b2e51688a?s=96&d=mm&r=g\",\"url\":\"https:\\\/\\\/secure.gravatar.com\\\/avatar\\\/c3a4375d38fd8f9b34ac9e853cb706a079817c78f9a39e33b16a2b2b2e51688a?s=96&d=mm&r=g\",\"contentUrl\":\"https:\\\/\\\/secure.gravatar.com\\\/avatar\\\/c3a4375d38fd8f9b34ac9e853cb706a079817c78f9a39e33b16a2b2b2e51688a?s=96&d=mm&r=g\",\"caption\":\"CvNoticias\"},\"url\":\"https:\\\/\\\/cvnoticias.com\\\/nuevapagina\\\/index.php\\\/author\\\/gesner\\\/\"}]}<\/script>\n<!-- \/ Yoast SEO plugin. -->","yoast_head_json":{"title":"Asiste Nino Morales a firma de convenio para atenci\u00f3n de grupos prioritarios - CV Noticias","robots":{"index":"index","follow":"follow","max-snippet":"max-snippet:-1","max-image-preview":"max-image-preview:large","max-video-preview":"max-video-preview:-1"},"canonical":"https:\/\/cvnoticias.com\/nuevapagina\/index.php\/2026\/04\/28\/asiste-nino-morales-a-firma-de-convenio-para-atencion-de-grupos-prioritarios\/","og_locale":"es_ES","og_type":"article","og_title":"Asiste Nino Morales a firma de convenio para atenci\u00f3n de grupos prioritarios - CV Noticias","og_description":"El senador oaxaque\u00f1o Antonino Morales Toledo, asisti\u00f3 a la firma del Convenio de Colaboraci\u00f3n para...","og_url":"https:\/\/cvnoticias.com\/nuevapagina\/index.php\/2026\/04\/28\/asiste-nino-morales-a-firma-de-convenio-para-atencion-de-grupos-prioritarios\/","og_site_name":"CV Noticias","article_published_time":"2026-04-28T00:45:15+00:00","article_modified_time":"2026-04-28T00:45:17+00:00","og_image":[{"width":1450,"height":1087,"url":"https:\/\/cvnoticias.com\/nuevapagina\/wp-content\/uploads\/2026\/04\/8db4c0f7-66b1-4bb9-be5a-53a46c231483.jpeg","type":"image\/jpeg"}],"author":"CvNoticias","twitter_card":"summary_large_image","twitter_misc":{"Escrito por":"CvNoticias","Tiempo de lectura":"1 minuto"},"schema":{"@context":"https:\/\/schema.org","@graph":[{"@type":"Article","@id":"https:\/\/cvnoticias.com\/nuevapagina\/index.php\/2026\/04\/28\/asiste-nino-morales-a-firma-de-convenio-para-atencion-de-grupos-prioritarios\/#article","isPartOf":{"@id":"https:\/\/cvnoticias.com\/nuevapagina\/index.php\/2026\/04\/28\/asiste-nino-morales-a-firma-de-convenio-para-atencion-de-grupos-prioritarios\/"},"author":{"name":"CvNoticias","@id":"https:\/\/cvnoticias.com\/nuevapagina\/#\/schema\/person\/19e35f246421a31486be7321065f7463"},"headline":"Asiste Nino Morales a firma de convenio para atenci\u00f3n de grupos prioritarios","datePublished":"2026-04-28T00:45:15+00:00","dateModified":"2026-04-28T00:45:17+00:00","mainEntityOfPage":{"@id":"https:\/\/cvnoticias.com\/nuevapagina\/index.php\/2026\/04\/28\/asiste-nino-morales-a-firma-de-convenio-para-atencion-de-grupos-prioritarios\/"},"wordCount":169,"commentCount":0,"publisher":{"@id":"https:\/\/cvnoticias.com\/nuevapagina\/#organization"},"image":{"@id":"https:\/\/cvnoticias.com\/nuevapagina\/index.php\/2026\/04\/28\/asiste-nino-morales-a-firma-de-convenio-para-atencion-de-grupos-prioritarios\/#primaryimage"},"thumbnailUrl":"https:\/\/cvnoticias.com\/nuevapagina\/wp-content\/uploads\/2026\/04\/8db4c0f7-66b1-4bb9-be5a-53a46c231483.jpeg","articleSection":["Comunicados"],"inLanguage":"es","potentialAction":[{"@type":"CommentAction","name":"Comment","target":["https:\/\/cvnoticias.com\/nuevapagina\/index.php\/2026\/04\/28\/asiste-nino-morales-a-firma-de-convenio-para-atencion-de-grupos-prioritarios\/#respond"]}]},{"@type":"WebPage","@id":"https:\/\/cvnoticias.com\/nuevapagina\/index.php\/2026\/04\/28\/asiste-nino-morales-a-firma-de-convenio-para-atencion-de-grupos-prioritarios\/","url":"https:\/\/cvnoticias.com\/nuevapagina\/index.php\/2026\/04\/28\/asiste-nino-morales-a-firma-de-convenio-para-atencion-de-grupos-prioritarios\/","name":"Asiste Nino Morales a firma de convenio para atenci\u00f3n de grupos prioritarios - CV Noticias","isPartOf":{"@id":"https:\/\/cvnoticias.com\/nuevapagina\/#website"},"primaryImageOfPage":{"@id":"https:\/\/cvnoticias.com\/nuevapagina\/index.php\/2026\/04\/28\/asiste-nino-morales-a-firma-de-convenio-para-atencion-de-grupos-prioritarios\/#primaryimage"},"image":{"@id":"https:\/\/cvnoticias.com\/nuevapagina\/index.php\/2026\/04\/28\/asiste-nino-morales-a-firma-de-convenio-para-atencion-de-grupos-prioritarios\/#primaryimage"},"thumbnailUrl":"https:\/\/cvnoticias.com\/nuevapagina\/wp-content\/uploads\/2026\/04\/8db4c0f7-66b1-4bb9-be5a-53a46c231483.jpeg","datePublished":"2026-04-28T00:45:15+00:00","dateModified":"2026-04-28T00:45:17+00:00","breadcrumb":{"@id":"https:\/\/cvnoticias.com\/nuevapagina\/index.php\/2026\/04\/28\/asiste-nino-morales-a-firma-de-convenio-para-atencion-de-grupos-prioritarios\/#breadcrumb"},"inLanguage":"es","potentialAction":[{"@type":"ReadAction","target":["https:\/\/cvnoticias.com\/nuevapagina\/index.php\/2026\/04\/28\/asiste-nino-morales-a-firma-de-convenio-para-atencion-de-grupos-prioritarios\/"]}]},{"@type":"ImageObject","inLanguage":"es","@id":"https:\/\/cvnoticias.com\/nuevapagina\/index.php\/2026\/04\/28\/asiste-nino-morales-a-firma-de-convenio-para-atencion-de-grupos-prioritarios\/#primaryimage","url":"https:\/\/cvnoticias.com\/nuevapagina\/wp-content\/uploads\/2026\/04\/8db4c0f7-66b1-4bb9-be5a-53a46c231483.jpeg","contentUrl":"https:\/\/cvnoticias.com\/nuevapagina\/wp-content\/uploads\/2026\/04\/8db4c0f7-66b1-4bb9-be5a-53a46c231483.jpeg","width":1450,"height":1087},{"@type":"BreadcrumbList","@id":"https:\/\/cvnoticias.com\/nuevapagina\/index.php\/2026\/04\/28\/asiste-nino-morales-a-firma-de-convenio-para-atencion-de-grupos-prioritarios\/#breadcrumb","itemListElement":[{"@type":"ListItem","position":1,"name":"Portada","item":"https:\/\/cvnoticias.com\/nuevapagina\/"},{"@type":"ListItem","position":2,"name":"Asiste Nino Morales a firma de convenio para atenci\u00f3n de grupos prioritarios"}]},{"@type":"WebSite","@id":"https:\/\/cvnoticias.com\/nuevapagina\/#website","url":"https:\/\/cvnoticias.com\/nuevapagina\/","name":"CV Noticias","description":"Noticias de Oaxaca","publisher":{"@id":"https:\/\/cvnoticias.com\/nuevapagina\/#organization"},"potentialAction":[{"@type":"SearchAction","target":{"@type":"EntryPoint","urlTemplate":"https:\/\/cvnoticias.com\/nuevapagina\/?s={search_term_string}"},"query-input":{"@type":"PropertyValueSpecification","valueRequired":true,"valueName":"search_term_string"}}],"inLanguage":"es"},{"@type":"Organization","@id":"https:\/\/cvnoticias.com\/nuevapagina\/#organization","name":"CV Noticias","url":"https:\/\/cvnoticias.com\/nuevapagina\/","logo":{"@type":"ImageObject","inLanguage":"es","@id":"https:\/\/cvnoticias.com\/nuevapagina\/#\/schema\/logo\/image\/","url":"https:\/\/cvnoticias.com\/nuevapagina\/wp-content\/uploads\/2025\/05\/cropped-logo-1.png","contentUrl":"https:\/\/cvnoticias.com\/nuevapagina\/wp-content\/uploads\/2025\/05\/cropped-logo-1.png","width":320,"height":118,"caption":"CV Noticias"},"image":{"@id":"https:\/\/cvnoticias.com\/nuevapagina\/#\/schema\/logo\/image\/"}},{"@type":"Person","@id":"https:\/\/cvnoticias.com\/nuevapagina\/#\/schema\/person\/19e35f246421a31486be7321065f7463","name":"CvNoticias","image":{"@type":"ImageObject","inLanguage":"es","@id":"https:\/\/secure.gravatar.com\/avatar\/c3a4375d38fd8f9b34ac9e853cb706a079817c78f9a39e33b16a2b2b2e51688a?s=96&d=mm&r=g","url":"https:\/\/secure.gravatar.com\/avatar\/c3a4375d38fd8f9b34ac9e853cb706a079817c78f9a39e33b16a2b2b2e51688a?s=96&d=mm&r=g","contentUrl":"https:\/\/secure.gravatar.com\/avatar\/c3a4375d38fd8f9b34ac9e853cb706a079817c78f9a39e33b16a2b2b2e51688a?s=96&d=mm&r=g","caption":"CvNoticias"},"url":"https:\/\/cvnoticias.com\/nuevapagina\/index.php\/author\/gesner\/"}]}},"_links":{"self":[{"href":"https:\/\/cvnoticias.com\/nuevapagina\/index.php\/wp-json\/wp\/v2\/posts\/7535","targetHints":{"allow":["GET"]}}],"collection":[{"href":"https:\/\/cvnoticias.com\/nuevapagina\/index.php\/wp-json\/wp\/v2\/posts"}],"about":[{"href":"https:\/\/cvnoticias.com\/nuevapagina\/index.php\/wp-json\/wp\/v2\/types\/post"}],"author":[{"embeddable":true,"href":"https:\/\/cvnoticias.com\/nuevapagina\/index.php\/wp-json\/wp\/v2\/users\/2"}],"replies":[{"embeddable":true,"href":"https:\/\/cvnoticias.com\/nuevapagina\/index.php\/wp-json\/wp\/v2\/comments?post=7535"}],"version-history":[{"count":1,"href":"https:\/\/cvnoticias.com\/nuevapagina\/index.php\/wp-json\/wp\/v2\/posts\/7535\/revisions"}],"predecessor-version":[{"id":7537,"href":"https:\/\/cvnoticias.com\/nuevapagina\/index.php\/wp-json\/wp\/v2\/posts\/7535\/revisions\/7537"}],"wp:featuredmedia":[{"embeddable":true,"href":"https:\/\/cvnoticias.com\/nuevapagina\/index.php\/wp-json\/wp\/v2\/media\/7536"}],"wp:attachment":[{"href":"https:\/\/cvnoticias.com\/nuevapagina\/index.php\/wp-json\/wp\/v2\/media?parent=7535"}],"wp:term":[{"taxonomy":"category","embeddable":true,"href":"https:\/\/cvnoticias.com\/nuevapagina\/index.php\/wp-json\/wp\/v2\/categories?post=7535"},{"taxonomy":"post_tag","embeddable":true,"href":"https:\/\/cvnoticias.com\/nuevapagina\/index.php\/wp-json\/wp\/v2\/tags?post=7535"}],"curies":[{"name":"wp","href":"https:\/\/api.w.org\/{rel}","templated":true}]}}