{"id":7533,"date":"2026-04-27T22:36:00","date_gmt":"2026-04-27T22:36:00","guid":{"rendered":"https:\/\/cvnoticias.com\/nuevapagina\/?p=7533"},"modified":"2026-04-27T22:36:02","modified_gmt":"2026-04-27T22:36:02","slug":"iniciativa-en-el-congreso-del-estado-propone-creacion-de-crematorios-publicos-en-la-entidad","status":"publish","type":"post","link":"https:\/\/cvnoticias.com\/nuevapagina\/index.php\/2026\/04\/27\/iniciativa-en-el-congreso-del-estado-propone-creacion-de-crematorios-publicos-en-la-entidad\/","title":{"rendered":"Iniciativa en el Congreso del Estado propone creaci\u00f3n de crematorios p\u00fablicos en la entidad"},"content":{"rendered":"\n<ul class=\"wp-block-list\">\n<li>El objetivo es garantizar un servicio digno y accesible para las familias oaxaque\u00f1as<\/li>\n<\/ul>\n\n\n\n<p>San Raymundo Jalpan, Oax., a 27 de abril de 2026.- En un esfuerzo por garantizar justicia social y el derecho a una muerte digna, el diputado C\u00e9sar David Mateos Ben\u00edtez, integrante del Grupo Parlamentario de Morena, present\u00f3 ante el Congreso del Estado una Iniciativa con Proyecto de Decreto con el objetivo de establecer la prestaci\u00f3n del servicio p\u00fablico de crematorios por parte del Gobierno del Estado.<\/p>\n\n\n\n<p>Con la adici\u00f3n de la fracci\u00f3n XXIX al art\u00edculo 4 de la Ley Estatal de Salud, el legislador promovente sugiere que el Ejecutivo Estatal tenga como atribuci\u00f3n la incineraci\u00f3n de \u00f3rganos, tejidos y sus componentes, c\u00e9lulas y cad\u00e1veres de seres humanos.<\/p>\n\n\n\n<p>En la exposici\u00f3n de motivos, el representante popular destac\u00f3 que la falta de infraestructura p\u00fablica favorece pr\u00e1cticas abusivas y sobreprecios en momentos de especial susceptibilidad para las familias, debido a que los operadores privados suelen excluir a los sectores m\u00e1s vulnerables de la poblaci\u00f3n.<\/p>\n\n\n\n<p>La creaci\u00f3n de estos espacios, agreg\u00f3, tambi\u00e9n atender\u00eda problemas de saturaci\u00f3n de panteones al reducir la presi\u00f3n sobre los cementerios municipales y optimizar\u00eda el uso del suelo. Asimismo, puntualiz\u00f3 que la incineraci\u00f3n regulada y supervisada por la autoridad estatal contribuir\u00eda a proteger los mantos fre\u00e1ticos, el suelo y el aire.<\/p>\n\n\n\n<p>El diputado destac\u00f3 que esta propuesta busca reducir las desigualdades territoriales, ya que la instalaci\u00f3n de crematorios p\u00fablicos regionales permitir\u00eda que el acceso a este servicio no dependa del lugar de residencia ni de la capacidad econ\u00f3mica de las y los oaxaque\u00f1os.<\/p>\n\n\n\n<p>Asimismo, enfatiz\u00f3 que esta iniciativa es plenamente respetuosa de la diversidad cultural y la libertad de creencias de la entidad, ya que no se busca sustituir los rituales comunitarios o tradicionales, sino garantizar que quienes opten por la cremaci\u00f3n puedan hacerlo en condiciones dignas, sin barreras econ\u00f3micas ni discriminaci\u00f3n.<\/p>\n\n\n\n<p>Mateos Ben\u00edtez recalc\u00f3 que la propuesta se fundamenta en los art\u00edculos 4 y 25 de la Constituci\u00f3n Pol\u00edtica de M\u00e9xico, que consagra el derecho a la salud, al medio ambiente sano y la obligaci\u00f3n del Estado de garantizar un desarrollo justo y sustentable.<\/p>\n\n\n\n<p>Dicha Iniciativa fue presentada en Sesi\u00f3n Ordinaria el 27 de enero del a\u00f1o en curso, y remitida a la Comisi\u00f3n Permanente de Salud para su an\u00e1lisis y dictamen.<\/p>\n","protected":false},"excerpt":{"rendered":"<p>San Raymundo Jalpan, Oax., a 27 de abril de 2026.- En un esfuerzo por garantizar&#8230;<\/p>\n","protected":false},"author":2,"featured_media":7524,"comment_status":"open","ping_status":"closed","sticky":false,"template":"","format":"standard","meta":{"footnotes":""},"categories":[3],"tags":[],"class_list":["post-7533","post","type-post","status-publish","format-standard","has-post-thumbnail","hentry","category-comunicadosdeprensa"],"yoast_head":"<!-- This site is optimized with the Yoast SEO plugin v27.5 - https:\/\/yoast.com\/product\/yoast-seo-wordpress\/ -->\n<title>Iniciativa en el Congreso del Estado propone creaci\u00f3n de crematorios p\u00fablicos en la entidad - CV Noticias<\/title>\n<meta name=\"robots\" content=\"index, follow, max-snippet:-1, max-image-preview:large, max-video-preview:-1\" \/>\n<link rel=\"canonical\" href=\"https:\/\/cvnoticias.com\/nuevapagina\/index.php\/2026\/04\/27\/iniciativa-en-el-congreso-del-estado-propone-creacion-de-crematorios-publicos-en-la-entidad\/\" \/>\n<meta property=\"og:locale\" content=\"es_ES\" \/>\n<meta property=\"og:type\" content=\"article\" \/>\n<meta property=\"og:title\" content=\"Iniciativa en el Congreso del Estado propone creaci\u00f3n de crematorios p\u00fablicos en la entidad - CV Noticias\" \/>\n<meta property=\"og:description\" content=\"San Raymundo Jalpan, Oax., a 27 de abril de 2026.- En un esfuerzo por garantizar...\" \/>\n<meta property=\"og:url\" content=\"https:\/\/cvnoticias.com\/nuevapagina\/index.php\/2026\/04\/27\/iniciativa-en-el-congreso-del-estado-propone-creacion-de-crematorios-publicos-en-la-entidad\/\" \/>\n<meta property=\"og:site_name\" content=\"CV Noticias\" \/>\n<meta property=\"article:published_time\" content=\"2026-04-27T22:36:00+00:00\" \/>\n<meta property=\"article:modified_time\" content=\"2026-04-27T22:36:02+00:00\" \/>\n<meta property=\"og:image\" content=\"https:\/\/cvnoticias.com\/nuevapagina\/wp-content\/uploads\/2026\/04\/WhatsApp-Image-2026-04-27-at-2.42.36-PM.jpeg\" \/>\n\t<meta property=\"og:image:width\" content=\"1280\" \/>\n\t<meta property=\"og:image:height\" content=\"853\" \/>\n\t<meta property=\"og:image:type\" content=\"image\/jpeg\" \/>\n<meta name=\"author\" content=\"CvNoticias\" \/>\n<meta name=\"twitter:card\" content=\"summary_large_image\" \/>\n<meta name=\"twitter:label1\" content=\"Escrito por\" \/>\n\t<meta name=\"twitter:data1\" content=\"CvNoticias\" \/>\n\t<meta name=\"twitter:label2\" content=\"Tiempo de lectura\" \/>\n\t<meta name=\"twitter:data2\" content=\"2 minutos\" \/>\n<script type=\"application\/ld+json\" class=\"yoast-schema-graph\">{\"@context\":\"https:\\\/\\\/schema.org\",\"@graph\":[{\"@type\":\"Article\",\"@id\":\"https:\\\/\\\/cvnoticias.com\\\/nuevapagina\\\/index.php\\\/2026\\\/04\\\/27\\\/iniciativa-en-el-congreso-del-estado-propone-creacion-de-crematorios-publicos-en-la-entidad\\\/#article\",\"isPartOf\":{\"@id\":\"https:\\\/\\\/cvnoticias.com\\\/nuevapagina\\\/index.php\\\/2026\\\/04\\\/27\\\/iniciativa-en-el-congreso-del-estado-propone-creacion-de-crematorios-publicos-en-la-entidad\\\/\"},\"author\":{\"name\":\"CvNoticias\",\"@id\":\"https:\\\/\\\/cvnoticias.com\\\/nuevapagina\\\/#\\\/schema\\\/person\\\/19e35f246421a31486be7321065f7463\"},\"headline\":\"Iniciativa en el Congreso del Estado propone creaci\u00f3n de crematorios p\u00fablicos en la entidad\",\"datePublished\":\"2026-04-27T22:36:00+00:00\",\"dateModified\":\"2026-04-27T22:36:02+00:00\",\"mainEntityOfPage\":{\"@id\":\"https:\\\/\\\/cvnoticias.com\\\/nuevapagina\\\/index.php\\\/2026\\\/04\\\/27\\\/iniciativa-en-el-congreso-del-estado-propone-creacion-de-crematorios-publicos-en-la-entidad\\\/\"},\"wordCount\":431,\"commentCount\":0,\"publisher\":{\"@id\":\"https:\\\/\\\/cvnoticias.com\\\/nuevapagina\\\/#organization\"},\"image\":{\"@id\":\"https:\\\/\\\/cvnoticias.com\\\/nuevapagina\\\/index.php\\\/2026\\\/04\\\/27\\\/iniciativa-en-el-congreso-del-estado-propone-creacion-de-crematorios-publicos-en-la-entidad\\\/#primaryimage\"},\"thumbnailUrl\":\"https:\\\/\\\/cvnoticias.com\\\/nuevapagina\\\/wp-content\\\/uploads\\\/2026\\\/04\\\/WhatsApp-Image-2026-04-27-at-2.42.36-PM.jpeg\",\"articleSection\":[\"Comunicados\"],\"inLanguage\":\"es\",\"potentialAction\":[{\"@type\":\"CommentAction\",\"name\":\"Comment\",\"target\":[\"https:\\\/\\\/cvnoticias.com\\\/nuevapagina\\\/index.php\\\/2026\\\/04\\\/27\\\/iniciativa-en-el-congreso-del-estado-propone-creacion-de-crematorios-publicos-en-la-entidad\\\/#respond\"]}]},{\"@type\":\"WebPage\",\"@id\":\"https:\\\/\\\/cvnoticias.com\\\/nuevapagina\\\/index.php\\\/2026\\\/04\\\/27\\\/iniciativa-en-el-congreso-del-estado-propone-creacion-de-crematorios-publicos-en-la-entidad\\\/\",\"url\":\"https:\\\/\\\/cvnoticias.com\\\/nuevapagina\\\/index.php\\\/2026\\\/04\\\/27\\\/iniciativa-en-el-congreso-del-estado-propone-creacion-de-crematorios-publicos-en-la-entidad\\\/\",\"name\":\"Iniciativa en el Congreso del Estado propone creaci\u00f3n de crematorios p\u00fablicos en la entidad - CV Noticias\",\"isPartOf\":{\"@id\":\"https:\\\/\\\/cvnoticias.com\\\/nuevapagina\\\/#website\"},\"primaryImageOfPage\":{\"@id\":\"https:\\\/\\\/cvnoticias.com\\\/nuevapagina\\\/index.php\\\/2026\\\/04\\\/27\\\/iniciativa-en-el-congreso-del-estado-propone-creacion-de-crematorios-publicos-en-la-entidad\\\/#primaryimage\"},\"image\":{\"@id\":\"https:\\\/\\\/cvnoticias.com\\\/nuevapagina\\\/index.php\\\/2026\\\/04\\\/27\\\/iniciativa-en-el-congreso-del-estado-propone-creacion-de-crematorios-publicos-en-la-entidad\\\/#primaryimage\"},\"thumbnailUrl\":\"https:\\\/\\\/cvnoticias.com\\\/nuevapagina\\\/wp-content\\\/uploads\\\/2026\\\/04\\\/WhatsApp-Image-2026-04-27-at-2.42.36-PM.jpeg\",\"datePublished\":\"2026-04-27T22:36:00+00:00\",\"dateModified\":\"2026-04-27T22:36:02+00:00\",\"breadcrumb\":{\"@id\":\"https:\\\/\\\/cvnoticias.com\\\/nuevapagina\\\/index.php\\\/2026\\\/04\\\/27\\\/iniciativa-en-el-congreso-del-estado-propone-creacion-de-crematorios-publicos-en-la-entidad\\\/#breadcrumb\"},\"inLanguage\":\"es\",\"potentialAction\":[{\"@type\":\"ReadAction\",\"target\":[\"https:\\\/\\\/cvnoticias.com\\\/nuevapagina\\\/index.php\\\/2026\\\/04\\\/27\\\/iniciativa-en-el-congreso-del-estado-propone-creacion-de-crematorios-publicos-en-la-entidad\\\/\"]}]},{\"@type\":\"ImageObject\",\"inLanguage\":\"es\",\"@id\":\"https:\\\/\\\/cvnoticias.com\\\/nuevapagina\\\/index.php\\\/2026\\\/04\\\/27\\\/iniciativa-en-el-congreso-del-estado-propone-creacion-de-crematorios-publicos-en-la-entidad\\\/#primaryimage\",\"url\":\"https:\\\/\\\/cvnoticias.com\\\/nuevapagina\\\/wp-content\\\/uploads\\\/2026\\\/04\\\/WhatsApp-Image-2026-04-27-at-2.42.36-PM.jpeg\",\"contentUrl\":\"https:\\\/\\\/cvnoticias.com\\\/nuevapagina\\\/wp-content\\\/uploads\\\/2026\\\/04\\\/WhatsApp-Image-2026-04-27-at-2.42.36-PM.jpeg\",\"width\":1280,\"height\":853},{\"@type\":\"BreadcrumbList\",\"@id\":\"https:\\\/\\\/cvnoticias.com\\\/nuevapagina\\\/index.php\\\/2026\\\/04\\\/27\\\/iniciativa-en-el-congreso-del-estado-propone-creacion-de-crematorios-publicos-en-la-entidad\\\/#breadcrumb\",\"itemListElement\":[{\"@type\":\"ListItem\",\"position\":1,\"name\":\"Portada\",\"item\":\"https:\\\/\\\/cvnoticias.com\\\/nuevapagina\\\/\"},{\"@type\":\"ListItem\",\"position\":2,\"name\":\"Iniciativa en el Congreso del Estado propone creaci\u00f3n de crematorios p\u00fablicos en la entidad\"}]},{\"@type\":\"WebSite\",\"@id\":\"https:\\\/\\\/cvnoticias.com\\\/nuevapagina\\\/#website\",\"url\":\"https:\\\/\\\/cvnoticias.com\\\/nuevapagina\\\/\",\"name\":\"CV Noticias\",\"description\":\"Noticias de Oaxaca\",\"publisher\":{\"@id\":\"https:\\\/\\\/cvnoticias.com\\\/nuevapagina\\\/#organization\"},\"potentialAction\":[{\"@type\":\"SearchAction\",\"target\":{\"@type\":\"EntryPoint\",\"urlTemplate\":\"https:\\\/\\\/cvnoticias.com\\\/nuevapagina\\\/?s={search_term_string}\"},\"query-input\":{\"@type\":\"PropertyValueSpecification\",\"valueRequired\":true,\"valueName\":\"search_term_string\"}}],\"inLanguage\":\"es\"},{\"@type\":\"Organization\",\"@id\":\"https:\\\/\\\/cvnoticias.com\\\/nuevapagina\\\/#organization\",\"name\":\"CV Noticias\",\"url\":\"https:\\\/\\\/cvnoticias.com\\\/nuevapagina\\\/\",\"logo\":{\"@type\":\"ImageObject\",\"inLanguage\":\"es\",\"@id\":\"https:\\\/\\\/cvnoticias.com\\\/nuevapagina\\\/#\\\/schema\\\/logo\\\/image\\\/\",\"url\":\"https:\\\/\\\/cvnoticias.com\\\/nuevapagina\\\/wp-content\\\/uploads\\\/2025\\\/05\\\/cropped-logo-1.png\",\"contentUrl\":\"https:\\\/\\\/cvnoticias.com\\\/nuevapagina\\\/wp-content\\\/uploads\\\/2025\\\/05\\\/cropped-logo-1.png\",\"width\":320,\"height\":118,\"caption\":\"CV Noticias\"},\"image\":{\"@id\":\"https:\\\/\\\/cvnoticias.com\\\/nuevapagina\\\/#\\\/schema\\\/logo\\\/image\\\/\"}},{\"@type\":\"Person\",\"@id\":\"https:\\\/\\\/cvnoticias.com\\\/nuevapagina\\\/#\\\/schema\\\/person\\\/19e35f246421a31486be7321065f7463\",\"name\":\"CvNoticias\",\"image\":{\"@type\":\"ImageObject\",\"inLanguage\":\"es\",\"@id\":\"https:\\\/\\\/secure.gravatar.com\\\/avatar\\\/c3a4375d38fd8f9b34ac9e853cb706a079817c78f9a39e33b16a2b2b2e51688a?s=96&d=mm&r=g\",\"url\":\"https:\\\/\\\/secure.gravatar.com\\\/avatar\\\/c3a4375d38fd8f9b34ac9e853cb706a079817c78f9a39e33b16a2b2b2e51688a?s=96&d=mm&r=g\",\"contentUrl\":\"https:\\\/\\\/secure.gravatar.com\\\/avatar\\\/c3a4375d38fd8f9b34ac9e853cb706a079817c78f9a39e33b16a2b2b2e51688a?s=96&d=mm&r=g\",\"caption\":\"CvNoticias\"},\"url\":\"https:\\\/\\\/cvnoticias.com\\\/nuevapagina\\\/index.php\\\/author\\\/gesner\\\/\"}]}<\/script>\n<!-- \/ Yoast SEO plugin. -->","yoast_head_json":{"title":"Iniciativa en el Congreso del Estado propone creaci\u00f3n de crematorios p\u00fablicos en la entidad - CV Noticias","robots":{"index":"index","follow":"follow","max-snippet":"max-snippet:-1","max-image-preview":"max-image-preview:large","max-video-preview":"max-video-preview:-1"},"canonical":"https:\/\/cvnoticias.com\/nuevapagina\/index.php\/2026\/04\/27\/iniciativa-en-el-congreso-del-estado-propone-creacion-de-crematorios-publicos-en-la-entidad\/","og_locale":"es_ES","og_type":"article","og_title":"Iniciativa en el Congreso del Estado propone creaci\u00f3n de crematorios p\u00fablicos en la entidad - CV Noticias","og_description":"San Raymundo Jalpan, Oax., a 27 de abril de 2026.- En un esfuerzo por garantizar...","og_url":"https:\/\/cvnoticias.com\/nuevapagina\/index.php\/2026\/04\/27\/iniciativa-en-el-congreso-del-estado-propone-creacion-de-crematorios-publicos-en-la-entidad\/","og_site_name":"CV Noticias","article_published_time":"2026-04-27T22:36:00+00:00","article_modified_time":"2026-04-27T22:36:02+00:00","og_image":[{"width":1280,"height":853,"url":"https:\/\/cvnoticias.com\/nuevapagina\/wp-content\/uploads\/2026\/04\/WhatsApp-Image-2026-04-27-at-2.42.36-PM.jpeg","type":"image\/jpeg"}],"author":"CvNoticias","twitter_card":"summary_large_image","twitter_misc":{"Escrito por":"CvNoticias","Tiempo de lectura":"2 minutos"},"schema":{"@context":"https:\/\/schema.org","@graph":[{"@type":"Article","@id":"https:\/\/cvnoticias.com\/nuevapagina\/index.php\/2026\/04\/27\/iniciativa-en-el-congreso-del-estado-propone-creacion-de-crematorios-publicos-en-la-entidad\/#article","isPartOf":{"@id":"https:\/\/cvnoticias.com\/nuevapagina\/index.php\/2026\/04\/27\/iniciativa-en-el-congreso-del-estado-propone-creacion-de-crematorios-publicos-en-la-entidad\/"},"author":{"name":"CvNoticias","@id":"https:\/\/cvnoticias.com\/nuevapagina\/#\/schema\/person\/19e35f246421a31486be7321065f7463"},"headline":"Iniciativa en el Congreso del Estado propone creaci\u00f3n de crematorios p\u00fablicos en la entidad","datePublished":"2026-04-27T22:36:00+00:00","dateModified":"2026-04-27T22:36:02+00:00","mainEntityOfPage":{"@id":"https:\/\/cvnoticias.com\/nuevapagina\/index.php\/2026\/04\/27\/iniciativa-en-el-congreso-del-estado-propone-creacion-de-crematorios-publicos-en-la-entidad\/"},"wordCount":431,"commentCount":0,"publisher":{"@id":"https:\/\/cvnoticias.com\/nuevapagina\/#organization"},"image":{"@id":"https:\/\/cvnoticias.com\/nuevapagina\/index.php\/2026\/04\/27\/iniciativa-en-el-congreso-del-estado-propone-creacion-de-crematorios-publicos-en-la-entidad\/#primaryimage"},"thumbnailUrl":"https:\/\/cvnoticias.com\/nuevapagina\/wp-content\/uploads\/2026\/04\/WhatsApp-Image-2026-04-27-at-2.42.36-PM.jpeg","articleSection":["Comunicados"],"inLanguage":"es","potentialAction":[{"@type":"CommentAction","name":"Comment","target":["https:\/\/cvnoticias.com\/nuevapagina\/index.php\/2026\/04\/27\/iniciativa-en-el-congreso-del-estado-propone-creacion-de-crematorios-publicos-en-la-entidad\/#respond"]}]},{"@type":"WebPage","@id":"https:\/\/cvnoticias.com\/nuevapagina\/index.php\/2026\/04\/27\/iniciativa-en-el-congreso-del-estado-propone-creacion-de-crematorios-publicos-en-la-entidad\/","url":"https:\/\/cvnoticias.com\/nuevapagina\/index.php\/2026\/04\/27\/iniciativa-en-el-congreso-del-estado-propone-creacion-de-crematorios-publicos-en-la-entidad\/","name":"Iniciativa en el Congreso del Estado propone creaci\u00f3n de crematorios p\u00fablicos en la entidad - CV Noticias","isPartOf":{"@id":"https:\/\/cvnoticias.com\/nuevapagina\/#website"},"primaryImageOfPage":{"@id":"https:\/\/cvnoticias.com\/nuevapagina\/index.php\/2026\/04\/27\/iniciativa-en-el-congreso-del-estado-propone-creacion-de-crematorios-publicos-en-la-entidad\/#primaryimage"},"image":{"@id":"https:\/\/cvnoticias.com\/nuevapagina\/index.php\/2026\/04\/27\/iniciativa-en-el-congreso-del-estado-propone-creacion-de-crematorios-publicos-en-la-entidad\/#primaryimage"},"thumbnailUrl":"https:\/\/cvnoticias.com\/nuevapagina\/wp-content\/uploads\/2026\/04\/WhatsApp-Image-2026-04-27-at-2.42.36-PM.jpeg","datePublished":"2026-04-27T22:36:00+00:00","dateModified":"2026-04-27T22:36:02+00:00","breadcrumb":{"@id":"https:\/\/cvnoticias.com\/nuevapagina\/index.php\/2026\/04\/27\/iniciativa-en-el-congreso-del-estado-propone-creacion-de-crematorios-publicos-en-la-entidad\/#breadcrumb"},"inLanguage":"es","potentialAction":[{"@type":"ReadAction","target":["https:\/\/cvnoticias.com\/nuevapagina\/index.php\/2026\/04\/27\/iniciativa-en-el-congreso-del-estado-propone-creacion-de-crematorios-publicos-en-la-entidad\/"]}]},{"@type":"ImageObject","inLanguage":"es","@id":"https:\/\/cvnoticias.com\/nuevapagina\/index.php\/2026\/04\/27\/iniciativa-en-el-congreso-del-estado-propone-creacion-de-crematorios-publicos-en-la-entidad\/#primaryimage","url":"https:\/\/cvnoticias.com\/nuevapagina\/wp-content\/uploads\/2026\/04\/WhatsApp-Image-2026-04-27-at-2.42.36-PM.jpeg","contentUrl":"https:\/\/cvnoticias.com\/nuevapagina\/wp-content\/uploads\/2026\/04\/WhatsApp-Image-2026-04-27-at-2.42.36-PM.jpeg","width":1280,"height":853},{"@type":"BreadcrumbList","@id":"https:\/\/cvnoticias.com\/nuevapagina\/index.php\/2026\/04\/27\/iniciativa-en-el-congreso-del-estado-propone-creacion-de-crematorios-publicos-en-la-entidad\/#breadcrumb","itemListElement":[{"@type":"ListItem","position":1,"name":"Portada","item":"https:\/\/cvnoticias.com\/nuevapagina\/"},{"@type":"ListItem","position":2,"name":"Iniciativa en el Congreso del Estado propone creaci\u00f3n de crematorios p\u00fablicos en la entidad"}]},{"@type":"WebSite","@id":"https:\/\/cvnoticias.com\/nuevapagina\/#website","url":"https:\/\/cvnoticias.com\/nuevapagina\/","name":"CV Noticias","description":"Noticias de Oaxaca","publisher":{"@id":"https:\/\/cvnoticias.com\/nuevapagina\/#organization"},"potentialAction":[{"@type":"SearchAction","target":{"@type":"EntryPoint","urlTemplate":"https:\/\/cvnoticias.com\/nuevapagina\/?s={search_term_string}"},"query-input":{"@type":"PropertyValueSpecification","valueRequired":true,"valueName":"search_term_string"}}],"inLanguage":"es"},{"@type":"Organization","@id":"https:\/\/cvnoticias.com\/nuevapagina\/#organization","name":"CV Noticias","url":"https:\/\/cvnoticias.com\/nuevapagina\/","logo":{"@type":"ImageObject","inLanguage":"es","@id":"https:\/\/cvnoticias.com\/nuevapagina\/#\/schema\/logo\/image\/","url":"https:\/\/cvnoticias.com\/nuevapagina\/wp-content\/uploads\/2025\/05\/cropped-logo-1.png","contentUrl":"https:\/\/cvnoticias.com\/nuevapagina\/wp-content\/uploads\/2025\/05\/cropped-logo-1.png","width":320,"height":118,"caption":"CV Noticias"},"image":{"@id":"https:\/\/cvnoticias.com\/nuevapagina\/#\/schema\/logo\/image\/"}},{"@type":"Person","@id":"https:\/\/cvnoticias.com\/nuevapagina\/#\/schema\/person\/19e35f246421a31486be7321065f7463","name":"CvNoticias","image":{"@type":"ImageObject","inLanguage":"es","@id":"https:\/\/secure.gravatar.com\/avatar\/c3a4375d38fd8f9b34ac9e853cb706a079817c78f9a39e33b16a2b2b2e51688a?s=96&d=mm&r=g","url":"https:\/\/secure.gravatar.com\/avatar\/c3a4375d38fd8f9b34ac9e853cb706a079817c78f9a39e33b16a2b2b2e51688a?s=96&d=mm&r=g","contentUrl":"https:\/\/secure.gravatar.com\/avatar\/c3a4375d38fd8f9b34ac9e853cb706a079817c78f9a39e33b16a2b2b2e51688a?s=96&d=mm&r=g","caption":"CvNoticias"},"url":"https:\/\/cvnoticias.com\/nuevapagina\/index.php\/author\/gesner\/"}]}},"_links":{"self":[{"href":"https:\/\/cvnoticias.com\/nuevapagina\/index.php\/wp-json\/wp\/v2\/posts\/7533","targetHints":{"allow":["GET"]}}],"collection":[{"href":"https:\/\/cvnoticias.com\/nuevapagina\/index.php\/wp-json\/wp\/v2\/posts"}],"about":[{"href":"https:\/\/cvnoticias.com\/nuevapagina\/index.php\/wp-json\/wp\/v2\/types\/post"}],"author":[{"embeddable":true,"href":"https:\/\/cvnoticias.com\/nuevapagina\/index.php\/wp-json\/wp\/v2\/users\/2"}],"replies":[{"embeddable":true,"href":"https:\/\/cvnoticias.com\/nuevapagina\/index.php\/wp-json\/wp\/v2\/comments?post=7533"}],"version-history":[{"count":1,"href":"https:\/\/cvnoticias.com\/nuevapagina\/index.php\/wp-json\/wp\/v2\/posts\/7533\/revisions"}],"predecessor-version":[{"id":7534,"href":"https:\/\/cvnoticias.com\/nuevapagina\/index.php\/wp-json\/wp\/v2\/posts\/7533\/revisions\/7534"}],"wp:featuredmedia":[{"embeddable":true,"href":"https:\/\/cvnoticias.com\/nuevapagina\/index.php\/wp-json\/wp\/v2\/media\/7524"}],"wp:attachment":[{"href":"https:\/\/cvnoticias.com\/nuevapagina\/index.php\/wp-json\/wp\/v2\/media?parent=7533"}],"wp:term":[{"taxonomy":"category","embeddable":true,"href":"https:\/\/cvnoticias.com\/nuevapagina\/index.php\/wp-json\/wp\/v2\/categories?post=7533"},{"taxonomy":"post_tag","embeddable":true,"href":"https:\/\/cvnoticias.com\/nuevapagina\/index.php\/wp-json\/wp\/v2\/tags?post=7533"}],"curies":[{"name":"wp","href":"https:\/\/api.w.org\/{rel}","templated":true}]}}