{"id":7504,"date":"2026-04-27T17:47:42","date_gmt":"2026-04-27T17:47:42","guid":{"rendered":"https:\/\/cvnoticias.com\/nuevapagina\/?p=7504"},"modified":"2026-04-27T17:47:44","modified_gmt":"2026-04-27T17:47:44","slug":"presentan-en-el-congreso-del-estado-propuesta-para-garantizar-el-acceso-a-plataformas-gubernamentales-en-lenguas-indigenas","status":"publish","type":"post","link":"https:\/\/cvnoticias.com\/nuevapagina\/index.php\/2026\/04\/27\/presentan-en-el-congreso-del-estado-propuesta-para-garantizar-el-acceso-a-plataformas-gubernamentales-en-lenguas-indigenas\/","title":{"rendered":"Presentan en el Congreso del Estado propuesta para garantizar el acceso a plataformas gubernamentales en lenguas ind\u00edgenas"},"content":{"rendered":"\n<p>*Se plantea que las plataformas digitales cuenten con traducciones escritas, im\u00e1genes, as\u00ed como herramientas de audio y video<\/p>\n\n\n\n<p>San Raymundo Jalpan, Oax., a 25 de abril de 2026.- Con el objetivo de fortalecer el acceso igualitario a la informaci\u00f3n p\u00fablica, la diputada Analy Peral Vivar, integrante del Grupo Parlamentario de Morena, present\u00f3 una iniciativa para que el Estado, a trav\u00e9s de sus tres poderes \u2014Ejecutivo, Legislativo y Judicial\u2014, as\u00ed como los \u00f3rganos aut\u00f3nomos, asegure que sus sitios web oficiales, plataformas digitales y servicios de informaci\u00f3n en l\u00ednea cuenten con adecuaciones ling\u00fc\u00edsticas que garanticen el acceso tanto al espa\u00f1ol como a las lenguas ind\u00edgenas.<\/p>\n\n\n\n<p>La propuesta plantea que dichas herramientas digitales dispongan de interfaces, contenidos y mecanismos de navegaci\u00f3n que permitan acceder a la informaci\u00f3n gubernamental en condiciones de igualdad, bajo criterios de interculturalidad, progresividad y dignidad.<\/p>\n\n\n\n<p>En este sentido, se busca que los portales y plataformas digitales cuenten con interfaces biling\u00fces que incluyan traducciones escritas, im\u00e1genes y herramientas de audio y video, priorizando informaci\u00f3n relacionada con salud, educaci\u00f3n, trabajo, programas sociales, derechos humanos y justicia.<\/p>\n\n\n\n<p>La legisladora se\u00f1al\u00f3 que, pese a que Oaxaca es hogar de 16 pueblos ind\u00edgenas y sus lenguas tienen la misma validez oficial que el espa\u00f1ol, actualmente los portales institucionales operan bajo un esquema monoling\u00fce, lo que limita el ejercicio pleno de derechos fundamentales.<\/p>\n\n\n\n<p>De acuerdo con datos de la Encuesta Nacional de la Din\u00e1mica Demogr\u00e1fica (ENADID) 2023 citados en el Proyecto de Decreto, Oaxaca es la entidad con mayor porcentaje de poblaci\u00f3n ind\u00edgena en el pa\u00eds, con un 26.3 por ciento, lo que refuerza la necesidad de fortalecer la administraci\u00f3n p\u00fablica con una visi\u00f3n intercultural e incluyente.<\/p>\n\n\n\n<p>Asimismo, la promovente expuso que la medida se sustenta en el marco normativo de la Constituci\u00f3n Pol\u00edtica de los Estados Unidos Mexicanos, la Constituci\u00f3n local y diversos tratados internacionales, que obligan al Estado mexicano a implementar acciones afirmativas para proteger, preservar y desarrollar las lenguas ind\u00edgenas.<\/p>\n\n\n\n<p>La iniciativa fue presentada en Sesi\u00f3n Ordinaria el pasado 27 de enero del presente a\u00f1o y turnada para su an\u00e1lisis y dictamen a la Comisi\u00f3n Permanente de Interculturalidad, Pueblos y Comunidades Ind\u00edgenas y Afromexicanas.<\/p>\n","protected":false},"excerpt":{"rendered":"<p>*Se plantea que las plataformas digitales cuenten con traducciones escritas, im\u00e1genes, as\u00ed como herramientas de&#8230;<\/p>\n","protected":false},"author":2,"featured_media":7495,"comment_status":"open","ping_status":"closed","sticky":false,"template":"","format":"standard","meta":{"footnotes":""},"categories":[3],"tags":[],"class_list":["post-7504","post","type-post","status-publish","format-standard","has-post-thumbnail","hentry","category-comunicadosdeprensa"],"yoast_head":"<!-- This site is optimized with the Yoast SEO plugin v27.5 - https:\/\/yoast.com\/product\/yoast-seo-wordpress\/ -->\n<title>Presentan en el Congreso del Estado propuesta para garantizar el acceso a plataformas gubernamentales en lenguas ind\u00edgenas - CV Noticias<\/title>\n<meta name=\"robots\" content=\"index, follow, max-snippet:-1, max-image-preview:large, max-video-preview:-1\" \/>\n<link rel=\"canonical\" href=\"https:\/\/cvnoticias.com\/nuevapagina\/index.php\/2026\/04\/27\/presentan-en-el-congreso-del-estado-propuesta-para-garantizar-el-acceso-a-plataformas-gubernamentales-en-lenguas-indigenas\/\" \/>\n<meta property=\"og:locale\" content=\"es_ES\" \/>\n<meta property=\"og:type\" content=\"article\" \/>\n<meta property=\"og:title\" content=\"Presentan en el Congreso del Estado propuesta para garantizar el acceso a plataformas gubernamentales en lenguas ind\u00edgenas - CV Noticias\" \/>\n<meta property=\"og:description\" content=\"*Se plantea que las plataformas digitales cuenten con traducciones escritas, im\u00e1genes, as\u00ed como herramientas de...\" \/>\n<meta property=\"og:url\" content=\"https:\/\/cvnoticias.com\/nuevapagina\/index.php\/2026\/04\/27\/presentan-en-el-congreso-del-estado-propuesta-para-garantizar-el-acceso-a-plataformas-gubernamentales-en-lenguas-indigenas\/\" \/>\n<meta property=\"og:site_name\" content=\"CV Noticias\" \/>\n<meta property=\"article:published_time\" content=\"2026-04-27T17:47:42+00:00\" \/>\n<meta property=\"article:modified_time\" content=\"2026-04-27T17:47:44+00:00\" \/>\n<meta property=\"og:image\" content=\"https:\/\/cvnoticias.com\/nuevapagina\/wp-content\/uploads\/2026\/04\/WhatsApp-Image-2026-04-25-at-8.29.22-PM.jpeg\" \/>\n\t<meta property=\"og:image:width\" content=\"1280\" \/>\n\t<meta property=\"og:image:height\" content=\"853\" \/>\n\t<meta property=\"og:image:type\" content=\"image\/jpeg\" \/>\n<meta name=\"author\" content=\"CvNoticias\" \/>\n<meta name=\"twitter:card\" content=\"summary_large_image\" \/>\n<meta name=\"twitter:label1\" content=\"Escrito por\" \/>\n\t<meta name=\"twitter:data1\" content=\"CvNoticias\" \/>\n\t<meta name=\"twitter:label2\" content=\"Tiempo de lectura\" \/>\n\t<meta name=\"twitter:data2\" content=\"2 minutos\" \/>\n<script type=\"application\/ld+json\" class=\"yoast-schema-graph\">{\"@context\":\"https:\\\/\\\/schema.org\",\"@graph\":[{\"@type\":\"Article\",\"@id\":\"https:\\\/\\\/cvnoticias.com\\\/nuevapagina\\\/index.php\\\/2026\\\/04\\\/27\\\/presentan-en-el-congreso-del-estado-propuesta-para-garantizar-el-acceso-a-plataformas-gubernamentales-en-lenguas-indigenas\\\/#article\",\"isPartOf\":{\"@id\":\"https:\\\/\\\/cvnoticias.com\\\/nuevapagina\\\/index.php\\\/2026\\\/04\\\/27\\\/presentan-en-el-congreso-del-estado-propuesta-para-garantizar-el-acceso-a-plataformas-gubernamentales-en-lenguas-indigenas\\\/\"},\"author\":{\"name\":\"CvNoticias\",\"@id\":\"https:\\\/\\\/cvnoticias.com\\\/nuevapagina\\\/#\\\/schema\\\/person\\\/19e35f246421a31486be7321065f7463\"},\"headline\":\"Presentan en el Congreso del Estado propuesta para garantizar el acceso a plataformas gubernamentales en lenguas ind\u00edgenas\",\"datePublished\":\"2026-04-27T17:47:42+00:00\",\"dateModified\":\"2026-04-27T17:47:44+00:00\",\"mainEntityOfPage\":{\"@id\":\"https:\\\/\\\/cvnoticias.com\\\/nuevapagina\\\/index.php\\\/2026\\\/04\\\/27\\\/presentan-en-el-congreso-del-estado-propuesta-para-garantizar-el-acceso-a-plataformas-gubernamentales-en-lenguas-indigenas\\\/\"},\"wordCount\":402,\"commentCount\":0,\"publisher\":{\"@id\":\"https:\\\/\\\/cvnoticias.com\\\/nuevapagina\\\/#organization\"},\"image\":{\"@id\":\"https:\\\/\\\/cvnoticias.com\\\/nuevapagina\\\/index.php\\\/2026\\\/04\\\/27\\\/presentan-en-el-congreso-del-estado-propuesta-para-garantizar-el-acceso-a-plataformas-gubernamentales-en-lenguas-indigenas\\\/#primaryimage\"},\"thumbnailUrl\":\"https:\\\/\\\/cvnoticias.com\\\/nuevapagina\\\/wp-content\\\/uploads\\\/2026\\\/04\\\/WhatsApp-Image-2026-04-25-at-8.29.22-PM.jpeg\",\"articleSection\":[\"Comunicados\"],\"inLanguage\":\"es\",\"potentialAction\":[{\"@type\":\"CommentAction\",\"name\":\"Comment\",\"target\":[\"https:\\\/\\\/cvnoticias.com\\\/nuevapagina\\\/index.php\\\/2026\\\/04\\\/27\\\/presentan-en-el-congreso-del-estado-propuesta-para-garantizar-el-acceso-a-plataformas-gubernamentales-en-lenguas-indigenas\\\/#respond\"]}]},{\"@type\":\"WebPage\",\"@id\":\"https:\\\/\\\/cvnoticias.com\\\/nuevapagina\\\/index.php\\\/2026\\\/04\\\/27\\\/presentan-en-el-congreso-del-estado-propuesta-para-garantizar-el-acceso-a-plataformas-gubernamentales-en-lenguas-indigenas\\\/\",\"url\":\"https:\\\/\\\/cvnoticias.com\\\/nuevapagina\\\/index.php\\\/2026\\\/04\\\/27\\\/presentan-en-el-congreso-del-estado-propuesta-para-garantizar-el-acceso-a-plataformas-gubernamentales-en-lenguas-indigenas\\\/\",\"name\":\"Presentan en el Congreso del Estado propuesta para garantizar el acceso a plataformas gubernamentales en lenguas ind\u00edgenas - CV Noticias\",\"isPartOf\":{\"@id\":\"https:\\\/\\\/cvnoticias.com\\\/nuevapagina\\\/#website\"},\"primaryImageOfPage\":{\"@id\":\"https:\\\/\\\/cvnoticias.com\\\/nuevapagina\\\/index.php\\\/2026\\\/04\\\/27\\\/presentan-en-el-congreso-del-estado-propuesta-para-garantizar-el-acceso-a-plataformas-gubernamentales-en-lenguas-indigenas\\\/#primaryimage\"},\"image\":{\"@id\":\"https:\\\/\\\/cvnoticias.com\\\/nuevapagina\\\/index.php\\\/2026\\\/04\\\/27\\\/presentan-en-el-congreso-del-estado-propuesta-para-garantizar-el-acceso-a-plataformas-gubernamentales-en-lenguas-indigenas\\\/#primaryimage\"},\"thumbnailUrl\":\"https:\\\/\\\/cvnoticias.com\\\/nuevapagina\\\/wp-content\\\/uploads\\\/2026\\\/04\\\/WhatsApp-Image-2026-04-25-at-8.29.22-PM.jpeg\",\"datePublished\":\"2026-04-27T17:47:42+00:00\",\"dateModified\":\"2026-04-27T17:47:44+00:00\",\"breadcrumb\":{\"@id\":\"https:\\\/\\\/cvnoticias.com\\\/nuevapagina\\\/index.php\\\/2026\\\/04\\\/27\\\/presentan-en-el-congreso-del-estado-propuesta-para-garantizar-el-acceso-a-plataformas-gubernamentales-en-lenguas-indigenas\\\/#breadcrumb\"},\"inLanguage\":\"es\",\"potentialAction\":[{\"@type\":\"ReadAction\",\"target\":[\"https:\\\/\\\/cvnoticias.com\\\/nuevapagina\\\/index.php\\\/2026\\\/04\\\/27\\\/presentan-en-el-congreso-del-estado-propuesta-para-garantizar-el-acceso-a-plataformas-gubernamentales-en-lenguas-indigenas\\\/\"]}]},{\"@type\":\"ImageObject\",\"inLanguage\":\"es\",\"@id\":\"https:\\\/\\\/cvnoticias.com\\\/nuevapagina\\\/index.php\\\/2026\\\/04\\\/27\\\/presentan-en-el-congreso-del-estado-propuesta-para-garantizar-el-acceso-a-plataformas-gubernamentales-en-lenguas-indigenas\\\/#primaryimage\",\"url\":\"https:\\\/\\\/cvnoticias.com\\\/nuevapagina\\\/wp-content\\\/uploads\\\/2026\\\/04\\\/WhatsApp-Image-2026-04-25-at-8.29.22-PM.jpeg\",\"contentUrl\":\"https:\\\/\\\/cvnoticias.com\\\/nuevapagina\\\/wp-content\\\/uploads\\\/2026\\\/04\\\/WhatsApp-Image-2026-04-25-at-8.29.22-PM.jpeg\",\"width\":1280,\"height\":853},{\"@type\":\"BreadcrumbList\",\"@id\":\"https:\\\/\\\/cvnoticias.com\\\/nuevapagina\\\/index.php\\\/2026\\\/04\\\/27\\\/presentan-en-el-congreso-del-estado-propuesta-para-garantizar-el-acceso-a-plataformas-gubernamentales-en-lenguas-indigenas\\\/#breadcrumb\",\"itemListElement\":[{\"@type\":\"ListItem\",\"position\":1,\"name\":\"Portada\",\"item\":\"https:\\\/\\\/cvnoticias.com\\\/nuevapagina\\\/\"},{\"@type\":\"ListItem\",\"position\":2,\"name\":\"Presentan en el Congreso del Estado propuesta para garantizar el acceso a plataformas gubernamentales en lenguas ind\u00edgenas\"}]},{\"@type\":\"WebSite\",\"@id\":\"https:\\\/\\\/cvnoticias.com\\\/nuevapagina\\\/#website\",\"url\":\"https:\\\/\\\/cvnoticias.com\\\/nuevapagina\\\/\",\"name\":\"CV Noticias\",\"description\":\"Noticias de Oaxaca\",\"publisher\":{\"@id\":\"https:\\\/\\\/cvnoticias.com\\\/nuevapagina\\\/#organization\"},\"potentialAction\":[{\"@type\":\"SearchAction\",\"target\":{\"@type\":\"EntryPoint\",\"urlTemplate\":\"https:\\\/\\\/cvnoticias.com\\\/nuevapagina\\\/?s={search_term_string}\"},\"query-input\":{\"@type\":\"PropertyValueSpecification\",\"valueRequired\":true,\"valueName\":\"search_term_string\"}}],\"inLanguage\":\"es\"},{\"@type\":\"Organization\",\"@id\":\"https:\\\/\\\/cvnoticias.com\\\/nuevapagina\\\/#organization\",\"name\":\"CV Noticias\",\"url\":\"https:\\\/\\\/cvnoticias.com\\\/nuevapagina\\\/\",\"logo\":{\"@type\":\"ImageObject\",\"inLanguage\":\"es\",\"@id\":\"https:\\\/\\\/cvnoticias.com\\\/nuevapagina\\\/#\\\/schema\\\/logo\\\/image\\\/\",\"url\":\"https:\\\/\\\/cvnoticias.com\\\/nuevapagina\\\/wp-content\\\/uploads\\\/2025\\\/05\\\/cropped-logo-1.png\",\"contentUrl\":\"https:\\\/\\\/cvnoticias.com\\\/nuevapagina\\\/wp-content\\\/uploads\\\/2025\\\/05\\\/cropped-logo-1.png\",\"width\":320,\"height\":118,\"caption\":\"CV Noticias\"},\"image\":{\"@id\":\"https:\\\/\\\/cvnoticias.com\\\/nuevapagina\\\/#\\\/schema\\\/logo\\\/image\\\/\"}},{\"@type\":\"Person\",\"@id\":\"https:\\\/\\\/cvnoticias.com\\\/nuevapagina\\\/#\\\/schema\\\/person\\\/19e35f246421a31486be7321065f7463\",\"name\":\"CvNoticias\",\"image\":{\"@type\":\"ImageObject\",\"inLanguage\":\"es\",\"@id\":\"https:\\\/\\\/secure.gravatar.com\\\/avatar\\\/c3a4375d38fd8f9b34ac9e853cb706a079817c78f9a39e33b16a2b2b2e51688a?s=96&d=mm&r=g\",\"url\":\"https:\\\/\\\/secure.gravatar.com\\\/avatar\\\/c3a4375d38fd8f9b34ac9e853cb706a079817c78f9a39e33b16a2b2b2e51688a?s=96&d=mm&r=g\",\"contentUrl\":\"https:\\\/\\\/secure.gravatar.com\\\/avatar\\\/c3a4375d38fd8f9b34ac9e853cb706a079817c78f9a39e33b16a2b2b2e51688a?s=96&d=mm&r=g\",\"caption\":\"CvNoticias\"},\"url\":\"https:\\\/\\\/cvnoticias.com\\\/nuevapagina\\\/index.php\\\/author\\\/gesner\\\/\"}]}<\/script>\n<!-- \/ Yoast SEO plugin. -->","yoast_head_json":{"title":"Presentan en el Congreso del Estado propuesta para garantizar el acceso a plataformas gubernamentales en lenguas ind\u00edgenas - CV Noticias","robots":{"index":"index","follow":"follow","max-snippet":"max-snippet:-1","max-image-preview":"max-image-preview:large","max-video-preview":"max-video-preview:-1"},"canonical":"https:\/\/cvnoticias.com\/nuevapagina\/index.php\/2026\/04\/27\/presentan-en-el-congreso-del-estado-propuesta-para-garantizar-el-acceso-a-plataformas-gubernamentales-en-lenguas-indigenas\/","og_locale":"es_ES","og_type":"article","og_title":"Presentan en el Congreso del Estado propuesta para garantizar el acceso a plataformas gubernamentales en lenguas ind\u00edgenas - CV Noticias","og_description":"*Se plantea que las plataformas digitales cuenten con traducciones escritas, im\u00e1genes, as\u00ed como herramientas de...","og_url":"https:\/\/cvnoticias.com\/nuevapagina\/index.php\/2026\/04\/27\/presentan-en-el-congreso-del-estado-propuesta-para-garantizar-el-acceso-a-plataformas-gubernamentales-en-lenguas-indigenas\/","og_site_name":"CV Noticias","article_published_time":"2026-04-27T17:47:42+00:00","article_modified_time":"2026-04-27T17:47:44+00:00","og_image":[{"width":1280,"height":853,"url":"https:\/\/cvnoticias.com\/nuevapagina\/wp-content\/uploads\/2026\/04\/WhatsApp-Image-2026-04-25-at-8.29.22-PM.jpeg","type":"image\/jpeg"}],"author":"CvNoticias","twitter_card":"summary_large_image","twitter_misc":{"Escrito por":"CvNoticias","Tiempo de lectura":"2 minutos"},"schema":{"@context":"https:\/\/schema.org","@graph":[{"@type":"Article","@id":"https:\/\/cvnoticias.com\/nuevapagina\/index.php\/2026\/04\/27\/presentan-en-el-congreso-del-estado-propuesta-para-garantizar-el-acceso-a-plataformas-gubernamentales-en-lenguas-indigenas\/#article","isPartOf":{"@id":"https:\/\/cvnoticias.com\/nuevapagina\/index.php\/2026\/04\/27\/presentan-en-el-congreso-del-estado-propuesta-para-garantizar-el-acceso-a-plataformas-gubernamentales-en-lenguas-indigenas\/"},"author":{"name":"CvNoticias","@id":"https:\/\/cvnoticias.com\/nuevapagina\/#\/schema\/person\/19e35f246421a31486be7321065f7463"},"headline":"Presentan en el Congreso del Estado propuesta para garantizar el acceso a plataformas gubernamentales en lenguas ind\u00edgenas","datePublished":"2026-04-27T17:47:42+00:00","dateModified":"2026-04-27T17:47:44+00:00","mainEntityOfPage":{"@id":"https:\/\/cvnoticias.com\/nuevapagina\/index.php\/2026\/04\/27\/presentan-en-el-congreso-del-estado-propuesta-para-garantizar-el-acceso-a-plataformas-gubernamentales-en-lenguas-indigenas\/"},"wordCount":402,"commentCount":0,"publisher":{"@id":"https:\/\/cvnoticias.com\/nuevapagina\/#organization"},"image":{"@id":"https:\/\/cvnoticias.com\/nuevapagina\/index.php\/2026\/04\/27\/presentan-en-el-congreso-del-estado-propuesta-para-garantizar-el-acceso-a-plataformas-gubernamentales-en-lenguas-indigenas\/#primaryimage"},"thumbnailUrl":"https:\/\/cvnoticias.com\/nuevapagina\/wp-content\/uploads\/2026\/04\/WhatsApp-Image-2026-04-25-at-8.29.22-PM.jpeg","articleSection":["Comunicados"],"inLanguage":"es","potentialAction":[{"@type":"CommentAction","name":"Comment","target":["https:\/\/cvnoticias.com\/nuevapagina\/index.php\/2026\/04\/27\/presentan-en-el-congreso-del-estado-propuesta-para-garantizar-el-acceso-a-plataformas-gubernamentales-en-lenguas-indigenas\/#respond"]}]},{"@type":"WebPage","@id":"https:\/\/cvnoticias.com\/nuevapagina\/index.php\/2026\/04\/27\/presentan-en-el-congreso-del-estado-propuesta-para-garantizar-el-acceso-a-plataformas-gubernamentales-en-lenguas-indigenas\/","url":"https:\/\/cvnoticias.com\/nuevapagina\/index.php\/2026\/04\/27\/presentan-en-el-congreso-del-estado-propuesta-para-garantizar-el-acceso-a-plataformas-gubernamentales-en-lenguas-indigenas\/","name":"Presentan en el Congreso del Estado propuesta para garantizar el acceso a plataformas gubernamentales en lenguas ind\u00edgenas - CV Noticias","isPartOf":{"@id":"https:\/\/cvnoticias.com\/nuevapagina\/#website"},"primaryImageOfPage":{"@id":"https:\/\/cvnoticias.com\/nuevapagina\/index.php\/2026\/04\/27\/presentan-en-el-congreso-del-estado-propuesta-para-garantizar-el-acceso-a-plataformas-gubernamentales-en-lenguas-indigenas\/#primaryimage"},"image":{"@id":"https:\/\/cvnoticias.com\/nuevapagina\/index.php\/2026\/04\/27\/presentan-en-el-congreso-del-estado-propuesta-para-garantizar-el-acceso-a-plataformas-gubernamentales-en-lenguas-indigenas\/#primaryimage"},"thumbnailUrl":"https:\/\/cvnoticias.com\/nuevapagina\/wp-content\/uploads\/2026\/04\/WhatsApp-Image-2026-04-25-at-8.29.22-PM.jpeg","datePublished":"2026-04-27T17:47:42+00:00","dateModified":"2026-04-27T17:47:44+00:00","breadcrumb":{"@id":"https:\/\/cvnoticias.com\/nuevapagina\/index.php\/2026\/04\/27\/presentan-en-el-congreso-del-estado-propuesta-para-garantizar-el-acceso-a-plataformas-gubernamentales-en-lenguas-indigenas\/#breadcrumb"},"inLanguage":"es","potentialAction":[{"@type":"ReadAction","target":["https:\/\/cvnoticias.com\/nuevapagina\/index.php\/2026\/04\/27\/presentan-en-el-congreso-del-estado-propuesta-para-garantizar-el-acceso-a-plataformas-gubernamentales-en-lenguas-indigenas\/"]}]},{"@type":"ImageObject","inLanguage":"es","@id":"https:\/\/cvnoticias.com\/nuevapagina\/index.php\/2026\/04\/27\/presentan-en-el-congreso-del-estado-propuesta-para-garantizar-el-acceso-a-plataformas-gubernamentales-en-lenguas-indigenas\/#primaryimage","url":"https:\/\/cvnoticias.com\/nuevapagina\/wp-content\/uploads\/2026\/04\/WhatsApp-Image-2026-04-25-at-8.29.22-PM.jpeg","contentUrl":"https:\/\/cvnoticias.com\/nuevapagina\/wp-content\/uploads\/2026\/04\/WhatsApp-Image-2026-04-25-at-8.29.22-PM.jpeg","width":1280,"height":853},{"@type":"BreadcrumbList","@id":"https:\/\/cvnoticias.com\/nuevapagina\/index.php\/2026\/04\/27\/presentan-en-el-congreso-del-estado-propuesta-para-garantizar-el-acceso-a-plataformas-gubernamentales-en-lenguas-indigenas\/#breadcrumb","itemListElement":[{"@type":"ListItem","position":1,"name":"Portada","item":"https:\/\/cvnoticias.com\/nuevapagina\/"},{"@type":"ListItem","position":2,"name":"Presentan en el Congreso del Estado propuesta para garantizar el acceso a plataformas gubernamentales en lenguas ind\u00edgenas"}]},{"@type":"WebSite","@id":"https:\/\/cvnoticias.com\/nuevapagina\/#website","url":"https:\/\/cvnoticias.com\/nuevapagina\/","name":"CV Noticias","description":"Noticias de Oaxaca","publisher":{"@id":"https:\/\/cvnoticias.com\/nuevapagina\/#organization"},"potentialAction":[{"@type":"SearchAction","target":{"@type":"EntryPoint","urlTemplate":"https:\/\/cvnoticias.com\/nuevapagina\/?s={search_term_string}"},"query-input":{"@type":"PropertyValueSpecification","valueRequired":true,"valueName":"search_term_string"}}],"inLanguage":"es"},{"@type":"Organization","@id":"https:\/\/cvnoticias.com\/nuevapagina\/#organization","name":"CV Noticias","url":"https:\/\/cvnoticias.com\/nuevapagina\/","logo":{"@type":"ImageObject","inLanguage":"es","@id":"https:\/\/cvnoticias.com\/nuevapagina\/#\/schema\/logo\/image\/","url":"https:\/\/cvnoticias.com\/nuevapagina\/wp-content\/uploads\/2025\/05\/cropped-logo-1.png","contentUrl":"https:\/\/cvnoticias.com\/nuevapagina\/wp-content\/uploads\/2025\/05\/cropped-logo-1.png","width":320,"height":118,"caption":"CV Noticias"},"image":{"@id":"https:\/\/cvnoticias.com\/nuevapagina\/#\/schema\/logo\/image\/"}},{"@type":"Person","@id":"https:\/\/cvnoticias.com\/nuevapagina\/#\/schema\/person\/19e35f246421a31486be7321065f7463","name":"CvNoticias","image":{"@type":"ImageObject","inLanguage":"es","@id":"https:\/\/secure.gravatar.com\/avatar\/c3a4375d38fd8f9b34ac9e853cb706a079817c78f9a39e33b16a2b2b2e51688a?s=96&d=mm&r=g","url":"https:\/\/secure.gravatar.com\/avatar\/c3a4375d38fd8f9b34ac9e853cb706a079817c78f9a39e33b16a2b2b2e51688a?s=96&d=mm&r=g","contentUrl":"https:\/\/secure.gravatar.com\/avatar\/c3a4375d38fd8f9b34ac9e853cb706a079817c78f9a39e33b16a2b2b2e51688a?s=96&d=mm&r=g","caption":"CvNoticias"},"url":"https:\/\/cvnoticias.com\/nuevapagina\/index.php\/author\/gesner\/"}]}},"_links":{"self":[{"href":"https:\/\/cvnoticias.com\/nuevapagina\/index.php\/wp-json\/wp\/v2\/posts\/7504","targetHints":{"allow":["GET"]}}],"collection":[{"href":"https:\/\/cvnoticias.com\/nuevapagina\/index.php\/wp-json\/wp\/v2\/posts"}],"about":[{"href":"https:\/\/cvnoticias.com\/nuevapagina\/index.php\/wp-json\/wp\/v2\/types\/post"}],"author":[{"embeddable":true,"href":"https:\/\/cvnoticias.com\/nuevapagina\/index.php\/wp-json\/wp\/v2\/users\/2"}],"replies":[{"embeddable":true,"href":"https:\/\/cvnoticias.com\/nuevapagina\/index.php\/wp-json\/wp\/v2\/comments?post=7504"}],"version-history":[{"count":1,"href":"https:\/\/cvnoticias.com\/nuevapagina\/index.php\/wp-json\/wp\/v2\/posts\/7504\/revisions"}],"predecessor-version":[{"id":7505,"href":"https:\/\/cvnoticias.com\/nuevapagina\/index.php\/wp-json\/wp\/v2\/posts\/7504\/revisions\/7505"}],"wp:featuredmedia":[{"embeddable":true,"href":"https:\/\/cvnoticias.com\/nuevapagina\/index.php\/wp-json\/wp\/v2\/media\/7495"}],"wp:attachment":[{"href":"https:\/\/cvnoticias.com\/nuevapagina\/index.php\/wp-json\/wp\/v2\/media?parent=7504"}],"wp:term":[{"taxonomy":"category","embeddable":true,"href":"https:\/\/cvnoticias.com\/nuevapagina\/index.php\/wp-json\/wp\/v2\/categories?post=7504"},{"taxonomy":"post_tag","embeddable":true,"href":"https:\/\/cvnoticias.com\/nuevapagina\/index.php\/wp-json\/wp\/v2\/tags?post=7504"}],"curies":[{"name":"wp","href":"https:\/\/api.w.org\/{rel}","templated":true}]}}