{"id":7500,"date":"2026-04-27T17:46:35","date_gmt":"2026-04-27T17:46:35","guid":{"rendered":"https:\/\/cvnoticias.com\/nuevapagina\/?p=7500"},"modified":"2026-04-27T17:46:36","modified_gmt":"2026-04-27T17:46:36","slug":"ray-chagoya-reconoce-a-ciudadanos-y-ciudadanas-por-su-aporte-a-oaxaca-de-juarez-en-su-494-aniversario","status":"publish","type":"post","link":"https:\/\/cvnoticias.com\/nuevapagina\/index.php\/2026\/04\/27\/ray-chagoya-reconoce-a-ciudadanos-y-ciudadanas-por-su-aporte-a-oaxaca-de-juarez-en-su-494-aniversario\/","title":{"rendered":"Ray Chagoya reconoce a ciudadanos y ciudadanas por su aporte a Oaxaca de Ju\u00e1rez en su 494 aniversario"},"content":{"rendered":"\n<p>El presidente municipal Ray Chagoya, acompa\u00f1ado por el gobernador Salom\u00f3n Jara Cruz, encabez\u00f3 la entrega de distinciones a ciudadanas y ciudadanos oaxaque\u00f1os, reconocidos por su destacada trayectoria y sus valiosas contribuciones al desarrollo y fortalecimiento de Oaxaca de Ju\u00e1rez.<\/p>\n\n\n\n<p>El Cabildo municipal otorg\u00f3, en la categor\u00eda de Oaxaque\u00f1o Inolvidable, un reconocimiento p\u00f3stumo al compositor \u00c1lvaro Carrillo, as\u00ed como a Esteban Sabino Hern\u00e1ndez Salinas, militar y destacado l\u00edder comunitario.<\/p>\n\n\n\n<p>En la categor\u00eda Ciudadanas y Ciudadanos de Antequera, fueron distinguidos Mar\u00eda de la Paz Mart\u00ednez Iturribar\u00eda, Rub\u00e9n Garc\u00eda D\u00edaz y Lilian Alejandra Bustamante Garc\u00eda.<\/p>\n\n\n\n<p>Asimismo, en la categor\u00eda de Visitante Distinguido, se reconoci\u00f3 a Gabriela Cuevas Barr\u00f3n, representante de M\u00e9xico para la Copa Mundial FIFA 2026; a Carmen Esmeralda Gonz\u00e1lez Tapia, presidenta municipal de Cananea, Sonora; a X\u00f3chitl Flores Jim\u00e9nez, presidenta municipal de Chimalhuac\u00e1n, Estado de M\u00e9xico; as\u00ed como al exfutbolista C\u00e9sar Fabi\u00e1n Delgado Godoy, \u201cEl Chelito\u201d, y a la emprendedora Marisol P\u00e9rez Ruiz.<\/p>\n\n\n\n<p>Por su parte, en la categor\u00eda Diploma al M\u00e9rito Profesional, se entregaron distinciones a Olga Cabrera Oropeza, Erwin Aldair Ruiz Santiago \u201cMextizo Zapoteco\u201d, Isabel Ju\u00e1rez Mej\u00eda, Darwin Mej\u00eda Ranzahuer, Paul Israel Lara P\u00e9rez, Gilda Andrea Hern\u00e1ndez Ram\u00edrez, Heriberto Cirilo Jim\u00e9nez Luna, Luz Mar\u00eda Hern\u00e1ndez Cruz, V\u00edctor Manuel D\u00edaz G\u00f3mez, Cecilia Flores Ram\u00edrez y Carlos Maximiano Luis Valle.<\/p>\n\n\n\n<p>En este marco, Ray Chagoya reconoci\u00f3 que, gracias al trabajo en equipo con el Gobierno del Estado y la Federaci\u00f3n, la capital avanza en su desarrollo para seguir consolid\u00e1ndose como un lugar seguro y limpio para sus vecinas y vecinos.<\/p>\n","protected":false},"excerpt":{"rendered":"<p>El presidente municipal Ray Chagoya, acompa\u00f1ado por el gobernador Salom\u00f3n Jara Cruz, encabez\u00f3 la entrega&#8230;<\/p>\n","protected":false},"author":2,"featured_media":7497,"comment_status":"open","ping_status":"closed","sticky":false,"template":"","format":"standard","meta":{"footnotes":""},"categories":[3],"tags":[],"class_list":["post-7500","post","type-post","status-publish","format-standard","has-post-thumbnail","hentry","category-comunicadosdeprensa"],"yoast_head":"<!-- This site is optimized with the Yoast SEO plugin v27.5 - https:\/\/yoast.com\/product\/yoast-seo-wordpress\/ -->\n<title>Ray Chagoya reconoce a ciudadanos y ciudadanas por su aporte a Oaxaca de Ju\u00e1rez en su 494 aniversario - CV Noticias<\/title>\n<meta name=\"robots\" content=\"index, follow, max-snippet:-1, max-image-preview:large, max-video-preview:-1\" \/>\n<link rel=\"canonical\" href=\"https:\/\/cvnoticias.com\/nuevapagina\/index.php\/2026\/04\/27\/ray-chagoya-reconoce-a-ciudadanos-y-ciudadanas-por-su-aporte-a-oaxaca-de-juarez-en-su-494-aniversario\/\" \/>\n<meta property=\"og:locale\" content=\"es_ES\" \/>\n<meta property=\"og:type\" content=\"article\" \/>\n<meta property=\"og:title\" content=\"Ray Chagoya reconoce a ciudadanos y ciudadanas por su aporte a Oaxaca de Ju\u00e1rez en su 494 aniversario - CV Noticias\" \/>\n<meta property=\"og:description\" content=\"El presidente municipal Ray Chagoya, acompa\u00f1ado por el gobernador Salom\u00f3n Jara Cruz, encabez\u00f3 la entrega...\" \/>\n<meta property=\"og:url\" content=\"https:\/\/cvnoticias.com\/nuevapagina\/index.php\/2026\/04\/27\/ray-chagoya-reconoce-a-ciudadanos-y-ciudadanas-por-su-aporte-a-oaxaca-de-juarez-en-su-494-aniversario\/\" \/>\n<meta property=\"og:site_name\" content=\"CV Noticias\" \/>\n<meta property=\"article:published_time\" content=\"2026-04-27T17:46:35+00:00\" \/>\n<meta property=\"article:modified_time\" content=\"2026-04-27T17:46:36+00:00\" \/>\n<meta property=\"og:image\" content=\"https:\/\/cvnoticias.com\/nuevapagina\/wp-content\/uploads\/2026\/04\/WhatsApp-Image-2026-04-25-at-8.27.47-PM.jpeg\" \/>\n\t<meta property=\"og:image:width\" content=\"1280\" \/>\n\t<meta property=\"og:image:height\" content=\"854\" \/>\n\t<meta property=\"og:image:type\" content=\"image\/jpeg\" \/>\n<meta name=\"author\" content=\"CvNoticias\" \/>\n<meta name=\"twitter:card\" content=\"summary_large_image\" \/>\n<meta name=\"twitter:label1\" content=\"Escrito por\" \/>\n\t<meta name=\"twitter:data1\" content=\"CvNoticias\" \/>\n\t<meta name=\"twitter:label2\" content=\"Tiempo de lectura\" \/>\n\t<meta name=\"twitter:data2\" content=\"2 minutos\" \/>\n<script type=\"application\/ld+json\" class=\"yoast-schema-graph\">{\"@context\":\"https:\\\/\\\/schema.org\",\"@graph\":[{\"@type\":\"Article\",\"@id\":\"https:\\\/\\\/cvnoticias.com\\\/nuevapagina\\\/index.php\\\/2026\\\/04\\\/27\\\/ray-chagoya-reconoce-a-ciudadanos-y-ciudadanas-por-su-aporte-a-oaxaca-de-juarez-en-su-494-aniversario\\\/#article\",\"isPartOf\":{\"@id\":\"https:\\\/\\\/cvnoticias.com\\\/nuevapagina\\\/index.php\\\/2026\\\/04\\\/27\\\/ray-chagoya-reconoce-a-ciudadanos-y-ciudadanas-por-su-aporte-a-oaxaca-de-juarez-en-su-494-aniversario\\\/\"},\"author\":{\"name\":\"CvNoticias\",\"@id\":\"https:\\\/\\\/cvnoticias.com\\\/nuevapagina\\\/#\\\/schema\\\/person\\\/19e35f246421a31486be7321065f7463\"},\"headline\":\"Ray Chagoya reconoce a ciudadanos y ciudadanas por su aporte a Oaxaca de Ju\u00e1rez en su 494 aniversario\",\"datePublished\":\"2026-04-27T17:46:35+00:00\",\"dateModified\":\"2026-04-27T17:46:36+00:00\",\"mainEntityOfPage\":{\"@id\":\"https:\\\/\\\/cvnoticias.com\\\/nuevapagina\\\/index.php\\\/2026\\\/04\\\/27\\\/ray-chagoya-reconoce-a-ciudadanos-y-ciudadanas-por-su-aporte-a-oaxaca-de-juarez-en-su-494-aniversario\\\/\"},\"wordCount\":311,\"commentCount\":0,\"publisher\":{\"@id\":\"https:\\\/\\\/cvnoticias.com\\\/nuevapagina\\\/#organization\"},\"image\":{\"@id\":\"https:\\\/\\\/cvnoticias.com\\\/nuevapagina\\\/index.php\\\/2026\\\/04\\\/27\\\/ray-chagoya-reconoce-a-ciudadanos-y-ciudadanas-por-su-aporte-a-oaxaca-de-juarez-en-su-494-aniversario\\\/#primaryimage\"},\"thumbnailUrl\":\"https:\\\/\\\/cvnoticias.com\\\/nuevapagina\\\/wp-content\\\/uploads\\\/2026\\\/04\\\/WhatsApp-Image-2026-04-25-at-8.27.47-PM.jpeg\",\"articleSection\":[\"Comunicados\"],\"inLanguage\":\"es\",\"potentialAction\":[{\"@type\":\"CommentAction\",\"name\":\"Comment\",\"target\":[\"https:\\\/\\\/cvnoticias.com\\\/nuevapagina\\\/index.php\\\/2026\\\/04\\\/27\\\/ray-chagoya-reconoce-a-ciudadanos-y-ciudadanas-por-su-aporte-a-oaxaca-de-juarez-en-su-494-aniversario\\\/#respond\"]}]},{\"@type\":\"WebPage\",\"@id\":\"https:\\\/\\\/cvnoticias.com\\\/nuevapagina\\\/index.php\\\/2026\\\/04\\\/27\\\/ray-chagoya-reconoce-a-ciudadanos-y-ciudadanas-por-su-aporte-a-oaxaca-de-juarez-en-su-494-aniversario\\\/\",\"url\":\"https:\\\/\\\/cvnoticias.com\\\/nuevapagina\\\/index.php\\\/2026\\\/04\\\/27\\\/ray-chagoya-reconoce-a-ciudadanos-y-ciudadanas-por-su-aporte-a-oaxaca-de-juarez-en-su-494-aniversario\\\/\",\"name\":\"Ray Chagoya reconoce a ciudadanos y ciudadanas por su aporte a Oaxaca de Ju\u00e1rez en su 494 aniversario - CV Noticias\",\"isPartOf\":{\"@id\":\"https:\\\/\\\/cvnoticias.com\\\/nuevapagina\\\/#website\"},\"primaryImageOfPage\":{\"@id\":\"https:\\\/\\\/cvnoticias.com\\\/nuevapagina\\\/index.php\\\/2026\\\/04\\\/27\\\/ray-chagoya-reconoce-a-ciudadanos-y-ciudadanas-por-su-aporte-a-oaxaca-de-juarez-en-su-494-aniversario\\\/#primaryimage\"},\"image\":{\"@id\":\"https:\\\/\\\/cvnoticias.com\\\/nuevapagina\\\/index.php\\\/2026\\\/04\\\/27\\\/ray-chagoya-reconoce-a-ciudadanos-y-ciudadanas-por-su-aporte-a-oaxaca-de-juarez-en-su-494-aniversario\\\/#primaryimage\"},\"thumbnailUrl\":\"https:\\\/\\\/cvnoticias.com\\\/nuevapagina\\\/wp-content\\\/uploads\\\/2026\\\/04\\\/WhatsApp-Image-2026-04-25-at-8.27.47-PM.jpeg\",\"datePublished\":\"2026-04-27T17:46:35+00:00\",\"dateModified\":\"2026-04-27T17:46:36+00:00\",\"breadcrumb\":{\"@id\":\"https:\\\/\\\/cvnoticias.com\\\/nuevapagina\\\/index.php\\\/2026\\\/04\\\/27\\\/ray-chagoya-reconoce-a-ciudadanos-y-ciudadanas-por-su-aporte-a-oaxaca-de-juarez-en-su-494-aniversario\\\/#breadcrumb\"},\"inLanguage\":\"es\",\"potentialAction\":[{\"@type\":\"ReadAction\",\"target\":[\"https:\\\/\\\/cvnoticias.com\\\/nuevapagina\\\/index.php\\\/2026\\\/04\\\/27\\\/ray-chagoya-reconoce-a-ciudadanos-y-ciudadanas-por-su-aporte-a-oaxaca-de-juarez-en-su-494-aniversario\\\/\"]}]},{\"@type\":\"ImageObject\",\"inLanguage\":\"es\",\"@id\":\"https:\\\/\\\/cvnoticias.com\\\/nuevapagina\\\/index.php\\\/2026\\\/04\\\/27\\\/ray-chagoya-reconoce-a-ciudadanos-y-ciudadanas-por-su-aporte-a-oaxaca-de-juarez-en-su-494-aniversario\\\/#primaryimage\",\"url\":\"https:\\\/\\\/cvnoticias.com\\\/nuevapagina\\\/wp-content\\\/uploads\\\/2026\\\/04\\\/WhatsApp-Image-2026-04-25-at-8.27.47-PM.jpeg\",\"contentUrl\":\"https:\\\/\\\/cvnoticias.com\\\/nuevapagina\\\/wp-content\\\/uploads\\\/2026\\\/04\\\/WhatsApp-Image-2026-04-25-at-8.27.47-PM.jpeg\",\"width\":1280,\"height\":854},{\"@type\":\"BreadcrumbList\",\"@id\":\"https:\\\/\\\/cvnoticias.com\\\/nuevapagina\\\/index.php\\\/2026\\\/04\\\/27\\\/ray-chagoya-reconoce-a-ciudadanos-y-ciudadanas-por-su-aporte-a-oaxaca-de-juarez-en-su-494-aniversario\\\/#breadcrumb\",\"itemListElement\":[{\"@type\":\"ListItem\",\"position\":1,\"name\":\"Portada\",\"item\":\"https:\\\/\\\/cvnoticias.com\\\/nuevapagina\\\/\"},{\"@type\":\"ListItem\",\"position\":2,\"name\":\"Ray Chagoya reconoce a ciudadanos y ciudadanas por su aporte a Oaxaca de Ju\u00e1rez en su 494 aniversario\"}]},{\"@type\":\"WebSite\",\"@id\":\"https:\\\/\\\/cvnoticias.com\\\/nuevapagina\\\/#website\",\"url\":\"https:\\\/\\\/cvnoticias.com\\\/nuevapagina\\\/\",\"name\":\"CV Noticias\",\"description\":\"Noticias de Oaxaca\",\"publisher\":{\"@id\":\"https:\\\/\\\/cvnoticias.com\\\/nuevapagina\\\/#organization\"},\"potentialAction\":[{\"@type\":\"SearchAction\",\"target\":{\"@type\":\"EntryPoint\",\"urlTemplate\":\"https:\\\/\\\/cvnoticias.com\\\/nuevapagina\\\/?s={search_term_string}\"},\"query-input\":{\"@type\":\"PropertyValueSpecification\",\"valueRequired\":true,\"valueName\":\"search_term_string\"}}],\"inLanguage\":\"es\"},{\"@type\":\"Organization\",\"@id\":\"https:\\\/\\\/cvnoticias.com\\\/nuevapagina\\\/#organization\",\"name\":\"CV Noticias\",\"url\":\"https:\\\/\\\/cvnoticias.com\\\/nuevapagina\\\/\",\"logo\":{\"@type\":\"ImageObject\",\"inLanguage\":\"es\",\"@id\":\"https:\\\/\\\/cvnoticias.com\\\/nuevapagina\\\/#\\\/schema\\\/logo\\\/image\\\/\",\"url\":\"https:\\\/\\\/cvnoticias.com\\\/nuevapagina\\\/wp-content\\\/uploads\\\/2025\\\/05\\\/cropped-logo-1.png\",\"contentUrl\":\"https:\\\/\\\/cvnoticias.com\\\/nuevapagina\\\/wp-content\\\/uploads\\\/2025\\\/05\\\/cropped-logo-1.png\",\"width\":320,\"height\":118,\"caption\":\"CV Noticias\"},\"image\":{\"@id\":\"https:\\\/\\\/cvnoticias.com\\\/nuevapagina\\\/#\\\/schema\\\/logo\\\/image\\\/\"}},{\"@type\":\"Person\",\"@id\":\"https:\\\/\\\/cvnoticias.com\\\/nuevapagina\\\/#\\\/schema\\\/person\\\/19e35f246421a31486be7321065f7463\",\"name\":\"CvNoticias\",\"image\":{\"@type\":\"ImageObject\",\"inLanguage\":\"es\",\"@id\":\"https:\\\/\\\/secure.gravatar.com\\\/avatar\\\/c3a4375d38fd8f9b34ac9e853cb706a079817c78f9a39e33b16a2b2b2e51688a?s=96&d=mm&r=g\",\"url\":\"https:\\\/\\\/secure.gravatar.com\\\/avatar\\\/c3a4375d38fd8f9b34ac9e853cb706a079817c78f9a39e33b16a2b2b2e51688a?s=96&d=mm&r=g\",\"contentUrl\":\"https:\\\/\\\/secure.gravatar.com\\\/avatar\\\/c3a4375d38fd8f9b34ac9e853cb706a079817c78f9a39e33b16a2b2b2e51688a?s=96&d=mm&r=g\",\"caption\":\"CvNoticias\"},\"url\":\"https:\\\/\\\/cvnoticias.com\\\/nuevapagina\\\/index.php\\\/author\\\/gesner\\\/\"}]}<\/script>\n<!-- \/ Yoast SEO plugin. -->","yoast_head_json":{"title":"Ray Chagoya reconoce a ciudadanos y ciudadanas por su aporte a Oaxaca de Ju\u00e1rez en su 494 aniversario - CV Noticias","robots":{"index":"index","follow":"follow","max-snippet":"max-snippet:-1","max-image-preview":"max-image-preview:large","max-video-preview":"max-video-preview:-1"},"canonical":"https:\/\/cvnoticias.com\/nuevapagina\/index.php\/2026\/04\/27\/ray-chagoya-reconoce-a-ciudadanos-y-ciudadanas-por-su-aporte-a-oaxaca-de-juarez-en-su-494-aniversario\/","og_locale":"es_ES","og_type":"article","og_title":"Ray Chagoya reconoce a ciudadanos y ciudadanas por su aporte a Oaxaca de Ju\u00e1rez en su 494 aniversario - CV Noticias","og_description":"El presidente municipal Ray Chagoya, acompa\u00f1ado por el gobernador Salom\u00f3n Jara Cruz, encabez\u00f3 la entrega...","og_url":"https:\/\/cvnoticias.com\/nuevapagina\/index.php\/2026\/04\/27\/ray-chagoya-reconoce-a-ciudadanos-y-ciudadanas-por-su-aporte-a-oaxaca-de-juarez-en-su-494-aniversario\/","og_site_name":"CV Noticias","article_published_time":"2026-04-27T17:46:35+00:00","article_modified_time":"2026-04-27T17:46:36+00:00","og_image":[{"width":1280,"height":854,"url":"https:\/\/cvnoticias.com\/nuevapagina\/wp-content\/uploads\/2026\/04\/WhatsApp-Image-2026-04-25-at-8.27.47-PM.jpeg","type":"image\/jpeg"}],"author":"CvNoticias","twitter_card":"summary_large_image","twitter_misc":{"Escrito por":"CvNoticias","Tiempo de lectura":"2 minutos"},"schema":{"@context":"https:\/\/schema.org","@graph":[{"@type":"Article","@id":"https:\/\/cvnoticias.com\/nuevapagina\/index.php\/2026\/04\/27\/ray-chagoya-reconoce-a-ciudadanos-y-ciudadanas-por-su-aporte-a-oaxaca-de-juarez-en-su-494-aniversario\/#article","isPartOf":{"@id":"https:\/\/cvnoticias.com\/nuevapagina\/index.php\/2026\/04\/27\/ray-chagoya-reconoce-a-ciudadanos-y-ciudadanas-por-su-aporte-a-oaxaca-de-juarez-en-su-494-aniversario\/"},"author":{"name":"CvNoticias","@id":"https:\/\/cvnoticias.com\/nuevapagina\/#\/schema\/person\/19e35f246421a31486be7321065f7463"},"headline":"Ray Chagoya reconoce a ciudadanos y ciudadanas por su aporte a Oaxaca de Ju\u00e1rez en su 494 aniversario","datePublished":"2026-04-27T17:46:35+00:00","dateModified":"2026-04-27T17:46:36+00:00","mainEntityOfPage":{"@id":"https:\/\/cvnoticias.com\/nuevapagina\/index.php\/2026\/04\/27\/ray-chagoya-reconoce-a-ciudadanos-y-ciudadanas-por-su-aporte-a-oaxaca-de-juarez-en-su-494-aniversario\/"},"wordCount":311,"commentCount":0,"publisher":{"@id":"https:\/\/cvnoticias.com\/nuevapagina\/#organization"},"image":{"@id":"https:\/\/cvnoticias.com\/nuevapagina\/index.php\/2026\/04\/27\/ray-chagoya-reconoce-a-ciudadanos-y-ciudadanas-por-su-aporte-a-oaxaca-de-juarez-en-su-494-aniversario\/#primaryimage"},"thumbnailUrl":"https:\/\/cvnoticias.com\/nuevapagina\/wp-content\/uploads\/2026\/04\/WhatsApp-Image-2026-04-25-at-8.27.47-PM.jpeg","articleSection":["Comunicados"],"inLanguage":"es","potentialAction":[{"@type":"CommentAction","name":"Comment","target":["https:\/\/cvnoticias.com\/nuevapagina\/index.php\/2026\/04\/27\/ray-chagoya-reconoce-a-ciudadanos-y-ciudadanas-por-su-aporte-a-oaxaca-de-juarez-en-su-494-aniversario\/#respond"]}]},{"@type":"WebPage","@id":"https:\/\/cvnoticias.com\/nuevapagina\/index.php\/2026\/04\/27\/ray-chagoya-reconoce-a-ciudadanos-y-ciudadanas-por-su-aporte-a-oaxaca-de-juarez-en-su-494-aniversario\/","url":"https:\/\/cvnoticias.com\/nuevapagina\/index.php\/2026\/04\/27\/ray-chagoya-reconoce-a-ciudadanos-y-ciudadanas-por-su-aporte-a-oaxaca-de-juarez-en-su-494-aniversario\/","name":"Ray Chagoya reconoce a ciudadanos y ciudadanas por su aporte a Oaxaca de Ju\u00e1rez en su 494 aniversario - CV Noticias","isPartOf":{"@id":"https:\/\/cvnoticias.com\/nuevapagina\/#website"},"primaryImageOfPage":{"@id":"https:\/\/cvnoticias.com\/nuevapagina\/index.php\/2026\/04\/27\/ray-chagoya-reconoce-a-ciudadanos-y-ciudadanas-por-su-aporte-a-oaxaca-de-juarez-en-su-494-aniversario\/#primaryimage"},"image":{"@id":"https:\/\/cvnoticias.com\/nuevapagina\/index.php\/2026\/04\/27\/ray-chagoya-reconoce-a-ciudadanos-y-ciudadanas-por-su-aporte-a-oaxaca-de-juarez-en-su-494-aniversario\/#primaryimage"},"thumbnailUrl":"https:\/\/cvnoticias.com\/nuevapagina\/wp-content\/uploads\/2026\/04\/WhatsApp-Image-2026-04-25-at-8.27.47-PM.jpeg","datePublished":"2026-04-27T17:46:35+00:00","dateModified":"2026-04-27T17:46:36+00:00","breadcrumb":{"@id":"https:\/\/cvnoticias.com\/nuevapagina\/index.php\/2026\/04\/27\/ray-chagoya-reconoce-a-ciudadanos-y-ciudadanas-por-su-aporte-a-oaxaca-de-juarez-en-su-494-aniversario\/#breadcrumb"},"inLanguage":"es","potentialAction":[{"@type":"ReadAction","target":["https:\/\/cvnoticias.com\/nuevapagina\/index.php\/2026\/04\/27\/ray-chagoya-reconoce-a-ciudadanos-y-ciudadanas-por-su-aporte-a-oaxaca-de-juarez-en-su-494-aniversario\/"]}]},{"@type":"ImageObject","inLanguage":"es","@id":"https:\/\/cvnoticias.com\/nuevapagina\/index.php\/2026\/04\/27\/ray-chagoya-reconoce-a-ciudadanos-y-ciudadanas-por-su-aporte-a-oaxaca-de-juarez-en-su-494-aniversario\/#primaryimage","url":"https:\/\/cvnoticias.com\/nuevapagina\/wp-content\/uploads\/2026\/04\/WhatsApp-Image-2026-04-25-at-8.27.47-PM.jpeg","contentUrl":"https:\/\/cvnoticias.com\/nuevapagina\/wp-content\/uploads\/2026\/04\/WhatsApp-Image-2026-04-25-at-8.27.47-PM.jpeg","width":1280,"height":854},{"@type":"BreadcrumbList","@id":"https:\/\/cvnoticias.com\/nuevapagina\/index.php\/2026\/04\/27\/ray-chagoya-reconoce-a-ciudadanos-y-ciudadanas-por-su-aporte-a-oaxaca-de-juarez-en-su-494-aniversario\/#breadcrumb","itemListElement":[{"@type":"ListItem","position":1,"name":"Portada","item":"https:\/\/cvnoticias.com\/nuevapagina\/"},{"@type":"ListItem","position":2,"name":"Ray Chagoya reconoce a ciudadanos y ciudadanas por su aporte a Oaxaca de Ju\u00e1rez en su 494 aniversario"}]},{"@type":"WebSite","@id":"https:\/\/cvnoticias.com\/nuevapagina\/#website","url":"https:\/\/cvnoticias.com\/nuevapagina\/","name":"CV Noticias","description":"Noticias de Oaxaca","publisher":{"@id":"https:\/\/cvnoticias.com\/nuevapagina\/#organization"},"potentialAction":[{"@type":"SearchAction","target":{"@type":"EntryPoint","urlTemplate":"https:\/\/cvnoticias.com\/nuevapagina\/?s={search_term_string}"},"query-input":{"@type":"PropertyValueSpecification","valueRequired":true,"valueName":"search_term_string"}}],"inLanguage":"es"},{"@type":"Organization","@id":"https:\/\/cvnoticias.com\/nuevapagina\/#organization","name":"CV Noticias","url":"https:\/\/cvnoticias.com\/nuevapagina\/","logo":{"@type":"ImageObject","inLanguage":"es","@id":"https:\/\/cvnoticias.com\/nuevapagina\/#\/schema\/logo\/image\/","url":"https:\/\/cvnoticias.com\/nuevapagina\/wp-content\/uploads\/2025\/05\/cropped-logo-1.png","contentUrl":"https:\/\/cvnoticias.com\/nuevapagina\/wp-content\/uploads\/2025\/05\/cropped-logo-1.png","width":320,"height":118,"caption":"CV Noticias"},"image":{"@id":"https:\/\/cvnoticias.com\/nuevapagina\/#\/schema\/logo\/image\/"}},{"@type":"Person","@id":"https:\/\/cvnoticias.com\/nuevapagina\/#\/schema\/person\/19e35f246421a31486be7321065f7463","name":"CvNoticias","image":{"@type":"ImageObject","inLanguage":"es","@id":"https:\/\/secure.gravatar.com\/avatar\/c3a4375d38fd8f9b34ac9e853cb706a079817c78f9a39e33b16a2b2b2e51688a?s=96&d=mm&r=g","url":"https:\/\/secure.gravatar.com\/avatar\/c3a4375d38fd8f9b34ac9e853cb706a079817c78f9a39e33b16a2b2b2e51688a?s=96&d=mm&r=g","contentUrl":"https:\/\/secure.gravatar.com\/avatar\/c3a4375d38fd8f9b34ac9e853cb706a079817c78f9a39e33b16a2b2b2e51688a?s=96&d=mm&r=g","caption":"CvNoticias"},"url":"https:\/\/cvnoticias.com\/nuevapagina\/index.php\/author\/gesner\/"}]}},"_links":{"self":[{"href":"https:\/\/cvnoticias.com\/nuevapagina\/index.php\/wp-json\/wp\/v2\/posts\/7500","targetHints":{"allow":["GET"]}}],"collection":[{"href":"https:\/\/cvnoticias.com\/nuevapagina\/index.php\/wp-json\/wp\/v2\/posts"}],"about":[{"href":"https:\/\/cvnoticias.com\/nuevapagina\/index.php\/wp-json\/wp\/v2\/types\/post"}],"author":[{"embeddable":true,"href":"https:\/\/cvnoticias.com\/nuevapagina\/index.php\/wp-json\/wp\/v2\/users\/2"}],"replies":[{"embeddable":true,"href":"https:\/\/cvnoticias.com\/nuevapagina\/index.php\/wp-json\/wp\/v2\/comments?post=7500"}],"version-history":[{"count":1,"href":"https:\/\/cvnoticias.com\/nuevapagina\/index.php\/wp-json\/wp\/v2\/posts\/7500\/revisions"}],"predecessor-version":[{"id":7501,"href":"https:\/\/cvnoticias.com\/nuevapagina\/index.php\/wp-json\/wp\/v2\/posts\/7500\/revisions\/7501"}],"wp:featuredmedia":[{"embeddable":true,"href":"https:\/\/cvnoticias.com\/nuevapagina\/index.php\/wp-json\/wp\/v2\/media\/7497"}],"wp:attachment":[{"href":"https:\/\/cvnoticias.com\/nuevapagina\/index.php\/wp-json\/wp\/v2\/media?parent=7500"}],"wp:term":[{"taxonomy":"category","embeddable":true,"href":"https:\/\/cvnoticias.com\/nuevapagina\/index.php\/wp-json\/wp\/v2\/categories?post=7500"},{"taxonomy":"post_tag","embeddable":true,"href":"https:\/\/cvnoticias.com\/nuevapagina\/index.php\/wp-json\/wp\/v2\/tags?post=7500"}],"curies":[{"name":"wp","href":"https:\/\/api.w.org\/{rel}","templated":true}]}}