{"id":7474,"date":"2026-04-24T22:19:19","date_gmt":"2026-04-24T22:19:19","guid":{"rendered":"https:\/\/cvnoticias.com\/nuevapagina\/?p=7474"},"modified":"2026-04-24T22:19:21","modified_gmt":"2026-04-24T22:19:21","slug":"atiende-proteccion-civil-municipal-emergencias-derivadas-de-tormenta-electrica","status":"publish","type":"post","link":"https:\/\/cvnoticias.com\/nuevapagina\/index.php\/2026\/04\/24\/atiende-proteccion-civil-municipal-emergencias-derivadas-de-tormenta-electrica\/","title":{"rendered":"Atiende Protecci\u00f3n Civil Municipal emergencias derivadas de tormenta el\u00e9ctrica"},"content":{"rendered":"\n<p><\/p>\n\n\n\n<p>La Secretar\u00eda de Gobierno y Territorio del Municipio de Oaxaca de Ju\u00e1rez, que dirige Karen Velasco, a trav\u00e9s de la Direcci\u00f3n de Protecci\u00f3n Civil, adscrita a informa que, derivado de la tormenta el\u00e9ctrica registrada el pasado 23 de abril, se activaron de manera inmediata los protocolos de atenci\u00f3n para dar respuesta a diversos reportes ciudadanos, priorizando en todo momento la salvaguarda de la integridad de la poblaci\u00f3n.<\/p>\n\n\n\n<p>Como resultado de estas acciones, se logr\u00f3 controlar el incendio de un \u00e1rbol (pino) en la calle Salamanca esquina con avenida Itandehui, en la agencia de San Mart\u00edn Mexicapam. Asimismo, se brind\u00f3 atenci\u00f3n a la ca\u00edda de un \u00e1rbol en la agencia del ejido Guadalupe Victoria.<\/p>\n\n\n\n<p>En la agencia de Santa Rosa Panzacola se realizaron recorridos preventivos, retirando ramas fracturadas para evitar riesgos a la ciudadan\u00eda. De igual forma, en la colonia Lomas Panor\u00e1micas se atendi\u00f3 la ca\u00edda de un \u00e1rbol que derrib\u00f3 un poste de la empresa Telmex, efectuando labores de troceo, retiro y acordonamiento del \u00e1rea para prevenir accidentes.<\/p>\n\n\n\n<p>En coordinaci\u00f3n con el H. Cuerpo de Bomberos, se atendi\u00f3 el reporte de un veh\u00edculo arrastrado por la corriente en la colonia Del Maestro, registr\u00e1ndose el lamentable fallecimiento de una persona del sexo masculino. Asimismo, se contin\u00faa atendiendo el reporte de la ca\u00edda de un \u00e1rbol de aproximadamente 15 metros en la Tercera Privada de Pino Su\u00e1rez, en la zona de Pueblo Nuevo Parte Baja.<\/p>\n\n\n\n<p>De manera general, se implementaron acciones de atenci\u00f3n oportuna, medidas preventivas en zonas de riesgo y coordinaci\u00f3n interinstitucional para la atenci\u00f3n de emergencias.<\/p>\n\n\n\n<p>El Gobierno Municipal de Oaxaca de Ju\u00e1rez reitera su compromiso de actuar con prontitud, responsabilidad y cercan\u00eda ante situaciones de contingencia, as\u00ed como de fortalecer las estrategias de prevenci\u00f3n en beneficio de la ciudadan\u00eda.<\/p>\n","protected":false},"excerpt":{"rendered":"<p>La Secretar\u00eda de Gobierno y Territorio del Municipio de Oaxaca de Ju\u00e1rez, que dirige Karen&#8230;<\/p>\n","protected":false},"author":2,"featured_media":7475,"comment_status":"open","ping_status":"closed","sticky":false,"template":"","format":"standard","meta":{"footnotes":""},"categories":[3],"tags":[],"class_list":["post-7474","post","type-post","status-publish","format-standard","has-post-thumbnail","hentry","category-comunicadosdeprensa"],"yoast_head":"<!-- This site is optimized with the Yoast SEO plugin v27.5 - https:\/\/yoast.com\/product\/yoast-seo-wordpress\/ -->\n<title>Atiende Protecci\u00f3n Civil Municipal emergencias derivadas de tormenta el\u00e9ctrica - CV Noticias<\/title>\n<meta name=\"robots\" content=\"index, follow, max-snippet:-1, max-image-preview:large, max-video-preview:-1\" \/>\n<link rel=\"canonical\" href=\"https:\/\/cvnoticias.com\/nuevapagina\/index.php\/2026\/04\/24\/atiende-proteccion-civil-municipal-emergencias-derivadas-de-tormenta-electrica\/\" \/>\n<meta property=\"og:locale\" content=\"es_ES\" \/>\n<meta property=\"og:type\" content=\"article\" \/>\n<meta property=\"og:title\" content=\"Atiende Protecci\u00f3n Civil Municipal emergencias derivadas de tormenta el\u00e9ctrica - CV Noticias\" \/>\n<meta property=\"og:description\" content=\"La Secretar\u00eda de Gobierno y Territorio del Municipio de Oaxaca de Ju\u00e1rez, que dirige Karen...\" \/>\n<meta property=\"og:url\" content=\"https:\/\/cvnoticias.com\/nuevapagina\/index.php\/2026\/04\/24\/atiende-proteccion-civil-municipal-emergencias-derivadas-de-tormenta-electrica\/\" \/>\n<meta property=\"og:site_name\" content=\"CV Noticias\" \/>\n<meta property=\"article:published_time\" content=\"2026-04-24T22:19:19+00:00\" \/>\n<meta property=\"article:modified_time\" content=\"2026-04-24T22:19:21+00:00\" \/>\n<meta property=\"og:image\" content=\"https:\/\/cvnoticias.com\/nuevapagina\/wp-content\/uploads\/2026\/04\/ed53c30f-7c19-49e2-94f5-2b39bf21e816.jpeg\" \/>\n\t<meta property=\"og:image:width\" content=\"1600\" \/>\n\t<meta property=\"og:image:height\" content=\"718\" \/>\n\t<meta property=\"og:image:type\" content=\"image\/jpeg\" \/>\n<meta name=\"author\" content=\"CvNoticias\" \/>\n<meta name=\"twitter:card\" content=\"summary_large_image\" \/>\n<meta name=\"twitter:label1\" content=\"Escrito por\" \/>\n\t<meta name=\"twitter:data1\" content=\"CvNoticias\" \/>\n\t<meta name=\"twitter:label2\" content=\"Tiempo de lectura\" \/>\n\t<meta name=\"twitter:data2\" content=\"2 minutos\" \/>\n<script type=\"application\/ld+json\" class=\"yoast-schema-graph\">{\"@context\":\"https:\\\/\\\/schema.org\",\"@graph\":[{\"@type\":\"Article\",\"@id\":\"https:\\\/\\\/cvnoticias.com\\\/nuevapagina\\\/index.php\\\/2026\\\/04\\\/24\\\/atiende-proteccion-civil-municipal-emergencias-derivadas-de-tormenta-electrica\\\/#article\",\"isPartOf\":{\"@id\":\"https:\\\/\\\/cvnoticias.com\\\/nuevapagina\\\/index.php\\\/2026\\\/04\\\/24\\\/atiende-proteccion-civil-municipal-emergencias-derivadas-de-tormenta-electrica\\\/\"},\"author\":{\"name\":\"CvNoticias\",\"@id\":\"https:\\\/\\\/cvnoticias.com\\\/nuevapagina\\\/#\\\/schema\\\/person\\\/19e35f246421a31486be7321065f7463\"},\"headline\":\"Atiende Protecci\u00f3n Civil Municipal emergencias derivadas de tormenta el\u00e9ctrica\",\"datePublished\":\"2026-04-24T22:19:19+00:00\",\"dateModified\":\"2026-04-24T22:19:21+00:00\",\"mainEntityOfPage\":{\"@id\":\"https:\\\/\\\/cvnoticias.com\\\/nuevapagina\\\/index.php\\\/2026\\\/04\\\/24\\\/atiende-proteccion-civil-municipal-emergencias-derivadas-de-tormenta-electrica\\\/\"},\"wordCount\":326,\"commentCount\":0,\"publisher\":{\"@id\":\"https:\\\/\\\/cvnoticias.com\\\/nuevapagina\\\/#organization\"},\"image\":{\"@id\":\"https:\\\/\\\/cvnoticias.com\\\/nuevapagina\\\/index.php\\\/2026\\\/04\\\/24\\\/atiende-proteccion-civil-municipal-emergencias-derivadas-de-tormenta-electrica\\\/#primaryimage\"},\"thumbnailUrl\":\"https:\\\/\\\/cvnoticias.com\\\/nuevapagina\\\/wp-content\\\/uploads\\\/2026\\\/04\\\/ed53c30f-7c19-49e2-94f5-2b39bf21e816.jpeg\",\"articleSection\":[\"Comunicados\"],\"inLanguage\":\"es\",\"potentialAction\":[{\"@type\":\"CommentAction\",\"name\":\"Comment\",\"target\":[\"https:\\\/\\\/cvnoticias.com\\\/nuevapagina\\\/index.php\\\/2026\\\/04\\\/24\\\/atiende-proteccion-civil-municipal-emergencias-derivadas-de-tormenta-electrica\\\/#respond\"]}]},{\"@type\":\"WebPage\",\"@id\":\"https:\\\/\\\/cvnoticias.com\\\/nuevapagina\\\/index.php\\\/2026\\\/04\\\/24\\\/atiende-proteccion-civil-municipal-emergencias-derivadas-de-tormenta-electrica\\\/\",\"url\":\"https:\\\/\\\/cvnoticias.com\\\/nuevapagina\\\/index.php\\\/2026\\\/04\\\/24\\\/atiende-proteccion-civil-municipal-emergencias-derivadas-de-tormenta-electrica\\\/\",\"name\":\"Atiende Protecci\u00f3n Civil Municipal emergencias derivadas de tormenta el\u00e9ctrica - CV Noticias\",\"isPartOf\":{\"@id\":\"https:\\\/\\\/cvnoticias.com\\\/nuevapagina\\\/#website\"},\"primaryImageOfPage\":{\"@id\":\"https:\\\/\\\/cvnoticias.com\\\/nuevapagina\\\/index.php\\\/2026\\\/04\\\/24\\\/atiende-proteccion-civil-municipal-emergencias-derivadas-de-tormenta-electrica\\\/#primaryimage\"},\"image\":{\"@id\":\"https:\\\/\\\/cvnoticias.com\\\/nuevapagina\\\/index.php\\\/2026\\\/04\\\/24\\\/atiende-proteccion-civil-municipal-emergencias-derivadas-de-tormenta-electrica\\\/#primaryimage\"},\"thumbnailUrl\":\"https:\\\/\\\/cvnoticias.com\\\/nuevapagina\\\/wp-content\\\/uploads\\\/2026\\\/04\\\/ed53c30f-7c19-49e2-94f5-2b39bf21e816.jpeg\",\"datePublished\":\"2026-04-24T22:19:19+00:00\",\"dateModified\":\"2026-04-24T22:19:21+00:00\",\"breadcrumb\":{\"@id\":\"https:\\\/\\\/cvnoticias.com\\\/nuevapagina\\\/index.php\\\/2026\\\/04\\\/24\\\/atiende-proteccion-civil-municipal-emergencias-derivadas-de-tormenta-electrica\\\/#breadcrumb\"},\"inLanguage\":\"es\",\"potentialAction\":[{\"@type\":\"ReadAction\",\"target\":[\"https:\\\/\\\/cvnoticias.com\\\/nuevapagina\\\/index.php\\\/2026\\\/04\\\/24\\\/atiende-proteccion-civil-municipal-emergencias-derivadas-de-tormenta-electrica\\\/\"]}]},{\"@type\":\"ImageObject\",\"inLanguage\":\"es\",\"@id\":\"https:\\\/\\\/cvnoticias.com\\\/nuevapagina\\\/index.php\\\/2026\\\/04\\\/24\\\/atiende-proteccion-civil-municipal-emergencias-derivadas-de-tormenta-electrica\\\/#primaryimage\",\"url\":\"https:\\\/\\\/cvnoticias.com\\\/nuevapagina\\\/wp-content\\\/uploads\\\/2026\\\/04\\\/ed53c30f-7c19-49e2-94f5-2b39bf21e816.jpeg\",\"contentUrl\":\"https:\\\/\\\/cvnoticias.com\\\/nuevapagina\\\/wp-content\\\/uploads\\\/2026\\\/04\\\/ed53c30f-7c19-49e2-94f5-2b39bf21e816.jpeg\",\"width\":1600,\"height\":718},{\"@type\":\"BreadcrumbList\",\"@id\":\"https:\\\/\\\/cvnoticias.com\\\/nuevapagina\\\/index.php\\\/2026\\\/04\\\/24\\\/atiende-proteccion-civil-municipal-emergencias-derivadas-de-tormenta-electrica\\\/#breadcrumb\",\"itemListElement\":[{\"@type\":\"ListItem\",\"position\":1,\"name\":\"Portada\",\"item\":\"https:\\\/\\\/cvnoticias.com\\\/nuevapagina\\\/\"},{\"@type\":\"ListItem\",\"position\":2,\"name\":\"Atiende Protecci\u00f3n Civil Municipal emergencias derivadas de tormenta el\u00e9ctrica\"}]},{\"@type\":\"WebSite\",\"@id\":\"https:\\\/\\\/cvnoticias.com\\\/nuevapagina\\\/#website\",\"url\":\"https:\\\/\\\/cvnoticias.com\\\/nuevapagina\\\/\",\"name\":\"CV Noticias\",\"description\":\"Noticias de Oaxaca\",\"publisher\":{\"@id\":\"https:\\\/\\\/cvnoticias.com\\\/nuevapagina\\\/#organization\"},\"potentialAction\":[{\"@type\":\"SearchAction\",\"target\":{\"@type\":\"EntryPoint\",\"urlTemplate\":\"https:\\\/\\\/cvnoticias.com\\\/nuevapagina\\\/?s={search_term_string}\"},\"query-input\":{\"@type\":\"PropertyValueSpecification\",\"valueRequired\":true,\"valueName\":\"search_term_string\"}}],\"inLanguage\":\"es\"},{\"@type\":\"Organization\",\"@id\":\"https:\\\/\\\/cvnoticias.com\\\/nuevapagina\\\/#organization\",\"name\":\"CV Noticias\",\"url\":\"https:\\\/\\\/cvnoticias.com\\\/nuevapagina\\\/\",\"logo\":{\"@type\":\"ImageObject\",\"inLanguage\":\"es\",\"@id\":\"https:\\\/\\\/cvnoticias.com\\\/nuevapagina\\\/#\\\/schema\\\/logo\\\/image\\\/\",\"url\":\"https:\\\/\\\/cvnoticias.com\\\/nuevapagina\\\/wp-content\\\/uploads\\\/2025\\\/05\\\/cropped-logo-1.png\",\"contentUrl\":\"https:\\\/\\\/cvnoticias.com\\\/nuevapagina\\\/wp-content\\\/uploads\\\/2025\\\/05\\\/cropped-logo-1.png\",\"width\":320,\"height\":118,\"caption\":\"CV Noticias\"},\"image\":{\"@id\":\"https:\\\/\\\/cvnoticias.com\\\/nuevapagina\\\/#\\\/schema\\\/logo\\\/image\\\/\"}},{\"@type\":\"Person\",\"@id\":\"https:\\\/\\\/cvnoticias.com\\\/nuevapagina\\\/#\\\/schema\\\/person\\\/19e35f246421a31486be7321065f7463\",\"name\":\"CvNoticias\",\"image\":{\"@type\":\"ImageObject\",\"inLanguage\":\"es\",\"@id\":\"https:\\\/\\\/secure.gravatar.com\\\/avatar\\\/c3a4375d38fd8f9b34ac9e853cb706a079817c78f9a39e33b16a2b2b2e51688a?s=96&d=mm&r=g\",\"url\":\"https:\\\/\\\/secure.gravatar.com\\\/avatar\\\/c3a4375d38fd8f9b34ac9e853cb706a079817c78f9a39e33b16a2b2b2e51688a?s=96&d=mm&r=g\",\"contentUrl\":\"https:\\\/\\\/secure.gravatar.com\\\/avatar\\\/c3a4375d38fd8f9b34ac9e853cb706a079817c78f9a39e33b16a2b2b2e51688a?s=96&d=mm&r=g\",\"caption\":\"CvNoticias\"},\"url\":\"https:\\\/\\\/cvnoticias.com\\\/nuevapagina\\\/index.php\\\/author\\\/gesner\\\/\"}]}<\/script>\n<!-- \/ Yoast SEO plugin. -->","yoast_head_json":{"title":"Atiende Protecci\u00f3n Civil Municipal emergencias derivadas de tormenta el\u00e9ctrica - CV Noticias","robots":{"index":"index","follow":"follow","max-snippet":"max-snippet:-1","max-image-preview":"max-image-preview:large","max-video-preview":"max-video-preview:-1"},"canonical":"https:\/\/cvnoticias.com\/nuevapagina\/index.php\/2026\/04\/24\/atiende-proteccion-civil-municipal-emergencias-derivadas-de-tormenta-electrica\/","og_locale":"es_ES","og_type":"article","og_title":"Atiende Protecci\u00f3n Civil Municipal emergencias derivadas de tormenta el\u00e9ctrica - CV Noticias","og_description":"La Secretar\u00eda de Gobierno y Territorio del Municipio de Oaxaca de Ju\u00e1rez, que dirige Karen...","og_url":"https:\/\/cvnoticias.com\/nuevapagina\/index.php\/2026\/04\/24\/atiende-proteccion-civil-municipal-emergencias-derivadas-de-tormenta-electrica\/","og_site_name":"CV Noticias","article_published_time":"2026-04-24T22:19:19+00:00","article_modified_time":"2026-04-24T22:19:21+00:00","og_image":[{"width":1600,"height":718,"url":"https:\/\/cvnoticias.com\/nuevapagina\/wp-content\/uploads\/2026\/04\/ed53c30f-7c19-49e2-94f5-2b39bf21e816.jpeg","type":"image\/jpeg"}],"author":"CvNoticias","twitter_card":"summary_large_image","twitter_misc":{"Escrito por":"CvNoticias","Tiempo de lectura":"2 minutos"},"schema":{"@context":"https:\/\/schema.org","@graph":[{"@type":"Article","@id":"https:\/\/cvnoticias.com\/nuevapagina\/index.php\/2026\/04\/24\/atiende-proteccion-civil-municipal-emergencias-derivadas-de-tormenta-electrica\/#article","isPartOf":{"@id":"https:\/\/cvnoticias.com\/nuevapagina\/index.php\/2026\/04\/24\/atiende-proteccion-civil-municipal-emergencias-derivadas-de-tormenta-electrica\/"},"author":{"name":"CvNoticias","@id":"https:\/\/cvnoticias.com\/nuevapagina\/#\/schema\/person\/19e35f246421a31486be7321065f7463"},"headline":"Atiende Protecci\u00f3n Civil Municipal emergencias derivadas de tormenta el\u00e9ctrica","datePublished":"2026-04-24T22:19:19+00:00","dateModified":"2026-04-24T22:19:21+00:00","mainEntityOfPage":{"@id":"https:\/\/cvnoticias.com\/nuevapagina\/index.php\/2026\/04\/24\/atiende-proteccion-civil-municipal-emergencias-derivadas-de-tormenta-electrica\/"},"wordCount":326,"commentCount":0,"publisher":{"@id":"https:\/\/cvnoticias.com\/nuevapagina\/#organization"},"image":{"@id":"https:\/\/cvnoticias.com\/nuevapagina\/index.php\/2026\/04\/24\/atiende-proteccion-civil-municipal-emergencias-derivadas-de-tormenta-electrica\/#primaryimage"},"thumbnailUrl":"https:\/\/cvnoticias.com\/nuevapagina\/wp-content\/uploads\/2026\/04\/ed53c30f-7c19-49e2-94f5-2b39bf21e816.jpeg","articleSection":["Comunicados"],"inLanguage":"es","potentialAction":[{"@type":"CommentAction","name":"Comment","target":["https:\/\/cvnoticias.com\/nuevapagina\/index.php\/2026\/04\/24\/atiende-proteccion-civil-municipal-emergencias-derivadas-de-tormenta-electrica\/#respond"]}]},{"@type":"WebPage","@id":"https:\/\/cvnoticias.com\/nuevapagina\/index.php\/2026\/04\/24\/atiende-proteccion-civil-municipal-emergencias-derivadas-de-tormenta-electrica\/","url":"https:\/\/cvnoticias.com\/nuevapagina\/index.php\/2026\/04\/24\/atiende-proteccion-civil-municipal-emergencias-derivadas-de-tormenta-electrica\/","name":"Atiende Protecci\u00f3n Civil Municipal emergencias derivadas de tormenta el\u00e9ctrica - CV Noticias","isPartOf":{"@id":"https:\/\/cvnoticias.com\/nuevapagina\/#website"},"primaryImageOfPage":{"@id":"https:\/\/cvnoticias.com\/nuevapagina\/index.php\/2026\/04\/24\/atiende-proteccion-civil-municipal-emergencias-derivadas-de-tormenta-electrica\/#primaryimage"},"image":{"@id":"https:\/\/cvnoticias.com\/nuevapagina\/index.php\/2026\/04\/24\/atiende-proteccion-civil-municipal-emergencias-derivadas-de-tormenta-electrica\/#primaryimage"},"thumbnailUrl":"https:\/\/cvnoticias.com\/nuevapagina\/wp-content\/uploads\/2026\/04\/ed53c30f-7c19-49e2-94f5-2b39bf21e816.jpeg","datePublished":"2026-04-24T22:19:19+00:00","dateModified":"2026-04-24T22:19:21+00:00","breadcrumb":{"@id":"https:\/\/cvnoticias.com\/nuevapagina\/index.php\/2026\/04\/24\/atiende-proteccion-civil-municipal-emergencias-derivadas-de-tormenta-electrica\/#breadcrumb"},"inLanguage":"es","potentialAction":[{"@type":"ReadAction","target":["https:\/\/cvnoticias.com\/nuevapagina\/index.php\/2026\/04\/24\/atiende-proteccion-civil-municipal-emergencias-derivadas-de-tormenta-electrica\/"]}]},{"@type":"ImageObject","inLanguage":"es","@id":"https:\/\/cvnoticias.com\/nuevapagina\/index.php\/2026\/04\/24\/atiende-proteccion-civil-municipal-emergencias-derivadas-de-tormenta-electrica\/#primaryimage","url":"https:\/\/cvnoticias.com\/nuevapagina\/wp-content\/uploads\/2026\/04\/ed53c30f-7c19-49e2-94f5-2b39bf21e816.jpeg","contentUrl":"https:\/\/cvnoticias.com\/nuevapagina\/wp-content\/uploads\/2026\/04\/ed53c30f-7c19-49e2-94f5-2b39bf21e816.jpeg","width":1600,"height":718},{"@type":"BreadcrumbList","@id":"https:\/\/cvnoticias.com\/nuevapagina\/index.php\/2026\/04\/24\/atiende-proteccion-civil-municipal-emergencias-derivadas-de-tormenta-electrica\/#breadcrumb","itemListElement":[{"@type":"ListItem","position":1,"name":"Portada","item":"https:\/\/cvnoticias.com\/nuevapagina\/"},{"@type":"ListItem","position":2,"name":"Atiende Protecci\u00f3n Civil Municipal emergencias derivadas de tormenta el\u00e9ctrica"}]},{"@type":"WebSite","@id":"https:\/\/cvnoticias.com\/nuevapagina\/#website","url":"https:\/\/cvnoticias.com\/nuevapagina\/","name":"CV Noticias","description":"Noticias de Oaxaca","publisher":{"@id":"https:\/\/cvnoticias.com\/nuevapagina\/#organization"},"potentialAction":[{"@type":"SearchAction","target":{"@type":"EntryPoint","urlTemplate":"https:\/\/cvnoticias.com\/nuevapagina\/?s={search_term_string}"},"query-input":{"@type":"PropertyValueSpecification","valueRequired":true,"valueName":"search_term_string"}}],"inLanguage":"es"},{"@type":"Organization","@id":"https:\/\/cvnoticias.com\/nuevapagina\/#organization","name":"CV Noticias","url":"https:\/\/cvnoticias.com\/nuevapagina\/","logo":{"@type":"ImageObject","inLanguage":"es","@id":"https:\/\/cvnoticias.com\/nuevapagina\/#\/schema\/logo\/image\/","url":"https:\/\/cvnoticias.com\/nuevapagina\/wp-content\/uploads\/2025\/05\/cropped-logo-1.png","contentUrl":"https:\/\/cvnoticias.com\/nuevapagina\/wp-content\/uploads\/2025\/05\/cropped-logo-1.png","width":320,"height":118,"caption":"CV Noticias"},"image":{"@id":"https:\/\/cvnoticias.com\/nuevapagina\/#\/schema\/logo\/image\/"}},{"@type":"Person","@id":"https:\/\/cvnoticias.com\/nuevapagina\/#\/schema\/person\/19e35f246421a31486be7321065f7463","name":"CvNoticias","image":{"@type":"ImageObject","inLanguage":"es","@id":"https:\/\/secure.gravatar.com\/avatar\/c3a4375d38fd8f9b34ac9e853cb706a079817c78f9a39e33b16a2b2b2e51688a?s=96&d=mm&r=g","url":"https:\/\/secure.gravatar.com\/avatar\/c3a4375d38fd8f9b34ac9e853cb706a079817c78f9a39e33b16a2b2b2e51688a?s=96&d=mm&r=g","contentUrl":"https:\/\/secure.gravatar.com\/avatar\/c3a4375d38fd8f9b34ac9e853cb706a079817c78f9a39e33b16a2b2b2e51688a?s=96&d=mm&r=g","caption":"CvNoticias"},"url":"https:\/\/cvnoticias.com\/nuevapagina\/index.php\/author\/gesner\/"}]}},"_links":{"self":[{"href":"https:\/\/cvnoticias.com\/nuevapagina\/index.php\/wp-json\/wp\/v2\/posts\/7474","targetHints":{"allow":["GET"]}}],"collection":[{"href":"https:\/\/cvnoticias.com\/nuevapagina\/index.php\/wp-json\/wp\/v2\/posts"}],"about":[{"href":"https:\/\/cvnoticias.com\/nuevapagina\/index.php\/wp-json\/wp\/v2\/types\/post"}],"author":[{"embeddable":true,"href":"https:\/\/cvnoticias.com\/nuevapagina\/index.php\/wp-json\/wp\/v2\/users\/2"}],"replies":[{"embeddable":true,"href":"https:\/\/cvnoticias.com\/nuevapagina\/index.php\/wp-json\/wp\/v2\/comments?post=7474"}],"version-history":[{"count":1,"href":"https:\/\/cvnoticias.com\/nuevapagina\/index.php\/wp-json\/wp\/v2\/posts\/7474\/revisions"}],"predecessor-version":[{"id":7476,"href":"https:\/\/cvnoticias.com\/nuevapagina\/index.php\/wp-json\/wp\/v2\/posts\/7474\/revisions\/7476"}],"wp:featuredmedia":[{"embeddable":true,"href":"https:\/\/cvnoticias.com\/nuevapagina\/index.php\/wp-json\/wp\/v2\/media\/7475"}],"wp:attachment":[{"href":"https:\/\/cvnoticias.com\/nuevapagina\/index.php\/wp-json\/wp\/v2\/media?parent=7474"}],"wp:term":[{"taxonomy":"category","embeddable":true,"href":"https:\/\/cvnoticias.com\/nuevapagina\/index.php\/wp-json\/wp\/v2\/categories?post=7474"},{"taxonomy":"post_tag","embeddable":true,"href":"https:\/\/cvnoticias.com\/nuevapagina\/index.php\/wp-json\/wp\/v2\/tags?post=7474"}],"curies":[{"name":"wp","href":"https:\/\/api.w.org\/{rel}","templated":true}]}}