{"id":7472,"date":"2026-04-24T12:01:54","date_gmt":"2026-04-24T12:01:54","guid":{"rendered":"https:\/\/cvnoticias.com\/nuevapagina\/?p=7472"},"modified":"2026-04-24T12:01:56","modified_gmt":"2026-04-24T12:01:56","slug":"heroico-cuerpo-de-bomberos-atiende-las-afectaciones-generadas-por-la-tormenta-electrica-de-esta-tarde-noche-en-la-capital-de-la-entidad","status":"publish","type":"post","link":"https:\/\/cvnoticias.com\/nuevapagina\/index.php\/2026\/04\/24\/heroico-cuerpo-de-bomberos-atiende-las-afectaciones-generadas-por-la-tormenta-electrica-de-esta-tarde-noche-en-la-capital-de-la-entidad\/","title":{"rendered":"Heroico Cuerpo de Bomberos atiende las afectaciones generadas por la tormenta el\u00e9ctrica de esta tarde-noche en la capital de la entidad"},"content":{"rendered":"\n<p>El Gobierno del Estado a trav\u00e9s del Heroico Cuerpo de Bomberos atiende las afectaciones generadas por la tormenta el\u00e9ctrica de esta tarde-noche en la capital de la entidad.<\/p>\n\n\n\n<p>Personal de las cuatro subestaciones ubicadas en la Zona Metropolitana, realizan retiro de \u00e1rboles ca\u00eddos en distintos puntos, as\u00ed como la atenci\u00f3n a encharcamientos severos para restablecer la circulaci\u00f3n vial.<\/p>\n\n\n\n<p>Adem\u00e1s, se realizan distintas acciones de auxilio para atender los llamados realizados por la ciudadan\u00eda.<\/p>\n","protected":false},"excerpt":{"rendered":"<p>El Gobierno del Estado a trav\u00e9s del Heroico Cuerpo de Bomberos atiende las afectaciones generadas&#8230;<\/p>\n","protected":false},"author":2,"featured_media":7462,"comment_status":"open","ping_status":"closed","sticky":false,"template":"","format":"standard","meta":{"footnotes":""},"categories":[3],"tags":[],"class_list":["post-7472","post","type-post","status-publish","format-standard","has-post-thumbnail","hentry","category-comunicadosdeprensa"],"yoast_head":"<!-- This site is optimized with the Yoast SEO plugin v27.5 - https:\/\/yoast.com\/product\/yoast-seo-wordpress\/ -->\n<title>Heroico Cuerpo de Bomberos atiende las afectaciones generadas por la tormenta el\u00e9ctrica de esta tarde-noche en la capital de la entidad - CV Noticias<\/title>\n<meta name=\"robots\" content=\"index, follow, max-snippet:-1, max-image-preview:large, max-video-preview:-1\" \/>\n<link rel=\"canonical\" href=\"https:\/\/cvnoticias.com\/nuevapagina\/index.php\/2026\/04\/24\/heroico-cuerpo-de-bomberos-atiende-las-afectaciones-generadas-por-la-tormenta-electrica-de-esta-tarde-noche-en-la-capital-de-la-entidad\/\" \/>\n<meta property=\"og:locale\" content=\"es_ES\" \/>\n<meta property=\"og:type\" content=\"article\" \/>\n<meta property=\"og:title\" content=\"Heroico Cuerpo de Bomberos atiende las afectaciones generadas por la tormenta el\u00e9ctrica de esta tarde-noche en la capital de la entidad - CV Noticias\" \/>\n<meta property=\"og:description\" content=\"El Gobierno del Estado a trav\u00e9s del Heroico Cuerpo de Bomberos atiende las afectaciones generadas...\" \/>\n<meta property=\"og:url\" content=\"https:\/\/cvnoticias.com\/nuevapagina\/index.php\/2026\/04\/24\/heroico-cuerpo-de-bomberos-atiende-las-afectaciones-generadas-por-la-tormenta-electrica-de-esta-tarde-noche-en-la-capital-de-la-entidad\/\" \/>\n<meta property=\"og:site_name\" content=\"CV Noticias\" \/>\n<meta property=\"article:published_time\" content=\"2026-04-24T12:01:54+00:00\" \/>\n<meta property=\"article:modified_time\" content=\"2026-04-24T12:01:56+00:00\" \/>\n<meta property=\"og:image\" content=\"https:\/\/cvnoticias.com\/nuevapagina\/wp-content\/uploads\/2026\/04\/Captura-de-pantalla-2026-04-24-053359.png\" \/>\n\t<meta property=\"og:image:width\" content=\"425\" \/>\n\t<meta property=\"og:image:height\" content=\"332\" \/>\n\t<meta property=\"og:image:type\" content=\"image\/png\" \/>\n<meta name=\"author\" content=\"CvNoticias\" \/>\n<meta name=\"twitter:card\" content=\"summary_large_image\" \/>\n<meta name=\"twitter:label1\" content=\"Escrito por\" \/>\n\t<meta name=\"twitter:data1\" content=\"CvNoticias\" \/>\n\t<meta name=\"twitter:label2\" content=\"Tiempo de lectura\" \/>\n\t<meta name=\"twitter:data2\" content=\"1 minuto\" \/>\n<script type=\"application\/ld+json\" class=\"yoast-schema-graph\">{\"@context\":\"https:\\\/\\\/schema.org\",\"@graph\":[{\"@type\":\"Article\",\"@id\":\"https:\\\/\\\/cvnoticias.com\\\/nuevapagina\\\/index.php\\\/2026\\\/04\\\/24\\\/heroico-cuerpo-de-bomberos-atiende-las-afectaciones-generadas-por-la-tormenta-electrica-de-esta-tarde-noche-en-la-capital-de-la-entidad\\\/#article\",\"isPartOf\":{\"@id\":\"https:\\\/\\\/cvnoticias.com\\\/nuevapagina\\\/index.php\\\/2026\\\/04\\\/24\\\/heroico-cuerpo-de-bomberos-atiende-las-afectaciones-generadas-por-la-tormenta-electrica-de-esta-tarde-noche-en-la-capital-de-la-entidad\\\/\"},\"author\":{\"name\":\"CvNoticias\",\"@id\":\"https:\\\/\\\/cvnoticias.com\\\/nuevapagina\\\/#\\\/schema\\\/person\\\/19e35f246421a31486be7321065f7463\"},\"headline\":\"Heroico Cuerpo de Bomberos atiende las afectaciones generadas por la tormenta el\u00e9ctrica de esta tarde-noche en la capital de la entidad\",\"datePublished\":\"2026-04-24T12:01:54+00:00\",\"dateModified\":\"2026-04-24T12:01:56+00:00\",\"mainEntityOfPage\":{\"@id\":\"https:\\\/\\\/cvnoticias.com\\\/nuevapagina\\\/index.php\\\/2026\\\/04\\\/24\\\/heroico-cuerpo-de-bomberos-atiende-las-afectaciones-generadas-por-la-tormenta-electrica-de-esta-tarde-noche-en-la-capital-de-la-entidad\\\/\"},\"wordCount\":102,\"commentCount\":0,\"publisher\":{\"@id\":\"https:\\\/\\\/cvnoticias.com\\\/nuevapagina\\\/#organization\"},\"image\":{\"@id\":\"https:\\\/\\\/cvnoticias.com\\\/nuevapagina\\\/index.php\\\/2026\\\/04\\\/24\\\/heroico-cuerpo-de-bomberos-atiende-las-afectaciones-generadas-por-la-tormenta-electrica-de-esta-tarde-noche-en-la-capital-de-la-entidad\\\/#primaryimage\"},\"thumbnailUrl\":\"https:\\\/\\\/cvnoticias.com\\\/nuevapagina\\\/wp-content\\\/uploads\\\/2026\\\/04\\\/Captura-de-pantalla-2026-04-24-053359.png\",\"articleSection\":[\"Comunicados\"],\"inLanguage\":\"es\",\"potentialAction\":[{\"@type\":\"CommentAction\",\"name\":\"Comment\",\"target\":[\"https:\\\/\\\/cvnoticias.com\\\/nuevapagina\\\/index.php\\\/2026\\\/04\\\/24\\\/heroico-cuerpo-de-bomberos-atiende-las-afectaciones-generadas-por-la-tormenta-electrica-de-esta-tarde-noche-en-la-capital-de-la-entidad\\\/#respond\"]}]},{\"@type\":\"WebPage\",\"@id\":\"https:\\\/\\\/cvnoticias.com\\\/nuevapagina\\\/index.php\\\/2026\\\/04\\\/24\\\/heroico-cuerpo-de-bomberos-atiende-las-afectaciones-generadas-por-la-tormenta-electrica-de-esta-tarde-noche-en-la-capital-de-la-entidad\\\/\",\"url\":\"https:\\\/\\\/cvnoticias.com\\\/nuevapagina\\\/index.php\\\/2026\\\/04\\\/24\\\/heroico-cuerpo-de-bomberos-atiende-las-afectaciones-generadas-por-la-tormenta-electrica-de-esta-tarde-noche-en-la-capital-de-la-entidad\\\/\",\"name\":\"Heroico Cuerpo de Bomberos atiende las afectaciones generadas por la tormenta el\u00e9ctrica de esta tarde-noche en la capital de la entidad - CV Noticias\",\"isPartOf\":{\"@id\":\"https:\\\/\\\/cvnoticias.com\\\/nuevapagina\\\/#website\"},\"primaryImageOfPage\":{\"@id\":\"https:\\\/\\\/cvnoticias.com\\\/nuevapagina\\\/index.php\\\/2026\\\/04\\\/24\\\/heroico-cuerpo-de-bomberos-atiende-las-afectaciones-generadas-por-la-tormenta-electrica-de-esta-tarde-noche-en-la-capital-de-la-entidad\\\/#primaryimage\"},\"image\":{\"@id\":\"https:\\\/\\\/cvnoticias.com\\\/nuevapagina\\\/index.php\\\/2026\\\/04\\\/24\\\/heroico-cuerpo-de-bomberos-atiende-las-afectaciones-generadas-por-la-tormenta-electrica-de-esta-tarde-noche-en-la-capital-de-la-entidad\\\/#primaryimage\"},\"thumbnailUrl\":\"https:\\\/\\\/cvnoticias.com\\\/nuevapagina\\\/wp-content\\\/uploads\\\/2026\\\/04\\\/Captura-de-pantalla-2026-04-24-053359.png\",\"datePublished\":\"2026-04-24T12:01:54+00:00\",\"dateModified\":\"2026-04-24T12:01:56+00:00\",\"breadcrumb\":{\"@id\":\"https:\\\/\\\/cvnoticias.com\\\/nuevapagina\\\/index.php\\\/2026\\\/04\\\/24\\\/heroico-cuerpo-de-bomberos-atiende-las-afectaciones-generadas-por-la-tormenta-electrica-de-esta-tarde-noche-en-la-capital-de-la-entidad\\\/#breadcrumb\"},\"inLanguage\":\"es\",\"potentialAction\":[{\"@type\":\"ReadAction\",\"target\":[\"https:\\\/\\\/cvnoticias.com\\\/nuevapagina\\\/index.php\\\/2026\\\/04\\\/24\\\/heroico-cuerpo-de-bomberos-atiende-las-afectaciones-generadas-por-la-tormenta-electrica-de-esta-tarde-noche-en-la-capital-de-la-entidad\\\/\"]}]},{\"@type\":\"ImageObject\",\"inLanguage\":\"es\",\"@id\":\"https:\\\/\\\/cvnoticias.com\\\/nuevapagina\\\/index.php\\\/2026\\\/04\\\/24\\\/heroico-cuerpo-de-bomberos-atiende-las-afectaciones-generadas-por-la-tormenta-electrica-de-esta-tarde-noche-en-la-capital-de-la-entidad\\\/#primaryimage\",\"url\":\"https:\\\/\\\/cvnoticias.com\\\/nuevapagina\\\/wp-content\\\/uploads\\\/2026\\\/04\\\/Captura-de-pantalla-2026-04-24-053359.png\",\"contentUrl\":\"https:\\\/\\\/cvnoticias.com\\\/nuevapagina\\\/wp-content\\\/uploads\\\/2026\\\/04\\\/Captura-de-pantalla-2026-04-24-053359.png\",\"width\":425,\"height\":332},{\"@type\":\"BreadcrumbList\",\"@id\":\"https:\\\/\\\/cvnoticias.com\\\/nuevapagina\\\/index.php\\\/2026\\\/04\\\/24\\\/heroico-cuerpo-de-bomberos-atiende-las-afectaciones-generadas-por-la-tormenta-electrica-de-esta-tarde-noche-en-la-capital-de-la-entidad\\\/#breadcrumb\",\"itemListElement\":[{\"@type\":\"ListItem\",\"position\":1,\"name\":\"Portada\",\"item\":\"https:\\\/\\\/cvnoticias.com\\\/nuevapagina\\\/\"},{\"@type\":\"ListItem\",\"position\":2,\"name\":\"Heroico Cuerpo de Bomberos atiende las afectaciones generadas por la tormenta el\u00e9ctrica de esta tarde-noche en la capital de la entidad\"}]},{\"@type\":\"WebSite\",\"@id\":\"https:\\\/\\\/cvnoticias.com\\\/nuevapagina\\\/#website\",\"url\":\"https:\\\/\\\/cvnoticias.com\\\/nuevapagina\\\/\",\"name\":\"CV Noticias\",\"description\":\"Noticias de Oaxaca\",\"publisher\":{\"@id\":\"https:\\\/\\\/cvnoticias.com\\\/nuevapagina\\\/#organization\"},\"potentialAction\":[{\"@type\":\"SearchAction\",\"target\":{\"@type\":\"EntryPoint\",\"urlTemplate\":\"https:\\\/\\\/cvnoticias.com\\\/nuevapagina\\\/?s={search_term_string}\"},\"query-input\":{\"@type\":\"PropertyValueSpecification\",\"valueRequired\":true,\"valueName\":\"search_term_string\"}}],\"inLanguage\":\"es\"},{\"@type\":\"Organization\",\"@id\":\"https:\\\/\\\/cvnoticias.com\\\/nuevapagina\\\/#organization\",\"name\":\"CV Noticias\",\"url\":\"https:\\\/\\\/cvnoticias.com\\\/nuevapagina\\\/\",\"logo\":{\"@type\":\"ImageObject\",\"inLanguage\":\"es\",\"@id\":\"https:\\\/\\\/cvnoticias.com\\\/nuevapagina\\\/#\\\/schema\\\/logo\\\/image\\\/\",\"url\":\"https:\\\/\\\/cvnoticias.com\\\/nuevapagina\\\/wp-content\\\/uploads\\\/2025\\\/05\\\/cropped-logo-1.png\",\"contentUrl\":\"https:\\\/\\\/cvnoticias.com\\\/nuevapagina\\\/wp-content\\\/uploads\\\/2025\\\/05\\\/cropped-logo-1.png\",\"width\":320,\"height\":118,\"caption\":\"CV Noticias\"},\"image\":{\"@id\":\"https:\\\/\\\/cvnoticias.com\\\/nuevapagina\\\/#\\\/schema\\\/logo\\\/image\\\/\"}},{\"@type\":\"Person\",\"@id\":\"https:\\\/\\\/cvnoticias.com\\\/nuevapagina\\\/#\\\/schema\\\/person\\\/19e35f246421a31486be7321065f7463\",\"name\":\"CvNoticias\",\"image\":{\"@type\":\"ImageObject\",\"inLanguage\":\"es\",\"@id\":\"https:\\\/\\\/secure.gravatar.com\\\/avatar\\\/c3a4375d38fd8f9b34ac9e853cb706a079817c78f9a39e33b16a2b2b2e51688a?s=96&d=mm&r=g\",\"url\":\"https:\\\/\\\/secure.gravatar.com\\\/avatar\\\/c3a4375d38fd8f9b34ac9e853cb706a079817c78f9a39e33b16a2b2b2e51688a?s=96&d=mm&r=g\",\"contentUrl\":\"https:\\\/\\\/secure.gravatar.com\\\/avatar\\\/c3a4375d38fd8f9b34ac9e853cb706a079817c78f9a39e33b16a2b2b2e51688a?s=96&d=mm&r=g\",\"caption\":\"CvNoticias\"},\"url\":\"https:\\\/\\\/cvnoticias.com\\\/nuevapagina\\\/index.php\\\/author\\\/gesner\\\/\"}]}<\/script>\n<!-- \/ Yoast SEO plugin. -->","yoast_head_json":{"title":"Heroico Cuerpo de Bomberos atiende las afectaciones generadas por la tormenta el\u00e9ctrica de esta tarde-noche en la capital de la entidad - CV Noticias","robots":{"index":"index","follow":"follow","max-snippet":"max-snippet:-1","max-image-preview":"max-image-preview:large","max-video-preview":"max-video-preview:-1"},"canonical":"https:\/\/cvnoticias.com\/nuevapagina\/index.php\/2026\/04\/24\/heroico-cuerpo-de-bomberos-atiende-las-afectaciones-generadas-por-la-tormenta-electrica-de-esta-tarde-noche-en-la-capital-de-la-entidad\/","og_locale":"es_ES","og_type":"article","og_title":"Heroico Cuerpo de Bomberos atiende las afectaciones generadas por la tormenta el\u00e9ctrica de esta tarde-noche en la capital de la entidad - CV Noticias","og_description":"El Gobierno del Estado a trav\u00e9s del Heroico Cuerpo de Bomberos atiende las afectaciones generadas...","og_url":"https:\/\/cvnoticias.com\/nuevapagina\/index.php\/2026\/04\/24\/heroico-cuerpo-de-bomberos-atiende-las-afectaciones-generadas-por-la-tormenta-electrica-de-esta-tarde-noche-en-la-capital-de-la-entidad\/","og_site_name":"CV Noticias","article_published_time":"2026-04-24T12:01:54+00:00","article_modified_time":"2026-04-24T12:01:56+00:00","og_image":[{"width":425,"height":332,"url":"https:\/\/cvnoticias.com\/nuevapagina\/wp-content\/uploads\/2026\/04\/Captura-de-pantalla-2026-04-24-053359.png","type":"image\/png"}],"author":"CvNoticias","twitter_card":"summary_large_image","twitter_misc":{"Escrito por":"CvNoticias","Tiempo de lectura":"1 minuto"},"schema":{"@context":"https:\/\/schema.org","@graph":[{"@type":"Article","@id":"https:\/\/cvnoticias.com\/nuevapagina\/index.php\/2026\/04\/24\/heroico-cuerpo-de-bomberos-atiende-las-afectaciones-generadas-por-la-tormenta-electrica-de-esta-tarde-noche-en-la-capital-de-la-entidad\/#article","isPartOf":{"@id":"https:\/\/cvnoticias.com\/nuevapagina\/index.php\/2026\/04\/24\/heroico-cuerpo-de-bomberos-atiende-las-afectaciones-generadas-por-la-tormenta-electrica-de-esta-tarde-noche-en-la-capital-de-la-entidad\/"},"author":{"name":"CvNoticias","@id":"https:\/\/cvnoticias.com\/nuevapagina\/#\/schema\/person\/19e35f246421a31486be7321065f7463"},"headline":"Heroico Cuerpo de Bomberos atiende las afectaciones generadas por la tormenta el\u00e9ctrica de esta tarde-noche en la capital de la entidad","datePublished":"2026-04-24T12:01:54+00:00","dateModified":"2026-04-24T12:01:56+00:00","mainEntityOfPage":{"@id":"https:\/\/cvnoticias.com\/nuevapagina\/index.php\/2026\/04\/24\/heroico-cuerpo-de-bomberos-atiende-las-afectaciones-generadas-por-la-tormenta-electrica-de-esta-tarde-noche-en-la-capital-de-la-entidad\/"},"wordCount":102,"commentCount":0,"publisher":{"@id":"https:\/\/cvnoticias.com\/nuevapagina\/#organization"},"image":{"@id":"https:\/\/cvnoticias.com\/nuevapagina\/index.php\/2026\/04\/24\/heroico-cuerpo-de-bomberos-atiende-las-afectaciones-generadas-por-la-tormenta-electrica-de-esta-tarde-noche-en-la-capital-de-la-entidad\/#primaryimage"},"thumbnailUrl":"https:\/\/cvnoticias.com\/nuevapagina\/wp-content\/uploads\/2026\/04\/Captura-de-pantalla-2026-04-24-053359.png","articleSection":["Comunicados"],"inLanguage":"es","potentialAction":[{"@type":"CommentAction","name":"Comment","target":["https:\/\/cvnoticias.com\/nuevapagina\/index.php\/2026\/04\/24\/heroico-cuerpo-de-bomberos-atiende-las-afectaciones-generadas-por-la-tormenta-electrica-de-esta-tarde-noche-en-la-capital-de-la-entidad\/#respond"]}]},{"@type":"WebPage","@id":"https:\/\/cvnoticias.com\/nuevapagina\/index.php\/2026\/04\/24\/heroico-cuerpo-de-bomberos-atiende-las-afectaciones-generadas-por-la-tormenta-electrica-de-esta-tarde-noche-en-la-capital-de-la-entidad\/","url":"https:\/\/cvnoticias.com\/nuevapagina\/index.php\/2026\/04\/24\/heroico-cuerpo-de-bomberos-atiende-las-afectaciones-generadas-por-la-tormenta-electrica-de-esta-tarde-noche-en-la-capital-de-la-entidad\/","name":"Heroico Cuerpo de Bomberos atiende las afectaciones generadas por la tormenta el\u00e9ctrica de esta tarde-noche en la capital de la entidad - CV Noticias","isPartOf":{"@id":"https:\/\/cvnoticias.com\/nuevapagina\/#website"},"primaryImageOfPage":{"@id":"https:\/\/cvnoticias.com\/nuevapagina\/index.php\/2026\/04\/24\/heroico-cuerpo-de-bomberos-atiende-las-afectaciones-generadas-por-la-tormenta-electrica-de-esta-tarde-noche-en-la-capital-de-la-entidad\/#primaryimage"},"image":{"@id":"https:\/\/cvnoticias.com\/nuevapagina\/index.php\/2026\/04\/24\/heroico-cuerpo-de-bomberos-atiende-las-afectaciones-generadas-por-la-tormenta-electrica-de-esta-tarde-noche-en-la-capital-de-la-entidad\/#primaryimage"},"thumbnailUrl":"https:\/\/cvnoticias.com\/nuevapagina\/wp-content\/uploads\/2026\/04\/Captura-de-pantalla-2026-04-24-053359.png","datePublished":"2026-04-24T12:01:54+00:00","dateModified":"2026-04-24T12:01:56+00:00","breadcrumb":{"@id":"https:\/\/cvnoticias.com\/nuevapagina\/index.php\/2026\/04\/24\/heroico-cuerpo-de-bomberos-atiende-las-afectaciones-generadas-por-la-tormenta-electrica-de-esta-tarde-noche-en-la-capital-de-la-entidad\/#breadcrumb"},"inLanguage":"es","potentialAction":[{"@type":"ReadAction","target":["https:\/\/cvnoticias.com\/nuevapagina\/index.php\/2026\/04\/24\/heroico-cuerpo-de-bomberos-atiende-las-afectaciones-generadas-por-la-tormenta-electrica-de-esta-tarde-noche-en-la-capital-de-la-entidad\/"]}]},{"@type":"ImageObject","inLanguage":"es","@id":"https:\/\/cvnoticias.com\/nuevapagina\/index.php\/2026\/04\/24\/heroico-cuerpo-de-bomberos-atiende-las-afectaciones-generadas-por-la-tormenta-electrica-de-esta-tarde-noche-en-la-capital-de-la-entidad\/#primaryimage","url":"https:\/\/cvnoticias.com\/nuevapagina\/wp-content\/uploads\/2026\/04\/Captura-de-pantalla-2026-04-24-053359.png","contentUrl":"https:\/\/cvnoticias.com\/nuevapagina\/wp-content\/uploads\/2026\/04\/Captura-de-pantalla-2026-04-24-053359.png","width":425,"height":332},{"@type":"BreadcrumbList","@id":"https:\/\/cvnoticias.com\/nuevapagina\/index.php\/2026\/04\/24\/heroico-cuerpo-de-bomberos-atiende-las-afectaciones-generadas-por-la-tormenta-electrica-de-esta-tarde-noche-en-la-capital-de-la-entidad\/#breadcrumb","itemListElement":[{"@type":"ListItem","position":1,"name":"Portada","item":"https:\/\/cvnoticias.com\/nuevapagina\/"},{"@type":"ListItem","position":2,"name":"Heroico Cuerpo de Bomberos atiende las afectaciones generadas por la tormenta el\u00e9ctrica de esta tarde-noche en la capital de la entidad"}]},{"@type":"WebSite","@id":"https:\/\/cvnoticias.com\/nuevapagina\/#website","url":"https:\/\/cvnoticias.com\/nuevapagina\/","name":"CV Noticias","description":"Noticias de Oaxaca","publisher":{"@id":"https:\/\/cvnoticias.com\/nuevapagina\/#organization"},"potentialAction":[{"@type":"SearchAction","target":{"@type":"EntryPoint","urlTemplate":"https:\/\/cvnoticias.com\/nuevapagina\/?s={search_term_string}"},"query-input":{"@type":"PropertyValueSpecification","valueRequired":true,"valueName":"search_term_string"}}],"inLanguage":"es"},{"@type":"Organization","@id":"https:\/\/cvnoticias.com\/nuevapagina\/#organization","name":"CV Noticias","url":"https:\/\/cvnoticias.com\/nuevapagina\/","logo":{"@type":"ImageObject","inLanguage":"es","@id":"https:\/\/cvnoticias.com\/nuevapagina\/#\/schema\/logo\/image\/","url":"https:\/\/cvnoticias.com\/nuevapagina\/wp-content\/uploads\/2025\/05\/cropped-logo-1.png","contentUrl":"https:\/\/cvnoticias.com\/nuevapagina\/wp-content\/uploads\/2025\/05\/cropped-logo-1.png","width":320,"height":118,"caption":"CV Noticias"},"image":{"@id":"https:\/\/cvnoticias.com\/nuevapagina\/#\/schema\/logo\/image\/"}},{"@type":"Person","@id":"https:\/\/cvnoticias.com\/nuevapagina\/#\/schema\/person\/19e35f246421a31486be7321065f7463","name":"CvNoticias","image":{"@type":"ImageObject","inLanguage":"es","@id":"https:\/\/secure.gravatar.com\/avatar\/c3a4375d38fd8f9b34ac9e853cb706a079817c78f9a39e33b16a2b2b2e51688a?s=96&d=mm&r=g","url":"https:\/\/secure.gravatar.com\/avatar\/c3a4375d38fd8f9b34ac9e853cb706a079817c78f9a39e33b16a2b2b2e51688a?s=96&d=mm&r=g","contentUrl":"https:\/\/secure.gravatar.com\/avatar\/c3a4375d38fd8f9b34ac9e853cb706a079817c78f9a39e33b16a2b2b2e51688a?s=96&d=mm&r=g","caption":"CvNoticias"},"url":"https:\/\/cvnoticias.com\/nuevapagina\/index.php\/author\/gesner\/"}]}},"_links":{"self":[{"href":"https:\/\/cvnoticias.com\/nuevapagina\/index.php\/wp-json\/wp\/v2\/posts\/7472","targetHints":{"allow":["GET"]}}],"collection":[{"href":"https:\/\/cvnoticias.com\/nuevapagina\/index.php\/wp-json\/wp\/v2\/posts"}],"about":[{"href":"https:\/\/cvnoticias.com\/nuevapagina\/index.php\/wp-json\/wp\/v2\/types\/post"}],"author":[{"embeddable":true,"href":"https:\/\/cvnoticias.com\/nuevapagina\/index.php\/wp-json\/wp\/v2\/users\/2"}],"replies":[{"embeddable":true,"href":"https:\/\/cvnoticias.com\/nuevapagina\/index.php\/wp-json\/wp\/v2\/comments?post=7472"}],"version-history":[{"count":1,"href":"https:\/\/cvnoticias.com\/nuevapagina\/index.php\/wp-json\/wp\/v2\/posts\/7472\/revisions"}],"predecessor-version":[{"id":7473,"href":"https:\/\/cvnoticias.com\/nuevapagina\/index.php\/wp-json\/wp\/v2\/posts\/7472\/revisions\/7473"}],"wp:featuredmedia":[{"embeddable":true,"href":"https:\/\/cvnoticias.com\/nuevapagina\/index.php\/wp-json\/wp\/v2\/media\/7462"}],"wp:attachment":[{"href":"https:\/\/cvnoticias.com\/nuevapagina\/index.php\/wp-json\/wp\/v2\/media?parent=7472"}],"wp:term":[{"taxonomy":"category","embeddable":true,"href":"https:\/\/cvnoticias.com\/nuevapagina\/index.php\/wp-json\/wp\/v2\/categories?post=7472"},{"taxonomy":"post_tag","embeddable":true,"href":"https:\/\/cvnoticias.com\/nuevapagina\/index.php\/wp-json\/wp\/v2\/tags?post=7472"}],"curies":[{"name":"wp","href":"https:\/\/api.w.org\/{rel}","templated":true}]}}