{"id":7470,"date":"2026-04-24T12:00:42","date_gmt":"2026-04-24T12:00:42","guid":{"rendered":"https:\/\/cvnoticias.com\/nuevapagina\/?p=7470"},"modified":"2026-04-24T12:00:44","modified_gmt":"2026-04-24T12:00:44","slug":"presentan-iniciativas-para-instituir-el-reconocimiento-publico-a-la-trayectoria-en-investigacion-e-innovacion-cientifica-en-oaxaca","status":"publish","type":"post","link":"https:\/\/cvnoticias.com\/nuevapagina\/index.php\/2026\/04\/24\/presentan-iniciativas-para-instituir-el-reconocimiento-publico-a-la-trayectoria-en-investigacion-e-innovacion-cientifica-en-oaxaca\/","title":{"rendered":"Presentan iniciativas para instituir el Reconocimiento P\u00fablico a la Trayectoria en Investigaci\u00f3n e Innovaci\u00f3n Cient\u00edfica en Oaxaca"},"content":{"rendered":"\n<ul class=\"wp-block-list\">\n<li>Con esta medida se estar\u00edan destacando los logros cient\u00edficos en salud que benefician a la poblaci\u00f3n oaxaque\u00f1a<\/li>\n<\/ul>\n\n\n\n<p>San Raymundo Jalpan, Oax., a 23 de abril de 2026.- Con el objetivo de destacar la excelencia y los logros cient\u00edficos que benefician a la poblaci\u00f3n oaxaque\u00f1a, la diputada Tania L\u00f3pez L\u00f3pez, integrante del Grupo Parlamentario de Morena, present\u00f3 una iniciativa con Proyecto de Decreto para instituir el \u201cReconocimiento P\u00fablico a la Trayectoria en Investigaci\u00f3n e Innovaci\u00f3n Cient\u00edfica en Salud en el Estado de Oaxaca\u201d, y que sea entregado cada a\u00f1o el d\u00eda 10 de abril, en el marco del D\u00eda del Investigador Cient\u00edfico.<\/p>\n\n\n\n<p>De igual forma, como propuesta complementaria, se present\u00f3 una reforma para otorgarle a la Comisi\u00f3n Permanente de Salud la facultad de instruir el procedimiento para conceder dicha condecoraci\u00f3n.<\/p>\n\n\n\n<p>En el documento se indica que la citada Comisi\u00f3n ser\u00e1 la encargada de expedir la convocatoria correspondiente, en la que se establezcan las bases para la recepci\u00f3n de candidaturas, revisi\u00f3n de perfiles, las formas de participaci\u00f3n de las instituciones acad\u00e9micas, la integraci\u00f3n del Comit\u00e9 revisor, los procedimientos de toma de decisi\u00f3n, as\u00ed como las particularidades que tenga a bien considerar el \u00f3rgano legislativo para la adecuada determinaci\u00f3n.<\/p>\n\n\n\n<p>De acuerdo a la iniciativa, la resoluci\u00f3n que tome la Comisi\u00f3n se turnar\u00e1 a la Mesa Directiva para que, en coordinaci\u00f3n con la Junta de Coordinaci\u00f3n Pol\u00edtica (Jucopo), defina el formato y fecha de la Sesi\u00f3n Solemne en la que se entregar\u00e1 la mencionada distinci\u00f3n.<\/p>\n\n\n\n<p>Este proyecto no solo busca enaltecer trayectorias consolidadas, sino tambi\u00e9n inspirar a las nuevas generaciones a acercarse al mundo de la medicina y la investigaci\u00f3n, sentando bases s\u00f3lidas para el desarrollo tecnol\u00f3gico y social de la regi\u00f3n.<\/p>\n\n\n\n<p>De ser aprobada, Oaxaca se convertir\u00eda en la primera entidad de la Rep\u00fablica Mexicana en brindar un reconocimiento p\u00fablico de esta \u00edndole desde su Congreso, situando al estado a la vanguardia en el fomento al talento m\u00e9dico y cient\u00edfico.<\/p>\n\n\n\n<p>Las propuestas con Proyecto de Decreto fueron presentadas el 07 de abril, y fueron turnadas a la Comisi\u00f3n Permanente de R\u00e9gimen, Reglamentos y Pr\u00e1cticas Parlamentarias, y a la Jucopo, para su an\u00e1lisis y dictamen correspondiente.<\/p>\n","protected":false},"excerpt":{"rendered":"<p>San Raymundo Jalpan, Oax., a 23 de abril de 2026.- Con el objetivo de destacar&#8230;<\/p>\n","protected":false},"author":2,"featured_media":7456,"comment_status":"open","ping_status":"closed","sticky":false,"template":"","format":"standard","meta":{"footnotes":""},"categories":[3],"tags":[],"class_list":["post-7470","post","type-post","status-publish","format-standard","has-post-thumbnail","hentry","category-comunicadosdeprensa"],"yoast_head":"<!-- This site is optimized with the Yoast SEO plugin v27.5 - https:\/\/yoast.com\/product\/yoast-seo-wordpress\/ -->\n<title>Presentan iniciativas para instituir el Reconocimiento P\u00fablico a la Trayectoria en Investigaci\u00f3n e Innovaci\u00f3n Cient\u00edfica en Oaxaca - CV Noticias<\/title>\n<meta name=\"robots\" content=\"index, follow, max-snippet:-1, max-image-preview:large, max-video-preview:-1\" \/>\n<link rel=\"canonical\" href=\"https:\/\/cvnoticias.com\/nuevapagina\/index.php\/2026\/04\/24\/presentan-iniciativas-para-instituir-el-reconocimiento-publico-a-la-trayectoria-en-investigacion-e-innovacion-cientifica-en-oaxaca\/\" \/>\n<meta property=\"og:locale\" content=\"es_ES\" \/>\n<meta property=\"og:type\" content=\"article\" \/>\n<meta property=\"og:title\" content=\"Presentan iniciativas para instituir el Reconocimiento P\u00fablico a la Trayectoria en Investigaci\u00f3n e Innovaci\u00f3n Cient\u00edfica en Oaxaca - CV Noticias\" \/>\n<meta property=\"og:description\" content=\"San Raymundo Jalpan, Oax., a 23 de abril de 2026.- Con el objetivo de destacar...\" \/>\n<meta property=\"og:url\" content=\"https:\/\/cvnoticias.com\/nuevapagina\/index.php\/2026\/04\/24\/presentan-iniciativas-para-instituir-el-reconocimiento-publico-a-la-trayectoria-en-investigacion-e-innovacion-cientifica-en-oaxaca\/\" \/>\n<meta property=\"og:site_name\" content=\"CV Noticias\" \/>\n<meta property=\"article:published_time\" content=\"2026-04-24T12:00:42+00:00\" \/>\n<meta property=\"article:modified_time\" content=\"2026-04-24T12:00:44+00:00\" \/>\n<meta property=\"og:image\" content=\"https:\/\/cvnoticias.com\/nuevapagina\/wp-content\/uploads\/2026\/04\/WhatsApp-Image-2026-04-23-at-7.52.54-PM-1.jpeg\" \/>\n\t<meta property=\"og:image:width\" content=\"1280\" \/>\n\t<meta property=\"og:image:height\" content=\"853\" \/>\n\t<meta property=\"og:image:type\" content=\"image\/jpeg\" \/>\n<meta name=\"author\" content=\"CvNoticias\" \/>\n<meta name=\"twitter:card\" content=\"summary_large_image\" \/>\n<meta name=\"twitter:label1\" content=\"Escrito por\" \/>\n\t<meta name=\"twitter:data1\" content=\"CvNoticias\" \/>\n\t<meta name=\"twitter:label2\" content=\"Tiempo de lectura\" \/>\n\t<meta name=\"twitter:data2\" content=\"2 minutos\" \/>\n<script type=\"application\/ld+json\" class=\"yoast-schema-graph\">{\"@context\":\"https:\\\/\\\/schema.org\",\"@graph\":[{\"@type\":\"Article\",\"@id\":\"https:\\\/\\\/cvnoticias.com\\\/nuevapagina\\\/index.php\\\/2026\\\/04\\\/24\\\/presentan-iniciativas-para-instituir-el-reconocimiento-publico-a-la-trayectoria-en-investigacion-e-innovacion-cientifica-en-oaxaca\\\/#article\",\"isPartOf\":{\"@id\":\"https:\\\/\\\/cvnoticias.com\\\/nuevapagina\\\/index.php\\\/2026\\\/04\\\/24\\\/presentan-iniciativas-para-instituir-el-reconocimiento-publico-a-la-trayectoria-en-investigacion-e-innovacion-cientifica-en-oaxaca\\\/\"},\"author\":{\"name\":\"CvNoticias\",\"@id\":\"https:\\\/\\\/cvnoticias.com\\\/nuevapagina\\\/#\\\/schema\\\/person\\\/19e35f246421a31486be7321065f7463\"},\"headline\":\"Presentan iniciativas para instituir el Reconocimiento P\u00fablico a la Trayectoria en Investigaci\u00f3n e Innovaci\u00f3n Cient\u00edfica en Oaxaca\",\"datePublished\":\"2026-04-24T12:00:42+00:00\",\"dateModified\":\"2026-04-24T12:00:44+00:00\",\"mainEntityOfPage\":{\"@id\":\"https:\\\/\\\/cvnoticias.com\\\/nuevapagina\\\/index.php\\\/2026\\\/04\\\/24\\\/presentan-iniciativas-para-instituir-el-reconocimiento-publico-a-la-trayectoria-en-investigacion-e-innovacion-cientifica-en-oaxaca\\\/\"},\"wordCount\":418,\"commentCount\":0,\"publisher\":{\"@id\":\"https:\\\/\\\/cvnoticias.com\\\/nuevapagina\\\/#organization\"},\"image\":{\"@id\":\"https:\\\/\\\/cvnoticias.com\\\/nuevapagina\\\/index.php\\\/2026\\\/04\\\/24\\\/presentan-iniciativas-para-instituir-el-reconocimiento-publico-a-la-trayectoria-en-investigacion-e-innovacion-cientifica-en-oaxaca\\\/#primaryimage\"},\"thumbnailUrl\":\"https:\\\/\\\/cvnoticias.com\\\/nuevapagina\\\/wp-content\\\/uploads\\\/2026\\\/04\\\/WhatsApp-Image-2026-04-23-at-7.52.54-PM-1.jpeg\",\"articleSection\":[\"Comunicados\"],\"inLanguage\":\"es\",\"potentialAction\":[{\"@type\":\"CommentAction\",\"name\":\"Comment\",\"target\":[\"https:\\\/\\\/cvnoticias.com\\\/nuevapagina\\\/index.php\\\/2026\\\/04\\\/24\\\/presentan-iniciativas-para-instituir-el-reconocimiento-publico-a-la-trayectoria-en-investigacion-e-innovacion-cientifica-en-oaxaca\\\/#respond\"]}]},{\"@type\":\"WebPage\",\"@id\":\"https:\\\/\\\/cvnoticias.com\\\/nuevapagina\\\/index.php\\\/2026\\\/04\\\/24\\\/presentan-iniciativas-para-instituir-el-reconocimiento-publico-a-la-trayectoria-en-investigacion-e-innovacion-cientifica-en-oaxaca\\\/\",\"url\":\"https:\\\/\\\/cvnoticias.com\\\/nuevapagina\\\/index.php\\\/2026\\\/04\\\/24\\\/presentan-iniciativas-para-instituir-el-reconocimiento-publico-a-la-trayectoria-en-investigacion-e-innovacion-cientifica-en-oaxaca\\\/\",\"name\":\"Presentan iniciativas para instituir el Reconocimiento P\u00fablico a la Trayectoria en Investigaci\u00f3n e Innovaci\u00f3n Cient\u00edfica en Oaxaca - CV Noticias\",\"isPartOf\":{\"@id\":\"https:\\\/\\\/cvnoticias.com\\\/nuevapagina\\\/#website\"},\"primaryImageOfPage\":{\"@id\":\"https:\\\/\\\/cvnoticias.com\\\/nuevapagina\\\/index.php\\\/2026\\\/04\\\/24\\\/presentan-iniciativas-para-instituir-el-reconocimiento-publico-a-la-trayectoria-en-investigacion-e-innovacion-cientifica-en-oaxaca\\\/#primaryimage\"},\"image\":{\"@id\":\"https:\\\/\\\/cvnoticias.com\\\/nuevapagina\\\/index.php\\\/2026\\\/04\\\/24\\\/presentan-iniciativas-para-instituir-el-reconocimiento-publico-a-la-trayectoria-en-investigacion-e-innovacion-cientifica-en-oaxaca\\\/#primaryimage\"},\"thumbnailUrl\":\"https:\\\/\\\/cvnoticias.com\\\/nuevapagina\\\/wp-content\\\/uploads\\\/2026\\\/04\\\/WhatsApp-Image-2026-04-23-at-7.52.54-PM-1.jpeg\",\"datePublished\":\"2026-04-24T12:00:42+00:00\",\"dateModified\":\"2026-04-24T12:00:44+00:00\",\"breadcrumb\":{\"@id\":\"https:\\\/\\\/cvnoticias.com\\\/nuevapagina\\\/index.php\\\/2026\\\/04\\\/24\\\/presentan-iniciativas-para-instituir-el-reconocimiento-publico-a-la-trayectoria-en-investigacion-e-innovacion-cientifica-en-oaxaca\\\/#breadcrumb\"},\"inLanguage\":\"es\",\"potentialAction\":[{\"@type\":\"ReadAction\",\"target\":[\"https:\\\/\\\/cvnoticias.com\\\/nuevapagina\\\/index.php\\\/2026\\\/04\\\/24\\\/presentan-iniciativas-para-instituir-el-reconocimiento-publico-a-la-trayectoria-en-investigacion-e-innovacion-cientifica-en-oaxaca\\\/\"]}]},{\"@type\":\"ImageObject\",\"inLanguage\":\"es\",\"@id\":\"https:\\\/\\\/cvnoticias.com\\\/nuevapagina\\\/index.php\\\/2026\\\/04\\\/24\\\/presentan-iniciativas-para-instituir-el-reconocimiento-publico-a-la-trayectoria-en-investigacion-e-innovacion-cientifica-en-oaxaca\\\/#primaryimage\",\"url\":\"https:\\\/\\\/cvnoticias.com\\\/nuevapagina\\\/wp-content\\\/uploads\\\/2026\\\/04\\\/WhatsApp-Image-2026-04-23-at-7.52.54-PM-1.jpeg\",\"contentUrl\":\"https:\\\/\\\/cvnoticias.com\\\/nuevapagina\\\/wp-content\\\/uploads\\\/2026\\\/04\\\/WhatsApp-Image-2026-04-23-at-7.52.54-PM-1.jpeg\",\"width\":1280,\"height\":853},{\"@type\":\"BreadcrumbList\",\"@id\":\"https:\\\/\\\/cvnoticias.com\\\/nuevapagina\\\/index.php\\\/2026\\\/04\\\/24\\\/presentan-iniciativas-para-instituir-el-reconocimiento-publico-a-la-trayectoria-en-investigacion-e-innovacion-cientifica-en-oaxaca\\\/#breadcrumb\",\"itemListElement\":[{\"@type\":\"ListItem\",\"position\":1,\"name\":\"Portada\",\"item\":\"https:\\\/\\\/cvnoticias.com\\\/nuevapagina\\\/\"},{\"@type\":\"ListItem\",\"position\":2,\"name\":\"Presentan iniciativas para instituir el Reconocimiento P\u00fablico a la Trayectoria en Investigaci\u00f3n e Innovaci\u00f3n Cient\u00edfica en Oaxaca\"}]},{\"@type\":\"WebSite\",\"@id\":\"https:\\\/\\\/cvnoticias.com\\\/nuevapagina\\\/#website\",\"url\":\"https:\\\/\\\/cvnoticias.com\\\/nuevapagina\\\/\",\"name\":\"CV Noticias\",\"description\":\"Noticias de Oaxaca\",\"publisher\":{\"@id\":\"https:\\\/\\\/cvnoticias.com\\\/nuevapagina\\\/#organization\"},\"potentialAction\":[{\"@type\":\"SearchAction\",\"target\":{\"@type\":\"EntryPoint\",\"urlTemplate\":\"https:\\\/\\\/cvnoticias.com\\\/nuevapagina\\\/?s={search_term_string}\"},\"query-input\":{\"@type\":\"PropertyValueSpecification\",\"valueRequired\":true,\"valueName\":\"search_term_string\"}}],\"inLanguage\":\"es\"},{\"@type\":\"Organization\",\"@id\":\"https:\\\/\\\/cvnoticias.com\\\/nuevapagina\\\/#organization\",\"name\":\"CV Noticias\",\"url\":\"https:\\\/\\\/cvnoticias.com\\\/nuevapagina\\\/\",\"logo\":{\"@type\":\"ImageObject\",\"inLanguage\":\"es\",\"@id\":\"https:\\\/\\\/cvnoticias.com\\\/nuevapagina\\\/#\\\/schema\\\/logo\\\/image\\\/\",\"url\":\"https:\\\/\\\/cvnoticias.com\\\/nuevapagina\\\/wp-content\\\/uploads\\\/2025\\\/05\\\/cropped-logo-1.png\",\"contentUrl\":\"https:\\\/\\\/cvnoticias.com\\\/nuevapagina\\\/wp-content\\\/uploads\\\/2025\\\/05\\\/cropped-logo-1.png\",\"width\":320,\"height\":118,\"caption\":\"CV Noticias\"},\"image\":{\"@id\":\"https:\\\/\\\/cvnoticias.com\\\/nuevapagina\\\/#\\\/schema\\\/logo\\\/image\\\/\"}},{\"@type\":\"Person\",\"@id\":\"https:\\\/\\\/cvnoticias.com\\\/nuevapagina\\\/#\\\/schema\\\/person\\\/19e35f246421a31486be7321065f7463\",\"name\":\"CvNoticias\",\"image\":{\"@type\":\"ImageObject\",\"inLanguage\":\"es\",\"@id\":\"https:\\\/\\\/secure.gravatar.com\\\/avatar\\\/c3a4375d38fd8f9b34ac9e853cb706a079817c78f9a39e33b16a2b2b2e51688a?s=96&d=mm&r=g\",\"url\":\"https:\\\/\\\/secure.gravatar.com\\\/avatar\\\/c3a4375d38fd8f9b34ac9e853cb706a079817c78f9a39e33b16a2b2b2e51688a?s=96&d=mm&r=g\",\"contentUrl\":\"https:\\\/\\\/secure.gravatar.com\\\/avatar\\\/c3a4375d38fd8f9b34ac9e853cb706a079817c78f9a39e33b16a2b2b2e51688a?s=96&d=mm&r=g\",\"caption\":\"CvNoticias\"},\"url\":\"https:\\\/\\\/cvnoticias.com\\\/nuevapagina\\\/index.php\\\/author\\\/gesner\\\/\"}]}<\/script>\n<!-- \/ Yoast SEO plugin. -->","yoast_head_json":{"title":"Presentan iniciativas para instituir el Reconocimiento P\u00fablico a la Trayectoria en Investigaci\u00f3n e Innovaci\u00f3n Cient\u00edfica en Oaxaca - CV Noticias","robots":{"index":"index","follow":"follow","max-snippet":"max-snippet:-1","max-image-preview":"max-image-preview:large","max-video-preview":"max-video-preview:-1"},"canonical":"https:\/\/cvnoticias.com\/nuevapagina\/index.php\/2026\/04\/24\/presentan-iniciativas-para-instituir-el-reconocimiento-publico-a-la-trayectoria-en-investigacion-e-innovacion-cientifica-en-oaxaca\/","og_locale":"es_ES","og_type":"article","og_title":"Presentan iniciativas para instituir el Reconocimiento P\u00fablico a la Trayectoria en Investigaci\u00f3n e Innovaci\u00f3n Cient\u00edfica en Oaxaca - CV Noticias","og_description":"San Raymundo Jalpan, Oax., a 23 de abril de 2026.- Con el objetivo de destacar...","og_url":"https:\/\/cvnoticias.com\/nuevapagina\/index.php\/2026\/04\/24\/presentan-iniciativas-para-instituir-el-reconocimiento-publico-a-la-trayectoria-en-investigacion-e-innovacion-cientifica-en-oaxaca\/","og_site_name":"CV Noticias","article_published_time":"2026-04-24T12:00:42+00:00","article_modified_time":"2026-04-24T12:00:44+00:00","og_image":[{"width":1280,"height":853,"url":"https:\/\/cvnoticias.com\/nuevapagina\/wp-content\/uploads\/2026\/04\/WhatsApp-Image-2026-04-23-at-7.52.54-PM-1.jpeg","type":"image\/jpeg"}],"author":"CvNoticias","twitter_card":"summary_large_image","twitter_misc":{"Escrito por":"CvNoticias","Tiempo de lectura":"2 minutos"},"schema":{"@context":"https:\/\/schema.org","@graph":[{"@type":"Article","@id":"https:\/\/cvnoticias.com\/nuevapagina\/index.php\/2026\/04\/24\/presentan-iniciativas-para-instituir-el-reconocimiento-publico-a-la-trayectoria-en-investigacion-e-innovacion-cientifica-en-oaxaca\/#article","isPartOf":{"@id":"https:\/\/cvnoticias.com\/nuevapagina\/index.php\/2026\/04\/24\/presentan-iniciativas-para-instituir-el-reconocimiento-publico-a-la-trayectoria-en-investigacion-e-innovacion-cientifica-en-oaxaca\/"},"author":{"name":"CvNoticias","@id":"https:\/\/cvnoticias.com\/nuevapagina\/#\/schema\/person\/19e35f246421a31486be7321065f7463"},"headline":"Presentan iniciativas para instituir el Reconocimiento P\u00fablico a la Trayectoria en Investigaci\u00f3n e Innovaci\u00f3n Cient\u00edfica en Oaxaca","datePublished":"2026-04-24T12:00:42+00:00","dateModified":"2026-04-24T12:00:44+00:00","mainEntityOfPage":{"@id":"https:\/\/cvnoticias.com\/nuevapagina\/index.php\/2026\/04\/24\/presentan-iniciativas-para-instituir-el-reconocimiento-publico-a-la-trayectoria-en-investigacion-e-innovacion-cientifica-en-oaxaca\/"},"wordCount":418,"commentCount":0,"publisher":{"@id":"https:\/\/cvnoticias.com\/nuevapagina\/#organization"},"image":{"@id":"https:\/\/cvnoticias.com\/nuevapagina\/index.php\/2026\/04\/24\/presentan-iniciativas-para-instituir-el-reconocimiento-publico-a-la-trayectoria-en-investigacion-e-innovacion-cientifica-en-oaxaca\/#primaryimage"},"thumbnailUrl":"https:\/\/cvnoticias.com\/nuevapagina\/wp-content\/uploads\/2026\/04\/WhatsApp-Image-2026-04-23-at-7.52.54-PM-1.jpeg","articleSection":["Comunicados"],"inLanguage":"es","potentialAction":[{"@type":"CommentAction","name":"Comment","target":["https:\/\/cvnoticias.com\/nuevapagina\/index.php\/2026\/04\/24\/presentan-iniciativas-para-instituir-el-reconocimiento-publico-a-la-trayectoria-en-investigacion-e-innovacion-cientifica-en-oaxaca\/#respond"]}]},{"@type":"WebPage","@id":"https:\/\/cvnoticias.com\/nuevapagina\/index.php\/2026\/04\/24\/presentan-iniciativas-para-instituir-el-reconocimiento-publico-a-la-trayectoria-en-investigacion-e-innovacion-cientifica-en-oaxaca\/","url":"https:\/\/cvnoticias.com\/nuevapagina\/index.php\/2026\/04\/24\/presentan-iniciativas-para-instituir-el-reconocimiento-publico-a-la-trayectoria-en-investigacion-e-innovacion-cientifica-en-oaxaca\/","name":"Presentan iniciativas para instituir el Reconocimiento P\u00fablico a la Trayectoria en Investigaci\u00f3n e Innovaci\u00f3n Cient\u00edfica en Oaxaca - CV Noticias","isPartOf":{"@id":"https:\/\/cvnoticias.com\/nuevapagina\/#website"},"primaryImageOfPage":{"@id":"https:\/\/cvnoticias.com\/nuevapagina\/index.php\/2026\/04\/24\/presentan-iniciativas-para-instituir-el-reconocimiento-publico-a-la-trayectoria-en-investigacion-e-innovacion-cientifica-en-oaxaca\/#primaryimage"},"image":{"@id":"https:\/\/cvnoticias.com\/nuevapagina\/index.php\/2026\/04\/24\/presentan-iniciativas-para-instituir-el-reconocimiento-publico-a-la-trayectoria-en-investigacion-e-innovacion-cientifica-en-oaxaca\/#primaryimage"},"thumbnailUrl":"https:\/\/cvnoticias.com\/nuevapagina\/wp-content\/uploads\/2026\/04\/WhatsApp-Image-2026-04-23-at-7.52.54-PM-1.jpeg","datePublished":"2026-04-24T12:00:42+00:00","dateModified":"2026-04-24T12:00:44+00:00","breadcrumb":{"@id":"https:\/\/cvnoticias.com\/nuevapagina\/index.php\/2026\/04\/24\/presentan-iniciativas-para-instituir-el-reconocimiento-publico-a-la-trayectoria-en-investigacion-e-innovacion-cientifica-en-oaxaca\/#breadcrumb"},"inLanguage":"es","potentialAction":[{"@type":"ReadAction","target":["https:\/\/cvnoticias.com\/nuevapagina\/index.php\/2026\/04\/24\/presentan-iniciativas-para-instituir-el-reconocimiento-publico-a-la-trayectoria-en-investigacion-e-innovacion-cientifica-en-oaxaca\/"]}]},{"@type":"ImageObject","inLanguage":"es","@id":"https:\/\/cvnoticias.com\/nuevapagina\/index.php\/2026\/04\/24\/presentan-iniciativas-para-instituir-el-reconocimiento-publico-a-la-trayectoria-en-investigacion-e-innovacion-cientifica-en-oaxaca\/#primaryimage","url":"https:\/\/cvnoticias.com\/nuevapagina\/wp-content\/uploads\/2026\/04\/WhatsApp-Image-2026-04-23-at-7.52.54-PM-1.jpeg","contentUrl":"https:\/\/cvnoticias.com\/nuevapagina\/wp-content\/uploads\/2026\/04\/WhatsApp-Image-2026-04-23-at-7.52.54-PM-1.jpeg","width":1280,"height":853},{"@type":"BreadcrumbList","@id":"https:\/\/cvnoticias.com\/nuevapagina\/index.php\/2026\/04\/24\/presentan-iniciativas-para-instituir-el-reconocimiento-publico-a-la-trayectoria-en-investigacion-e-innovacion-cientifica-en-oaxaca\/#breadcrumb","itemListElement":[{"@type":"ListItem","position":1,"name":"Portada","item":"https:\/\/cvnoticias.com\/nuevapagina\/"},{"@type":"ListItem","position":2,"name":"Presentan iniciativas para instituir el Reconocimiento P\u00fablico a la Trayectoria en Investigaci\u00f3n e Innovaci\u00f3n Cient\u00edfica en Oaxaca"}]},{"@type":"WebSite","@id":"https:\/\/cvnoticias.com\/nuevapagina\/#website","url":"https:\/\/cvnoticias.com\/nuevapagina\/","name":"CV Noticias","description":"Noticias de Oaxaca","publisher":{"@id":"https:\/\/cvnoticias.com\/nuevapagina\/#organization"},"potentialAction":[{"@type":"SearchAction","target":{"@type":"EntryPoint","urlTemplate":"https:\/\/cvnoticias.com\/nuevapagina\/?s={search_term_string}"},"query-input":{"@type":"PropertyValueSpecification","valueRequired":true,"valueName":"search_term_string"}}],"inLanguage":"es"},{"@type":"Organization","@id":"https:\/\/cvnoticias.com\/nuevapagina\/#organization","name":"CV Noticias","url":"https:\/\/cvnoticias.com\/nuevapagina\/","logo":{"@type":"ImageObject","inLanguage":"es","@id":"https:\/\/cvnoticias.com\/nuevapagina\/#\/schema\/logo\/image\/","url":"https:\/\/cvnoticias.com\/nuevapagina\/wp-content\/uploads\/2025\/05\/cropped-logo-1.png","contentUrl":"https:\/\/cvnoticias.com\/nuevapagina\/wp-content\/uploads\/2025\/05\/cropped-logo-1.png","width":320,"height":118,"caption":"CV Noticias"},"image":{"@id":"https:\/\/cvnoticias.com\/nuevapagina\/#\/schema\/logo\/image\/"}},{"@type":"Person","@id":"https:\/\/cvnoticias.com\/nuevapagina\/#\/schema\/person\/19e35f246421a31486be7321065f7463","name":"CvNoticias","image":{"@type":"ImageObject","inLanguage":"es","@id":"https:\/\/secure.gravatar.com\/avatar\/c3a4375d38fd8f9b34ac9e853cb706a079817c78f9a39e33b16a2b2b2e51688a?s=96&d=mm&r=g","url":"https:\/\/secure.gravatar.com\/avatar\/c3a4375d38fd8f9b34ac9e853cb706a079817c78f9a39e33b16a2b2b2e51688a?s=96&d=mm&r=g","contentUrl":"https:\/\/secure.gravatar.com\/avatar\/c3a4375d38fd8f9b34ac9e853cb706a079817c78f9a39e33b16a2b2b2e51688a?s=96&d=mm&r=g","caption":"CvNoticias"},"url":"https:\/\/cvnoticias.com\/nuevapagina\/index.php\/author\/gesner\/"}]}},"_links":{"self":[{"href":"https:\/\/cvnoticias.com\/nuevapagina\/index.php\/wp-json\/wp\/v2\/posts\/7470","targetHints":{"allow":["GET"]}}],"collection":[{"href":"https:\/\/cvnoticias.com\/nuevapagina\/index.php\/wp-json\/wp\/v2\/posts"}],"about":[{"href":"https:\/\/cvnoticias.com\/nuevapagina\/index.php\/wp-json\/wp\/v2\/types\/post"}],"author":[{"embeddable":true,"href":"https:\/\/cvnoticias.com\/nuevapagina\/index.php\/wp-json\/wp\/v2\/users\/2"}],"replies":[{"embeddable":true,"href":"https:\/\/cvnoticias.com\/nuevapagina\/index.php\/wp-json\/wp\/v2\/comments?post=7470"}],"version-history":[{"count":1,"href":"https:\/\/cvnoticias.com\/nuevapagina\/index.php\/wp-json\/wp\/v2\/posts\/7470\/revisions"}],"predecessor-version":[{"id":7471,"href":"https:\/\/cvnoticias.com\/nuevapagina\/index.php\/wp-json\/wp\/v2\/posts\/7470\/revisions\/7471"}],"wp:featuredmedia":[{"embeddable":true,"href":"https:\/\/cvnoticias.com\/nuevapagina\/index.php\/wp-json\/wp\/v2\/media\/7456"}],"wp:attachment":[{"href":"https:\/\/cvnoticias.com\/nuevapagina\/index.php\/wp-json\/wp\/v2\/media?parent=7470"}],"wp:term":[{"taxonomy":"category","embeddable":true,"href":"https:\/\/cvnoticias.com\/nuevapagina\/index.php\/wp-json\/wp\/v2\/categories?post=7470"},{"taxonomy":"post_tag","embeddable":true,"href":"https:\/\/cvnoticias.com\/nuevapagina\/index.php\/wp-json\/wp\/v2\/tags?post=7470"}],"curies":[{"name":"wp","href":"https:\/\/api.w.org\/{rel}","templated":true}]}}