{"id":7464,"date":"2026-04-24T11:45:31","date_gmt":"2026-04-24T11:45:31","guid":{"rendered":"https:\/\/cvnoticias.com\/nuevapagina\/?p=7464"},"modified":"2026-04-24T11:45:33","modified_gmt":"2026-04-24T11:45:33","slug":"ieepco-valida-elecciones-extraordinarias-en-municipios-que-se-rigen-por-sistemas-normativos-indigenas","status":"publish","type":"post","link":"https:\/\/cvnoticias.com\/nuevapagina\/index.php\/2026\/04\/24\/ieepco-valida-elecciones-extraordinarias-en-municipios-que-se-rigen-por-sistemas-normativos-indigenas\/","title":{"rendered":"IEEPCO valida elecciones extraordinarias en municipios que se rigen por Sistemas Normativos Ind\u00edgenas"},"content":{"rendered":"\n<p>El Instituto Estatal Electoral y de Participaci\u00f3n Ciudadana de Oaxaca (IEEPCO), en Sesi\u00f3n Extraordinaria Urgente del Consejo General celebrada este jueves, aprob\u00f3 dos acuerdos mediante los cuales se califican como jur\u00eddicamente v\u00e1lidas elecciones extraordinarias en municipios que se rigen por Sistemas Normativos Ind\u00edgenas.<\/p>\n\n\n\n<p>Como primer punto del orden del d\u00eda, el \u00f3rgano electoral calific\u00f3 como jur\u00eddicamente v\u00e1lida la elecci\u00f3n extraordinaria de la concejal\u00eda propietaria de la regidur\u00eda de educaci\u00f3n al Ayuntamiento de Abejones.<\/p>\n\n\n\n<p>Como segundo y \u00faltimo punto del orden del d\u00eda, el Consejo General, calific\u00f3 como jur\u00eddicamente v\u00e1lida la elecci\u00f3n extraordinaria de la concejal\u00eda propietaria de la regidur\u00eda de obras al Ayuntamiento de San Francisco Cahuac\u00faa.<\/p>\n\n\n\n<p>Durante la sesi\u00f3n, realizada de manera virtual, se cont\u00f3 con la participaci\u00f3n de la consejera presidenta, Elizabeth S\u00e1nchez Gonz\u00e1lez; las consejeras electorales Jessica Jazibe Hern\u00e1ndez Garc\u00eda, Zaira Alhel\u00ed Hip\u00f3lito L\u00f3pez, Ana Mar\u00eda M\u00e1rquez Andr\u00e9s y Gabriela Fernanda Espinoza Blancas; as\u00ed como los consejeros electorales Alejandro Carrasco Sampedro y Manuel Cort\u00e9s. Asimismo, estuvo presente el secretario ejecutivo, Graciano Alejandro Prats Rojas, junto con las representaciones de los partidos pol\u00edticos.<\/p>\n\n\n\n<p>Con estas determinaciones, el IEEPCO reafirma su compromiso con el respeto a los Sistemas Normativos Ind\u00edgenas y la legalidad de los procesos electivos en la entidad.<\/p>\n","protected":false},"excerpt":{"rendered":"<p>El Instituto Estatal Electoral y de Participaci\u00f3n Ciudadana de Oaxaca (IEEPCO), en Sesi\u00f3n Extraordinaria Urgente&#8230;<\/p>\n","protected":false},"author":2,"featured_media":7459,"comment_status":"open","ping_status":"closed","sticky":false,"template":"","format":"standard","meta":{"footnotes":""},"categories":[8],"tags":[],"class_list":["post-7464","post","type-post","status-publish","format-standard","has-post-thumbnail","hentry","category-ieepco"],"yoast_head":"<!-- This site is optimized with the Yoast SEO plugin v27.5 - https:\/\/yoast.com\/product\/yoast-seo-wordpress\/ -->\n<title>IEEPCO valida elecciones extraordinarias en municipios que se rigen por Sistemas Normativos Ind\u00edgenas - CV Noticias<\/title>\n<meta name=\"robots\" content=\"index, follow, max-snippet:-1, max-image-preview:large, max-video-preview:-1\" \/>\n<link rel=\"canonical\" href=\"https:\/\/cvnoticias.com\/nuevapagina\/index.php\/2026\/04\/24\/ieepco-valida-elecciones-extraordinarias-en-municipios-que-se-rigen-por-sistemas-normativos-indigenas\/\" \/>\n<meta property=\"og:locale\" content=\"es_ES\" \/>\n<meta property=\"og:type\" content=\"article\" \/>\n<meta property=\"og:title\" content=\"IEEPCO valida elecciones extraordinarias en municipios que se rigen por Sistemas Normativos Ind\u00edgenas - CV Noticias\" \/>\n<meta property=\"og:description\" content=\"El Instituto Estatal Electoral y de Participaci\u00f3n Ciudadana de Oaxaca (IEEPCO), en Sesi\u00f3n Extraordinaria Urgente...\" \/>\n<meta property=\"og:url\" content=\"https:\/\/cvnoticias.com\/nuevapagina\/index.php\/2026\/04\/24\/ieepco-valida-elecciones-extraordinarias-en-municipios-que-se-rigen-por-sistemas-normativos-indigenas\/\" \/>\n<meta property=\"og:site_name\" content=\"CV Noticias\" \/>\n<meta property=\"article:published_time\" content=\"2026-04-24T11:45:31+00:00\" \/>\n<meta property=\"article:modified_time\" content=\"2026-04-24T11:45:33+00:00\" \/>\n<meta property=\"og:image\" content=\"https:\/\/cvnoticias.com\/nuevapagina\/wp-content\/uploads\/2026\/04\/WhatsApp-Image-2026-04-23-at-7.51.02-PM.jpeg\" \/>\n\t<meta property=\"og:image:width\" content=\"1467\" \/>\n\t<meta property=\"og:image:height\" content=\"734\" \/>\n\t<meta property=\"og:image:type\" content=\"image\/jpeg\" \/>\n<meta name=\"author\" content=\"CvNoticias\" \/>\n<meta name=\"twitter:card\" content=\"summary_large_image\" \/>\n<meta name=\"twitter:label1\" content=\"Escrito por\" \/>\n\t<meta name=\"twitter:data1\" content=\"CvNoticias\" \/>\n\t<meta name=\"twitter:label2\" content=\"Tiempo de lectura\" \/>\n\t<meta name=\"twitter:data2\" content=\"2 minutos\" \/>\n<script type=\"application\/ld+json\" class=\"yoast-schema-graph\">{\"@context\":\"https:\\\/\\\/schema.org\",\"@graph\":[{\"@type\":\"Article\",\"@id\":\"https:\\\/\\\/cvnoticias.com\\\/nuevapagina\\\/index.php\\\/2026\\\/04\\\/24\\\/ieepco-valida-elecciones-extraordinarias-en-municipios-que-se-rigen-por-sistemas-normativos-indigenas\\\/#article\",\"isPartOf\":{\"@id\":\"https:\\\/\\\/cvnoticias.com\\\/nuevapagina\\\/index.php\\\/2026\\\/04\\\/24\\\/ieepco-valida-elecciones-extraordinarias-en-municipios-que-se-rigen-por-sistemas-normativos-indigenas\\\/\"},\"author\":{\"name\":\"CvNoticias\",\"@id\":\"https:\\\/\\\/cvnoticias.com\\\/nuevapagina\\\/#\\\/schema\\\/person\\\/19e35f246421a31486be7321065f7463\"},\"headline\":\"IEEPCO valida elecciones extraordinarias en municipios que se rigen por Sistemas Normativos Ind\u00edgenas\",\"datePublished\":\"2026-04-24T11:45:31+00:00\",\"dateModified\":\"2026-04-24T11:45:33+00:00\",\"mainEntityOfPage\":{\"@id\":\"https:\\\/\\\/cvnoticias.com\\\/nuevapagina\\\/index.php\\\/2026\\\/04\\\/24\\\/ieepco-valida-elecciones-extraordinarias-en-municipios-que-se-rigen-por-sistemas-normativos-indigenas\\\/\"},\"wordCount\":248,\"commentCount\":0,\"publisher\":{\"@id\":\"https:\\\/\\\/cvnoticias.com\\\/nuevapagina\\\/#organization\"},\"image\":{\"@id\":\"https:\\\/\\\/cvnoticias.com\\\/nuevapagina\\\/index.php\\\/2026\\\/04\\\/24\\\/ieepco-valida-elecciones-extraordinarias-en-municipios-que-se-rigen-por-sistemas-normativos-indigenas\\\/#primaryimage\"},\"thumbnailUrl\":\"https:\\\/\\\/cvnoticias.com\\\/nuevapagina\\\/wp-content\\\/uploads\\\/2026\\\/04\\\/WhatsApp-Image-2026-04-23-at-7.51.02-PM.jpeg\",\"articleSection\":[\"IEEPCO\"],\"inLanguage\":\"es\",\"potentialAction\":[{\"@type\":\"CommentAction\",\"name\":\"Comment\",\"target\":[\"https:\\\/\\\/cvnoticias.com\\\/nuevapagina\\\/index.php\\\/2026\\\/04\\\/24\\\/ieepco-valida-elecciones-extraordinarias-en-municipios-que-se-rigen-por-sistemas-normativos-indigenas\\\/#respond\"]}]},{\"@type\":\"WebPage\",\"@id\":\"https:\\\/\\\/cvnoticias.com\\\/nuevapagina\\\/index.php\\\/2026\\\/04\\\/24\\\/ieepco-valida-elecciones-extraordinarias-en-municipios-que-se-rigen-por-sistemas-normativos-indigenas\\\/\",\"url\":\"https:\\\/\\\/cvnoticias.com\\\/nuevapagina\\\/index.php\\\/2026\\\/04\\\/24\\\/ieepco-valida-elecciones-extraordinarias-en-municipios-que-se-rigen-por-sistemas-normativos-indigenas\\\/\",\"name\":\"IEEPCO valida elecciones extraordinarias en municipios que se rigen por Sistemas Normativos Ind\u00edgenas - CV Noticias\",\"isPartOf\":{\"@id\":\"https:\\\/\\\/cvnoticias.com\\\/nuevapagina\\\/#website\"},\"primaryImageOfPage\":{\"@id\":\"https:\\\/\\\/cvnoticias.com\\\/nuevapagina\\\/index.php\\\/2026\\\/04\\\/24\\\/ieepco-valida-elecciones-extraordinarias-en-municipios-que-se-rigen-por-sistemas-normativos-indigenas\\\/#primaryimage\"},\"image\":{\"@id\":\"https:\\\/\\\/cvnoticias.com\\\/nuevapagina\\\/index.php\\\/2026\\\/04\\\/24\\\/ieepco-valida-elecciones-extraordinarias-en-municipios-que-se-rigen-por-sistemas-normativos-indigenas\\\/#primaryimage\"},\"thumbnailUrl\":\"https:\\\/\\\/cvnoticias.com\\\/nuevapagina\\\/wp-content\\\/uploads\\\/2026\\\/04\\\/WhatsApp-Image-2026-04-23-at-7.51.02-PM.jpeg\",\"datePublished\":\"2026-04-24T11:45:31+00:00\",\"dateModified\":\"2026-04-24T11:45:33+00:00\",\"breadcrumb\":{\"@id\":\"https:\\\/\\\/cvnoticias.com\\\/nuevapagina\\\/index.php\\\/2026\\\/04\\\/24\\\/ieepco-valida-elecciones-extraordinarias-en-municipios-que-se-rigen-por-sistemas-normativos-indigenas\\\/#breadcrumb\"},\"inLanguage\":\"es\",\"potentialAction\":[{\"@type\":\"ReadAction\",\"target\":[\"https:\\\/\\\/cvnoticias.com\\\/nuevapagina\\\/index.php\\\/2026\\\/04\\\/24\\\/ieepco-valida-elecciones-extraordinarias-en-municipios-que-se-rigen-por-sistemas-normativos-indigenas\\\/\"]}]},{\"@type\":\"ImageObject\",\"inLanguage\":\"es\",\"@id\":\"https:\\\/\\\/cvnoticias.com\\\/nuevapagina\\\/index.php\\\/2026\\\/04\\\/24\\\/ieepco-valida-elecciones-extraordinarias-en-municipios-que-se-rigen-por-sistemas-normativos-indigenas\\\/#primaryimage\",\"url\":\"https:\\\/\\\/cvnoticias.com\\\/nuevapagina\\\/wp-content\\\/uploads\\\/2026\\\/04\\\/WhatsApp-Image-2026-04-23-at-7.51.02-PM.jpeg\",\"contentUrl\":\"https:\\\/\\\/cvnoticias.com\\\/nuevapagina\\\/wp-content\\\/uploads\\\/2026\\\/04\\\/WhatsApp-Image-2026-04-23-at-7.51.02-PM.jpeg\",\"width\":1467,\"height\":734},{\"@type\":\"BreadcrumbList\",\"@id\":\"https:\\\/\\\/cvnoticias.com\\\/nuevapagina\\\/index.php\\\/2026\\\/04\\\/24\\\/ieepco-valida-elecciones-extraordinarias-en-municipios-que-se-rigen-por-sistemas-normativos-indigenas\\\/#breadcrumb\",\"itemListElement\":[{\"@type\":\"ListItem\",\"position\":1,\"name\":\"Portada\",\"item\":\"https:\\\/\\\/cvnoticias.com\\\/nuevapagina\\\/\"},{\"@type\":\"ListItem\",\"position\":2,\"name\":\"IEEPCO valida elecciones extraordinarias en municipios que se rigen por Sistemas Normativos Ind\u00edgenas\"}]},{\"@type\":\"WebSite\",\"@id\":\"https:\\\/\\\/cvnoticias.com\\\/nuevapagina\\\/#website\",\"url\":\"https:\\\/\\\/cvnoticias.com\\\/nuevapagina\\\/\",\"name\":\"CV Noticias\",\"description\":\"Noticias de Oaxaca\",\"publisher\":{\"@id\":\"https:\\\/\\\/cvnoticias.com\\\/nuevapagina\\\/#organization\"},\"potentialAction\":[{\"@type\":\"SearchAction\",\"target\":{\"@type\":\"EntryPoint\",\"urlTemplate\":\"https:\\\/\\\/cvnoticias.com\\\/nuevapagina\\\/?s={search_term_string}\"},\"query-input\":{\"@type\":\"PropertyValueSpecification\",\"valueRequired\":true,\"valueName\":\"search_term_string\"}}],\"inLanguage\":\"es\"},{\"@type\":\"Organization\",\"@id\":\"https:\\\/\\\/cvnoticias.com\\\/nuevapagina\\\/#organization\",\"name\":\"CV Noticias\",\"url\":\"https:\\\/\\\/cvnoticias.com\\\/nuevapagina\\\/\",\"logo\":{\"@type\":\"ImageObject\",\"inLanguage\":\"es\",\"@id\":\"https:\\\/\\\/cvnoticias.com\\\/nuevapagina\\\/#\\\/schema\\\/logo\\\/image\\\/\",\"url\":\"https:\\\/\\\/cvnoticias.com\\\/nuevapagina\\\/wp-content\\\/uploads\\\/2025\\\/05\\\/cropped-logo-1.png\",\"contentUrl\":\"https:\\\/\\\/cvnoticias.com\\\/nuevapagina\\\/wp-content\\\/uploads\\\/2025\\\/05\\\/cropped-logo-1.png\",\"width\":320,\"height\":118,\"caption\":\"CV Noticias\"},\"image\":{\"@id\":\"https:\\\/\\\/cvnoticias.com\\\/nuevapagina\\\/#\\\/schema\\\/logo\\\/image\\\/\"}},{\"@type\":\"Person\",\"@id\":\"https:\\\/\\\/cvnoticias.com\\\/nuevapagina\\\/#\\\/schema\\\/person\\\/19e35f246421a31486be7321065f7463\",\"name\":\"CvNoticias\",\"image\":{\"@type\":\"ImageObject\",\"inLanguage\":\"es\",\"@id\":\"https:\\\/\\\/secure.gravatar.com\\\/avatar\\\/c3a4375d38fd8f9b34ac9e853cb706a079817c78f9a39e33b16a2b2b2e51688a?s=96&d=mm&r=g\",\"url\":\"https:\\\/\\\/secure.gravatar.com\\\/avatar\\\/c3a4375d38fd8f9b34ac9e853cb706a079817c78f9a39e33b16a2b2b2e51688a?s=96&d=mm&r=g\",\"contentUrl\":\"https:\\\/\\\/secure.gravatar.com\\\/avatar\\\/c3a4375d38fd8f9b34ac9e853cb706a079817c78f9a39e33b16a2b2b2e51688a?s=96&d=mm&r=g\",\"caption\":\"CvNoticias\"},\"url\":\"https:\\\/\\\/cvnoticias.com\\\/nuevapagina\\\/index.php\\\/author\\\/gesner\\\/\"}]}<\/script>\n<!-- \/ Yoast SEO plugin. -->","yoast_head_json":{"title":"IEEPCO valida elecciones extraordinarias en municipios que se rigen por Sistemas Normativos Ind\u00edgenas - CV Noticias","robots":{"index":"index","follow":"follow","max-snippet":"max-snippet:-1","max-image-preview":"max-image-preview:large","max-video-preview":"max-video-preview:-1"},"canonical":"https:\/\/cvnoticias.com\/nuevapagina\/index.php\/2026\/04\/24\/ieepco-valida-elecciones-extraordinarias-en-municipios-que-se-rigen-por-sistemas-normativos-indigenas\/","og_locale":"es_ES","og_type":"article","og_title":"IEEPCO valida elecciones extraordinarias en municipios que se rigen por Sistemas Normativos Ind\u00edgenas - CV Noticias","og_description":"El Instituto Estatal Electoral y de Participaci\u00f3n Ciudadana de Oaxaca (IEEPCO), en Sesi\u00f3n Extraordinaria Urgente...","og_url":"https:\/\/cvnoticias.com\/nuevapagina\/index.php\/2026\/04\/24\/ieepco-valida-elecciones-extraordinarias-en-municipios-que-se-rigen-por-sistemas-normativos-indigenas\/","og_site_name":"CV Noticias","article_published_time":"2026-04-24T11:45:31+00:00","article_modified_time":"2026-04-24T11:45:33+00:00","og_image":[{"width":1467,"height":734,"url":"https:\/\/cvnoticias.com\/nuevapagina\/wp-content\/uploads\/2026\/04\/WhatsApp-Image-2026-04-23-at-7.51.02-PM.jpeg","type":"image\/jpeg"}],"author":"CvNoticias","twitter_card":"summary_large_image","twitter_misc":{"Escrito por":"CvNoticias","Tiempo de lectura":"2 minutos"},"schema":{"@context":"https:\/\/schema.org","@graph":[{"@type":"Article","@id":"https:\/\/cvnoticias.com\/nuevapagina\/index.php\/2026\/04\/24\/ieepco-valida-elecciones-extraordinarias-en-municipios-que-se-rigen-por-sistemas-normativos-indigenas\/#article","isPartOf":{"@id":"https:\/\/cvnoticias.com\/nuevapagina\/index.php\/2026\/04\/24\/ieepco-valida-elecciones-extraordinarias-en-municipios-que-se-rigen-por-sistemas-normativos-indigenas\/"},"author":{"name":"CvNoticias","@id":"https:\/\/cvnoticias.com\/nuevapagina\/#\/schema\/person\/19e35f246421a31486be7321065f7463"},"headline":"IEEPCO valida elecciones extraordinarias en municipios que se rigen por Sistemas Normativos Ind\u00edgenas","datePublished":"2026-04-24T11:45:31+00:00","dateModified":"2026-04-24T11:45:33+00:00","mainEntityOfPage":{"@id":"https:\/\/cvnoticias.com\/nuevapagina\/index.php\/2026\/04\/24\/ieepco-valida-elecciones-extraordinarias-en-municipios-que-se-rigen-por-sistemas-normativos-indigenas\/"},"wordCount":248,"commentCount":0,"publisher":{"@id":"https:\/\/cvnoticias.com\/nuevapagina\/#organization"},"image":{"@id":"https:\/\/cvnoticias.com\/nuevapagina\/index.php\/2026\/04\/24\/ieepco-valida-elecciones-extraordinarias-en-municipios-que-se-rigen-por-sistemas-normativos-indigenas\/#primaryimage"},"thumbnailUrl":"https:\/\/cvnoticias.com\/nuevapagina\/wp-content\/uploads\/2026\/04\/WhatsApp-Image-2026-04-23-at-7.51.02-PM.jpeg","articleSection":["IEEPCO"],"inLanguage":"es","potentialAction":[{"@type":"CommentAction","name":"Comment","target":["https:\/\/cvnoticias.com\/nuevapagina\/index.php\/2026\/04\/24\/ieepco-valida-elecciones-extraordinarias-en-municipios-que-se-rigen-por-sistemas-normativos-indigenas\/#respond"]}]},{"@type":"WebPage","@id":"https:\/\/cvnoticias.com\/nuevapagina\/index.php\/2026\/04\/24\/ieepco-valida-elecciones-extraordinarias-en-municipios-que-se-rigen-por-sistemas-normativos-indigenas\/","url":"https:\/\/cvnoticias.com\/nuevapagina\/index.php\/2026\/04\/24\/ieepco-valida-elecciones-extraordinarias-en-municipios-que-se-rigen-por-sistemas-normativos-indigenas\/","name":"IEEPCO valida elecciones extraordinarias en municipios que se rigen por Sistemas Normativos Ind\u00edgenas - CV Noticias","isPartOf":{"@id":"https:\/\/cvnoticias.com\/nuevapagina\/#website"},"primaryImageOfPage":{"@id":"https:\/\/cvnoticias.com\/nuevapagina\/index.php\/2026\/04\/24\/ieepco-valida-elecciones-extraordinarias-en-municipios-que-se-rigen-por-sistemas-normativos-indigenas\/#primaryimage"},"image":{"@id":"https:\/\/cvnoticias.com\/nuevapagina\/index.php\/2026\/04\/24\/ieepco-valida-elecciones-extraordinarias-en-municipios-que-se-rigen-por-sistemas-normativos-indigenas\/#primaryimage"},"thumbnailUrl":"https:\/\/cvnoticias.com\/nuevapagina\/wp-content\/uploads\/2026\/04\/WhatsApp-Image-2026-04-23-at-7.51.02-PM.jpeg","datePublished":"2026-04-24T11:45:31+00:00","dateModified":"2026-04-24T11:45:33+00:00","breadcrumb":{"@id":"https:\/\/cvnoticias.com\/nuevapagina\/index.php\/2026\/04\/24\/ieepco-valida-elecciones-extraordinarias-en-municipios-que-se-rigen-por-sistemas-normativos-indigenas\/#breadcrumb"},"inLanguage":"es","potentialAction":[{"@type":"ReadAction","target":["https:\/\/cvnoticias.com\/nuevapagina\/index.php\/2026\/04\/24\/ieepco-valida-elecciones-extraordinarias-en-municipios-que-se-rigen-por-sistemas-normativos-indigenas\/"]}]},{"@type":"ImageObject","inLanguage":"es","@id":"https:\/\/cvnoticias.com\/nuevapagina\/index.php\/2026\/04\/24\/ieepco-valida-elecciones-extraordinarias-en-municipios-que-se-rigen-por-sistemas-normativos-indigenas\/#primaryimage","url":"https:\/\/cvnoticias.com\/nuevapagina\/wp-content\/uploads\/2026\/04\/WhatsApp-Image-2026-04-23-at-7.51.02-PM.jpeg","contentUrl":"https:\/\/cvnoticias.com\/nuevapagina\/wp-content\/uploads\/2026\/04\/WhatsApp-Image-2026-04-23-at-7.51.02-PM.jpeg","width":1467,"height":734},{"@type":"BreadcrumbList","@id":"https:\/\/cvnoticias.com\/nuevapagina\/index.php\/2026\/04\/24\/ieepco-valida-elecciones-extraordinarias-en-municipios-que-se-rigen-por-sistemas-normativos-indigenas\/#breadcrumb","itemListElement":[{"@type":"ListItem","position":1,"name":"Portada","item":"https:\/\/cvnoticias.com\/nuevapagina\/"},{"@type":"ListItem","position":2,"name":"IEEPCO valida elecciones extraordinarias en municipios que se rigen por Sistemas Normativos Ind\u00edgenas"}]},{"@type":"WebSite","@id":"https:\/\/cvnoticias.com\/nuevapagina\/#website","url":"https:\/\/cvnoticias.com\/nuevapagina\/","name":"CV Noticias","description":"Noticias de Oaxaca","publisher":{"@id":"https:\/\/cvnoticias.com\/nuevapagina\/#organization"},"potentialAction":[{"@type":"SearchAction","target":{"@type":"EntryPoint","urlTemplate":"https:\/\/cvnoticias.com\/nuevapagina\/?s={search_term_string}"},"query-input":{"@type":"PropertyValueSpecification","valueRequired":true,"valueName":"search_term_string"}}],"inLanguage":"es"},{"@type":"Organization","@id":"https:\/\/cvnoticias.com\/nuevapagina\/#organization","name":"CV Noticias","url":"https:\/\/cvnoticias.com\/nuevapagina\/","logo":{"@type":"ImageObject","inLanguage":"es","@id":"https:\/\/cvnoticias.com\/nuevapagina\/#\/schema\/logo\/image\/","url":"https:\/\/cvnoticias.com\/nuevapagina\/wp-content\/uploads\/2025\/05\/cropped-logo-1.png","contentUrl":"https:\/\/cvnoticias.com\/nuevapagina\/wp-content\/uploads\/2025\/05\/cropped-logo-1.png","width":320,"height":118,"caption":"CV Noticias"},"image":{"@id":"https:\/\/cvnoticias.com\/nuevapagina\/#\/schema\/logo\/image\/"}},{"@type":"Person","@id":"https:\/\/cvnoticias.com\/nuevapagina\/#\/schema\/person\/19e35f246421a31486be7321065f7463","name":"CvNoticias","image":{"@type":"ImageObject","inLanguage":"es","@id":"https:\/\/secure.gravatar.com\/avatar\/c3a4375d38fd8f9b34ac9e853cb706a079817c78f9a39e33b16a2b2b2e51688a?s=96&d=mm&r=g","url":"https:\/\/secure.gravatar.com\/avatar\/c3a4375d38fd8f9b34ac9e853cb706a079817c78f9a39e33b16a2b2b2e51688a?s=96&d=mm&r=g","contentUrl":"https:\/\/secure.gravatar.com\/avatar\/c3a4375d38fd8f9b34ac9e853cb706a079817c78f9a39e33b16a2b2b2e51688a?s=96&d=mm&r=g","caption":"CvNoticias"},"url":"https:\/\/cvnoticias.com\/nuevapagina\/index.php\/author\/gesner\/"}]}},"_links":{"self":[{"href":"https:\/\/cvnoticias.com\/nuevapagina\/index.php\/wp-json\/wp\/v2\/posts\/7464","targetHints":{"allow":["GET"]}}],"collection":[{"href":"https:\/\/cvnoticias.com\/nuevapagina\/index.php\/wp-json\/wp\/v2\/posts"}],"about":[{"href":"https:\/\/cvnoticias.com\/nuevapagina\/index.php\/wp-json\/wp\/v2\/types\/post"}],"author":[{"embeddable":true,"href":"https:\/\/cvnoticias.com\/nuevapagina\/index.php\/wp-json\/wp\/v2\/users\/2"}],"replies":[{"embeddable":true,"href":"https:\/\/cvnoticias.com\/nuevapagina\/index.php\/wp-json\/wp\/v2\/comments?post=7464"}],"version-history":[{"count":1,"href":"https:\/\/cvnoticias.com\/nuevapagina\/index.php\/wp-json\/wp\/v2\/posts\/7464\/revisions"}],"predecessor-version":[{"id":7465,"href":"https:\/\/cvnoticias.com\/nuevapagina\/index.php\/wp-json\/wp\/v2\/posts\/7464\/revisions\/7465"}],"wp:featuredmedia":[{"embeddable":true,"href":"https:\/\/cvnoticias.com\/nuevapagina\/index.php\/wp-json\/wp\/v2\/media\/7459"}],"wp:attachment":[{"href":"https:\/\/cvnoticias.com\/nuevapagina\/index.php\/wp-json\/wp\/v2\/media?parent=7464"}],"wp:term":[{"taxonomy":"category","embeddable":true,"href":"https:\/\/cvnoticias.com\/nuevapagina\/index.php\/wp-json\/wp\/v2\/categories?post=7464"},{"taxonomy":"post_tag","embeddable":true,"href":"https:\/\/cvnoticias.com\/nuevapagina\/index.php\/wp-json\/wp\/v2\/tags?post=7464"}],"curies":[{"name":"wp","href":"https:\/\/api.w.org\/{rel}","templated":true}]}}