{"id":7455,"date":"2026-04-24T11:38:00","date_gmt":"2026-04-24T11:38:00","guid":{"rendered":"https:\/\/cvnoticias.com\/nuevapagina\/?p=7455"},"modified":"2026-04-24T11:38:01","modified_gmt":"2026-04-24T11:38:01","slug":"realiza-observatorio-de-participacion-politica-de-las-mujeres-su-primera-sesion-ordinaria-2026","status":"publish","type":"post","link":"https:\/\/cvnoticias.com\/nuevapagina\/index.php\/2026\/04\/24\/realiza-observatorio-de-participacion-politica-de-las-mujeres-su-primera-sesion-ordinaria-2026\/","title":{"rendered":"Realiza Observatorio de Participaci\u00f3n Pol\u00edtica de las Mujeres su Primera Sesi\u00f3n Ordinaria 2026"},"content":{"rendered":"\n<p>Este mi\u00e9rcoles se llev\u00f3 a cabo, en la sala de sesiones del Instituto Estatal Electoral y de Participaci\u00f3n Ciudadana de Oaxaca (IEEPCO), la Primera Sesi\u00f3n Ordinaria 2026 del Observatorio de Participaci\u00f3n Pol\u00edtica de las Mujeres en Oaxaca, con la participaci\u00f3n de sus instituciones permanentes.<\/p>\n\n\n\n<p>Este 2026, el Observatorio es presidido por Elizabeth S\u00e1nchez Gonz\u00e1lez, consejera presidenta del IEEPCO; funge como secretario t\u00e9cnico, el fiscal especializado en Delitos Electorales, Iv\u00e1n Garc\u00eda L\u00f3pez, y como vocales, la magistrada presidenta del TEEO, Sandra P\u00e9rez Cruz y la titular de la Secretar\u00eda de las Mujeres, Rogelia Gonz\u00e1lez Luis.<\/p>\n\n\n\n<p>Como primer punto del orden del d\u00eda, se tom\u00f3 protesta a la titular de la Secretar\u00eda de las Mujeres, Rogelia Gonz\u00e1lez Luis, como vocal del Observatorio, fortaleciendo as\u00ed la articulaci\u00f3n institucional en favor de los derechos pol\u00edticos de las mujeres.<\/p>\n\n\n\n<p>Durante su mensaje de bienvenida, Elizabeth S\u00e1nchez Gonz\u00e1lez destac\u00f3 que Oaxaca se encuentra a meses de iniciar un nuevo proceso electoral, en el que se elegir\u00e1n diputaciones locales y autoridades en 152 municipios que se rigen por partidos pol\u00edticos. En este contexto, subray\u00f3 la importancia de garantizar que las mujeres cuenten con instituciones comprometidas con la protecci\u00f3n y promoci\u00f3n de sus derechos pol\u00edtico-electorales.<\/p>\n\n\n\n<p>\u201cLa participaci\u00f3n pol\u00edtica de las mujeres de manera paritaria y en contextos libres de violencia debe dejar de ser un anhelo para convertirse en una realidad palpable en nuestra entidad; \u00e9sa es nuestra obligaci\u00f3n como instituciones p\u00fablicas. Solo cuando las mujeres ejerzan su liderazgo sin miedo y en igualdad de condiciones, podremos decir que nuestra democracia est\u00e1 completa\u201d, enfatiz\u00f3.<\/p>\n\n\n\n<p>En la sesi\u00f3n se presentaron los informes de actividades por parte de la Secretar\u00eda de las Mujeres, el Tribunal Electoral del Estado de Oaxaca, la Fiscal\u00eda Especializada en Delitos Electorales y el Instituto Estatal Electoral y de Participaci\u00f3n Ciudadana de Oaxaca.<\/p>\n\n\n\n<p>Asimismo, se llev\u00f3 a cabo la presentaci\u00f3n y aprobaci\u00f3n del Plan Anual de Trabajo 2026, as\u00ed como la aprobaci\u00f3n de los Lineamientos para la organizaci\u00f3n y funcionamiento del Observatorio de Participaci\u00f3n Pol\u00edtica de las Mujeres en Oaxaca, los cuales sustituyen al reglamento anterior. Esta propuesta fue elaborada de manera conjunta por el IEEPCO y la Fiscal\u00eda Especializada en Delitos Electorales, con el objetivo de fortalecer la coordinaci\u00f3n interinstitucional y hacer m\u00e1s eficiente la labor del Observatorio.<\/p>\n\n\n\n<p>En este sentido, se destac\u00f3 que esta nueva visi\u00f3n permitir\u00e1 establecer con mayor claridad las funciones de cada instituci\u00f3n integrante, as\u00ed como reforzar el compromiso com\u00fan de impulsar una mayor participaci\u00f3n pol\u00edtica de las mujeres y garantizar el ejercicio libre de los cargos para los que han sido electas.<\/p>\n\n\n\n<p>A la sesi\u00f3n tambi\u00e9n asistieron por parte del IEEPCO: la consejera electoral, Zaira Alhel\u00ed Hip\u00f3lito L\u00f3pez y el secretario ejecutivo, Graciano Alejandro Prats Rojas; adem\u00e1s, la fiscal Especializada de Atenci\u00f3n a Delitos contra la Mujer por Raz\u00f3n de G\u00e9nero, Margarita Guzm\u00e1n Corsi; e integrantes de la sociedad civil: Guadalupe Peralta, en representaci\u00f3n del Observatorio Estatal de Ciudadanas para la Participaci\u00f3n Pol\u00edtica de las Mujeres Ind\u00edgenas y Afromexicanas (MUJINAF); y Julia Ram\u00edrez Pacheco, integrante de A\u00daNA.<\/p>\n","protected":false},"excerpt":{"rendered":"<p>Este mi\u00e9rcoles se llev\u00f3 a cabo, en la sala de sesiones del Instituto Estatal Electoral&#8230;<\/p>\n","protected":false},"author":2,"featured_media":7461,"comment_status":"open","ping_status":"closed","sticky":false,"template":"","format":"standard","meta":{"footnotes":""},"categories":[8],"tags":[],"class_list":["post-7455","post","type-post","status-publish","format-standard","has-post-thumbnail","hentry","category-ieepco"],"yoast_head":"<!-- This site is optimized with the Yoast SEO plugin v27.5 - https:\/\/yoast.com\/product\/yoast-seo-wordpress\/ -->\n<title>Realiza Observatorio de Participaci\u00f3n Pol\u00edtica de las Mujeres su Primera Sesi\u00f3n Ordinaria 2026 - CV Noticias<\/title>\n<meta name=\"robots\" content=\"index, follow, max-snippet:-1, max-image-preview:large, max-video-preview:-1\" \/>\n<link rel=\"canonical\" href=\"https:\/\/cvnoticias.com\/nuevapagina\/index.php\/2026\/04\/24\/realiza-observatorio-de-participacion-politica-de-las-mujeres-su-primera-sesion-ordinaria-2026\/\" \/>\n<meta property=\"og:locale\" content=\"es_ES\" \/>\n<meta property=\"og:type\" content=\"article\" \/>\n<meta property=\"og:title\" content=\"Realiza Observatorio de Participaci\u00f3n Pol\u00edtica de las Mujeres su Primera Sesi\u00f3n Ordinaria 2026 - CV Noticias\" \/>\n<meta property=\"og:description\" content=\"Este mi\u00e9rcoles se llev\u00f3 a cabo, en la sala de sesiones del Instituto Estatal Electoral...\" \/>\n<meta property=\"og:url\" content=\"https:\/\/cvnoticias.com\/nuevapagina\/index.php\/2026\/04\/24\/realiza-observatorio-de-participacion-politica-de-las-mujeres-su-primera-sesion-ordinaria-2026\/\" \/>\n<meta property=\"og:site_name\" content=\"CV Noticias\" \/>\n<meta property=\"article:published_time\" content=\"2026-04-24T11:38:00+00:00\" \/>\n<meta property=\"article:modified_time\" content=\"2026-04-24T11:38:01+00:00\" \/>\n<meta property=\"og:image\" content=\"https:\/\/cvnoticias.com\/nuevapagina\/wp-content\/uploads\/2026\/04\/WhatsApp-Image-2026-04-23-at-7.49.17-PM.jpeg\" \/>\n\t<meta property=\"og:image:width\" content=\"1600\" \/>\n\t<meta property=\"og:image:height\" content=\"898\" \/>\n\t<meta property=\"og:image:type\" content=\"image\/jpeg\" \/>\n<meta name=\"author\" content=\"CvNoticias\" \/>\n<meta name=\"twitter:card\" content=\"summary_large_image\" \/>\n<meta name=\"twitter:label1\" content=\"Escrito por\" \/>\n\t<meta name=\"twitter:data1\" content=\"CvNoticias\" \/>\n\t<meta name=\"twitter:label2\" content=\"Tiempo de lectura\" \/>\n\t<meta name=\"twitter:data2\" content=\"3 minutos\" \/>\n<script type=\"application\/ld+json\" class=\"yoast-schema-graph\">{\"@context\":\"https:\\\/\\\/schema.org\",\"@graph\":[{\"@type\":\"Article\",\"@id\":\"https:\\\/\\\/cvnoticias.com\\\/nuevapagina\\\/index.php\\\/2026\\\/04\\\/24\\\/realiza-observatorio-de-participacion-politica-de-las-mujeres-su-primera-sesion-ordinaria-2026\\\/#article\",\"isPartOf\":{\"@id\":\"https:\\\/\\\/cvnoticias.com\\\/nuevapagina\\\/index.php\\\/2026\\\/04\\\/24\\\/realiza-observatorio-de-participacion-politica-de-las-mujeres-su-primera-sesion-ordinaria-2026\\\/\"},\"author\":{\"name\":\"CvNoticias\",\"@id\":\"https:\\\/\\\/cvnoticias.com\\\/nuevapagina\\\/#\\\/schema\\\/person\\\/19e35f246421a31486be7321065f7463\"},\"headline\":\"Realiza Observatorio de Participaci\u00f3n Pol\u00edtica de las Mujeres su Primera Sesi\u00f3n Ordinaria 2026\",\"datePublished\":\"2026-04-24T11:38:00+00:00\",\"dateModified\":\"2026-04-24T11:38:01+00:00\",\"mainEntityOfPage\":{\"@id\":\"https:\\\/\\\/cvnoticias.com\\\/nuevapagina\\\/index.php\\\/2026\\\/04\\\/24\\\/realiza-observatorio-de-participacion-politica-de-las-mujeres-su-primera-sesion-ordinaria-2026\\\/\"},\"wordCount\":572,\"commentCount\":0,\"publisher\":{\"@id\":\"https:\\\/\\\/cvnoticias.com\\\/nuevapagina\\\/#organization\"},\"image\":{\"@id\":\"https:\\\/\\\/cvnoticias.com\\\/nuevapagina\\\/index.php\\\/2026\\\/04\\\/24\\\/realiza-observatorio-de-participacion-politica-de-las-mujeres-su-primera-sesion-ordinaria-2026\\\/#primaryimage\"},\"thumbnailUrl\":\"https:\\\/\\\/cvnoticias.com\\\/nuevapagina\\\/wp-content\\\/uploads\\\/2026\\\/04\\\/WhatsApp-Image-2026-04-23-at-7.49.17-PM.jpeg\",\"articleSection\":[\"IEEPCO\"],\"inLanguage\":\"es\",\"potentialAction\":[{\"@type\":\"CommentAction\",\"name\":\"Comment\",\"target\":[\"https:\\\/\\\/cvnoticias.com\\\/nuevapagina\\\/index.php\\\/2026\\\/04\\\/24\\\/realiza-observatorio-de-participacion-politica-de-las-mujeres-su-primera-sesion-ordinaria-2026\\\/#respond\"]}]},{\"@type\":\"WebPage\",\"@id\":\"https:\\\/\\\/cvnoticias.com\\\/nuevapagina\\\/index.php\\\/2026\\\/04\\\/24\\\/realiza-observatorio-de-participacion-politica-de-las-mujeres-su-primera-sesion-ordinaria-2026\\\/\",\"url\":\"https:\\\/\\\/cvnoticias.com\\\/nuevapagina\\\/index.php\\\/2026\\\/04\\\/24\\\/realiza-observatorio-de-participacion-politica-de-las-mujeres-su-primera-sesion-ordinaria-2026\\\/\",\"name\":\"Realiza Observatorio de Participaci\u00f3n Pol\u00edtica de las Mujeres su Primera Sesi\u00f3n Ordinaria 2026 - CV Noticias\",\"isPartOf\":{\"@id\":\"https:\\\/\\\/cvnoticias.com\\\/nuevapagina\\\/#website\"},\"primaryImageOfPage\":{\"@id\":\"https:\\\/\\\/cvnoticias.com\\\/nuevapagina\\\/index.php\\\/2026\\\/04\\\/24\\\/realiza-observatorio-de-participacion-politica-de-las-mujeres-su-primera-sesion-ordinaria-2026\\\/#primaryimage\"},\"image\":{\"@id\":\"https:\\\/\\\/cvnoticias.com\\\/nuevapagina\\\/index.php\\\/2026\\\/04\\\/24\\\/realiza-observatorio-de-participacion-politica-de-las-mujeres-su-primera-sesion-ordinaria-2026\\\/#primaryimage\"},\"thumbnailUrl\":\"https:\\\/\\\/cvnoticias.com\\\/nuevapagina\\\/wp-content\\\/uploads\\\/2026\\\/04\\\/WhatsApp-Image-2026-04-23-at-7.49.17-PM.jpeg\",\"datePublished\":\"2026-04-24T11:38:00+00:00\",\"dateModified\":\"2026-04-24T11:38:01+00:00\",\"breadcrumb\":{\"@id\":\"https:\\\/\\\/cvnoticias.com\\\/nuevapagina\\\/index.php\\\/2026\\\/04\\\/24\\\/realiza-observatorio-de-participacion-politica-de-las-mujeres-su-primera-sesion-ordinaria-2026\\\/#breadcrumb\"},\"inLanguage\":\"es\",\"potentialAction\":[{\"@type\":\"ReadAction\",\"target\":[\"https:\\\/\\\/cvnoticias.com\\\/nuevapagina\\\/index.php\\\/2026\\\/04\\\/24\\\/realiza-observatorio-de-participacion-politica-de-las-mujeres-su-primera-sesion-ordinaria-2026\\\/\"]}]},{\"@type\":\"ImageObject\",\"inLanguage\":\"es\",\"@id\":\"https:\\\/\\\/cvnoticias.com\\\/nuevapagina\\\/index.php\\\/2026\\\/04\\\/24\\\/realiza-observatorio-de-participacion-politica-de-las-mujeres-su-primera-sesion-ordinaria-2026\\\/#primaryimage\",\"url\":\"https:\\\/\\\/cvnoticias.com\\\/nuevapagina\\\/wp-content\\\/uploads\\\/2026\\\/04\\\/WhatsApp-Image-2026-04-23-at-7.49.17-PM.jpeg\",\"contentUrl\":\"https:\\\/\\\/cvnoticias.com\\\/nuevapagina\\\/wp-content\\\/uploads\\\/2026\\\/04\\\/WhatsApp-Image-2026-04-23-at-7.49.17-PM.jpeg\",\"width\":1600,\"height\":898},{\"@type\":\"BreadcrumbList\",\"@id\":\"https:\\\/\\\/cvnoticias.com\\\/nuevapagina\\\/index.php\\\/2026\\\/04\\\/24\\\/realiza-observatorio-de-participacion-politica-de-las-mujeres-su-primera-sesion-ordinaria-2026\\\/#breadcrumb\",\"itemListElement\":[{\"@type\":\"ListItem\",\"position\":1,\"name\":\"Portada\",\"item\":\"https:\\\/\\\/cvnoticias.com\\\/nuevapagina\\\/\"},{\"@type\":\"ListItem\",\"position\":2,\"name\":\"Realiza Observatorio de Participaci\u00f3n Pol\u00edtica de las Mujeres su Primera Sesi\u00f3n Ordinaria 2026\"}]},{\"@type\":\"WebSite\",\"@id\":\"https:\\\/\\\/cvnoticias.com\\\/nuevapagina\\\/#website\",\"url\":\"https:\\\/\\\/cvnoticias.com\\\/nuevapagina\\\/\",\"name\":\"CV Noticias\",\"description\":\"Noticias de Oaxaca\",\"publisher\":{\"@id\":\"https:\\\/\\\/cvnoticias.com\\\/nuevapagina\\\/#organization\"},\"potentialAction\":[{\"@type\":\"SearchAction\",\"target\":{\"@type\":\"EntryPoint\",\"urlTemplate\":\"https:\\\/\\\/cvnoticias.com\\\/nuevapagina\\\/?s={search_term_string}\"},\"query-input\":{\"@type\":\"PropertyValueSpecification\",\"valueRequired\":true,\"valueName\":\"search_term_string\"}}],\"inLanguage\":\"es\"},{\"@type\":\"Organization\",\"@id\":\"https:\\\/\\\/cvnoticias.com\\\/nuevapagina\\\/#organization\",\"name\":\"CV Noticias\",\"url\":\"https:\\\/\\\/cvnoticias.com\\\/nuevapagina\\\/\",\"logo\":{\"@type\":\"ImageObject\",\"inLanguage\":\"es\",\"@id\":\"https:\\\/\\\/cvnoticias.com\\\/nuevapagina\\\/#\\\/schema\\\/logo\\\/image\\\/\",\"url\":\"https:\\\/\\\/cvnoticias.com\\\/nuevapagina\\\/wp-content\\\/uploads\\\/2025\\\/05\\\/cropped-logo-1.png\",\"contentUrl\":\"https:\\\/\\\/cvnoticias.com\\\/nuevapagina\\\/wp-content\\\/uploads\\\/2025\\\/05\\\/cropped-logo-1.png\",\"width\":320,\"height\":118,\"caption\":\"CV Noticias\"},\"image\":{\"@id\":\"https:\\\/\\\/cvnoticias.com\\\/nuevapagina\\\/#\\\/schema\\\/logo\\\/image\\\/\"}},{\"@type\":\"Person\",\"@id\":\"https:\\\/\\\/cvnoticias.com\\\/nuevapagina\\\/#\\\/schema\\\/person\\\/19e35f246421a31486be7321065f7463\",\"name\":\"CvNoticias\",\"image\":{\"@type\":\"ImageObject\",\"inLanguage\":\"es\",\"@id\":\"https:\\\/\\\/secure.gravatar.com\\\/avatar\\\/c3a4375d38fd8f9b34ac9e853cb706a079817c78f9a39e33b16a2b2b2e51688a?s=96&d=mm&r=g\",\"url\":\"https:\\\/\\\/secure.gravatar.com\\\/avatar\\\/c3a4375d38fd8f9b34ac9e853cb706a079817c78f9a39e33b16a2b2b2e51688a?s=96&d=mm&r=g\",\"contentUrl\":\"https:\\\/\\\/secure.gravatar.com\\\/avatar\\\/c3a4375d38fd8f9b34ac9e853cb706a079817c78f9a39e33b16a2b2b2e51688a?s=96&d=mm&r=g\",\"caption\":\"CvNoticias\"},\"url\":\"https:\\\/\\\/cvnoticias.com\\\/nuevapagina\\\/index.php\\\/author\\\/gesner\\\/\"}]}<\/script>\n<!-- \/ Yoast SEO plugin. -->","yoast_head_json":{"title":"Realiza Observatorio de Participaci\u00f3n Pol\u00edtica de las Mujeres su Primera Sesi\u00f3n Ordinaria 2026 - CV Noticias","robots":{"index":"index","follow":"follow","max-snippet":"max-snippet:-1","max-image-preview":"max-image-preview:large","max-video-preview":"max-video-preview:-1"},"canonical":"https:\/\/cvnoticias.com\/nuevapagina\/index.php\/2026\/04\/24\/realiza-observatorio-de-participacion-politica-de-las-mujeres-su-primera-sesion-ordinaria-2026\/","og_locale":"es_ES","og_type":"article","og_title":"Realiza Observatorio de Participaci\u00f3n Pol\u00edtica de las Mujeres su Primera Sesi\u00f3n Ordinaria 2026 - CV Noticias","og_description":"Este mi\u00e9rcoles se llev\u00f3 a cabo, en la sala de sesiones del Instituto Estatal Electoral...","og_url":"https:\/\/cvnoticias.com\/nuevapagina\/index.php\/2026\/04\/24\/realiza-observatorio-de-participacion-politica-de-las-mujeres-su-primera-sesion-ordinaria-2026\/","og_site_name":"CV Noticias","article_published_time":"2026-04-24T11:38:00+00:00","article_modified_time":"2026-04-24T11:38:01+00:00","og_image":[{"width":1600,"height":898,"url":"https:\/\/cvnoticias.com\/nuevapagina\/wp-content\/uploads\/2026\/04\/WhatsApp-Image-2026-04-23-at-7.49.17-PM.jpeg","type":"image\/jpeg"}],"author":"CvNoticias","twitter_card":"summary_large_image","twitter_misc":{"Escrito por":"CvNoticias","Tiempo de lectura":"3 minutos"},"schema":{"@context":"https:\/\/schema.org","@graph":[{"@type":"Article","@id":"https:\/\/cvnoticias.com\/nuevapagina\/index.php\/2026\/04\/24\/realiza-observatorio-de-participacion-politica-de-las-mujeres-su-primera-sesion-ordinaria-2026\/#article","isPartOf":{"@id":"https:\/\/cvnoticias.com\/nuevapagina\/index.php\/2026\/04\/24\/realiza-observatorio-de-participacion-politica-de-las-mujeres-su-primera-sesion-ordinaria-2026\/"},"author":{"name":"CvNoticias","@id":"https:\/\/cvnoticias.com\/nuevapagina\/#\/schema\/person\/19e35f246421a31486be7321065f7463"},"headline":"Realiza Observatorio de Participaci\u00f3n Pol\u00edtica de las Mujeres su Primera Sesi\u00f3n Ordinaria 2026","datePublished":"2026-04-24T11:38:00+00:00","dateModified":"2026-04-24T11:38:01+00:00","mainEntityOfPage":{"@id":"https:\/\/cvnoticias.com\/nuevapagina\/index.php\/2026\/04\/24\/realiza-observatorio-de-participacion-politica-de-las-mujeres-su-primera-sesion-ordinaria-2026\/"},"wordCount":572,"commentCount":0,"publisher":{"@id":"https:\/\/cvnoticias.com\/nuevapagina\/#organization"},"image":{"@id":"https:\/\/cvnoticias.com\/nuevapagina\/index.php\/2026\/04\/24\/realiza-observatorio-de-participacion-politica-de-las-mujeres-su-primera-sesion-ordinaria-2026\/#primaryimage"},"thumbnailUrl":"https:\/\/cvnoticias.com\/nuevapagina\/wp-content\/uploads\/2026\/04\/WhatsApp-Image-2026-04-23-at-7.49.17-PM.jpeg","articleSection":["IEEPCO"],"inLanguage":"es","potentialAction":[{"@type":"CommentAction","name":"Comment","target":["https:\/\/cvnoticias.com\/nuevapagina\/index.php\/2026\/04\/24\/realiza-observatorio-de-participacion-politica-de-las-mujeres-su-primera-sesion-ordinaria-2026\/#respond"]}]},{"@type":"WebPage","@id":"https:\/\/cvnoticias.com\/nuevapagina\/index.php\/2026\/04\/24\/realiza-observatorio-de-participacion-politica-de-las-mujeres-su-primera-sesion-ordinaria-2026\/","url":"https:\/\/cvnoticias.com\/nuevapagina\/index.php\/2026\/04\/24\/realiza-observatorio-de-participacion-politica-de-las-mujeres-su-primera-sesion-ordinaria-2026\/","name":"Realiza Observatorio de Participaci\u00f3n Pol\u00edtica de las Mujeres su Primera Sesi\u00f3n Ordinaria 2026 - CV Noticias","isPartOf":{"@id":"https:\/\/cvnoticias.com\/nuevapagina\/#website"},"primaryImageOfPage":{"@id":"https:\/\/cvnoticias.com\/nuevapagina\/index.php\/2026\/04\/24\/realiza-observatorio-de-participacion-politica-de-las-mujeres-su-primera-sesion-ordinaria-2026\/#primaryimage"},"image":{"@id":"https:\/\/cvnoticias.com\/nuevapagina\/index.php\/2026\/04\/24\/realiza-observatorio-de-participacion-politica-de-las-mujeres-su-primera-sesion-ordinaria-2026\/#primaryimage"},"thumbnailUrl":"https:\/\/cvnoticias.com\/nuevapagina\/wp-content\/uploads\/2026\/04\/WhatsApp-Image-2026-04-23-at-7.49.17-PM.jpeg","datePublished":"2026-04-24T11:38:00+00:00","dateModified":"2026-04-24T11:38:01+00:00","breadcrumb":{"@id":"https:\/\/cvnoticias.com\/nuevapagina\/index.php\/2026\/04\/24\/realiza-observatorio-de-participacion-politica-de-las-mujeres-su-primera-sesion-ordinaria-2026\/#breadcrumb"},"inLanguage":"es","potentialAction":[{"@type":"ReadAction","target":["https:\/\/cvnoticias.com\/nuevapagina\/index.php\/2026\/04\/24\/realiza-observatorio-de-participacion-politica-de-las-mujeres-su-primera-sesion-ordinaria-2026\/"]}]},{"@type":"ImageObject","inLanguage":"es","@id":"https:\/\/cvnoticias.com\/nuevapagina\/index.php\/2026\/04\/24\/realiza-observatorio-de-participacion-politica-de-las-mujeres-su-primera-sesion-ordinaria-2026\/#primaryimage","url":"https:\/\/cvnoticias.com\/nuevapagina\/wp-content\/uploads\/2026\/04\/WhatsApp-Image-2026-04-23-at-7.49.17-PM.jpeg","contentUrl":"https:\/\/cvnoticias.com\/nuevapagina\/wp-content\/uploads\/2026\/04\/WhatsApp-Image-2026-04-23-at-7.49.17-PM.jpeg","width":1600,"height":898},{"@type":"BreadcrumbList","@id":"https:\/\/cvnoticias.com\/nuevapagina\/index.php\/2026\/04\/24\/realiza-observatorio-de-participacion-politica-de-las-mujeres-su-primera-sesion-ordinaria-2026\/#breadcrumb","itemListElement":[{"@type":"ListItem","position":1,"name":"Portada","item":"https:\/\/cvnoticias.com\/nuevapagina\/"},{"@type":"ListItem","position":2,"name":"Realiza Observatorio de Participaci\u00f3n Pol\u00edtica de las Mujeres su Primera Sesi\u00f3n Ordinaria 2026"}]},{"@type":"WebSite","@id":"https:\/\/cvnoticias.com\/nuevapagina\/#website","url":"https:\/\/cvnoticias.com\/nuevapagina\/","name":"CV Noticias","description":"Noticias de Oaxaca","publisher":{"@id":"https:\/\/cvnoticias.com\/nuevapagina\/#organization"},"potentialAction":[{"@type":"SearchAction","target":{"@type":"EntryPoint","urlTemplate":"https:\/\/cvnoticias.com\/nuevapagina\/?s={search_term_string}"},"query-input":{"@type":"PropertyValueSpecification","valueRequired":true,"valueName":"search_term_string"}}],"inLanguage":"es"},{"@type":"Organization","@id":"https:\/\/cvnoticias.com\/nuevapagina\/#organization","name":"CV Noticias","url":"https:\/\/cvnoticias.com\/nuevapagina\/","logo":{"@type":"ImageObject","inLanguage":"es","@id":"https:\/\/cvnoticias.com\/nuevapagina\/#\/schema\/logo\/image\/","url":"https:\/\/cvnoticias.com\/nuevapagina\/wp-content\/uploads\/2025\/05\/cropped-logo-1.png","contentUrl":"https:\/\/cvnoticias.com\/nuevapagina\/wp-content\/uploads\/2025\/05\/cropped-logo-1.png","width":320,"height":118,"caption":"CV Noticias"},"image":{"@id":"https:\/\/cvnoticias.com\/nuevapagina\/#\/schema\/logo\/image\/"}},{"@type":"Person","@id":"https:\/\/cvnoticias.com\/nuevapagina\/#\/schema\/person\/19e35f246421a31486be7321065f7463","name":"CvNoticias","image":{"@type":"ImageObject","inLanguage":"es","@id":"https:\/\/secure.gravatar.com\/avatar\/c3a4375d38fd8f9b34ac9e853cb706a079817c78f9a39e33b16a2b2b2e51688a?s=96&d=mm&r=g","url":"https:\/\/secure.gravatar.com\/avatar\/c3a4375d38fd8f9b34ac9e853cb706a079817c78f9a39e33b16a2b2b2e51688a?s=96&d=mm&r=g","contentUrl":"https:\/\/secure.gravatar.com\/avatar\/c3a4375d38fd8f9b34ac9e853cb706a079817c78f9a39e33b16a2b2b2e51688a?s=96&d=mm&r=g","caption":"CvNoticias"},"url":"https:\/\/cvnoticias.com\/nuevapagina\/index.php\/author\/gesner\/"}]}},"_links":{"self":[{"href":"https:\/\/cvnoticias.com\/nuevapagina\/index.php\/wp-json\/wp\/v2\/posts\/7455","targetHints":{"allow":["GET"]}}],"collection":[{"href":"https:\/\/cvnoticias.com\/nuevapagina\/index.php\/wp-json\/wp\/v2\/posts"}],"about":[{"href":"https:\/\/cvnoticias.com\/nuevapagina\/index.php\/wp-json\/wp\/v2\/types\/post"}],"author":[{"embeddable":true,"href":"https:\/\/cvnoticias.com\/nuevapagina\/index.php\/wp-json\/wp\/v2\/users\/2"}],"replies":[{"embeddable":true,"href":"https:\/\/cvnoticias.com\/nuevapagina\/index.php\/wp-json\/wp\/v2\/comments?post=7455"}],"version-history":[{"count":1,"href":"https:\/\/cvnoticias.com\/nuevapagina\/index.php\/wp-json\/wp\/v2\/posts\/7455\/revisions"}],"predecessor-version":[{"id":7463,"href":"https:\/\/cvnoticias.com\/nuevapagina\/index.php\/wp-json\/wp\/v2\/posts\/7455\/revisions\/7463"}],"wp:featuredmedia":[{"embeddable":true,"href":"https:\/\/cvnoticias.com\/nuevapagina\/index.php\/wp-json\/wp\/v2\/media\/7461"}],"wp:attachment":[{"href":"https:\/\/cvnoticias.com\/nuevapagina\/index.php\/wp-json\/wp\/v2\/media?parent=7455"}],"wp:term":[{"taxonomy":"category","embeddable":true,"href":"https:\/\/cvnoticias.com\/nuevapagina\/index.php\/wp-json\/wp\/v2\/categories?post=7455"},{"taxonomy":"post_tag","embeddable":true,"href":"https:\/\/cvnoticias.com\/nuevapagina\/index.php\/wp-json\/wp\/v2\/tags?post=7455"}],"curies":[{"name":"wp","href":"https:\/\/api.w.org\/{rel}","templated":true}]}}