{"id":7452,"date":"2026-04-24T02:41:00","date_gmt":"2026-04-24T02:41:00","guid":{"rendered":"https:\/\/cvnoticias.com\/nuevapagina\/?p=7452"},"modified":"2026-04-24T02:41:02","modified_gmt":"2026-04-24T02:41:02","slug":"exhorta-ieepo-a-paaes-encausar-demandas-en-pliego-general-de-seccion-xxii","status":"publish","type":"post","link":"https:\/\/cvnoticias.com\/nuevapagina\/index.php\/2026\/04\/24\/exhorta-ieepo-a-paaes-encausar-demandas-en-pliego-general-de-seccion-xxii\/","title":{"rendered":"Exhorta IEEPO a PAAES encausar demandas en pliego general de Secci\u00f3n XXII"},"content":{"rendered":"\n<p>El director general del Instituto Estatal de Educaci\u00f3n P\u00fablica de Oaxaca (IEEPO), Emilio Montero P\u00e9rez, llam\u00f3 a la delegaci\u00f3n D-III-4, encausar sus demandas en el pliego general de la Secci\u00f3n 22 del magisterio de Oaxaca, que entregar\u00e1n este 1 de mayo y evitar seguir afectando a la poblaci\u00f3n con los bloqueos que realizan en la capital del estado.<\/p>\n\n\n\n<p>\u201cMuchos de los planteamientos, si es que no todos, tienen que ver en el pliego estatal, qu\u00e9 quiere decir, no podemos tener interpliegos o tener cada mes o durante el periodo pliegos petitorios, eso es imposible de atender y sus demandas hasta donde he tenido conocimiento, es precisamente a trav\u00e9s del pliego estatal que se construye cada a\u00f1o\u201d.<\/p>\n\n\n\n<p>En entrevista, el titular del IEEPO se\u00f1al\u00f3 que desconoce por qu\u00e9 la delegaci\u00f3n sindical no ha querido respetar la estructura sindical para la atenci\u00f3n de sus demandas, por lo que, dijo, no se trata de cerraz\u00f3n, ni soberbia por parte del instituto, sino acatando el acuerdo central para que sea a trav\u00e9s de la dirigencia sindical como se de la atenci\u00f3n.<\/p>\n\n\n\n<p>\u201cHay un acuerdo central, un acuerdo p\u00fablico, que toda interlocuci\u00f3n que se pueda tener con los niveles educativos, con las delegaciones, es v\u00eda estructura y ellos lo saben perfectamente bien\u201d.<\/p>\n\n\n\n<p>Montero P\u00e9rez, precis\u00f3 que la semana pasada sostuvo un di\u00e1logo con la delegaci\u00f3n sindical, donde hubo avances, sin embargo, los trabajadores de la educaci\u00f3n decidieron levantarse de la mesa, debido a que ped\u00edan la salida de 18 funcionarios del instituto, decisi\u00f3n que solo corresponde al titular del Ejecutivo estatal o al director del IEEPO.<\/p>\n\n\n\n<p>Indic\u00f3 que como autoridades, valoran empezar a aplicar sanciones debido a que los integrantes de la delegaci\u00f3n sindical abandonaron sus puestos laborales.<\/p>\n","protected":false},"excerpt":{"rendered":"<p>El director general del Instituto Estatal de Educaci\u00f3n P\u00fablica de Oaxaca (IEEPO), Emilio Montero P\u00e9rez,&#8230;<\/p>\n","protected":false},"author":2,"featured_media":7453,"comment_status":"open","ping_status":"closed","sticky":false,"template":"","format":"standard","meta":{"footnotes":""},"categories":[2],"tags":[],"class_list":["post-7452","post","type-post","status-publish","format-standard","has-post-thumbnail","hentry","category-noticiasestatales"],"yoast_head":"<!-- This site is optimized with the Yoast SEO plugin v27.5 - https:\/\/yoast.com\/product\/yoast-seo-wordpress\/ -->\n<title>Exhorta IEEPO a PAAES encausar demandas en pliego general de Secci\u00f3n XXII - CV Noticias<\/title>\n<meta name=\"robots\" content=\"index, follow, max-snippet:-1, max-image-preview:large, max-video-preview:-1\" \/>\n<link rel=\"canonical\" href=\"https:\/\/cvnoticias.com\/nuevapagina\/index.php\/2026\/04\/24\/exhorta-ieepo-a-paaes-encausar-demandas-en-pliego-general-de-seccion-xxii\/\" \/>\n<meta property=\"og:locale\" content=\"es_ES\" \/>\n<meta property=\"og:type\" content=\"article\" \/>\n<meta property=\"og:title\" content=\"Exhorta IEEPO a PAAES encausar demandas en pliego general de Secci\u00f3n XXII - CV Noticias\" \/>\n<meta property=\"og:description\" content=\"El director general del Instituto Estatal de Educaci\u00f3n P\u00fablica de Oaxaca (IEEPO), Emilio Montero P\u00e9rez,...\" \/>\n<meta property=\"og:url\" content=\"https:\/\/cvnoticias.com\/nuevapagina\/index.php\/2026\/04\/24\/exhorta-ieepo-a-paaes-encausar-demandas-en-pliego-general-de-seccion-xxii\/\" \/>\n<meta property=\"og:site_name\" content=\"CV Noticias\" \/>\n<meta property=\"article:published_time\" content=\"2026-04-24T02:41:00+00:00\" \/>\n<meta property=\"article:modified_time\" content=\"2026-04-24T02:41:02+00:00\" \/>\n<meta property=\"og:image\" content=\"https:\/\/cvnoticias.com\/nuevapagina\/wp-content\/uploads\/2026\/04\/93f3d43c-5707-4ab0-99f7-4fff1b608e78.jpeg\" \/>\n\t<meta property=\"og:image:width\" content=\"1600\" \/>\n\t<meta property=\"og:image:height\" content=\"1071\" \/>\n\t<meta property=\"og:image:type\" content=\"image\/jpeg\" \/>\n<meta name=\"author\" content=\"CvNoticias\" \/>\n<meta name=\"twitter:card\" content=\"summary_large_image\" \/>\n<meta name=\"twitter:label1\" content=\"Escrito por\" \/>\n\t<meta name=\"twitter:data1\" content=\"CvNoticias\" \/>\n\t<meta name=\"twitter:label2\" content=\"Tiempo de lectura\" \/>\n\t<meta name=\"twitter:data2\" content=\"2 minutos\" \/>\n<script type=\"application\/ld+json\" class=\"yoast-schema-graph\">{\"@context\":\"https:\\\/\\\/schema.org\",\"@graph\":[{\"@type\":\"Article\",\"@id\":\"https:\\\/\\\/cvnoticias.com\\\/nuevapagina\\\/index.php\\\/2026\\\/04\\\/24\\\/exhorta-ieepo-a-paaes-encausar-demandas-en-pliego-general-de-seccion-xxii\\\/#article\",\"isPartOf\":{\"@id\":\"https:\\\/\\\/cvnoticias.com\\\/nuevapagina\\\/index.php\\\/2026\\\/04\\\/24\\\/exhorta-ieepo-a-paaes-encausar-demandas-en-pliego-general-de-seccion-xxii\\\/\"},\"author\":{\"name\":\"CvNoticias\",\"@id\":\"https:\\\/\\\/cvnoticias.com\\\/nuevapagina\\\/#\\\/schema\\\/person\\\/19e35f246421a31486be7321065f7463\"},\"headline\":\"Exhorta IEEPO a PAAES encausar demandas en pliego general de Secci\u00f3n XXII\",\"datePublished\":\"2026-04-24T02:41:00+00:00\",\"dateModified\":\"2026-04-24T02:41:02+00:00\",\"mainEntityOfPage\":{\"@id\":\"https:\\\/\\\/cvnoticias.com\\\/nuevapagina\\\/index.php\\\/2026\\\/04\\\/24\\\/exhorta-ieepo-a-paaes-encausar-demandas-en-pliego-general-de-seccion-xxii\\\/\"},\"wordCount\":318,\"commentCount\":0,\"publisher\":{\"@id\":\"https:\\\/\\\/cvnoticias.com\\\/nuevapagina\\\/#organization\"},\"image\":{\"@id\":\"https:\\\/\\\/cvnoticias.com\\\/nuevapagina\\\/index.php\\\/2026\\\/04\\\/24\\\/exhorta-ieepo-a-paaes-encausar-demandas-en-pliego-general-de-seccion-xxii\\\/#primaryimage\"},\"thumbnailUrl\":\"https:\\\/\\\/cvnoticias.com\\\/nuevapagina\\\/wp-content\\\/uploads\\\/2026\\\/04\\\/93f3d43c-5707-4ab0-99f7-4fff1b608e78.jpeg\",\"articleSection\":[\"Estatales\"],\"inLanguage\":\"es\",\"potentialAction\":[{\"@type\":\"CommentAction\",\"name\":\"Comment\",\"target\":[\"https:\\\/\\\/cvnoticias.com\\\/nuevapagina\\\/index.php\\\/2026\\\/04\\\/24\\\/exhorta-ieepo-a-paaes-encausar-demandas-en-pliego-general-de-seccion-xxii\\\/#respond\"]}]},{\"@type\":\"WebPage\",\"@id\":\"https:\\\/\\\/cvnoticias.com\\\/nuevapagina\\\/index.php\\\/2026\\\/04\\\/24\\\/exhorta-ieepo-a-paaes-encausar-demandas-en-pliego-general-de-seccion-xxii\\\/\",\"url\":\"https:\\\/\\\/cvnoticias.com\\\/nuevapagina\\\/index.php\\\/2026\\\/04\\\/24\\\/exhorta-ieepo-a-paaes-encausar-demandas-en-pliego-general-de-seccion-xxii\\\/\",\"name\":\"Exhorta IEEPO a PAAES encausar demandas en pliego general de Secci\u00f3n XXII - CV Noticias\",\"isPartOf\":{\"@id\":\"https:\\\/\\\/cvnoticias.com\\\/nuevapagina\\\/#website\"},\"primaryImageOfPage\":{\"@id\":\"https:\\\/\\\/cvnoticias.com\\\/nuevapagina\\\/index.php\\\/2026\\\/04\\\/24\\\/exhorta-ieepo-a-paaes-encausar-demandas-en-pliego-general-de-seccion-xxii\\\/#primaryimage\"},\"image\":{\"@id\":\"https:\\\/\\\/cvnoticias.com\\\/nuevapagina\\\/index.php\\\/2026\\\/04\\\/24\\\/exhorta-ieepo-a-paaes-encausar-demandas-en-pliego-general-de-seccion-xxii\\\/#primaryimage\"},\"thumbnailUrl\":\"https:\\\/\\\/cvnoticias.com\\\/nuevapagina\\\/wp-content\\\/uploads\\\/2026\\\/04\\\/93f3d43c-5707-4ab0-99f7-4fff1b608e78.jpeg\",\"datePublished\":\"2026-04-24T02:41:00+00:00\",\"dateModified\":\"2026-04-24T02:41:02+00:00\",\"breadcrumb\":{\"@id\":\"https:\\\/\\\/cvnoticias.com\\\/nuevapagina\\\/index.php\\\/2026\\\/04\\\/24\\\/exhorta-ieepo-a-paaes-encausar-demandas-en-pliego-general-de-seccion-xxii\\\/#breadcrumb\"},\"inLanguage\":\"es\",\"potentialAction\":[{\"@type\":\"ReadAction\",\"target\":[\"https:\\\/\\\/cvnoticias.com\\\/nuevapagina\\\/index.php\\\/2026\\\/04\\\/24\\\/exhorta-ieepo-a-paaes-encausar-demandas-en-pliego-general-de-seccion-xxii\\\/\"]}]},{\"@type\":\"ImageObject\",\"inLanguage\":\"es\",\"@id\":\"https:\\\/\\\/cvnoticias.com\\\/nuevapagina\\\/index.php\\\/2026\\\/04\\\/24\\\/exhorta-ieepo-a-paaes-encausar-demandas-en-pliego-general-de-seccion-xxii\\\/#primaryimage\",\"url\":\"https:\\\/\\\/cvnoticias.com\\\/nuevapagina\\\/wp-content\\\/uploads\\\/2026\\\/04\\\/93f3d43c-5707-4ab0-99f7-4fff1b608e78.jpeg\",\"contentUrl\":\"https:\\\/\\\/cvnoticias.com\\\/nuevapagina\\\/wp-content\\\/uploads\\\/2026\\\/04\\\/93f3d43c-5707-4ab0-99f7-4fff1b608e78.jpeg\",\"width\":1600,\"height\":1071},{\"@type\":\"BreadcrumbList\",\"@id\":\"https:\\\/\\\/cvnoticias.com\\\/nuevapagina\\\/index.php\\\/2026\\\/04\\\/24\\\/exhorta-ieepo-a-paaes-encausar-demandas-en-pliego-general-de-seccion-xxii\\\/#breadcrumb\",\"itemListElement\":[{\"@type\":\"ListItem\",\"position\":1,\"name\":\"Portada\",\"item\":\"https:\\\/\\\/cvnoticias.com\\\/nuevapagina\\\/\"},{\"@type\":\"ListItem\",\"position\":2,\"name\":\"Exhorta IEEPO a PAAES encausar demandas en pliego general de Secci\u00f3n XXII\"}]},{\"@type\":\"WebSite\",\"@id\":\"https:\\\/\\\/cvnoticias.com\\\/nuevapagina\\\/#website\",\"url\":\"https:\\\/\\\/cvnoticias.com\\\/nuevapagina\\\/\",\"name\":\"CV Noticias\",\"description\":\"Noticias de Oaxaca\",\"publisher\":{\"@id\":\"https:\\\/\\\/cvnoticias.com\\\/nuevapagina\\\/#organization\"},\"potentialAction\":[{\"@type\":\"SearchAction\",\"target\":{\"@type\":\"EntryPoint\",\"urlTemplate\":\"https:\\\/\\\/cvnoticias.com\\\/nuevapagina\\\/?s={search_term_string}\"},\"query-input\":{\"@type\":\"PropertyValueSpecification\",\"valueRequired\":true,\"valueName\":\"search_term_string\"}}],\"inLanguage\":\"es\"},{\"@type\":\"Organization\",\"@id\":\"https:\\\/\\\/cvnoticias.com\\\/nuevapagina\\\/#organization\",\"name\":\"CV Noticias\",\"url\":\"https:\\\/\\\/cvnoticias.com\\\/nuevapagina\\\/\",\"logo\":{\"@type\":\"ImageObject\",\"inLanguage\":\"es\",\"@id\":\"https:\\\/\\\/cvnoticias.com\\\/nuevapagina\\\/#\\\/schema\\\/logo\\\/image\\\/\",\"url\":\"https:\\\/\\\/cvnoticias.com\\\/nuevapagina\\\/wp-content\\\/uploads\\\/2025\\\/05\\\/cropped-logo-1.png\",\"contentUrl\":\"https:\\\/\\\/cvnoticias.com\\\/nuevapagina\\\/wp-content\\\/uploads\\\/2025\\\/05\\\/cropped-logo-1.png\",\"width\":320,\"height\":118,\"caption\":\"CV Noticias\"},\"image\":{\"@id\":\"https:\\\/\\\/cvnoticias.com\\\/nuevapagina\\\/#\\\/schema\\\/logo\\\/image\\\/\"}},{\"@type\":\"Person\",\"@id\":\"https:\\\/\\\/cvnoticias.com\\\/nuevapagina\\\/#\\\/schema\\\/person\\\/19e35f246421a31486be7321065f7463\",\"name\":\"CvNoticias\",\"image\":{\"@type\":\"ImageObject\",\"inLanguage\":\"es\",\"@id\":\"https:\\\/\\\/secure.gravatar.com\\\/avatar\\\/c3a4375d38fd8f9b34ac9e853cb706a079817c78f9a39e33b16a2b2b2e51688a?s=96&d=mm&r=g\",\"url\":\"https:\\\/\\\/secure.gravatar.com\\\/avatar\\\/c3a4375d38fd8f9b34ac9e853cb706a079817c78f9a39e33b16a2b2b2e51688a?s=96&d=mm&r=g\",\"contentUrl\":\"https:\\\/\\\/secure.gravatar.com\\\/avatar\\\/c3a4375d38fd8f9b34ac9e853cb706a079817c78f9a39e33b16a2b2b2e51688a?s=96&d=mm&r=g\",\"caption\":\"CvNoticias\"},\"url\":\"https:\\\/\\\/cvnoticias.com\\\/nuevapagina\\\/index.php\\\/author\\\/gesner\\\/\"}]}<\/script>\n<!-- \/ Yoast SEO plugin. -->","yoast_head_json":{"title":"Exhorta IEEPO a PAAES encausar demandas en pliego general de Secci\u00f3n XXII - CV Noticias","robots":{"index":"index","follow":"follow","max-snippet":"max-snippet:-1","max-image-preview":"max-image-preview:large","max-video-preview":"max-video-preview:-1"},"canonical":"https:\/\/cvnoticias.com\/nuevapagina\/index.php\/2026\/04\/24\/exhorta-ieepo-a-paaes-encausar-demandas-en-pliego-general-de-seccion-xxii\/","og_locale":"es_ES","og_type":"article","og_title":"Exhorta IEEPO a PAAES encausar demandas en pliego general de Secci\u00f3n XXII - CV Noticias","og_description":"El director general del Instituto Estatal de Educaci\u00f3n P\u00fablica de Oaxaca (IEEPO), Emilio Montero P\u00e9rez,...","og_url":"https:\/\/cvnoticias.com\/nuevapagina\/index.php\/2026\/04\/24\/exhorta-ieepo-a-paaes-encausar-demandas-en-pliego-general-de-seccion-xxii\/","og_site_name":"CV Noticias","article_published_time":"2026-04-24T02:41:00+00:00","article_modified_time":"2026-04-24T02:41:02+00:00","og_image":[{"width":1600,"height":1071,"url":"https:\/\/cvnoticias.com\/nuevapagina\/wp-content\/uploads\/2026\/04\/93f3d43c-5707-4ab0-99f7-4fff1b608e78.jpeg","type":"image\/jpeg"}],"author":"CvNoticias","twitter_card":"summary_large_image","twitter_misc":{"Escrito por":"CvNoticias","Tiempo de lectura":"2 minutos"},"schema":{"@context":"https:\/\/schema.org","@graph":[{"@type":"Article","@id":"https:\/\/cvnoticias.com\/nuevapagina\/index.php\/2026\/04\/24\/exhorta-ieepo-a-paaes-encausar-demandas-en-pliego-general-de-seccion-xxii\/#article","isPartOf":{"@id":"https:\/\/cvnoticias.com\/nuevapagina\/index.php\/2026\/04\/24\/exhorta-ieepo-a-paaes-encausar-demandas-en-pliego-general-de-seccion-xxii\/"},"author":{"name":"CvNoticias","@id":"https:\/\/cvnoticias.com\/nuevapagina\/#\/schema\/person\/19e35f246421a31486be7321065f7463"},"headline":"Exhorta IEEPO a PAAES encausar demandas en pliego general de Secci\u00f3n XXII","datePublished":"2026-04-24T02:41:00+00:00","dateModified":"2026-04-24T02:41:02+00:00","mainEntityOfPage":{"@id":"https:\/\/cvnoticias.com\/nuevapagina\/index.php\/2026\/04\/24\/exhorta-ieepo-a-paaes-encausar-demandas-en-pliego-general-de-seccion-xxii\/"},"wordCount":318,"commentCount":0,"publisher":{"@id":"https:\/\/cvnoticias.com\/nuevapagina\/#organization"},"image":{"@id":"https:\/\/cvnoticias.com\/nuevapagina\/index.php\/2026\/04\/24\/exhorta-ieepo-a-paaes-encausar-demandas-en-pliego-general-de-seccion-xxii\/#primaryimage"},"thumbnailUrl":"https:\/\/cvnoticias.com\/nuevapagina\/wp-content\/uploads\/2026\/04\/93f3d43c-5707-4ab0-99f7-4fff1b608e78.jpeg","articleSection":["Estatales"],"inLanguage":"es","potentialAction":[{"@type":"CommentAction","name":"Comment","target":["https:\/\/cvnoticias.com\/nuevapagina\/index.php\/2026\/04\/24\/exhorta-ieepo-a-paaes-encausar-demandas-en-pliego-general-de-seccion-xxii\/#respond"]}]},{"@type":"WebPage","@id":"https:\/\/cvnoticias.com\/nuevapagina\/index.php\/2026\/04\/24\/exhorta-ieepo-a-paaes-encausar-demandas-en-pliego-general-de-seccion-xxii\/","url":"https:\/\/cvnoticias.com\/nuevapagina\/index.php\/2026\/04\/24\/exhorta-ieepo-a-paaes-encausar-demandas-en-pliego-general-de-seccion-xxii\/","name":"Exhorta IEEPO a PAAES encausar demandas en pliego general de Secci\u00f3n XXII - CV Noticias","isPartOf":{"@id":"https:\/\/cvnoticias.com\/nuevapagina\/#website"},"primaryImageOfPage":{"@id":"https:\/\/cvnoticias.com\/nuevapagina\/index.php\/2026\/04\/24\/exhorta-ieepo-a-paaes-encausar-demandas-en-pliego-general-de-seccion-xxii\/#primaryimage"},"image":{"@id":"https:\/\/cvnoticias.com\/nuevapagina\/index.php\/2026\/04\/24\/exhorta-ieepo-a-paaes-encausar-demandas-en-pliego-general-de-seccion-xxii\/#primaryimage"},"thumbnailUrl":"https:\/\/cvnoticias.com\/nuevapagina\/wp-content\/uploads\/2026\/04\/93f3d43c-5707-4ab0-99f7-4fff1b608e78.jpeg","datePublished":"2026-04-24T02:41:00+00:00","dateModified":"2026-04-24T02:41:02+00:00","breadcrumb":{"@id":"https:\/\/cvnoticias.com\/nuevapagina\/index.php\/2026\/04\/24\/exhorta-ieepo-a-paaes-encausar-demandas-en-pliego-general-de-seccion-xxii\/#breadcrumb"},"inLanguage":"es","potentialAction":[{"@type":"ReadAction","target":["https:\/\/cvnoticias.com\/nuevapagina\/index.php\/2026\/04\/24\/exhorta-ieepo-a-paaes-encausar-demandas-en-pliego-general-de-seccion-xxii\/"]}]},{"@type":"ImageObject","inLanguage":"es","@id":"https:\/\/cvnoticias.com\/nuevapagina\/index.php\/2026\/04\/24\/exhorta-ieepo-a-paaes-encausar-demandas-en-pliego-general-de-seccion-xxii\/#primaryimage","url":"https:\/\/cvnoticias.com\/nuevapagina\/wp-content\/uploads\/2026\/04\/93f3d43c-5707-4ab0-99f7-4fff1b608e78.jpeg","contentUrl":"https:\/\/cvnoticias.com\/nuevapagina\/wp-content\/uploads\/2026\/04\/93f3d43c-5707-4ab0-99f7-4fff1b608e78.jpeg","width":1600,"height":1071},{"@type":"BreadcrumbList","@id":"https:\/\/cvnoticias.com\/nuevapagina\/index.php\/2026\/04\/24\/exhorta-ieepo-a-paaes-encausar-demandas-en-pliego-general-de-seccion-xxii\/#breadcrumb","itemListElement":[{"@type":"ListItem","position":1,"name":"Portada","item":"https:\/\/cvnoticias.com\/nuevapagina\/"},{"@type":"ListItem","position":2,"name":"Exhorta IEEPO a PAAES encausar demandas en pliego general de Secci\u00f3n XXII"}]},{"@type":"WebSite","@id":"https:\/\/cvnoticias.com\/nuevapagina\/#website","url":"https:\/\/cvnoticias.com\/nuevapagina\/","name":"CV Noticias","description":"Noticias de Oaxaca","publisher":{"@id":"https:\/\/cvnoticias.com\/nuevapagina\/#organization"},"potentialAction":[{"@type":"SearchAction","target":{"@type":"EntryPoint","urlTemplate":"https:\/\/cvnoticias.com\/nuevapagina\/?s={search_term_string}"},"query-input":{"@type":"PropertyValueSpecification","valueRequired":true,"valueName":"search_term_string"}}],"inLanguage":"es"},{"@type":"Organization","@id":"https:\/\/cvnoticias.com\/nuevapagina\/#organization","name":"CV Noticias","url":"https:\/\/cvnoticias.com\/nuevapagina\/","logo":{"@type":"ImageObject","inLanguage":"es","@id":"https:\/\/cvnoticias.com\/nuevapagina\/#\/schema\/logo\/image\/","url":"https:\/\/cvnoticias.com\/nuevapagina\/wp-content\/uploads\/2025\/05\/cropped-logo-1.png","contentUrl":"https:\/\/cvnoticias.com\/nuevapagina\/wp-content\/uploads\/2025\/05\/cropped-logo-1.png","width":320,"height":118,"caption":"CV Noticias"},"image":{"@id":"https:\/\/cvnoticias.com\/nuevapagina\/#\/schema\/logo\/image\/"}},{"@type":"Person","@id":"https:\/\/cvnoticias.com\/nuevapagina\/#\/schema\/person\/19e35f246421a31486be7321065f7463","name":"CvNoticias","image":{"@type":"ImageObject","inLanguage":"es","@id":"https:\/\/secure.gravatar.com\/avatar\/c3a4375d38fd8f9b34ac9e853cb706a079817c78f9a39e33b16a2b2b2e51688a?s=96&d=mm&r=g","url":"https:\/\/secure.gravatar.com\/avatar\/c3a4375d38fd8f9b34ac9e853cb706a079817c78f9a39e33b16a2b2b2e51688a?s=96&d=mm&r=g","contentUrl":"https:\/\/secure.gravatar.com\/avatar\/c3a4375d38fd8f9b34ac9e853cb706a079817c78f9a39e33b16a2b2b2e51688a?s=96&d=mm&r=g","caption":"CvNoticias"},"url":"https:\/\/cvnoticias.com\/nuevapagina\/index.php\/author\/gesner\/"}]}},"_links":{"self":[{"href":"https:\/\/cvnoticias.com\/nuevapagina\/index.php\/wp-json\/wp\/v2\/posts\/7452","targetHints":{"allow":["GET"]}}],"collection":[{"href":"https:\/\/cvnoticias.com\/nuevapagina\/index.php\/wp-json\/wp\/v2\/posts"}],"about":[{"href":"https:\/\/cvnoticias.com\/nuevapagina\/index.php\/wp-json\/wp\/v2\/types\/post"}],"author":[{"embeddable":true,"href":"https:\/\/cvnoticias.com\/nuevapagina\/index.php\/wp-json\/wp\/v2\/users\/2"}],"replies":[{"embeddable":true,"href":"https:\/\/cvnoticias.com\/nuevapagina\/index.php\/wp-json\/wp\/v2\/comments?post=7452"}],"version-history":[{"count":1,"href":"https:\/\/cvnoticias.com\/nuevapagina\/index.php\/wp-json\/wp\/v2\/posts\/7452\/revisions"}],"predecessor-version":[{"id":7454,"href":"https:\/\/cvnoticias.com\/nuevapagina\/index.php\/wp-json\/wp\/v2\/posts\/7452\/revisions\/7454"}],"wp:featuredmedia":[{"embeddable":true,"href":"https:\/\/cvnoticias.com\/nuevapagina\/index.php\/wp-json\/wp\/v2\/media\/7453"}],"wp:attachment":[{"href":"https:\/\/cvnoticias.com\/nuevapagina\/index.php\/wp-json\/wp\/v2\/media?parent=7452"}],"wp:term":[{"taxonomy":"category","embeddable":true,"href":"https:\/\/cvnoticias.com\/nuevapagina\/index.php\/wp-json\/wp\/v2\/categories?post=7452"},{"taxonomy":"post_tag","embeddable":true,"href":"https:\/\/cvnoticias.com\/nuevapagina\/index.php\/wp-json\/wp\/v2\/tags?post=7452"}],"curies":[{"name":"wp","href":"https:\/\/api.w.org\/{rel}","templated":true}]}}