{"id":7443,"date":"2026-04-23T20:50:59","date_gmt":"2026-04-23T20:50:59","guid":{"rendered":"https:\/\/cvnoticias.com\/nuevapagina\/?p=7443"},"modified":"2026-04-23T20:51:01","modified_gmt":"2026-04-23T20:51:01","slug":"universitarios-tendran-la-capacidad-para-definir-quien-dirigira-la-uabjo-rector","status":"publish","type":"post","link":"https:\/\/cvnoticias.com\/nuevapagina\/index.php\/2026\/04\/23\/universitarios-tendran-la-capacidad-para-definir-quien-dirigira-la-uabjo-rector\/","title":{"rendered":"Universitarios tendr\u00e1n la capacidad para definir qui\u00e9n dirigir\u00e1 la UABJO: Rector"},"content":{"rendered":"\n<p>A menos de un mes de llevarse a cabo la sucesi\u00f3n de la rector\u00eda en la Universidad Aut\u00f3noma \u201cBenito Ju\u00e1rez\u201d de Oaxaca (UABJO), el rector Cristian Carre\u00f1o L\u00f3pez, confi\u00f3 en que el proceso de elecci\u00f3n que se desarrolle se lleve a cabo en tranquilidad al tiempo que se\u00f1al\u00f3 que los universitarios tendr\u00e1n la capacidad para definir a quien dirija durante los pr\u00f3ximos cuatro a\u00f1os el destino de la instituci\u00f3n.<\/p>\n\n\n\n<p>\u201cYo creo firmante que la universidad y los universitarios tendr\u00e1n la capacidad para resolver y definir qui\u00e9n va a llevar los destinos durante los pr\u00f3ximos cuatro a\u00f1os\u201d.<\/p>\n\n\n\n<p>Al ser cuestionado sobre la situaci\u00f3n de efervescencia universitaria e incluso, pol\u00edtica que pudiera estar viviendo la universidad ante la proximidad del 13 de mayo, fecha en que tendr\u00e1 lugar la elecci\u00f3n, Carre\u00f1o L\u00f3pez, precis\u00f3.<\/p>\n\n\n\n<p>\u201cYo creo que es algo normal, cualquier universitario bien nacido en la universidad estar\u00eda fascinado de querer gobernar su universidad, entonces, siempre hay gente que quiere\u201d.<\/p>\n\n\n\n<p>Subray\u00f3 que la universidad de Oaxaca, ha dado muestras siempre de personajes destacados y valiosos, adem\u00e1s de enfatizar, que la universidad p\u00fablica no demerita el conocimiento y mucho menos la necesidad de crecer y seguir avanzando.<\/p>\n\n\n\n<p>Agreg\u00f3 que contin\u00faan trabajando para dejar un ejercicio saneado y de esta forma, la autoridad universitaria que le suceda, tenga un presupuesto que pueda ser utilizado de acuerdo a la din\u00e1mica y necesidades de la instituci\u00f3n.<\/p>\n","protected":false},"excerpt":{"rendered":"<p>A menos de un mes de llevarse a cabo la sucesi\u00f3n de la rector\u00eda en&#8230;<\/p>\n","protected":false},"author":2,"featured_media":7444,"comment_status":"open","ping_status":"closed","sticky":false,"template":"","format":"standard","meta":{"footnotes":""},"categories":[2],"tags":[],"class_list":["post-7443","post","type-post","status-publish","format-standard","has-post-thumbnail","hentry","category-noticiasestatales"],"yoast_head":"<!-- This site is optimized with the Yoast SEO plugin v27.5 - https:\/\/yoast.com\/product\/yoast-seo-wordpress\/ -->\n<title>Universitarios tendr\u00e1n la capacidad para definir qui\u00e9n dirigir\u00e1 la UABJO: Rector - CV Noticias<\/title>\n<meta name=\"robots\" content=\"index, follow, max-snippet:-1, max-image-preview:large, max-video-preview:-1\" \/>\n<link rel=\"canonical\" href=\"https:\/\/cvnoticias.com\/nuevapagina\/index.php\/2026\/04\/23\/universitarios-tendran-la-capacidad-para-definir-quien-dirigira-la-uabjo-rector\/\" \/>\n<meta property=\"og:locale\" content=\"es_ES\" \/>\n<meta property=\"og:type\" content=\"article\" \/>\n<meta property=\"og:title\" content=\"Universitarios tendr\u00e1n la capacidad para definir qui\u00e9n dirigir\u00e1 la UABJO: Rector - CV Noticias\" \/>\n<meta property=\"og:description\" content=\"A menos de un mes de llevarse a cabo la sucesi\u00f3n de la rector\u00eda en...\" \/>\n<meta property=\"og:url\" content=\"https:\/\/cvnoticias.com\/nuevapagina\/index.php\/2026\/04\/23\/universitarios-tendran-la-capacidad-para-definir-quien-dirigira-la-uabjo-rector\/\" \/>\n<meta property=\"og:site_name\" content=\"CV Noticias\" \/>\n<meta property=\"article:published_time\" content=\"2026-04-23T20:50:59+00:00\" \/>\n<meta property=\"article:modified_time\" content=\"2026-04-23T20:51:01+00:00\" \/>\n<meta property=\"og:image\" content=\"https:\/\/cvnoticias.com\/nuevapagina\/wp-content\/uploads\/2026\/04\/66b8cc7c-98ba-45d3-827b-fe14a72905db.jpeg\" \/>\n\t<meta property=\"og:image:width\" content=\"1334\" \/>\n\t<meta property=\"og:image:height\" content=\"958\" \/>\n\t<meta property=\"og:image:type\" content=\"image\/jpeg\" \/>\n<meta name=\"author\" content=\"CvNoticias\" \/>\n<meta name=\"twitter:card\" content=\"summary_large_image\" \/>\n<meta name=\"twitter:label1\" content=\"Escrito por\" \/>\n\t<meta name=\"twitter:data1\" content=\"CvNoticias\" \/>\n\t<meta name=\"twitter:label2\" content=\"Tiempo de lectura\" \/>\n\t<meta name=\"twitter:data2\" content=\"2 minutos\" \/>\n<script type=\"application\/ld+json\" class=\"yoast-schema-graph\">{\"@context\":\"https:\\\/\\\/schema.org\",\"@graph\":[{\"@type\":\"Article\",\"@id\":\"https:\\\/\\\/cvnoticias.com\\\/nuevapagina\\\/index.php\\\/2026\\\/04\\\/23\\\/universitarios-tendran-la-capacidad-para-definir-quien-dirigira-la-uabjo-rector\\\/#article\",\"isPartOf\":{\"@id\":\"https:\\\/\\\/cvnoticias.com\\\/nuevapagina\\\/index.php\\\/2026\\\/04\\\/23\\\/universitarios-tendran-la-capacidad-para-definir-quien-dirigira-la-uabjo-rector\\\/\"},\"author\":{\"name\":\"CvNoticias\",\"@id\":\"https:\\\/\\\/cvnoticias.com\\\/nuevapagina\\\/#\\\/schema\\\/person\\\/19e35f246421a31486be7321065f7463\"},\"headline\":\"Universitarios tendr\u00e1n la capacidad para definir qui\u00e9n dirigir\u00e1 la UABJO: Rector\",\"datePublished\":\"2026-04-23T20:50:59+00:00\",\"dateModified\":\"2026-04-23T20:51:01+00:00\",\"mainEntityOfPage\":{\"@id\":\"https:\\\/\\\/cvnoticias.com\\\/nuevapagina\\\/index.php\\\/2026\\\/04\\\/23\\\/universitarios-tendran-la-capacidad-para-definir-quien-dirigira-la-uabjo-rector\\\/\"},\"wordCount\":268,\"commentCount\":0,\"publisher\":{\"@id\":\"https:\\\/\\\/cvnoticias.com\\\/nuevapagina\\\/#organization\"},\"image\":{\"@id\":\"https:\\\/\\\/cvnoticias.com\\\/nuevapagina\\\/index.php\\\/2026\\\/04\\\/23\\\/universitarios-tendran-la-capacidad-para-definir-quien-dirigira-la-uabjo-rector\\\/#primaryimage\"},\"thumbnailUrl\":\"https:\\\/\\\/cvnoticias.com\\\/nuevapagina\\\/wp-content\\\/uploads\\\/2026\\\/04\\\/66b8cc7c-98ba-45d3-827b-fe14a72905db.jpeg\",\"articleSection\":[\"Estatales\"],\"inLanguage\":\"es\",\"potentialAction\":[{\"@type\":\"CommentAction\",\"name\":\"Comment\",\"target\":[\"https:\\\/\\\/cvnoticias.com\\\/nuevapagina\\\/index.php\\\/2026\\\/04\\\/23\\\/universitarios-tendran-la-capacidad-para-definir-quien-dirigira-la-uabjo-rector\\\/#respond\"]}]},{\"@type\":\"WebPage\",\"@id\":\"https:\\\/\\\/cvnoticias.com\\\/nuevapagina\\\/index.php\\\/2026\\\/04\\\/23\\\/universitarios-tendran-la-capacidad-para-definir-quien-dirigira-la-uabjo-rector\\\/\",\"url\":\"https:\\\/\\\/cvnoticias.com\\\/nuevapagina\\\/index.php\\\/2026\\\/04\\\/23\\\/universitarios-tendran-la-capacidad-para-definir-quien-dirigira-la-uabjo-rector\\\/\",\"name\":\"Universitarios tendr\u00e1n la capacidad para definir qui\u00e9n dirigir\u00e1 la UABJO: Rector - CV Noticias\",\"isPartOf\":{\"@id\":\"https:\\\/\\\/cvnoticias.com\\\/nuevapagina\\\/#website\"},\"primaryImageOfPage\":{\"@id\":\"https:\\\/\\\/cvnoticias.com\\\/nuevapagina\\\/index.php\\\/2026\\\/04\\\/23\\\/universitarios-tendran-la-capacidad-para-definir-quien-dirigira-la-uabjo-rector\\\/#primaryimage\"},\"image\":{\"@id\":\"https:\\\/\\\/cvnoticias.com\\\/nuevapagina\\\/index.php\\\/2026\\\/04\\\/23\\\/universitarios-tendran-la-capacidad-para-definir-quien-dirigira-la-uabjo-rector\\\/#primaryimage\"},\"thumbnailUrl\":\"https:\\\/\\\/cvnoticias.com\\\/nuevapagina\\\/wp-content\\\/uploads\\\/2026\\\/04\\\/66b8cc7c-98ba-45d3-827b-fe14a72905db.jpeg\",\"datePublished\":\"2026-04-23T20:50:59+00:00\",\"dateModified\":\"2026-04-23T20:51:01+00:00\",\"breadcrumb\":{\"@id\":\"https:\\\/\\\/cvnoticias.com\\\/nuevapagina\\\/index.php\\\/2026\\\/04\\\/23\\\/universitarios-tendran-la-capacidad-para-definir-quien-dirigira-la-uabjo-rector\\\/#breadcrumb\"},\"inLanguage\":\"es\",\"potentialAction\":[{\"@type\":\"ReadAction\",\"target\":[\"https:\\\/\\\/cvnoticias.com\\\/nuevapagina\\\/index.php\\\/2026\\\/04\\\/23\\\/universitarios-tendran-la-capacidad-para-definir-quien-dirigira-la-uabjo-rector\\\/\"]}]},{\"@type\":\"ImageObject\",\"inLanguage\":\"es\",\"@id\":\"https:\\\/\\\/cvnoticias.com\\\/nuevapagina\\\/index.php\\\/2026\\\/04\\\/23\\\/universitarios-tendran-la-capacidad-para-definir-quien-dirigira-la-uabjo-rector\\\/#primaryimage\",\"url\":\"https:\\\/\\\/cvnoticias.com\\\/nuevapagina\\\/wp-content\\\/uploads\\\/2026\\\/04\\\/66b8cc7c-98ba-45d3-827b-fe14a72905db.jpeg\",\"contentUrl\":\"https:\\\/\\\/cvnoticias.com\\\/nuevapagina\\\/wp-content\\\/uploads\\\/2026\\\/04\\\/66b8cc7c-98ba-45d3-827b-fe14a72905db.jpeg\",\"width\":1334,\"height\":958},{\"@type\":\"BreadcrumbList\",\"@id\":\"https:\\\/\\\/cvnoticias.com\\\/nuevapagina\\\/index.php\\\/2026\\\/04\\\/23\\\/universitarios-tendran-la-capacidad-para-definir-quien-dirigira-la-uabjo-rector\\\/#breadcrumb\",\"itemListElement\":[{\"@type\":\"ListItem\",\"position\":1,\"name\":\"Portada\",\"item\":\"https:\\\/\\\/cvnoticias.com\\\/nuevapagina\\\/\"},{\"@type\":\"ListItem\",\"position\":2,\"name\":\"Universitarios tendr\u00e1n la capacidad para definir qui\u00e9n dirigir\u00e1 la UABJO: Rector\"}]},{\"@type\":\"WebSite\",\"@id\":\"https:\\\/\\\/cvnoticias.com\\\/nuevapagina\\\/#website\",\"url\":\"https:\\\/\\\/cvnoticias.com\\\/nuevapagina\\\/\",\"name\":\"CV Noticias\",\"description\":\"Noticias de Oaxaca\",\"publisher\":{\"@id\":\"https:\\\/\\\/cvnoticias.com\\\/nuevapagina\\\/#organization\"},\"potentialAction\":[{\"@type\":\"SearchAction\",\"target\":{\"@type\":\"EntryPoint\",\"urlTemplate\":\"https:\\\/\\\/cvnoticias.com\\\/nuevapagina\\\/?s={search_term_string}\"},\"query-input\":{\"@type\":\"PropertyValueSpecification\",\"valueRequired\":true,\"valueName\":\"search_term_string\"}}],\"inLanguage\":\"es\"},{\"@type\":\"Organization\",\"@id\":\"https:\\\/\\\/cvnoticias.com\\\/nuevapagina\\\/#organization\",\"name\":\"CV Noticias\",\"url\":\"https:\\\/\\\/cvnoticias.com\\\/nuevapagina\\\/\",\"logo\":{\"@type\":\"ImageObject\",\"inLanguage\":\"es\",\"@id\":\"https:\\\/\\\/cvnoticias.com\\\/nuevapagina\\\/#\\\/schema\\\/logo\\\/image\\\/\",\"url\":\"https:\\\/\\\/cvnoticias.com\\\/nuevapagina\\\/wp-content\\\/uploads\\\/2025\\\/05\\\/cropped-logo-1.png\",\"contentUrl\":\"https:\\\/\\\/cvnoticias.com\\\/nuevapagina\\\/wp-content\\\/uploads\\\/2025\\\/05\\\/cropped-logo-1.png\",\"width\":320,\"height\":118,\"caption\":\"CV Noticias\"},\"image\":{\"@id\":\"https:\\\/\\\/cvnoticias.com\\\/nuevapagina\\\/#\\\/schema\\\/logo\\\/image\\\/\"}},{\"@type\":\"Person\",\"@id\":\"https:\\\/\\\/cvnoticias.com\\\/nuevapagina\\\/#\\\/schema\\\/person\\\/19e35f246421a31486be7321065f7463\",\"name\":\"CvNoticias\",\"image\":{\"@type\":\"ImageObject\",\"inLanguage\":\"es\",\"@id\":\"https:\\\/\\\/secure.gravatar.com\\\/avatar\\\/c3a4375d38fd8f9b34ac9e853cb706a079817c78f9a39e33b16a2b2b2e51688a?s=96&d=mm&r=g\",\"url\":\"https:\\\/\\\/secure.gravatar.com\\\/avatar\\\/c3a4375d38fd8f9b34ac9e853cb706a079817c78f9a39e33b16a2b2b2e51688a?s=96&d=mm&r=g\",\"contentUrl\":\"https:\\\/\\\/secure.gravatar.com\\\/avatar\\\/c3a4375d38fd8f9b34ac9e853cb706a079817c78f9a39e33b16a2b2b2e51688a?s=96&d=mm&r=g\",\"caption\":\"CvNoticias\"},\"url\":\"https:\\\/\\\/cvnoticias.com\\\/nuevapagina\\\/index.php\\\/author\\\/gesner\\\/\"}]}<\/script>\n<!-- \/ Yoast SEO plugin. -->","yoast_head_json":{"title":"Universitarios tendr\u00e1n la capacidad para definir qui\u00e9n dirigir\u00e1 la UABJO: Rector - CV Noticias","robots":{"index":"index","follow":"follow","max-snippet":"max-snippet:-1","max-image-preview":"max-image-preview:large","max-video-preview":"max-video-preview:-1"},"canonical":"https:\/\/cvnoticias.com\/nuevapagina\/index.php\/2026\/04\/23\/universitarios-tendran-la-capacidad-para-definir-quien-dirigira-la-uabjo-rector\/","og_locale":"es_ES","og_type":"article","og_title":"Universitarios tendr\u00e1n la capacidad para definir qui\u00e9n dirigir\u00e1 la UABJO: Rector - CV Noticias","og_description":"A menos de un mes de llevarse a cabo la sucesi\u00f3n de la rector\u00eda en...","og_url":"https:\/\/cvnoticias.com\/nuevapagina\/index.php\/2026\/04\/23\/universitarios-tendran-la-capacidad-para-definir-quien-dirigira-la-uabjo-rector\/","og_site_name":"CV Noticias","article_published_time":"2026-04-23T20:50:59+00:00","article_modified_time":"2026-04-23T20:51:01+00:00","og_image":[{"width":1334,"height":958,"url":"https:\/\/cvnoticias.com\/nuevapagina\/wp-content\/uploads\/2026\/04\/66b8cc7c-98ba-45d3-827b-fe14a72905db.jpeg","type":"image\/jpeg"}],"author":"CvNoticias","twitter_card":"summary_large_image","twitter_misc":{"Escrito por":"CvNoticias","Tiempo de lectura":"2 minutos"},"schema":{"@context":"https:\/\/schema.org","@graph":[{"@type":"Article","@id":"https:\/\/cvnoticias.com\/nuevapagina\/index.php\/2026\/04\/23\/universitarios-tendran-la-capacidad-para-definir-quien-dirigira-la-uabjo-rector\/#article","isPartOf":{"@id":"https:\/\/cvnoticias.com\/nuevapagina\/index.php\/2026\/04\/23\/universitarios-tendran-la-capacidad-para-definir-quien-dirigira-la-uabjo-rector\/"},"author":{"name":"CvNoticias","@id":"https:\/\/cvnoticias.com\/nuevapagina\/#\/schema\/person\/19e35f246421a31486be7321065f7463"},"headline":"Universitarios tendr\u00e1n la capacidad para definir qui\u00e9n dirigir\u00e1 la UABJO: Rector","datePublished":"2026-04-23T20:50:59+00:00","dateModified":"2026-04-23T20:51:01+00:00","mainEntityOfPage":{"@id":"https:\/\/cvnoticias.com\/nuevapagina\/index.php\/2026\/04\/23\/universitarios-tendran-la-capacidad-para-definir-quien-dirigira-la-uabjo-rector\/"},"wordCount":268,"commentCount":0,"publisher":{"@id":"https:\/\/cvnoticias.com\/nuevapagina\/#organization"},"image":{"@id":"https:\/\/cvnoticias.com\/nuevapagina\/index.php\/2026\/04\/23\/universitarios-tendran-la-capacidad-para-definir-quien-dirigira-la-uabjo-rector\/#primaryimage"},"thumbnailUrl":"https:\/\/cvnoticias.com\/nuevapagina\/wp-content\/uploads\/2026\/04\/66b8cc7c-98ba-45d3-827b-fe14a72905db.jpeg","articleSection":["Estatales"],"inLanguage":"es","potentialAction":[{"@type":"CommentAction","name":"Comment","target":["https:\/\/cvnoticias.com\/nuevapagina\/index.php\/2026\/04\/23\/universitarios-tendran-la-capacidad-para-definir-quien-dirigira-la-uabjo-rector\/#respond"]}]},{"@type":"WebPage","@id":"https:\/\/cvnoticias.com\/nuevapagina\/index.php\/2026\/04\/23\/universitarios-tendran-la-capacidad-para-definir-quien-dirigira-la-uabjo-rector\/","url":"https:\/\/cvnoticias.com\/nuevapagina\/index.php\/2026\/04\/23\/universitarios-tendran-la-capacidad-para-definir-quien-dirigira-la-uabjo-rector\/","name":"Universitarios tendr\u00e1n la capacidad para definir qui\u00e9n dirigir\u00e1 la UABJO: Rector - CV Noticias","isPartOf":{"@id":"https:\/\/cvnoticias.com\/nuevapagina\/#website"},"primaryImageOfPage":{"@id":"https:\/\/cvnoticias.com\/nuevapagina\/index.php\/2026\/04\/23\/universitarios-tendran-la-capacidad-para-definir-quien-dirigira-la-uabjo-rector\/#primaryimage"},"image":{"@id":"https:\/\/cvnoticias.com\/nuevapagina\/index.php\/2026\/04\/23\/universitarios-tendran-la-capacidad-para-definir-quien-dirigira-la-uabjo-rector\/#primaryimage"},"thumbnailUrl":"https:\/\/cvnoticias.com\/nuevapagina\/wp-content\/uploads\/2026\/04\/66b8cc7c-98ba-45d3-827b-fe14a72905db.jpeg","datePublished":"2026-04-23T20:50:59+00:00","dateModified":"2026-04-23T20:51:01+00:00","breadcrumb":{"@id":"https:\/\/cvnoticias.com\/nuevapagina\/index.php\/2026\/04\/23\/universitarios-tendran-la-capacidad-para-definir-quien-dirigira-la-uabjo-rector\/#breadcrumb"},"inLanguage":"es","potentialAction":[{"@type":"ReadAction","target":["https:\/\/cvnoticias.com\/nuevapagina\/index.php\/2026\/04\/23\/universitarios-tendran-la-capacidad-para-definir-quien-dirigira-la-uabjo-rector\/"]}]},{"@type":"ImageObject","inLanguage":"es","@id":"https:\/\/cvnoticias.com\/nuevapagina\/index.php\/2026\/04\/23\/universitarios-tendran-la-capacidad-para-definir-quien-dirigira-la-uabjo-rector\/#primaryimage","url":"https:\/\/cvnoticias.com\/nuevapagina\/wp-content\/uploads\/2026\/04\/66b8cc7c-98ba-45d3-827b-fe14a72905db.jpeg","contentUrl":"https:\/\/cvnoticias.com\/nuevapagina\/wp-content\/uploads\/2026\/04\/66b8cc7c-98ba-45d3-827b-fe14a72905db.jpeg","width":1334,"height":958},{"@type":"BreadcrumbList","@id":"https:\/\/cvnoticias.com\/nuevapagina\/index.php\/2026\/04\/23\/universitarios-tendran-la-capacidad-para-definir-quien-dirigira-la-uabjo-rector\/#breadcrumb","itemListElement":[{"@type":"ListItem","position":1,"name":"Portada","item":"https:\/\/cvnoticias.com\/nuevapagina\/"},{"@type":"ListItem","position":2,"name":"Universitarios tendr\u00e1n la capacidad para definir qui\u00e9n dirigir\u00e1 la UABJO: Rector"}]},{"@type":"WebSite","@id":"https:\/\/cvnoticias.com\/nuevapagina\/#website","url":"https:\/\/cvnoticias.com\/nuevapagina\/","name":"CV Noticias","description":"Noticias de Oaxaca","publisher":{"@id":"https:\/\/cvnoticias.com\/nuevapagina\/#organization"},"potentialAction":[{"@type":"SearchAction","target":{"@type":"EntryPoint","urlTemplate":"https:\/\/cvnoticias.com\/nuevapagina\/?s={search_term_string}"},"query-input":{"@type":"PropertyValueSpecification","valueRequired":true,"valueName":"search_term_string"}}],"inLanguage":"es"},{"@type":"Organization","@id":"https:\/\/cvnoticias.com\/nuevapagina\/#organization","name":"CV Noticias","url":"https:\/\/cvnoticias.com\/nuevapagina\/","logo":{"@type":"ImageObject","inLanguage":"es","@id":"https:\/\/cvnoticias.com\/nuevapagina\/#\/schema\/logo\/image\/","url":"https:\/\/cvnoticias.com\/nuevapagina\/wp-content\/uploads\/2025\/05\/cropped-logo-1.png","contentUrl":"https:\/\/cvnoticias.com\/nuevapagina\/wp-content\/uploads\/2025\/05\/cropped-logo-1.png","width":320,"height":118,"caption":"CV Noticias"},"image":{"@id":"https:\/\/cvnoticias.com\/nuevapagina\/#\/schema\/logo\/image\/"}},{"@type":"Person","@id":"https:\/\/cvnoticias.com\/nuevapagina\/#\/schema\/person\/19e35f246421a31486be7321065f7463","name":"CvNoticias","image":{"@type":"ImageObject","inLanguage":"es","@id":"https:\/\/secure.gravatar.com\/avatar\/c3a4375d38fd8f9b34ac9e853cb706a079817c78f9a39e33b16a2b2b2e51688a?s=96&d=mm&r=g","url":"https:\/\/secure.gravatar.com\/avatar\/c3a4375d38fd8f9b34ac9e853cb706a079817c78f9a39e33b16a2b2b2e51688a?s=96&d=mm&r=g","contentUrl":"https:\/\/secure.gravatar.com\/avatar\/c3a4375d38fd8f9b34ac9e853cb706a079817c78f9a39e33b16a2b2b2e51688a?s=96&d=mm&r=g","caption":"CvNoticias"},"url":"https:\/\/cvnoticias.com\/nuevapagina\/index.php\/author\/gesner\/"}]}},"_links":{"self":[{"href":"https:\/\/cvnoticias.com\/nuevapagina\/index.php\/wp-json\/wp\/v2\/posts\/7443","targetHints":{"allow":["GET"]}}],"collection":[{"href":"https:\/\/cvnoticias.com\/nuevapagina\/index.php\/wp-json\/wp\/v2\/posts"}],"about":[{"href":"https:\/\/cvnoticias.com\/nuevapagina\/index.php\/wp-json\/wp\/v2\/types\/post"}],"author":[{"embeddable":true,"href":"https:\/\/cvnoticias.com\/nuevapagina\/index.php\/wp-json\/wp\/v2\/users\/2"}],"replies":[{"embeddable":true,"href":"https:\/\/cvnoticias.com\/nuevapagina\/index.php\/wp-json\/wp\/v2\/comments?post=7443"}],"version-history":[{"count":1,"href":"https:\/\/cvnoticias.com\/nuevapagina\/index.php\/wp-json\/wp\/v2\/posts\/7443\/revisions"}],"predecessor-version":[{"id":7445,"href":"https:\/\/cvnoticias.com\/nuevapagina\/index.php\/wp-json\/wp\/v2\/posts\/7443\/revisions\/7445"}],"wp:featuredmedia":[{"embeddable":true,"href":"https:\/\/cvnoticias.com\/nuevapagina\/index.php\/wp-json\/wp\/v2\/media\/7444"}],"wp:attachment":[{"href":"https:\/\/cvnoticias.com\/nuevapagina\/index.php\/wp-json\/wp\/v2\/media?parent=7443"}],"wp:term":[{"taxonomy":"category","embeddable":true,"href":"https:\/\/cvnoticias.com\/nuevapagina\/index.php\/wp-json\/wp\/v2\/categories?post=7443"},{"taxonomy":"post_tag","embeddable":true,"href":"https:\/\/cvnoticias.com\/nuevapagina\/index.php\/wp-json\/wp\/v2\/tags?post=7443"}],"curies":[{"name":"wp","href":"https:\/\/api.w.org\/{rel}","templated":true}]}}