{"id":7440,"date":"2026-04-23T20:48:49","date_gmt":"2026-04-23T20:48:49","guid":{"rendered":"https:\/\/cvnoticias.com\/nuevapagina\/?p=7440"},"modified":"2026-04-23T20:48:50","modified_gmt":"2026-04-23T20:48:50","slug":"mediacion-local-para-frenar-conflictos-comunitarios-en-oaxaca-estrategia-impulsada-desde-el-tsjeo","status":"publish","type":"post","link":"https:\/\/cvnoticias.com\/nuevapagina\/index.php\/2026\/04\/23\/mediacion-local-para-frenar-conflictos-comunitarios-en-oaxaca-estrategia-impulsada-desde-el-tsjeo\/","title":{"rendered":"Mediaci\u00f3n local para frenar conflictos comunitarios en Oaxaca, estrategia impulsada desde el TSJEO"},"content":{"rendered":"\n<p>El Poder Judicial de Oaxaca, que preside la magistrada presidenta Erika Rodr\u00edguez, recurrir\u00e1 a personas con reconocimiento local para resolver conflictos vecinales, familiares y de convivencia.<\/p>\n\n\n\n<p>Este programa, propone un modelo de justicia alternativa que prioriza el di\u00e1logo, la mediaci\u00f3n, conciliaci\u00f3n, justicia restaurativa y cultura de la paz, pr\u00e1cticas con ra\u00edces ancestrales en la vida de los pueblos, e intervenir antes de que los conflictos escalen.<\/p>\n\n\n\n<p>La estrategia del Tribunal Superior de Justicia del Estado de Oaxaca, se basar\u00e1 en la formaci\u00f3n de facilitadores comunitarios y el impulso de Centros de Paz Comunitarios en municipios y agencias, en el programa MASComunidad, precis\u00f3 la titular del Poder Judicial en Oaxaca.<\/p>\n\n\n\n<p>Se trata de buscar a personas con reconocimiento local y conocimiento de su entorno social, cultural y ling\u00fc\u00edstico, quienes ser\u00e1n capacitadas para intervenir en la resoluci\u00f3n de controversias tras cursar un diplomado de 120 horas impartido por el Centro de Justicia Alternativa.<\/p>\n\n\n\n<p>\u201cNo se trata solo de formaci\u00f3n t\u00e9cnica, sino de construir figuras de confianza que operen como puente entre la ciudadan\u00eda y las instituciones\u201d, subray\u00f3.<\/p>\n\n\n\n<p>Mientras las autoridades municipales proporcionar\u00e1n las sedes para instalar los Centros MASComunidad, el Poder Judicial se encargar\u00e1 de la capacitaci\u00f3n, el seguimiento y la profesionalizaci\u00f3n continua, con apoyo de instancias del gobierno del estado, para consolidar una estrategia conjunta orientada a fortalecer la mediaci\u00f3n comunitaria y la cultura de paz.<\/p>\n\n\n\n<p>Este programa inicia con la convocatoria para el Diplomado, misma que estar\u00e1 abierta hasta el 27 de abril. Los seleccionados ser\u00e1n responsables de operar los Centros MASComunidad y la capacitaci\u00f3n iniciar\u00e1 el 12 de mayo, que contar\u00e1 con un cupo limitado para 50 municipios en esta primera etapa.<\/p>\n\n\n\n<p>La propuesta busca despresurizar los sistemas judiciales, prevenir la violencia y reconstruir el tejido social desde lo local. Oaxaca es una entidad donde la pluralidad cultural exige respuestas diferenciadas y la mediaci\u00f3n comunitaria se perfila como una herramienta clave.<\/p>\n\n\n\n<p>Fuente: https:\/\/www.milenio.com\/estados\/recurriran-mediacion-frenar-conflictos-comunitarios-oaxaca<\/p>\n\n\n\n<p><\/p>\n","protected":false},"excerpt":{"rendered":"<p>El Poder Judicial de Oaxaca, que preside la magistrada presidenta Erika Rodr\u00edguez, recurrir\u00e1 a personas&#8230;<\/p>\n","protected":false},"author":2,"featured_media":7441,"comment_status":"open","ping_status":"closed","sticky":false,"template":"","format":"standard","meta":{"footnotes":""},"categories":[2],"tags":[],"class_list":["post-7440","post","type-post","status-publish","format-standard","has-post-thumbnail","hentry","category-noticiasestatales"],"yoast_head":"<!-- This site is optimized with the Yoast SEO plugin v27.5 - https:\/\/yoast.com\/product\/yoast-seo-wordpress\/ -->\n<title>Mediaci\u00f3n local para frenar conflictos comunitarios en Oaxaca, estrategia impulsada desde el TSJEO - CV Noticias<\/title>\n<meta name=\"robots\" content=\"index, follow, max-snippet:-1, max-image-preview:large, max-video-preview:-1\" \/>\n<link rel=\"canonical\" href=\"https:\/\/cvnoticias.com\/nuevapagina\/index.php\/2026\/04\/23\/mediacion-local-para-frenar-conflictos-comunitarios-en-oaxaca-estrategia-impulsada-desde-el-tsjeo\/\" \/>\n<meta property=\"og:locale\" content=\"es_ES\" \/>\n<meta property=\"og:type\" content=\"article\" \/>\n<meta property=\"og:title\" content=\"Mediaci\u00f3n local para frenar conflictos comunitarios en Oaxaca, estrategia impulsada desde el TSJEO - CV Noticias\" \/>\n<meta property=\"og:description\" content=\"El Poder Judicial de Oaxaca, que preside la magistrada presidenta Erika Rodr\u00edguez, recurrir\u00e1 a personas...\" \/>\n<meta property=\"og:url\" content=\"https:\/\/cvnoticias.com\/nuevapagina\/index.php\/2026\/04\/23\/mediacion-local-para-frenar-conflictos-comunitarios-en-oaxaca-estrategia-impulsada-desde-el-tsjeo\/\" \/>\n<meta property=\"og:site_name\" content=\"CV Noticias\" \/>\n<meta property=\"article:published_time\" content=\"2026-04-23T20:48:49+00:00\" \/>\n<meta property=\"article:modified_time\" content=\"2026-04-23T20:48:50+00:00\" \/>\n<meta property=\"og:image\" content=\"https:\/\/cvnoticias.com\/nuevapagina\/wp-content\/uploads\/2026\/04\/IMG_6572.jpeg\" \/>\n\t<meta property=\"og:image:width\" content=\"345\" \/>\n\t<meta property=\"og:image:height\" content=\"194\" \/>\n\t<meta property=\"og:image:type\" content=\"image\/jpeg\" \/>\n<meta name=\"author\" content=\"CvNoticias\" \/>\n<meta name=\"twitter:card\" content=\"summary_large_image\" \/>\n<meta name=\"twitter:label1\" content=\"Escrito por\" \/>\n\t<meta name=\"twitter:data1\" content=\"CvNoticias\" \/>\n\t<meta name=\"twitter:label2\" content=\"Tiempo de lectura\" \/>\n\t<meta name=\"twitter:data2\" content=\"2 minutos\" \/>\n<script type=\"application\/ld+json\" class=\"yoast-schema-graph\">{\"@context\":\"https:\\\/\\\/schema.org\",\"@graph\":[{\"@type\":\"Article\",\"@id\":\"https:\\\/\\\/cvnoticias.com\\\/nuevapagina\\\/index.php\\\/2026\\\/04\\\/23\\\/mediacion-local-para-frenar-conflictos-comunitarios-en-oaxaca-estrategia-impulsada-desde-el-tsjeo\\\/#article\",\"isPartOf\":{\"@id\":\"https:\\\/\\\/cvnoticias.com\\\/nuevapagina\\\/index.php\\\/2026\\\/04\\\/23\\\/mediacion-local-para-frenar-conflictos-comunitarios-en-oaxaca-estrategia-impulsada-desde-el-tsjeo\\\/\"},\"author\":{\"name\":\"CvNoticias\",\"@id\":\"https:\\\/\\\/cvnoticias.com\\\/nuevapagina\\\/#\\\/schema\\\/person\\\/19e35f246421a31486be7321065f7463\"},\"headline\":\"Mediaci\u00f3n local para frenar conflictos comunitarios en Oaxaca, estrategia impulsada desde el TSJEO\",\"datePublished\":\"2026-04-23T20:48:49+00:00\",\"dateModified\":\"2026-04-23T20:48:50+00:00\",\"mainEntityOfPage\":{\"@id\":\"https:\\\/\\\/cvnoticias.com\\\/nuevapagina\\\/index.php\\\/2026\\\/04\\\/23\\\/mediacion-local-para-frenar-conflictos-comunitarios-en-oaxaca-estrategia-impulsada-desde-el-tsjeo\\\/\"},\"wordCount\":349,\"commentCount\":0,\"publisher\":{\"@id\":\"https:\\\/\\\/cvnoticias.com\\\/nuevapagina\\\/#organization\"},\"image\":{\"@id\":\"https:\\\/\\\/cvnoticias.com\\\/nuevapagina\\\/index.php\\\/2026\\\/04\\\/23\\\/mediacion-local-para-frenar-conflictos-comunitarios-en-oaxaca-estrategia-impulsada-desde-el-tsjeo\\\/#primaryimage\"},\"thumbnailUrl\":\"https:\\\/\\\/cvnoticias.com\\\/nuevapagina\\\/wp-content\\\/uploads\\\/2026\\\/04\\\/IMG_6572.jpeg\",\"articleSection\":[\"Estatales\"],\"inLanguage\":\"es\",\"potentialAction\":[{\"@type\":\"CommentAction\",\"name\":\"Comment\",\"target\":[\"https:\\\/\\\/cvnoticias.com\\\/nuevapagina\\\/index.php\\\/2026\\\/04\\\/23\\\/mediacion-local-para-frenar-conflictos-comunitarios-en-oaxaca-estrategia-impulsada-desde-el-tsjeo\\\/#respond\"]}]},{\"@type\":\"WebPage\",\"@id\":\"https:\\\/\\\/cvnoticias.com\\\/nuevapagina\\\/index.php\\\/2026\\\/04\\\/23\\\/mediacion-local-para-frenar-conflictos-comunitarios-en-oaxaca-estrategia-impulsada-desde-el-tsjeo\\\/\",\"url\":\"https:\\\/\\\/cvnoticias.com\\\/nuevapagina\\\/index.php\\\/2026\\\/04\\\/23\\\/mediacion-local-para-frenar-conflictos-comunitarios-en-oaxaca-estrategia-impulsada-desde-el-tsjeo\\\/\",\"name\":\"Mediaci\u00f3n local para frenar conflictos comunitarios en Oaxaca, estrategia impulsada desde el TSJEO - CV Noticias\",\"isPartOf\":{\"@id\":\"https:\\\/\\\/cvnoticias.com\\\/nuevapagina\\\/#website\"},\"primaryImageOfPage\":{\"@id\":\"https:\\\/\\\/cvnoticias.com\\\/nuevapagina\\\/index.php\\\/2026\\\/04\\\/23\\\/mediacion-local-para-frenar-conflictos-comunitarios-en-oaxaca-estrategia-impulsada-desde-el-tsjeo\\\/#primaryimage\"},\"image\":{\"@id\":\"https:\\\/\\\/cvnoticias.com\\\/nuevapagina\\\/index.php\\\/2026\\\/04\\\/23\\\/mediacion-local-para-frenar-conflictos-comunitarios-en-oaxaca-estrategia-impulsada-desde-el-tsjeo\\\/#primaryimage\"},\"thumbnailUrl\":\"https:\\\/\\\/cvnoticias.com\\\/nuevapagina\\\/wp-content\\\/uploads\\\/2026\\\/04\\\/IMG_6572.jpeg\",\"datePublished\":\"2026-04-23T20:48:49+00:00\",\"dateModified\":\"2026-04-23T20:48:50+00:00\",\"breadcrumb\":{\"@id\":\"https:\\\/\\\/cvnoticias.com\\\/nuevapagina\\\/index.php\\\/2026\\\/04\\\/23\\\/mediacion-local-para-frenar-conflictos-comunitarios-en-oaxaca-estrategia-impulsada-desde-el-tsjeo\\\/#breadcrumb\"},\"inLanguage\":\"es\",\"potentialAction\":[{\"@type\":\"ReadAction\",\"target\":[\"https:\\\/\\\/cvnoticias.com\\\/nuevapagina\\\/index.php\\\/2026\\\/04\\\/23\\\/mediacion-local-para-frenar-conflictos-comunitarios-en-oaxaca-estrategia-impulsada-desde-el-tsjeo\\\/\"]}]},{\"@type\":\"ImageObject\",\"inLanguage\":\"es\",\"@id\":\"https:\\\/\\\/cvnoticias.com\\\/nuevapagina\\\/index.php\\\/2026\\\/04\\\/23\\\/mediacion-local-para-frenar-conflictos-comunitarios-en-oaxaca-estrategia-impulsada-desde-el-tsjeo\\\/#primaryimage\",\"url\":\"https:\\\/\\\/cvnoticias.com\\\/nuevapagina\\\/wp-content\\\/uploads\\\/2026\\\/04\\\/IMG_6572.jpeg\",\"contentUrl\":\"https:\\\/\\\/cvnoticias.com\\\/nuevapagina\\\/wp-content\\\/uploads\\\/2026\\\/04\\\/IMG_6572.jpeg\",\"width\":345,\"height\":194},{\"@type\":\"BreadcrumbList\",\"@id\":\"https:\\\/\\\/cvnoticias.com\\\/nuevapagina\\\/index.php\\\/2026\\\/04\\\/23\\\/mediacion-local-para-frenar-conflictos-comunitarios-en-oaxaca-estrategia-impulsada-desde-el-tsjeo\\\/#breadcrumb\",\"itemListElement\":[{\"@type\":\"ListItem\",\"position\":1,\"name\":\"Portada\",\"item\":\"https:\\\/\\\/cvnoticias.com\\\/nuevapagina\\\/\"},{\"@type\":\"ListItem\",\"position\":2,\"name\":\"Mediaci\u00f3n local para frenar conflictos comunitarios en Oaxaca, estrategia impulsada desde el TSJEO\"}]},{\"@type\":\"WebSite\",\"@id\":\"https:\\\/\\\/cvnoticias.com\\\/nuevapagina\\\/#website\",\"url\":\"https:\\\/\\\/cvnoticias.com\\\/nuevapagina\\\/\",\"name\":\"CV Noticias\",\"description\":\"Noticias de Oaxaca\",\"publisher\":{\"@id\":\"https:\\\/\\\/cvnoticias.com\\\/nuevapagina\\\/#organization\"},\"potentialAction\":[{\"@type\":\"SearchAction\",\"target\":{\"@type\":\"EntryPoint\",\"urlTemplate\":\"https:\\\/\\\/cvnoticias.com\\\/nuevapagina\\\/?s={search_term_string}\"},\"query-input\":{\"@type\":\"PropertyValueSpecification\",\"valueRequired\":true,\"valueName\":\"search_term_string\"}}],\"inLanguage\":\"es\"},{\"@type\":\"Organization\",\"@id\":\"https:\\\/\\\/cvnoticias.com\\\/nuevapagina\\\/#organization\",\"name\":\"CV Noticias\",\"url\":\"https:\\\/\\\/cvnoticias.com\\\/nuevapagina\\\/\",\"logo\":{\"@type\":\"ImageObject\",\"inLanguage\":\"es\",\"@id\":\"https:\\\/\\\/cvnoticias.com\\\/nuevapagina\\\/#\\\/schema\\\/logo\\\/image\\\/\",\"url\":\"https:\\\/\\\/cvnoticias.com\\\/nuevapagina\\\/wp-content\\\/uploads\\\/2025\\\/05\\\/cropped-logo-1.png\",\"contentUrl\":\"https:\\\/\\\/cvnoticias.com\\\/nuevapagina\\\/wp-content\\\/uploads\\\/2025\\\/05\\\/cropped-logo-1.png\",\"width\":320,\"height\":118,\"caption\":\"CV Noticias\"},\"image\":{\"@id\":\"https:\\\/\\\/cvnoticias.com\\\/nuevapagina\\\/#\\\/schema\\\/logo\\\/image\\\/\"}},{\"@type\":\"Person\",\"@id\":\"https:\\\/\\\/cvnoticias.com\\\/nuevapagina\\\/#\\\/schema\\\/person\\\/19e35f246421a31486be7321065f7463\",\"name\":\"CvNoticias\",\"image\":{\"@type\":\"ImageObject\",\"inLanguage\":\"es\",\"@id\":\"https:\\\/\\\/secure.gravatar.com\\\/avatar\\\/c3a4375d38fd8f9b34ac9e853cb706a079817c78f9a39e33b16a2b2b2e51688a?s=96&d=mm&r=g\",\"url\":\"https:\\\/\\\/secure.gravatar.com\\\/avatar\\\/c3a4375d38fd8f9b34ac9e853cb706a079817c78f9a39e33b16a2b2b2e51688a?s=96&d=mm&r=g\",\"contentUrl\":\"https:\\\/\\\/secure.gravatar.com\\\/avatar\\\/c3a4375d38fd8f9b34ac9e853cb706a079817c78f9a39e33b16a2b2b2e51688a?s=96&d=mm&r=g\",\"caption\":\"CvNoticias\"},\"url\":\"https:\\\/\\\/cvnoticias.com\\\/nuevapagina\\\/index.php\\\/author\\\/gesner\\\/\"}]}<\/script>\n<!-- \/ Yoast SEO plugin. -->","yoast_head_json":{"title":"Mediaci\u00f3n local para frenar conflictos comunitarios en Oaxaca, estrategia impulsada desde el TSJEO - CV Noticias","robots":{"index":"index","follow":"follow","max-snippet":"max-snippet:-1","max-image-preview":"max-image-preview:large","max-video-preview":"max-video-preview:-1"},"canonical":"https:\/\/cvnoticias.com\/nuevapagina\/index.php\/2026\/04\/23\/mediacion-local-para-frenar-conflictos-comunitarios-en-oaxaca-estrategia-impulsada-desde-el-tsjeo\/","og_locale":"es_ES","og_type":"article","og_title":"Mediaci\u00f3n local para frenar conflictos comunitarios en Oaxaca, estrategia impulsada desde el TSJEO - CV Noticias","og_description":"El Poder Judicial de Oaxaca, que preside la magistrada presidenta Erika Rodr\u00edguez, recurrir\u00e1 a personas...","og_url":"https:\/\/cvnoticias.com\/nuevapagina\/index.php\/2026\/04\/23\/mediacion-local-para-frenar-conflictos-comunitarios-en-oaxaca-estrategia-impulsada-desde-el-tsjeo\/","og_site_name":"CV Noticias","article_published_time":"2026-04-23T20:48:49+00:00","article_modified_time":"2026-04-23T20:48:50+00:00","og_image":[{"width":345,"height":194,"url":"https:\/\/cvnoticias.com\/nuevapagina\/wp-content\/uploads\/2026\/04\/IMG_6572.jpeg","type":"image\/jpeg"}],"author":"CvNoticias","twitter_card":"summary_large_image","twitter_misc":{"Escrito por":"CvNoticias","Tiempo de lectura":"2 minutos"},"schema":{"@context":"https:\/\/schema.org","@graph":[{"@type":"Article","@id":"https:\/\/cvnoticias.com\/nuevapagina\/index.php\/2026\/04\/23\/mediacion-local-para-frenar-conflictos-comunitarios-en-oaxaca-estrategia-impulsada-desde-el-tsjeo\/#article","isPartOf":{"@id":"https:\/\/cvnoticias.com\/nuevapagina\/index.php\/2026\/04\/23\/mediacion-local-para-frenar-conflictos-comunitarios-en-oaxaca-estrategia-impulsada-desde-el-tsjeo\/"},"author":{"name":"CvNoticias","@id":"https:\/\/cvnoticias.com\/nuevapagina\/#\/schema\/person\/19e35f246421a31486be7321065f7463"},"headline":"Mediaci\u00f3n local para frenar conflictos comunitarios en Oaxaca, estrategia impulsada desde el TSJEO","datePublished":"2026-04-23T20:48:49+00:00","dateModified":"2026-04-23T20:48:50+00:00","mainEntityOfPage":{"@id":"https:\/\/cvnoticias.com\/nuevapagina\/index.php\/2026\/04\/23\/mediacion-local-para-frenar-conflictos-comunitarios-en-oaxaca-estrategia-impulsada-desde-el-tsjeo\/"},"wordCount":349,"commentCount":0,"publisher":{"@id":"https:\/\/cvnoticias.com\/nuevapagina\/#organization"},"image":{"@id":"https:\/\/cvnoticias.com\/nuevapagina\/index.php\/2026\/04\/23\/mediacion-local-para-frenar-conflictos-comunitarios-en-oaxaca-estrategia-impulsada-desde-el-tsjeo\/#primaryimage"},"thumbnailUrl":"https:\/\/cvnoticias.com\/nuevapagina\/wp-content\/uploads\/2026\/04\/IMG_6572.jpeg","articleSection":["Estatales"],"inLanguage":"es","potentialAction":[{"@type":"CommentAction","name":"Comment","target":["https:\/\/cvnoticias.com\/nuevapagina\/index.php\/2026\/04\/23\/mediacion-local-para-frenar-conflictos-comunitarios-en-oaxaca-estrategia-impulsada-desde-el-tsjeo\/#respond"]}]},{"@type":"WebPage","@id":"https:\/\/cvnoticias.com\/nuevapagina\/index.php\/2026\/04\/23\/mediacion-local-para-frenar-conflictos-comunitarios-en-oaxaca-estrategia-impulsada-desde-el-tsjeo\/","url":"https:\/\/cvnoticias.com\/nuevapagina\/index.php\/2026\/04\/23\/mediacion-local-para-frenar-conflictos-comunitarios-en-oaxaca-estrategia-impulsada-desde-el-tsjeo\/","name":"Mediaci\u00f3n local para frenar conflictos comunitarios en Oaxaca, estrategia impulsada desde el TSJEO - CV Noticias","isPartOf":{"@id":"https:\/\/cvnoticias.com\/nuevapagina\/#website"},"primaryImageOfPage":{"@id":"https:\/\/cvnoticias.com\/nuevapagina\/index.php\/2026\/04\/23\/mediacion-local-para-frenar-conflictos-comunitarios-en-oaxaca-estrategia-impulsada-desde-el-tsjeo\/#primaryimage"},"image":{"@id":"https:\/\/cvnoticias.com\/nuevapagina\/index.php\/2026\/04\/23\/mediacion-local-para-frenar-conflictos-comunitarios-en-oaxaca-estrategia-impulsada-desde-el-tsjeo\/#primaryimage"},"thumbnailUrl":"https:\/\/cvnoticias.com\/nuevapagina\/wp-content\/uploads\/2026\/04\/IMG_6572.jpeg","datePublished":"2026-04-23T20:48:49+00:00","dateModified":"2026-04-23T20:48:50+00:00","breadcrumb":{"@id":"https:\/\/cvnoticias.com\/nuevapagina\/index.php\/2026\/04\/23\/mediacion-local-para-frenar-conflictos-comunitarios-en-oaxaca-estrategia-impulsada-desde-el-tsjeo\/#breadcrumb"},"inLanguage":"es","potentialAction":[{"@type":"ReadAction","target":["https:\/\/cvnoticias.com\/nuevapagina\/index.php\/2026\/04\/23\/mediacion-local-para-frenar-conflictos-comunitarios-en-oaxaca-estrategia-impulsada-desde-el-tsjeo\/"]}]},{"@type":"ImageObject","inLanguage":"es","@id":"https:\/\/cvnoticias.com\/nuevapagina\/index.php\/2026\/04\/23\/mediacion-local-para-frenar-conflictos-comunitarios-en-oaxaca-estrategia-impulsada-desde-el-tsjeo\/#primaryimage","url":"https:\/\/cvnoticias.com\/nuevapagina\/wp-content\/uploads\/2026\/04\/IMG_6572.jpeg","contentUrl":"https:\/\/cvnoticias.com\/nuevapagina\/wp-content\/uploads\/2026\/04\/IMG_6572.jpeg","width":345,"height":194},{"@type":"BreadcrumbList","@id":"https:\/\/cvnoticias.com\/nuevapagina\/index.php\/2026\/04\/23\/mediacion-local-para-frenar-conflictos-comunitarios-en-oaxaca-estrategia-impulsada-desde-el-tsjeo\/#breadcrumb","itemListElement":[{"@type":"ListItem","position":1,"name":"Portada","item":"https:\/\/cvnoticias.com\/nuevapagina\/"},{"@type":"ListItem","position":2,"name":"Mediaci\u00f3n local para frenar conflictos comunitarios en Oaxaca, estrategia impulsada desde el TSJEO"}]},{"@type":"WebSite","@id":"https:\/\/cvnoticias.com\/nuevapagina\/#website","url":"https:\/\/cvnoticias.com\/nuevapagina\/","name":"CV Noticias","description":"Noticias de Oaxaca","publisher":{"@id":"https:\/\/cvnoticias.com\/nuevapagina\/#organization"},"potentialAction":[{"@type":"SearchAction","target":{"@type":"EntryPoint","urlTemplate":"https:\/\/cvnoticias.com\/nuevapagina\/?s={search_term_string}"},"query-input":{"@type":"PropertyValueSpecification","valueRequired":true,"valueName":"search_term_string"}}],"inLanguage":"es"},{"@type":"Organization","@id":"https:\/\/cvnoticias.com\/nuevapagina\/#organization","name":"CV Noticias","url":"https:\/\/cvnoticias.com\/nuevapagina\/","logo":{"@type":"ImageObject","inLanguage":"es","@id":"https:\/\/cvnoticias.com\/nuevapagina\/#\/schema\/logo\/image\/","url":"https:\/\/cvnoticias.com\/nuevapagina\/wp-content\/uploads\/2025\/05\/cropped-logo-1.png","contentUrl":"https:\/\/cvnoticias.com\/nuevapagina\/wp-content\/uploads\/2025\/05\/cropped-logo-1.png","width":320,"height":118,"caption":"CV Noticias"},"image":{"@id":"https:\/\/cvnoticias.com\/nuevapagina\/#\/schema\/logo\/image\/"}},{"@type":"Person","@id":"https:\/\/cvnoticias.com\/nuevapagina\/#\/schema\/person\/19e35f246421a31486be7321065f7463","name":"CvNoticias","image":{"@type":"ImageObject","inLanguage":"es","@id":"https:\/\/secure.gravatar.com\/avatar\/c3a4375d38fd8f9b34ac9e853cb706a079817c78f9a39e33b16a2b2b2e51688a?s=96&d=mm&r=g","url":"https:\/\/secure.gravatar.com\/avatar\/c3a4375d38fd8f9b34ac9e853cb706a079817c78f9a39e33b16a2b2b2e51688a?s=96&d=mm&r=g","contentUrl":"https:\/\/secure.gravatar.com\/avatar\/c3a4375d38fd8f9b34ac9e853cb706a079817c78f9a39e33b16a2b2b2e51688a?s=96&d=mm&r=g","caption":"CvNoticias"},"url":"https:\/\/cvnoticias.com\/nuevapagina\/index.php\/author\/gesner\/"}]}},"_links":{"self":[{"href":"https:\/\/cvnoticias.com\/nuevapagina\/index.php\/wp-json\/wp\/v2\/posts\/7440","targetHints":{"allow":["GET"]}}],"collection":[{"href":"https:\/\/cvnoticias.com\/nuevapagina\/index.php\/wp-json\/wp\/v2\/posts"}],"about":[{"href":"https:\/\/cvnoticias.com\/nuevapagina\/index.php\/wp-json\/wp\/v2\/types\/post"}],"author":[{"embeddable":true,"href":"https:\/\/cvnoticias.com\/nuevapagina\/index.php\/wp-json\/wp\/v2\/users\/2"}],"replies":[{"embeddable":true,"href":"https:\/\/cvnoticias.com\/nuevapagina\/index.php\/wp-json\/wp\/v2\/comments?post=7440"}],"version-history":[{"count":1,"href":"https:\/\/cvnoticias.com\/nuevapagina\/index.php\/wp-json\/wp\/v2\/posts\/7440\/revisions"}],"predecessor-version":[{"id":7442,"href":"https:\/\/cvnoticias.com\/nuevapagina\/index.php\/wp-json\/wp\/v2\/posts\/7440\/revisions\/7442"}],"wp:featuredmedia":[{"embeddable":true,"href":"https:\/\/cvnoticias.com\/nuevapagina\/index.php\/wp-json\/wp\/v2\/media\/7441"}],"wp:attachment":[{"href":"https:\/\/cvnoticias.com\/nuevapagina\/index.php\/wp-json\/wp\/v2\/media?parent=7440"}],"wp:term":[{"taxonomy":"category","embeddable":true,"href":"https:\/\/cvnoticias.com\/nuevapagina\/index.php\/wp-json\/wp\/v2\/categories?post=7440"},{"taxonomy":"post_tag","embeddable":true,"href":"https:\/\/cvnoticias.com\/nuevapagina\/index.php\/wp-json\/wp\/v2\/tags?post=7440"}],"curies":[{"name":"wp","href":"https:\/\/api.w.org\/{rel}","templated":true}]}}