{"id":7430,"date":"2026-04-23T15:07:45","date_gmt":"2026-04-23T15:07:45","guid":{"rendered":"https:\/\/cvnoticias.com\/nuevapagina\/?p=7430"},"modified":"2026-04-23T15:07:47","modified_gmt":"2026-04-23T15:07:47","slug":"refuerzan-acciones-por-la-paz-y-la-seguridad-en-oaxaca-de-juarez","status":"publish","type":"post","link":"https:\/\/cvnoticias.com\/nuevapagina\/index.php\/2026\/04\/23\/refuerzan-acciones-por-la-paz-y-la-seguridad-en-oaxaca-de-juarez\/","title":{"rendered":"Refuerzan acciones por la paz y la seguridad en Oaxaca de Ju\u00e1rez"},"content":{"rendered":"\n<p>Gobierno Municipal se suma al programa \u201cS\u00ed al Desarme, S\u00ed a la Paz\u201d para promover entornos seguros y fortalecer la convivencia social<\/p>\n\n\n\n<p>Oaxaca de Ju\u00e1rez, Oax.\u2013 En el marco del programa \u201cS\u00ed al Desarme, S\u00ed a la Paz\u201d, el Oficial Mayor de Oaxaca de Ju\u00e1rez, Jorge Gandarillas L\u00f3pez, particip\u00f3 en un acto encabezado por el Gobernador del Estado, Salom\u00f3n Jara Cruz, con el objetivo de fortalecer la cultura de la paz y la seguridad en la entidad.<\/p>\n\n\n\n<p>Durante esta actividad, el servidor p\u00fablico municipal acompa\u00f1\u00f3 al Presidente Municipal, Ray Chagoya, reiterando el compromiso del Gobierno Municipal de Oaxaca de Ju\u00e1rez de trabajar de manera coordinada con los distintos \u00f3rdenes de gobierno en favor del bienestar de la ciudadan\u00eda.<\/p>\n\n\n\n<p>Este programa impulsa la prevenci\u00f3n de la violencia a trav\u00e9s del desarme voluntario, contribuyendo a la construcci\u00f3n de entornos m\u00e1s seguros y a la consolidaci\u00f3n de una convivencia social basada en el respeto y la paz.<\/p>\n\n\n\n<p>En este sentido, Gandarillas L\u00f3pez se\u00f1al\u00f3 que este programa representa un paso firme hacia la construcci\u00f3n de una sociedad m\u00e1s segura, al fomentar la participaci\u00f3n ciudadana y la corresponsabilidad en la prevenci\u00f3n de la violencia, destacando que la paz se construye todos los d\u00edas con acciones concretas y con la suma de esfuerzos entre gobierno y sociedad.<\/p>\n\n\n\n<p>Con ello, el Gobierno de Oaxaca de Ju\u00e1rez refrenda su compromiso de impulsar acciones que fortalezcan la seguridad y eleven la calidad de vida de las familias oaxaque\u00f1as.<\/p>\n\n\n\n<p><\/p>\n","protected":false},"excerpt":{"rendered":"<p>Gobierno Municipal se suma al programa \u201cS\u00ed al Desarme, S\u00ed a la Paz\u201d para promover&#8230;<\/p>\n","protected":false},"author":2,"featured_media":7431,"comment_status":"open","ping_status":"closed","sticky":false,"template":"","format":"standard","meta":{"footnotes":""},"categories":[3],"tags":[],"class_list":["post-7430","post","type-post","status-publish","format-standard","has-post-thumbnail","hentry","category-comunicadosdeprensa"],"yoast_head":"<!-- This site is optimized with the Yoast SEO plugin v27.5 - https:\/\/yoast.com\/product\/yoast-seo-wordpress\/ -->\n<title>Refuerzan acciones por la paz y la seguridad en Oaxaca de Ju\u00e1rez - CV Noticias<\/title>\n<meta name=\"robots\" content=\"index, follow, max-snippet:-1, max-image-preview:large, max-video-preview:-1\" \/>\n<link rel=\"canonical\" href=\"https:\/\/cvnoticias.com\/nuevapagina\/index.php\/2026\/04\/23\/refuerzan-acciones-por-la-paz-y-la-seguridad-en-oaxaca-de-juarez\/\" \/>\n<meta property=\"og:locale\" content=\"es_ES\" \/>\n<meta property=\"og:type\" content=\"article\" \/>\n<meta property=\"og:title\" content=\"Refuerzan acciones por la paz y la seguridad en Oaxaca de Ju\u00e1rez - CV Noticias\" \/>\n<meta property=\"og:description\" content=\"Gobierno Municipal se suma al programa \u201cS\u00ed al Desarme, S\u00ed a la Paz\u201d para promover...\" \/>\n<meta property=\"og:url\" content=\"https:\/\/cvnoticias.com\/nuevapagina\/index.php\/2026\/04\/23\/refuerzan-acciones-por-la-paz-y-la-seguridad-en-oaxaca-de-juarez\/\" \/>\n<meta property=\"og:site_name\" content=\"CV Noticias\" \/>\n<meta property=\"article:published_time\" content=\"2026-04-23T15:07:45+00:00\" \/>\n<meta property=\"article:modified_time\" content=\"2026-04-23T15:07:47+00:00\" \/>\n<meta property=\"og:image\" content=\"https:\/\/cvnoticias.com\/nuevapagina\/wp-content\/uploads\/2026\/04\/a3641fbb-bda9-490c-a522-2d8c7de6a3a7.jpeg\" \/>\n\t<meta property=\"og:image:width\" content=\"1280\" \/>\n\t<meta property=\"og:image:height\" content=\"853\" \/>\n\t<meta property=\"og:image:type\" content=\"image\/jpeg\" \/>\n<meta name=\"author\" content=\"CvNoticias\" \/>\n<meta name=\"twitter:card\" content=\"summary_large_image\" \/>\n<meta name=\"twitter:label1\" content=\"Escrito por\" \/>\n\t<meta name=\"twitter:data1\" content=\"CvNoticias\" \/>\n\t<meta name=\"twitter:label2\" content=\"Tiempo de lectura\" \/>\n\t<meta name=\"twitter:data2\" content=\"2 minutos\" \/>\n<script type=\"application\/ld+json\" class=\"yoast-schema-graph\">{\"@context\":\"https:\\\/\\\/schema.org\",\"@graph\":[{\"@type\":\"Article\",\"@id\":\"https:\\\/\\\/cvnoticias.com\\\/nuevapagina\\\/index.php\\\/2026\\\/04\\\/23\\\/refuerzan-acciones-por-la-paz-y-la-seguridad-en-oaxaca-de-juarez\\\/#article\",\"isPartOf\":{\"@id\":\"https:\\\/\\\/cvnoticias.com\\\/nuevapagina\\\/index.php\\\/2026\\\/04\\\/23\\\/refuerzan-acciones-por-la-paz-y-la-seguridad-en-oaxaca-de-juarez\\\/\"},\"author\":{\"name\":\"CvNoticias\",\"@id\":\"https:\\\/\\\/cvnoticias.com\\\/nuevapagina\\\/#\\\/schema\\\/person\\\/19e35f246421a31486be7321065f7463\"},\"headline\":\"Refuerzan acciones por la paz y la seguridad en Oaxaca de Ju\u00e1rez\",\"datePublished\":\"2026-04-23T15:07:45+00:00\",\"dateModified\":\"2026-04-23T15:07:47+00:00\",\"mainEntityOfPage\":{\"@id\":\"https:\\\/\\\/cvnoticias.com\\\/nuevapagina\\\/index.php\\\/2026\\\/04\\\/23\\\/refuerzan-acciones-por-la-paz-y-la-seguridad-en-oaxaca-de-juarez\\\/\"},\"wordCount\":273,\"commentCount\":0,\"publisher\":{\"@id\":\"https:\\\/\\\/cvnoticias.com\\\/nuevapagina\\\/#organization\"},\"image\":{\"@id\":\"https:\\\/\\\/cvnoticias.com\\\/nuevapagina\\\/index.php\\\/2026\\\/04\\\/23\\\/refuerzan-acciones-por-la-paz-y-la-seguridad-en-oaxaca-de-juarez\\\/#primaryimage\"},\"thumbnailUrl\":\"https:\\\/\\\/cvnoticias.com\\\/nuevapagina\\\/wp-content\\\/uploads\\\/2026\\\/04\\\/a3641fbb-bda9-490c-a522-2d8c7de6a3a7.jpeg\",\"articleSection\":[\"Comunicados\"],\"inLanguage\":\"es\",\"potentialAction\":[{\"@type\":\"CommentAction\",\"name\":\"Comment\",\"target\":[\"https:\\\/\\\/cvnoticias.com\\\/nuevapagina\\\/index.php\\\/2026\\\/04\\\/23\\\/refuerzan-acciones-por-la-paz-y-la-seguridad-en-oaxaca-de-juarez\\\/#respond\"]}]},{\"@type\":\"WebPage\",\"@id\":\"https:\\\/\\\/cvnoticias.com\\\/nuevapagina\\\/index.php\\\/2026\\\/04\\\/23\\\/refuerzan-acciones-por-la-paz-y-la-seguridad-en-oaxaca-de-juarez\\\/\",\"url\":\"https:\\\/\\\/cvnoticias.com\\\/nuevapagina\\\/index.php\\\/2026\\\/04\\\/23\\\/refuerzan-acciones-por-la-paz-y-la-seguridad-en-oaxaca-de-juarez\\\/\",\"name\":\"Refuerzan acciones por la paz y la seguridad en Oaxaca de Ju\u00e1rez - CV Noticias\",\"isPartOf\":{\"@id\":\"https:\\\/\\\/cvnoticias.com\\\/nuevapagina\\\/#website\"},\"primaryImageOfPage\":{\"@id\":\"https:\\\/\\\/cvnoticias.com\\\/nuevapagina\\\/index.php\\\/2026\\\/04\\\/23\\\/refuerzan-acciones-por-la-paz-y-la-seguridad-en-oaxaca-de-juarez\\\/#primaryimage\"},\"image\":{\"@id\":\"https:\\\/\\\/cvnoticias.com\\\/nuevapagina\\\/index.php\\\/2026\\\/04\\\/23\\\/refuerzan-acciones-por-la-paz-y-la-seguridad-en-oaxaca-de-juarez\\\/#primaryimage\"},\"thumbnailUrl\":\"https:\\\/\\\/cvnoticias.com\\\/nuevapagina\\\/wp-content\\\/uploads\\\/2026\\\/04\\\/a3641fbb-bda9-490c-a522-2d8c7de6a3a7.jpeg\",\"datePublished\":\"2026-04-23T15:07:45+00:00\",\"dateModified\":\"2026-04-23T15:07:47+00:00\",\"breadcrumb\":{\"@id\":\"https:\\\/\\\/cvnoticias.com\\\/nuevapagina\\\/index.php\\\/2026\\\/04\\\/23\\\/refuerzan-acciones-por-la-paz-y-la-seguridad-en-oaxaca-de-juarez\\\/#breadcrumb\"},\"inLanguage\":\"es\",\"potentialAction\":[{\"@type\":\"ReadAction\",\"target\":[\"https:\\\/\\\/cvnoticias.com\\\/nuevapagina\\\/index.php\\\/2026\\\/04\\\/23\\\/refuerzan-acciones-por-la-paz-y-la-seguridad-en-oaxaca-de-juarez\\\/\"]}]},{\"@type\":\"ImageObject\",\"inLanguage\":\"es\",\"@id\":\"https:\\\/\\\/cvnoticias.com\\\/nuevapagina\\\/index.php\\\/2026\\\/04\\\/23\\\/refuerzan-acciones-por-la-paz-y-la-seguridad-en-oaxaca-de-juarez\\\/#primaryimage\",\"url\":\"https:\\\/\\\/cvnoticias.com\\\/nuevapagina\\\/wp-content\\\/uploads\\\/2026\\\/04\\\/a3641fbb-bda9-490c-a522-2d8c7de6a3a7.jpeg\",\"contentUrl\":\"https:\\\/\\\/cvnoticias.com\\\/nuevapagina\\\/wp-content\\\/uploads\\\/2026\\\/04\\\/a3641fbb-bda9-490c-a522-2d8c7de6a3a7.jpeg\",\"width\":1280,\"height\":853},{\"@type\":\"BreadcrumbList\",\"@id\":\"https:\\\/\\\/cvnoticias.com\\\/nuevapagina\\\/index.php\\\/2026\\\/04\\\/23\\\/refuerzan-acciones-por-la-paz-y-la-seguridad-en-oaxaca-de-juarez\\\/#breadcrumb\",\"itemListElement\":[{\"@type\":\"ListItem\",\"position\":1,\"name\":\"Portada\",\"item\":\"https:\\\/\\\/cvnoticias.com\\\/nuevapagina\\\/\"},{\"@type\":\"ListItem\",\"position\":2,\"name\":\"Refuerzan acciones por la paz y la seguridad en Oaxaca de Ju\u00e1rez\"}]},{\"@type\":\"WebSite\",\"@id\":\"https:\\\/\\\/cvnoticias.com\\\/nuevapagina\\\/#website\",\"url\":\"https:\\\/\\\/cvnoticias.com\\\/nuevapagina\\\/\",\"name\":\"CV Noticias\",\"description\":\"Noticias de Oaxaca\",\"publisher\":{\"@id\":\"https:\\\/\\\/cvnoticias.com\\\/nuevapagina\\\/#organization\"},\"potentialAction\":[{\"@type\":\"SearchAction\",\"target\":{\"@type\":\"EntryPoint\",\"urlTemplate\":\"https:\\\/\\\/cvnoticias.com\\\/nuevapagina\\\/?s={search_term_string}\"},\"query-input\":{\"@type\":\"PropertyValueSpecification\",\"valueRequired\":true,\"valueName\":\"search_term_string\"}}],\"inLanguage\":\"es\"},{\"@type\":\"Organization\",\"@id\":\"https:\\\/\\\/cvnoticias.com\\\/nuevapagina\\\/#organization\",\"name\":\"CV Noticias\",\"url\":\"https:\\\/\\\/cvnoticias.com\\\/nuevapagina\\\/\",\"logo\":{\"@type\":\"ImageObject\",\"inLanguage\":\"es\",\"@id\":\"https:\\\/\\\/cvnoticias.com\\\/nuevapagina\\\/#\\\/schema\\\/logo\\\/image\\\/\",\"url\":\"https:\\\/\\\/cvnoticias.com\\\/nuevapagina\\\/wp-content\\\/uploads\\\/2025\\\/05\\\/cropped-logo-1.png\",\"contentUrl\":\"https:\\\/\\\/cvnoticias.com\\\/nuevapagina\\\/wp-content\\\/uploads\\\/2025\\\/05\\\/cropped-logo-1.png\",\"width\":320,\"height\":118,\"caption\":\"CV Noticias\"},\"image\":{\"@id\":\"https:\\\/\\\/cvnoticias.com\\\/nuevapagina\\\/#\\\/schema\\\/logo\\\/image\\\/\"}},{\"@type\":\"Person\",\"@id\":\"https:\\\/\\\/cvnoticias.com\\\/nuevapagina\\\/#\\\/schema\\\/person\\\/19e35f246421a31486be7321065f7463\",\"name\":\"CvNoticias\",\"image\":{\"@type\":\"ImageObject\",\"inLanguage\":\"es\",\"@id\":\"https:\\\/\\\/secure.gravatar.com\\\/avatar\\\/c3a4375d38fd8f9b34ac9e853cb706a079817c78f9a39e33b16a2b2b2e51688a?s=96&d=mm&r=g\",\"url\":\"https:\\\/\\\/secure.gravatar.com\\\/avatar\\\/c3a4375d38fd8f9b34ac9e853cb706a079817c78f9a39e33b16a2b2b2e51688a?s=96&d=mm&r=g\",\"contentUrl\":\"https:\\\/\\\/secure.gravatar.com\\\/avatar\\\/c3a4375d38fd8f9b34ac9e853cb706a079817c78f9a39e33b16a2b2b2e51688a?s=96&d=mm&r=g\",\"caption\":\"CvNoticias\"},\"url\":\"https:\\\/\\\/cvnoticias.com\\\/nuevapagina\\\/index.php\\\/author\\\/gesner\\\/\"}]}<\/script>\n<!-- \/ Yoast SEO plugin. -->","yoast_head_json":{"title":"Refuerzan acciones por la paz y la seguridad en Oaxaca de Ju\u00e1rez - CV Noticias","robots":{"index":"index","follow":"follow","max-snippet":"max-snippet:-1","max-image-preview":"max-image-preview:large","max-video-preview":"max-video-preview:-1"},"canonical":"https:\/\/cvnoticias.com\/nuevapagina\/index.php\/2026\/04\/23\/refuerzan-acciones-por-la-paz-y-la-seguridad-en-oaxaca-de-juarez\/","og_locale":"es_ES","og_type":"article","og_title":"Refuerzan acciones por la paz y la seguridad en Oaxaca de Ju\u00e1rez - CV Noticias","og_description":"Gobierno Municipal se suma al programa \u201cS\u00ed al Desarme, S\u00ed a la Paz\u201d para promover...","og_url":"https:\/\/cvnoticias.com\/nuevapagina\/index.php\/2026\/04\/23\/refuerzan-acciones-por-la-paz-y-la-seguridad-en-oaxaca-de-juarez\/","og_site_name":"CV Noticias","article_published_time":"2026-04-23T15:07:45+00:00","article_modified_time":"2026-04-23T15:07:47+00:00","og_image":[{"width":1280,"height":853,"url":"https:\/\/cvnoticias.com\/nuevapagina\/wp-content\/uploads\/2026\/04\/a3641fbb-bda9-490c-a522-2d8c7de6a3a7.jpeg","type":"image\/jpeg"}],"author":"CvNoticias","twitter_card":"summary_large_image","twitter_misc":{"Escrito por":"CvNoticias","Tiempo de lectura":"2 minutos"},"schema":{"@context":"https:\/\/schema.org","@graph":[{"@type":"Article","@id":"https:\/\/cvnoticias.com\/nuevapagina\/index.php\/2026\/04\/23\/refuerzan-acciones-por-la-paz-y-la-seguridad-en-oaxaca-de-juarez\/#article","isPartOf":{"@id":"https:\/\/cvnoticias.com\/nuevapagina\/index.php\/2026\/04\/23\/refuerzan-acciones-por-la-paz-y-la-seguridad-en-oaxaca-de-juarez\/"},"author":{"name":"CvNoticias","@id":"https:\/\/cvnoticias.com\/nuevapagina\/#\/schema\/person\/19e35f246421a31486be7321065f7463"},"headline":"Refuerzan acciones por la paz y la seguridad en Oaxaca de Ju\u00e1rez","datePublished":"2026-04-23T15:07:45+00:00","dateModified":"2026-04-23T15:07:47+00:00","mainEntityOfPage":{"@id":"https:\/\/cvnoticias.com\/nuevapagina\/index.php\/2026\/04\/23\/refuerzan-acciones-por-la-paz-y-la-seguridad-en-oaxaca-de-juarez\/"},"wordCount":273,"commentCount":0,"publisher":{"@id":"https:\/\/cvnoticias.com\/nuevapagina\/#organization"},"image":{"@id":"https:\/\/cvnoticias.com\/nuevapagina\/index.php\/2026\/04\/23\/refuerzan-acciones-por-la-paz-y-la-seguridad-en-oaxaca-de-juarez\/#primaryimage"},"thumbnailUrl":"https:\/\/cvnoticias.com\/nuevapagina\/wp-content\/uploads\/2026\/04\/a3641fbb-bda9-490c-a522-2d8c7de6a3a7.jpeg","articleSection":["Comunicados"],"inLanguage":"es","potentialAction":[{"@type":"CommentAction","name":"Comment","target":["https:\/\/cvnoticias.com\/nuevapagina\/index.php\/2026\/04\/23\/refuerzan-acciones-por-la-paz-y-la-seguridad-en-oaxaca-de-juarez\/#respond"]}]},{"@type":"WebPage","@id":"https:\/\/cvnoticias.com\/nuevapagina\/index.php\/2026\/04\/23\/refuerzan-acciones-por-la-paz-y-la-seguridad-en-oaxaca-de-juarez\/","url":"https:\/\/cvnoticias.com\/nuevapagina\/index.php\/2026\/04\/23\/refuerzan-acciones-por-la-paz-y-la-seguridad-en-oaxaca-de-juarez\/","name":"Refuerzan acciones por la paz y la seguridad en Oaxaca de Ju\u00e1rez - CV Noticias","isPartOf":{"@id":"https:\/\/cvnoticias.com\/nuevapagina\/#website"},"primaryImageOfPage":{"@id":"https:\/\/cvnoticias.com\/nuevapagina\/index.php\/2026\/04\/23\/refuerzan-acciones-por-la-paz-y-la-seguridad-en-oaxaca-de-juarez\/#primaryimage"},"image":{"@id":"https:\/\/cvnoticias.com\/nuevapagina\/index.php\/2026\/04\/23\/refuerzan-acciones-por-la-paz-y-la-seguridad-en-oaxaca-de-juarez\/#primaryimage"},"thumbnailUrl":"https:\/\/cvnoticias.com\/nuevapagina\/wp-content\/uploads\/2026\/04\/a3641fbb-bda9-490c-a522-2d8c7de6a3a7.jpeg","datePublished":"2026-04-23T15:07:45+00:00","dateModified":"2026-04-23T15:07:47+00:00","breadcrumb":{"@id":"https:\/\/cvnoticias.com\/nuevapagina\/index.php\/2026\/04\/23\/refuerzan-acciones-por-la-paz-y-la-seguridad-en-oaxaca-de-juarez\/#breadcrumb"},"inLanguage":"es","potentialAction":[{"@type":"ReadAction","target":["https:\/\/cvnoticias.com\/nuevapagina\/index.php\/2026\/04\/23\/refuerzan-acciones-por-la-paz-y-la-seguridad-en-oaxaca-de-juarez\/"]}]},{"@type":"ImageObject","inLanguage":"es","@id":"https:\/\/cvnoticias.com\/nuevapagina\/index.php\/2026\/04\/23\/refuerzan-acciones-por-la-paz-y-la-seguridad-en-oaxaca-de-juarez\/#primaryimage","url":"https:\/\/cvnoticias.com\/nuevapagina\/wp-content\/uploads\/2026\/04\/a3641fbb-bda9-490c-a522-2d8c7de6a3a7.jpeg","contentUrl":"https:\/\/cvnoticias.com\/nuevapagina\/wp-content\/uploads\/2026\/04\/a3641fbb-bda9-490c-a522-2d8c7de6a3a7.jpeg","width":1280,"height":853},{"@type":"BreadcrumbList","@id":"https:\/\/cvnoticias.com\/nuevapagina\/index.php\/2026\/04\/23\/refuerzan-acciones-por-la-paz-y-la-seguridad-en-oaxaca-de-juarez\/#breadcrumb","itemListElement":[{"@type":"ListItem","position":1,"name":"Portada","item":"https:\/\/cvnoticias.com\/nuevapagina\/"},{"@type":"ListItem","position":2,"name":"Refuerzan acciones por la paz y la seguridad en Oaxaca de Ju\u00e1rez"}]},{"@type":"WebSite","@id":"https:\/\/cvnoticias.com\/nuevapagina\/#website","url":"https:\/\/cvnoticias.com\/nuevapagina\/","name":"CV Noticias","description":"Noticias de Oaxaca","publisher":{"@id":"https:\/\/cvnoticias.com\/nuevapagina\/#organization"},"potentialAction":[{"@type":"SearchAction","target":{"@type":"EntryPoint","urlTemplate":"https:\/\/cvnoticias.com\/nuevapagina\/?s={search_term_string}"},"query-input":{"@type":"PropertyValueSpecification","valueRequired":true,"valueName":"search_term_string"}}],"inLanguage":"es"},{"@type":"Organization","@id":"https:\/\/cvnoticias.com\/nuevapagina\/#organization","name":"CV Noticias","url":"https:\/\/cvnoticias.com\/nuevapagina\/","logo":{"@type":"ImageObject","inLanguage":"es","@id":"https:\/\/cvnoticias.com\/nuevapagina\/#\/schema\/logo\/image\/","url":"https:\/\/cvnoticias.com\/nuevapagina\/wp-content\/uploads\/2025\/05\/cropped-logo-1.png","contentUrl":"https:\/\/cvnoticias.com\/nuevapagina\/wp-content\/uploads\/2025\/05\/cropped-logo-1.png","width":320,"height":118,"caption":"CV Noticias"},"image":{"@id":"https:\/\/cvnoticias.com\/nuevapagina\/#\/schema\/logo\/image\/"}},{"@type":"Person","@id":"https:\/\/cvnoticias.com\/nuevapagina\/#\/schema\/person\/19e35f246421a31486be7321065f7463","name":"CvNoticias","image":{"@type":"ImageObject","inLanguage":"es","@id":"https:\/\/secure.gravatar.com\/avatar\/c3a4375d38fd8f9b34ac9e853cb706a079817c78f9a39e33b16a2b2b2e51688a?s=96&d=mm&r=g","url":"https:\/\/secure.gravatar.com\/avatar\/c3a4375d38fd8f9b34ac9e853cb706a079817c78f9a39e33b16a2b2b2e51688a?s=96&d=mm&r=g","contentUrl":"https:\/\/secure.gravatar.com\/avatar\/c3a4375d38fd8f9b34ac9e853cb706a079817c78f9a39e33b16a2b2b2e51688a?s=96&d=mm&r=g","caption":"CvNoticias"},"url":"https:\/\/cvnoticias.com\/nuevapagina\/index.php\/author\/gesner\/"}]}},"_links":{"self":[{"href":"https:\/\/cvnoticias.com\/nuevapagina\/index.php\/wp-json\/wp\/v2\/posts\/7430","targetHints":{"allow":["GET"]}}],"collection":[{"href":"https:\/\/cvnoticias.com\/nuevapagina\/index.php\/wp-json\/wp\/v2\/posts"}],"about":[{"href":"https:\/\/cvnoticias.com\/nuevapagina\/index.php\/wp-json\/wp\/v2\/types\/post"}],"author":[{"embeddable":true,"href":"https:\/\/cvnoticias.com\/nuevapagina\/index.php\/wp-json\/wp\/v2\/users\/2"}],"replies":[{"embeddable":true,"href":"https:\/\/cvnoticias.com\/nuevapagina\/index.php\/wp-json\/wp\/v2\/comments?post=7430"}],"version-history":[{"count":1,"href":"https:\/\/cvnoticias.com\/nuevapagina\/index.php\/wp-json\/wp\/v2\/posts\/7430\/revisions"}],"predecessor-version":[{"id":7432,"href":"https:\/\/cvnoticias.com\/nuevapagina\/index.php\/wp-json\/wp\/v2\/posts\/7430\/revisions\/7432"}],"wp:featuredmedia":[{"embeddable":true,"href":"https:\/\/cvnoticias.com\/nuevapagina\/index.php\/wp-json\/wp\/v2\/media\/7431"}],"wp:attachment":[{"href":"https:\/\/cvnoticias.com\/nuevapagina\/index.php\/wp-json\/wp\/v2\/media?parent=7430"}],"wp:term":[{"taxonomy":"category","embeddable":true,"href":"https:\/\/cvnoticias.com\/nuevapagina\/index.php\/wp-json\/wp\/v2\/categories?post=7430"},{"taxonomy":"post_tag","embeddable":true,"href":"https:\/\/cvnoticias.com\/nuevapagina\/index.php\/wp-json\/wp\/v2\/tags?post=7430"}],"curies":[{"name":"wp","href":"https:\/\/api.w.org\/{rel}","templated":true}]}}