{"id":6671,"date":"2026-03-27T02:18:10","date_gmt":"2026-03-27T02:18:10","guid":{"rendered":"https:\/\/cvnoticias.com\/nuevapagina\/?p=6671"},"modified":"2026-03-27T02:18:14","modified_gmt":"2026-03-27T02:18:14","slug":"inauguran-en-el-congreso-local-el-certamen-de-oratoria-licenciado-benito-juarez-garcia-2026","status":"publish","type":"post","link":"https:\/\/cvnoticias.com\/nuevapagina\/index.php\/2026\/03\/27\/inauguran-en-el-congreso-local-el-certamen-de-oratoria-licenciado-benito-juarez-garcia-2026\/","title":{"rendered":"Inauguran en el Congreso local el Certamen de Oratoria \u201cLicenciado Benito Ju\u00e1rez Garc\u00eda 2026\u201d"},"content":{"rendered":"\n<p><\/p>\n\n\n\n<ul class=\"wp-block-list\">\n<li>Mediante esta actividad se fortalece el uso de la palabra como herramienta para el di\u00e1logo, la formaci\u00f3n c\u00edvica y la participaci\u00f3n p\u00fablica de ni\u00f1as, ni\u00f1os y juventudes<\/li>\n<\/ul>\n\n\n\n<p>San Raymundo Jalpan, Oax., a 26 de marzo de 2026.- El Congreso del Estado de Oaxaca inaugur\u00f3 la etapa estatal de la edici\u00f3n XXIV del Certamen Estatal y Nacional de Oratoria \u201cLicenciado Benito Ju\u00e1rez Garc\u00eda 2026\u201d, en la que participan 203 ni\u00f1as, ni\u00f1os y j\u00f3venes provenientes de las ocho regiones de la entidad, con el prop\u00f3sito de impulsar la expresi\u00f3n, el pensamiento cr\u00edtico y la participaci\u00f3n de la ni\u00f1ez y juventudes en ejercicios que fortalezcan su formaci\u00f3n integral.<\/p>\n\n\n\n<p>Durante el acto inaugural de este encuentro, organizado por la Comisi\u00f3n Permanente de Educaci\u00f3n, Ciencia, Tecnolog\u00eda e Innovaci\u00f3n de la LXVI Legislatura, la presidenta de la Junta de Coordinaci\u00f3n Pol\u00edtica (Jucopo), diputada Tania Caballero Navarro, destac\u00f3 la importancia de la palabra como base para el entendimiento colectivo y el intercambio de ideas, al tiempo que subray\u00f3 que estos espacios contribuyen al desarrollo de habilidades comunicativas y al fortalecimiento de valores c\u00edvicos.<\/p>\n\n\n\n<p>Enfatiz\u00f3 que este certamen, inspirado en el legado del \u201cBenem\u00e9rito de las Am\u00e9ricas\u201d, permite a las y los participantes consolidar su capacidad de argumentaci\u00f3n, y asumir con responsabilidad su participaci\u00f3n en la vida p\u00fablica.<\/p>\n\n\n\n<p>Por su parte, la legisladora que preside el \u00f3rgano legislativo coordinador del evento, diputada Mar\u00eda Francisca Antonio Santiago, resalt\u00f3 el car\u00e1cter formativo de esta actividad, la cual se ha consolidado como un espacio de convivencia, donde las y los participantes expresan sus ideas con libertad y respeto.<\/p>\n\n\n\n<p>Se\u00f1al\u00f3 que la pr\u00e1ctica de la oratoria fortalece competencias mediante el dominio del lenguaje, la ret\u00f3rica y diversas t\u00e9cnicas de comunicaci\u00f3n, posicionando al Congreso local como un referente en la promoci\u00f3n de esta disciplina a nivel nacional.<\/p>\n\n\n\n<p>A su vez, la senadora Laura Estrada Mauro, reconoci\u00f3 el esfuerzo de quienes participan y el acompa\u00f1amiento de sus familias, al tiempo que los exhort\u00f3 a continuar prepar\u00e1ndose y desarrollando sus habilidades. Indic\u00f3 que m\u00e1s all\u00e1 de los resultados, este tipo de encuentros privilegia el aprendizaje y la experiencia adquirida, elementos fundamentales para su crecimiento personal y acad\u00e9mico.<\/p>\n\n\n\n<p>El evento cont\u00f3 con la participaci\u00f3n de la escolta y Banda de Guerra de la Escuela Secundaria T\u00e9cnica No. 100, de San Antonio de la Cal, as\u00ed como de la Orquesta Sinf\u00f3nica Infantil y Juvenil del Instituto Estatal de Educaci\u00f3n P\u00fablica de Oaxaca.<\/p>\n\n\n\n<p>Tambi\u00e9n, asistieron diputadas y diputados de la LXVI Legislatura Local, entre otras personalidades.<\/p>\n\n\n\n<p>En la edici\u00f3n 2026, compiten 50 participantes en la Categor\u00eda A (8 a 11 a\u00f1os), 82 en la Categor\u00eda B (12 a 15 a\u00f1os), 41 en la Categor\u00eda C (16 a 18 a\u00f1os) y 30 en la Categor\u00eda D (19 a 29 a\u00f1os). Las y los seleccionados avanzar\u00e1n a la etapa nacional, que se llevar\u00e1 a cabo el 27 de marzo, con la participaci\u00f3n de 21 concursantes de distintas entidades del pa\u00eds.<\/p>\n","protected":false},"excerpt":{"rendered":"<p>San Raymundo Jalpan, Oax., a 26 de marzo de 2026.- El Congreso del Estado de&#8230;<\/p>\n","protected":false},"author":2,"featured_media":6668,"comment_status":"open","ping_status":"closed","sticky":false,"template":"","format":"standard","meta":{"footnotes":""},"categories":[3],"tags":[],"class_list":["post-6671","post","type-post","status-publish","format-standard","has-post-thumbnail","hentry","category-comunicadosdeprensa"],"yoast_head":"<!-- This site is optimized with the Yoast SEO plugin v27.5 - https:\/\/yoast.com\/product\/yoast-seo-wordpress\/ -->\n<title>Inauguran en el Congreso local el Certamen de Oratoria \u201cLicenciado Benito Ju\u00e1rez Garc\u00eda 2026\u201d - CV Noticias<\/title>\n<meta name=\"robots\" content=\"index, follow, max-snippet:-1, max-image-preview:large, max-video-preview:-1\" \/>\n<link rel=\"canonical\" href=\"https:\/\/cvnoticias.com\/nuevapagina\/index.php\/2026\/03\/27\/inauguran-en-el-congreso-local-el-certamen-de-oratoria-licenciado-benito-juarez-garcia-2026\/\" \/>\n<meta property=\"og:locale\" content=\"es_ES\" \/>\n<meta property=\"og:type\" content=\"article\" \/>\n<meta property=\"og:title\" content=\"Inauguran en el Congreso local el Certamen de Oratoria \u201cLicenciado Benito Ju\u00e1rez Garc\u00eda 2026\u201d - CV Noticias\" \/>\n<meta property=\"og:description\" content=\"San Raymundo Jalpan, Oax., a 26 de marzo de 2026.- El Congreso del Estado de...\" \/>\n<meta property=\"og:url\" content=\"https:\/\/cvnoticias.com\/nuevapagina\/index.php\/2026\/03\/27\/inauguran-en-el-congreso-local-el-certamen-de-oratoria-licenciado-benito-juarez-garcia-2026\/\" \/>\n<meta property=\"og:site_name\" content=\"CV Noticias\" \/>\n<meta property=\"article:published_time\" content=\"2026-03-27T02:18:10+00:00\" \/>\n<meta property=\"article:modified_time\" content=\"2026-03-27T02:18:14+00:00\" \/>\n<meta property=\"og:image\" content=\"https:\/\/cvnoticias.com\/nuevapagina\/wp-content\/uploads\/2026\/03\/WhatsApp-Image-2026-03-26-at-6.36.00-PM.jpeg\" \/>\n\t<meta property=\"og:image:width\" content=\"1280\" \/>\n\t<meta property=\"og:image:height\" content=\"853\" \/>\n\t<meta property=\"og:image:type\" content=\"image\/jpeg\" \/>\n<meta name=\"author\" content=\"CvNoticias\" \/>\n<meta name=\"twitter:card\" content=\"summary_large_image\" \/>\n<meta name=\"twitter:label1\" content=\"Escrito por\" \/>\n\t<meta name=\"twitter:data1\" content=\"CvNoticias\" \/>\n\t<meta name=\"twitter:label2\" content=\"Tiempo de lectura\" \/>\n\t<meta name=\"twitter:data2\" content=\"3 minutos\" \/>\n<script type=\"application\/ld+json\" class=\"yoast-schema-graph\">{\"@context\":\"https:\\\/\\\/schema.org\",\"@graph\":[{\"@type\":\"Article\",\"@id\":\"https:\\\/\\\/cvnoticias.com\\\/nuevapagina\\\/index.php\\\/2026\\\/03\\\/27\\\/inauguran-en-el-congreso-local-el-certamen-de-oratoria-licenciado-benito-juarez-garcia-2026\\\/#article\",\"isPartOf\":{\"@id\":\"https:\\\/\\\/cvnoticias.com\\\/nuevapagina\\\/index.php\\\/2026\\\/03\\\/27\\\/inauguran-en-el-congreso-local-el-certamen-de-oratoria-licenciado-benito-juarez-garcia-2026\\\/\"},\"author\":{\"name\":\"CvNoticias\",\"@id\":\"https:\\\/\\\/cvnoticias.com\\\/nuevapagina\\\/#\\\/schema\\\/person\\\/19e35f246421a31486be7321065f7463\"},\"headline\":\"Inauguran en el Congreso local el Certamen de Oratoria \u201cLicenciado Benito Ju\u00e1rez Garc\u00eda 2026\u201d\",\"datePublished\":\"2026-03-27T02:18:10+00:00\",\"dateModified\":\"2026-03-27T02:18:14+00:00\",\"mainEntityOfPage\":{\"@id\":\"https:\\\/\\\/cvnoticias.com\\\/nuevapagina\\\/index.php\\\/2026\\\/03\\\/27\\\/inauguran-en-el-congreso-local-el-certamen-de-oratoria-licenciado-benito-juarez-garcia-2026\\\/\"},\"wordCount\":537,\"commentCount\":0,\"publisher\":{\"@id\":\"https:\\\/\\\/cvnoticias.com\\\/nuevapagina\\\/#organization\"},\"image\":{\"@id\":\"https:\\\/\\\/cvnoticias.com\\\/nuevapagina\\\/index.php\\\/2026\\\/03\\\/27\\\/inauguran-en-el-congreso-local-el-certamen-de-oratoria-licenciado-benito-juarez-garcia-2026\\\/#primaryimage\"},\"thumbnailUrl\":\"https:\\\/\\\/cvnoticias.com\\\/nuevapagina\\\/wp-content\\\/uploads\\\/2026\\\/03\\\/WhatsApp-Image-2026-03-26-at-6.36.00-PM.jpeg\",\"articleSection\":[\"Comunicados\"],\"inLanguage\":\"es\",\"potentialAction\":[{\"@type\":\"CommentAction\",\"name\":\"Comment\",\"target\":[\"https:\\\/\\\/cvnoticias.com\\\/nuevapagina\\\/index.php\\\/2026\\\/03\\\/27\\\/inauguran-en-el-congreso-local-el-certamen-de-oratoria-licenciado-benito-juarez-garcia-2026\\\/#respond\"]}]},{\"@type\":\"WebPage\",\"@id\":\"https:\\\/\\\/cvnoticias.com\\\/nuevapagina\\\/index.php\\\/2026\\\/03\\\/27\\\/inauguran-en-el-congreso-local-el-certamen-de-oratoria-licenciado-benito-juarez-garcia-2026\\\/\",\"url\":\"https:\\\/\\\/cvnoticias.com\\\/nuevapagina\\\/index.php\\\/2026\\\/03\\\/27\\\/inauguran-en-el-congreso-local-el-certamen-de-oratoria-licenciado-benito-juarez-garcia-2026\\\/\",\"name\":\"Inauguran en el Congreso local el Certamen de Oratoria \u201cLicenciado Benito Ju\u00e1rez Garc\u00eda 2026\u201d - CV Noticias\",\"isPartOf\":{\"@id\":\"https:\\\/\\\/cvnoticias.com\\\/nuevapagina\\\/#website\"},\"primaryImageOfPage\":{\"@id\":\"https:\\\/\\\/cvnoticias.com\\\/nuevapagina\\\/index.php\\\/2026\\\/03\\\/27\\\/inauguran-en-el-congreso-local-el-certamen-de-oratoria-licenciado-benito-juarez-garcia-2026\\\/#primaryimage\"},\"image\":{\"@id\":\"https:\\\/\\\/cvnoticias.com\\\/nuevapagina\\\/index.php\\\/2026\\\/03\\\/27\\\/inauguran-en-el-congreso-local-el-certamen-de-oratoria-licenciado-benito-juarez-garcia-2026\\\/#primaryimage\"},\"thumbnailUrl\":\"https:\\\/\\\/cvnoticias.com\\\/nuevapagina\\\/wp-content\\\/uploads\\\/2026\\\/03\\\/WhatsApp-Image-2026-03-26-at-6.36.00-PM.jpeg\",\"datePublished\":\"2026-03-27T02:18:10+00:00\",\"dateModified\":\"2026-03-27T02:18:14+00:00\",\"breadcrumb\":{\"@id\":\"https:\\\/\\\/cvnoticias.com\\\/nuevapagina\\\/index.php\\\/2026\\\/03\\\/27\\\/inauguran-en-el-congreso-local-el-certamen-de-oratoria-licenciado-benito-juarez-garcia-2026\\\/#breadcrumb\"},\"inLanguage\":\"es\",\"potentialAction\":[{\"@type\":\"ReadAction\",\"target\":[\"https:\\\/\\\/cvnoticias.com\\\/nuevapagina\\\/index.php\\\/2026\\\/03\\\/27\\\/inauguran-en-el-congreso-local-el-certamen-de-oratoria-licenciado-benito-juarez-garcia-2026\\\/\"]}]},{\"@type\":\"ImageObject\",\"inLanguage\":\"es\",\"@id\":\"https:\\\/\\\/cvnoticias.com\\\/nuevapagina\\\/index.php\\\/2026\\\/03\\\/27\\\/inauguran-en-el-congreso-local-el-certamen-de-oratoria-licenciado-benito-juarez-garcia-2026\\\/#primaryimage\",\"url\":\"https:\\\/\\\/cvnoticias.com\\\/nuevapagina\\\/wp-content\\\/uploads\\\/2026\\\/03\\\/WhatsApp-Image-2026-03-26-at-6.36.00-PM.jpeg\",\"contentUrl\":\"https:\\\/\\\/cvnoticias.com\\\/nuevapagina\\\/wp-content\\\/uploads\\\/2026\\\/03\\\/WhatsApp-Image-2026-03-26-at-6.36.00-PM.jpeg\",\"width\":1280,\"height\":853},{\"@type\":\"BreadcrumbList\",\"@id\":\"https:\\\/\\\/cvnoticias.com\\\/nuevapagina\\\/index.php\\\/2026\\\/03\\\/27\\\/inauguran-en-el-congreso-local-el-certamen-de-oratoria-licenciado-benito-juarez-garcia-2026\\\/#breadcrumb\",\"itemListElement\":[{\"@type\":\"ListItem\",\"position\":1,\"name\":\"Portada\",\"item\":\"https:\\\/\\\/cvnoticias.com\\\/nuevapagina\\\/\"},{\"@type\":\"ListItem\",\"position\":2,\"name\":\"Inauguran en el Congreso local el Certamen de Oratoria \u201cLicenciado Benito Ju\u00e1rez Garc\u00eda 2026\u201d\"}]},{\"@type\":\"WebSite\",\"@id\":\"https:\\\/\\\/cvnoticias.com\\\/nuevapagina\\\/#website\",\"url\":\"https:\\\/\\\/cvnoticias.com\\\/nuevapagina\\\/\",\"name\":\"CV Noticias\",\"description\":\"Noticias de Oaxaca\",\"publisher\":{\"@id\":\"https:\\\/\\\/cvnoticias.com\\\/nuevapagina\\\/#organization\"},\"potentialAction\":[{\"@type\":\"SearchAction\",\"target\":{\"@type\":\"EntryPoint\",\"urlTemplate\":\"https:\\\/\\\/cvnoticias.com\\\/nuevapagina\\\/?s={search_term_string}\"},\"query-input\":{\"@type\":\"PropertyValueSpecification\",\"valueRequired\":true,\"valueName\":\"search_term_string\"}}],\"inLanguage\":\"es\"},{\"@type\":\"Organization\",\"@id\":\"https:\\\/\\\/cvnoticias.com\\\/nuevapagina\\\/#organization\",\"name\":\"CV Noticias\",\"url\":\"https:\\\/\\\/cvnoticias.com\\\/nuevapagina\\\/\",\"logo\":{\"@type\":\"ImageObject\",\"inLanguage\":\"es\",\"@id\":\"https:\\\/\\\/cvnoticias.com\\\/nuevapagina\\\/#\\\/schema\\\/logo\\\/image\\\/\",\"url\":\"https:\\\/\\\/cvnoticias.com\\\/nuevapagina\\\/wp-content\\\/uploads\\\/2025\\\/05\\\/cropped-logo-1.png\",\"contentUrl\":\"https:\\\/\\\/cvnoticias.com\\\/nuevapagina\\\/wp-content\\\/uploads\\\/2025\\\/05\\\/cropped-logo-1.png\",\"width\":320,\"height\":118,\"caption\":\"CV Noticias\"},\"image\":{\"@id\":\"https:\\\/\\\/cvnoticias.com\\\/nuevapagina\\\/#\\\/schema\\\/logo\\\/image\\\/\"}},{\"@type\":\"Person\",\"@id\":\"https:\\\/\\\/cvnoticias.com\\\/nuevapagina\\\/#\\\/schema\\\/person\\\/19e35f246421a31486be7321065f7463\",\"name\":\"CvNoticias\",\"image\":{\"@type\":\"ImageObject\",\"inLanguage\":\"es\",\"@id\":\"https:\\\/\\\/secure.gravatar.com\\\/avatar\\\/c3a4375d38fd8f9b34ac9e853cb706a079817c78f9a39e33b16a2b2b2e51688a?s=96&d=mm&r=g\",\"url\":\"https:\\\/\\\/secure.gravatar.com\\\/avatar\\\/c3a4375d38fd8f9b34ac9e853cb706a079817c78f9a39e33b16a2b2b2e51688a?s=96&d=mm&r=g\",\"contentUrl\":\"https:\\\/\\\/secure.gravatar.com\\\/avatar\\\/c3a4375d38fd8f9b34ac9e853cb706a079817c78f9a39e33b16a2b2b2e51688a?s=96&d=mm&r=g\",\"caption\":\"CvNoticias\"},\"url\":\"https:\\\/\\\/cvnoticias.com\\\/nuevapagina\\\/index.php\\\/author\\\/gesner\\\/\"}]}<\/script>\n<!-- \/ Yoast SEO plugin. -->","yoast_head_json":{"title":"Inauguran en el Congreso local el Certamen de Oratoria \u201cLicenciado Benito Ju\u00e1rez Garc\u00eda 2026\u201d - CV Noticias","robots":{"index":"index","follow":"follow","max-snippet":"max-snippet:-1","max-image-preview":"max-image-preview:large","max-video-preview":"max-video-preview:-1"},"canonical":"https:\/\/cvnoticias.com\/nuevapagina\/index.php\/2026\/03\/27\/inauguran-en-el-congreso-local-el-certamen-de-oratoria-licenciado-benito-juarez-garcia-2026\/","og_locale":"es_ES","og_type":"article","og_title":"Inauguran en el Congreso local el Certamen de Oratoria \u201cLicenciado Benito Ju\u00e1rez Garc\u00eda 2026\u201d - CV Noticias","og_description":"San Raymundo Jalpan, Oax., a 26 de marzo de 2026.- El Congreso del Estado de...","og_url":"https:\/\/cvnoticias.com\/nuevapagina\/index.php\/2026\/03\/27\/inauguran-en-el-congreso-local-el-certamen-de-oratoria-licenciado-benito-juarez-garcia-2026\/","og_site_name":"CV Noticias","article_published_time":"2026-03-27T02:18:10+00:00","article_modified_time":"2026-03-27T02:18:14+00:00","og_image":[{"width":1280,"height":853,"url":"https:\/\/cvnoticias.com\/nuevapagina\/wp-content\/uploads\/2026\/03\/WhatsApp-Image-2026-03-26-at-6.36.00-PM.jpeg","type":"image\/jpeg"}],"author":"CvNoticias","twitter_card":"summary_large_image","twitter_misc":{"Escrito por":"CvNoticias","Tiempo de lectura":"3 minutos"},"schema":{"@context":"https:\/\/schema.org","@graph":[{"@type":"Article","@id":"https:\/\/cvnoticias.com\/nuevapagina\/index.php\/2026\/03\/27\/inauguran-en-el-congreso-local-el-certamen-de-oratoria-licenciado-benito-juarez-garcia-2026\/#article","isPartOf":{"@id":"https:\/\/cvnoticias.com\/nuevapagina\/index.php\/2026\/03\/27\/inauguran-en-el-congreso-local-el-certamen-de-oratoria-licenciado-benito-juarez-garcia-2026\/"},"author":{"name":"CvNoticias","@id":"https:\/\/cvnoticias.com\/nuevapagina\/#\/schema\/person\/19e35f246421a31486be7321065f7463"},"headline":"Inauguran en el Congreso local el Certamen de Oratoria \u201cLicenciado Benito Ju\u00e1rez Garc\u00eda 2026\u201d","datePublished":"2026-03-27T02:18:10+00:00","dateModified":"2026-03-27T02:18:14+00:00","mainEntityOfPage":{"@id":"https:\/\/cvnoticias.com\/nuevapagina\/index.php\/2026\/03\/27\/inauguran-en-el-congreso-local-el-certamen-de-oratoria-licenciado-benito-juarez-garcia-2026\/"},"wordCount":537,"commentCount":0,"publisher":{"@id":"https:\/\/cvnoticias.com\/nuevapagina\/#organization"},"image":{"@id":"https:\/\/cvnoticias.com\/nuevapagina\/index.php\/2026\/03\/27\/inauguran-en-el-congreso-local-el-certamen-de-oratoria-licenciado-benito-juarez-garcia-2026\/#primaryimage"},"thumbnailUrl":"https:\/\/cvnoticias.com\/nuevapagina\/wp-content\/uploads\/2026\/03\/WhatsApp-Image-2026-03-26-at-6.36.00-PM.jpeg","articleSection":["Comunicados"],"inLanguage":"es","potentialAction":[{"@type":"CommentAction","name":"Comment","target":["https:\/\/cvnoticias.com\/nuevapagina\/index.php\/2026\/03\/27\/inauguran-en-el-congreso-local-el-certamen-de-oratoria-licenciado-benito-juarez-garcia-2026\/#respond"]}]},{"@type":"WebPage","@id":"https:\/\/cvnoticias.com\/nuevapagina\/index.php\/2026\/03\/27\/inauguran-en-el-congreso-local-el-certamen-de-oratoria-licenciado-benito-juarez-garcia-2026\/","url":"https:\/\/cvnoticias.com\/nuevapagina\/index.php\/2026\/03\/27\/inauguran-en-el-congreso-local-el-certamen-de-oratoria-licenciado-benito-juarez-garcia-2026\/","name":"Inauguran en el Congreso local el Certamen de Oratoria \u201cLicenciado Benito Ju\u00e1rez Garc\u00eda 2026\u201d - CV Noticias","isPartOf":{"@id":"https:\/\/cvnoticias.com\/nuevapagina\/#website"},"primaryImageOfPage":{"@id":"https:\/\/cvnoticias.com\/nuevapagina\/index.php\/2026\/03\/27\/inauguran-en-el-congreso-local-el-certamen-de-oratoria-licenciado-benito-juarez-garcia-2026\/#primaryimage"},"image":{"@id":"https:\/\/cvnoticias.com\/nuevapagina\/index.php\/2026\/03\/27\/inauguran-en-el-congreso-local-el-certamen-de-oratoria-licenciado-benito-juarez-garcia-2026\/#primaryimage"},"thumbnailUrl":"https:\/\/cvnoticias.com\/nuevapagina\/wp-content\/uploads\/2026\/03\/WhatsApp-Image-2026-03-26-at-6.36.00-PM.jpeg","datePublished":"2026-03-27T02:18:10+00:00","dateModified":"2026-03-27T02:18:14+00:00","breadcrumb":{"@id":"https:\/\/cvnoticias.com\/nuevapagina\/index.php\/2026\/03\/27\/inauguran-en-el-congreso-local-el-certamen-de-oratoria-licenciado-benito-juarez-garcia-2026\/#breadcrumb"},"inLanguage":"es","potentialAction":[{"@type":"ReadAction","target":["https:\/\/cvnoticias.com\/nuevapagina\/index.php\/2026\/03\/27\/inauguran-en-el-congreso-local-el-certamen-de-oratoria-licenciado-benito-juarez-garcia-2026\/"]}]},{"@type":"ImageObject","inLanguage":"es","@id":"https:\/\/cvnoticias.com\/nuevapagina\/index.php\/2026\/03\/27\/inauguran-en-el-congreso-local-el-certamen-de-oratoria-licenciado-benito-juarez-garcia-2026\/#primaryimage","url":"https:\/\/cvnoticias.com\/nuevapagina\/wp-content\/uploads\/2026\/03\/WhatsApp-Image-2026-03-26-at-6.36.00-PM.jpeg","contentUrl":"https:\/\/cvnoticias.com\/nuevapagina\/wp-content\/uploads\/2026\/03\/WhatsApp-Image-2026-03-26-at-6.36.00-PM.jpeg","width":1280,"height":853},{"@type":"BreadcrumbList","@id":"https:\/\/cvnoticias.com\/nuevapagina\/index.php\/2026\/03\/27\/inauguran-en-el-congreso-local-el-certamen-de-oratoria-licenciado-benito-juarez-garcia-2026\/#breadcrumb","itemListElement":[{"@type":"ListItem","position":1,"name":"Portada","item":"https:\/\/cvnoticias.com\/nuevapagina\/"},{"@type":"ListItem","position":2,"name":"Inauguran en el Congreso local el Certamen de Oratoria \u201cLicenciado Benito Ju\u00e1rez Garc\u00eda 2026\u201d"}]},{"@type":"WebSite","@id":"https:\/\/cvnoticias.com\/nuevapagina\/#website","url":"https:\/\/cvnoticias.com\/nuevapagina\/","name":"CV Noticias","description":"Noticias de Oaxaca","publisher":{"@id":"https:\/\/cvnoticias.com\/nuevapagina\/#organization"},"potentialAction":[{"@type":"SearchAction","target":{"@type":"EntryPoint","urlTemplate":"https:\/\/cvnoticias.com\/nuevapagina\/?s={search_term_string}"},"query-input":{"@type":"PropertyValueSpecification","valueRequired":true,"valueName":"search_term_string"}}],"inLanguage":"es"},{"@type":"Organization","@id":"https:\/\/cvnoticias.com\/nuevapagina\/#organization","name":"CV Noticias","url":"https:\/\/cvnoticias.com\/nuevapagina\/","logo":{"@type":"ImageObject","inLanguage":"es","@id":"https:\/\/cvnoticias.com\/nuevapagina\/#\/schema\/logo\/image\/","url":"https:\/\/cvnoticias.com\/nuevapagina\/wp-content\/uploads\/2025\/05\/cropped-logo-1.png","contentUrl":"https:\/\/cvnoticias.com\/nuevapagina\/wp-content\/uploads\/2025\/05\/cropped-logo-1.png","width":320,"height":118,"caption":"CV Noticias"},"image":{"@id":"https:\/\/cvnoticias.com\/nuevapagina\/#\/schema\/logo\/image\/"}},{"@type":"Person","@id":"https:\/\/cvnoticias.com\/nuevapagina\/#\/schema\/person\/19e35f246421a31486be7321065f7463","name":"CvNoticias","image":{"@type":"ImageObject","inLanguage":"es","@id":"https:\/\/secure.gravatar.com\/avatar\/c3a4375d38fd8f9b34ac9e853cb706a079817c78f9a39e33b16a2b2b2e51688a?s=96&d=mm&r=g","url":"https:\/\/secure.gravatar.com\/avatar\/c3a4375d38fd8f9b34ac9e853cb706a079817c78f9a39e33b16a2b2b2e51688a?s=96&d=mm&r=g","contentUrl":"https:\/\/secure.gravatar.com\/avatar\/c3a4375d38fd8f9b34ac9e853cb706a079817c78f9a39e33b16a2b2b2e51688a?s=96&d=mm&r=g","caption":"CvNoticias"},"url":"https:\/\/cvnoticias.com\/nuevapagina\/index.php\/author\/gesner\/"}]}},"_links":{"self":[{"href":"https:\/\/cvnoticias.com\/nuevapagina\/index.php\/wp-json\/wp\/v2\/posts\/6671","targetHints":{"allow":["GET"]}}],"collection":[{"href":"https:\/\/cvnoticias.com\/nuevapagina\/index.php\/wp-json\/wp\/v2\/posts"}],"about":[{"href":"https:\/\/cvnoticias.com\/nuevapagina\/index.php\/wp-json\/wp\/v2\/types\/post"}],"author":[{"embeddable":true,"href":"https:\/\/cvnoticias.com\/nuevapagina\/index.php\/wp-json\/wp\/v2\/users\/2"}],"replies":[{"embeddable":true,"href":"https:\/\/cvnoticias.com\/nuevapagina\/index.php\/wp-json\/wp\/v2\/comments?post=6671"}],"version-history":[{"count":1,"href":"https:\/\/cvnoticias.com\/nuevapagina\/index.php\/wp-json\/wp\/v2\/posts\/6671\/revisions"}],"predecessor-version":[{"id":6672,"href":"https:\/\/cvnoticias.com\/nuevapagina\/index.php\/wp-json\/wp\/v2\/posts\/6671\/revisions\/6672"}],"wp:featuredmedia":[{"embeddable":true,"href":"https:\/\/cvnoticias.com\/nuevapagina\/index.php\/wp-json\/wp\/v2\/media\/6668"}],"wp:attachment":[{"href":"https:\/\/cvnoticias.com\/nuevapagina\/index.php\/wp-json\/wp\/v2\/media?parent=6671"}],"wp:term":[{"taxonomy":"category","embeddable":true,"href":"https:\/\/cvnoticias.com\/nuevapagina\/index.php\/wp-json\/wp\/v2\/categories?post=6671"},{"taxonomy":"post_tag","embeddable":true,"href":"https:\/\/cvnoticias.com\/nuevapagina\/index.php\/wp-json\/wp\/v2\/tags?post=6671"}],"curies":[{"name":"wp","href":"https:\/\/api.w.org\/{rel}","templated":true}]}}