{"id":6518,"date":"2026-03-21T17:00:47","date_gmt":"2026-03-21T17:00:47","guid":{"rendered":"https:\/\/cvnoticias.com\/nuevapagina\/?p=6518"},"modified":"2026-03-21T17:00:49","modified_gmt":"2026-03-21T17:00:49","slug":"desde-el-congreso-local-llaman-a-fortalecer-la-inclusion-de-las-personas-con-sindrome-de-down","status":"publish","type":"post","link":"https:\/\/cvnoticias.com\/nuevapagina\/index.php\/2026\/03\/21\/desde-el-congreso-local-llaman-a-fortalecer-la-inclusion-de-las-personas-con-sindrome-de-down\/","title":{"rendered":"Desde el Congreso local llaman a fortalecer la inclusi\u00f3n de las personas con S\u00edndrome de Down"},"content":{"rendered":"\n<ul class=\"wp-block-list\">\n<li>Todas y todos tienen derecho a vivir una vida con dignidad e inclusi\u00f3n sin restricciones<\/li>\n<\/ul>\n\n\n\n<p>San Raymundo Jalpan, Oax., 20 de marzo de 2026.- En el marco del D\u00eda Mundial del S\u00edndrome de Down, la diputada Cecilia Olivia Cruz Merl\u00edn, integrante del Grupo Parlamentario de Morena, hizo un llamado a fortalecer la inclusi\u00f3n y a reconocer la diversidad como parte de la riqueza humana y cultural, al se\u00f1alar que una sociedad m\u00e1s justa se construye con la participaci\u00f3n de todas y todos.<\/p>\n\n\n\n<p>Desde tribuna, subray\u00f3 que esta fecha representa una oportunidad para visibilizar la realidad que enfrentan muchas familias oaxaque\u00f1as, as\u00ed como para generar mayor conciencia sobre la trisom\u00eda 21, una condici\u00f3n gen\u00e9tica que no limita la dignidad ni las capacidades de quienes viven con ella.<\/p>\n\n\n\n<p>La legisladora enfatiz\u00f3 que, aunque esta condici\u00f3n se presenta en todas las regiones del estado y en personas de distintas edades, persisten barreras sociales que generan exclusi\u00f3n, por lo que es necesario promover entornos de respeto, acompa\u00f1amiento y mayores oportunidades.<\/p>\n\n\n\n<p>\u201cLa discapacidad no est\u00e1 en una condici\u00f3n gen\u00e9tica, sino en la indiferencia social, la inclusi\u00f3n ocurre cuando dejamos de ver la diferencia como un problema y comenzamos a reconocerla como parte de nuestra riqueza humana y cultural\u201d, expres\u00f3.<\/p>\n\n\n\n<p>Asimismo, destac\u00f3 que acciones simb\u00f3licas como el uso de calcetines diferentes contribuyen a visibilizar esta causa y a fomentar la participaci\u00f3n social en favor de la inclusi\u00f3n.<\/p>\n\n\n\n<p>La legisladora reiter\u00f3 la importancia de impulsar medidas que favorezcan entornos accesibles y el acompa\u00f1amiento a las familias, al se\u00f1alar que \u201clo que nos define no es un cromosoma extra, sino nuestra capacidad de amar, trabajar y construir juntos una mejor sociedad\u201d.<\/p>\n","protected":false},"excerpt":{"rendered":"<p>San Raymundo Jalpan, Oax., 20 de marzo de 2026.- En el marco del D\u00eda Mundial&#8230;<\/p>\n","protected":false},"author":2,"featured_media":6512,"comment_status":"open","ping_status":"closed","sticky":false,"template":"","format":"standard","meta":{"footnotes":""},"categories":[3],"tags":[],"class_list":["post-6518","post","type-post","status-publish","format-standard","has-post-thumbnail","hentry","category-comunicadosdeprensa"],"yoast_head":"<!-- This site is optimized with the Yoast SEO plugin v27.5 - https:\/\/yoast.com\/product\/yoast-seo-wordpress\/ -->\n<title>Desde el Congreso local llaman a fortalecer la inclusi\u00f3n de las personas con S\u00edndrome de Down - CV Noticias<\/title>\n<meta name=\"robots\" content=\"index, follow, max-snippet:-1, max-image-preview:large, max-video-preview:-1\" \/>\n<link rel=\"canonical\" href=\"https:\/\/cvnoticias.com\/nuevapagina\/index.php\/2026\/03\/21\/desde-el-congreso-local-llaman-a-fortalecer-la-inclusion-de-las-personas-con-sindrome-de-down\/\" \/>\n<meta property=\"og:locale\" content=\"es_ES\" \/>\n<meta property=\"og:type\" content=\"article\" \/>\n<meta property=\"og:title\" content=\"Desde el Congreso local llaman a fortalecer la inclusi\u00f3n de las personas con S\u00edndrome de Down - CV Noticias\" \/>\n<meta property=\"og:description\" content=\"San Raymundo Jalpan, Oax., 20 de marzo de 2026.- En el marco del D\u00eda Mundial...\" \/>\n<meta property=\"og:url\" content=\"https:\/\/cvnoticias.com\/nuevapagina\/index.php\/2026\/03\/21\/desde-el-congreso-local-llaman-a-fortalecer-la-inclusion-de-las-personas-con-sindrome-de-down\/\" \/>\n<meta property=\"og:site_name\" content=\"CV Noticias\" \/>\n<meta property=\"article:published_time\" content=\"2026-03-21T17:00:47+00:00\" \/>\n<meta property=\"article:modified_time\" content=\"2026-03-21T17:00:49+00:00\" \/>\n<meta property=\"og:image\" content=\"https:\/\/cvnoticias.com\/nuevapagina\/wp-content\/uploads\/2026\/03\/WhatsApp-Image-2026-03-20-at-8.35.22-PM.jpeg\" \/>\n\t<meta property=\"og:image:width\" content=\"1280\" \/>\n\t<meta property=\"og:image:height\" content=\"853\" \/>\n\t<meta property=\"og:image:type\" content=\"image\/jpeg\" \/>\n<meta name=\"author\" content=\"CvNoticias\" \/>\n<meta name=\"twitter:card\" content=\"summary_large_image\" \/>\n<meta name=\"twitter:label1\" content=\"Escrito por\" \/>\n\t<meta name=\"twitter:data1\" content=\"CvNoticias\" \/>\n\t<meta name=\"twitter:label2\" content=\"Tiempo de lectura\" \/>\n\t<meta name=\"twitter:data2\" content=\"2 minutos\" \/>\n<script type=\"application\/ld+json\" class=\"yoast-schema-graph\">{\"@context\":\"https:\\\/\\\/schema.org\",\"@graph\":[{\"@type\":\"Article\",\"@id\":\"https:\\\/\\\/cvnoticias.com\\\/nuevapagina\\\/index.php\\\/2026\\\/03\\\/21\\\/desde-el-congreso-local-llaman-a-fortalecer-la-inclusion-de-las-personas-con-sindrome-de-down\\\/#article\",\"isPartOf\":{\"@id\":\"https:\\\/\\\/cvnoticias.com\\\/nuevapagina\\\/index.php\\\/2026\\\/03\\\/21\\\/desde-el-congreso-local-llaman-a-fortalecer-la-inclusion-de-las-personas-con-sindrome-de-down\\\/\"},\"author\":{\"name\":\"CvNoticias\",\"@id\":\"https:\\\/\\\/cvnoticias.com\\\/nuevapagina\\\/#\\\/schema\\\/person\\\/19e35f246421a31486be7321065f7463\"},\"headline\":\"Desde el Congreso local llaman a fortalecer la inclusi\u00f3n de las personas con S\u00edndrome de Down\",\"datePublished\":\"2026-03-21T17:00:47+00:00\",\"dateModified\":\"2026-03-21T17:00:49+00:00\",\"mainEntityOfPage\":{\"@id\":\"https:\\\/\\\/cvnoticias.com\\\/nuevapagina\\\/index.php\\\/2026\\\/03\\\/21\\\/desde-el-congreso-local-llaman-a-fortalecer-la-inclusion-de-las-personas-con-sindrome-de-down\\\/\"},\"wordCount\":312,\"commentCount\":0,\"publisher\":{\"@id\":\"https:\\\/\\\/cvnoticias.com\\\/nuevapagina\\\/#organization\"},\"image\":{\"@id\":\"https:\\\/\\\/cvnoticias.com\\\/nuevapagina\\\/index.php\\\/2026\\\/03\\\/21\\\/desde-el-congreso-local-llaman-a-fortalecer-la-inclusion-de-las-personas-con-sindrome-de-down\\\/#primaryimage\"},\"thumbnailUrl\":\"https:\\\/\\\/cvnoticias.com\\\/nuevapagina\\\/wp-content\\\/uploads\\\/2026\\\/03\\\/WhatsApp-Image-2026-03-20-at-8.35.22-PM.jpeg\",\"articleSection\":[\"Comunicados\"],\"inLanguage\":\"es\",\"potentialAction\":[{\"@type\":\"CommentAction\",\"name\":\"Comment\",\"target\":[\"https:\\\/\\\/cvnoticias.com\\\/nuevapagina\\\/index.php\\\/2026\\\/03\\\/21\\\/desde-el-congreso-local-llaman-a-fortalecer-la-inclusion-de-las-personas-con-sindrome-de-down\\\/#respond\"]}]},{\"@type\":\"WebPage\",\"@id\":\"https:\\\/\\\/cvnoticias.com\\\/nuevapagina\\\/index.php\\\/2026\\\/03\\\/21\\\/desde-el-congreso-local-llaman-a-fortalecer-la-inclusion-de-las-personas-con-sindrome-de-down\\\/\",\"url\":\"https:\\\/\\\/cvnoticias.com\\\/nuevapagina\\\/index.php\\\/2026\\\/03\\\/21\\\/desde-el-congreso-local-llaman-a-fortalecer-la-inclusion-de-las-personas-con-sindrome-de-down\\\/\",\"name\":\"Desde el Congreso local llaman a fortalecer la inclusi\u00f3n de las personas con S\u00edndrome de Down - CV Noticias\",\"isPartOf\":{\"@id\":\"https:\\\/\\\/cvnoticias.com\\\/nuevapagina\\\/#website\"},\"primaryImageOfPage\":{\"@id\":\"https:\\\/\\\/cvnoticias.com\\\/nuevapagina\\\/index.php\\\/2026\\\/03\\\/21\\\/desde-el-congreso-local-llaman-a-fortalecer-la-inclusion-de-las-personas-con-sindrome-de-down\\\/#primaryimage\"},\"image\":{\"@id\":\"https:\\\/\\\/cvnoticias.com\\\/nuevapagina\\\/index.php\\\/2026\\\/03\\\/21\\\/desde-el-congreso-local-llaman-a-fortalecer-la-inclusion-de-las-personas-con-sindrome-de-down\\\/#primaryimage\"},\"thumbnailUrl\":\"https:\\\/\\\/cvnoticias.com\\\/nuevapagina\\\/wp-content\\\/uploads\\\/2026\\\/03\\\/WhatsApp-Image-2026-03-20-at-8.35.22-PM.jpeg\",\"datePublished\":\"2026-03-21T17:00:47+00:00\",\"dateModified\":\"2026-03-21T17:00:49+00:00\",\"breadcrumb\":{\"@id\":\"https:\\\/\\\/cvnoticias.com\\\/nuevapagina\\\/index.php\\\/2026\\\/03\\\/21\\\/desde-el-congreso-local-llaman-a-fortalecer-la-inclusion-de-las-personas-con-sindrome-de-down\\\/#breadcrumb\"},\"inLanguage\":\"es\",\"potentialAction\":[{\"@type\":\"ReadAction\",\"target\":[\"https:\\\/\\\/cvnoticias.com\\\/nuevapagina\\\/index.php\\\/2026\\\/03\\\/21\\\/desde-el-congreso-local-llaman-a-fortalecer-la-inclusion-de-las-personas-con-sindrome-de-down\\\/\"]}]},{\"@type\":\"ImageObject\",\"inLanguage\":\"es\",\"@id\":\"https:\\\/\\\/cvnoticias.com\\\/nuevapagina\\\/index.php\\\/2026\\\/03\\\/21\\\/desde-el-congreso-local-llaman-a-fortalecer-la-inclusion-de-las-personas-con-sindrome-de-down\\\/#primaryimage\",\"url\":\"https:\\\/\\\/cvnoticias.com\\\/nuevapagina\\\/wp-content\\\/uploads\\\/2026\\\/03\\\/WhatsApp-Image-2026-03-20-at-8.35.22-PM.jpeg\",\"contentUrl\":\"https:\\\/\\\/cvnoticias.com\\\/nuevapagina\\\/wp-content\\\/uploads\\\/2026\\\/03\\\/WhatsApp-Image-2026-03-20-at-8.35.22-PM.jpeg\",\"width\":1280,\"height\":853},{\"@type\":\"BreadcrumbList\",\"@id\":\"https:\\\/\\\/cvnoticias.com\\\/nuevapagina\\\/index.php\\\/2026\\\/03\\\/21\\\/desde-el-congreso-local-llaman-a-fortalecer-la-inclusion-de-las-personas-con-sindrome-de-down\\\/#breadcrumb\",\"itemListElement\":[{\"@type\":\"ListItem\",\"position\":1,\"name\":\"Portada\",\"item\":\"https:\\\/\\\/cvnoticias.com\\\/nuevapagina\\\/\"},{\"@type\":\"ListItem\",\"position\":2,\"name\":\"Desde el Congreso local llaman a fortalecer la inclusi\u00f3n de las personas con S\u00edndrome de Down\"}]},{\"@type\":\"WebSite\",\"@id\":\"https:\\\/\\\/cvnoticias.com\\\/nuevapagina\\\/#website\",\"url\":\"https:\\\/\\\/cvnoticias.com\\\/nuevapagina\\\/\",\"name\":\"CV Noticias\",\"description\":\"Noticias de Oaxaca\",\"publisher\":{\"@id\":\"https:\\\/\\\/cvnoticias.com\\\/nuevapagina\\\/#organization\"},\"potentialAction\":[{\"@type\":\"SearchAction\",\"target\":{\"@type\":\"EntryPoint\",\"urlTemplate\":\"https:\\\/\\\/cvnoticias.com\\\/nuevapagina\\\/?s={search_term_string}\"},\"query-input\":{\"@type\":\"PropertyValueSpecification\",\"valueRequired\":true,\"valueName\":\"search_term_string\"}}],\"inLanguage\":\"es\"},{\"@type\":\"Organization\",\"@id\":\"https:\\\/\\\/cvnoticias.com\\\/nuevapagina\\\/#organization\",\"name\":\"CV Noticias\",\"url\":\"https:\\\/\\\/cvnoticias.com\\\/nuevapagina\\\/\",\"logo\":{\"@type\":\"ImageObject\",\"inLanguage\":\"es\",\"@id\":\"https:\\\/\\\/cvnoticias.com\\\/nuevapagina\\\/#\\\/schema\\\/logo\\\/image\\\/\",\"url\":\"https:\\\/\\\/cvnoticias.com\\\/nuevapagina\\\/wp-content\\\/uploads\\\/2025\\\/05\\\/cropped-logo-1.png\",\"contentUrl\":\"https:\\\/\\\/cvnoticias.com\\\/nuevapagina\\\/wp-content\\\/uploads\\\/2025\\\/05\\\/cropped-logo-1.png\",\"width\":320,\"height\":118,\"caption\":\"CV Noticias\"},\"image\":{\"@id\":\"https:\\\/\\\/cvnoticias.com\\\/nuevapagina\\\/#\\\/schema\\\/logo\\\/image\\\/\"}},{\"@type\":\"Person\",\"@id\":\"https:\\\/\\\/cvnoticias.com\\\/nuevapagina\\\/#\\\/schema\\\/person\\\/19e35f246421a31486be7321065f7463\",\"name\":\"CvNoticias\",\"image\":{\"@type\":\"ImageObject\",\"inLanguage\":\"es\",\"@id\":\"https:\\\/\\\/secure.gravatar.com\\\/avatar\\\/c3a4375d38fd8f9b34ac9e853cb706a079817c78f9a39e33b16a2b2b2e51688a?s=96&d=mm&r=g\",\"url\":\"https:\\\/\\\/secure.gravatar.com\\\/avatar\\\/c3a4375d38fd8f9b34ac9e853cb706a079817c78f9a39e33b16a2b2b2e51688a?s=96&d=mm&r=g\",\"contentUrl\":\"https:\\\/\\\/secure.gravatar.com\\\/avatar\\\/c3a4375d38fd8f9b34ac9e853cb706a079817c78f9a39e33b16a2b2b2e51688a?s=96&d=mm&r=g\",\"caption\":\"CvNoticias\"},\"url\":\"https:\\\/\\\/cvnoticias.com\\\/nuevapagina\\\/index.php\\\/author\\\/gesner\\\/\"}]}<\/script>\n<!-- \/ Yoast SEO plugin. -->","yoast_head_json":{"title":"Desde el Congreso local llaman a fortalecer la inclusi\u00f3n de las personas con S\u00edndrome de Down - CV Noticias","robots":{"index":"index","follow":"follow","max-snippet":"max-snippet:-1","max-image-preview":"max-image-preview:large","max-video-preview":"max-video-preview:-1"},"canonical":"https:\/\/cvnoticias.com\/nuevapagina\/index.php\/2026\/03\/21\/desde-el-congreso-local-llaman-a-fortalecer-la-inclusion-de-las-personas-con-sindrome-de-down\/","og_locale":"es_ES","og_type":"article","og_title":"Desde el Congreso local llaman a fortalecer la inclusi\u00f3n de las personas con S\u00edndrome de Down - CV Noticias","og_description":"San Raymundo Jalpan, Oax., 20 de marzo de 2026.- En el marco del D\u00eda Mundial...","og_url":"https:\/\/cvnoticias.com\/nuevapagina\/index.php\/2026\/03\/21\/desde-el-congreso-local-llaman-a-fortalecer-la-inclusion-de-las-personas-con-sindrome-de-down\/","og_site_name":"CV Noticias","article_published_time":"2026-03-21T17:00:47+00:00","article_modified_time":"2026-03-21T17:00:49+00:00","og_image":[{"width":1280,"height":853,"url":"https:\/\/cvnoticias.com\/nuevapagina\/wp-content\/uploads\/2026\/03\/WhatsApp-Image-2026-03-20-at-8.35.22-PM.jpeg","type":"image\/jpeg"}],"author":"CvNoticias","twitter_card":"summary_large_image","twitter_misc":{"Escrito por":"CvNoticias","Tiempo de lectura":"2 minutos"},"schema":{"@context":"https:\/\/schema.org","@graph":[{"@type":"Article","@id":"https:\/\/cvnoticias.com\/nuevapagina\/index.php\/2026\/03\/21\/desde-el-congreso-local-llaman-a-fortalecer-la-inclusion-de-las-personas-con-sindrome-de-down\/#article","isPartOf":{"@id":"https:\/\/cvnoticias.com\/nuevapagina\/index.php\/2026\/03\/21\/desde-el-congreso-local-llaman-a-fortalecer-la-inclusion-de-las-personas-con-sindrome-de-down\/"},"author":{"name":"CvNoticias","@id":"https:\/\/cvnoticias.com\/nuevapagina\/#\/schema\/person\/19e35f246421a31486be7321065f7463"},"headline":"Desde el Congreso local llaman a fortalecer la inclusi\u00f3n de las personas con S\u00edndrome de Down","datePublished":"2026-03-21T17:00:47+00:00","dateModified":"2026-03-21T17:00:49+00:00","mainEntityOfPage":{"@id":"https:\/\/cvnoticias.com\/nuevapagina\/index.php\/2026\/03\/21\/desde-el-congreso-local-llaman-a-fortalecer-la-inclusion-de-las-personas-con-sindrome-de-down\/"},"wordCount":312,"commentCount":0,"publisher":{"@id":"https:\/\/cvnoticias.com\/nuevapagina\/#organization"},"image":{"@id":"https:\/\/cvnoticias.com\/nuevapagina\/index.php\/2026\/03\/21\/desde-el-congreso-local-llaman-a-fortalecer-la-inclusion-de-las-personas-con-sindrome-de-down\/#primaryimage"},"thumbnailUrl":"https:\/\/cvnoticias.com\/nuevapagina\/wp-content\/uploads\/2026\/03\/WhatsApp-Image-2026-03-20-at-8.35.22-PM.jpeg","articleSection":["Comunicados"],"inLanguage":"es","potentialAction":[{"@type":"CommentAction","name":"Comment","target":["https:\/\/cvnoticias.com\/nuevapagina\/index.php\/2026\/03\/21\/desde-el-congreso-local-llaman-a-fortalecer-la-inclusion-de-las-personas-con-sindrome-de-down\/#respond"]}]},{"@type":"WebPage","@id":"https:\/\/cvnoticias.com\/nuevapagina\/index.php\/2026\/03\/21\/desde-el-congreso-local-llaman-a-fortalecer-la-inclusion-de-las-personas-con-sindrome-de-down\/","url":"https:\/\/cvnoticias.com\/nuevapagina\/index.php\/2026\/03\/21\/desde-el-congreso-local-llaman-a-fortalecer-la-inclusion-de-las-personas-con-sindrome-de-down\/","name":"Desde el Congreso local llaman a fortalecer la inclusi\u00f3n de las personas con S\u00edndrome de Down - CV Noticias","isPartOf":{"@id":"https:\/\/cvnoticias.com\/nuevapagina\/#website"},"primaryImageOfPage":{"@id":"https:\/\/cvnoticias.com\/nuevapagina\/index.php\/2026\/03\/21\/desde-el-congreso-local-llaman-a-fortalecer-la-inclusion-de-las-personas-con-sindrome-de-down\/#primaryimage"},"image":{"@id":"https:\/\/cvnoticias.com\/nuevapagina\/index.php\/2026\/03\/21\/desde-el-congreso-local-llaman-a-fortalecer-la-inclusion-de-las-personas-con-sindrome-de-down\/#primaryimage"},"thumbnailUrl":"https:\/\/cvnoticias.com\/nuevapagina\/wp-content\/uploads\/2026\/03\/WhatsApp-Image-2026-03-20-at-8.35.22-PM.jpeg","datePublished":"2026-03-21T17:00:47+00:00","dateModified":"2026-03-21T17:00:49+00:00","breadcrumb":{"@id":"https:\/\/cvnoticias.com\/nuevapagina\/index.php\/2026\/03\/21\/desde-el-congreso-local-llaman-a-fortalecer-la-inclusion-de-las-personas-con-sindrome-de-down\/#breadcrumb"},"inLanguage":"es","potentialAction":[{"@type":"ReadAction","target":["https:\/\/cvnoticias.com\/nuevapagina\/index.php\/2026\/03\/21\/desde-el-congreso-local-llaman-a-fortalecer-la-inclusion-de-las-personas-con-sindrome-de-down\/"]}]},{"@type":"ImageObject","inLanguage":"es","@id":"https:\/\/cvnoticias.com\/nuevapagina\/index.php\/2026\/03\/21\/desde-el-congreso-local-llaman-a-fortalecer-la-inclusion-de-las-personas-con-sindrome-de-down\/#primaryimage","url":"https:\/\/cvnoticias.com\/nuevapagina\/wp-content\/uploads\/2026\/03\/WhatsApp-Image-2026-03-20-at-8.35.22-PM.jpeg","contentUrl":"https:\/\/cvnoticias.com\/nuevapagina\/wp-content\/uploads\/2026\/03\/WhatsApp-Image-2026-03-20-at-8.35.22-PM.jpeg","width":1280,"height":853},{"@type":"BreadcrumbList","@id":"https:\/\/cvnoticias.com\/nuevapagina\/index.php\/2026\/03\/21\/desde-el-congreso-local-llaman-a-fortalecer-la-inclusion-de-las-personas-con-sindrome-de-down\/#breadcrumb","itemListElement":[{"@type":"ListItem","position":1,"name":"Portada","item":"https:\/\/cvnoticias.com\/nuevapagina\/"},{"@type":"ListItem","position":2,"name":"Desde el Congreso local llaman a fortalecer la inclusi\u00f3n de las personas con S\u00edndrome de Down"}]},{"@type":"WebSite","@id":"https:\/\/cvnoticias.com\/nuevapagina\/#website","url":"https:\/\/cvnoticias.com\/nuevapagina\/","name":"CV Noticias","description":"Noticias de Oaxaca","publisher":{"@id":"https:\/\/cvnoticias.com\/nuevapagina\/#organization"},"potentialAction":[{"@type":"SearchAction","target":{"@type":"EntryPoint","urlTemplate":"https:\/\/cvnoticias.com\/nuevapagina\/?s={search_term_string}"},"query-input":{"@type":"PropertyValueSpecification","valueRequired":true,"valueName":"search_term_string"}}],"inLanguage":"es"},{"@type":"Organization","@id":"https:\/\/cvnoticias.com\/nuevapagina\/#organization","name":"CV Noticias","url":"https:\/\/cvnoticias.com\/nuevapagina\/","logo":{"@type":"ImageObject","inLanguage":"es","@id":"https:\/\/cvnoticias.com\/nuevapagina\/#\/schema\/logo\/image\/","url":"https:\/\/cvnoticias.com\/nuevapagina\/wp-content\/uploads\/2025\/05\/cropped-logo-1.png","contentUrl":"https:\/\/cvnoticias.com\/nuevapagina\/wp-content\/uploads\/2025\/05\/cropped-logo-1.png","width":320,"height":118,"caption":"CV Noticias"},"image":{"@id":"https:\/\/cvnoticias.com\/nuevapagina\/#\/schema\/logo\/image\/"}},{"@type":"Person","@id":"https:\/\/cvnoticias.com\/nuevapagina\/#\/schema\/person\/19e35f246421a31486be7321065f7463","name":"CvNoticias","image":{"@type":"ImageObject","inLanguage":"es","@id":"https:\/\/secure.gravatar.com\/avatar\/c3a4375d38fd8f9b34ac9e853cb706a079817c78f9a39e33b16a2b2b2e51688a?s=96&d=mm&r=g","url":"https:\/\/secure.gravatar.com\/avatar\/c3a4375d38fd8f9b34ac9e853cb706a079817c78f9a39e33b16a2b2b2e51688a?s=96&d=mm&r=g","contentUrl":"https:\/\/secure.gravatar.com\/avatar\/c3a4375d38fd8f9b34ac9e853cb706a079817c78f9a39e33b16a2b2b2e51688a?s=96&d=mm&r=g","caption":"CvNoticias"},"url":"https:\/\/cvnoticias.com\/nuevapagina\/index.php\/author\/gesner\/"}]}},"_links":{"self":[{"href":"https:\/\/cvnoticias.com\/nuevapagina\/index.php\/wp-json\/wp\/v2\/posts\/6518","targetHints":{"allow":["GET"]}}],"collection":[{"href":"https:\/\/cvnoticias.com\/nuevapagina\/index.php\/wp-json\/wp\/v2\/posts"}],"about":[{"href":"https:\/\/cvnoticias.com\/nuevapagina\/index.php\/wp-json\/wp\/v2\/types\/post"}],"author":[{"embeddable":true,"href":"https:\/\/cvnoticias.com\/nuevapagina\/index.php\/wp-json\/wp\/v2\/users\/2"}],"replies":[{"embeddable":true,"href":"https:\/\/cvnoticias.com\/nuevapagina\/index.php\/wp-json\/wp\/v2\/comments?post=6518"}],"version-history":[{"count":1,"href":"https:\/\/cvnoticias.com\/nuevapagina\/index.php\/wp-json\/wp\/v2\/posts\/6518\/revisions"}],"predecessor-version":[{"id":6519,"href":"https:\/\/cvnoticias.com\/nuevapagina\/index.php\/wp-json\/wp\/v2\/posts\/6518\/revisions\/6519"}],"wp:featuredmedia":[{"embeddable":true,"href":"https:\/\/cvnoticias.com\/nuevapagina\/index.php\/wp-json\/wp\/v2\/media\/6512"}],"wp:attachment":[{"href":"https:\/\/cvnoticias.com\/nuevapagina\/index.php\/wp-json\/wp\/v2\/media?parent=6518"}],"wp:term":[{"taxonomy":"category","embeddable":true,"href":"https:\/\/cvnoticias.com\/nuevapagina\/index.php\/wp-json\/wp\/v2\/categories?post=6518"},{"taxonomy":"post_tag","embeddable":true,"href":"https:\/\/cvnoticias.com\/nuevapagina\/index.php\/wp-json\/wp\/v2\/tags?post=6518"}],"curies":[{"name":"wp","href":"https:\/\/api.w.org\/{rel}","templated":true}]}}