{"id":6516,"date":"2026-03-21T17:00:17","date_gmt":"2026-03-21T17:00:17","guid":{"rendered":"https:\/\/cvnoticias.com\/nuevapagina\/?p=6516"},"modified":"2026-03-21T17:00:19","modified_gmt":"2026-03-21T17:00:19","slug":"exhortan-a-autoridades-competentes-a-retirar-escollera-en-puerto-escondido","status":"publish","type":"post","link":"https:\/\/cvnoticias.com\/nuevapagina\/index.php\/2026\/03\/21\/exhortan-a-autoridades-competentes-a-retirar-escollera-en-puerto-escondido\/","title":{"rendered":"Exhortan a autoridades competentes a retirar escollera en Puerto Escondido"},"content":{"rendered":"\n<ul class=\"wp-block-list\">\n<li>La medida tienen como fin recuperar el equilibrio marino y las condiciones naturales del oleaje<\/li>\n<\/ul>\n\n\n\n<p>San Raymundo Jalpan, Oax., a 20 de marzo de 2026.- En Sesi\u00f3n Ordinaria, el Congreso del Estado aprob\u00f3 de Urgente y Obvia Resoluci\u00f3n un exhorto dirigido al Cabildo de San Pedro Mixtepec para que, en coordinaci\u00f3n con la Secretar\u00eda de Medio Ambiente y Recursos Naturales (Semarnat) del Gobierno Federal, las Administraciones del Sistema Portuario Nacional y la Coordinaci\u00f3n General de Puertos y Marina Mercante, retiren la escollera ubicada en la bah\u00eda principal de Puerto Escondido.<\/p>\n\n\n\n<p>El objetivo de este exhorto, promovido por el diputado Dante Monta\u00f1o Montero del Grupo Parlamentario del Partido del Trabajo (PT), es atender los da\u00f1os ambientales provocados por dicha infraestructura, restituir el equilibrio del ecosistema marino y recuperar las condiciones naturales del oleaje que han dado reconocimiento internacional a playas como Zicatela y Punta Colorada, fundamentales para la actividad tur\u00edstica y deportiva de la regi\u00f3n.<\/p>\n\n\n\n<p>De acuerdo con el legislador, Puerto Escondido alberga una de las olas m\u00e1s emblem\u00e1ticas del mundo, particularmente en la playa Zicatela, donde el oleaje puede alcanzar hasta 12 metros de altura, convirti\u00e9ndose en un referente global para la pr\u00e1ctica del surf. Esta caracter\u00edstica ha detonado una importante actividad econ\u00f3mica vinculada al turismo nacional e internacional, consolidando a la zona como un destino de alto valor.<\/p>\n\n\n\n<p>Adem\u00e1s de su relevancia tur\u00edstica, los ecosistemas costeros de Zicatela y Punta Colorada destacan por su biodiversidad, al ser h\u00e1bitat de diversas especies marinas y terrestres, incluyendo \u00e1reas clave para la anidaci\u00f3n de tortugas marinas, lo que posiciona a la regi\u00f3n como un enclave ecol\u00f3gico de gran importancia.<\/p>\n\n\n\n<p>No obstante, la construcci\u00f3n de una escollera o rompeolas modific\u00f3 de manera significativa la din\u00e1mica natural del oc\u00e9ano. Si bien cumplen una funci\u00f3n de protecci\u00f3n costera frente a la erosi\u00f3n y el impacto del oleaje, en este caso su implementaci\u00f3n ha generado efectos adversos tanto en el entorno natural como en la vocaci\u00f3n tur\u00edstica de la zona.<\/p>\n\n\n\n<p>En junio de 2025, el hurac\u00e1n Erick provoc\u00f3 la destrucci\u00f3n parcial de esta estructura, permitiendo una recuperaci\u00f3n inicial del oleaje; sin embargo, los restos del rompeolas contin\u00faan interfiriendo con el flujo natural de las corrientes marinas.<\/p>\n","protected":false},"excerpt":{"rendered":"<p>San Raymundo Jalpan, Oax., a 20 de marzo de 2026.- En Sesi\u00f3n Ordinaria, el Congreso&#8230;<\/p>\n","protected":false},"author":2,"featured_media":6513,"comment_status":"open","ping_status":"closed","sticky":false,"template":"","format":"standard","meta":{"footnotes":""},"categories":[3],"tags":[],"class_list":["post-6516","post","type-post","status-publish","format-standard","has-post-thumbnail","hentry","category-comunicadosdeprensa"],"yoast_head":"<!-- This site is optimized with the Yoast SEO plugin v27.5 - https:\/\/yoast.com\/product\/yoast-seo-wordpress\/ -->\n<title>Exhortan a autoridades competentes a retirar escollera en Puerto Escondido - CV Noticias<\/title>\n<meta name=\"robots\" content=\"index, follow, max-snippet:-1, max-image-preview:large, max-video-preview:-1\" \/>\n<link rel=\"canonical\" href=\"https:\/\/cvnoticias.com\/nuevapagina\/index.php\/2026\/03\/21\/exhortan-a-autoridades-competentes-a-retirar-escollera-en-puerto-escondido\/\" \/>\n<meta property=\"og:locale\" content=\"es_ES\" \/>\n<meta property=\"og:type\" content=\"article\" \/>\n<meta property=\"og:title\" content=\"Exhortan a autoridades competentes a retirar escollera en Puerto Escondido - CV Noticias\" \/>\n<meta property=\"og:description\" content=\"San Raymundo Jalpan, Oax., a 20 de marzo de 2026.- En Sesi\u00f3n Ordinaria, el Congreso...\" \/>\n<meta property=\"og:url\" content=\"https:\/\/cvnoticias.com\/nuevapagina\/index.php\/2026\/03\/21\/exhortan-a-autoridades-competentes-a-retirar-escollera-en-puerto-escondido\/\" \/>\n<meta property=\"og:site_name\" content=\"CV Noticias\" \/>\n<meta property=\"article:published_time\" content=\"2026-03-21T17:00:17+00:00\" \/>\n<meta property=\"article:modified_time\" content=\"2026-03-21T17:00:19+00:00\" \/>\n<meta property=\"og:image\" content=\"https:\/\/cvnoticias.com\/nuevapagina\/wp-content\/uploads\/2026\/03\/WhatsApp-Image-2026-03-20-at-8.35.21-PM.jpeg\" \/>\n\t<meta property=\"og:image:width\" content=\"1280\" \/>\n\t<meta property=\"og:image:height\" content=\"853\" \/>\n\t<meta property=\"og:image:type\" content=\"image\/jpeg\" \/>\n<meta name=\"author\" content=\"CvNoticias\" \/>\n<meta name=\"twitter:card\" content=\"summary_large_image\" \/>\n<meta name=\"twitter:label1\" content=\"Escrito por\" \/>\n\t<meta name=\"twitter:data1\" content=\"CvNoticias\" \/>\n\t<meta name=\"twitter:label2\" content=\"Tiempo de lectura\" \/>\n\t<meta name=\"twitter:data2\" content=\"2 minutos\" \/>\n<script type=\"application\/ld+json\" class=\"yoast-schema-graph\">{\"@context\":\"https:\\\/\\\/schema.org\",\"@graph\":[{\"@type\":\"Article\",\"@id\":\"https:\\\/\\\/cvnoticias.com\\\/nuevapagina\\\/index.php\\\/2026\\\/03\\\/21\\\/exhortan-a-autoridades-competentes-a-retirar-escollera-en-puerto-escondido\\\/#article\",\"isPartOf\":{\"@id\":\"https:\\\/\\\/cvnoticias.com\\\/nuevapagina\\\/index.php\\\/2026\\\/03\\\/21\\\/exhortan-a-autoridades-competentes-a-retirar-escollera-en-puerto-escondido\\\/\"},\"author\":{\"name\":\"CvNoticias\",\"@id\":\"https:\\\/\\\/cvnoticias.com\\\/nuevapagina\\\/#\\\/schema\\\/person\\\/19e35f246421a31486be7321065f7463\"},\"headline\":\"Exhortan a autoridades competentes a retirar escollera en Puerto Escondido\",\"datePublished\":\"2026-03-21T17:00:17+00:00\",\"dateModified\":\"2026-03-21T17:00:19+00:00\",\"mainEntityOfPage\":{\"@id\":\"https:\\\/\\\/cvnoticias.com\\\/nuevapagina\\\/index.php\\\/2026\\\/03\\\/21\\\/exhortan-a-autoridades-competentes-a-retirar-escollera-en-puerto-escondido\\\/\"},\"wordCount\":402,\"commentCount\":0,\"publisher\":{\"@id\":\"https:\\\/\\\/cvnoticias.com\\\/nuevapagina\\\/#organization\"},\"image\":{\"@id\":\"https:\\\/\\\/cvnoticias.com\\\/nuevapagina\\\/index.php\\\/2026\\\/03\\\/21\\\/exhortan-a-autoridades-competentes-a-retirar-escollera-en-puerto-escondido\\\/#primaryimage\"},\"thumbnailUrl\":\"https:\\\/\\\/cvnoticias.com\\\/nuevapagina\\\/wp-content\\\/uploads\\\/2026\\\/03\\\/WhatsApp-Image-2026-03-20-at-8.35.21-PM.jpeg\",\"articleSection\":[\"Comunicados\"],\"inLanguage\":\"es\",\"potentialAction\":[{\"@type\":\"CommentAction\",\"name\":\"Comment\",\"target\":[\"https:\\\/\\\/cvnoticias.com\\\/nuevapagina\\\/index.php\\\/2026\\\/03\\\/21\\\/exhortan-a-autoridades-competentes-a-retirar-escollera-en-puerto-escondido\\\/#respond\"]}]},{\"@type\":\"WebPage\",\"@id\":\"https:\\\/\\\/cvnoticias.com\\\/nuevapagina\\\/index.php\\\/2026\\\/03\\\/21\\\/exhortan-a-autoridades-competentes-a-retirar-escollera-en-puerto-escondido\\\/\",\"url\":\"https:\\\/\\\/cvnoticias.com\\\/nuevapagina\\\/index.php\\\/2026\\\/03\\\/21\\\/exhortan-a-autoridades-competentes-a-retirar-escollera-en-puerto-escondido\\\/\",\"name\":\"Exhortan a autoridades competentes a retirar escollera en Puerto Escondido - CV Noticias\",\"isPartOf\":{\"@id\":\"https:\\\/\\\/cvnoticias.com\\\/nuevapagina\\\/#website\"},\"primaryImageOfPage\":{\"@id\":\"https:\\\/\\\/cvnoticias.com\\\/nuevapagina\\\/index.php\\\/2026\\\/03\\\/21\\\/exhortan-a-autoridades-competentes-a-retirar-escollera-en-puerto-escondido\\\/#primaryimage\"},\"image\":{\"@id\":\"https:\\\/\\\/cvnoticias.com\\\/nuevapagina\\\/index.php\\\/2026\\\/03\\\/21\\\/exhortan-a-autoridades-competentes-a-retirar-escollera-en-puerto-escondido\\\/#primaryimage\"},\"thumbnailUrl\":\"https:\\\/\\\/cvnoticias.com\\\/nuevapagina\\\/wp-content\\\/uploads\\\/2026\\\/03\\\/WhatsApp-Image-2026-03-20-at-8.35.21-PM.jpeg\",\"datePublished\":\"2026-03-21T17:00:17+00:00\",\"dateModified\":\"2026-03-21T17:00:19+00:00\",\"breadcrumb\":{\"@id\":\"https:\\\/\\\/cvnoticias.com\\\/nuevapagina\\\/index.php\\\/2026\\\/03\\\/21\\\/exhortan-a-autoridades-competentes-a-retirar-escollera-en-puerto-escondido\\\/#breadcrumb\"},\"inLanguage\":\"es\",\"potentialAction\":[{\"@type\":\"ReadAction\",\"target\":[\"https:\\\/\\\/cvnoticias.com\\\/nuevapagina\\\/index.php\\\/2026\\\/03\\\/21\\\/exhortan-a-autoridades-competentes-a-retirar-escollera-en-puerto-escondido\\\/\"]}]},{\"@type\":\"ImageObject\",\"inLanguage\":\"es\",\"@id\":\"https:\\\/\\\/cvnoticias.com\\\/nuevapagina\\\/index.php\\\/2026\\\/03\\\/21\\\/exhortan-a-autoridades-competentes-a-retirar-escollera-en-puerto-escondido\\\/#primaryimage\",\"url\":\"https:\\\/\\\/cvnoticias.com\\\/nuevapagina\\\/wp-content\\\/uploads\\\/2026\\\/03\\\/WhatsApp-Image-2026-03-20-at-8.35.21-PM.jpeg\",\"contentUrl\":\"https:\\\/\\\/cvnoticias.com\\\/nuevapagina\\\/wp-content\\\/uploads\\\/2026\\\/03\\\/WhatsApp-Image-2026-03-20-at-8.35.21-PM.jpeg\",\"width\":1280,\"height\":853},{\"@type\":\"BreadcrumbList\",\"@id\":\"https:\\\/\\\/cvnoticias.com\\\/nuevapagina\\\/index.php\\\/2026\\\/03\\\/21\\\/exhortan-a-autoridades-competentes-a-retirar-escollera-en-puerto-escondido\\\/#breadcrumb\",\"itemListElement\":[{\"@type\":\"ListItem\",\"position\":1,\"name\":\"Portada\",\"item\":\"https:\\\/\\\/cvnoticias.com\\\/nuevapagina\\\/\"},{\"@type\":\"ListItem\",\"position\":2,\"name\":\"Exhortan a autoridades competentes a retirar escollera en Puerto Escondido\"}]},{\"@type\":\"WebSite\",\"@id\":\"https:\\\/\\\/cvnoticias.com\\\/nuevapagina\\\/#website\",\"url\":\"https:\\\/\\\/cvnoticias.com\\\/nuevapagina\\\/\",\"name\":\"CV Noticias\",\"description\":\"Noticias de Oaxaca\",\"publisher\":{\"@id\":\"https:\\\/\\\/cvnoticias.com\\\/nuevapagina\\\/#organization\"},\"potentialAction\":[{\"@type\":\"SearchAction\",\"target\":{\"@type\":\"EntryPoint\",\"urlTemplate\":\"https:\\\/\\\/cvnoticias.com\\\/nuevapagina\\\/?s={search_term_string}\"},\"query-input\":{\"@type\":\"PropertyValueSpecification\",\"valueRequired\":true,\"valueName\":\"search_term_string\"}}],\"inLanguage\":\"es\"},{\"@type\":\"Organization\",\"@id\":\"https:\\\/\\\/cvnoticias.com\\\/nuevapagina\\\/#organization\",\"name\":\"CV Noticias\",\"url\":\"https:\\\/\\\/cvnoticias.com\\\/nuevapagina\\\/\",\"logo\":{\"@type\":\"ImageObject\",\"inLanguage\":\"es\",\"@id\":\"https:\\\/\\\/cvnoticias.com\\\/nuevapagina\\\/#\\\/schema\\\/logo\\\/image\\\/\",\"url\":\"https:\\\/\\\/cvnoticias.com\\\/nuevapagina\\\/wp-content\\\/uploads\\\/2025\\\/05\\\/cropped-logo-1.png\",\"contentUrl\":\"https:\\\/\\\/cvnoticias.com\\\/nuevapagina\\\/wp-content\\\/uploads\\\/2025\\\/05\\\/cropped-logo-1.png\",\"width\":320,\"height\":118,\"caption\":\"CV Noticias\"},\"image\":{\"@id\":\"https:\\\/\\\/cvnoticias.com\\\/nuevapagina\\\/#\\\/schema\\\/logo\\\/image\\\/\"}},{\"@type\":\"Person\",\"@id\":\"https:\\\/\\\/cvnoticias.com\\\/nuevapagina\\\/#\\\/schema\\\/person\\\/19e35f246421a31486be7321065f7463\",\"name\":\"CvNoticias\",\"image\":{\"@type\":\"ImageObject\",\"inLanguage\":\"es\",\"@id\":\"https:\\\/\\\/secure.gravatar.com\\\/avatar\\\/c3a4375d38fd8f9b34ac9e853cb706a079817c78f9a39e33b16a2b2b2e51688a?s=96&d=mm&r=g\",\"url\":\"https:\\\/\\\/secure.gravatar.com\\\/avatar\\\/c3a4375d38fd8f9b34ac9e853cb706a079817c78f9a39e33b16a2b2b2e51688a?s=96&d=mm&r=g\",\"contentUrl\":\"https:\\\/\\\/secure.gravatar.com\\\/avatar\\\/c3a4375d38fd8f9b34ac9e853cb706a079817c78f9a39e33b16a2b2b2e51688a?s=96&d=mm&r=g\",\"caption\":\"CvNoticias\"},\"url\":\"https:\\\/\\\/cvnoticias.com\\\/nuevapagina\\\/index.php\\\/author\\\/gesner\\\/\"}]}<\/script>\n<!-- \/ Yoast SEO plugin. -->","yoast_head_json":{"title":"Exhortan a autoridades competentes a retirar escollera en Puerto Escondido - CV Noticias","robots":{"index":"index","follow":"follow","max-snippet":"max-snippet:-1","max-image-preview":"max-image-preview:large","max-video-preview":"max-video-preview:-1"},"canonical":"https:\/\/cvnoticias.com\/nuevapagina\/index.php\/2026\/03\/21\/exhortan-a-autoridades-competentes-a-retirar-escollera-en-puerto-escondido\/","og_locale":"es_ES","og_type":"article","og_title":"Exhortan a autoridades competentes a retirar escollera en Puerto Escondido - CV Noticias","og_description":"San Raymundo Jalpan, Oax., a 20 de marzo de 2026.- En Sesi\u00f3n Ordinaria, el Congreso...","og_url":"https:\/\/cvnoticias.com\/nuevapagina\/index.php\/2026\/03\/21\/exhortan-a-autoridades-competentes-a-retirar-escollera-en-puerto-escondido\/","og_site_name":"CV Noticias","article_published_time":"2026-03-21T17:00:17+00:00","article_modified_time":"2026-03-21T17:00:19+00:00","og_image":[{"width":1280,"height":853,"url":"https:\/\/cvnoticias.com\/nuevapagina\/wp-content\/uploads\/2026\/03\/WhatsApp-Image-2026-03-20-at-8.35.21-PM.jpeg","type":"image\/jpeg"}],"author":"CvNoticias","twitter_card":"summary_large_image","twitter_misc":{"Escrito por":"CvNoticias","Tiempo de lectura":"2 minutos"},"schema":{"@context":"https:\/\/schema.org","@graph":[{"@type":"Article","@id":"https:\/\/cvnoticias.com\/nuevapagina\/index.php\/2026\/03\/21\/exhortan-a-autoridades-competentes-a-retirar-escollera-en-puerto-escondido\/#article","isPartOf":{"@id":"https:\/\/cvnoticias.com\/nuevapagina\/index.php\/2026\/03\/21\/exhortan-a-autoridades-competentes-a-retirar-escollera-en-puerto-escondido\/"},"author":{"name":"CvNoticias","@id":"https:\/\/cvnoticias.com\/nuevapagina\/#\/schema\/person\/19e35f246421a31486be7321065f7463"},"headline":"Exhortan a autoridades competentes a retirar escollera en Puerto Escondido","datePublished":"2026-03-21T17:00:17+00:00","dateModified":"2026-03-21T17:00:19+00:00","mainEntityOfPage":{"@id":"https:\/\/cvnoticias.com\/nuevapagina\/index.php\/2026\/03\/21\/exhortan-a-autoridades-competentes-a-retirar-escollera-en-puerto-escondido\/"},"wordCount":402,"commentCount":0,"publisher":{"@id":"https:\/\/cvnoticias.com\/nuevapagina\/#organization"},"image":{"@id":"https:\/\/cvnoticias.com\/nuevapagina\/index.php\/2026\/03\/21\/exhortan-a-autoridades-competentes-a-retirar-escollera-en-puerto-escondido\/#primaryimage"},"thumbnailUrl":"https:\/\/cvnoticias.com\/nuevapagina\/wp-content\/uploads\/2026\/03\/WhatsApp-Image-2026-03-20-at-8.35.21-PM.jpeg","articleSection":["Comunicados"],"inLanguage":"es","potentialAction":[{"@type":"CommentAction","name":"Comment","target":["https:\/\/cvnoticias.com\/nuevapagina\/index.php\/2026\/03\/21\/exhortan-a-autoridades-competentes-a-retirar-escollera-en-puerto-escondido\/#respond"]}]},{"@type":"WebPage","@id":"https:\/\/cvnoticias.com\/nuevapagina\/index.php\/2026\/03\/21\/exhortan-a-autoridades-competentes-a-retirar-escollera-en-puerto-escondido\/","url":"https:\/\/cvnoticias.com\/nuevapagina\/index.php\/2026\/03\/21\/exhortan-a-autoridades-competentes-a-retirar-escollera-en-puerto-escondido\/","name":"Exhortan a autoridades competentes a retirar escollera en Puerto Escondido - CV Noticias","isPartOf":{"@id":"https:\/\/cvnoticias.com\/nuevapagina\/#website"},"primaryImageOfPage":{"@id":"https:\/\/cvnoticias.com\/nuevapagina\/index.php\/2026\/03\/21\/exhortan-a-autoridades-competentes-a-retirar-escollera-en-puerto-escondido\/#primaryimage"},"image":{"@id":"https:\/\/cvnoticias.com\/nuevapagina\/index.php\/2026\/03\/21\/exhortan-a-autoridades-competentes-a-retirar-escollera-en-puerto-escondido\/#primaryimage"},"thumbnailUrl":"https:\/\/cvnoticias.com\/nuevapagina\/wp-content\/uploads\/2026\/03\/WhatsApp-Image-2026-03-20-at-8.35.21-PM.jpeg","datePublished":"2026-03-21T17:00:17+00:00","dateModified":"2026-03-21T17:00:19+00:00","breadcrumb":{"@id":"https:\/\/cvnoticias.com\/nuevapagina\/index.php\/2026\/03\/21\/exhortan-a-autoridades-competentes-a-retirar-escollera-en-puerto-escondido\/#breadcrumb"},"inLanguage":"es","potentialAction":[{"@type":"ReadAction","target":["https:\/\/cvnoticias.com\/nuevapagina\/index.php\/2026\/03\/21\/exhortan-a-autoridades-competentes-a-retirar-escollera-en-puerto-escondido\/"]}]},{"@type":"ImageObject","inLanguage":"es","@id":"https:\/\/cvnoticias.com\/nuevapagina\/index.php\/2026\/03\/21\/exhortan-a-autoridades-competentes-a-retirar-escollera-en-puerto-escondido\/#primaryimage","url":"https:\/\/cvnoticias.com\/nuevapagina\/wp-content\/uploads\/2026\/03\/WhatsApp-Image-2026-03-20-at-8.35.21-PM.jpeg","contentUrl":"https:\/\/cvnoticias.com\/nuevapagina\/wp-content\/uploads\/2026\/03\/WhatsApp-Image-2026-03-20-at-8.35.21-PM.jpeg","width":1280,"height":853},{"@type":"BreadcrumbList","@id":"https:\/\/cvnoticias.com\/nuevapagina\/index.php\/2026\/03\/21\/exhortan-a-autoridades-competentes-a-retirar-escollera-en-puerto-escondido\/#breadcrumb","itemListElement":[{"@type":"ListItem","position":1,"name":"Portada","item":"https:\/\/cvnoticias.com\/nuevapagina\/"},{"@type":"ListItem","position":2,"name":"Exhortan a autoridades competentes a retirar escollera en Puerto Escondido"}]},{"@type":"WebSite","@id":"https:\/\/cvnoticias.com\/nuevapagina\/#website","url":"https:\/\/cvnoticias.com\/nuevapagina\/","name":"CV Noticias","description":"Noticias de Oaxaca","publisher":{"@id":"https:\/\/cvnoticias.com\/nuevapagina\/#organization"},"potentialAction":[{"@type":"SearchAction","target":{"@type":"EntryPoint","urlTemplate":"https:\/\/cvnoticias.com\/nuevapagina\/?s={search_term_string}"},"query-input":{"@type":"PropertyValueSpecification","valueRequired":true,"valueName":"search_term_string"}}],"inLanguage":"es"},{"@type":"Organization","@id":"https:\/\/cvnoticias.com\/nuevapagina\/#organization","name":"CV Noticias","url":"https:\/\/cvnoticias.com\/nuevapagina\/","logo":{"@type":"ImageObject","inLanguage":"es","@id":"https:\/\/cvnoticias.com\/nuevapagina\/#\/schema\/logo\/image\/","url":"https:\/\/cvnoticias.com\/nuevapagina\/wp-content\/uploads\/2025\/05\/cropped-logo-1.png","contentUrl":"https:\/\/cvnoticias.com\/nuevapagina\/wp-content\/uploads\/2025\/05\/cropped-logo-1.png","width":320,"height":118,"caption":"CV Noticias"},"image":{"@id":"https:\/\/cvnoticias.com\/nuevapagina\/#\/schema\/logo\/image\/"}},{"@type":"Person","@id":"https:\/\/cvnoticias.com\/nuevapagina\/#\/schema\/person\/19e35f246421a31486be7321065f7463","name":"CvNoticias","image":{"@type":"ImageObject","inLanguage":"es","@id":"https:\/\/secure.gravatar.com\/avatar\/c3a4375d38fd8f9b34ac9e853cb706a079817c78f9a39e33b16a2b2b2e51688a?s=96&d=mm&r=g","url":"https:\/\/secure.gravatar.com\/avatar\/c3a4375d38fd8f9b34ac9e853cb706a079817c78f9a39e33b16a2b2b2e51688a?s=96&d=mm&r=g","contentUrl":"https:\/\/secure.gravatar.com\/avatar\/c3a4375d38fd8f9b34ac9e853cb706a079817c78f9a39e33b16a2b2b2e51688a?s=96&d=mm&r=g","caption":"CvNoticias"},"url":"https:\/\/cvnoticias.com\/nuevapagina\/index.php\/author\/gesner\/"}]}},"_links":{"self":[{"href":"https:\/\/cvnoticias.com\/nuevapagina\/index.php\/wp-json\/wp\/v2\/posts\/6516","targetHints":{"allow":["GET"]}}],"collection":[{"href":"https:\/\/cvnoticias.com\/nuevapagina\/index.php\/wp-json\/wp\/v2\/posts"}],"about":[{"href":"https:\/\/cvnoticias.com\/nuevapagina\/index.php\/wp-json\/wp\/v2\/types\/post"}],"author":[{"embeddable":true,"href":"https:\/\/cvnoticias.com\/nuevapagina\/index.php\/wp-json\/wp\/v2\/users\/2"}],"replies":[{"embeddable":true,"href":"https:\/\/cvnoticias.com\/nuevapagina\/index.php\/wp-json\/wp\/v2\/comments?post=6516"}],"version-history":[{"count":1,"href":"https:\/\/cvnoticias.com\/nuevapagina\/index.php\/wp-json\/wp\/v2\/posts\/6516\/revisions"}],"predecessor-version":[{"id":6517,"href":"https:\/\/cvnoticias.com\/nuevapagina\/index.php\/wp-json\/wp\/v2\/posts\/6516\/revisions\/6517"}],"wp:featuredmedia":[{"embeddable":true,"href":"https:\/\/cvnoticias.com\/nuevapagina\/index.php\/wp-json\/wp\/v2\/media\/6513"}],"wp:attachment":[{"href":"https:\/\/cvnoticias.com\/nuevapagina\/index.php\/wp-json\/wp\/v2\/media?parent=6516"}],"wp:term":[{"taxonomy":"category","embeddable":true,"href":"https:\/\/cvnoticias.com\/nuevapagina\/index.php\/wp-json\/wp\/v2\/categories?post=6516"},{"taxonomy":"post_tag","embeddable":true,"href":"https:\/\/cvnoticias.com\/nuevapagina\/index.php\/wp-json\/wp\/v2\/tags?post=6516"}],"curies":[{"name":"wp","href":"https:\/\/api.w.org\/{rel}","templated":true}]}}