{"id":6474,"date":"2026-03-20T02:10:03","date_gmt":"2026-03-20T02:10:03","guid":{"rendered":"https:\/\/cvnoticias.com\/nuevapagina\/?p=6474"},"modified":"2026-03-20T02:10:05","modified_gmt":"2026-03-20T02:10:05","slug":"xoxocotlan-vibra-con-german-montero-en-el-cuarto-martes-de-brujas","status":"publish","type":"post","link":"https:\/\/cvnoticias.com\/nuevapagina\/index.php\/2026\/03\/20\/xoxocotlan-vibra-con-german-montero-en-el-cuarto-martes-de-brujas\/","title":{"rendered":"Xoxocotl\u00e1n vibra con German Montero en el cuarto Martes de Brujas"},"content":{"rendered":"\n<p>Santa Cruz Xoxocotl\u00e1n, Oax., 17 de mar.\u2014 Ni la llovizna logr\u00f3 apagar el \u00e1nimo festivo en el coraz\u00f3n de esta ciudad. Miles de personas llenaron el Parque Central, la noche de este Cuarto Martes de Brujas que, como Mar\u00eda Elena, llegaron con la ilusi\u00f3n de escuchar en vivo a uno de sus \u00eddolos: Germ\u00e1n Montero, el reconocido cantante y ex-vocalista de La Arrolladora hasta hace unos a\u00f1os.<\/p>\n\n\n\n<p>\u201cNo tuve la oportunidad de verlo la \u00faltima vez que vino a Oaxaca y, cuando supe que estar\u00eda en los Martes de Brujas, sabia que no me lo pod\u00eda perder\u201d, cont\u00f3 emocionada al confesar que ten\u00eda la piel \u201cchinita\u201d.<\/p>\n\n\n\n<p>Y es que desde las primeras filas se percibe el inconfundible olor de los tamales de chepil. Una familia los comparte con calma mientras escucha la voz de Paola Hersan, \u201cLa Reina Oaxaque\u00f1a\u201d, originaria de Santiago Matatl\u00e1n, es la primera en subir al escenario.<\/p>\n\n\n\n<p>Su interpretaci\u00f3n envuelve la plaza y conquista al p\u00fablico, marcando el ambiente de la velada.<\/p>\n\n\n\n<p>Cuando el Parque Central luce lleno y el \u00e1nimo festivo se apodera del lugar, la Banda La Joya de Antequera toma el escenario y hace vibrar la plaza, convirtiendo el cielo nublado en el marco ideal para la celebraci\u00f3n.<\/p>\n\n\n\n<p>La noche avanza y llega el momento esperado: Germ\u00e1n Montero, el reconocido cantante de banda, famoso por su genialidad al fusionar la m\u00fasica tradicional con ritmos modernos, aparece en el escenario y el Parque Central estalla en aplausos.<\/p>\n\n\n\n<p>Su voz llena la plaza y, en cuesti\u00f3n de minutos, la multitud canta, baila y corea sus canciones.<br>\u201cMuchas gracias por su cari\u00f1o\u201d, expres\u00f3 el int\u00e9rprete sinaloense ante un p\u00fablico euf\u00f3rico que respondi\u00f3 con la alegr\u00eda que solo se vive en Xoxocotl\u00e1n.<\/p>\n\n\n\n<p>Esta noche, nadie quiere irse todav\u00eda: hay parejas que siguen bailando, familias que apuran los \u00faltimos tamales y j\u00f3venes que levantan el celular para guardar el recuerdo de la noche.<\/p>\n\n\n\n<p>Y es que solo en los Martes de Brujas, el coraz\u00f3n xoxe\u00f1o se enciende m\u00e1s hasta cuando las luces se apagan.<\/p>\n","protected":false},"excerpt":{"rendered":"<p>Santa Cruz Xoxocotl\u00e1n, Oax., 17 de mar.\u2014 Ni la llovizna logr\u00f3 apagar el \u00e1nimo festivo&#8230;<\/p>\n","protected":false},"author":2,"featured_media":6465,"comment_status":"open","ping_status":"closed","sticky":false,"template":"","format":"standard","meta":{"footnotes":""},"categories":[3],"tags":[],"class_list":["post-6474","post","type-post","status-publish","format-standard","has-post-thumbnail","hentry","category-comunicadosdeprensa"],"yoast_head":"<!-- This site is optimized with the Yoast SEO plugin v27.5 - https:\/\/yoast.com\/product\/yoast-seo-wordpress\/ -->\n<title>Xoxocotl\u00e1n vibra con German Montero en el cuarto Martes de Brujas - CV Noticias<\/title>\n<meta name=\"robots\" content=\"index, follow, max-snippet:-1, max-image-preview:large, max-video-preview:-1\" \/>\n<link rel=\"canonical\" href=\"https:\/\/cvnoticias.com\/nuevapagina\/index.php\/2026\/03\/20\/xoxocotlan-vibra-con-german-montero-en-el-cuarto-martes-de-brujas\/\" \/>\n<meta property=\"og:locale\" content=\"es_ES\" \/>\n<meta property=\"og:type\" content=\"article\" \/>\n<meta property=\"og:title\" content=\"Xoxocotl\u00e1n vibra con German Montero en el cuarto Martes de Brujas - CV Noticias\" \/>\n<meta property=\"og:description\" content=\"Santa Cruz Xoxocotl\u00e1n, Oax., 17 de mar.\u2014 Ni la llovizna logr\u00f3 apagar el \u00e1nimo festivo...\" \/>\n<meta property=\"og:url\" content=\"https:\/\/cvnoticias.com\/nuevapagina\/index.php\/2026\/03\/20\/xoxocotlan-vibra-con-german-montero-en-el-cuarto-martes-de-brujas\/\" \/>\n<meta property=\"og:site_name\" content=\"CV Noticias\" \/>\n<meta property=\"article:published_time\" content=\"2026-03-20T02:10:03+00:00\" \/>\n<meta property=\"article:modified_time\" content=\"2026-03-20T02:10:05+00:00\" \/>\n<meta property=\"og:image\" content=\"https:\/\/cvnoticias.com\/nuevapagina\/wp-content\/uploads\/2026\/03\/WhatsApp-Image-2026-03-18-at-8.41.28-PM.jpeg\" \/>\n\t<meta property=\"og:image:width\" content=\"1280\" \/>\n\t<meta property=\"og:image:height\" content=\"854\" \/>\n\t<meta property=\"og:image:type\" content=\"image\/jpeg\" \/>\n<meta name=\"author\" content=\"CvNoticias\" \/>\n<meta name=\"twitter:card\" content=\"summary_large_image\" \/>\n<meta name=\"twitter:label1\" content=\"Escrito por\" \/>\n\t<meta name=\"twitter:data1\" content=\"CvNoticias\" \/>\n\t<meta name=\"twitter:label2\" content=\"Tiempo de lectura\" \/>\n\t<meta name=\"twitter:data2\" content=\"2 minutos\" \/>\n<script type=\"application\/ld+json\" class=\"yoast-schema-graph\">{\"@context\":\"https:\\\/\\\/schema.org\",\"@graph\":[{\"@type\":\"Article\",\"@id\":\"https:\\\/\\\/cvnoticias.com\\\/nuevapagina\\\/index.php\\\/2026\\\/03\\\/20\\\/xoxocotlan-vibra-con-german-montero-en-el-cuarto-martes-de-brujas\\\/#article\",\"isPartOf\":{\"@id\":\"https:\\\/\\\/cvnoticias.com\\\/nuevapagina\\\/index.php\\\/2026\\\/03\\\/20\\\/xoxocotlan-vibra-con-german-montero-en-el-cuarto-martes-de-brujas\\\/\"},\"author\":{\"name\":\"CvNoticias\",\"@id\":\"https:\\\/\\\/cvnoticias.com\\\/nuevapagina\\\/#\\\/schema\\\/person\\\/19e35f246421a31486be7321065f7463\"},\"headline\":\"Xoxocotl\u00e1n vibra con German Montero en el cuarto Martes de Brujas\",\"datePublished\":\"2026-03-20T02:10:03+00:00\",\"dateModified\":\"2026-03-20T02:10:05+00:00\",\"mainEntityOfPage\":{\"@id\":\"https:\\\/\\\/cvnoticias.com\\\/nuevapagina\\\/index.php\\\/2026\\\/03\\\/20\\\/xoxocotlan-vibra-con-german-montero-en-el-cuarto-martes-de-brujas\\\/\"},\"wordCount\":374,\"commentCount\":0,\"publisher\":{\"@id\":\"https:\\\/\\\/cvnoticias.com\\\/nuevapagina\\\/#organization\"},\"image\":{\"@id\":\"https:\\\/\\\/cvnoticias.com\\\/nuevapagina\\\/index.php\\\/2026\\\/03\\\/20\\\/xoxocotlan-vibra-con-german-montero-en-el-cuarto-martes-de-brujas\\\/#primaryimage\"},\"thumbnailUrl\":\"https:\\\/\\\/cvnoticias.com\\\/nuevapagina\\\/wp-content\\\/uploads\\\/2026\\\/03\\\/WhatsApp-Image-2026-03-18-at-8.41.28-PM.jpeg\",\"articleSection\":[\"Comunicados\"],\"inLanguage\":\"es\",\"potentialAction\":[{\"@type\":\"CommentAction\",\"name\":\"Comment\",\"target\":[\"https:\\\/\\\/cvnoticias.com\\\/nuevapagina\\\/index.php\\\/2026\\\/03\\\/20\\\/xoxocotlan-vibra-con-german-montero-en-el-cuarto-martes-de-brujas\\\/#respond\"]}]},{\"@type\":\"WebPage\",\"@id\":\"https:\\\/\\\/cvnoticias.com\\\/nuevapagina\\\/index.php\\\/2026\\\/03\\\/20\\\/xoxocotlan-vibra-con-german-montero-en-el-cuarto-martes-de-brujas\\\/\",\"url\":\"https:\\\/\\\/cvnoticias.com\\\/nuevapagina\\\/index.php\\\/2026\\\/03\\\/20\\\/xoxocotlan-vibra-con-german-montero-en-el-cuarto-martes-de-brujas\\\/\",\"name\":\"Xoxocotl\u00e1n vibra con German Montero en el cuarto Martes de Brujas - CV Noticias\",\"isPartOf\":{\"@id\":\"https:\\\/\\\/cvnoticias.com\\\/nuevapagina\\\/#website\"},\"primaryImageOfPage\":{\"@id\":\"https:\\\/\\\/cvnoticias.com\\\/nuevapagina\\\/index.php\\\/2026\\\/03\\\/20\\\/xoxocotlan-vibra-con-german-montero-en-el-cuarto-martes-de-brujas\\\/#primaryimage\"},\"image\":{\"@id\":\"https:\\\/\\\/cvnoticias.com\\\/nuevapagina\\\/index.php\\\/2026\\\/03\\\/20\\\/xoxocotlan-vibra-con-german-montero-en-el-cuarto-martes-de-brujas\\\/#primaryimage\"},\"thumbnailUrl\":\"https:\\\/\\\/cvnoticias.com\\\/nuevapagina\\\/wp-content\\\/uploads\\\/2026\\\/03\\\/WhatsApp-Image-2026-03-18-at-8.41.28-PM.jpeg\",\"datePublished\":\"2026-03-20T02:10:03+00:00\",\"dateModified\":\"2026-03-20T02:10:05+00:00\",\"breadcrumb\":{\"@id\":\"https:\\\/\\\/cvnoticias.com\\\/nuevapagina\\\/index.php\\\/2026\\\/03\\\/20\\\/xoxocotlan-vibra-con-german-montero-en-el-cuarto-martes-de-brujas\\\/#breadcrumb\"},\"inLanguage\":\"es\",\"potentialAction\":[{\"@type\":\"ReadAction\",\"target\":[\"https:\\\/\\\/cvnoticias.com\\\/nuevapagina\\\/index.php\\\/2026\\\/03\\\/20\\\/xoxocotlan-vibra-con-german-montero-en-el-cuarto-martes-de-brujas\\\/\"]}]},{\"@type\":\"ImageObject\",\"inLanguage\":\"es\",\"@id\":\"https:\\\/\\\/cvnoticias.com\\\/nuevapagina\\\/index.php\\\/2026\\\/03\\\/20\\\/xoxocotlan-vibra-con-german-montero-en-el-cuarto-martes-de-brujas\\\/#primaryimage\",\"url\":\"https:\\\/\\\/cvnoticias.com\\\/nuevapagina\\\/wp-content\\\/uploads\\\/2026\\\/03\\\/WhatsApp-Image-2026-03-18-at-8.41.28-PM.jpeg\",\"contentUrl\":\"https:\\\/\\\/cvnoticias.com\\\/nuevapagina\\\/wp-content\\\/uploads\\\/2026\\\/03\\\/WhatsApp-Image-2026-03-18-at-8.41.28-PM.jpeg\",\"width\":1280,\"height\":854},{\"@type\":\"BreadcrumbList\",\"@id\":\"https:\\\/\\\/cvnoticias.com\\\/nuevapagina\\\/index.php\\\/2026\\\/03\\\/20\\\/xoxocotlan-vibra-con-german-montero-en-el-cuarto-martes-de-brujas\\\/#breadcrumb\",\"itemListElement\":[{\"@type\":\"ListItem\",\"position\":1,\"name\":\"Portada\",\"item\":\"https:\\\/\\\/cvnoticias.com\\\/nuevapagina\\\/\"},{\"@type\":\"ListItem\",\"position\":2,\"name\":\"Xoxocotl\u00e1n vibra con German Montero en el cuarto Martes de Brujas\"}]},{\"@type\":\"WebSite\",\"@id\":\"https:\\\/\\\/cvnoticias.com\\\/nuevapagina\\\/#website\",\"url\":\"https:\\\/\\\/cvnoticias.com\\\/nuevapagina\\\/\",\"name\":\"CV Noticias\",\"description\":\"Noticias de Oaxaca\",\"publisher\":{\"@id\":\"https:\\\/\\\/cvnoticias.com\\\/nuevapagina\\\/#organization\"},\"potentialAction\":[{\"@type\":\"SearchAction\",\"target\":{\"@type\":\"EntryPoint\",\"urlTemplate\":\"https:\\\/\\\/cvnoticias.com\\\/nuevapagina\\\/?s={search_term_string}\"},\"query-input\":{\"@type\":\"PropertyValueSpecification\",\"valueRequired\":true,\"valueName\":\"search_term_string\"}}],\"inLanguage\":\"es\"},{\"@type\":\"Organization\",\"@id\":\"https:\\\/\\\/cvnoticias.com\\\/nuevapagina\\\/#organization\",\"name\":\"CV Noticias\",\"url\":\"https:\\\/\\\/cvnoticias.com\\\/nuevapagina\\\/\",\"logo\":{\"@type\":\"ImageObject\",\"inLanguage\":\"es\",\"@id\":\"https:\\\/\\\/cvnoticias.com\\\/nuevapagina\\\/#\\\/schema\\\/logo\\\/image\\\/\",\"url\":\"https:\\\/\\\/cvnoticias.com\\\/nuevapagina\\\/wp-content\\\/uploads\\\/2025\\\/05\\\/cropped-logo-1.png\",\"contentUrl\":\"https:\\\/\\\/cvnoticias.com\\\/nuevapagina\\\/wp-content\\\/uploads\\\/2025\\\/05\\\/cropped-logo-1.png\",\"width\":320,\"height\":118,\"caption\":\"CV Noticias\"},\"image\":{\"@id\":\"https:\\\/\\\/cvnoticias.com\\\/nuevapagina\\\/#\\\/schema\\\/logo\\\/image\\\/\"}},{\"@type\":\"Person\",\"@id\":\"https:\\\/\\\/cvnoticias.com\\\/nuevapagina\\\/#\\\/schema\\\/person\\\/19e35f246421a31486be7321065f7463\",\"name\":\"CvNoticias\",\"image\":{\"@type\":\"ImageObject\",\"inLanguage\":\"es\",\"@id\":\"https:\\\/\\\/secure.gravatar.com\\\/avatar\\\/c3a4375d38fd8f9b34ac9e853cb706a079817c78f9a39e33b16a2b2b2e51688a?s=96&d=mm&r=g\",\"url\":\"https:\\\/\\\/secure.gravatar.com\\\/avatar\\\/c3a4375d38fd8f9b34ac9e853cb706a079817c78f9a39e33b16a2b2b2e51688a?s=96&d=mm&r=g\",\"contentUrl\":\"https:\\\/\\\/secure.gravatar.com\\\/avatar\\\/c3a4375d38fd8f9b34ac9e853cb706a079817c78f9a39e33b16a2b2b2e51688a?s=96&d=mm&r=g\",\"caption\":\"CvNoticias\"},\"url\":\"https:\\\/\\\/cvnoticias.com\\\/nuevapagina\\\/index.php\\\/author\\\/gesner\\\/\"}]}<\/script>\n<!-- \/ Yoast SEO plugin. -->","yoast_head_json":{"title":"Xoxocotl\u00e1n vibra con German Montero en el cuarto Martes de Brujas - CV Noticias","robots":{"index":"index","follow":"follow","max-snippet":"max-snippet:-1","max-image-preview":"max-image-preview:large","max-video-preview":"max-video-preview:-1"},"canonical":"https:\/\/cvnoticias.com\/nuevapagina\/index.php\/2026\/03\/20\/xoxocotlan-vibra-con-german-montero-en-el-cuarto-martes-de-brujas\/","og_locale":"es_ES","og_type":"article","og_title":"Xoxocotl\u00e1n vibra con German Montero en el cuarto Martes de Brujas - CV Noticias","og_description":"Santa Cruz Xoxocotl\u00e1n, Oax., 17 de mar.\u2014 Ni la llovizna logr\u00f3 apagar el \u00e1nimo festivo...","og_url":"https:\/\/cvnoticias.com\/nuevapagina\/index.php\/2026\/03\/20\/xoxocotlan-vibra-con-german-montero-en-el-cuarto-martes-de-brujas\/","og_site_name":"CV Noticias","article_published_time":"2026-03-20T02:10:03+00:00","article_modified_time":"2026-03-20T02:10:05+00:00","og_image":[{"width":1280,"height":854,"url":"https:\/\/cvnoticias.com\/nuevapagina\/wp-content\/uploads\/2026\/03\/WhatsApp-Image-2026-03-18-at-8.41.28-PM.jpeg","type":"image\/jpeg"}],"author":"CvNoticias","twitter_card":"summary_large_image","twitter_misc":{"Escrito por":"CvNoticias","Tiempo de lectura":"2 minutos"},"schema":{"@context":"https:\/\/schema.org","@graph":[{"@type":"Article","@id":"https:\/\/cvnoticias.com\/nuevapagina\/index.php\/2026\/03\/20\/xoxocotlan-vibra-con-german-montero-en-el-cuarto-martes-de-brujas\/#article","isPartOf":{"@id":"https:\/\/cvnoticias.com\/nuevapagina\/index.php\/2026\/03\/20\/xoxocotlan-vibra-con-german-montero-en-el-cuarto-martes-de-brujas\/"},"author":{"name":"CvNoticias","@id":"https:\/\/cvnoticias.com\/nuevapagina\/#\/schema\/person\/19e35f246421a31486be7321065f7463"},"headline":"Xoxocotl\u00e1n vibra con German Montero en el cuarto Martes de Brujas","datePublished":"2026-03-20T02:10:03+00:00","dateModified":"2026-03-20T02:10:05+00:00","mainEntityOfPage":{"@id":"https:\/\/cvnoticias.com\/nuevapagina\/index.php\/2026\/03\/20\/xoxocotlan-vibra-con-german-montero-en-el-cuarto-martes-de-brujas\/"},"wordCount":374,"commentCount":0,"publisher":{"@id":"https:\/\/cvnoticias.com\/nuevapagina\/#organization"},"image":{"@id":"https:\/\/cvnoticias.com\/nuevapagina\/index.php\/2026\/03\/20\/xoxocotlan-vibra-con-german-montero-en-el-cuarto-martes-de-brujas\/#primaryimage"},"thumbnailUrl":"https:\/\/cvnoticias.com\/nuevapagina\/wp-content\/uploads\/2026\/03\/WhatsApp-Image-2026-03-18-at-8.41.28-PM.jpeg","articleSection":["Comunicados"],"inLanguage":"es","potentialAction":[{"@type":"CommentAction","name":"Comment","target":["https:\/\/cvnoticias.com\/nuevapagina\/index.php\/2026\/03\/20\/xoxocotlan-vibra-con-german-montero-en-el-cuarto-martes-de-brujas\/#respond"]}]},{"@type":"WebPage","@id":"https:\/\/cvnoticias.com\/nuevapagina\/index.php\/2026\/03\/20\/xoxocotlan-vibra-con-german-montero-en-el-cuarto-martes-de-brujas\/","url":"https:\/\/cvnoticias.com\/nuevapagina\/index.php\/2026\/03\/20\/xoxocotlan-vibra-con-german-montero-en-el-cuarto-martes-de-brujas\/","name":"Xoxocotl\u00e1n vibra con German Montero en el cuarto Martes de Brujas - CV Noticias","isPartOf":{"@id":"https:\/\/cvnoticias.com\/nuevapagina\/#website"},"primaryImageOfPage":{"@id":"https:\/\/cvnoticias.com\/nuevapagina\/index.php\/2026\/03\/20\/xoxocotlan-vibra-con-german-montero-en-el-cuarto-martes-de-brujas\/#primaryimage"},"image":{"@id":"https:\/\/cvnoticias.com\/nuevapagina\/index.php\/2026\/03\/20\/xoxocotlan-vibra-con-german-montero-en-el-cuarto-martes-de-brujas\/#primaryimage"},"thumbnailUrl":"https:\/\/cvnoticias.com\/nuevapagina\/wp-content\/uploads\/2026\/03\/WhatsApp-Image-2026-03-18-at-8.41.28-PM.jpeg","datePublished":"2026-03-20T02:10:03+00:00","dateModified":"2026-03-20T02:10:05+00:00","breadcrumb":{"@id":"https:\/\/cvnoticias.com\/nuevapagina\/index.php\/2026\/03\/20\/xoxocotlan-vibra-con-german-montero-en-el-cuarto-martes-de-brujas\/#breadcrumb"},"inLanguage":"es","potentialAction":[{"@type":"ReadAction","target":["https:\/\/cvnoticias.com\/nuevapagina\/index.php\/2026\/03\/20\/xoxocotlan-vibra-con-german-montero-en-el-cuarto-martes-de-brujas\/"]}]},{"@type":"ImageObject","inLanguage":"es","@id":"https:\/\/cvnoticias.com\/nuevapagina\/index.php\/2026\/03\/20\/xoxocotlan-vibra-con-german-montero-en-el-cuarto-martes-de-brujas\/#primaryimage","url":"https:\/\/cvnoticias.com\/nuevapagina\/wp-content\/uploads\/2026\/03\/WhatsApp-Image-2026-03-18-at-8.41.28-PM.jpeg","contentUrl":"https:\/\/cvnoticias.com\/nuevapagina\/wp-content\/uploads\/2026\/03\/WhatsApp-Image-2026-03-18-at-8.41.28-PM.jpeg","width":1280,"height":854},{"@type":"BreadcrumbList","@id":"https:\/\/cvnoticias.com\/nuevapagina\/index.php\/2026\/03\/20\/xoxocotlan-vibra-con-german-montero-en-el-cuarto-martes-de-brujas\/#breadcrumb","itemListElement":[{"@type":"ListItem","position":1,"name":"Portada","item":"https:\/\/cvnoticias.com\/nuevapagina\/"},{"@type":"ListItem","position":2,"name":"Xoxocotl\u00e1n vibra con German Montero en el cuarto Martes de Brujas"}]},{"@type":"WebSite","@id":"https:\/\/cvnoticias.com\/nuevapagina\/#website","url":"https:\/\/cvnoticias.com\/nuevapagina\/","name":"CV Noticias","description":"Noticias de Oaxaca","publisher":{"@id":"https:\/\/cvnoticias.com\/nuevapagina\/#organization"},"potentialAction":[{"@type":"SearchAction","target":{"@type":"EntryPoint","urlTemplate":"https:\/\/cvnoticias.com\/nuevapagina\/?s={search_term_string}"},"query-input":{"@type":"PropertyValueSpecification","valueRequired":true,"valueName":"search_term_string"}}],"inLanguage":"es"},{"@type":"Organization","@id":"https:\/\/cvnoticias.com\/nuevapagina\/#organization","name":"CV Noticias","url":"https:\/\/cvnoticias.com\/nuevapagina\/","logo":{"@type":"ImageObject","inLanguage":"es","@id":"https:\/\/cvnoticias.com\/nuevapagina\/#\/schema\/logo\/image\/","url":"https:\/\/cvnoticias.com\/nuevapagina\/wp-content\/uploads\/2025\/05\/cropped-logo-1.png","contentUrl":"https:\/\/cvnoticias.com\/nuevapagina\/wp-content\/uploads\/2025\/05\/cropped-logo-1.png","width":320,"height":118,"caption":"CV Noticias"},"image":{"@id":"https:\/\/cvnoticias.com\/nuevapagina\/#\/schema\/logo\/image\/"}},{"@type":"Person","@id":"https:\/\/cvnoticias.com\/nuevapagina\/#\/schema\/person\/19e35f246421a31486be7321065f7463","name":"CvNoticias","image":{"@type":"ImageObject","inLanguage":"es","@id":"https:\/\/secure.gravatar.com\/avatar\/c3a4375d38fd8f9b34ac9e853cb706a079817c78f9a39e33b16a2b2b2e51688a?s=96&d=mm&r=g","url":"https:\/\/secure.gravatar.com\/avatar\/c3a4375d38fd8f9b34ac9e853cb706a079817c78f9a39e33b16a2b2b2e51688a?s=96&d=mm&r=g","contentUrl":"https:\/\/secure.gravatar.com\/avatar\/c3a4375d38fd8f9b34ac9e853cb706a079817c78f9a39e33b16a2b2b2e51688a?s=96&d=mm&r=g","caption":"CvNoticias"},"url":"https:\/\/cvnoticias.com\/nuevapagina\/index.php\/author\/gesner\/"}]}},"_links":{"self":[{"href":"https:\/\/cvnoticias.com\/nuevapagina\/index.php\/wp-json\/wp\/v2\/posts\/6474","targetHints":{"allow":["GET"]}}],"collection":[{"href":"https:\/\/cvnoticias.com\/nuevapagina\/index.php\/wp-json\/wp\/v2\/posts"}],"about":[{"href":"https:\/\/cvnoticias.com\/nuevapagina\/index.php\/wp-json\/wp\/v2\/types\/post"}],"author":[{"embeddable":true,"href":"https:\/\/cvnoticias.com\/nuevapagina\/index.php\/wp-json\/wp\/v2\/users\/2"}],"replies":[{"embeddable":true,"href":"https:\/\/cvnoticias.com\/nuevapagina\/index.php\/wp-json\/wp\/v2\/comments?post=6474"}],"version-history":[{"count":1,"href":"https:\/\/cvnoticias.com\/nuevapagina\/index.php\/wp-json\/wp\/v2\/posts\/6474\/revisions"}],"predecessor-version":[{"id":6475,"href":"https:\/\/cvnoticias.com\/nuevapagina\/index.php\/wp-json\/wp\/v2\/posts\/6474\/revisions\/6475"}],"wp:featuredmedia":[{"embeddable":true,"href":"https:\/\/cvnoticias.com\/nuevapagina\/index.php\/wp-json\/wp\/v2\/media\/6465"}],"wp:attachment":[{"href":"https:\/\/cvnoticias.com\/nuevapagina\/index.php\/wp-json\/wp\/v2\/media?parent=6474"}],"wp:term":[{"taxonomy":"category","embeddable":true,"href":"https:\/\/cvnoticias.com\/nuevapagina\/index.php\/wp-json\/wp\/v2\/categories?post=6474"},{"taxonomy":"post_tag","embeddable":true,"href":"https:\/\/cvnoticias.com\/nuevapagina\/index.php\/wp-json\/wp\/v2\/tags?post=6474"}],"curies":[{"name":"wp","href":"https:\/\/api.w.org\/{rel}","templated":true}]}}