{"id":6455,"date":"2026-03-20T02:08:41","date_gmt":"2026-03-20T02:08:41","guid":{"rendered":"https:\/\/cvnoticias.com\/nuevapagina\/?p=6455"},"modified":"2026-03-20T02:08:43","modified_gmt":"2026-03-20T02:08:43","slug":"congreso-de-oaxaca-respalda-plan-b-de-la-reforma-electoral","status":"publish","type":"post","link":"https:\/\/cvnoticias.com\/nuevapagina\/index.php\/2026\/03\/20\/congreso-de-oaxaca-respalda-plan-b-de-la-reforma-electoral\/","title":{"rendered":"Congreso de Oaxaca respalda Plan B de la Reforma Electoral"},"content":{"rendered":"\n<ul class=\"wp-block-list\">\n<li>Las y los diputados coincidieron en la importancia de fortalecer la democracia a trav\u00e9s de la iniciativa de la Presidenta Claudia Sheinbaum Pardo<\/li>\n<\/ul>\n\n\n\n<p>San Raymundo Jalpan, Oax., a 18 de marzo de 2026.- En Sesi\u00f3n Ordinaria, las y los diputados de la LXVI Legislatura del Congreso del Estado subrayaron que el Plan B de la Reforma Electoral que impulsa la Presidenta de la Rep\u00fablica, Claudia Sheinbaum Pardo, es necesario para fortalecer el sistema democr\u00e1tico del pa\u00eds.<\/p>\n\n\n\n<p>En este tenor, la diputada Eva Diego Cruz, del Grupo Parlamentario del Partido Verde Ecologista de M\u00e9xico (PVEM), manifest\u00f3 el respaldo de su bancada al Plan B, al considerar que fortalece la democracia mediante la reducci\u00f3n de costos del sistema pol\u00edtico, la eliminaci\u00f3n de privilegios y la promoci\u00f3n de la austeridad republicana. Destac\u00f3 medidas como el l\u00edmite presupuestal a congresos locales, la disminuci\u00f3n de regidur\u00edas y la implementaci\u00f3n del voto electr\u00f3nico, as\u00ed como el fortalecimiento de mecanismos de participaci\u00f3n ciudadana.<\/p>\n\n\n\n<p>Por su parte, las diputadas y los diputados del Grupo Parlamentario de Morena, Karla Clarissa Bornios Pel\u00e1ez, Vanessa Rub\u00ed Ojeda Mej\u00eda, Benjam\u00edn Viveros Montalvo, Cecilia Olivia Cruz Merl\u00edn, Mar\u00eda Francisca Antonio Santiago y C\u00e9sar David Mateos Ben\u00edtez, coincidieron en que el Plan B de la Reforma Electoral se inscribe en la consolidaci\u00f3n de instituciones m\u00e1s eficientes, austeras y cercanas a la ciudadan\u00eda.<\/p>\n\n\n\n<p>Se\u00f1alaron que la propuesta plantea un sistema electoral menos costoso y m\u00e1s funcional, as\u00ed como la eliminaci\u00f3n de privilegios en el \u00e1mbito electoral.<\/p>\n\n\n\n<p>Asimismo, destacaron que esta iniciativa surge como una alternativa para continuar con la transformaci\u00f3n democr\u00e1tica del pa\u00eds, ya que estos ajustes permitir\u00e1n generar ahorros que podr\u00edan ser destinados a obras p\u00fablicas y a la atenci\u00f3n de necesidades prioritarias de la poblaci\u00f3n, fortaleciendo al mismo tiempo mecanismos de participaci\u00f3n ciudadana como la consulta popular y la revocaci\u00f3n de mandato.<\/p>\n\n\n\n<p>Desde el Grupo Parlamentario Fuerza por Oaxaca, la diputada Mar\u00eda Eugenia Velasco Ram\u00edrez respald\u00f3 la propuesta al considerar que busca corregir deficiencias estructurales del sistema electoral, reducir privilegios y fortalecer la cercan\u00eda con la ciudadan\u00eda. Dijo que el Plan B marca un momento definitorio en el compromiso con la transformaci\u00f3n del pa\u00eds.<\/p>\n\n\n\n<p>Por su parte, el diputado Dante Montalvo Montero, del Partido del Trabajo (PT), se\u00f1al\u00f3 que, si bien su bancada acompa\u00f1ar\u00e1 el Plan B, es necesario reconocer que el proceso evidenci\u00f3 diferencias internas y falta de consensos. Reivindic\u00f3 el derecho a la cr\u00edtica dentro del movimiento, subrayando la importancia de preservar la pluralidad pol\u00edtica.<\/p>\n\n\n\n<p>Mientras que el diputado Javier Casique Z\u00e1rate, del Partido Revolucionario Institucional (PRI), se\u00f1al\u00f3 que es necesario fortalecer la democracia desde el \u00e1mbito del desarrollo social, por ello esta iniciativa requiere un an\u00e1lisis profundo que garantice la equidad en el gasto p\u00fablico, la autonom\u00eda institucional y el equilibrio de poderes para atender las prioridades del pa\u00eds.<\/p>\n","protected":false},"excerpt":{"rendered":"<p>San Raymundo Jalpan, Oax., a 18 de marzo de 2026.- En Sesi\u00f3n Ordinaria, las y&#8230;<\/p>\n","protected":false},"author":2,"featured_media":6468,"comment_status":"open","ping_status":"closed","sticky":false,"template":"","format":"standard","meta":{"footnotes":""},"categories":[3],"tags":[],"class_list":["post-6455","post","type-post","status-publish","format-standard","has-post-thumbnail","hentry","category-comunicadosdeprensa"],"yoast_head":"<!-- This site is optimized with the Yoast SEO plugin v27.5 - https:\/\/yoast.com\/product\/yoast-seo-wordpress\/ -->\n<title>Congreso de Oaxaca respalda Plan B de la Reforma Electoral - CV Noticias<\/title>\n<meta name=\"robots\" content=\"index, follow, max-snippet:-1, max-image-preview:large, max-video-preview:-1\" \/>\n<link rel=\"canonical\" href=\"https:\/\/cvnoticias.com\/nuevapagina\/index.php\/2026\/03\/20\/congreso-de-oaxaca-respalda-plan-b-de-la-reforma-electoral\/\" \/>\n<meta property=\"og:locale\" content=\"es_ES\" \/>\n<meta property=\"og:type\" content=\"article\" \/>\n<meta property=\"og:title\" content=\"Congreso de Oaxaca respalda Plan B de la Reforma Electoral - CV Noticias\" \/>\n<meta property=\"og:description\" content=\"San Raymundo Jalpan, Oax., a 18 de marzo de 2026.- En Sesi\u00f3n Ordinaria, las y...\" \/>\n<meta property=\"og:url\" content=\"https:\/\/cvnoticias.com\/nuevapagina\/index.php\/2026\/03\/20\/congreso-de-oaxaca-respalda-plan-b-de-la-reforma-electoral\/\" \/>\n<meta property=\"og:site_name\" content=\"CV Noticias\" \/>\n<meta property=\"article:published_time\" content=\"2026-03-20T02:08:41+00:00\" \/>\n<meta property=\"article:modified_time\" content=\"2026-03-20T02:08:43+00:00\" \/>\n<meta property=\"og:image\" content=\"https:\/\/cvnoticias.com\/nuevapagina\/wp-content\/uploads\/2026\/03\/WhatsApp-Image-2026-03-18-at-8.41.01-PM.jpeg\" \/>\n\t<meta property=\"og:image:width\" content=\"1280\" \/>\n\t<meta property=\"og:image:height\" content=\"853\" \/>\n\t<meta property=\"og:image:type\" content=\"image\/jpeg\" \/>\n<meta name=\"author\" content=\"CvNoticias\" \/>\n<meta name=\"twitter:card\" content=\"summary_large_image\" \/>\n<meta name=\"twitter:label1\" content=\"Escrito por\" \/>\n\t<meta name=\"twitter:data1\" content=\"CvNoticias\" \/>\n\t<meta name=\"twitter:label2\" content=\"Tiempo de lectura\" \/>\n\t<meta name=\"twitter:data2\" content=\"3 minutos\" \/>\n<script type=\"application\/ld+json\" class=\"yoast-schema-graph\">{\"@context\":\"https:\\\/\\\/schema.org\",\"@graph\":[{\"@type\":\"Article\",\"@id\":\"https:\\\/\\\/cvnoticias.com\\\/nuevapagina\\\/index.php\\\/2026\\\/03\\\/20\\\/congreso-de-oaxaca-respalda-plan-b-de-la-reforma-electoral\\\/#article\",\"isPartOf\":{\"@id\":\"https:\\\/\\\/cvnoticias.com\\\/nuevapagina\\\/index.php\\\/2026\\\/03\\\/20\\\/congreso-de-oaxaca-respalda-plan-b-de-la-reforma-electoral\\\/\"},\"author\":{\"name\":\"CvNoticias\",\"@id\":\"https:\\\/\\\/cvnoticias.com\\\/nuevapagina\\\/#\\\/schema\\\/person\\\/19e35f246421a31486be7321065f7463\"},\"headline\":\"Congreso de Oaxaca respalda Plan B de la Reforma Electoral\",\"datePublished\":\"2026-03-20T02:08:41+00:00\",\"dateModified\":\"2026-03-20T02:08:43+00:00\",\"mainEntityOfPage\":{\"@id\":\"https:\\\/\\\/cvnoticias.com\\\/nuevapagina\\\/index.php\\\/2026\\\/03\\\/20\\\/congreso-de-oaxaca-respalda-plan-b-de-la-reforma-electoral\\\/\"},\"wordCount\":523,\"commentCount\":0,\"publisher\":{\"@id\":\"https:\\\/\\\/cvnoticias.com\\\/nuevapagina\\\/#organization\"},\"image\":{\"@id\":\"https:\\\/\\\/cvnoticias.com\\\/nuevapagina\\\/index.php\\\/2026\\\/03\\\/20\\\/congreso-de-oaxaca-respalda-plan-b-de-la-reforma-electoral\\\/#primaryimage\"},\"thumbnailUrl\":\"https:\\\/\\\/cvnoticias.com\\\/nuevapagina\\\/wp-content\\\/uploads\\\/2026\\\/03\\\/WhatsApp-Image-2026-03-18-at-8.41.01-PM.jpeg\",\"articleSection\":[\"Comunicados\"],\"inLanguage\":\"es\",\"potentialAction\":[{\"@type\":\"CommentAction\",\"name\":\"Comment\",\"target\":[\"https:\\\/\\\/cvnoticias.com\\\/nuevapagina\\\/index.php\\\/2026\\\/03\\\/20\\\/congreso-de-oaxaca-respalda-plan-b-de-la-reforma-electoral\\\/#respond\"]}]},{\"@type\":\"WebPage\",\"@id\":\"https:\\\/\\\/cvnoticias.com\\\/nuevapagina\\\/index.php\\\/2026\\\/03\\\/20\\\/congreso-de-oaxaca-respalda-plan-b-de-la-reforma-electoral\\\/\",\"url\":\"https:\\\/\\\/cvnoticias.com\\\/nuevapagina\\\/index.php\\\/2026\\\/03\\\/20\\\/congreso-de-oaxaca-respalda-plan-b-de-la-reforma-electoral\\\/\",\"name\":\"Congreso de Oaxaca respalda Plan B de la Reforma Electoral - CV Noticias\",\"isPartOf\":{\"@id\":\"https:\\\/\\\/cvnoticias.com\\\/nuevapagina\\\/#website\"},\"primaryImageOfPage\":{\"@id\":\"https:\\\/\\\/cvnoticias.com\\\/nuevapagina\\\/index.php\\\/2026\\\/03\\\/20\\\/congreso-de-oaxaca-respalda-plan-b-de-la-reforma-electoral\\\/#primaryimage\"},\"image\":{\"@id\":\"https:\\\/\\\/cvnoticias.com\\\/nuevapagina\\\/index.php\\\/2026\\\/03\\\/20\\\/congreso-de-oaxaca-respalda-plan-b-de-la-reforma-electoral\\\/#primaryimage\"},\"thumbnailUrl\":\"https:\\\/\\\/cvnoticias.com\\\/nuevapagina\\\/wp-content\\\/uploads\\\/2026\\\/03\\\/WhatsApp-Image-2026-03-18-at-8.41.01-PM.jpeg\",\"datePublished\":\"2026-03-20T02:08:41+00:00\",\"dateModified\":\"2026-03-20T02:08:43+00:00\",\"breadcrumb\":{\"@id\":\"https:\\\/\\\/cvnoticias.com\\\/nuevapagina\\\/index.php\\\/2026\\\/03\\\/20\\\/congreso-de-oaxaca-respalda-plan-b-de-la-reforma-electoral\\\/#breadcrumb\"},\"inLanguage\":\"es\",\"potentialAction\":[{\"@type\":\"ReadAction\",\"target\":[\"https:\\\/\\\/cvnoticias.com\\\/nuevapagina\\\/index.php\\\/2026\\\/03\\\/20\\\/congreso-de-oaxaca-respalda-plan-b-de-la-reforma-electoral\\\/\"]}]},{\"@type\":\"ImageObject\",\"inLanguage\":\"es\",\"@id\":\"https:\\\/\\\/cvnoticias.com\\\/nuevapagina\\\/index.php\\\/2026\\\/03\\\/20\\\/congreso-de-oaxaca-respalda-plan-b-de-la-reforma-electoral\\\/#primaryimage\",\"url\":\"https:\\\/\\\/cvnoticias.com\\\/nuevapagina\\\/wp-content\\\/uploads\\\/2026\\\/03\\\/WhatsApp-Image-2026-03-18-at-8.41.01-PM.jpeg\",\"contentUrl\":\"https:\\\/\\\/cvnoticias.com\\\/nuevapagina\\\/wp-content\\\/uploads\\\/2026\\\/03\\\/WhatsApp-Image-2026-03-18-at-8.41.01-PM.jpeg\",\"width\":1280,\"height\":853},{\"@type\":\"BreadcrumbList\",\"@id\":\"https:\\\/\\\/cvnoticias.com\\\/nuevapagina\\\/index.php\\\/2026\\\/03\\\/20\\\/congreso-de-oaxaca-respalda-plan-b-de-la-reforma-electoral\\\/#breadcrumb\",\"itemListElement\":[{\"@type\":\"ListItem\",\"position\":1,\"name\":\"Portada\",\"item\":\"https:\\\/\\\/cvnoticias.com\\\/nuevapagina\\\/\"},{\"@type\":\"ListItem\",\"position\":2,\"name\":\"Congreso de Oaxaca respalda Plan B de la Reforma Electoral\"}]},{\"@type\":\"WebSite\",\"@id\":\"https:\\\/\\\/cvnoticias.com\\\/nuevapagina\\\/#website\",\"url\":\"https:\\\/\\\/cvnoticias.com\\\/nuevapagina\\\/\",\"name\":\"CV Noticias\",\"description\":\"Noticias de Oaxaca\",\"publisher\":{\"@id\":\"https:\\\/\\\/cvnoticias.com\\\/nuevapagina\\\/#organization\"},\"potentialAction\":[{\"@type\":\"SearchAction\",\"target\":{\"@type\":\"EntryPoint\",\"urlTemplate\":\"https:\\\/\\\/cvnoticias.com\\\/nuevapagina\\\/?s={search_term_string}\"},\"query-input\":{\"@type\":\"PropertyValueSpecification\",\"valueRequired\":true,\"valueName\":\"search_term_string\"}}],\"inLanguage\":\"es\"},{\"@type\":\"Organization\",\"@id\":\"https:\\\/\\\/cvnoticias.com\\\/nuevapagina\\\/#organization\",\"name\":\"CV Noticias\",\"url\":\"https:\\\/\\\/cvnoticias.com\\\/nuevapagina\\\/\",\"logo\":{\"@type\":\"ImageObject\",\"inLanguage\":\"es\",\"@id\":\"https:\\\/\\\/cvnoticias.com\\\/nuevapagina\\\/#\\\/schema\\\/logo\\\/image\\\/\",\"url\":\"https:\\\/\\\/cvnoticias.com\\\/nuevapagina\\\/wp-content\\\/uploads\\\/2025\\\/05\\\/cropped-logo-1.png\",\"contentUrl\":\"https:\\\/\\\/cvnoticias.com\\\/nuevapagina\\\/wp-content\\\/uploads\\\/2025\\\/05\\\/cropped-logo-1.png\",\"width\":320,\"height\":118,\"caption\":\"CV Noticias\"},\"image\":{\"@id\":\"https:\\\/\\\/cvnoticias.com\\\/nuevapagina\\\/#\\\/schema\\\/logo\\\/image\\\/\"}},{\"@type\":\"Person\",\"@id\":\"https:\\\/\\\/cvnoticias.com\\\/nuevapagina\\\/#\\\/schema\\\/person\\\/19e35f246421a31486be7321065f7463\",\"name\":\"CvNoticias\",\"image\":{\"@type\":\"ImageObject\",\"inLanguage\":\"es\",\"@id\":\"https:\\\/\\\/secure.gravatar.com\\\/avatar\\\/c3a4375d38fd8f9b34ac9e853cb706a079817c78f9a39e33b16a2b2b2e51688a?s=96&d=mm&r=g\",\"url\":\"https:\\\/\\\/secure.gravatar.com\\\/avatar\\\/c3a4375d38fd8f9b34ac9e853cb706a079817c78f9a39e33b16a2b2b2e51688a?s=96&d=mm&r=g\",\"contentUrl\":\"https:\\\/\\\/secure.gravatar.com\\\/avatar\\\/c3a4375d38fd8f9b34ac9e853cb706a079817c78f9a39e33b16a2b2b2e51688a?s=96&d=mm&r=g\",\"caption\":\"CvNoticias\"},\"url\":\"https:\\\/\\\/cvnoticias.com\\\/nuevapagina\\\/index.php\\\/author\\\/gesner\\\/\"}]}<\/script>\n<!-- \/ Yoast SEO plugin. -->","yoast_head_json":{"title":"Congreso de Oaxaca respalda Plan B de la Reforma Electoral - CV Noticias","robots":{"index":"index","follow":"follow","max-snippet":"max-snippet:-1","max-image-preview":"max-image-preview:large","max-video-preview":"max-video-preview:-1"},"canonical":"https:\/\/cvnoticias.com\/nuevapagina\/index.php\/2026\/03\/20\/congreso-de-oaxaca-respalda-plan-b-de-la-reforma-electoral\/","og_locale":"es_ES","og_type":"article","og_title":"Congreso de Oaxaca respalda Plan B de la Reforma Electoral - CV Noticias","og_description":"San Raymundo Jalpan, Oax., a 18 de marzo de 2026.- En Sesi\u00f3n Ordinaria, las y...","og_url":"https:\/\/cvnoticias.com\/nuevapagina\/index.php\/2026\/03\/20\/congreso-de-oaxaca-respalda-plan-b-de-la-reforma-electoral\/","og_site_name":"CV Noticias","article_published_time":"2026-03-20T02:08:41+00:00","article_modified_time":"2026-03-20T02:08:43+00:00","og_image":[{"width":1280,"height":853,"url":"https:\/\/cvnoticias.com\/nuevapagina\/wp-content\/uploads\/2026\/03\/WhatsApp-Image-2026-03-18-at-8.41.01-PM.jpeg","type":"image\/jpeg"}],"author":"CvNoticias","twitter_card":"summary_large_image","twitter_misc":{"Escrito por":"CvNoticias","Tiempo de lectura":"3 minutos"},"schema":{"@context":"https:\/\/schema.org","@graph":[{"@type":"Article","@id":"https:\/\/cvnoticias.com\/nuevapagina\/index.php\/2026\/03\/20\/congreso-de-oaxaca-respalda-plan-b-de-la-reforma-electoral\/#article","isPartOf":{"@id":"https:\/\/cvnoticias.com\/nuevapagina\/index.php\/2026\/03\/20\/congreso-de-oaxaca-respalda-plan-b-de-la-reforma-electoral\/"},"author":{"name":"CvNoticias","@id":"https:\/\/cvnoticias.com\/nuevapagina\/#\/schema\/person\/19e35f246421a31486be7321065f7463"},"headline":"Congreso de Oaxaca respalda Plan B de la Reforma Electoral","datePublished":"2026-03-20T02:08:41+00:00","dateModified":"2026-03-20T02:08:43+00:00","mainEntityOfPage":{"@id":"https:\/\/cvnoticias.com\/nuevapagina\/index.php\/2026\/03\/20\/congreso-de-oaxaca-respalda-plan-b-de-la-reforma-electoral\/"},"wordCount":523,"commentCount":0,"publisher":{"@id":"https:\/\/cvnoticias.com\/nuevapagina\/#organization"},"image":{"@id":"https:\/\/cvnoticias.com\/nuevapagina\/index.php\/2026\/03\/20\/congreso-de-oaxaca-respalda-plan-b-de-la-reforma-electoral\/#primaryimage"},"thumbnailUrl":"https:\/\/cvnoticias.com\/nuevapagina\/wp-content\/uploads\/2026\/03\/WhatsApp-Image-2026-03-18-at-8.41.01-PM.jpeg","articleSection":["Comunicados"],"inLanguage":"es","potentialAction":[{"@type":"CommentAction","name":"Comment","target":["https:\/\/cvnoticias.com\/nuevapagina\/index.php\/2026\/03\/20\/congreso-de-oaxaca-respalda-plan-b-de-la-reforma-electoral\/#respond"]}]},{"@type":"WebPage","@id":"https:\/\/cvnoticias.com\/nuevapagina\/index.php\/2026\/03\/20\/congreso-de-oaxaca-respalda-plan-b-de-la-reforma-electoral\/","url":"https:\/\/cvnoticias.com\/nuevapagina\/index.php\/2026\/03\/20\/congreso-de-oaxaca-respalda-plan-b-de-la-reforma-electoral\/","name":"Congreso de Oaxaca respalda Plan B de la Reforma Electoral - CV Noticias","isPartOf":{"@id":"https:\/\/cvnoticias.com\/nuevapagina\/#website"},"primaryImageOfPage":{"@id":"https:\/\/cvnoticias.com\/nuevapagina\/index.php\/2026\/03\/20\/congreso-de-oaxaca-respalda-plan-b-de-la-reforma-electoral\/#primaryimage"},"image":{"@id":"https:\/\/cvnoticias.com\/nuevapagina\/index.php\/2026\/03\/20\/congreso-de-oaxaca-respalda-plan-b-de-la-reforma-electoral\/#primaryimage"},"thumbnailUrl":"https:\/\/cvnoticias.com\/nuevapagina\/wp-content\/uploads\/2026\/03\/WhatsApp-Image-2026-03-18-at-8.41.01-PM.jpeg","datePublished":"2026-03-20T02:08:41+00:00","dateModified":"2026-03-20T02:08:43+00:00","breadcrumb":{"@id":"https:\/\/cvnoticias.com\/nuevapagina\/index.php\/2026\/03\/20\/congreso-de-oaxaca-respalda-plan-b-de-la-reforma-electoral\/#breadcrumb"},"inLanguage":"es","potentialAction":[{"@type":"ReadAction","target":["https:\/\/cvnoticias.com\/nuevapagina\/index.php\/2026\/03\/20\/congreso-de-oaxaca-respalda-plan-b-de-la-reforma-electoral\/"]}]},{"@type":"ImageObject","inLanguage":"es","@id":"https:\/\/cvnoticias.com\/nuevapagina\/index.php\/2026\/03\/20\/congreso-de-oaxaca-respalda-plan-b-de-la-reforma-electoral\/#primaryimage","url":"https:\/\/cvnoticias.com\/nuevapagina\/wp-content\/uploads\/2026\/03\/WhatsApp-Image-2026-03-18-at-8.41.01-PM.jpeg","contentUrl":"https:\/\/cvnoticias.com\/nuevapagina\/wp-content\/uploads\/2026\/03\/WhatsApp-Image-2026-03-18-at-8.41.01-PM.jpeg","width":1280,"height":853},{"@type":"BreadcrumbList","@id":"https:\/\/cvnoticias.com\/nuevapagina\/index.php\/2026\/03\/20\/congreso-de-oaxaca-respalda-plan-b-de-la-reforma-electoral\/#breadcrumb","itemListElement":[{"@type":"ListItem","position":1,"name":"Portada","item":"https:\/\/cvnoticias.com\/nuevapagina\/"},{"@type":"ListItem","position":2,"name":"Congreso de Oaxaca respalda Plan B de la Reforma Electoral"}]},{"@type":"WebSite","@id":"https:\/\/cvnoticias.com\/nuevapagina\/#website","url":"https:\/\/cvnoticias.com\/nuevapagina\/","name":"CV Noticias","description":"Noticias de Oaxaca","publisher":{"@id":"https:\/\/cvnoticias.com\/nuevapagina\/#organization"},"potentialAction":[{"@type":"SearchAction","target":{"@type":"EntryPoint","urlTemplate":"https:\/\/cvnoticias.com\/nuevapagina\/?s={search_term_string}"},"query-input":{"@type":"PropertyValueSpecification","valueRequired":true,"valueName":"search_term_string"}}],"inLanguage":"es"},{"@type":"Organization","@id":"https:\/\/cvnoticias.com\/nuevapagina\/#organization","name":"CV Noticias","url":"https:\/\/cvnoticias.com\/nuevapagina\/","logo":{"@type":"ImageObject","inLanguage":"es","@id":"https:\/\/cvnoticias.com\/nuevapagina\/#\/schema\/logo\/image\/","url":"https:\/\/cvnoticias.com\/nuevapagina\/wp-content\/uploads\/2025\/05\/cropped-logo-1.png","contentUrl":"https:\/\/cvnoticias.com\/nuevapagina\/wp-content\/uploads\/2025\/05\/cropped-logo-1.png","width":320,"height":118,"caption":"CV Noticias"},"image":{"@id":"https:\/\/cvnoticias.com\/nuevapagina\/#\/schema\/logo\/image\/"}},{"@type":"Person","@id":"https:\/\/cvnoticias.com\/nuevapagina\/#\/schema\/person\/19e35f246421a31486be7321065f7463","name":"CvNoticias","image":{"@type":"ImageObject","inLanguage":"es","@id":"https:\/\/secure.gravatar.com\/avatar\/c3a4375d38fd8f9b34ac9e853cb706a079817c78f9a39e33b16a2b2b2e51688a?s=96&d=mm&r=g","url":"https:\/\/secure.gravatar.com\/avatar\/c3a4375d38fd8f9b34ac9e853cb706a079817c78f9a39e33b16a2b2b2e51688a?s=96&d=mm&r=g","contentUrl":"https:\/\/secure.gravatar.com\/avatar\/c3a4375d38fd8f9b34ac9e853cb706a079817c78f9a39e33b16a2b2b2e51688a?s=96&d=mm&r=g","caption":"CvNoticias"},"url":"https:\/\/cvnoticias.com\/nuevapagina\/index.php\/author\/gesner\/"}]}},"_links":{"self":[{"href":"https:\/\/cvnoticias.com\/nuevapagina\/index.php\/wp-json\/wp\/v2\/posts\/6455","targetHints":{"allow":["GET"]}}],"collection":[{"href":"https:\/\/cvnoticias.com\/nuevapagina\/index.php\/wp-json\/wp\/v2\/posts"}],"about":[{"href":"https:\/\/cvnoticias.com\/nuevapagina\/index.php\/wp-json\/wp\/v2\/types\/post"}],"author":[{"embeddable":true,"href":"https:\/\/cvnoticias.com\/nuevapagina\/index.php\/wp-json\/wp\/v2\/users\/2"}],"replies":[{"embeddable":true,"href":"https:\/\/cvnoticias.com\/nuevapagina\/index.php\/wp-json\/wp\/v2\/comments?post=6455"}],"version-history":[{"count":1,"href":"https:\/\/cvnoticias.com\/nuevapagina\/index.php\/wp-json\/wp\/v2\/posts\/6455\/revisions"}],"predecessor-version":[{"id":6469,"href":"https:\/\/cvnoticias.com\/nuevapagina\/index.php\/wp-json\/wp\/v2\/posts\/6455\/revisions\/6469"}],"wp:featuredmedia":[{"embeddable":true,"href":"https:\/\/cvnoticias.com\/nuevapagina\/index.php\/wp-json\/wp\/v2\/media\/6468"}],"wp:attachment":[{"href":"https:\/\/cvnoticias.com\/nuevapagina\/index.php\/wp-json\/wp\/v2\/media?parent=6455"}],"wp:term":[{"taxonomy":"category","embeddable":true,"href":"https:\/\/cvnoticias.com\/nuevapagina\/index.php\/wp-json\/wp\/v2\/categories?post=6455"},{"taxonomy":"post_tag","embeddable":true,"href":"https:\/\/cvnoticias.com\/nuevapagina\/index.php\/wp-json\/wp\/v2\/tags?post=6455"}],"curies":[{"name":"wp","href":"https:\/\/api.w.org\/{rel}","templated":true}]}}