{"id":6316,"date":"2026-03-13T02:45:23","date_gmt":"2026-03-13T02:45:23","guid":{"rendered":"https:\/\/cvnoticias.com\/nuevapagina\/?p=6316"},"modified":"2026-03-13T02:45:27","modified_gmt":"2026-03-13T02:45:27","slug":"en-oaxaca-no-necesitamos-aliados-advierte-morena-tras-no-lograr-reforma-electoral","status":"publish","type":"post","link":"https:\/\/cvnoticias.com\/nuevapagina\/index.php\/2026\/03\/13\/en-oaxaca-no-necesitamos-aliados-advierte-morena-tras-no-lograr-reforma-electoral\/","title":{"rendered":"En Oaxaca no necesitamos aliados; advierte Morena tras no lograr reforma electoral"},"content":{"rendered":"\n<p><\/p>\n\n\n\n<p>Luego de que los partidos del Trabajo y Verde Ecologista de M\u00e9xico no apoyaran la iniciativa de Reforma Electoral propuesta por la presidenta de la Rep\u00fablica, Claudia Sheinbaum Pardo, provoc\u00f3 que no se lograran los votos necesarios para que llegara al Senado.<\/p>\n\n\n\n<p>Ante el rechazo que mostraron los partidos aliancistas de Morena en la iniciativa que se discuti\u00f3 en la C\u00e1mara de Diputados Federal, el presidente del partido Morena en Oaxaca, Alejandro Velasco Armas asegur\u00f3 de manera contundente que en el estado este partido no requiere de aliados.<\/p>\n\n\n\n<p>\u201cEn Oaxaca no necesitamos aliados, Oaxaca, Morena Oaxaca tiene una fuerza pol\u00edtica social muy importante, nosotros no nos medimos en base a listas, nosotros no nos medimos en base a acuerdos entre unos cuantos, nosotros nos medimos con el respaldo de la ciudadan\u00eda\u201d.<\/p>\n\n\n\n<p>Sin embargo, al ser cuestionado sobre una posible ruptura con el Partido del Trabajo y Verde Ecologista de M\u00e9xico, Velasco Armas, expres\u00f3 que ser\u00eda la ciudadan\u00eda la que decidir\u00e1 en su momento, tras precisar que los partidos con los que han hecho alianzas est\u00e1n muy por debajo en los n\u00fameros que presentan.<\/p>\n\n\n\n<p>\u201cC\u00f3mo vamos a tener consideraci\u00f3n con un partido que representa apenas el 5 por ciento de la preferencia del electorado, no podemos por ah\u00ed escuch\u00e9, no podemos poner un refresco de 355 mililitros en un envase de tres litros y medios, le queda grande, no llena el envase, no es suficiente\u201d.<\/p>\n\n\n\n<p>El dirigente de Morena, asegur\u00f3 que hoy m\u00e1s que nunca, el partido est\u00e1 m\u00e1s fortalecido, luego de se\u00f1alar que la alianza de Morena Oaxaca, no es para servir a coyunturas que favorezcan a unos cuantos, sino para buscar el bien colectivo.<\/p>\n\n\n\n<p>En la conferencia tambi\u00e9n estuvieron presentes los Senadores de la Rep\u00fablica del Partido Morena y Verde Ecologista de M\u00e9xico, as\u00ed como diputados federales e integrantes de partido local.<\/p>\n\n\n\n<p><\/p>\n","protected":false},"excerpt":{"rendered":"<p>Luego de que los partidos del Trabajo y Verde Ecologista de M\u00e9xico no apoyaran la&#8230;<\/p>\n","protected":false},"author":2,"featured_media":6313,"comment_status":"open","ping_status":"closed","sticky":false,"template":"","format":"standard","meta":{"footnotes":""},"categories":[2],"tags":[],"class_list":["post-6316","post","type-post","status-publish","format-standard","has-post-thumbnail","hentry","category-noticiasestatales"],"yoast_head":"<!-- This site is optimized with the Yoast SEO plugin v27.5 - https:\/\/yoast.com\/product\/yoast-seo-wordpress\/ -->\n<title>En Oaxaca no necesitamos aliados; advierte Morena tras no lograr reforma electoral - CV Noticias<\/title>\n<meta name=\"robots\" content=\"index, follow, max-snippet:-1, max-image-preview:large, max-video-preview:-1\" \/>\n<link rel=\"canonical\" href=\"https:\/\/cvnoticias.com\/nuevapagina\/index.php\/2026\/03\/13\/en-oaxaca-no-necesitamos-aliados-advierte-morena-tras-no-lograr-reforma-electoral\/\" \/>\n<meta property=\"og:locale\" content=\"es_ES\" \/>\n<meta property=\"og:type\" content=\"article\" \/>\n<meta property=\"og:title\" content=\"En Oaxaca no necesitamos aliados; advierte Morena tras no lograr reforma electoral - CV Noticias\" \/>\n<meta property=\"og:description\" content=\"Luego de que los partidos del Trabajo y Verde Ecologista de M\u00e9xico no apoyaran la...\" \/>\n<meta property=\"og:url\" content=\"https:\/\/cvnoticias.com\/nuevapagina\/index.php\/2026\/03\/13\/en-oaxaca-no-necesitamos-aliados-advierte-morena-tras-no-lograr-reforma-electoral\/\" \/>\n<meta property=\"og:site_name\" content=\"CV Noticias\" \/>\n<meta property=\"article:published_time\" content=\"2026-03-13T02:45:23+00:00\" \/>\n<meta property=\"article:modified_time\" content=\"2026-03-13T02:45:27+00:00\" \/>\n<meta property=\"og:image\" content=\"https:\/\/cvnoticias.com\/nuevapagina\/wp-content\/uploads\/2026\/03\/b08ae9e2-c9f7-49e9-a849-7988ad3e766d.jpeg\" \/>\n\t<meta property=\"og:image:width\" content=\"1600\" \/>\n\t<meta property=\"og:image:height\" content=\"997\" \/>\n\t<meta property=\"og:image:type\" content=\"image\/jpeg\" \/>\n<meta name=\"author\" content=\"CvNoticias\" \/>\n<meta name=\"twitter:card\" content=\"summary_large_image\" \/>\n<meta name=\"twitter:label1\" content=\"Escrito por\" \/>\n\t<meta name=\"twitter:data1\" content=\"CvNoticias\" \/>\n\t<meta name=\"twitter:label2\" content=\"Tiempo de lectura\" \/>\n\t<meta name=\"twitter:data2\" content=\"2 minutos\" \/>\n<script type=\"application\/ld+json\" class=\"yoast-schema-graph\">{\"@context\":\"https:\\\/\\\/schema.org\",\"@graph\":[{\"@type\":\"Article\",\"@id\":\"https:\\\/\\\/cvnoticias.com\\\/nuevapagina\\\/index.php\\\/2026\\\/03\\\/13\\\/en-oaxaca-no-necesitamos-aliados-advierte-morena-tras-no-lograr-reforma-electoral\\\/#article\",\"isPartOf\":{\"@id\":\"https:\\\/\\\/cvnoticias.com\\\/nuevapagina\\\/index.php\\\/2026\\\/03\\\/13\\\/en-oaxaca-no-necesitamos-aliados-advierte-morena-tras-no-lograr-reforma-electoral\\\/\"},\"author\":{\"name\":\"CvNoticias\",\"@id\":\"https:\\\/\\\/cvnoticias.com\\\/nuevapagina\\\/#\\\/schema\\\/person\\\/19e35f246421a31486be7321065f7463\"},\"headline\":\"En Oaxaca no necesitamos aliados; advierte Morena tras no lograr reforma electoral\",\"datePublished\":\"2026-03-13T02:45:23+00:00\",\"dateModified\":\"2026-03-13T02:45:27+00:00\",\"mainEntityOfPage\":{\"@id\":\"https:\\\/\\\/cvnoticias.com\\\/nuevapagina\\\/index.php\\\/2026\\\/03\\\/13\\\/en-oaxaca-no-necesitamos-aliados-advierte-morena-tras-no-lograr-reforma-electoral\\\/\"},\"wordCount\":331,\"commentCount\":0,\"publisher\":{\"@id\":\"https:\\\/\\\/cvnoticias.com\\\/nuevapagina\\\/#organization\"},\"image\":{\"@id\":\"https:\\\/\\\/cvnoticias.com\\\/nuevapagina\\\/index.php\\\/2026\\\/03\\\/13\\\/en-oaxaca-no-necesitamos-aliados-advierte-morena-tras-no-lograr-reforma-electoral\\\/#primaryimage\"},\"thumbnailUrl\":\"https:\\\/\\\/cvnoticias.com\\\/nuevapagina\\\/wp-content\\\/uploads\\\/2026\\\/03\\\/b08ae9e2-c9f7-49e9-a849-7988ad3e766d.jpeg\",\"articleSection\":[\"Estatales\"],\"inLanguage\":\"es\",\"potentialAction\":[{\"@type\":\"CommentAction\",\"name\":\"Comment\",\"target\":[\"https:\\\/\\\/cvnoticias.com\\\/nuevapagina\\\/index.php\\\/2026\\\/03\\\/13\\\/en-oaxaca-no-necesitamos-aliados-advierte-morena-tras-no-lograr-reforma-electoral\\\/#respond\"]}]},{\"@type\":\"WebPage\",\"@id\":\"https:\\\/\\\/cvnoticias.com\\\/nuevapagina\\\/index.php\\\/2026\\\/03\\\/13\\\/en-oaxaca-no-necesitamos-aliados-advierte-morena-tras-no-lograr-reforma-electoral\\\/\",\"url\":\"https:\\\/\\\/cvnoticias.com\\\/nuevapagina\\\/index.php\\\/2026\\\/03\\\/13\\\/en-oaxaca-no-necesitamos-aliados-advierte-morena-tras-no-lograr-reforma-electoral\\\/\",\"name\":\"En Oaxaca no necesitamos aliados; advierte Morena tras no lograr reforma electoral - CV Noticias\",\"isPartOf\":{\"@id\":\"https:\\\/\\\/cvnoticias.com\\\/nuevapagina\\\/#website\"},\"primaryImageOfPage\":{\"@id\":\"https:\\\/\\\/cvnoticias.com\\\/nuevapagina\\\/index.php\\\/2026\\\/03\\\/13\\\/en-oaxaca-no-necesitamos-aliados-advierte-morena-tras-no-lograr-reforma-electoral\\\/#primaryimage\"},\"image\":{\"@id\":\"https:\\\/\\\/cvnoticias.com\\\/nuevapagina\\\/index.php\\\/2026\\\/03\\\/13\\\/en-oaxaca-no-necesitamos-aliados-advierte-morena-tras-no-lograr-reforma-electoral\\\/#primaryimage\"},\"thumbnailUrl\":\"https:\\\/\\\/cvnoticias.com\\\/nuevapagina\\\/wp-content\\\/uploads\\\/2026\\\/03\\\/b08ae9e2-c9f7-49e9-a849-7988ad3e766d.jpeg\",\"datePublished\":\"2026-03-13T02:45:23+00:00\",\"dateModified\":\"2026-03-13T02:45:27+00:00\",\"breadcrumb\":{\"@id\":\"https:\\\/\\\/cvnoticias.com\\\/nuevapagina\\\/index.php\\\/2026\\\/03\\\/13\\\/en-oaxaca-no-necesitamos-aliados-advierte-morena-tras-no-lograr-reforma-electoral\\\/#breadcrumb\"},\"inLanguage\":\"es\",\"potentialAction\":[{\"@type\":\"ReadAction\",\"target\":[\"https:\\\/\\\/cvnoticias.com\\\/nuevapagina\\\/index.php\\\/2026\\\/03\\\/13\\\/en-oaxaca-no-necesitamos-aliados-advierte-morena-tras-no-lograr-reforma-electoral\\\/\"]}]},{\"@type\":\"ImageObject\",\"inLanguage\":\"es\",\"@id\":\"https:\\\/\\\/cvnoticias.com\\\/nuevapagina\\\/index.php\\\/2026\\\/03\\\/13\\\/en-oaxaca-no-necesitamos-aliados-advierte-morena-tras-no-lograr-reforma-electoral\\\/#primaryimage\",\"url\":\"https:\\\/\\\/cvnoticias.com\\\/nuevapagina\\\/wp-content\\\/uploads\\\/2026\\\/03\\\/b08ae9e2-c9f7-49e9-a849-7988ad3e766d.jpeg\",\"contentUrl\":\"https:\\\/\\\/cvnoticias.com\\\/nuevapagina\\\/wp-content\\\/uploads\\\/2026\\\/03\\\/b08ae9e2-c9f7-49e9-a849-7988ad3e766d.jpeg\",\"width\":1600,\"height\":997},{\"@type\":\"BreadcrumbList\",\"@id\":\"https:\\\/\\\/cvnoticias.com\\\/nuevapagina\\\/index.php\\\/2026\\\/03\\\/13\\\/en-oaxaca-no-necesitamos-aliados-advierte-morena-tras-no-lograr-reforma-electoral\\\/#breadcrumb\",\"itemListElement\":[{\"@type\":\"ListItem\",\"position\":1,\"name\":\"Portada\",\"item\":\"https:\\\/\\\/cvnoticias.com\\\/nuevapagina\\\/\"},{\"@type\":\"ListItem\",\"position\":2,\"name\":\"En Oaxaca no necesitamos aliados; advierte Morena tras no lograr reforma electoral\"}]},{\"@type\":\"WebSite\",\"@id\":\"https:\\\/\\\/cvnoticias.com\\\/nuevapagina\\\/#website\",\"url\":\"https:\\\/\\\/cvnoticias.com\\\/nuevapagina\\\/\",\"name\":\"CV Noticias\",\"description\":\"Noticias de Oaxaca\",\"publisher\":{\"@id\":\"https:\\\/\\\/cvnoticias.com\\\/nuevapagina\\\/#organization\"},\"potentialAction\":[{\"@type\":\"SearchAction\",\"target\":{\"@type\":\"EntryPoint\",\"urlTemplate\":\"https:\\\/\\\/cvnoticias.com\\\/nuevapagina\\\/?s={search_term_string}\"},\"query-input\":{\"@type\":\"PropertyValueSpecification\",\"valueRequired\":true,\"valueName\":\"search_term_string\"}}],\"inLanguage\":\"es\"},{\"@type\":\"Organization\",\"@id\":\"https:\\\/\\\/cvnoticias.com\\\/nuevapagina\\\/#organization\",\"name\":\"CV Noticias\",\"url\":\"https:\\\/\\\/cvnoticias.com\\\/nuevapagina\\\/\",\"logo\":{\"@type\":\"ImageObject\",\"inLanguage\":\"es\",\"@id\":\"https:\\\/\\\/cvnoticias.com\\\/nuevapagina\\\/#\\\/schema\\\/logo\\\/image\\\/\",\"url\":\"https:\\\/\\\/cvnoticias.com\\\/nuevapagina\\\/wp-content\\\/uploads\\\/2025\\\/05\\\/cropped-logo-1.png\",\"contentUrl\":\"https:\\\/\\\/cvnoticias.com\\\/nuevapagina\\\/wp-content\\\/uploads\\\/2025\\\/05\\\/cropped-logo-1.png\",\"width\":320,\"height\":118,\"caption\":\"CV Noticias\"},\"image\":{\"@id\":\"https:\\\/\\\/cvnoticias.com\\\/nuevapagina\\\/#\\\/schema\\\/logo\\\/image\\\/\"}},{\"@type\":\"Person\",\"@id\":\"https:\\\/\\\/cvnoticias.com\\\/nuevapagina\\\/#\\\/schema\\\/person\\\/19e35f246421a31486be7321065f7463\",\"name\":\"CvNoticias\",\"image\":{\"@type\":\"ImageObject\",\"inLanguage\":\"es\",\"@id\":\"https:\\\/\\\/secure.gravatar.com\\\/avatar\\\/c3a4375d38fd8f9b34ac9e853cb706a079817c78f9a39e33b16a2b2b2e51688a?s=96&d=mm&r=g\",\"url\":\"https:\\\/\\\/secure.gravatar.com\\\/avatar\\\/c3a4375d38fd8f9b34ac9e853cb706a079817c78f9a39e33b16a2b2b2e51688a?s=96&d=mm&r=g\",\"contentUrl\":\"https:\\\/\\\/secure.gravatar.com\\\/avatar\\\/c3a4375d38fd8f9b34ac9e853cb706a079817c78f9a39e33b16a2b2b2e51688a?s=96&d=mm&r=g\",\"caption\":\"CvNoticias\"},\"url\":\"https:\\\/\\\/cvnoticias.com\\\/nuevapagina\\\/index.php\\\/author\\\/gesner\\\/\"}]}<\/script>\n<!-- \/ Yoast SEO plugin. -->","yoast_head_json":{"title":"En Oaxaca no necesitamos aliados; advierte Morena tras no lograr reforma electoral - CV Noticias","robots":{"index":"index","follow":"follow","max-snippet":"max-snippet:-1","max-image-preview":"max-image-preview:large","max-video-preview":"max-video-preview:-1"},"canonical":"https:\/\/cvnoticias.com\/nuevapagina\/index.php\/2026\/03\/13\/en-oaxaca-no-necesitamos-aliados-advierte-morena-tras-no-lograr-reforma-electoral\/","og_locale":"es_ES","og_type":"article","og_title":"En Oaxaca no necesitamos aliados; advierte Morena tras no lograr reforma electoral - CV Noticias","og_description":"Luego de que los partidos del Trabajo y Verde Ecologista de M\u00e9xico no apoyaran la...","og_url":"https:\/\/cvnoticias.com\/nuevapagina\/index.php\/2026\/03\/13\/en-oaxaca-no-necesitamos-aliados-advierte-morena-tras-no-lograr-reforma-electoral\/","og_site_name":"CV Noticias","article_published_time":"2026-03-13T02:45:23+00:00","article_modified_time":"2026-03-13T02:45:27+00:00","og_image":[{"width":1600,"height":997,"url":"https:\/\/cvnoticias.com\/nuevapagina\/wp-content\/uploads\/2026\/03\/b08ae9e2-c9f7-49e9-a849-7988ad3e766d.jpeg","type":"image\/jpeg"}],"author":"CvNoticias","twitter_card":"summary_large_image","twitter_misc":{"Escrito por":"CvNoticias","Tiempo de lectura":"2 minutos"},"schema":{"@context":"https:\/\/schema.org","@graph":[{"@type":"Article","@id":"https:\/\/cvnoticias.com\/nuevapagina\/index.php\/2026\/03\/13\/en-oaxaca-no-necesitamos-aliados-advierte-morena-tras-no-lograr-reforma-electoral\/#article","isPartOf":{"@id":"https:\/\/cvnoticias.com\/nuevapagina\/index.php\/2026\/03\/13\/en-oaxaca-no-necesitamos-aliados-advierte-morena-tras-no-lograr-reforma-electoral\/"},"author":{"name":"CvNoticias","@id":"https:\/\/cvnoticias.com\/nuevapagina\/#\/schema\/person\/19e35f246421a31486be7321065f7463"},"headline":"En Oaxaca no necesitamos aliados; advierte Morena tras no lograr reforma electoral","datePublished":"2026-03-13T02:45:23+00:00","dateModified":"2026-03-13T02:45:27+00:00","mainEntityOfPage":{"@id":"https:\/\/cvnoticias.com\/nuevapagina\/index.php\/2026\/03\/13\/en-oaxaca-no-necesitamos-aliados-advierte-morena-tras-no-lograr-reforma-electoral\/"},"wordCount":331,"commentCount":0,"publisher":{"@id":"https:\/\/cvnoticias.com\/nuevapagina\/#organization"},"image":{"@id":"https:\/\/cvnoticias.com\/nuevapagina\/index.php\/2026\/03\/13\/en-oaxaca-no-necesitamos-aliados-advierte-morena-tras-no-lograr-reforma-electoral\/#primaryimage"},"thumbnailUrl":"https:\/\/cvnoticias.com\/nuevapagina\/wp-content\/uploads\/2026\/03\/b08ae9e2-c9f7-49e9-a849-7988ad3e766d.jpeg","articleSection":["Estatales"],"inLanguage":"es","potentialAction":[{"@type":"CommentAction","name":"Comment","target":["https:\/\/cvnoticias.com\/nuevapagina\/index.php\/2026\/03\/13\/en-oaxaca-no-necesitamos-aliados-advierte-morena-tras-no-lograr-reforma-electoral\/#respond"]}]},{"@type":"WebPage","@id":"https:\/\/cvnoticias.com\/nuevapagina\/index.php\/2026\/03\/13\/en-oaxaca-no-necesitamos-aliados-advierte-morena-tras-no-lograr-reforma-electoral\/","url":"https:\/\/cvnoticias.com\/nuevapagina\/index.php\/2026\/03\/13\/en-oaxaca-no-necesitamos-aliados-advierte-morena-tras-no-lograr-reforma-electoral\/","name":"En Oaxaca no necesitamos aliados; advierte Morena tras no lograr reforma electoral - CV Noticias","isPartOf":{"@id":"https:\/\/cvnoticias.com\/nuevapagina\/#website"},"primaryImageOfPage":{"@id":"https:\/\/cvnoticias.com\/nuevapagina\/index.php\/2026\/03\/13\/en-oaxaca-no-necesitamos-aliados-advierte-morena-tras-no-lograr-reforma-electoral\/#primaryimage"},"image":{"@id":"https:\/\/cvnoticias.com\/nuevapagina\/index.php\/2026\/03\/13\/en-oaxaca-no-necesitamos-aliados-advierte-morena-tras-no-lograr-reforma-electoral\/#primaryimage"},"thumbnailUrl":"https:\/\/cvnoticias.com\/nuevapagina\/wp-content\/uploads\/2026\/03\/b08ae9e2-c9f7-49e9-a849-7988ad3e766d.jpeg","datePublished":"2026-03-13T02:45:23+00:00","dateModified":"2026-03-13T02:45:27+00:00","breadcrumb":{"@id":"https:\/\/cvnoticias.com\/nuevapagina\/index.php\/2026\/03\/13\/en-oaxaca-no-necesitamos-aliados-advierte-morena-tras-no-lograr-reforma-electoral\/#breadcrumb"},"inLanguage":"es","potentialAction":[{"@type":"ReadAction","target":["https:\/\/cvnoticias.com\/nuevapagina\/index.php\/2026\/03\/13\/en-oaxaca-no-necesitamos-aliados-advierte-morena-tras-no-lograr-reforma-electoral\/"]}]},{"@type":"ImageObject","inLanguage":"es","@id":"https:\/\/cvnoticias.com\/nuevapagina\/index.php\/2026\/03\/13\/en-oaxaca-no-necesitamos-aliados-advierte-morena-tras-no-lograr-reforma-electoral\/#primaryimage","url":"https:\/\/cvnoticias.com\/nuevapagina\/wp-content\/uploads\/2026\/03\/b08ae9e2-c9f7-49e9-a849-7988ad3e766d.jpeg","contentUrl":"https:\/\/cvnoticias.com\/nuevapagina\/wp-content\/uploads\/2026\/03\/b08ae9e2-c9f7-49e9-a849-7988ad3e766d.jpeg","width":1600,"height":997},{"@type":"BreadcrumbList","@id":"https:\/\/cvnoticias.com\/nuevapagina\/index.php\/2026\/03\/13\/en-oaxaca-no-necesitamos-aliados-advierte-morena-tras-no-lograr-reforma-electoral\/#breadcrumb","itemListElement":[{"@type":"ListItem","position":1,"name":"Portada","item":"https:\/\/cvnoticias.com\/nuevapagina\/"},{"@type":"ListItem","position":2,"name":"En Oaxaca no necesitamos aliados; advierte Morena tras no lograr reforma electoral"}]},{"@type":"WebSite","@id":"https:\/\/cvnoticias.com\/nuevapagina\/#website","url":"https:\/\/cvnoticias.com\/nuevapagina\/","name":"CV Noticias","description":"Noticias de Oaxaca","publisher":{"@id":"https:\/\/cvnoticias.com\/nuevapagina\/#organization"},"potentialAction":[{"@type":"SearchAction","target":{"@type":"EntryPoint","urlTemplate":"https:\/\/cvnoticias.com\/nuevapagina\/?s={search_term_string}"},"query-input":{"@type":"PropertyValueSpecification","valueRequired":true,"valueName":"search_term_string"}}],"inLanguage":"es"},{"@type":"Organization","@id":"https:\/\/cvnoticias.com\/nuevapagina\/#organization","name":"CV Noticias","url":"https:\/\/cvnoticias.com\/nuevapagina\/","logo":{"@type":"ImageObject","inLanguage":"es","@id":"https:\/\/cvnoticias.com\/nuevapagina\/#\/schema\/logo\/image\/","url":"https:\/\/cvnoticias.com\/nuevapagina\/wp-content\/uploads\/2025\/05\/cropped-logo-1.png","contentUrl":"https:\/\/cvnoticias.com\/nuevapagina\/wp-content\/uploads\/2025\/05\/cropped-logo-1.png","width":320,"height":118,"caption":"CV Noticias"},"image":{"@id":"https:\/\/cvnoticias.com\/nuevapagina\/#\/schema\/logo\/image\/"}},{"@type":"Person","@id":"https:\/\/cvnoticias.com\/nuevapagina\/#\/schema\/person\/19e35f246421a31486be7321065f7463","name":"CvNoticias","image":{"@type":"ImageObject","inLanguage":"es","@id":"https:\/\/secure.gravatar.com\/avatar\/c3a4375d38fd8f9b34ac9e853cb706a079817c78f9a39e33b16a2b2b2e51688a?s=96&d=mm&r=g","url":"https:\/\/secure.gravatar.com\/avatar\/c3a4375d38fd8f9b34ac9e853cb706a079817c78f9a39e33b16a2b2b2e51688a?s=96&d=mm&r=g","contentUrl":"https:\/\/secure.gravatar.com\/avatar\/c3a4375d38fd8f9b34ac9e853cb706a079817c78f9a39e33b16a2b2b2e51688a?s=96&d=mm&r=g","caption":"CvNoticias"},"url":"https:\/\/cvnoticias.com\/nuevapagina\/index.php\/author\/gesner\/"}]}},"_links":{"self":[{"href":"https:\/\/cvnoticias.com\/nuevapagina\/index.php\/wp-json\/wp\/v2\/posts\/6316","targetHints":{"allow":["GET"]}}],"collection":[{"href":"https:\/\/cvnoticias.com\/nuevapagina\/index.php\/wp-json\/wp\/v2\/posts"}],"about":[{"href":"https:\/\/cvnoticias.com\/nuevapagina\/index.php\/wp-json\/wp\/v2\/types\/post"}],"author":[{"embeddable":true,"href":"https:\/\/cvnoticias.com\/nuevapagina\/index.php\/wp-json\/wp\/v2\/users\/2"}],"replies":[{"embeddable":true,"href":"https:\/\/cvnoticias.com\/nuevapagina\/index.php\/wp-json\/wp\/v2\/comments?post=6316"}],"version-history":[{"count":1,"href":"https:\/\/cvnoticias.com\/nuevapagina\/index.php\/wp-json\/wp\/v2\/posts\/6316\/revisions"}],"predecessor-version":[{"id":6317,"href":"https:\/\/cvnoticias.com\/nuevapagina\/index.php\/wp-json\/wp\/v2\/posts\/6316\/revisions\/6317"}],"wp:featuredmedia":[{"embeddable":true,"href":"https:\/\/cvnoticias.com\/nuevapagina\/index.php\/wp-json\/wp\/v2\/media\/6313"}],"wp:attachment":[{"href":"https:\/\/cvnoticias.com\/nuevapagina\/index.php\/wp-json\/wp\/v2\/media?parent=6316"}],"wp:term":[{"taxonomy":"category","embeddable":true,"href":"https:\/\/cvnoticias.com\/nuevapagina\/index.php\/wp-json\/wp\/v2\/categories?post=6316"},{"taxonomy":"post_tag","embeddable":true,"href":"https:\/\/cvnoticias.com\/nuevapagina\/index.php\/wp-json\/wp\/v2\/tags?post=6316"}],"curies":[{"name":"wp","href":"https:\/\/api.w.org\/{rel}","templated":true}]}}