{"id":6312,"date":"2026-03-13T02:42:56","date_gmt":"2026-03-13T02:42:56","guid":{"rendered":"https:\/\/cvnoticias.com\/nuevapagina\/?p=6312"},"modified":"2026-03-13T02:42:58","modified_gmt":"2026-03-13T02:42:58","slug":"el-derecho-penal-se-ejerce-con-conciencia-y-pasion-magistrada-erika-rodriguez","status":"publish","type":"post","link":"https:\/\/cvnoticias.com\/nuevapagina\/index.php\/2026\/03\/13\/el-derecho-penal-se-ejerce-con-conciencia-y-pasion-magistrada-erika-rodriguez\/","title":{"rendered":"El derecho penal se ejerce con conciencia y pasi\u00f3n: magistrada Erika Rodr\u00edguez"},"content":{"rendered":"\n<p><\/p>\n\n\n\n<ul class=\"wp-block-list\">\n<li>Inici\u00f3 en Oaxaca, la XX Reuni\u00f3n Internacional de Abogados Penalistas; re\u00fane a m\u00e1s de mil especialistas del derecho<\/li>\n<\/ul>\n\n\n\n<p>Con la participaci\u00f3n de m\u00e1s de mil especialistas del \u00e1mbito jur\u00eddico nacional e internacional, acad\u00e9micos, litigantes, operadores del sistema de justicia y estudiantes, provenientes de distintos estados del pa\u00eds y de naciones como Chile, Argentina, Per\u00fa, Colombia, Italia y Espa\u00f1a, inici\u00f3 en Oaxaca la XX Reuni\u00f3n Internacional de Abogados Penalistas, un espacio acad\u00e9mico de alto nivel para el an\u00e1lisis de los principales retos del Derecho Penal en la actualidad.<\/p>\n\n\n\n<p>En el marco de la inauguraci\u00f3n del encuentro, que estuvo a cargo del gobernador Salom\u00f3n Jara Cruz, la titular del Poder Judicial del Estado, magistrada Erika Mar\u00eda Rodr\u00edguez Rodr\u00edguez, enfatiz\u00f3 que \u201cel conocimiento jur\u00eddico penal no puede permanecer est\u00e1tico. Debe evolucionar, dialogar con otras disciplinas y abrirse a nuevas perspectivas\u201d.<\/p>\n\n\n\n<p>En este sentido, manifest\u00f3 que el derecho penal enfrenta hoy desaf\u00edos cr\u00edticos, como la inseguridad, nuevas formas de criminalidad, avances tecnol\u00f3gicos que transforman la evidencia y la prueba, debates \u00e9ticos en torno a la inteligencia artificial, demandas sociales de justicia con perspectiva de g\u00e9nero y la necesidad de reconocer realidades jur\u00eddicas plurales.<\/p>\n\n\n\n<p>Ante estos retos, se\u00f1al\u00f3 que la vig\u00e9sima edici\u00f3n de esta reuni\u00f3n internacional constituye un espacio plural de an\u00e1lisis, reflexi\u00f3n y actualizaci\u00f3n profesional, que permite el intercambio de experiencias y perspectivas entre especialistas del derecho penal desde una visi\u00f3n nacional e internacional. \u201cHay profesiones que se ejercen con t\u00e9cnica, otras con talento, pero la nuestra solo puede ejercerse con conciencia y pasi\u00f3n\u201d, dijo.<\/p>\n\n\n\n<p>En el Centro Cultural y de Convenciones de Oaxaca, sede de este foro, durante tres d\u00edas se desarrollar\u00e1n conferencias magistrales, mesas de debate y paneles especializados en torno a cinco ejes tem\u00e1ticos clave: Derecho Penal y Personas Jur\u00eddicas, Razonamiento Probatorio, Perspectiva de G\u00e9nero, Neurociencia e Inteligencia Artificial, as\u00ed como Pluralismo Jur\u00eddico.<\/p>\n\n\n\n<p>Asimismo, se realizar\u00e1 la presentaci\u00f3n del libro \u201cAbuso y L\u00edmites del Poder Penal en Estados Democr\u00e1ticos de Derecho\u201d, coordinado por el jurista oaxaque\u00f1o Mois\u00e9s Moreno Hern\u00e1ndez, referente del pensamiento penal contempor\u00e1neo en M\u00e9xico y se contar\u00e1 con la presencia del ministro presidente de la Suprema Corte de Justicia de la Naci\u00f3n, Hugo Aguilar Ortiz, en la conferencia de clausura.<br>-0-<\/p>\n\n\n\n<p><\/p>\n","protected":false},"excerpt":{"rendered":"<p>Con la participaci\u00f3n de m\u00e1s de mil especialistas del \u00e1mbito jur\u00eddico nacional e internacional, acad\u00e9micos,&#8230;<\/p>\n","protected":false},"author":2,"featured_media":6314,"comment_status":"open","ping_status":"closed","sticky":false,"template":"","format":"standard","meta":{"footnotes":""},"categories":[3],"tags":[],"class_list":["post-6312","post","type-post","status-publish","format-standard","has-post-thumbnail","hentry","category-comunicadosdeprensa"],"yoast_head":"<!-- This site is optimized with the Yoast SEO plugin v27.5 - https:\/\/yoast.com\/product\/yoast-seo-wordpress\/ -->\n<title>El derecho penal se ejerce con conciencia y pasi\u00f3n: magistrada Erika Rodr\u00edguez - CV Noticias<\/title>\n<meta name=\"robots\" content=\"index, follow, max-snippet:-1, max-image-preview:large, max-video-preview:-1\" \/>\n<link rel=\"canonical\" href=\"https:\/\/cvnoticias.com\/nuevapagina\/index.php\/2026\/03\/13\/el-derecho-penal-se-ejerce-con-conciencia-y-pasion-magistrada-erika-rodriguez\/\" \/>\n<meta property=\"og:locale\" content=\"es_ES\" \/>\n<meta property=\"og:type\" content=\"article\" \/>\n<meta property=\"og:title\" content=\"El derecho penal se ejerce con conciencia y pasi\u00f3n: magistrada Erika Rodr\u00edguez - CV Noticias\" \/>\n<meta property=\"og:description\" content=\"Con la participaci\u00f3n de m\u00e1s de mil especialistas del \u00e1mbito jur\u00eddico nacional e internacional, acad\u00e9micos,...\" \/>\n<meta property=\"og:url\" content=\"https:\/\/cvnoticias.com\/nuevapagina\/index.php\/2026\/03\/13\/el-derecho-penal-se-ejerce-con-conciencia-y-pasion-magistrada-erika-rodriguez\/\" \/>\n<meta property=\"og:site_name\" content=\"CV Noticias\" \/>\n<meta property=\"article:published_time\" content=\"2026-03-13T02:42:56+00:00\" \/>\n<meta property=\"article:modified_time\" content=\"2026-03-13T02:42:58+00:00\" \/>\n<meta property=\"og:image\" content=\"https:\/\/cvnoticias.com\/nuevapagina\/wp-content\/uploads\/2026\/03\/d8712fa5-27cf-4318-9252-726483c1e787.jpeg\" \/>\n\t<meta property=\"og:image:width\" content=\"1280\" \/>\n\t<meta property=\"og:image:height\" content=\"853\" \/>\n\t<meta property=\"og:image:type\" content=\"image\/jpeg\" \/>\n<meta name=\"author\" content=\"CvNoticias\" \/>\n<meta name=\"twitter:card\" content=\"summary_large_image\" \/>\n<meta name=\"twitter:label1\" content=\"Escrito por\" \/>\n\t<meta name=\"twitter:data1\" content=\"CvNoticias\" \/>\n\t<meta name=\"twitter:label2\" content=\"Tiempo de lectura\" \/>\n\t<meta name=\"twitter:data2\" content=\"2 minutos\" \/>\n<script type=\"application\/ld+json\" class=\"yoast-schema-graph\">{\"@context\":\"https:\\\/\\\/schema.org\",\"@graph\":[{\"@type\":\"Article\",\"@id\":\"https:\\\/\\\/cvnoticias.com\\\/nuevapagina\\\/index.php\\\/2026\\\/03\\\/13\\\/el-derecho-penal-se-ejerce-con-conciencia-y-pasion-magistrada-erika-rodriguez\\\/#article\",\"isPartOf\":{\"@id\":\"https:\\\/\\\/cvnoticias.com\\\/nuevapagina\\\/index.php\\\/2026\\\/03\\\/13\\\/el-derecho-penal-se-ejerce-con-conciencia-y-pasion-magistrada-erika-rodriguez\\\/\"},\"author\":{\"name\":\"CvNoticias\",\"@id\":\"https:\\\/\\\/cvnoticias.com\\\/nuevapagina\\\/#\\\/schema\\\/person\\\/19e35f246421a31486be7321065f7463\"},\"headline\":\"El derecho penal se ejerce con conciencia y pasi\u00f3n: magistrada Erika Rodr\u00edguez\",\"datePublished\":\"2026-03-13T02:42:56+00:00\",\"dateModified\":\"2026-03-13T02:42:58+00:00\",\"mainEntityOfPage\":{\"@id\":\"https:\\\/\\\/cvnoticias.com\\\/nuevapagina\\\/index.php\\\/2026\\\/03\\\/13\\\/el-derecho-penal-se-ejerce-con-conciencia-y-pasion-magistrada-erika-rodriguez\\\/\"},\"wordCount\":425,\"commentCount\":0,\"publisher\":{\"@id\":\"https:\\\/\\\/cvnoticias.com\\\/nuevapagina\\\/#organization\"},\"image\":{\"@id\":\"https:\\\/\\\/cvnoticias.com\\\/nuevapagina\\\/index.php\\\/2026\\\/03\\\/13\\\/el-derecho-penal-se-ejerce-con-conciencia-y-pasion-magistrada-erika-rodriguez\\\/#primaryimage\"},\"thumbnailUrl\":\"https:\\\/\\\/cvnoticias.com\\\/nuevapagina\\\/wp-content\\\/uploads\\\/2026\\\/03\\\/d8712fa5-27cf-4318-9252-726483c1e787.jpeg\",\"articleSection\":[\"Comunicados\"],\"inLanguage\":\"es\",\"potentialAction\":[{\"@type\":\"CommentAction\",\"name\":\"Comment\",\"target\":[\"https:\\\/\\\/cvnoticias.com\\\/nuevapagina\\\/index.php\\\/2026\\\/03\\\/13\\\/el-derecho-penal-se-ejerce-con-conciencia-y-pasion-magistrada-erika-rodriguez\\\/#respond\"]}]},{\"@type\":\"WebPage\",\"@id\":\"https:\\\/\\\/cvnoticias.com\\\/nuevapagina\\\/index.php\\\/2026\\\/03\\\/13\\\/el-derecho-penal-se-ejerce-con-conciencia-y-pasion-magistrada-erika-rodriguez\\\/\",\"url\":\"https:\\\/\\\/cvnoticias.com\\\/nuevapagina\\\/index.php\\\/2026\\\/03\\\/13\\\/el-derecho-penal-se-ejerce-con-conciencia-y-pasion-magistrada-erika-rodriguez\\\/\",\"name\":\"El derecho penal se ejerce con conciencia y pasi\u00f3n: magistrada Erika Rodr\u00edguez - CV Noticias\",\"isPartOf\":{\"@id\":\"https:\\\/\\\/cvnoticias.com\\\/nuevapagina\\\/#website\"},\"primaryImageOfPage\":{\"@id\":\"https:\\\/\\\/cvnoticias.com\\\/nuevapagina\\\/index.php\\\/2026\\\/03\\\/13\\\/el-derecho-penal-se-ejerce-con-conciencia-y-pasion-magistrada-erika-rodriguez\\\/#primaryimage\"},\"image\":{\"@id\":\"https:\\\/\\\/cvnoticias.com\\\/nuevapagina\\\/index.php\\\/2026\\\/03\\\/13\\\/el-derecho-penal-se-ejerce-con-conciencia-y-pasion-magistrada-erika-rodriguez\\\/#primaryimage\"},\"thumbnailUrl\":\"https:\\\/\\\/cvnoticias.com\\\/nuevapagina\\\/wp-content\\\/uploads\\\/2026\\\/03\\\/d8712fa5-27cf-4318-9252-726483c1e787.jpeg\",\"datePublished\":\"2026-03-13T02:42:56+00:00\",\"dateModified\":\"2026-03-13T02:42:58+00:00\",\"breadcrumb\":{\"@id\":\"https:\\\/\\\/cvnoticias.com\\\/nuevapagina\\\/index.php\\\/2026\\\/03\\\/13\\\/el-derecho-penal-se-ejerce-con-conciencia-y-pasion-magistrada-erika-rodriguez\\\/#breadcrumb\"},\"inLanguage\":\"es\",\"potentialAction\":[{\"@type\":\"ReadAction\",\"target\":[\"https:\\\/\\\/cvnoticias.com\\\/nuevapagina\\\/index.php\\\/2026\\\/03\\\/13\\\/el-derecho-penal-se-ejerce-con-conciencia-y-pasion-magistrada-erika-rodriguez\\\/\"]}]},{\"@type\":\"ImageObject\",\"inLanguage\":\"es\",\"@id\":\"https:\\\/\\\/cvnoticias.com\\\/nuevapagina\\\/index.php\\\/2026\\\/03\\\/13\\\/el-derecho-penal-se-ejerce-con-conciencia-y-pasion-magistrada-erika-rodriguez\\\/#primaryimage\",\"url\":\"https:\\\/\\\/cvnoticias.com\\\/nuevapagina\\\/wp-content\\\/uploads\\\/2026\\\/03\\\/d8712fa5-27cf-4318-9252-726483c1e787.jpeg\",\"contentUrl\":\"https:\\\/\\\/cvnoticias.com\\\/nuevapagina\\\/wp-content\\\/uploads\\\/2026\\\/03\\\/d8712fa5-27cf-4318-9252-726483c1e787.jpeg\",\"width\":1280,\"height\":853},{\"@type\":\"BreadcrumbList\",\"@id\":\"https:\\\/\\\/cvnoticias.com\\\/nuevapagina\\\/index.php\\\/2026\\\/03\\\/13\\\/el-derecho-penal-se-ejerce-con-conciencia-y-pasion-magistrada-erika-rodriguez\\\/#breadcrumb\",\"itemListElement\":[{\"@type\":\"ListItem\",\"position\":1,\"name\":\"Portada\",\"item\":\"https:\\\/\\\/cvnoticias.com\\\/nuevapagina\\\/\"},{\"@type\":\"ListItem\",\"position\":2,\"name\":\"El derecho penal se ejerce con conciencia y pasi\u00f3n: magistrada Erika Rodr\u00edguez\"}]},{\"@type\":\"WebSite\",\"@id\":\"https:\\\/\\\/cvnoticias.com\\\/nuevapagina\\\/#website\",\"url\":\"https:\\\/\\\/cvnoticias.com\\\/nuevapagina\\\/\",\"name\":\"CV Noticias\",\"description\":\"Noticias de Oaxaca\",\"publisher\":{\"@id\":\"https:\\\/\\\/cvnoticias.com\\\/nuevapagina\\\/#organization\"},\"potentialAction\":[{\"@type\":\"SearchAction\",\"target\":{\"@type\":\"EntryPoint\",\"urlTemplate\":\"https:\\\/\\\/cvnoticias.com\\\/nuevapagina\\\/?s={search_term_string}\"},\"query-input\":{\"@type\":\"PropertyValueSpecification\",\"valueRequired\":true,\"valueName\":\"search_term_string\"}}],\"inLanguage\":\"es\"},{\"@type\":\"Organization\",\"@id\":\"https:\\\/\\\/cvnoticias.com\\\/nuevapagina\\\/#organization\",\"name\":\"CV Noticias\",\"url\":\"https:\\\/\\\/cvnoticias.com\\\/nuevapagina\\\/\",\"logo\":{\"@type\":\"ImageObject\",\"inLanguage\":\"es\",\"@id\":\"https:\\\/\\\/cvnoticias.com\\\/nuevapagina\\\/#\\\/schema\\\/logo\\\/image\\\/\",\"url\":\"https:\\\/\\\/cvnoticias.com\\\/nuevapagina\\\/wp-content\\\/uploads\\\/2025\\\/05\\\/cropped-logo-1.png\",\"contentUrl\":\"https:\\\/\\\/cvnoticias.com\\\/nuevapagina\\\/wp-content\\\/uploads\\\/2025\\\/05\\\/cropped-logo-1.png\",\"width\":320,\"height\":118,\"caption\":\"CV Noticias\"},\"image\":{\"@id\":\"https:\\\/\\\/cvnoticias.com\\\/nuevapagina\\\/#\\\/schema\\\/logo\\\/image\\\/\"}},{\"@type\":\"Person\",\"@id\":\"https:\\\/\\\/cvnoticias.com\\\/nuevapagina\\\/#\\\/schema\\\/person\\\/19e35f246421a31486be7321065f7463\",\"name\":\"CvNoticias\",\"image\":{\"@type\":\"ImageObject\",\"inLanguage\":\"es\",\"@id\":\"https:\\\/\\\/secure.gravatar.com\\\/avatar\\\/c3a4375d38fd8f9b34ac9e853cb706a079817c78f9a39e33b16a2b2b2e51688a?s=96&d=mm&r=g\",\"url\":\"https:\\\/\\\/secure.gravatar.com\\\/avatar\\\/c3a4375d38fd8f9b34ac9e853cb706a079817c78f9a39e33b16a2b2b2e51688a?s=96&d=mm&r=g\",\"contentUrl\":\"https:\\\/\\\/secure.gravatar.com\\\/avatar\\\/c3a4375d38fd8f9b34ac9e853cb706a079817c78f9a39e33b16a2b2b2e51688a?s=96&d=mm&r=g\",\"caption\":\"CvNoticias\"},\"url\":\"https:\\\/\\\/cvnoticias.com\\\/nuevapagina\\\/index.php\\\/author\\\/gesner\\\/\"}]}<\/script>\n<!-- \/ Yoast SEO plugin. -->","yoast_head_json":{"title":"El derecho penal se ejerce con conciencia y pasi\u00f3n: magistrada Erika Rodr\u00edguez - CV Noticias","robots":{"index":"index","follow":"follow","max-snippet":"max-snippet:-1","max-image-preview":"max-image-preview:large","max-video-preview":"max-video-preview:-1"},"canonical":"https:\/\/cvnoticias.com\/nuevapagina\/index.php\/2026\/03\/13\/el-derecho-penal-se-ejerce-con-conciencia-y-pasion-magistrada-erika-rodriguez\/","og_locale":"es_ES","og_type":"article","og_title":"El derecho penal se ejerce con conciencia y pasi\u00f3n: magistrada Erika Rodr\u00edguez - CV Noticias","og_description":"Con la participaci\u00f3n de m\u00e1s de mil especialistas del \u00e1mbito jur\u00eddico nacional e internacional, acad\u00e9micos,...","og_url":"https:\/\/cvnoticias.com\/nuevapagina\/index.php\/2026\/03\/13\/el-derecho-penal-se-ejerce-con-conciencia-y-pasion-magistrada-erika-rodriguez\/","og_site_name":"CV Noticias","article_published_time":"2026-03-13T02:42:56+00:00","article_modified_time":"2026-03-13T02:42:58+00:00","og_image":[{"width":1280,"height":853,"url":"https:\/\/cvnoticias.com\/nuevapagina\/wp-content\/uploads\/2026\/03\/d8712fa5-27cf-4318-9252-726483c1e787.jpeg","type":"image\/jpeg"}],"author":"CvNoticias","twitter_card":"summary_large_image","twitter_misc":{"Escrito por":"CvNoticias","Tiempo de lectura":"2 minutos"},"schema":{"@context":"https:\/\/schema.org","@graph":[{"@type":"Article","@id":"https:\/\/cvnoticias.com\/nuevapagina\/index.php\/2026\/03\/13\/el-derecho-penal-se-ejerce-con-conciencia-y-pasion-magistrada-erika-rodriguez\/#article","isPartOf":{"@id":"https:\/\/cvnoticias.com\/nuevapagina\/index.php\/2026\/03\/13\/el-derecho-penal-se-ejerce-con-conciencia-y-pasion-magistrada-erika-rodriguez\/"},"author":{"name":"CvNoticias","@id":"https:\/\/cvnoticias.com\/nuevapagina\/#\/schema\/person\/19e35f246421a31486be7321065f7463"},"headline":"El derecho penal se ejerce con conciencia y pasi\u00f3n: magistrada Erika Rodr\u00edguez","datePublished":"2026-03-13T02:42:56+00:00","dateModified":"2026-03-13T02:42:58+00:00","mainEntityOfPage":{"@id":"https:\/\/cvnoticias.com\/nuevapagina\/index.php\/2026\/03\/13\/el-derecho-penal-se-ejerce-con-conciencia-y-pasion-magistrada-erika-rodriguez\/"},"wordCount":425,"commentCount":0,"publisher":{"@id":"https:\/\/cvnoticias.com\/nuevapagina\/#organization"},"image":{"@id":"https:\/\/cvnoticias.com\/nuevapagina\/index.php\/2026\/03\/13\/el-derecho-penal-se-ejerce-con-conciencia-y-pasion-magistrada-erika-rodriguez\/#primaryimage"},"thumbnailUrl":"https:\/\/cvnoticias.com\/nuevapagina\/wp-content\/uploads\/2026\/03\/d8712fa5-27cf-4318-9252-726483c1e787.jpeg","articleSection":["Comunicados"],"inLanguage":"es","potentialAction":[{"@type":"CommentAction","name":"Comment","target":["https:\/\/cvnoticias.com\/nuevapagina\/index.php\/2026\/03\/13\/el-derecho-penal-se-ejerce-con-conciencia-y-pasion-magistrada-erika-rodriguez\/#respond"]}]},{"@type":"WebPage","@id":"https:\/\/cvnoticias.com\/nuevapagina\/index.php\/2026\/03\/13\/el-derecho-penal-se-ejerce-con-conciencia-y-pasion-magistrada-erika-rodriguez\/","url":"https:\/\/cvnoticias.com\/nuevapagina\/index.php\/2026\/03\/13\/el-derecho-penal-se-ejerce-con-conciencia-y-pasion-magistrada-erika-rodriguez\/","name":"El derecho penal se ejerce con conciencia y pasi\u00f3n: magistrada Erika Rodr\u00edguez - CV Noticias","isPartOf":{"@id":"https:\/\/cvnoticias.com\/nuevapagina\/#website"},"primaryImageOfPage":{"@id":"https:\/\/cvnoticias.com\/nuevapagina\/index.php\/2026\/03\/13\/el-derecho-penal-se-ejerce-con-conciencia-y-pasion-magistrada-erika-rodriguez\/#primaryimage"},"image":{"@id":"https:\/\/cvnoticias.com\/nuevapagina\/index.php\/2026\/03\/13\/el-derecho-penal-se-ejerce-con-conciencia-y-pasion-magistrada-erika-rodriguez\/#primaryimage"},"thumbnailUrl":"https:\/\/cvnoticias.com\/nuevapagina\/wp-content\/uploads\/2026\/03\/d8712fa5-27cf-4318-9252-726483c1e787.jpeg","datePublished":"2026-03-13T02:42:56+00:00","dateModified":"2026-03-13T02:42:58+00:00","breadcrumb":{"@id":"https:\/\/cvnoticias.com\/nuevapagina\/index.php\/2026\/03\/13\/el-derecho-penal-se-ejerce-con-conciencia-y-pasion-magistrada-erika-rodriguez\/#breadcrumb"},"inLanguage":"es","potentialAction":[{"@type":"ReadAction","target":["https:\/\/cvnoticias.com\/nuevapagina\/index.php\/2026\/03\/13\/el-derecho-penal-se-ejerce-con-conciencia-y-pasion-magistrada-erika-rodriguez\/"]}]},{"@type":"ImageObject","inLanguage":"es","@id":"https:\/\/cvnoticias.com\/nuevapagina\/index.php\/2026\/03\/13\/el-derecho-penal-se-ejerce-con-conciencia-y-pasion-magistrada-erika-rodriguez\/#primaryimage","url":"https:\/\/cvnoticias.com\/nuevapagina\/wp-content\/uploads\/2026\/03\/d8712fa5-27cf-4318-9252-726483c1e787.jpeg","contentUrl":"https:\/\/cvnoticias.com\/nuevapagina\/wp-content\/uploads\/2026\/03\/d8712fa5-27cf-4318-9252-726483c1e787.jpeg","width":1280,"height":853},{"@type":"BreadcrumbList","@id":"https:\/\/cvnoticias.com\/nuevapagina\/index.php\/2026\/03\/13\/el-derecho-penal-se-ejerce-con-conciencia-y-pasion-magistrada-erika-rodriguez\/#breadcrumb","itemListElement":[{"@type":"ListItem","position":1,"name":"Portada","item":"https:\/\/cvnoticias.com\/nuevapagina\/"},{"@type":"ListItem","position":2,"name":"El derecho penal se ejerce con conciencia y pasi\u00f3n: magistrada Erika Rodr\u00edguez"}]},{"@type":"WebSite","@id":"https:\/\/cvnoticias.com\/nuevapagina\/#website","url":"https:\/\/cvnoticias.com\/nuevapagina\/","name":"CV Noticias","description":"Noticias de Oaxaca","publisher":{"@id":"https:\/\/cvnoticias.com\/nuevapagina\/#organization"},"potentialAction":[{"@type":"SearchAction","target":{"@type":"EntryPoint","urlTemplate":"https:\/\/cvnoticias.com\/nuevapagina\/?s={search_term_string}"},"query-input":{"@type":"PropertyValueSpecification","valueRequired":true,"valueName":"search_term_string"}}],"inLanguage":"es"},{"@type":"Organization","@id":"https:\/\/cvnoticias.com\/nuevapagina\/#organization","name":"CV Noticias","url":"https:\/\/cvnoticias.com\/nuevapagina\/","logo":{"@type":"ImageObject","inLanguage":"es","@id":"https:\/\/cvnoticias.com\/nuevapagina\/#\/schema\/logo\/image\/","url":"https:\/\/cvnoticias.com\/nuevapagina\/wp-content\/uploads\/2025\/05\/cropped-logo-1.png","contentUrl":"https:\/\/cvnoticias.com\/nuevapagina\/wp-content\/uploads\/2025\/05\/cropped-logo-1.png","width":320,"height":118,"caption":"CV Noticias"},"image":{"@id":"https:\/\/cvnoticias.com\/nuevapagina\/#\/schema\/logo\/image\/"}},{"@type":"Person","@id":"https:\/\/cvnoticias.com\/nuevapagina\/#\/schema\/person\/19e35f246421a31486be7321065f7463","name":"CvNoticias","image":{"@type":"ImageObject","inLanguage":"es","@id":"https:\/\/secure.gravatar.com\/avatar\/c3a4375d38fd8f9b34ac9e853cb706a079817c78f9a39e33b16a2b2b2e51688a?s=96&d=mm&r=g","url":"https:\/\/secure.gravatar.com\/avatar\/c3a4375d38fd8f9b34ac9e853cb706a079817c78f9a39e33b16a2b2b2e51688a?s=96&d=mm&r=g","contentUrl":"https:\/\/secure.gravatar.com\/avatar\/c3a4375d38fd8f9b34ac9e853cb706a079817c78f9a39e33b16a2b2b2e51688a?s=96&d=mm&r=g","caption":"CvNoticias"},"url":"https:\/\/cvnoticias.com\/nuevapagina\/index.php\/author\/gesner\/"}]}},"_links":{"self":[{"href":"https:\/\/cvnoticias.com\/nuevapagina\/index.php\/wp-json\/wp\/v2\/posts\/6312","targetHints":{"allow":["GET"]}}],"collection":[{"href":"https:\/\/cvnoticias.com\/nuevapagina\/index.php\/wp-json\/wp\/v2\/posts"}],"about":[{"href":"https:\/\/cvnoticias.com\/nuevapagina\/index.php\/wp-json\/wp\/v2\/types\/post"}],"author":[{"embeddable":true,"href":"https:\/\/cvnoticias.com\/nuevapagina\/index.php\/wp-json\/wp\/v2\/users\/2"}],"replies":[{"embeddable":true,"href":"https:\/\/cvnoticias.com\/nuevapagina\/index.php\/wp-json\/wp\/v2\/comments?post=6312"}],"version-history":[{"count":1,"href":"https:\/\/cvnoticias.com\/nuevapagina\/index.php\/wp-json\/wp\/v2\/posts\/6312\/revisions"}],"predecessor-version":[{"id":6315,"href":"https:\/\/cvnoticias.com\/nuevapagina\/index.php\/wp-json\/wp\/v2\/posts\/6312\/revisions\/6315"}],"wp:featuredmedia":[{"embeddable":true,"href":"https:\/\/cvnoticias.com\/nuevapagina\/index.php\/wp-json\/wp\/v2\/media\/6314"}],"wp:attachment":[{"href":"https:\/\/cvnoticias.com\/nuevapagina\/index.php\/wp-json\/wp\/v2\/media?parent=6312"}],"wp:term":[{"taxonomy":"category","embeddable":true,"href":"https:\/\/cvnoticias.com\/nuevapagina\/index.php\/wp-json\/wp\/v2\/categories?post=6312"},{"taxonomy":"post_tag","embeddable":true,"href":"https:\/\/cvnoticias.com\/nuevapagina\/index.php\/wp-json\/wp\/v2\/tags?post=6312"}],"curies":[{"name":"wp","href":"https:\/\/api.w.org\/{rel}","templated":true}]}}