{"id":6306,"date":"2026-03-13T01:19:03","date_gmt":"2026-03-13T01:19:03","guid":{"rendered":"https:\/\/cvnoticias.com\/nuevapagina\/?p=6306"},"modified":"2026-03-13T01:19:04","modified_gmt":"2026-03-13T01:19:04","slug":"estamos-listos-para-el-plan-b-afirma-nino-morales","status":"publish","type":"post","link":"https:\/\/cvnoticias.com\/nuevapagina\/index.php\/2026\/03\/13\/estamos-listos-para-el-plan-b-afirma-nino-morales\/","title":{"rendered":"Estamos listos para el Plan B, afirma Nino Morales"},"content":{"rendered":"\n<p><\/p>\n\n\n\n<p>El rechazo a la Reforma Electoral de nuestra Presidenta Claudia Sheinbaum Pardo no es un rev\u00e9s para el pueblo, es la confirmaci\u00f3n de lo que siempre hemos denunciado: la partidocracia y los privilegios se niegan a morir, asever\u00f3 el senador oaxaque\u00f1o Antonino Morales Toledo, luego de lo ocurrido en San L\u00e1zaro, y sostener que el movimiento de transformaci\u00f3n va por el Plan B.<\/p>\n\n\n\n<p>El legislador zapoteco se\u00f1al\u00f3 que no obstante que indigna lo acontecido, asever\u00f3 que eso no vence el aut\u00e9ntico proceso de transformaci\u00f3n del pa\u00eds, al tiempo de reprobar tambien, el proceder de qui\u00e9nes votaron en contra, quienes se\u00f1al\u00f3, son los mismos que por d\u00e9cadas vieron a M\u00e9xico y a Oaxaca como un bot\u00edn.<\/p>\n\n\n\n<p>\u00abLos que hoy se disfrazan de opositores, son los mismos que se beneficiaron del r\u00e9gimen corrupto del PRIAN. Su festejo es la prueba de que la reforma iba directo al coraz\u00f3n de sus privilegios\u00bb, solt\u00f3 el legislador morenista.<\/p>\n\n\n\n<p>En ese sentido, Nino Morales remarc\u00f3, \u00aben Morena lo decimos fuerte para que se escuche lejos: siempre estaremos del lado del pueblo y de devolverle el poder al pueblo\u00bb.<\/p>\n\n\n\n<p>Asimismo, Morales Toledo pidi\u00f3 al pueblo de Oaxaca, no dejarse enga\u00f1ar, por los opositores a la transformaci\u00f3n, ya que la reforma que impulsa la presidenta Claudia Sheinbaum busca fortalecer la democracia y terminar con los privilegios de las c\u00fapulas, \u00abqueremos que todas y todos los representantes populares sean elegidos por el pueblo\u00bb, dijo el senador.<\/p>\n\n\n\n<p>Al final, Nino Morales reconoci\u00f3 a las y los legisladores del movimiento que respaldaron la Reforma Electoral, y el compromiso que tienen con la aut\u00e9ntica transformaci\u00f3n de M\u00e9xico.<\/p>\n\n\n\n<p>LaAut\u00e9nticaVozDelPueblo #NinoMorales #Morena #SenadorDeTerritorio<\/p>\n\n\n\n<p><\/p>\n","protected":false},"excerpt":{"rendered":"<p>El rechazo a la Reforma Electoral de nuestra Presidenta Claudia Sheinbaum Pardo no es un&#8230;<\/p>\n","protected":false},"author":2,"featured_media":6308,"comment_status":"open","ping_status":"closed","sticky":false,"template":"","format":"standard","meta":{"footnotes":""},"categories":[3],"tags":[],"class_list":["post-6306","post","type-post","status-publish","format-standard","has-post-thumbnail","hentry","category-comunicadosdeprensa"],"yoast_head":"<!-- This site is optimized with the Yoast SEO plugin v27.5 - https:\/\/yoast.com\/product\/yoast-seo-wordpress\/ -->\n<title>Estamos listos para el Plan B, afirma Nino Morales - CV Noticias<\/title>\n<meta name=\"robots\" content=\"index, follow, max-snippet:-1, max-image-preview:large, max-video-preview:-1\" \/>\n<link rel=\"canonical\" href=\"https:\/\/cvnoticias.com\/nuevapagina\/index.php\/2026\/03\/13\/estamos-listos-para-el-plan-b-afirma-nino-morales\/\" \/>\n<meta property=\"og:locale\" content=\"es_ES\" \/>\n<meta property=\"og:type\" content=\"article\" \/>\n<meta property=\"og:title\" content=\"Estamos listos para el Plan B, afirma Nino Morales - CV Noticias\" \/>\n<meta property=\"og:description\" content=\"El rechazo a la Reforma Electoral de nuestra Presidenta Claudia Sheinbaum Pardo no es un...\" \/>\n<meta property=\"og:url\" content=\"https:\/\/cvnoticias.com\/nuevapagina\/index.php\/2026\/03\/13\/estamos-listos-para-el-plan-b-afirma-nino-morales\/\" \/>\n<meta property=\"og:site_name\" content=\"CV Noticias\" \/>\n<meta property=\"article:published_time\" content=\"2026-03-13T01:19:03+00:00\" \/>\n<meta property=\"article:modified_time\" content=\"2026-03-13T01:19:04+00:00\" \/>\n<meta property=\"og:image\" content=\"https:\/\/cvnoticias.com\/nuevapagina\/wp-content\/uploads\/2026\/03\/57b3167e-ec83-43bc-a87d-17bc52a5593e.jpeg\" \/>\n\t<meta property=\"og:image:width\" content=\"1280\" \/>\n\t<meta property=\"og:image:height\" content=\"1030\" \/>\n\t<meta property=\"og:image:type\" content=\"image\/jpeg\" \/>\n<meta name=\"author\" content=\"CvNoticias\" \/>\n<meta name=\"twitter:card\" content=\"summary_large_image\" \/>\n<meta name=\"twitter:label1\" content=\"Escrito por\" \/>\n\t<meta name=\"twitter:data1\" content=\"CvNoticias\" \/>\n\t<meta name=\"twitter:label2\" content=\"Tiempo de lectura\" \/>\n\t<meta name=\"twitter:data2\" content=\"2 minutos\" \/>\n<script type=\"application\/ld+json\" class=\"yoast-schema-graph\">{\"@context\":\"https:\\\/\\\/schema.org\",\"@graph\":[{\"@type\":\"Article\",\"@id\":\"https:\\\/\\\/cvnoticias.com\\\/nuevapagina\\\/index.php\\\/2026\\\/03\\\/13\\\/estamos-listos-para-el-plan-b-afirma-nino-morales\\\/#article\",\"isPartOf\":{\"@id\":\"https:\\\/\\\/cvnoticias.com\\\/nuevapagina\\\/index.php\\\/2026\\\/03\\\/13\\\/estamos-listos-para-el-plan-b-afirma-nino-morales\\\/\"},\"author\":{\"name\":\"CvNoticias\",\"@id\":\"https:\\\/\\\/cvnoticias.com\\\/nuevapagina\\\/#\\\/schema\\\/person\\\/19e35f246421a31486be7321065f7463\"},\"headline\":\"Estamos listos para el Plan B, afirma Nino Morales\",\"datePublished\":\"2026-03-13T01:19:03+00:00\",\"dateModified\":\"2026-03-13T01:19:04+00:00\",\"mainEntityOfPage\":{\"@id\":\"https:\\\/\\\/cvnoticias.com\\\/nuevapagina\\\/index.php\\\/2026\\\/03\\\/13\\\/estamos-listos-para-el-plan-b-afirma-nino-morales\\\/\"},\"wordCount\":301,\"commentCount\":0,\"publisher\":{\"@id\":\"https:\\\/\\\/cvnoticias.com\\\/nuevapagina\\\/#organization\"},\"image\":{\"@id\":\"https:\\\/\\\/cvnoticias.com\\\/nuevapagina\\\/index.php\\\/2026\\\/03\\\/13\\\/estamos-listos-para-el-plan-b-afirma-nino-morales\\\/#primaryimage\"},\"thumbnailUrl\":\"https:\\\/\\\/cvnoticias.com\\\/nuevapagina\\\/wp-content\\\/uploads\\\/2026\\\/03\\\/57b3167e-ec83-43bc-a87d-17bc52a5593e.jpeg\",\"articleSection\":[\"Comunicados\"],\"inLanguage\":\"es\",\"potentialAction\":[{\"@type\":\"CommentAction\",\"name\":\"Comment\",\"target\":[\"https:\\\/\\\/cvnoticias.com\\\/nuevapagina\\\/index.php\\\/2026\\\/03\\\/13\\\/estamos-listos-para-el-plan-b-afirma-nino-morales\\\/#respond\"]}]},{\"@type\":\"WebPage\",\"@id\":\"https:\\\/\\\/cvnoticias.com\\\/nuevapagina\\\/index.php\\\/2026\\\/03\\\/13\\\/estamos-listos-para-el-plan-b-afirma-nino-morales\\\/\",\"url\":\"https:\\\/\\\/cvnoticias.com\\\/nuevapagina\\\/index.php\\\/2026\\\/03\\\/13\\\/estamos-listos-para-el-plan-b-afirma-nino-morales\\\/\",\"name\":\"Estamos listos para el Plan B, afirma Nino Morales - CV Noticias\",\"isPartOf\":{\"@id\":\"https:\\\/\\\/cvnoticias.com\\\/nuevapagina\\\/#website\"},\"primaryImageOfPage\":{\"@id\":\"https:\\\/\\\/cvnoticias.com\\\/nuevapagina\\\/index.php\\\/2026\\\/03\\\/13\\\/estamos-listos-para-el-plan-b-afirma-nino-morales\\\/#primaryimage\"},\"image\":{\"@id\":\"https:\\\/\\\/cvnoticias.com\\\/nuevapagina\\\/index.php\\\/2026\\\/03\\\/13\\\/estamos-listos-para-el-plan-b-afirma-nino-morales\\\/#primaryimage\"},\"thumbnailUrl\":\"https:\\\/\\\/cvnoticias.com\\\/nuevapagina\\\/wp-content\\\/uploads\\\/2026\\\/03\\\/57b3167e-ec83-43bc-a87d-17bc52a5593e.jpeg\",\"datePublished\":\"2026-03-13T01:19:03+00:00\",\"dateModified\":\"2026-03-13T01:19:04+00:00\",\"breadcrumb\":{\"@id\":\"https:\\\/\\\/cvnoticias.com\\\/nuevapagina\\\/index.php\\\/2026\\\/03\\\/13\\\/estamos-listos-para-el-plan-b-afirma-nino-morales\\\/#breadcrumb\"},\"inLanguage\":\"es\",\"potentialAction\":[{\"@type\":\"ReadAction\",\"target\":[\"https:\\\/\\\/cvnoticias.com\\\/nuevapagina\\\/index.php\\\/2026\\\/03\\\/13\\\/estamos-listos-para-el-plan-b-afirma-nino-morales\\\/\"]}]},{\"@type\":\"ImageObject\",\"inLanguage\":\"es\",\"@id\":\"https:\\\/\\\/cvnoticias.com\\\/nuevapagina\\\/index.php\\\/2026\\\/03\\\/13\\\/estamos-listos-para-el-plan-b-afirma-nino-morales\\\/#primaryimage\",\"url\":\"https:\\\/\\\/cvnoticias.com\\\/nuevapagina\\\/wp-content\\\/uploads\\\/2026\\\/03\\\/57b3167e-ec83-43bc-a87d-17bc52a5593e.jpeg\",\"contentUrl\":\"https:\\\/\\\/cvnoticias.com\\\/nuevapagina\\\/wp-content\\\/uploads\\\/2026\\\/03\\\/57b3167e-ec83-43bc-a87d-17bc52a5593e.jpeg\",\"width\":1280,\"height\":1030},{\"@type\":\"BreadcrumbList\",\"@id\":\"https:\\\/\\\/cvnoticias.com\\\/nuevapagina\\\/index.php\\\/2026\\\/03\\\/13\\\/estamos-listos-para-el-plan-b-afirma-nino-morales\\\/#breadcrumb\",\"itemListElement\":[{\"@type\":\"ListItem\",\"position\":1,\"name\":\"Portada\",\"item\":\"https:\\\/\\\/cvnoticias.com\\\/nuevapagina\\\/\"},{\"@type\":\"ListItem\",\"position\":2,\"name\":\"Estamos listos para el Plan B, afirma Nino Morales\"}]},{\"@type\":\"WebSite\",\"@id\":\"https:\\\/\\\/cvnoticias.com\\\/nuevapagina\\\/#website\",\"url\":\"https:\\\/\\\/cvnoticias.com\\\/nuevapagina\\\/\",\"name\":\"CV Noticias\",\"description\":\"Noticias de Oaxaca\",\"publisher\":{\"@id\":\"https:\\\/\\\/cvnoticias.com\\\/nuevapagina\\\/#organization\"},\"potentialAction\":[{\"@type\":\"SearchAction\",\"target\":{\"@type\":\"EntryPoint\",\"urlTemplate\":\"https:\\\/\\\/cvnoticias.com\\\/nuevapagina\\\/?s={search_term_string}\"},\"query-input\":{\"@type\":\"PropertyValueSpecification\",\"valueRequired\":true,\"valueName\":\"search_term_string\"}}],\"inLanguage\":\"es\"},{\"@type\":\"Organization\",\"@id\":\"https:\\\/\\\/cvnoticias.com\\\/nuevapagina\\\/#organization\",\"name\":\"CV Noticias\",\"url\":\"https:\\\/\\\/cvnoticias.com\\\/nuevapagina\\\/\",\"logo\":{\"@type\":\"ImageObject\",\"inLanguage\":\"es\",\"@id\":\"https:\\\/\\\/cvnoticias.com\\\/nuevapagina\\\/#\\\/schema\\\/logo\\\/image\\\/\",\"url\":\"https:\\\/\\\/cvnoticias.com\\\/nuevapagina\\\/wp-content\\\/uploads\\\/2025\\\/05\\\/cropped-logo-1.png\",\"contentUrl\":\"https:\\\/\\\/cvnoticias.com\\\/nuevapagina\\\/wp-content\\\/uploads\\\/2025\\\/05\\\/cropped-logo-1.png\",\"width\":320,\"height\":118,\"caption\":\"CV Noticias\"},\"image\":{\"@id\":\"https:\\\/\\\/cvnoticias.com\\\/nuevapagina\\\/#\\\/schema\\\/logo\\\/image\\\/\"}},{\"@type\":\"Person\",\"@id\":\"https:\\\/\\\/cvnoticias.com\\\/nuevapagina\\\/#\\\/schema\\\/person\\\/19e35f246421a31486be7321065f7463\",\"name\":\"CvNoticias\",\"image\":{\"@type\":\"ImageObject\",\"inLanguage\":\"es\",\"@id\":\"https:\\\/\\\/secure.gravatar.com\\\/avatar\\\/c3a4375d38fd8f9b34ac9e853cb706a079817c78f9a39e33b16a2b2b2e51688a?s=96&d=mm&r=g\",\"url\":\"https:\\\/\\\/secure.gravatar.com\\\/avatar\\\/c3a4375d38fd8f9b34ac9e853cb706a079817c78f9a39e33b16a2b2b2e51688a?s=96&d=mm&r=g\",\"contentUrl\":\"https:\\\/\\\/secure.gravatar.com\\\/avatar\\\/c3a4375d38fd8f9b34ac9e853cb706a079817c78f9a39e33b16a2b2b2e51688a?s=96&d=mm&r=g\",\"caption\":\"CvNoticias\"},\"url\":\"https:\\\/\\\/cvnoticias.com\\\/nuevapagina\\\/index.php\\\/author\\\/gesner\\\/\"}]}<\/script>\n<!-- \/ Yoast SEO plugin. -->","yoast_head_json":{"title":"Estamos listos para el Plan B, afirma Nino Morales - CV Noticias","robots":{"index":"index","follow":"follow","max-snippet":"max-snippet:-1","max-image-preview":"max-image-preview:large","max-video-preview":"max-video-preview:-1"},"canonical":"https:\/\/cvnoticias.com\/nuevapagina\/index.php\/2026\/03\/13\/estamos-listos-para-el-plan-b-afirma-nino-morales\/","og_locale":"es_ES","og_type":"article","og_title":"Estamos listos para el Plan B, afirma Nino Morales - CV Noticias","og_description":"El rechazo a la Reforma Electoral de nuestra Presidenta Claudia Sheinbaum Pardo no es un...","og_url":"https:\/\/cvnoticias.com\/nuevapagina\/index.php\/2026\/03\/13\/estamos-listos-para-el-plan-b-afirma-nino-morales\/","og_site_name":"CV Noticias","article_published_time":"2026-03-13T01:19:03+00:00","article_modified_time":"2026-03-13T01:19:04+00:00","og_image":[{"width":1280,"height":1030,"url":"https:\/\/cvnoticias.com\/nuevapagina\/wp-content\/uploads\/2026\/03\/57b3167e-ec83-43bc-a87d-17bc52a5593e.jpeg","type":"image\/jpeg"}],"author":"CvNoticias","twitter_card":"summary_large_image","twitter_misc":{"Escrito por":"CvNoticias","Tiempo de lectura":"2 minutos"},"schema":{"@context":"https:\/\/schema.org","@graph":[{"@type":"Article","@id":"https:\/\/cvnoticias.com\/nuevapagina\/index.php\/2026\/03\/13\/estamos-listos-para-el-plan-b-afirma-nino-morales\/#article","isPartOf":{"@id":"https:\/\/cvnoticias.com\/nuevapagina\/index.php\/2026\/03\/13\/estamos-listos-para-el-plan-b-afirma-nino-morales\/"},"author":{"name":"CvNoticias","@id":"https:\/\/cvnoticias.com\/nuevapagina\/#\/schema\/person\/19e35f246421a31486be7321065f7463"},"headline":"Estamos listos para el Plan B, afirma Nino Morales","datePublished":"2026-03-13T01:19:03+00:00","dateModified":"2026-03-13T01:19:04+00:00","mainEntityOfPage":{"@id":"https:\/\/cvnoticias.com\/nuevapagina\/index.php\/2026\/03\/13\/estamos-listos-para-el-plan-b-afirma-nino-morales\/"},"wordCount":301,"commentCount":0,"publisher":{"@id":"https:\/\/cvnoticias.com\/nuevapagina\/#organization"},"image":{"@id":"https:\/\/cvnoticias.com\/nuevapagina\/index.php\/2026\/03\/13\/estamos-listos-para-el-plan-b-afirma-nino-morales\/#primaryimage"},"thumbnailUrl":"https:\/\/cvnoticias.com\/nuevapagina\/wp-content\/uploads\/2026\/03\/57b3167e-ec83-43bc-a87d-17bc52a5593e.jpeg","articleSection":["Comunicados"],"inLanguage":"es","potentialAction":[{"@type":"CommentAction","name":"Comment","target":["https:\/\/cvnoticias.com\/nuevapagina\/index.php\/2026\/03\/13\/estamos-listos-para-el-plan-b-afirma-nino-morales\/#respond"]}]},{"@type":"WebPage","@id":"https:\/\/cvnoticias.com\/nuevapagina\/index.php\/2026\/03\/13\/estamos-listos-para-el-plan-b-afirma-nino-morales\/","url":"https:\/\/cvnoticias.com\/nuevapagina\/index.php\/2026\/03\/13\/estamos-listos-para-el-plan-b-afirma-nino-morales\/","name":"Estamos listos para el Plan B, afirma Nino Morales - CV Noticias","isPartOf":{"@id":"https:\/\/cvnoticias.com\/nuevapagina\/#website"},"primaryImageOfPage":{"@id":"https:\/\/cvnoticias.com\/nuevapagina\/index.php\/2026\/03\/13\/estamos-listos-para-el-plan-b-afirma-nino-morales\/#primaryimage"},"image":{"@id":"https:\/\/cvnoticias.com\/nuevapagina\/index.php\/2026\/03\/13\/estamos-listos-para-el-plan-b-afirma-nino-morales\/#primaryimage"},"thumbnailUrl":"https:\/\/cvnoticias.com\/nuevapagina\/wp-content\/uploads\/2026\/03\/57b3167e-ec83-43bc-a87d-17bc52a5593e.jpeg","datePublished":"2026-03-13T01:19:03+00:00","dateModified":"2026-03-13T01:19:04+00:00","breadcrumb":{"@id":"https:\/\/cvnoticias.com\/nuevapagina\/index.php\/2026\/03\/13\/estamos-listos-para-el-plan-b-afirma-nino-morales\/#breadcrumb"},"inLanguage":"es","potentialAction":[{"@type":"ReadAction","target":["https:\/\/cvnoticias.com\/nuevapagina\/index.php\/2026\/03\/13\/estamos-listos-para-el-plan-b-afirma-nino-morales\/"]}]},{"@type":"ImageObject","inLanguage":"es","@id":"https:\/\/cvnoticias.com\/nuevapagina\/index.php\/2026\/03\/13\/estamos-listos-para-el-plan-b-afirma-nino-morales\/#primaryimage","url":"https:\/\/cvnoticias.com\/nuevapagina\/wp-content\/uploads\/2026\/03\/57b3167e-ec83-43bc-a87d-17bc52a5593e.jpeg","contentUrl":"https:\/\/cvnoticias.com\/nuevapagina\/wp-content\/uploads\/2026\/03\/57b3167e-ec83-43bc-a87d-17bc52a5593e.jpeg","width":1280,"height":1030},{"@type":"BreadcrumbList","@id":"https:\/\/cvnoticias.com\/nuevapagina\/index.php\/2026\/03\/13\/estamos-listos-para-el-plan-b-afirma-nino-morales\/#breadcrumb","itemListElement":[{"@type":"ListItem","position":1,"name":"Portada","item":"https:\/\/cvnoticias.com\/nuevapagina\/"},{"@type":"ListItem","position":2,"name":"Estamos listos para el Plan B, afirma Nino Morales"}]},{"@type":"WebSite","@id":"https:\/\/cvnoticias.com\/nuevapagina\/#website","url":"https:\/\/cvnoticias.com\/nuevapagina\/","name":"CV Noticias","description":"Noticias de Oaxaca","publisher":{"@id":"https:\/\/cvnoticias.com\/nuevapagina\/#organization"},"potentialAction":[{"@type":"SearchAction","target":{"@type":"EntryPoint","urlTemplate":"https:\/\/cvnoticias.com\/nuevapagina\/?s={search_term_string}"},"query-input":{"@type":"PropertyValueSpecification","valueRequired":true,"valueName":"search_term_string"}}],"inLanguage":"es"},{"@type":"Organization","@id":"https:\/\/cvnoticias.com\/nuevapagina\/#organization","name":"CV Noticias","url":"https:\/\/cvnoticias.com\/nuevapagina\/","logo":{"@type":"ImageObject","inLanguage":"es","@id":"https:\/\/cvnoticias.com\/nuevapagina\/#\/schema\/logo\/image\/","url":"https:\/\/cvnoticias.com\/nuevapagina\/wp-content\/uploads\/2025\/05\/cropped-logo-1.png","contentUrl":"https:\/\/cvnoticias.com\/nuevapagina\/wp-content\/uploads\/2025\/05\/cropped-logo-1.png","width":320,"height":118,"caption":"CV Noticias"},"image":{"@id":"https:\/\/cvnoticias.com\/nuevapagina\/#\/schema\/logo\/image\/"}},{"@type":"Person","@id":"https:\/\/cvnoticias.com\/nuevapagina\/#\/schema\/person\/19e35f246421a31486be7321065f7463","name":"CvNoticias","image":{"@type":"ImageObject","inLanguage":"es","@id":"https:\/\/secure.gravatar.com\/avatar\/c3a4375d38fd8f9b34ac9e853cb706a079817c78f9a39e33b16a2b2b2e51688a?s=96&d=mm&r=g","url":"https:\/\/secure.gravatar.com\/avatar\/c3a4375d38fd8f9b34ac9e853cb706a079817c78f9a39e33b16a2b2b2e51688a?s=96&d=mm&r=g","contentUrl":"https:\/\/secure.gravatar.com\/avatar\/c3a4375d38fd8f9b34ac9e853cb706a079817c78f9a39e33b16a2b2b2e51688a?s=96&d=mm&r=g","caption":"CvNoticias"},"url":"https:\/\/cvnoticias.com\/nuevapagina\/index.php\/author\/gesner\/"}]}},"_links":{"self":[{"href":"https:\/\/cvnoticias.com\/nuevapagina\/index.php\/wp-json\/wp\/v2\/posts\/6306","targetHints":{"allow":["GET"]}}],"collection":[{"href":"https:\/\/cvnoticias.com\/nuevapagina\/index.php\/wp-json\/wp\/v2\/posts"}],"about":[{"href":"https:\/\/cvnoticias.com\/nuevapagina\/index.php\/wp-json\/wp\/v2\/types\/post"}],"author":[{"embeddable":true,"href":"https:\/\/cvnoticias.com\/nuevapagina\/index.php\/wp-json\/wp\/v2\/users\/2"}],"replies":[{"embeddable":true,"href":"https:\/\/cvnoticias.com\/nuevapagina\/index.php\/wp-json\/wp\/v2\/comments?post=6306"}],"version-history":[{"count":1,"href":"https:\/\/cvnoticias.com\/nuevapagina\/index.php\/wp-json\/wp\/v2\/posts\/6306\/revisions"}],"predecessor-version":[{"id":6309,"href":"https:\/\/cvnoticias.com\/nuevapagina\/index.php\/wp-json\/wp\/v2\/posts\/6306\/revisions\/6309"}],"wp:featuredmedia":[{"embeddable":true,"href":"https:\/\/cvnoticias.com\/nuevapagina\/index.php\/wp-json\/wp\/v2\/media\/6308"}],"wp:attachment":[{"href":"https:\/\/cvnoticias.com\/nuevapagina\/index.php\/wp-json\/wp\/v2\/media?parent=6306"}],"wp:term":[{"taxonomy":"category","embeddable":true,"href":"https:\/\/cvnoticias.com\/nuevapagina\/index.php\/wp-json\/wp\/v2\/categories?post=6306"},{"taxonomy":"post_tag","embeddable":true,"href":"https:\/\/cvnoticias.com\/nuevapagina\/index.php\/wp-json\/wp\/v2\/tags?post=6306"}],"curies":[{"name":"wp","href":"https:\/\/api.w.org\/{rel}","templated":true}]}}