{"id":4859,"date":"2026-01-12T16:19:27","date_gmt":"2026-01-12T16:19:27","guid":{"rendered":"https:\/\/cvnoticias.com\/nuevapagina\/?p=4859"},"modified":"2026-01-12T16:19:28","modified_gmt":"2026-01-12T16:19:28","slug":"con-reforma-a-la-ley-organica-municipal-proponen-fortalecer-el-desarrollo-comunitario-en-el-estado","status":"publish","type":"post","link":"https:\/\/cvnoticias.com\/nuevapagina\/index.php\/2026\/01\/12\/con-reforma-a-la-ley-organica-municipal-proponen-fortalecer-el-desarrollo-comunitario-en-el-estado\/","title":{"rendered":"Con reforma a la Ley Org\u00e1nica Municipal proponen fortalecer el desarrollo comunitario en el estado"},"content":{"rendered":"\n<p><\/p>\n\n\n\n<ul class=\"wp-block-list\">\n<li>La iniciativa busca garantizar que los municipios contribuyan al mejoramiento econ\u00f3mico, social y cultural de sus habitantes<\/li>\n<\/ul>\n\n\n\n<p>San Raymundo Jalpan, Oax., a 10 de enero de 2026.- Con la finalidad de actualizar la misi\u00f3n y el objeto de los Ayuntamientos para que respondan de manera integral a la realidad pluricultural del estado, el diputado Nicol\u00e1s Enrique Feria Romero, integrante del Grupo Parlamentario de Morena, present\u00f3 una Iniciativa con Proyecto de Decreto para reformar y adicionar diversas disposiciones de la Ley Org\u00e1nica Municipal del Estado de Oaxaca.<\/p>\n\n\n\n<p>En este sentido, se propone reformar el art\u00edculo 3\u00ba para se\u00f1alar como misi\u00f3n primordial del Ayuntamiento servir a la poblaci\u00f3n y contribuir, con los otros niveles de gobierno, al mejoramiento econ\u00f3mico, social, cultural y pol\u00edtico de todos sus habitantes de forma progresiva, continua y sostenida dentro del marco legal, procurando el bienestar en condiciones de igualdad entre hombres y mujeres, respetando la dignidad de la persona, sus sistemas normativos propios y el medio ambiente.<\/p>\n\n\n\n<p>Asimismo, reformar el segundo p\u00e1rrafo de la fracci\u00f3n I, apartado B del art\u00edculo 43 y adicionar un segundo p\u00e1rrafo para establecer que el Plan Municipal de Desarrollo deber\u00e1 contemplar pol\u00edticas p\u00fablicas que garanticen el desarrollo pleno de las personas y fortalezcan el desarrollo comunitario en cada localidad.<\/p>\n\n\n\n<p>La iniciativa tambi\u00e9n prev\u00e9 que, en municipios con poblaci\u00f3n ind\u00edgena o afromexicana, los Planes de Desarrollo Municipal se elaboren bajo criterios de pertinencia cultural, inclusi\u00f3n participativa y respeto a sus sistemas normativos propios, incorporando programas de preservaci\u00f3n de la historia, cultura, lenguas, tradiciones y costumbres.<\/p>\n\n\n\n<p>En la exposici\u00f3n de motivos, el legislador subray\u00f3 la importancia de transitar hacia un modelo de desarrollo comunitario construido desde lo local, en concordancia con las pol\u00edticas federales de bienestar y las reformas al art\u00edculo 2 de la Constituci\u00f3n Pol\u00edtica de M\u00e9xico.<\/p>\n\n\n\n<p>El planteamiento se inscribe en un contexto legislativo relevante, toda vez que a partir del 1 de enero de 2026 asumieron funciones nuevas autoridades municipales, particularmente en localidades que se rigen por Sistemas Normativos Ind\u00edgenas.<\/p>\n\n\n\n<p>La iniciativa fue turnada a la Comisi\u00f3n Permanente de Fortalecimiento y Asuntos Municipales para su an\u00e1lisis y dictaminaci\u00f3n correspondiente.<\/p>\n","protected":false},"excerpt":{"rendered":"<p>San Raymundo Jalpan, Oax., a 10 de enero de 2026.- Con la finalidad de actualizar&#8230;<\/p>\n","protected":false},"author":2,"featured_media":4862,"comment_status":"open","ping_status":"closed","sticky":false,"template":"","format":"standard","meta":{"footnotes":""},"categories":[3],"tags":[],"class_list":["post-4859","post","type-post","status-publish","format-standard","has-post-thumbnail","hentry","category-comunicadosdeprensa"],"yoast_head":"<!-- This site is optimized with the Yoast SEO plugin v27.5 - https:\/\/yoast.com\/product\/yoast-seo-wordpress\/ -->\n<title>Con reforma a la Ley Org\u00e1nica Municipal proponen fortalecer el desarrollo comunitario en el estado - CV Noticias<\/title>\n<meta name=\"robots\" content=\"index, follow, max-snippet:-1, max-image-preview:large, max-video-preview:-1\" \/>\n<link rel=\"canonical\" href=\"https:\/\/cvnoticias.com\/nuevapagina\/index.php\/2026\/01\/12\/con-reforma-a-la-ley-organica-municipal-proponen-fortalecer-el-desarrollo-comunitario-en-el-estado\/\" \/>\n<meta property=\"og:locale\" content=\"es_ES\" \/>\n<meta property=\"og:type\" content=\"article\" \/>\n<meta property=\"og:title\" content=\"Con reforma a la Ley Org\u00e1nica Municipal proponen fortalecer el desarrollo comunitario en el estado - CV Noticias\" \/>\n<meta property=\"og:description\" content=\"San Raymundo Jalpan, Oax., a 10 de enero de 2026.- Con la finalidad de actualizar...\" \/>\n<meta property=\"og:url\" content=\"https:\/\/cvnoticias.com\/nuevapagina\/index.php\/2026\/01\/12\/con-reforma-a-la-ley-organica-municipal-proponen-fortalecer-el-desarrollo-comunitario-en-el-estado\/\" \/>\n<meta property=\"og:site_name\" content=\"CV Noticias\" \/>\n<meta property=\"article:published_time\" content=\"2026-01-12T16:19:27+00:00\" \/>\n<meta property=\"article:modified_time\" content=\"2026-01-12T16:19:28+00:00\" \/>\n<meta property=\"og:image\" content=\"https:\/\/cvnoticias.com\/nuevapagina\/wp-content\/uploads\/2026\/01\/WhatsApp-Image-2026-01-10-at-11.48.23-AM.jpeg\" \/>\n\t<meta property=\"og:image:width\" content=\"1600\" \/>\n\t<meta property=\"og:image:height\" content=\"1066\" \/>\n\t<meta property=\"og:image:type\" content=\"image\/jpeg\" \/>\n<meta name=\"author\" content=\"CvNoticias\" \/>\n<meta name=\"twitter:card\" content=\"summary_large_image\" \/>\n<meta name=\"twitter:label1\" content=\"Escrito por\" \/>\n\t<meta name=\"twitter:data1\" content=\"CvNoticias\" \/>\n\t<meta name=\"twitter:label2\" content=\"Tiempo de lectura\" \/>\n\t<meta name=\"twitter:data2\" content=\"2 minutos\" \/>\n<script type=\"application\/ld+json\" class=\"yoast-schema-graph\">{\"@context\":\"https:\\\/\\\/schema.org\",\"@graph\":[{\"@type\":\"Article\",\"@id\":\"https:\\\/\\\/cvnoticias.com\\\/nuevapagina\\\/index.php\\\/2026\\\/01\\\/12\\\/con-reforma-a-la-ley-organica-municipal-proponen-fortalecer-el-desarrollo-comunitario-en-el-estado\\\/#article\",\"isPartOf\":{\"@id\":\"https:\\\/\\\/cvnoticias.com\\\/nuevapagina\\\/index.php\\\/2026\\\/01\\\/12\\\/con-reforma-a-la-ley-organica-municipal-proponen-fortalecer-el-desarrollo-comunitario-en-el-estado\\\/\"},\"author\":{\"name\":\"CvNoticias\",\"@id\":\"https:\\\/\\\/cvnoticias.com\\\/nuevapagina\\\/#\\\/schema\\\/person\\\/19e35f246421a31486be7321065f7463\"},\"headline\":\"Con reforma a la Ley Org\u00e1nica Municipal proponen fortalecer el desarrollo comunitario en el estado\",\"datePublished\":\"2026-01-12T16:19:27+00:00\",\"dateModified\":\"2026-01-12T16:19:28+00:00\",\"mainEntityOfPage\":{\"@id\":\"https:\\\/\\\/cvnoticias.com\\\/nuevapagina\\\/index.php\\\/2026\\\/01\\\/12\\\/con-reforma-a-la-ley-organica-municipal-proponen-fortalecer-el-desarrollo-comunitario-en-el-estado\\\/\"},\"wordCount\":389,\"commentCount\":0,\"publisher\":{\"@id\":\"https:\\\/\\\/cvnoticias.com\\\/nuevapagina\\\/#organization\"},\"image\":{\"@id\":\"https:\\\/\\\/cvnoticias.com\\\/nuevapagina\\\/index.php\\\/2026\\\/01\\\/12\\\/con-reforma-a-la-ley-organica-municipal-proponen-fortalecer-el-desarrollo-comunitario-en-el-estado\\\/#primaryimage\"},\"thumbnailUrl\":\"https:\\\/\\\/cvnoticias.com\\\/nuevapagina\\\/wp-content\\\/uploads\\\/2026\\\/01\\\/WhatsApp-Image-2026-01-10-at-11.48.23-AM.jpeg\",\"articleSection\":[\"Comunicados\"],\"inLanguage\":\"es\",\"potentialAction\":[{\"@type\":\"CommentAction\",\"name\":\"Comment\",\"target\":[\"https:\\\/\\\/cvnoticias.com\\\/nuevapagina\\\/index.php\\\/2026\\\/01\\\/12\\\/con-reforma-a-la-ley-organica-municipal-proponen-fortalecer-el-desarrollo-comunitario-en-el-estado\\\/#respond\"]}]},{\"@type\":\"WebPage\",\"@id\":\"https:\\\/\\\/cvnoticias.com\\\/nuevapagina\\\/index.php\\\/2026\\\/01\\\/12\\\/con-reforma-a-la-ley-organica-municipal-proponen-fortalecer-el-desarrollo-comunitario-en-el-estado\\\/\",\"url\":\"https:\\\/\\\/cvnoticias.com\\\/nuevapagina\\\/index.php\\\/2026\\\/01\\\/12\\\/con-reforma-a-la-ley-organica-municipal-proponen-fortalecer-el-desarrollo-comunitario-en-el-estado\\\/\",\"name\":\"Con reforma a la Ley Org\u00e1nica Municipal proponen fortalecer el desarrollo comunitario en el estado - CV Noticias\",\"isPartOf\":{\"@id\":\"https:\\\/\\\/cvnoticias.com\\\/nuevapagina\\\/#website\"},\"primaryImageOfPage\":{\"@id\":\"https:\\\/\\\/cvnoticias.com\\\/nuevapagina\\\/index.php\\\/2026\\\/01\\\/12\\\/con-reforma-a-la-ley-organica-municipal-proponen-fortalecer-el-desarrollo-comunitario-en-el-estado\\\/#primaryimage\"},\"image\":{\"@id\":\"https:\\\/\\\/cvnoticias.com\\\/nuevapagina\\\/index.php\\\/2026\\\/01\\\/12\\\/con-reforma-a-la-ley-organica-municipal-proponen-fortalecer-el-desarrollo-comunitario-en-el-estado\\\/#primaryimage\"},\"thumbnailUrl\":\"https:\\\/\\\/cvnoticias.com\\\/nuevapagina\\\/wp-content\\\/uploads\\\/2026\\\/01\\\/WhatsApp-Image-2026-01-10-at-11.48.23-AM.jpeg\",\"datePublished\":\"2026-01-12T16:19:27+00:00\",\"dateModified\":\"2026-01-12T16:19:28+00:00\",\"breadcrumb\":{\"@id\":\"https:\\\/\\\/cvnoticias.com\\\/nuevapagina\\\/index.php\\\/2026\\\/01\\\/12\\\/con-reforma-a-la-ley-organica-municipal-proponen-fortalecer-el-desarrollo-comunitario-en-el-estado\\\/#breadcrumb\"},\"inLanguage\":\"es\",\"potentialAction\":[{\"@type\":\"ReadAction\",\"target\":[\"https:\\\/\\\/cvnoticias.com\\\/nuevapagina\\\/index.php\\\/2026\\\/01\\\/12\\\/con-reforma-a-la-ley-organica-municipal-proponen-fortalecer-el-desarrollo-comunitario-en-el-estado\\\/\"]}]},{\"@type\":\"ImageObject\",\"inLanguage\":\"es\",\"@id\":\"https:\\\/\\\/cvnoticias.com\\\/nuevapagina\\\/index.php\\\/2026\\\/01\\\/12\\\/con-reforma-a-la-ley-organica-municipal-proponen-fortalecer-el-desarrollo-comunitario-en-el-estado\\\/#primaryimage\",\"url\":\"https:\\\/\\\/cvnoticias.com\\\/nuevapagina\\\/wp-content\\\/uploads\\\/2026\\\/01\\\/WhatsApp-Image-2026-01-10-at-11.48.23-AM.jpeg\",\"contentUrl\":\"https:\\\/\\\/cvnoticias.com\\\/nuevapagina\\\/wp-content\\\/uploads\\\/2026\\\/01\\\/WhatsApp-Image-2026-01-10-at-11.48.23-AM.jpeg\",\"width\":1600,\"height\":1066},{\"@type\":\"BreadcrumbList\",\"@id\":\"https:\\\/\\\/cvnoticias.com\\\/nuevapagina\\\/index.php\\\/2026\\\/01\\\/12\\\/con-reforma-a-la-ley-organica-municipal-proponen-fortalecer-el-desarrollo-comunitario-en-el-estado\\\/#breadcrumb\",\"itemListElement\":[{\"@type\":\"ListItem\",\"position\":1,\"name\":\"Portada\",\"item\":\"https:\\\/\\\/cvnoticias.com\\\/nuevapagina\\\/\"},{\"@type\":\"ListItem\",\"position\":2,\"name\":\"Con reforma a la Ley Org\u00e1nica Municipal proponen fortalecer el desarrollo comunitario en el estado\"}]},{\"@type\":\"WebSite\",\"@id\":\"https:\\\/\\\/cvnoticias.com\\\/nuevapagina\\\/#website\",\"url\":\"https:\\\/\\\/cvnoticias.com\\\/nuevapagina\\\/\",\"name\":\"CV Noticias\",\"description\":\"Noticias de Oaxaca\",\"publisher\":{\"@id\":\"https:\\\/\\\/cvnoticias.com\\\/nuevapagina\\\/#organization\"},\"potentialAction\":[{\"@type\":\"SearchAction\",\"target\":{\"@type\":\"EntryPoint\",\"urlTemplate\":\"https:\\\/\\\/cvnoticias.com\\\/nuevapagina\\\/?s={search_term_string}\"},\"query-input\":{\"@type\":\"PropertyValueSpecification\",\"valueRequired\":true,\"valueName\":\"search_term_string\"}}],\"inLanguage\":\"es\"},{\"@type\":\"Organization\",\"@id\":\"https:\\\/\\\/cvnoticias.com\\\/nuevapagina\\\/#organization\",\"name\":\"CV Noticias\",\"url\":\"https:\\\/\\\/cvnoticias.com\\\/nuevapagina\\\/\",\"logo\":{\"@type\":\"ImageObject\",\"inLanguage\":\"es\",\"@id\":\"https:\\\/\\\/cvnoticias.com\\\/nuevapagina\\\/#\\\/schema\\\/logo\\\/image\\\/\",\"url\":\"https:\\\/\\\/cvnoticias.com\\\/nuevapagina\\\/wp-content\\\/uploads\\\/2025\\\/05\\\/cropped-logo-1.png\",\"contentUrl\":\"https:\\\/\\\/cvnoticias.com\\\/nuevapagina\\\/wp-content\\\/uploads\\\/2025\\\/05\\\/cropped-logo-1.png\",\"width\":320,\"height\":118,\"caption\":\"CV Noticias\"},\"image\":{\"@id\":\"https:\\\/\\\/cvnoticias.com\\\/nuevapagina\\\/#\\\/schema\\\/logo\\\/image\\\/\"}},{\"@type\":\"Person\",\"@id\":\"https:\\\/\\\/cvnoticias.com\\\/nuevapagina\\\/#\\\/schema\\\/person\\\/19e35f246421a31486be7321065f7463\",\"name\":\"CvNoticias\",\"image\":{\"@type\":\"ImageObject\",\"inLanguage\":\"es\",\"@id\":\"https:\\\/\\\/secure.gravatar.com\\\/avatar\\\/c3a4375d38fd8f9b34ac9e853cb706a079817c78f9a39e33b16a2b2b2e51688a?s=96&d=mm&r=g\",\"url\":\"https:\\\/\\\/secure.gravatar.com\\\/avatar\\\/c3a4375d38fd8f9b34ac9e853cb706a079817c78f9a39e33b16a2b2b2e51688a?s=96&d=mm&r=g\",\"contentUrl\":\"https:\\\/\\\/secure.gravatar.com\\\/avatar\\\/c3a4375d38fd8f9b34ac9e853cb706a079817c78f9a39e33b16a2b2b2e51688a?s=96&d=mm&r=g\",\"caption\":\"CvNoticias\"},\"url\":\"https:\\\/\\\/cvnoticias.com\\\/nuevapagina\\\/index.php\\\/author\\\/gesner\\\/\"}]}<\/script>\n<!-- \/ Yoast SEO plugin. -->","yoast_head_json":{"title":"Con reforma a la Ley Org\u00e1nica Municipal proponen fortalecer el desarrollo comunitario en el estado - CV Noticias","robots":{"index":"index","follow":"follow","max-snippet":"max-snippet:-1","max-image-preview":"max-image-preview:large","max-video-preview":"max-video-preview:-1"},"canonical":"https:\/\/cvnoticias.com\/nuevapagina\/index.php\/2026\/01\/12\/con-reforma-a-la-ley-organica-municipal-proponen-fortalecer-el-desarrollo-comunitario-en-el-estado\/","og_locale":"es_ES","og_type":"article","og_title":"Con reforma a la Ley Org\u00e1nica Municipal proponen fortalecer el desarrollo comunitario en el estado - CV Noticias","og_description":"San Raymundo Jalpan, Oax., a 10 de enero de 2026.- Con la finalidad de actualizar...","og_url":"https:\/\/cvnoticias.com\/nuevapagina\/index.php\/2026\/01\/12\/con-reforma-a-la-ley-organica-municipal-proponen-fortalecer-el-desarrollo-comunitario-en-el-estado\/","og_site_name":"CV Noticias","article_published_time":"2026-01-12T16:19:27+00:00","article_modified_time":"2026-01-12T16:19:28+00:00","og_image":[{"width":1600,"height":1066,"url":"https:\/\/cvnoticias.com\/nuevapagina\/wp-content\/uploads\/2026\/01\/WhatsApp-Image-2026-01-10-at-11.48.23-AM.jpeg","type":"image\/jpeg"}],"author":"CvNoticias","twitter_card":"summary_large_image","twitter_misc":{"Escrito por":"CvNoticias","Tiempo de lectura":"2 minutos"},"schema":{"@context":"https:\/\/schema.org","@graph":[{"@type":"Article","@id":"https:\/\/cvnoticias.com\/nuevapagina\/index.php\/2026\/01\/12\/con-reforma-a-la-ley-organica-municipal-proponen-fortalecer-el-desarrollo-comunitario-en-el-estado\/#article","isPartOf":{"@id":"https:\/\/cvnoticias.com\/nuevapagina\/index.php\/2026\/01\/12\/con-reforma-a-la-ley-organica-municipal-proponen-fortalecer-el-desarrollo-comunitario-en-el-estado\/"},"author":{"name":"CvNoticias","@id":"https:\/\/cvnoticias.com\/nuevapagina\/#\/schema\/person\/19e35f246421a31486be7321065f7463"},"headline":"Con reforma a la Ley Org\u00e1nica Municipal proponen fortalecer el desarrollo comunitario en el estado","datePublished":"2026-01-12T16:19:27+00:00","dateModified":"2026-01-12T16:19:28+00:00","mainEntityOfPage":{"@id":"https:\/\/cvnoticias.com\/nuevapagina\/index.php\/2026\/01\/12\/con-reforma-a-la-ley-organica-municipal-proponen-fortalecer-el-desarrollo-comunitario-en-el-estado\/"},"wordCount":389,"commentCount":0,"publisher":{"@id":"https:\/\/cvnoticias.com\/nuevapagina\/#organization"},"image":{"@id":"https:\/\/cvnoticias.com\/nuevapagina\/index.php\/2026\/01\/12\/con-reforma-a-la-ley-organica-municipal-proponen-fortalecer-el-desarrollo-comunitario-en-el-estado\/#primaryimage"},"thumbnailUrl":"https:\/\/cvnoticias.com\/nuevapagina\/wp-content\/uploads\/2026\/01\/WhatsApp-Image-2026-01-10-at-11.48.23-AM.jpeg","articleSection":["Comunicados"],"inLanguage":"es","potentialAction":[{"@type":"CommentAction","name":"Comment","target":["https:\/\/cvnoticias.com\/nuevapagina\/index.php\/2026\/01\/12\/con-reforma-a-la-ley-organica-municipal-proponen-fortalecer-el-desarrollo-comunitario-en-el-estado\/#respond"]}]},{"@type":"WebPage","@id":"https:\/\/cvnoticias.com\/nuevapagina\/index.php\/2026\/01\/12\/con-reforma-a-la-ley-organica-municipal-proponen-fortalecer-el-desarrollo-comunitario-en-el-estado\/","url":"https:\/\/cvnoticias.com\/nuevapagina\/index.php\/2026\/01\/12\/con-reforma-a-la-ley-organica-municipal-proponen-fortalecer-el-desarrollo-comunitario-en-el-estado\/","name":"Con reforma a la Ley Org\u00e1nica Municipal proponen fortalecer el desarrollo comunitario en el estado - CV Noticias","isPartOf":{"@id":"https:\/\/cvnoticias.com\/nuevapagina\/#website"},"primaryImageOfPage":{"@id":"https:\/\/cvnoticias.com\/nuevapagina\/index.php\/2026\/01\/12\/con-reforma-a-la-ley-organica-municipal-proponen-fortalecer-el-desarrollo-comunitario-en-el-estado\/#primaryimage"},"image":{"@id":"https:\/\/cvnoticias.com\/nuevapagina\/index.php\/2026\/01\/12\/con-reforma-a-la-ley-organica-municipal-proponen-fortalecer-el-desarrollo-comunitario-en-el-estado\/#primaryimage"},"thumbnailUrl":"https:\/\/cvnoticias.com\/nuevapagina\/wp-content\/uploads\/2026\/01\/WhatsApp-Image-2026-01-10-at-11.48.23-AM.jpeg","datePublished":"2026-01-12T16:19:27+00:00","dateModified":"2026-01-12T16:19:28+00:00","breadcrumb":{"@id":"https:\/\/cvnoticias.com\/nuevapagina\/index.php\/2026\/01\/12\/con-reforma-a-la-ley-organica-municipal-proponen-fortalecer-el-desarrollo-comunitario-en-el-estado\/#breadcrumb"},"inLanguage":"es","potentialAction":[{"@type":"ReadAction","target":["https:\/\/cvnoticias.com\/nuevapagina\/index.php\/2026\/01\/12\/con-reforma-a-la-ley-organica-municipal-proponen-fortalecer-el-desarrollo-comunitario-en-el-estado\/"]}]},{"@type":"ImageObject","inLanguage":"es","@id":"https:\/\/cvnoticias.com\/nuevapagina\/index.php\/2026\/01\/12\/con-reforma-a-la-ley-organica-municipal-proponen-fortalecer-el-desarrollo-comunitario-en-el-estado\/#primaryimage","url":"https:\/\/cvnoticias.com\/nuevapagina\/wp-content\/uploads\/2026\/01\/WhatsApp-Image-2026-01-10-at-11.48.23-AM.jpeg","contentUrl":"https:\/\/cvnoticias.com\/nuevapagina\/wp-content\/uploads\/2026\/01\/WhatsApp-Image-2026-01-10-at-11.48.23-AM.jpeg","width":1600,"height":1066},{"@type":"BreadcrumbList","@id":"https:\/\/cvnoticias.com\/nuevapagina\/index.php\/2026\/01\/12\/con-reforma-a-la-ley-organica-municipal-proponen-fortalecer-el-desarrollo-comunitario-en-el-estado\/#breadcrumb","itemListElement":[{"@type":"ListItem","position":1,"name":"Portada","item":"https:\/\/cvnoticias.com\/nuevapagina\/"},{"@type":"ListItem","position":2,"name":"Con reforma a la Ley Org\u00e1nica Municipal proponen fortalecer el desarrollo comunitario en el estado"}]},{"@type":"WebSite","@id":"https:\/\/cvnoticias.com\/nuevapagina\/#website","url":"https:\/\/cvnoticias.com\/nuevapagina\/","name":"CV Noticias","description":"Noticias de Oaxaca","publisher":{"@id":"https:\/\/cvnoticias.com\/nuevapagina\/#organization"},"potentialAction":[{"@type":"SearchAction","target":{"@type":"EntryPoint","urlTemplate":"https:\/\/cvnoticias.com\/nuevapagina\/?s={search_term_string}"},"query-input":{"@type":"PropertyValueSpecification","valueRequired":true,"valueName":"search_term_string"}}],"inLanguage":"es"},{"@type":"Organization","@id":"https:\/\/cvnoticias.com\/nuevapagina\/#organization","name":"CV Noticias","url":"https:\/\/cvnoticias.com\/nuevapagina\/","logo":{"@type":"ImageObject","inLanguage":"es","@id":"https:\/\/cvnoticias.com\/nuevapagina\/#\/schema\/logo\/image\/","url":"https:\/\/cvnoticias.com\/nuevapagina\/wp-content\/uploads\/2025\/05\/cropped-logo-1.png","contentUrl":"https:\/\/cvnoticias.com\/nuevapagina\/wp-content\/uploads\/2025\/05\/cropped-logo-1.png","width":320,"height":118,"caption":"CV Noticias"},"image":{"@id":"https:\/\/cvnoticias.com\/nuevapagina\/#\/schema\/logo\/image\/"}},{"@type":"Person","@id":"https:\/\/cvnoticias.com\/nuevapagina\/#\/schema\/person\/19e35f246421a31486be7321065f7463","name":"CvNoticias","image":{"@type":"ImageObject","inLanguage":"es","@id":"https:\/\/secure.gravatar.com\/avatar\/c3a4375d38fd8f9b34ac9e853cb706a079817c78f9a39e33b16a2b2b2e51688a?s=96&d=mm&r=g","url":"https:\/\/secure.gravatar.com\/avatar\/c3a4375d38fd8f9b34ac9e853cb706a079817c78f9a39e33b16a2b2b2e51688a?s=96&d=mm&r=g","contentUrl":"https:\/\/secure.gravatar.com\/avatar\/c3a4375d38fd8f9b34ac9e853cb706a079817c78f9a39e33b16a2b2b2e51688a?s=96&d=mm&r=g","caption":"CvNoticias"},"url":"https:\/\/cvnoticias.com\/nuevapagina\/index.php\/author\/gesner\/"}]}},"_links":{"self":[{"href":"https:\/\/cvnoticias.com\/nuevapagina\/index.php\/wp-json\/wp\/v2\/posts\/4859","targetHints":{"allow":["GET"]}}],"collection":[{"href":"https:\/\/cvnoticias.com\/nuevapagina\/index.php\/wp-json\/wp\/v2\/posts"}],"about":[{"href":"https:\/\/cvnoticias.com\/nuevapagina\/index.php\/wp-json\/wp\/v2\/types\/post"}],"author":[{"embeddable":true,"href":"https:\/\/cvnoticias.com\/nuevapagina\/index.php\/wp-json\/wp\/v2\/users\/2"}],"replies":[{"embeddable":true,"href":"https:\/\/cvnoticias.com\/nuevapagina\/index.php\/wp-json\/wp\/v2\/comments?post=4859"}],"version-history":[{"count":1,"href":"https:\/\/cvnoticias.com\/nuevapagina\/index.php\/wp-json\/wp\/v2\/posts\/4859\/revisions"}],"predecessor-version":[{"id":4863,"href":"https:\/\/cvnoticias.com\/nuevapagina\/index.php\/wp-json\/wp\/v2\/posts\/4859\/revisions\/4863"}],"wp:featuredmedia":[{"embeddable":true,"href":"https:\/\/cvnoticias.com\/nuevapagina\/index.php\/wp-json\/wp\/v2\/media\/4862"}],"wp:attachment":[{"href":"https:\/\/cvnoticias.com\/nuevapagina\/index.php\/wp-json\/wp\/v2\/media?parent=4859"}],"wp:term":[{"taxonomy":"category","embeddable":true,"href":"https:\/\/cvnoticias.com\/nuevapagina\/index.php\/wp-json\/wp\/v2\/categories?post=4859"},{"taxonomy":"post_tag","embeddable":true,"href":"https:\/\/cvnoticias.com\/nuevapagina\/index.php\/wp-json\/wp\/v2\/tags?post=4859"}],"curies":[{"name":"wp","href":"https:\/\/api.w.org\/{rel}","templated":true}]}}