{"id":4637,"date":"2025-12-31T21:33:06","date_gmt":"2025-12-31T21:33:06","guid":{"rendered":"https:\/\/cvnoticias.com\/nuevapagina\/?p=4637"},"modified":"2025-12-31T21:33:07","modified_gmt":"2025-12-31T21:33:07","slug":"el-oficial-mayor-de-oaxaca-de-juarez-llama-a-iniciar-el-ano-nuevo-con-unidad-esperanza-y-responsabilidad","status":"publish","type":"post","link":"https:\/\/cvnoticias.com\/nuevapagina\/index.php\/2025\/12\/31\/el-oficial-mayor-de-oaxaca-de-juarez-llama-a-iniciar-el-ano-nuevo-con-unidad-esperanza-y-responsabilidad\/","title":{"rendered":"El Oficial Mayor de Oaxaca de Ju\u00e1rez llama a iniciar el A\u00f1o Nuevo con unidad, esperanza y responsabilidad"},"content":{"rendered":"\n<p><\/p>\n\n\n\n<p>Oaxaca de Ju\u00e1rez, Oax.\u2014 El Oficial Mayor del Municipio de Oaxaca de Ju\u00e1rez, Jorge Gandarillas L\u00f3pez, se\u00f1al\u00f3 que el cierre del a\u00f1o representa una oportunidad para reflexionar con gratitud sobre lo vivido y, al mismo tiempo, para recibir el nuevo ciclo con esperanza y un firme sentido de responsabilidad social.<\/p>\n\n\n\n<p>Destac\u00f3 que cada experiencia, reto y logro alcanzado durante el a\u00f1o que concluye ha sido parte fundamental del camino que hoy permite seguir avanzando como comunidad, fortaleciendo el trabajo conjunto entre gobierno y ciudadan\u00eda.<\/p>\n\n\n\n<p>Asimismo, expres\u00f3 su deseo de que la llegada del A\u00f1o Nuevo renueve la confianza colectiva, fortalezca los lazos de respeto y motive la construcci\u00f3n de acuerdos en favor del bien com\u00fan. \u201cQue en cada hogar de Oaxaca de Ju\u00e1rez haya paz, salud y \u00e1nimo para emprender nuevos prop\u00f3sitos\u201d, subray\u00f3.<\/p>\n\n\n\n<p>El funcionario municipal confi\u00f3 en que el nuevo a\u00f1o sea un tiempo de uni\u00f3n, di\u00e1logo y oportunidades para todas y todos, y reiter\u00f3 la importancia de continuar construyendo una ciudad con instituciones s\u00f3lidas, servidores p\u00fablicos comprometidos y una ciudadan\u00eda participativa y consciente.<\/p>\n\n\n\n<p>Finalmente, Jorge Gandarillas hizo llegar sus mejores deseos a las y los habitantes de la capital oaxaque\u00f1a, augurando un A\u00f1o Nuevo lleno de esperanza y bienestar para Oaxaca de Ju\u00e1rez.<\/p>\n","protected":false},"excerpt":{"rendered":"<p>Oaxaca de Ju\u00e1rez, Oax.\u2014 El Oficial Mayor del Municipio de Oaxaca de Ju\u00e1rez, Jorge Gandarillas&#8230;<\/p>\n","protected":false},"author":2,"featured_media":4638,"comment_status":"open","ping_status":"closed","sticky":false,"template":"","format":"standard","meta":{"footnotes":""},"categories":[3],"tags":[],"class_list":["post-4637","post","type-post","status-publish","format-standard","has-post-thumbnail","hentry","category-comunicadosdeprensa"],"yoast_head":"<!-- This site is optimized with the Yoast SEO plugin v27.5 - https:\/\/yoast.com\/product\/yoast-seo-wordpress\/ -->\n<title>El Oficial Mayor de Oaxaca de Ju\u00e1rez llama a iniciar el A\u00f1o Nuevo con unidad, esperanza y responsabilidad - CV Noticias<\/title>\n<meta name=\"robots\" content=\"index, follow, max-snippet:-1, max-image-preview:large, max-video-preview:-1\" \/>\n<link rel=\"canonical\" href=\"https:\/\/cvnoticias.com\/nuevapagina\/index.php\/2025\/12\/31\/el-oficial-mayor-de-oaxaca-de-juarez-llama-a-iniciar-el-ano-nuevo-con-unidad-esperanza-y-responsabilidad\/\" \/>\n<meta property=\"og:locale\" content=\"es_ES\" \/>\n<meta property=\"og:type\" content=\"article\" \/>\n<meta property=\"og:title\" content=\"El Oficial Mayor de Oaxaca de Ju\u00e1rez llama a iniciar el A\u00f1o Nuevo con unidad, esperanza y responsabilidad - CV Noticias\" \/>\n<meta property=\"og:description\" content=\"Oaxaca de Ju\u00e1rez, Oax.\u2014 El Oficial Mayor del Municipio de Oaxaca de Ju\u00e1rez, Jorge Gandarillas...\" \/>\n<meta property=\"og:url\" content=\"https:\/\/cvnoticias.com\/nuevapagina\/index.php\/2025\/12\/31\/el-oficial-mayor-de-oaxaca-de-juarez-llama-a-iniciar-el-ano-nuevo-con-unidad-esperanza-y-responsabilidad\/\" \/>\n<meta property=\"og:site_name\" content=\"CV Noticias\" \/>\n<meta property=\"article:published_time\" content=\"2025-12-31T21:33:06+00:00\" \/>\n<meta property=\"article:modified_time\" content=\"2025-12-31T21:33:07+00:00\" \/>\n<meta property=\"og:image\" content=\"https:\/\/cvnoticias.com\/nuevapagina\/wp-content\/uploads\/2025\/12\/WhatsApp-Image-2025-12-31-at-3.30.30-PM.jpeg\" \/>\n\t<meta property=\"og:image:width\" content=\"1484\" \/>\n\t<meta property=\"og:image:height\" content=\"1600\" \/>\n\t<meta property=\"og:image:type\" content=\"image\/jpeg\" \/>\n<meta name=\"author\" content=\"CvNoticias\" \/>\n<meta name=\"twitter:card\" content=\"summary_large_image\" \/>\n<meta name=\"twitter:label1\" content=\"Escrito por\" \/>\n\t<meta name=\"twitter:data1\" content=\"CvNoticias\" \/>\n\t<meta name=\"twitter:label2\" content=\"Tiempo de lectura\" \/>\n\t<meta name=\"twitter:data2\" content=\"2 minutos\" \/>\n<script type=\"application\/ld+json\" class=\"yoast-schema-graph\">{\"@context\":\"https:\\\/\\\/schema.org\",\"@graph\":[{\"@type\":\"Article\",\"@id\":\"https:\\\/\\\/cvnoticias.com\\\/nuevapagina\\\/index.php\\\/2025\\\/12\\\/31\\\/el-oficial-mayor-de-oaxaca-de-juarez-llama-a-iniciar-el-ano-nuevo-con-unidad-esperanza-y-responsabilidad\\\/#article\",\"isPartOf\":{\"@id\":\"https:\\\/\\\/cvnoticias.com\\\/nuevapagina\\\/index.php\\\/2025\\\/12\\\/31\\\/el-oficial-mayor-de-oaxaca-de-juarez-llama-a-iniciar-el-ano-nuevo-con-unidad-esperanza-y-responsabilidad\\\/\"},\"author\":{\"name\":\"CvNoticias\",\"@id\":\"https:\\\/\\\/cvnoticias.com\\\/nuevapagina\\\/#\\\/schema\\\/person\\\/19e35f246421a31486be7321065f7463\"},\"headline\":\"El Oficial Mayor de Oaxaca de Ju\u00e1rez llama a iniciar el A\u00f1o Nuevo con unidad, esperanza y responsabilidad\",\"datePublished\":\"2025-12-31T21:33:06+00:00\",\"dateModified\":\"2025-12-31T21:33:07+00:00\",\"mainEntityOfPage\":{\"@id\":\"https:\\\/\\\/cvnoticias.com\\\/nuevapagina\\\/index.php\\\/2025\\\/12\\\/31\\\/el-oficial-mayor-de-oaxaca-de-juarez-llama-a-iniciar-el-ano-nuevo-con-unidad-esperanza-y-responsabilidad\\\/\"},\"wordCount\":246,\"commentCount\":0,\"publisher\":{\"@id\":\"https:\\\/\\\/cvnoticias.com\\\/nuevapagina\\\/#organization\"},\"image\":{\"@id\":\"https:\\\/\\\/cvnoticias.com\\\/nuevapagina\\\/index.php\\\/2025\\\/12\\\/31\\\/el-oficial-mayor-de-oaxaca-de-juarez-llama-a-iniciar-el-ano-nuevo-con-unidad-esperanza-y-responsabilidad\\\/#primaryimage\"},\"thumbnailUrl\":\"https:\\\/\\\/cvnoticias.com\\\/nuevapagina\\\/wp-content\\\/uploads\\\/2025\\\/12\\\/WhatsApp-Image-2025-12-31-at-3.30.30-PM.jpeg\",\"articleSection\":[\"Comunicados\"],\"inLanguage\":\"es\",\"potentialAction\":[{\"@type\":\"CommentAction\",\"name\":\"Comment\",\"target\":[\"https:\\\/\\\/cvnoticias.com\\\/nuevapagina\\\/index.php\\\/2025\\\/12\\\/31\\\/el-oficial-mayor-de-oaxaca-de-juarez-llama-a-iniciar-el-ano-nuevo-con-unidad-esperanza-y-responsabilidad\\\/#respond\"]}]},{\"@type\":\"WebPage\",\"@id\":\"https:\\\/\\\/cvnoticias.com\\\/nuevapagina\\\/index.php\\\/2025\\\/12\\\/31\\\/el-oficial-mayor-de-oaxaca-de-juarez-llama-a-iniciar-el-ano-nuevo-con-unidad-esperanza-y-responsabilidad\\\/\",\"url\":\"https:\\\/\\\/cvnoticias.com\\\/nuevapagina\\\/index.php\\\/2025\\\/12\\\/31\\\/el-oficial-mayor-de-oaxaca-de-juarez-llama-a-iniciar-el-ano-nuevo-con-unidad-esperanza-y-responsabilidad\\\/\",\"name\":\"El Oficial Mayor de Oaxaca de Ju\u00e1rez llama a iniciar el A\u00f1o Nuevo con unidad, esperanza y responsabilidad - CV Noticias\",\"isPartOf\":{\"@id\":\"https:\\\/\\\/cvnoticias.com\\\/nuevapagina\\\/#website\"},\"primaryImageOfPage\":{\"@id\":\"https:\\\/\\\/cvnoticias.com\\\/nuevapagina\\\/index.php\\\/2025\\\/12\\\/31\\\/el-oficial-mayor-de-oaxaca-de-juarez-llama-a-iniciar-el-ano-nuevo-con-unidad-esperanza-y-responsabilidad\\\/#primaryimage\"},\"image\":{\"@id\":\"https:\\\/\\\/cvnoticias.com\\\/nuevapagina\\\/index.php\\\/2025\\\/12\\\/31\\\/el-oficial-mayor-de-oaxaca-de-juarez-llama-a-iniciar-el-ano-nuevo-con-unidad-esperanza-y-responsabilidad\\\/#primaryimage\"},\"thumbnailUrl\":\"https:\\\/\\\/cvnoticias.com\\\/nuevapagina\\\/wp-content\\\/uploads\\\/2025\\\/12\\\/WhatsApp-Image-2025-12-31-at-3.30.30-PM.jpeg\",\"datePublished\":\"2025-12-31T21:33:06+00:00\",\"dateModified\":\"2025-12-31T21:33:07+00:00\",\"breadcrumb\":{\"@id\":\"https:\\\/\\\/cvnoticias.com\\\/nuevapagina\\\/index.php\\\/2025\\\/12\\\/31\\\/el-oficial-mayor-de-oaxaca-de-juarez-llama-a-iniciar-el-ano-nuevo-con-unidad-esperanza-y-responsabilidad\\\/#breadcrumb\"},\"inLanguage\":\"es\",\"potentialAction\":[{\"@type\":\"ReadAction\",\"target\":[\"https:\\\/\\\/cvnoticias.com\\\/nuevapagina\\\/index.php\\\/2025\\\/12\\\/31\\\/el-oficial-mayor-de-oaxaca-de-juarez-llama-a-iniciar-el-ano-nuevo-con-unidad-esperanza-y-responsabilidad\\\/\"]}]},{\"@type\":\"ImageObject\",\"inLanguage\":\"es\",\"@id\":\"https:\\\/\\\/cvnoticias.com\\\/nuevapagina\\\/index.php\\\/2025\\\/12\\\/31\\\/el-oficial-mayor-de-oaxaca-de-juarez-llama-a-iniciar-el-ano-nuevo-con-unidad-esperanza-y-responsabilidad\\\/#primaryimage\",\"url\":\"https:\\\/\\\/cvnoticias.com\\\/nuevapagina\\\/wp-content\\\/uploads\\\/2025\\\/12\\\/WhatsApp-Image-2025-12-31-at-3.30.30-PM.jpeg\",\"contentUrl\":\"https:\\\/\\\/cvnoticias.com\\\/nuevapagina\\\/wp-content\\\/uploads\\\/2025\\\/12\\\/WhatsApp-Image-2025-12-31-at-3.30.30-PM.jpeg\",\"width\":1484,\"height\":1600},{\"@type\":\"BreadcrumbList\",\"@id\":\"https:\\\/\\\/cvnoticias.com\\\/nuevapagina\\\/index.php\\\/2025\\\/12\\\/31\\\/el-oficial-mayor-de-oaxaca-de-juarez-llama-a-iniciar-el-ano-nuevo-con-unidad-esperanza-y-responsabilidad\\\/#breadcrumb\",\"itemListElement\":[{\"@type\":\"ListItem\",\"position\":1,\"name\":\"Portada\",\"item\":\"https:\\\/\\\/cvnoticias.com\\\/nuevapagina\\\/\"},{\"@type\":\"ListItem\",\"position\":2,\"name\":\"El Oficial Mayor de Oaxaca de Ju\u00e1rez llama a iniciar el A\u00f1o Nuevo con unidad, esperanza y responsabilidad\"}]},{\"@type\":\"WebSite\",\"@id\":\"https:\\\/\\\/cvnoticias.com\\\/nuevapagina\\\/#website\",\"url\":\"https:\\\/\\\/cvnoticias.com\\\/nuevapagina\\\/\",\"name\":\"CV Noticias\",\"description\":\"Noticias de Oaxaca\",\"publisher\":{\"@id\":\"https:\\\/\\\/cvnoticias.com\\\/nuevapagina\\\/#organization\"},\"potentialAction\":[{\"@type\":\"SearchAction\",\"target\":{\"@type\":\"EntryPoint\",\"urlTemplate\":\"https:\\\/\\\/cvnoticias.com\\\/nuevapagina\\\/?s={search_term_string}\"},\"query-input\":{\"@type\":\"PropertyValueSpecification\",\"valueRequired\":true,\"valueName\":\"search_term_string\"}}],\"inLanguage\":\"es\"},{\"@type\":\"Organization\",\"@id\":\"https:\\\/\\\/cvnoticias.com\\\/nuevapagina\\\/#organization\",\"name\":\"CV Noticias\",\"url\":\"https:\\\/\\\/cvnoticias.com\\\/nuevapagina\\\/\",\"logo\":{\"@type\":\"ImageObject\",\"inLanguage\":\"es\",\"@id\":\"https:\\\/\\\/cvnoticias.com\\\/nuevapagina\\\/#\\\/schema\\\/logo\\\/image\\\/\",\"url\":\"https:\\\/\\\/cvnoticias.com\\\/nuevapagina\\\/wp-content\\\/uploads\\\/2025\\\/05\\\/cropped-logo-1.png\",\"contentUrl\":\"https:\\\/\\\/cvnoticias.com\\\/nuevapagina\\\/wp-content\\\/uploads\\\/2025\\\/05\\\/cropped-logo-1.png\",\"width\":320,\"height\":118,\"caption\":\"CV Noticias\"},\"image\":{\"@id\":\"https:\\\/\\\/cvnoticias.com\\\/nuevapagina\\\/#\\\/schema\\\/logo\\\/image\\\/\"}},{\"@type\":\"Person\",\"@id\":\"https:\\\/\\\/cvnoticias.com\\\/nuevapagina\\\/#\\\/schema\\\/person\\\/19e35f246421a31486be7321065f7463\",\"name\":\"CvNoticias\",\"image\":{\"@type\":\"ImageObject\",\"inLanguage\":\"es\",\"@id\":\"https:\\\/\\\/secure.gravatar.com\\\/avatar\\\/c3a4375d38fd8f9b34ac9e853cb706a079817c78f9a39e33b16a2b2b2e51688a?s=96&d=mm&r=g\",\"url\":\"https:\\\/\\\/secure.gravatar.com\\\/avatar\\\/c3a4375d38fd8f9b34ac9e853cb706a079817c78f9a39e33b16a2b2b2e51688a?s=96&d=mm&r=g\",\"contentUrl\":\"https:\\\/\\\/secure.gravatar.com\\\/avatar\\\/c3a4375d38fd8f9b34ac9e853cb706a079817c78f9a39e33b16a2b2b2e51688a?s=96&d=mm&r=g\",\"caption\":\"CvNoticias\"},\"url\":\"https:\\\/\\\/cvnoticias.com\\\/nuevapagina\\\/index.php\\\/author\\\/gesner\\\/\"}]}<\/script>\n<!-- \/ Yoast SEO plugin. -->","yoast_head_json":{"title":"El Oficial Mayor de Oaxaca de Ju\u00e1rez llama a iniciar el A\u00f1o Nuevo con unidad, esperanza y responsabilidad - CV Noticias","robots":{"index":"index","follow":"follow","max-snippet":"max-snippet:-1","max-image-preview":"max-image-preview:large","max-video-preview":"max-video-preview:-1"},"canonical":"https:\/\/cvnoticias.com\/nuevapagina\/index.php\/2025\/12\/31\/el-oficial-mayor-de-oaxaca-de-juarez-llama-a-iniciar-el-ano-nuevo-con-unidad-esperanza-y-responsabilidad\/","og_locale":"es_ES","og_type":"article","og_title":"El Oficial Mayor de Oaxaca de Ju\u00e1rez llama a iniciar el A\u00f1o Nuevo con unidad, esperanza y responsabilidad - CV Noticias","og_description":"Oaxaca de Ju\u00e1rez, Oax.\u2014 El Oficial Mayor del Municipio de Oaxaca de Ju\u00e1rez, Jorge Gandarillas...","og_url":"https:\/\/cvnoticias.com\/nuevapagina\/index.php\/2025\/12\/31\/el-oficial-mayor-de-oaxaca-de-juarez-llama-a-iniciar-el-ano-nuevo-con-unidad-esperanza-y-responsabilidad\/","og_site_name":"CV Noticias","article_published_time":"2025-12-31T21:33:06+00:00","article_modified_time":"2025-12-31T21:33:07+00:00","og_image":[{"width":1484,"height":1600,"url":"https:\/\/cvnoticias.com\/nuevapagina\/wp-content\/uploads\/2025\/12\/WhatsApp-Image-2025-12-31-at-3.30.30-PM.jpeg","type":"image\/jpeg"}],"author":"CvNoticias","twitter_card":"summary_large_image","twitter_misc":{"Escrito por":"CvNoticias","Tiempo de lectura":"2 minutos"},"schema":{"@context":"https:\/\/schema.org","@graph":[{"@type":"Article","@id":"https:\/\/cvnoticias.com\/nuevapagina\/index.php\/2025\/12\/31\/el-oficial-mayor-de-oaxaca-de-juarez-llama-a-iniciar-el-ano-nuevo-con-unidad-esperanza-y-responsabilidad\/#article","isPartOf":{"@id":"https:\/\/cvnoticias.com\/nuevapagina\/index.php\/2025\/12\/31\/el-oficial-mayor-de-oaxaca-de-juarez-llama-a-iniciar-el-ano-nuevo-con-unidad-esperanza-y-responsabilidad\/"},"author":{"name":"CvNoticias","@id":"https:\/\/cvnoticias.com\/nuevapagina\/#\/schema\/person\/19e35f246421a31486be7321065f7463"},"headline":"El Oficial Mayor de Oaxaca de Ju\u00e1rez llama a iniciar el A\u00f1o Nuevo con unidad, esperanza y responsabilidad","datePublished":"2025-12-31T21:33:06+00:00","dateModified":"2025-12-31T21:33:07+00:00","mainEntityOfPage":{"@id":"https:\/\/cvnoticias.com\/nuevapagina\/index.php\/2025\/12\/31\/el-oficial-mayor-de-oaxaca-de-juarez-llama-a-iniciar-el-ano-nuevo-con-unidad-esperanza-y-responsabilidad\/"},"wordCount":246,"commentCount":0,"publisher":{"@id":"https:\/\/cvnoticias.com\/nuevapagina\/#organization"},"image":{"@id":"https:\/\/cvnoticias.com\/nuevapagina\/index.php\/2025\/12\/31\/el-oficial-mayor-de-oaxaca-de-juarez-llama-a-iniciar-el-ano-nuevo-con-unidad-esperanza-y-responsabilidad\/#primaryimage"},"thumbnailUrl":"https:\/\/cvnoticias.com\/nuevapagina\/wp-content\/uploads\/2025\/12\/WhatsApp-Image-2025-12-31-at-3.30.30-PM.jpeg","articleSection":["Comunicados"],"inLanguage":"es","potentialAction":[{"@type":"CommentAction","name":"Comment","target":["https:\/\/cvnoticias.com\/nuevapagina\/index.php\/2025\/12\/31\/el-oficial-mayor-de-oaxaca-de-juarez-llama-a-iniciar-el-ano-nuevo-con-unidad-esperanza-y-responsabilidad\/#respond"]}]},{"@type":"WebPage","@id":"https:\/\/cvnoticias.com\/nuevapagina\/index.php\/2025\/12\/31\/el-oficial-mayor-de-oaxaca-de-juarez-llama-a-iniciar-el-ano-nuevo-con-unidad-esperanza-y-responsabilidad\/","url":"https:\/\/cvnoticias.com\/nuevapagina\/index.php\/2025\/12\/31\/el-oficial-mayor-de-oaxaca-de-juarez-llama-a-iniciar-el-ano-nuevo-con-unidad-esperanza-y-responsabilidad\/","name":"El Oficial Mayor de Oaxaca de Ju\u00e1rez llama a iniciar el A\u00f1o Nuevo con unidad, esperanza y responsabilidad - CV Noticias","isPartOf":{"@id":"https:\/\/cvnoticias.com\/nuevapagina\/#website"},"primaryImageOfPage":{"@id":"https:\/\/cvnoticias.com\/nuevapagina\/index.php\/2025\/12\/31\/el-oficial-mayor-de-oaxaca-de-juarez-llama-a-iniciar-el-ano-nuevo-con-unidad-esperanza-y-responsabilidad\/#primaryimage"},"image":{"@id":"https:\/\/cvnoticias.com\/nuevapagina\/index.php\/2025\/12\/31\/el-oficial-mayor-de-oaxaca-de-juarez-llama-a-iniciar-el-ano-nuevo-con-unidad-esperanza-y-responsabilidad\/#primaryimage"},"thumbnailUrl":"https:\/\/cvnoticias.com\/nuevapagina\/wp-content\/uploads\/2025\/12\/WhatsApp-Image-2025-12-31-at-3.30.30-PM.jpeg","datePublished":"2025-12-31T21:33:06+00:00","dateModified":"2025-12-31T21:33:07+00:00","breadcrumb":{"@id":"https:\/\/cvnoticias.com\/nuevapagina\/index.php\/2025\/12\/31\/el-oficial-mayor-de-oaxaca-de-juarez-llama-a-iniciar-el-ano-nuevo-con-unidad-esperanza-y-responsabilidad\/#breadcrumb"},"inLanguage":"es","potentialAction":[{"@type":"ReadAction","target":["https:\/\/cvnoticias.com\/nuevapagina\/index.php\/2025\/12\/31\/el-oficial-mayor-de-oaxaca-de-juarez-llama-a-iniciar-el-ano-nuevo-con-unidad-esperanza-y-responsabilidad\/"]}]},{"@type":"ImageObject","inLanguage":"es","@id":"https:\/\/cvnoticias.com\/nuevapagina\/index.php\/2025\/12\/31\/el-oficial-mayor-de-oaxaca-de-juarez-llama-a-iniciar-el-ano-nuevo-con-unidad-esperanza-y-responsabilidad\/#primaryimage","url":"https:\/\/cvnoticias.com\/nuevapagina\/wp-content\/uploads\/2025\/12\/WhatsApp-Image-2025-12-31-at-3.30.30-PM.jpeg","contentUrl":"https:\/\/cvnoticias.com\/nuevapagina\/wp-content\/uploads\/2025\/12\/WhatsApp-Image-2025-12-31-at-3.30.30-PM.jpeg","width":1484,"height":1600},{"@type":"BreadcrumbList","@id":"https:\/\/cvnoticias.com\/nuevapagina\/index.php\/2025\/12\/31\/el-oficial-mayor-de-oaxaca-de-juarez-llama-a-iniciar-el-ano-nuevo-con-unidad-esperanza-y-responsabilidad\/#breadcrumb","itemListElement":[{"@type":"ListItem","position":1,"name":"Portada","item":"https:\/\/cvnoticias.com\/nuevapagina\/"},{"@type":"ListItem","position":2,"name":"El Oficial Mayor de Oaxaca de Ju\u00e1rez llama a iniciar el A\u00f1o Nuevo con unidad, esperanza y responsabilidad"}]},{"@type":"WebSite","@id":"https:\/\/cvnoticias.com\/nuevapagina\/#website","url":"https:\/\/cvnoticias.com\/nuevapagina\/","name":"CV Noticias","description":"Noticias de Oaxaca","publisher":{"@id":"https:\/\/cvnoticias.com\/nuevapagina\/#organization"},"potentialAction":[{"@type":"SearchAction","target":{"@type":"EntryPoint","urlTemplate":"https:\/\/cvnoticias.com\/nuevapagina\/?s={search_term_string}"},"query-input":{"@type":"PropertyValueSpecification","valueRequired":true,"valueName":"search_term_string"}}],"inLanguage":"es"},{"@type":"Organization","@id":"https:\/\/cvnoticias.com\/nuevapagina\/#organization","name":"CV Noticias","url":"https:\/\/cvnoticias.com\/nuevapagina\/","logo":{"@type":"ImageObject","inLanguage":"es","@id":"https:\/\/cvnoticias.com\/nuevapagina\/#\/schema\/logo\/image\/","url":"https:\/\/cvnoticias.com\/nuevapagina\/wp-content\/uploads\/2025\/05\/cropped-logo-1.png","contentUrl":"https:\/\/cvnoticias.com\/nuevapagina\/wp-content\/uploads\/2025\/05\/cropped-logo-1.png","width":320,"height":118,"caption":"CV Noticias"},"image":{"@id":"https:\/\/cvnoticias.com\/nuevapagina\/#\/schema\/logo\/image\/"}},{"@type":"Person","@id":"https:\/\/cvnoticias.com\/nuevapagina\/#\/schema\/person\/19e35f246421a31486be7321065f7463","name":"CvNoticias","image":{"@type":"ImageObject","inLanguage":"es","@id":"https:\/\/secure.gravatar.com\/avatar\/c3a4375d38fd8f9b34ac9e853cb706a079817c78f9a39e33b16a2b2b2e51688a?s=96&d=mm&r=g","url":"https:\/\/secure.gravatar.com\/avatar\/c3a4375d38fd8f9b34ac9e853cb706a079817c78f9a39e33b16a2b2b2e51688a?s=96&d=mm&r=g","contentUrl":"https:\/\/secure.gravatar.com\/avatar\/c3a4375d38fd8f9b34ac9e853cb706a079817c78f9a39e33b16a2b2b2e51688a?s=96&d=mm&r=g","caption":"CvNoticias"},"url":"https:\/\/cvnoticias.com\/nuevapagina\/index.php\/author\/gesner\/"}]}},"_links":{"self":[{"href":"https:\/\/cvnoticias.com\/nuevapagina\/index.php\/wp-json\/wp\/v2\/posts\/4637","targetHints":{"allow":["GET"]}}],"collection":[{"href":"https:\/\/cvnoticias.com\/nuevapagina\/index.php\/wp-json\/wp\/v2\/posts"}],"about":[{"href":"https:\/\/cvnoticias.com\/nuevapagina\/index.php\/wp-json\/wp\/v2\/types\/post"}],"author":[{"embeddable":true,"href":"https:\/\/cvnoticias.com\/nuevapagina\/index.php\/wp-json\/wp\/v2\/users\/2"}],"replies":[{"embeddable":true,"href":"https:\/\/cvnoticias.com\/nuevapagina\/index.php\/wp-json\/wp\/v2\/comments?post=4637"}],"version-history":[{"count":1,"href":"https:\/\/cvnoticias.com\/nuevapagina\/index.php\/wp-json\/wp\/v2\/posts\/4637\/revisions"}],"predecessor-version":[{"id":4639,"href":"https:\/\/cvnoticias.com\/nuevapagina\/index.php\/wp-json\/wp\/v2\/posts\/4637\/revisions\/4639"}],"wp:featuredmedia":[{"embeddable":true,"href":"https:\/\/cvnoticias.com\/nuevapagina\/index.php\/wp-json\/wp\/v2\/media\/4638"}],"wp:attachment":[{"href":"https:\/\/cvnoticias.com\/nuevapagina\/index.php\/wp-json\/wp\/v2\/media?parent=4637"}],"wp:term":[{"taxonomy":"category","embeddable":true,"href":"https:\/\/cvnoticias.com\/nuevapagina\/index.php\/wp-json\/wp\/v2\/categories?post=4637"},{"taxonomy":"post_tag","embeddable":true,"href":"https:\/\/cvnoticias.com\/nuevapagina\/index.php\/wp-json\/wp\/v2\/tags?post=4637"}],"curies":[{"name":"wp","href":"https:\/\/api.w.org\/{rel}","templated":true}]}}