{"id":4622,"date":"2025-12-29T18:04:25","date_gmt":"2025-12-29T18:04:25","guid":{"rendered":"https:\/\/cvnoticias.com\/nuevapagina\/?p=4622"},"modified":"2025-12-29T18:04:27","modified_gmt":"2025-12-29T18:04:27","slug":"avala-parlamento-local-declarar-el-ano-2026-como-ano-del-bicentenario-del-natalicio-de-margarita-maza-parada-ejemplo-de-dignidad-lealtad-y-servicio-a-la-nacion","status":"publish","type":"post","link":"https:\/\/cvnoticias.com\/nuevapagina\/index.php\/2025\/12\/29\/avala-parlamento-local-declarar-el-ano-2026-como-ano-del-bicentenario-del-natalicio-de-margarita-maza-parada-ejemplo-de-dignidad-lealtad-y-servicio-a-la-nacion\/","title":{"rendered":"Avala Parlamento local declarar el a\u00f1o 2026 como \u201cA\u00f1o del Bicentenario del Natalicio de Margarita Maza Parada, ejemplo de dignidad, lealtad y servicio a la naci\u00f3n\u201d"},"content":{"rendered":"\n<p><\/p>\n\n\n\n<ul class=\"wp-block-list\">\n<li>La leyenda deber\u00e1 estar inscrita en la documentaci\u00f3n oficial de los tres Poderes del Estado, los \u00d3rganos Aut\u00f3nomos y los 570 municipios<\/li>\n\n\n\n<li>Se busca impulsar acciones educativas, culturales, hist\u00f3ricas y comunitarias que revaloricen el papel de las mujeres oaxaque\u00f1as<\/li>\n<\/ul>\n\n\n\n<p>San Raymundo Jalpan, Oax., a 23 de diciembre de 2025.- La LXVI Legislatura del Congreso del Estado aprob\u00f3 en Sesi\u00f3n Ordinaria, con 37 votos a favor, un dictamen por el que se declara el a\u00f1o 2026 como \u201cA\u00f1o del Bicentenario del Natalicio de Margarita Maza Parada, ejemplo de dignidad, lealtad y servicio a la naci\u00f3n\u201d, con el prop\u00f3sito de rendir homenaje a su vida y legado, as\u00ed como de fortalecer la memoria hist\u00f3rica y la identidad colectiva de Oaxaca.<\/p>\n\n\n\n<p>La iniciativa fue presentada por la diputada Irma Pineda Santiago, integrante del Grupo Parlamentario del Partido del Trabajo (PT), quien destac\u00f3 que esta declaratoria permitir\u00e1 que toda la documentaci\u00f3n oficial de los tres Poderes del Estado, los \u00d3rganos Aut\u00f3nomos y los 570 municipios lleve inscrita la leyenda correspondiente durante el periodo comprendido del 01 de enero al 31 de diciembre del a\u00f1o 2026.<\/p>\n\n\n\n<p>La legisladora subray\u00f3 que las declaratorias anuales contribuyen a preservar la memoria colectiva, fortalecer la identidad hist\u00f3rica y reconocer a figuras cuyas aportaciones han incidido de manera significativa en la vida p\u00fablica, al tiempo de abrir espacios para visibilizar a mujeres hist\u00f3ricas y contempor\u00e1neas que han contribuido al desarrollo cultural, social, pol\u00edtico y econ\u00f3mico de la entidad y del pa\u00eds.<\/p>\n\n\n\n<p>Por su parte, la Comisi\u00f3n Permanente de Culturas y Artes se\u00f1al\u00f3 que la inscripci\u00f3n de esta leyenda en la documentaci\u00f3n oficial constituye un acto de reconocimiento hist\u00f3rico con un alcance pedag\u00f3gico y de memoria p\u00fablica, que fortalece la identidad oaxaque\u00f1a, difunde la contribuci\u00f3n femenina en la construcci\u00f3n del Estado mexicano y reafirma el compromiso institucional con la igualdad sustantiva.<\/p>\n\n\n\n<p>Margarita Maza Parada, nacida en Oaxaca en 1826, es reconocida por la historiograf\u00eda nacional como una figura de entereza moral, solidaridad social y compromiso c\u00edvico. Su actuaci\u00f3n durante los periodos de intervenci\u00f3n extranjera y exilio presidencial la reconocieron como un elemento fundamental del proyecto liberal del siglo XIX.<\/p>\n\n\n\n<p>Como mujer oaxaque\u00f1a, enfrent\u00f3 y super\u00f3 en su tiempo las limitaciones impuestas a su g\u00e9nero mediante un ejercicio constante de valent\u00eda, firmeza y responsabilidad social, convirti\u00e9ndose en un pilar moral y pol\u00edtico de la Rep\u00fablica y en un s\u00edmbolo del papel decisivo que las mujeres han desempe\u00f1ado en la construcci\u00f3n y defensa de la naci\u00f3n.<\/p>\n","protected":false},"excerpt":{"rendered":"<p>San Raymundo Jalpan, Oax., a 23 de diciembre de 2025.- La LXVI Legislatura del Congreso&#8230;<\/p>\n","protected":false},"author":2,"featured_media":4586,"comment_status":"open","ping_status":"closed","sticky":false,"template":"","format":"standard","meta":{"footnotes":""},"categories":[3],"tags":[],"class_list":["post-4622","post","type-post","status-publish","format-standard","has-post-thumbnail","hentry","category-comunicadosdeprensa"],"yoast_head":"<!-- This site is optimized with the Yoast SEO plugin v27.5 - https:\/\/yoast.com\/product\/yoast-seo-wordpress\/ -->\n<title>Avala Parlamento local declarar el a\u00f1o 2026 como \u201cA\u00f1o del Bicentenario del Natalicio de Margarita Maza Parada, ejemplo de dignidad, lealtad y servicio a la naci\u00f3n\u201d - CV Noticias<\/title>\n<meta name=\"robots\" content=\"index, follow, max-snippet:-1, max-image-preview:large, max-video-preview:-1\" \/>\n<link rel=\"canonical\" href=\"https:\/\/cvnoticias.com\/nuevapagina\/index.php\/2025\/12\/29\/avala-parlamento-local-declarar-el-ano-2026-como-ano-del-bicentenario-del-natalicio-de-margarita-maza-parada-ejemplo-de-dignidad-lealtad-y-servicio-a-la-nacion\/\" \/>\n<meta property=\"og:locale\" content=\"es_ES\" \/>\n<meta property=\"og:type\" content=\"article\" \/>\n<meta property=\"og:title\" content=\"Avala Parlamento local declarar el a\u00f1o 2026 como \u201cA\u00f1o del Bicentenario del Natalicio de Margarita Maza Parada, ejemplo de dignidad, lealtad y servicio a la naci\u00f3n\u201d - CV Noticias\" \/>\n<meta property=\"og:description\" content=\"San Raymundo Jalpan, Oax., a 23 de diciembre de 2025.- La LXVI Legislatura del Congreso...\" \/>\n<meta property=\"og:url\" content=\"https:\/\/cvnoticias.com\/nuevapagina\/index.php\/2025\/12\/29\/avala-parlamento-local-declarar-el-ano-2026-como-ano-del-bicentenario-del-natalicio-de-margarita-maza-parada-ejemplo-de-dignidad-lealtad-y-servicio-a-la-nacion\/\" \/>\n<meta property=\"og:site_name\" content=\"CV Noticias\" \/>\n<meta property=\"article:published_time\" content=\"2025-12-29T18:04:25+00:00\" \/>\n<meta property=\"article:modified_time\" content=\"2025-12-29T18:04:27+00:00\" \/>\n<meta property=\"og:image\" content=\"https:\/\/cvnoticias.com\/nuevapagina\/wp-content\/uploads\/2025\/12\/WhatsApp-Image-2025-12-29-at-8.02.02-AM-1.jpeg\" \/>\n\t<meta property=\"og:image:width\" content=\"1600\" \/>\n\t<meta property=\"og:image:height\" content=\"1173\" \/>\n\t<meta property=\"og:image:type\" content=\"image\/jpeg\" \/>\n<meta name=\"author\" content=\"CvNoticias\" \/>\n<meta name=\"twitter:card\" content=\"summary_large_image\" \/>\n<meta name=\"twitter:label1\" content=\"Escrito por\" \/>\n\t<meta name=\"twitter:data1\" content=\"CvNoticias\" \/>\n\t<meta name=\"twitter:label2\" content=\"Tiempo de lectura\" \/>\n\t<meta name=\"twitter:data2\" content=\"3 minutos\" \/>\n<script type=\"application\/ld+json\" class=\"yoast-schema-graph\">{\"@context\":\"https:\\\/\\\/schema.org\",\"@graph\":[{\"@type\":\"Article\",\"@id\":\"https:\\\/\\\/cvnoticias.com\\\/nuevapagina\\\/index.php\\\/2025\\\/12\\\/29\\\/avala-parlamento-local-declarar-el-ano-2026-como-ano-del-bicentenario-del-natalicio-de-margarita-maza-parada-ejemplo-de-dignidad-lealtad-y-servicio-a-la-nacion\\\/#article\",\"isPartOf\":{\"@id\":\"https:\\\/\\\/cvnoticias.com\\\/nuevapagina\\\/index.php\\\/2025\\\/12\\\/29\\\/avala-parlamento-local-declarar-el-ano-2026-como-ano-del-bicentenario-del-natalicio-de-margarita-maza-parada-ejemplo-de-dignidad-lealtad-y-servicio-a-la-nacion\\\/\"},\"author\":{\"name\":\"CvNoticias\",\"@id\":\"https:\\\/\\\/cvnoticias.com\\\/nuevapagina\\\/#\\\/schema\\\/person\\\/19e35f246421a31486be7321065f7463\"},\"headline\":\"Avala Parlamento local declarar el a\u00f1o 2026 como \u201cA\u00f1o del Bicentenario del Natalicio de Margarita Maza Parada, ejemplo de dignidad, lealtad y servicio a la naci\u00f3n\u201d\",\"datePublished\":\"2025-12-29T18:04:25+00:00\",\"dateModified\":\"2025-12-29T18:04:27+00:00\",\"mainEntityOfPage\":{\"@id\":\"https:\\\/\\\/cvnoticias.com\\\/nuevapagina\\\/index.php\\\/2025\\\/12\\\/29\\\/avala-parlamento-local-declarar-el-ano-2026-como-ano-del-bicentenario-del-natalicio-de-margarita-maza-parada-ejemplo-de-dignidad-lealtad-y-servicio-a-la-nacion\\\/\"},\"wordCount\":466,\"commentCount\":0,\"publisher\":{\"@id\":\"https:\\\/\\\/cvnoticias.com\\\/nuevapagina\\\/#organization\"},\"image\":{\"@id\":\"https:\\\/\\\/cvnoticias.com\\\/nuevapagina\\\/index.php\\\/2025\\\/12\\\/29\\\/avala-parlamento-local-declarar-el-ano-2026-como-ano-del-bicentenario-del-natalicio-de-margarita-maza-parada-ejemplo-de-dignidad-lealtad-y-servicio-a-la-nacion\\\/#primaryimage\"},\"thumbnailUrl\":\"https:\\\/\\\/cvnoticias.com\\\/nuevapagina\\\/wp-content\\\/uploads\\\/2025\\\/12\\\/WhatsApp-Image-2025-12-29-at-8.02.02-AM-1.jpeg\",\"articleSection\":[\"Comunicados\"],\"inLanguage\":\"es\",\"potentialAction\":[{\"@type\":\"CommentAction\",\"name\":\"Comment\",\"target\":[\"https:\\\/\\\/cvnoticias.com\\\/nuevapagina\\\/index.php\\\/2025\\\/12\\\/29\\\/avala-parlamento-local-declarar-el-ano-2026-como-ano-del-bicentenario-del-natalicio-de-margarita-maza-parada-ejemplo-de-dignidad-lealtad-y-servicio-a-la-nacion\\\/#respond\"]}]},{\"@type\":\"WebPage\",\"@id\":\"https:\\\/\\\/cvnoticias.com\\\/nuevapagina\\\/index.php\\\/2025\\\/12\\\/29\\\/avala-parlamento-local-declarar-el-ano-2026-como-ano-del-bicentenario-del-natalicio-de-margarita-maza-parada-ejemplo-de-dignidad-lealtad-y-servicio-a-la-nacion\\\/\",\"url\":\"https:\\\/\\\/cvnoticias.com\\\/nuevapagina\\\/index.php\\\/2025\\\/12\\\/29\\\/avala-parlamento-local-declarar-el-ano-2026-como-ano-del-bicentenario-del-natalicio-de-margarita-maza-parada-ejemplo-de-dignidad-lealtad-y-servicio-a-la-nacion\\\/\",\"name\":\"Avala Parlamento local declarar el a\u00f1o 2026 como \u201cA\u00f1o del Bicentenario del Natalicio de Margarita Maza Parada, ejemplo de dignidad, lealtad y servicio a la naci\u00f3n\u201d - CV Noticias\",\"isPartOf\":{\"@id\":\"https:\\\/\\\/cvnoticias.com\\\/nuevapagina\\\/#website\"},\"primaryImageOfPage\":{\"@id\":\"https:\\\/\\\/cvnoticias.com\\\/nuevapagina\\\/index.php\\\/2025\\\/12\\\/29\\\/avala-parlamento-local-declarar-el-ano-2026-como-ano-del-bicentenario-del-natalicio-de-margarita-maza-parada-ejemplo-de-dignidad-lealtad-y-servicio-a-la-nacion\\\/#primaryimage\"},\"image\":{\"@id\":\"https:\\\/\\\/cvnoticias.com\\\/nuevapagina\\\/index.php\\\/2025\\\/12\\\/29\\\/avala-parlamento-local-declarar-el-ano-2026-como-ano-del-bicentenario-del-natalicio-de-margarita-maza-parada-ejemplo-de-dignidad-lealtad-y-servicio-a-la-nacion\\\/#primaryimage\"},\"thumbnailUrl\":\"https:\\\/\\\/cvnoticias.com\\\/nuevapagina\\\/wp-content\\\/uploads\\\/2025\\\/12\\\/WhatsApp-Image-2025-12-29-at-8.02.02-AM-1.jpeg\",\"datePublished\":\"2025-12-29T18:04:25+00:00\",\"dateModified\":\"2025-12-29T18:04:27+00:00\",\"breadcrumb\":{\"@id\":\"https:\\\/\\\/cvnoticias.com\\\/nuevapagina\\\/index.php\\\/2025\\\/12\\\/29\\\/avala-parlamento-local-declarar-el-ano-2026-como-ano-del-bicentenario-del-natalicio-de-margarita-maza-parada-ejemplo-de-dignidad-lealtad-y-servicio-a-la-nacion\\\/#breadcrumb\"},\"inLanguage\":\"es\",\"potentialAction\":[{\"@type\":\"ReadAction\",\"target\":[\"https:\\\/\\\/cvnoticias.com\\\/nuevapagina\\\/index.php\\\/2025\\\/12\\\/29\\\/avala-parlamento-local-declarar-el-ano-2026-como-ano-del-bicentenario-del-natalicio-de-margarita-maza-parada-ejemplo-de-dignidad-lealtad-y-servicio-a-la-nacion\\\/\"]}]},{\"@type\":\"ImageObject\",\"inLanguage\":\"es\",\"@id\":\"https:\\\/\\\/cvnoticias.com\\\/nuevapagina\\\/index.php\\\/2025\\\/12\\\/29\\\/avala-parlamento-local-declarar-el-ano-2026-como-ano-del-bicentenario-del-natalicio-de-margarita-maza-parada-ejemplo-de-dignidad-lealtad-y-servicio-a-la-nacion\\\/#primaryimage\",\"url\":\"https:\\\/\\\/cvnoticias.com\\\/nuevapagina\\\/wp-content\\\/uploads\\\/2025\\\/12\\\/WhatsApp-Image-2025-12-29-at-8.02.02-AM-1.jpeg\",\"contentUrl\":\"https:\\\/\\\/cvnoticias.com\\\/nuevapagina\\\/wp-content\\\/uploads\\\/2025\\\/12\\\/WhatsApp-Image-2025-12-29-at-8.02.02-AM-1.jpeg\",\"width\":1600,\"height\":1173},{\"@type\":\"BreadcrumbList\",\"@id\":\"https:\\\/\\\/cvnoticias.com\\\/nuevapagina\\\/index.php\\\/2025\\\/12\\\/29\\\/avala-parlamento-local-declarar-el-ano-2026-como-ano-del-bicentenario-del-natalicio-de-margarita-maza-parada-ejemplo-de-dignidad-lealtad-y-servicio-a-la-nacion\\\/#breadcrumb\",\"itemListElement\":[{\"@type\":\"ListItem\",\"position\":1,\"name\":\"Portada\",\"item\":\"https:\\\/\\\/cvnoticias.com\\\/nuevapagina\\\/\"},{\"@type\":\"ListItem\",\"position\":2,\"name\":\"Avala Parlamento local declarar el a\u00f1o 2026 como \u201cA\u00f1o del Bicentenario del Natalicio de Margarita Maza Parada, ejemplo de dignidad, lealtad y servicio a la naci\u00f3n\u201d\"}]},{\"@type\":\"WebSite\",\"@id\":\"https:\\\/\\\/cvnoticias.com\\\/nuevapagina\\\/#website\",\"url\":\"https:\\\/\\\/cvnoticias.com\\\/nuevapagina\\\/\",\"name\":\"CV Noticias\",\"description\":\"Noticias de Oaxaca\",\"publisher\":{\"@id\":\"https:\\\/\\\/cvnoticias.com\\\/nuevapagina\\\/#organization\"},\"potentialAction\":[{\"@type\":\"SearchAction\",\"target\":{\"@type\":\"EntryPoint\",\"urlTemplate\":\"https:\\\/\\\/cvnoticias.com\\\/nuevapagina\\\/?s={search_term_string}\"},\"query-input\":{\"@type\":\"PropertyValueSpecification\",\"valueRequired\":true,\"valueName\":\"search_term_string\"}}],\"inLanguage\":\"es\"},{\"@type\":\"Organization\",\"@id\":\"https:\\\/\\\/cvnoticias.com\\\/nuevapagina\\\/#organization\",\"name\":\"CV Noticias\",\"url\":\"https:\\\/\\\/cvnoticias.com\\\/nuevapagina\\\/\",\"logo\":{\"@type\":\"ImageObject\",\"inLanguage\":\"es\",\"@id\":\"https:\\\/\\\/cvnoticias.com\\\/nuevapagina\\\/#\\\/schema\\\/logo\\\/image\\\/\",\"url\":\"https:\\\/\\\/cvnoticias.com\\\/nuevapagina\\\/wp-content\\\/uploads\\\/2025\\\/05\\\/cropped-logo-1.png\",\"contentUrl\":\"https:\\\/\\\/cvnoticias.com\\\/nuevapagina\\\/wp-content\\\/uploads\\\/2025\\\/05\\\/cropped-logo-1.png\",\"width\":320,\"height\":118,\"caption\":\"CV Noticias\"},\"image\":{\"@id\":\"https:\\\/\\\/cvnoticias.com\\\/nuevapagina\\\/#\\\/schema\\\/logo\\\/image\\\/\"}},{\"@type\":\"Person\",\"@id\":\"https:\\\/\\\/cvnoticias.com\\\/nuevapagina\\\/#\\\/schema\\\/person\\\/19e35f246421a31486be7321065f7463\",\"name\":\"CvNoticias\",\"image\":{\"@type\":\"ImageObject\",\"inLanguage\":\"es\",\"@id\":\"https:\\\/\\\/secure.gravatar.com\\\/avatar\\\/c3a4375d38fd8f9b34ac9e853cb706a079817c78f9a39e33b16a2b2b2e51688a?s=96&d=mm&r=g\",\"url\":\"https:\\\/\\\/secure.gravatar.com\\\/avatar\\\/c3a4375d38fd8f9b34ac9e853cb706a079817c78f9a39e33b16a2b2b2e51688a?s=96&d=mm&r=g\",\"contentUrl\":\"https:\\\/\\\/secure.gravatar.com\\\/avatar\\\/c3a4375d38fd8f9b34ac9e853cb706a079817c78f9a39e33b16a2b2b2e51688a?s=96&d=mm&r=g\",\"caption\":\"CvNoticias\"},\"url\":\"https:\\\/\\\/cvnoticias.com\\\/nuevapagina\\\/index.php\\\/author\\\/gesner\\\/\"}]}<\/script>\n<!-- \/ Yoast SEO plugin. -->","yoast_head_json":{"title":"Avala Parlamento local declarar el a\u00f1o 2026 como \u201cA\u00f1o del Bicentenario del Natalicio de Margarita Maza Parada, ejemplo de dignidad, lealtad y servicio a la naci\u00f3n\u201d - CV Noticias","robots":{"index":"index","follow":"follow","max-snippet":"max-snippet:-1","max-image-preview":"max-image-preview:large","max-video-preview":"max-video-preview:-1"},"canonical":"https:\/\/cvnoticias.com\/nuevapagina\/index.php\/2025\/12\/29\/avala-parlamento-local-declarar-el-ano-2026-como-ano-del-bicentenario-del-natalicio-de-margarita-maza-parada-ejemplo-de-dignidad-lealtad-y-servicio-a-la-nacion\/","og_locale":"es_ES","og_type":"article","og_title":"Avala Parlamento local declarar el a\u00f1o 2026 como \u201cA\u00f1o del Bicentenario del Natalicio de Margarita Maza Parada, ejemplo de dignidad, lealtad y servicio a la naci\u00f3n\u201d - CV Noticias","og_description":"San Raymundo Jalpan, Oax., a 23 de diciembre de 2025.- La LXVI Legislatura del Congreso...","og_url":"https:\/\/cvnoticias.com\/nuevapagina\/index.php\/2025\/12\/29\/avala-parlamento-local-declarar-el-ano-2026-como-ano-del-bicentenario-del-natalicio-de-margarita-maza-parada-ejemplo-de-dignidad-lealtad-y-servicio-a-la-nacion\/","og_site_name":"CV Noticias","article_published_time":"2025-12-29T18:04:25+00:00","article_modified_time":"2025-12-29T18:04:27+00:00","og_image":[{"width":1600,"height":1173,"url":"https:\/\/cvnoticias.com\/nuevapagina\/wp-content\/uploads\/2025\/12\/WhatsApp-Image-2025-12-29-at-8.02.02-AM-1.jpeg","type":"image\/jpeg"}],"author":"CvNoticias","twitter_card":"summary_large_image","twitter_misc":{"Escrito por":"CvNoticias","Tiempo de lectura":"3 minutos"},"schema":{"@context":"https:\/\/schema.org","@graph":[{"@type":"Article","@id":"https:\/\/cvnoticias.com\/nuevapagina\/index.php\/2025\/12\/29\/avala-parlamento-local-declarar-el-ano-2026-como-ano-del-bicentenario-del-natalicio-de-margarita-maza-parada-ejemplo-de-dignidad-lealtad-y-servicio-a-la-nacion\/#article","isPartOf":{"@id":"https:\/\/cvnoticias.com\/nuevapagina\/index.php\/2025\/12\/29\/avala-parlamento-local-declarar-el-ano-2026-como-ano-del-bicentenario-del-natalicio-de-margarita-maza-parada-ejemplo-de-dignidad-lealtad-y-servicio-a-la-nacion\/"},"author":{"name":"CvNoticias","@id":"https:\/\/cvnoticias.com\/nuevapagina\/#\/schema\/person\/19e35f246421a31486be7321065f7463"},"headline":"Avala Parlamento local declarar el a\u00f1o 2026 como \u201cA\u00f1o del Bicentenario del Natalicio de Margarita Maza Parada, ejemplo de dignidad, lealtad y servicio a la naci\u00f3n\u201d","datePublished":"2025-12-29T18:04:25+00:00","dateModified":"2025-12-29T18:04:27+00:00","mainEntityOfPage":{"@id":"https:\/\/cvnoticias.com\/nuevapagina\/index.php\/2025\/12\/29\/avala-parlamento-local-declarar-el-ano-2026-como-ano-del-bicentenario-del-natalicio-de-margarita-maza-parada-ejemplo-de-dignidad-lealtad-y-servicio-a-la-nacion\/"},"wordCount":466,"commentCount":0,"publisher":{"@id":"https:\/\/cvnoticias.com\/nuevapagina\/#organization"},"image":{"@id":"https:\/\/cvnoticias.com\/nuevapagina\/index.php\/2025\/12\/29\/avala-parlamento-local-declarar-el-ano-2026-como-ano-del-bicentenario-del-natalicio-de-margarita-maza-parada-ejemplo-de-dignidad-lealtad-y-servicio-a-la-nacion\/#primaryimage"},"thumbnailUrl":"https:\/\/cvnoticias.com\/nuevapagina\/wp-content\/uploads\/2025\/12\/WhatsApp-Image-2025-12-29-at-8.02.02-AM-1.jpeg","articleSection":["Comunicados"],"inLanguage":"es","potentialAction":[{"@type":"CommentAction","name":"Comment","target":["https:\/\/cvnoticias.com\/nuevapagina\/index.php\/2025\/12\/29\/avala-parlamento-local-declarar-el-ano-2026-como-ano-del-bicentenario-del-natalicio-de-margarita-maza-parada-ejemplo-de-dignidad-lealtad-y-servicio-a-la-nacion\/#respond"]}]},{"@type":"WebPage","@id":"https:\/\/cvnoticias.com\/nuevapagina\/index.php\/2025\/12\/29\/avala-parlamento-local-declarar-el-ano-2026-como-ano-del-bicentenario-del-natalicio-de-margarita-maza-parada-ejemplo-de-dignidad-lealtad-y-servicio-a-la-nacion\/","url":"https:\/\/cvnoticias.com\/nuevapagina\/index.php\/2025\/12\/29\/avala-parlamento-local-declarar-el-ano-2026-como-ano-del-bicentenario-del-natalicio-de-margarita-maza-parada-ejemplo-de-dignidad-lealtad-y-servicio-a-la-nacion\/","name":"Avala Parlamento local declarar el a\u00f1o 2026 como \u201cA\u00f1o del Bicentenario del Natalicio de Margarita Maza Parada, ejemplo de dignidad, lealtad y servicio a la naci\u00f3n\u201d - CV Noticias","isPartOf":{"@id":"https:\/\/cvnoticias.com\/nuevapagina\/#website"},"primaryImageOfPage":{"@id":"https:\/\/cvnoticias.com\/nuevapagina\/index.php\/2025\/12\/29\/avala-parlamento-local-declarar-el-ano-2026-como-ano-del-bicentenario-del-natalicio-de-margarita-maza-parada-ejemplo-de-dignidad-lealtad-y-servicio-a-la-nacion\/#primaryimage"},"image":{"@id":"https:\/\/cvnoticias.com\/nuevapagina\/index.php\/2025\/12\/29\/avala-parlamento-local-declarar-el-ano-2026-como-ano-del-bicentenario-del-natalicio-de-margarita-maza-parada-ejemplo-de-dignidad-lealtad-y-servicio-a-la-nacion\/#primaryimage"},"thumbnailUrl":"https:\/\/cvnoticias.com\/nuevapagina\/wp-content\/uploads\/2025\/12\/WhatsApp-Image-2025-12-29-at-8.02.02-AM-1.jpeg","datePublished":"2025-12-29T18:04:25+00:00","dateModified":"2025-12-29T18:04:27+00:00","breadcrumb":{"@id":"https:\/\/cvnoticias.com\/nuevapagina\/index.php\/2025\/12\/29\/avala-parlamento-local-declarar-el-ano-2026-como-ano-del-bicentenario-del-natalicio-de-margarita-maza-parada-ejemplo-de-dignidad-lealtad-y-servicio-a-la-nacion\/#breadcrumb"},"inLanguage":"es","potentialAction":[{"@type":"ReadAction","target":["https:\/\/cvnoticias.com\/nuevapagina\/index.php\/2025\/12\/29\/avala-parlamento-local-declarar-el-ano-2026-como-ano-del-bicentenario-del-natalicio-de-margarita-maza-parada-ejemplo-de-dignidad-lealtad-y-servicio-a-la-nacion\/"]}]},{"@type":"ImageObject","inLanguage":"es","@id":"https:\/\/cvnoticias.com\/nuevapagina\/index.php\/2025\/12\/29\/avala-parlamento-local-declarar-el-ano-2026-como-ano-del-bicentenario-del-natalicio-de-margarita-maza-parada-ejemplo-de-dignidad-lealtad-y-servicio-a-la-nacion\/#primaryimage","url":"https:\/\/cvnoticias.com\/nuevapagina\/wp-content\/uploads\/2025\/12\/WhatsApp-Image-2025-12-29-at-8.02.02-AM-1.jpeg","contentUrl":"https:\/\/cvnoticias.com\/nuevapagina\/wp-content\/uploads\/2025\/12\/WhatsApp-Image-2025-12-29-at-8.02.02-AM-1.jpeg","width":1600,"height":1173},{"@type":"BreadcrumbList","@id":"https:\/\/cvnoticias.com\/nuevapagina\/index.php\/2025\/12\/29\/avala-parlamento-local-declarar-el-ano-2026-como-ano-del-bicentenario-del-natalicio-de-margarita-maza-parada-ejemplo-de-dignidad-lealtad-y-servicio-a-la-nacion\/#breadcrumb","itemListElement":[{"@type":"ListItem","position":1,"name":"Portada","item":"https:\/\/cvnoticias.com\/nuevapagina\/"},{"@type":"ListItem","position":2,"name":"Avala Parlamento local declarar el a\u00f1o 2026 como \u201cA\u00f1o del Bicentenario del Natalicio de Margarita Maza Parada, ejemplo de dignidad, lealtad y servicio a la naci\u00f3n\u201d"}]},{"@type":"WebSite","@id":"https:\/\/cvnoticias.com\/nuevapagina\/#website","url":"https:\/\/cvnoticias.com\/nuevapagina\/","name":"CV Noticias","description":"Noticias de Oaxaca","publisher":{"@id":"https:\/\/cvnoticias.com\/nuevapagina\/#organization"},"potentialAction":[{"@type":"SearchAction","target":{"@type":"EntryPoint","urlTemplate":"https:\/\/cvnoticias.com\/nuevapagina\/?s={search_term_string}"},"query-input":{"@type":"PropertyValueSpecification","valueRequired":true,"valueName":"search_term_string"}}],"inLanguage":"es"},{"@type":"Organization","@id":"https:\/\/cvnoticias.com\/nuevapagina\/#organization","name":"CV Noticias","url":"https:\/\/cvnoticias.com\/nuevapagina\/","logo":{"@type":"ImageObject","inLanguage":"es","@id":"https:\/\/cvnoticias.com\/nuevapagina\/#\/schema\/logo\/image\/","url":"https:\/\/cvnoticias.com\/nuevapagina\/wp-content\/uploads\/2025\/05\/cropped-logo-1.png","contentUrl":"https:\/\/cvnoticias.com\/nuevapagina\/wp-content\/uploads\/2025\/05\/cropped-logo-1.png","width":320,"height":118,"caption":"CV Noticias"},"image":{"@id":"https:\/\/cvnoticias.com\/nuevapagina\/#\/schema\/logo\/image\/"}},{"@type":"Person","@id":"https:\/\/cvnoticias.com\/nuevapagina\/#\/schema\/person\/19e35f246421a31486be7321065f7463","name":"CvNoticias","image":{"@type":"ImageObject","inLanguage":"es","@id":"https:\/\/secure.gravatar.com\/avatar\/c3a4375d38fd8f9b34ac9e853cb706a079817c78f9a39e33b16a2b2b2e51688a?s=96&d=mm&r=g","url":"https:\/\/secure.gravatar.com\/avatar\/c3a4375d38fd8f9b34ac9e853cb706a079817c78f9a39e33b16a2b2b2e51688a?s=96&d=mm&r=g","contentUrl":"https:\/\/secure.gravatar.com\/avatar\/c3a4375d38fd8f9b34ac9e853cb706a079817c78f9a39e33b16a2b2b2e51688a?s=96&d=mm&r=g","caption":"CvNoticias"},"url":"https:\/\/cvnoticias.com\/nuevapagina\/index.php\/author\/gesner\/"}]}},"_links":{"self":[{"href":"https:\/\/cvnoticias.com\/nuevapagina\/index.php\/wp-json\/wp\/v2\/posts\/4622","targetHints":{"allow":["GET"]}}],"collection":[{"href":"https:\/\/cvnoticias.com\/nuevapagina\/index.php\/wp-json\/wp\/v2\/posts"}],"about":[{"href":"https:\/\/cvnoticias.com\/nuevapagina\/index.php\/wp-json\/wp\/v2\/types\/post"}],"author":[{"embeddable":true,"href":"https:\/\/cvnoticias.com\/nuevapagina\/index.php\/wp-json\/wp\/v2\/users\/2"}],"replies":[{"embeddable":true,"href":"https:\/\/cvnoticias.com\/nuevapagina\/index.php\/wp-json\/wp\/v2\/comments?post=4622"}],"version-history":[{"count":1,"href":"https:\/\/cvnoticias.com\/nuevapagina\/index.php\/wp-json\/wp\/v2\/posts\/4622\/revisions"}],"predecessor-version":[{"id":4623,"href":"https:\/\/cvnoticias.com\/nuevapagina\/index.php\/wp-json\/wp\/v2\/posts\/4622\/revisions\/4623"}],"wp:featuredmedia":[{"embeddable":true,"href":"https:\/\/cvnoticias.com\/nuevapagina\/index.php\/wp-json\/wp\/v2\/media\/4586"}],"wp:attachment":[{"href":"https:\/\/cvnoticias.com\/nuevapagina\/index.php\/wp-json\/wp\/v2\/media?parent=4622"}],"wp:term":[{"taxonomy":"category","embeddable":true,"href":"https:\/\/cvnoticias.com\/nuevapagina\/index.php\/wp-json\/wp\/v2\/categories?post=4622"},{"taxonomy":"post_tag","embeddable":true,"href":"https:\/\/cvnoticias.com\/nuevapagina\/index.php\/wp-json\/wp\/v2\/tags?post=4622"}],"curies":[{"name":"wp","href":"https:\/\/api.w.org\/{rel}","templated":true}]}}