{"id":4562,"date":"2025-12-23T19:52:01","date_gmt":"2025-12-23T19:52:01","guid":{"rendered":"https:\/\/cvnoticias.com\/nuevapagina\/?p=4562"},"modified":"2025-12-23T19:52:03","modified_gmt":"2025-12-23T19:52:03","slug":"se-consolida-cecyte-oaxaca-como-un-subsistema-educativo-de-vanguardia-blanca-martinez","status":"publish","type":"post","link":"https:\/\/cvnoticias.com\/nuevapagina\/index.php\/2025\/12\/23\/se-consolida-cecyte-oaxaca-como-un-subsistema-educativo-de-vanguardia-blanca-martinez\/","title":{"rendered":"Se consolida CECyTE Oaxaca como un subsistema educativo de vanguardia: Blanca Mart\u00ednez"},"content":{"rendered":"\n<p><\/p>\n\n\n\n<p>J\u00f3venes oaxaque\u00f1os estudiantes del CECyTE Oaxaca del brillan en deportes, cultura y ciencia durante el 2025<\/p>\n\n\n\n<p>Oaxaca de Ju\u00e1rez, Oax. 23 de diciembre de 2025. El Colegio de Estudios Cient\u00edficos y Tecnol\u00f3gicos del Estado de Oaxaca, se consolid\u00f3 en este a\u00f1o 2025 como un subsistema educativo de vanguardia, impulsando acciones que fortalecen la calidad educativa, la permanencia escolar y la formaci\u00f3n integral de las juventudes oaxaque\u00f1as.<\/p>\n\n\n\n<p>La Directora General del CECyTE Oaxaca, Blanca Mart\u00ednez, destac\u00f3 que, gracias al acompa\u00f1amiento del Gobernador Salom\u00f3n Jara Cruz y a las pol\u00edticas educativas de la administraci\u00f3n estatal, se han logrado avances significativos mediante el trabajo coordinado entre autoridades, docentes, personal administrativo y estudiantes.<\/p>\n\n\n\n<p>Como parte de su liderazgo nacional, Oaxaca fue sede de la Segunda Reuni\u00f3n Nacional de Directores Generales de los CECyTEs, y se convirti\u00f3 en el primer subsistema educativo del estado en realizar las elecciones Xaique, eligiendo a 106 l\u00edderes estudiantiles, promoviendo valores democr\u00e1ticos y participaci\u00f3n c\u00edvica.<\/p>\n\n\n\n<p>En el \u00e1mbito deportivo y cultural, el CECyTE Oaxaca obtuvo 15 medallas en el XXI Encuentro Nacional de CECyTEs, as\u00ed como el primer lugar nacional en bandas de guerra y poes\u00eda en el XXVII Festival Nacional de Arte y Cultura. Adem\u00e1s, se coron\u00f3 campe\u00f3n nacional por segundo a\u00f1o consecutivo en el Concurso Nacional CECyTE Chef.<\/p>\n\n\n\n<p>Gracias al apoyo estatal, se realizaron trabajos de mantenimiento en 21 planteles y centros EMSaD, con una inversi\u00f3n superior a 5.9 millones de pesos, mejorando las condiciones educativas. Asimismo, la matr\u00edcula creci\u00f3 de 16,620 estudiantes en 2020 a 17,334 en 2025, y 2,009 egresadas y egresados lograron su titulaci\u00f3n como t\u00e9cnicos especializados.<br>Con estas acciones, el CECyTE Oaxaca reafirma su compromiso con una educaci\u00f3n media superior p\u00fablica de calidad, posicion\u00e1ndose como un subsistema estrat\u00e9gico para el desarrollo social y educativo del estado.<\/p>\n\n\n\n<p><\/p>\n","protected":false},"excerpt":{"rendered":"<p>J\u00f3venes oaxaque\u00f1os estudiantes del CECyTE Oaxaca del brillan en deportes, cultura y ciencia durante el&#8230;<\/p>\n","protected":false},"author":2,"featured_media":4563,"comment_status":"open","ping_status":"closed","sticky":false,"template":"","format":"standard","meta":{"footnotes":""},"categories":[3],"tags":[],"class_list":["post-4562","post","type-post","status-publish","format-standard","has-post-thumbnail","hentry","category-comunicadosdeprensa"],"yoast_head":"<!-- This site is optimized with the Yoast SEO plugin v27.5 - https:\/\/yoast.com\/product\/yoast-seo-wordpress\/ -->\n<title>Se consolida CECyTE Oaxaca como un subsistema educativo de vanguardia: Blanca Mart\u00ednez - CV Noticias<\/title>\n<meta name=\"robots\" content=\"index, follow, max-snippet:-1, max-image-preview:large, max-video-preview:-1\" \/>\n<link rel=\"canonical\" href=\"https:\/\/cvnoticias.com\/nuevapagina\/index.php\/2025\/12\/23\/se-consolida-cecyte-oaxaca-como-un-subsistema-educativo-de-vanguardia-blanca-martinez\/\" \/>\n<meta property=\"og:locale\" content=\"es_ES\" \/>\n<meta property=\"og:type\" content=\"article\" \/>\n<meta property=\"og:title\" content=\"Se consolida CECyTE Oaxaca como un subsistema educativo de vanguardia: Blanca Mart\u00ednez - CV Noticias\" \/>\n<meta property=\"og:description\" content=\"J\u00f3venes oaxaque\u00f1os estudiantes del CECyTE Oaxaca del brillan en deportes, cultura y ciencia durante el...\" \/>\n<meta property=\"og:url\" content=\"https:\/\/cvnoticias.com\/nuevapagina\/index.php\/2025\/12\/23\/se-consolida-cecyte-oaxaca-como-un-subsistema-educativo-de-vanguardia-blanca-martinez\/\" \/>\n<meta property=\"og:site_name\" content=\"CV Noticias\" \/>\n<meta property=\"article:published_time\" content=\"2025-12-23T19:52:01+00:00\" \/>\n<meta property=\"article:modified_time\" content=\"2025-12-23T19:52:03+00:00\" \/>\n<meta property=\"og:image\" content=\"https:\/\/cvnoticias.com\/nuevapagina\/wp-content\/uploads\/2025\/12\/98d8cd72-29e7-4b70-8c17-4ea95d05bc6e.jpeg\" \/>\n\t<meta property=\"og:image:width\" content=\"1280\" \/>\n\t<meta property=\"og:image:height\" content=\"853\" \/>\n\t<meta property=\"og:image:type\" content=\"image\/jpeg\" \/>\n<meta name=\"author\" content=\"CvNoticias\" \/>\n<meta name=\"twitter:card\" content=\"summary_large_image\" \/>\n<meta name=\"twitter:label1\" content=\"Escrito por\" \/>\n\t<meta name=\"twitter:data1\" content=\"CvNoticias\" \/>\n\t<meta name=\"twitter:label2\" content=\"Tiempo de lectura\" \/>\n\t<meta name=\"twitter:data2\" content=\"2 minutos\" \/>\n<script type=\"application\/ld+json\" class=\"yoast-schema-graph\">{\"@context\":\"https:\\\/\\\/schema.org\",\"@graph\":[{\"@type\":\"Article\",\"@id\":\"https:\\\/\\\/cvnoticias.com\\\/nuevapagina\\\/index.php\\\/2025\\\/12\\\/23\\\/se-consolida-cecyte-oaxaca-como-un-subsistema-educativo-de-vanguardia-blanca-martinez\\\/#article\",\"isPartOf\":{\"@id\":\"https:\\\/\\\/cvnoticias.com\\\/nuevapagina\\\/index.php\\\/2025\\\/12\\\/23\\\/se-consolida-cecyte-oaxaca-como-un-subsistema-educativo-de-vanguardia-blanca-martinez\\\/\"},\"author\":{\"name\":\"CvNoticias\",\"@id\":\"https:\\\/\\\/cvnoticias.com\\\/nuevapagina\\\/#\\\/schema\\\/person\\\/19e35f246421a31486be7321065f7463\"},\"headline\":\"Se consolida CECyTE Oaxaca como un subsistema educativo de vanguardia: Blanca Mart\u00ednez\",\"datePublished\":\"2025-12-23T19:52:01+00:00\",\"dateModified\":\"2025-12-23T19:52:03+00:00\",\"mainEntityOfPage\":{\"@id\":\"https:\\\/\\\/cvnoticias.com\\\/nuevapagina\\\/index.php\\\/2025\\\/12\\\/23\\\/se-consolida-cecyte-oaxaca-como-un-subsistema-educativo-de-vanguardia-blanca-martinez\\\/\"},\"wordCount\":322,\"commentCount\":0,\"publisher\":{\"@id\":\"https:\\\/\\\/cvnoticias.com\\\/nuevapagina\\\/#organization\"},\"image\":{\"@id\":\"https:\\\/\\\/cvnoticias.com\\\/nuevapagina\\\/index.php\\\/2025\\\/12\\\/23\\\/se-consolida-cecyte-oaxaca-como-un-subsistema-educativo-de-vanguardia-blanca-martinez\\\/#primaryimage\"},\"thumbnailUrl\":\"https:\\\/\\\/cvnoticias.com\\\/nuevapagina\\\/wp-content\\\/uploads\\\/2025\\\/12\\\/98d8cd72-29e7-4b70-8c17-4ea95d05bc6e.jpeg\",\"articleSection\":[\"Comunicados\"],\"inLanguage\":\"es\",\"potentialAction\":[{\"@type\":\"CommentAction\",\"name\":\"Comment\",\"target\":[\"https:\\\/\\\/cvnoticias.com\\\/nuevapagina\\\/index.php\\\/2025\\\/12\\\/23\\\/se-consolida-cecyte-oaxaca-como-un-subsistema-educativo-de-vanguardia-blanca-martinez\\\/#respond\"]}]},{\"@type\":\"WebPage\",\"@id\":\"https:\\\/\\\/cvnoticias.com\\\/nuevapagina\\\/index.php\\\/2025\\\/12\\\/23\\\/se-consolida-cecyte-oaxaca-como-un-subsistema-educativo-de-vanguardia-blanca-martinez\\\/\",\"url\":\"https:\\\/\\\/cvnoticias.com\\\/nuevapagina\\\/index.php\\\/2025\\\/12\\\/23\\\/se-consolida-cecyte-oaxaca-como-un-subsistema-educativo-de-vanguardia-blanca-martinez\\\/\",\"name\":\"Se consolida CECyTE Oaxaca como un subsistema educativo de vanguardia: Blanca Mart\u00ednez - CV Noticias\",\"isPartOf\":{\"@id\":\"https:\\\/\\\/cvnoticias.com\\\/nuevapagina\\\/#website\"},\"primaryImageOfPage\":{\"@id\":\"https:\\\/\\\/cvnoticias.com\\\/nuevapagina\\\/index.php\\\/2025\\\/12\\\/23\\\/se-consolida-cecyte-oaxaca-como-un-subsistema-educativo-de-vanguardia-blanca-martinez\\\/#primaryimage\"},\"image\":{\"@id\":\"https:\\\/\\\/cvnoticias.com\\\/nuevapagina\\\/index.php\\\/2025\\\/12\\\/23\\\/se-consolida-cecyte-oaxaca-como-un-subsistema-educativo-de-vanguardia-blanca-martinez\\\/#primaryimage\"},\"thumbnailUrl\":\"https:\\\/\\\/cvnoticias.com\\\/nuevapagina\\\/wp-content\\\/uploads\\\/2025\\\/12\\\/98d8cd72-29e7-4b70-8c17-4ea95d05bc6e.jpeg\",\"datePublished\":\"2025-12-23T19:52:01+00:00\",\"dateModified\":\"2025-12-23T19:52:03+00:00\",\"breadcrumb\":{\"@id\":\"https:\\\/\\\/cvnoticias.com\\\/nuevapagina\\\/index.php\\\/2025\\\/12\\\/23\\\/se-consolida-cecyte-oaxaca-como-un-subsistema-educativo-de-vanguardia-blanca-martinez\\\/#breadcrumb\"},\"inLanguage\":\"es\",\"potentialAction\":[{\"@type\":\"ReadAction\",\"target\":[\"https:\\\/\\\/cvnoticias.com\\\/nuevapagina\\\/index.php\\\/2025\\\/12\\\/23\\\/se-consolida-cecyte-oaxaca-como-un-subsistema-educativo-de-vanguardia-blanca-martinez\\\/\"]}]},{\"@type\":\"ImageObject\",\"inLanguage\":\"es\",\"@id\":\"https:\\\/\\\/cvnoticias.com\\\/nuevapagina\\\/index.php\\\/2025\\\/12\\\/23\\\/se-consolida-cecyte-oaxaca-como-un-subsistema-educativo-de-vanguardia-blanca-martinez\\\/#primaryimage\",\"url\":\"https:\\\/\\\/cvnoticias.com\\\/nuevapagina\\\/wp-content\\\/uploads\\\/2025\\\/12\\\/98d8cd72-29e7-4b70-8c17-4ea95d05bc6e.jpeg\",\"contentUrl\":\"https:\\\/\\\/cvnoticias.com\\\/nuevapagina\\\/wp-content\\\/uploads\\\/2025\\\/12\\\/98d8cd72-29e7-4b70-8c17-4ea95d05bc6e.jpeg\",\"width\":1280,\"height\":853},{\"@type\":\"BreadcrumbList\",\"@id\":\"https:\\\/\\\/cvnoticias.com\\\/nuevapagina\\\/index.php\\\/2025\\\/12\\\/23\\\/se-consolida-cecyte-oaxaca-como-un-subsistema-educativo-de-vanguardia-blanca-martinez\\\/#breadcrumb\",\"itemListElement\":[{\"@type\":\"ListItem\",\"position\":1,\"name\":\"Portada\",\"item\":\"https:\\\/\\\/cvnoticias.com\\\/nuevapagina\\\/\"},{\"@type\":\"ListItem\",\"position\":2,\"name\":\"Se consolida CECyTE Oaxaca como un subsistema educativo de vanguardia: Blanca Mart\u00ednez\"}]},{\"@type\":\"WebSite\",\"@id\":\"https:\\\/\\\/cvnoticias.com\\\/nuevapagina\\\/#website\",\"url\":\"https:\\\/\\\/cvnoticias.com\\\/nuevapagina\\\/\",\"name\":\"CV Noticias\",\"description\":\"Noticias de Oaxaca\",\"publisher\":{\"@id\":\"https:\\\/\\\/cvnoticias.com\\\/nuevapagina\\\/#organization\"},\"potentialAction\":[{\"@type\":\"SearchAction\",\"target\":{\"@type\":\"EntryPoint\",\"urlTemplate\":\"https:\\\/\\\/cvnoticias.com\\\/nuevapagina\\\/?s={search_term_string}\"},\"query-input\":{\"@type\":\"PropertyValueSpecification\",\"valueRequired\":true,\"valueName\":\"search_term_string\"}}],\"inLanguage\":\"es\"},{\"@type\":\"Organization\",\"@id\":\"https:\\\/\\\/cvnoticias.com\\\/nuevapagina\\\/#organization\",\"name\":\"CV Noticias\",\"url\":\"https:\\\/\\\/cvnoticias.com\\\/nuevapagina\\\/\",\"logo\":{\"@type\":\"ImageObject\",\"inLanguage\":\"es\",\"@id\":\"https:\\\/\\\/cvnoticias.com\\\/nuevapagina\\\/#\\\/schema\\\/logo\\\/image\\\/\",\"url\":\"https:\\\/\\\/cvnoticias.com\\\/nuevapagina\\\/wp-content\\\/uploads\\\/2025\\\/05\\\/cropped-logo-1.png\",\"contentUrl\":\"https:\\\/\\\/cvnoticias.com\\\/nuevapagina\\\/wp-content\\\/uploads\\\/2025\\\/05\\\/cropped-logo-1.png\",\"width\":320,\"height\":118,\"caption\":\"CV Noticias\"},\"image\":{\"@id\":\"https:\\\/\\\/cvnoticias.com\\\/nuevapagina\\\/#\\\/schema\\\/logo\\\/image\\\/\"}},{\"@type\":\"Person\",\"@id\":\"https:\\\/\\\/cvnoticias.com\\\/nuevapagina\\\/#\\\/schema\\\/person\\\/19e35f246421a31486be7321065f7463\",\"name\":\"CvNoticias\",\"image\":{\"@type\":\"ImageObject\",\"inLanguage\":\"es\",\"@id\":\"https:\\\/\\\/secure.gravatar.com\\\/avatar\\\/c3a4375d38fd8f9b34ac9e853cb706a079817c78f9a39e33b16a2b2b2e51688a?s=96&d=mm&r=g\",\"url\":\"https:\\\/\\\/secure.gravatar.com\\\/avatar\\\/c3a4375d38fd8f9b34ac9e853cb706a079817c78f9a39e33b16a2b2b2e51688a?s=96&d=mm&r=g\",\"contentUrl\":\"https:\\\/\\\/secure.gravatar.com\\\/avatar\\\/c3a4375d38fd8f9b34ac9e853cb706a079817c78f9a39e33b16a2b2b2e51688a?s=96&d=mm&r=g\",\"caption\":\"CvNoticias\"},\"url\":\"https:\\\/\\\/cvnoticias.com\\\/nuevapagina\\\/index.php\\\/author\\\/gesner\\\/\"}]}<\/script>\n<!-- \/ Yoast SEO plugin. -->","yoast_head_json":{"title":"Se consolida CECyTE Oaxaca como un subsistema educativo de vanguardia: Blanca Mart\u00ednez - CV Noticias","robots":{"index":"index","follow":"follow","max-snippet":"max-snippet:-1","max-image-preview":"max-image-preview:large","max-video-preview":"max-video-preview:-1"},"canonical":"https:\/\/cvnoticias.com\/nuevapagina\/index.php\/2025\/12\/23\/se-consolida-cecyte-oaxaca-como-un-subsistema-educativo-de-vanguardia-blanca-martinez\/","og_locale":"es_ES","og_type":"article","og_title":"Se consolida CECyTE Oaxaca como un subsistema educativo de vanguardia: Blanca Mart\u00ednez - CV Noticias","og_description":"J\u00f3venes oaxaque\u00f1os estudiantes del CECyTE Oaxaca del brillan en deportes, cultura y ciencia durante el...","og_url":"https:\/\/cvnoticias.com\/nuevapagina\/index.php\/2025\/12\/23\/se-consolida-cecyte-oaxaca-como-un-subsistema-educativo-de-vanguardia-blanca-martinez\/","og_site_name":"CV Noticias","article_published_time":"2025-12-23T19:52:01+00:00","article_modified_time":"2025-12-23T19:52:03+00:00","og_image":[{"width":1280,"height":853,"url":"https:\/\/cvnoticias.com\/nuevapagina\/wp-content\/uploads\/2025\/12\/98d8cd72-29e7-4b70-8c17-4ea95d05bc6e.jpeg","type":"image\/jpeg"}],"author":"CvNoticias","twitter_card":"summary_large_image","twitter_misc":{"Escrito por":"CvNoticias","Tiempo de lectura":"2 minutos"},"schema":{"@context":"https:\/\/schema.org","@graph":[{"@type":"Article","@id":"https:\/\/cvnoticias.com\/nuevapagina\/index.php\/2025\/12\/23\/se-consolida-cecyte-oaxaca-como-un-subsistema-educativo-de-vanguardia-blanca-martinez\/#article","isPartOf":{"@id":"https:\/\/cvnoticias.com\/nuevapagina\/index.php\/2025\/12\/23\/se-consolida-cecyte-oaxaca-como-un-subsistema-educativo-de-vanguardia-blanca-martinez\/"},"author":{"name":"CvNoticias","@id":"https:\/\/cvnoticias.com\/nuevapagina\/#\/schema\/person\/19e35f246421a31486be7321065f7463"},"headline":"Se consolida CECyTE Oaxaca como un subsistema educativo de vanguardia: Blanca Mart\u00ednez","datePublished":"2025-12-23T19:52:01+00:00","dateModified":"2025-12-23T19:52:03+00:00","mainEntityOfPage":{"@id":"https:\/\/cvnoticias.com\/nuevapagina\/index.php\/2025\/12\/23\/se-consolida-cecyte-oaxaca-como-un-subsistema-educativo-de-vanguardia-blanca-martinez\/"},"wordCount":322,"commentCount":0,"publisher":{"@id":"https:\/\/cvnoticias.com\/nuevapagina\/#organization"},"image":{"@id":"https:\/\/cvnoticias.com\/nuevapagina\/index.php\/2025\/12\/23\/se-consolida-cecyte-oaxaca-como-un-subsistema-educativo-de-vanguardia-blanca-martinez\/#primaryimage"},"thumbnailUrl":"https:\/\/cvnoticias.com\/nuevapagina\/wp-content\/uploads\/2025\/12\/98d8cd72-29e7-4b70-8c17-4ea95d05bc6e.jpeg","articleSection":["Comunicados"],"inLanguage":"es","potentialAction":[{"@type":"CommentAction","name":"Comment","target":["https:\/\/cvnoticias.com\/nuevapagina\/index.php\/2025\/12\/23\/se-consolida-cecyte-oaxaca-como-un-subsistema-educativo-de-vanguardia-blanca-martinez\/#respond"]}]},{"@type":"WebPage","@id":"https:\/\/cvnoticias.com\/nuevapagina\/index.php\/2025\/12\/23\/se-consolida-cecyte-oaxaca-como-un-subsistema-educativo-de-vanguardia-blanca-martinez\/","url":"https:\/\/cvnoticias.com\/nuevapagina\/index.php\/2025\/12\/23\/se-consolida-cecyte-oaxaca-como-un-subsistema-educativo-de-vanguardia-blanca-martinez\/","name":"Se consolida CECyTE Oaxaca como un subsistema educativo de vanguardia: Blanca Mart\u00ednez - CV Noticias","isPartOf":{"@id":"https:\/\/cvnoticias.com\/nuevapagina\/#website"},"primaryImageOfPage":{"@id":"https:\/\/cvnoticias.com\/nuevapagina\/index.php\/2025\/12\/23\/se-consolida-cecyte-oaxaca-como-un-subsistema-educativo-de-vanguardia-blanca-martinez\/#primaryimage"},"image":{"@id":"https:\/\/cvnoticias.com\/nuevapagina\/index.php\/2025\/12\/23\/se-consolida-cecyte-oaxaca-como-un-subsistema-educativo-de-vanguardia-blanca-martinez\/#primaryimage"},"thumbnailUrl":"https:\/\/cvnoticias.com\/nuevapagina\/wp-content\/uploads\/2025\/12\/98d8cd72-29e7-4b70-8c17-4ea95d05bc6e.jpeg","datePublished":"2025-12-23T19:52:01+00:00","dateModified":"2025-12-23T19:52:03+00:00","breadcrumb":{"@id":"https:\/\/cvnoticias.com\/nuevapagina\/index.php\/2025\/12\/23\/se-consolida-cecyte-oaxaca-como-un-subsistema-educativo-de-vanguardia-blanca-martinez\/#breadcrumb"},"inLanguage":"es","potentialAction":[{"@type":"ReadAction","target":["https:\/\/cvnoticias.com\/nuevapagina\/index.php\/2025\/12\/23\/se-consolida-cecyte-oaxaca-como-un-subsistema-educativo-de-vanguardia-blanca-martinez\/"]}]},{"@type":"ImageObject","inLanguage":"es","@id":"https:\/\/cvnoticias.com\/nuevapagina\/index.php\/2025\/12\/23\/se-consolida-cecyte-oaxaca-como-un-subsistema-educativo-de-vanguardia-blanca-martinez\/#primaryimage","url":"https:\/\/cvnoticias.com\/nuevapagina\/wp-content\/uploads\/2025\/12\/98d8cd72-29e7-4b70-8c17-4ea95d05bc6e.jpeg","contentUrl":"https:\/\/cvnoticias.com\/nuevapagina\/wp-content\/uploads\/2025\/12\/98d8cd72-29e7-4b70-8c17-4ea95d05bc6e.jpeg","width":1280,"height":853},{"@type":"BreadcrumbList","@id":"https:\/\/cvnoticias.com\/nuevapagina\/index.php\/2025\/12\/23\/se-consolida-cecyte-oaxaca-como-un-subsistema-educativo-de-vanguardia-blanca-martinez\/#breadcrumb","itemListElement":[{"@type":"ListItem","position":1,"name":"Portada","item":"https:\/\/cvnoticias.com\/nuevapagina\/"},{"@type":"ListItem","position":2,"name":"Se consolida CECyTE Oaxaca como un subsistema educativo de vanguardia: Blanca Mart\u00ednez"}]},{"@type":"WebSite","@id":"https:\/\/cvnoticias.com\/nuevapagina\/#website","url":"https:\/\/cvnoticias.com\/nuevapagina\/","name":"CV Noticias","description":"Noticias de Oaxaca","publisher":{"@id":"https:\/\/cvnoticias.com\/nuevapagina\/#organization"},"potentialAction":[{"@type":"SearchAction","target":{"@type":"EntryPoint","urlTemplate":"https:\/\/cvnoticias.com\/nuevapagina\/?s={search_term_string}"},"query-input":{"@type":"PropertyValueSpecification","valueRequired":true,"valueName":"search_term_string"}}],"inLanguage":"es"},{"@type":"Organization","@id":"https:\/\/cvnoticias.com\/nuevapagina\/#organization","name":"CV Noticias","url":"https:\/\/cvnoticias.com\/nuevapagina\/","logo":{"@type":"ImageObject","inLanguage":"es","@id":"https:\/\/cvnoticias.com\/nuevapagina\/#\/schema\/logo\/image\/","url":"https:\/\/cvnoticias.com\/nuevapagina\/wp-content\/uploads\/2025\/05\/cropped-logo-1.png","contentUrl":"https:\/\/cvnoticias.com\/nuevapagina\/wp-content\/uploads\/2025\/05\/cropped-logo-1.png","width":320,"height":118,"caption":"CV Noticias"},"image":{"@id":"https:\/\/cvnoticias.com\/nuevapagina\/#\/schema\/logo\/image\/"}},{"@type":"Person","@id":"https:\/\/cvnoticias.com\/nuevapagina\/#\/schema\/person\/19e35f246421a31486be7321065f7463","name":"CvNoticias","image":{"@type":"ImageObject","inLanguage":"es","@id":"https:\/\/secure.gravatar.com\/avatar\/c3a4375d38fd8f9b34ac9e853cb706a079817c78f9a39e33b16a2b2b2e51688a?s=96&d=mm&r=g","url":"https:\/\/secure.gravatar.com\/avatar\/c3a4375d38fd8f9b34ac9e853cb706a079817c78f9a39e33b16a2b2b2e51688a?s=96&d=mm&r=g","contentUrl":"https:\/\/secure.gravatar.com\/avatar\/c3a4375d38fd8f9b34ac9e853cb706a079817c78f9a39e33b16a2b2b2e51688a?s=96&d=mm&r=g","caption":"CvNoticias"},"url":"https:\/\/cvnoticias.com\/nuevapagina\/index.php\/author\/gesner\/"}]}},"_links":{"self":[{"href":"https:\/\/cvnoticias.com\/nuevapagina\/index.php\/wp-json\/wp\/v2\/posts\/4562","targetHints":{"allow":["GET"]}}],"collection":[{"href":"https:\/\/cvnoticias.com\/nuevapagina\/index.php\/wp-json\/wp\/v2\/posts"}],"about":[{"href":"https:\/\/cvnoticias.com\/nuevapagina\/index.php\/wp-json\/wp\/v2\/types\/post"}],"author":[{"embeddable":true,"href":"https:\/\/cvnoticias.com\/nuevapagina\/index.php\/wp-json\/wp\/v2\/users\/2"}],"replies":[{"embeddable":true,"href":"https:\/\/cvnoticias.com\/nuevapagina\/index.php\/wp-json\/wp\/v2\/comments?post=4562"}],"version-history":[{"count":1,"href":"https:\/\/cvnoticias.com\/nuevapagina\/index.php\/wp-json\/wp\/v2\/posts\/4562\/revisions"}],"predecessor-version":[{"id":4564,"href":"https:\/\/cvnoticias.com\/nuevapagina\/index.php\/wp-json\/wp\/v2\/posts\/4562\/revisions\/4564"}],"wp:featuredmedia":[{"embeddable":true,"href":"https:\/\/cvnoticias.com\/nuevapagina\/index.php\/wp-json\/wp\/v2\/media\/4563"}],"wp:attachment":[{"href":"https:\/\/cvnoticias.com\/nuevapagina\/index.php\/wp-json\/wp\/v2\/media?parent=4562"}],"wp:term":[{"taxonomy":"category","embeddable":true,"href":"https:\/\/cvnoticias.com\/nuevapagina\/index.php\/wp-json\/wp\/v2\/categories?post=4562"},{"taxonomy":"post_tag","embeddable":true,"href":"https:\/\/cvnoticias.com\/nuevapagina\/index.php\/wp-json\/wp\/v2\/tags?post=4562"}],"curies":[{"name":"wp","href":"https:\/\/api.w.org\/{rel}","templated":true}]}}