{"id":4560,"date":"2025-12-23T14:05:24","date_gmt":"2025-12-23T14:05:24","guid":{"rendered":"https:\/\/cvnoticias.com\/nuevapagina\/?p=4560"},"modified":"2025-12-23T14:05:25","modified_gmt":"2025-12-23T14:05:25","slug":"invitan-a-disfrutar-la-edicion-128-de-la-noche-de-rabanos-2025-en-el-marco-de-una-ciudad-limpia-y-segura","status":"publish","type":"post","link":"https:\/\/cvnoticias.com\/nuevapagina\/index.php\/2025\/12\/23\/invitan-a-disfrutar-la-edicion-128-de-la-noche-de-rabanos-2025-en-el-marco-de-una-ciudad-limpia-y-segura\/","title":{"rendered":"Invitan a disfrutar la Edici\u00f3n 128 de la Noche de R\u00e1banos 2025, en el marco de una Ciudad Limpia y Segura"},"content":{"rendered":"\n<p><\/p>\n\n\n\n<ul class=\"wp-block-list\">\n<li>Por instrucci\u00f3n del presidente municipal Ray Chagoya, la tradici\u00f3n se vive con orden, seguridad y participaci\u00f3n<\/li>\n<\/ul>\n\n\n\n<p>Oaxaca de Ju\u00e1rez, Oax. 22 de diciembre de 2025.\u2013 En el marco de la estrategia Ciudad Limpia y Segura, y por instrucci\u00f3n del presidente municipal Ray Chagoya, el Ayuntamiento de Oaxaca de Ju\u00e1rez invita a vecinas, vecinos y visitantes a ser parte de la Edici\u00f3n 128 de la Noche de R\u00e1banos 2025, una de las tradiciones m\u00e1s emblem\u00e1ticas y \u00fanicas de M\u00e9xico.<\/p>\n\n\n\n<p>La celebraci\u00f3n se llevar\u00e1 a cabo este martes 23 de diciembre, a partir de las 15:00 horas, en el Z\u00f3calo de la ciudad, donde se concentrar\u00e1 el talento y la creatividad de 137 participantes, entre artesanas, artesanos, hortelanas y hortelanos, quienes dar\u00e1n vida a esta tradici\u00f3n con obras que reflejan la identidad, imaginaci\u00f3n y arraigo cultural de Oaxaca.<\/p>\n\n\n\n<p>En esta edici\u00f3n, la Noche de R\u00e1banos contar\u00e1 con la participaci\u00f3n de trabajos elaborados en figuras de r\u00e1banos, flor inmortal y totomoxtle, expresiones que, desde distintas categor\u00edas y estilos, muestran tanto las tradiciones y costumbres de las regiones del estado como propuestas de creaci\u00f3n libre y contempor\u00e1nea. Asimismo, se fomenta la participaci\u00f3n de ni\u00f1as, ni\u00f1os, j\u00f3venes y personas adultas, fortaleciendo el car\u00e1cter incluyente y familiar de esta celebraci\u00f3n con 128 a\u00f1os de historia.<\/p>\n\n\n\n<p>Este evento tradicional no solo impulsa la creatividad popular, sino que tambi\u00e9n fortalece la identidad cultural y el atractivo tur\u00edstico de Oaxaca de Ju\u00e1rez, consolid\u00e1ndose como un punto de encuentro que une generaciones y enriquece la vida comunitaria durante la temporada decembrina.<\/p>\n\n\n\n<p>La Noche de R\u00e1banos 2025 se desarrollar\u00e1 en un entorno ordenado, limpio y seguro, como parte de las acciones permanentes del Gobierno Municipal para garantizar espacios p\u00fablicos dignos, accesibles y seguros, donde las familias puedan convivir y disfrutar con tranquilidad de nuestras tradiciones.<\/p>\n\n\n\n<p>El Ayuntamiento de Oaxaca de Ju\u00e1rez invita a todas y todos a vivir esta celebraci\u00f3n que reafirma por qu\u00e9 Oaxaca es tierra orgullosa de sus ra\u00edces y el coraz\u00f3n cultural de M\u00e9xico, y que demuestra que cuando hay organizaci\u00f3n, participaci\u00f3n y cuidado del espacio p\u00fablico, las tradiciones se fortalecen.<\/p>\n\n\n\n<figure class=\"wp-block-image size-large\"><img loading=\"lazy\" decoding=\"async\" width=\"682\" height=\"1024\" src=\"https:\/\/cvnoticias.com\/nuevapagina\/wp-content\/uploads\/2025\/12\/WhatsApp-Image-2025-12-22-at-8.02.11-PM-2-682x1024.jpeg\" alt=\"\" class=\"wp-image-4538\" srcset=\"https:\/\/cvnoticias.com\/nuevapagina\/wp-content\/uploads\/2025\/12\/WhatsApp-Image-2025-12-22-at-8.02.11-PM-2-682x1024.jpeg 682w, https:\/\/cvnoticias.com\/nuevapagina\/wp-content\/uploads\/2025\/12\/WhatsApp-Image-2025-12-22-at-8.02.11-PM-2-200x300.jpeg 200w, https:\/\/cvnoticias.com\/nuevapagina\/wp-content\/uploads\/2025\/12\/WhatsApp-Image-2025-12-22-at-8.02.11-PM-2-768x1153.jpeg 768w, https:\/\/cvnoticias.com\/nuevapagina\/wp-content\/uploads\/2025\/12\/WhatsApp-Image-2025-12-22-at-8.02.11-PM-2-1023x1536.jpeg 1023w, https:\/\/cvnoticias.com\/nuevapagina\/wp-content\/uploads\/2025\/12\/WhatsApp-Image-2025-12-22-at-8.02.11-PM-2-1024x1537.jpeg 1024w, https:\/\/cvnoticias.com\/nuevapagina\/wp-content\/uploads\/2025\/12\/WhatsApp-Image-2025-12-22-at-8.02.11-PM-2.jpeg 1066w\" sizes=\"auto, (max-width: 682px) 100vw, 682px\" \/><\/figure>\n","protected":false},"excerpt":{"rendered":"<p>Oaxaca de Ju\u00e1rez, Oax. 22 de diciembre de 2025.\u2013 En el marco de la estrategia&#8230;<\/p>\n","protected":false},"author":2,"featured_media":4539,"comment_status":"open","ping_status":"closed","sticky":false,"template":"","format":"standard","meta":{"footnotes":""},"categories":[3],"tags":[],"class_list":["post-4560","post","type-post","status-publish","format-standard","has-post-thumbnail","hentry","category-comunicadosdeprensa"],"yoast_head":"<!-- This site is optimized with the Yoast SEO plugin v27.5 - https:\/\/yoast.com\/product\/yoast-seo-wordpress\/ -->\n<title>Invitan a disfrutar la Edici\u00f3n 128 de la Noche de R\u00e1banos 2025, en el marco de una Ciudad Limpia y Segura - CV Noticias<\/title>\n<meta name=\"robots\" content=\"index, follow, max-snippet:-1, max-image-preview:large, max-video-preview:-1\" \/>\n<link rel=\"canonical\" href=\"https:\/\/cvnoticias.com\/nuevapagina\/index.php\/2025\/12\/23\/invitan-a-disfrutar-la-edicion-128-de-la-noche-de-rabanos-2025-en-el-marco-de-una-ciudad-limpia-y-segura\/\" \/>\n<meta property=\"og:locale\" content=\"es_ES\" \/>\n<meta property=\"og:type\" content=\"article\" \/>\n<meta property=\"og:title\" content=\"Invitan a disfrutar la Edici\u00f3n 128 de la Noche de R\u00e1banos 2025, en el marco de una Ciudad Limpia y Segura - CV Noticias\" \/>\n<meta property=\"og:description\" content=\"Oaxaca de Ju\u00e1rez, Oax. 22 de diciembre de 2025.\u2013 En el marco de la estrategia...\" \/>\n<meta property=\"og:url\" content=\"https:\/\/cvnoticias.com\/nuevapagina\/index.php\/2025\/12\/23\/invitan-a-disfrutar-la-edicion-128-de-la-noche-de-rabanos-2025-en-el-marco-de-una-ciudad-limpia-y-segura\/\" \/>\n<meta property=\"og:site_name\" content=\"CV Noticias\" \/>\n<meta property=\"article:published_time\" content=\"2025-12-23T14:05:24+00:00\" \/>\n<meta property=\"article:modified_time\" content=\"2025-12-23T14:05:25+00:00\" \/>\n<meta property=\"og:image\" content=\"https:\/\/cvnoticias.com\/nuevapagina\/wp-content\/uploads\/2025\/12\/WhatsApp-Image-2025-12-22-at-8.02.11-PM-1.jpeg\" \/>\n\t<meta property=\"og:image:width\" content=\"1081\" \/>\n\t<meta property=\"og:image:height\" content=\"811\" \/>\n\t<meta property=\"og:image:type\" content=\"image\/jpeg\" \/>\n<meta name=\"author\" content=\"CvNoticias\" \/>\n<meta name=\"twitter:card\" content=\"summary_large_image\" \/>\n<meta name=\"twitter:label1\" content=\"Escrito por\" \/>\n\t<meta name=\"twitter:data1\" content=\"CvNoticias\" \/>\n\t<meta name=\"twitter:label2\" content=\"Tiempo de lectura\" \/>\n\t<meta name=\"twitter:data2\" content=\"2 minutos\" \/>\n<script type=\"application\/ld+json\" class=\"yoast-schema-graph\">{\"@context\":\"https:\\\/\\\/schema.org\",\"@graph\":[{\"@type\":\"Article\",\"@id\":\"https:\\\/\\\/cvnoticias.com\\\/nuevapagina\\\/index.php\\\/2025\\\/12\\\/23\\\/invitan-a-disfrutar-la-edicion-128-de-la-noche-de-rabanos-2025-en-el-marco-de-una-ciudad-limpia-y-segura\\\/#article\",\"isPartOf\":{\"@id\":\"https:\\\/\\\/cvnoticias.com\\\/nuevapagina\\\/index.php\\\/2025\\\/12\\\/23\\\/invitan-a-disfrutar-la-edicion-128-de-la-noche-de-rabanos-2025-en-el-marco-de-una-ciudad-limpia-y-segura\\\/\"},\"author\":{\"name\":\"CvNoticias\",\"@id\":\"https:\\\/\\\/cvnoticias.com\\\/nuevapagina\\\/#\\\/schema\\\/person\\\/19e35f246421a31486be7321065f7463\"},\"headline\":\"Invitan a disfrutar la Edici\u00f3n 128 de la Noche de R\u00e1banos 2025, en el marco de una Ciudad Limpia y Segura\",\"datePublished\":\"2025-12-23T14:05:24+00:00\",\"dateModified\":\"2025-12-23T14:05:25+00:00\",\"mainEntityOfPage\":{\"@id\":\"https:\\\/\\\/cvnoticias.com\\\/nuevapagina\\\/index.php\\\/2025\\\/12\\\/23\\\/invitan-a-disfrutar-la-edicion-128-de-la-noche-de-rabanos-2025-en-el-marco-de-una-ciudad-limpia-y-segura\\\/\"},\"wordCount\":399,\"commentCount\":0,\"publisher\":{\"@id\":\"https:\\\/\\\/cvnoticias.com\\\/nuevapagina\\\/#organization\"},\"image\":{\"@id\":\"https:\\\/\\\/cvnoticias.com\\\/nuevapagina\\\/index.php\\\/2025\\\/12\\\/23\\\/invitan-a-disfrutar-la-edicion-128-de-la-noche-de-rabanos-2025-en-el-marco-de-una-ciudad-limpia-y-segura\\\/#primaryimage\"},\"thumbnailUrl\":\"https:\\\/\\\/cvnoticias.com\\\/nuevapagina\\\/wp-content\\\/uploads\\\/2025\\\/12\\\/WhatsApp-Image-2025-12-22-at-8.02.11-PM-1.jpeg\",\"articleSection\":[\"Comunicados\"],\"inLanguage\":\"es\",\"potentialAction\":[{\"@type\":\"CommentAction\",\"name\":\"Comment\",\"target\":[\"https:\\\/\\\/cvnoticias.com\\\/nuevapagina\\\/index.php\\\/2025\\\/12\\\/23\\\/invitan-a-disfrutar-la-edicion-128-de-la-noche-de-rabanos-2025-en-el-marco-de-una-ciudad-limpia-y-segura\\\/#respond\"]}]},{\"@type\":\"WebPage\",\"@id\":\"https:\\\/\\\/cvnoticias.com\\\/nuevapagina\\\/index.php\\\/2025\\\/12\\\/23\\\/invitan-a-disfrutar-la-edicion-128-de-la-noche-de-rabanos-2025-en-el-marco-de-una-ciudad-limpia-y-segura\\\/\",\"url\":\"https:\\\/\\\/cvnoticias.com\\\/nuevapagina\\\/index.php\\\/2025\\\/12\\\/23\\\/invitan-a-disfrutar-la-edicion-128-de-la-noche-de-rabanos-2025-en-el-marco-de-una-ciudad-limpia-y-segura\\\/\",\"name\":\"Invitan a disfrutar la Edici\u00f3n 128 de la Noche de R\u00e1banos 2025, en el marco de una Ciudad Limpia y Segura - CV Noticias\",\"isPartOf\":{\"@id\":\"https:\\\/\\\/cvnoticias.com\\\/nuevapagina\\\/#website\"},\"primaryImageOfPage\":{\"@id\":\"https:\\\/\\\/cvnoticias.com\\\/nuevapagina\\\/index.php\\\/2025\\\/12\\\/23\\\/invitan-a-disfrutar-la-edicion-128-de-la-noche-de-rabanos-2025-en-el-marco-de-una-ciudad-limpia-y-segura\\\/#primaryimage\"},\"image\":{\"@id\":\"https:\\\/\\\/cvnoticias.com\\\/nuevapagina\\\/index.php\\\/2025\\\/12\\\/23\\\/invitan-a-disfrutar-la-edicion-128-de-la-noche-de-rabanos-2025-en-el-marco-de-una-ciudad-limpia-y-segura\\\/#primaryimage\"},\"thumbnailUrl\":\"https:\\\/\\\/cvnoticias.com\\\/nuevapagina\\\/wp-content\\\/uploads\\\/2025\\\/12\\\/WhatsApp-Image-2025-12-22-at-8.02.11-PM-1.jpeg\",\"datePublished\":\"2025-12-23T14:05:24+00:00\",\"dateModified\":\"2025-12-23T14:05:25+00:00\",\"breadcrumb\":{\"@id\":\"https:\\\/\\\/cvnoticias.com\\\/nuevapagina\\\/index.php\\\/2025\\\/12\\\/23\\\/invitan-a-disfrutar-la-edicion-128-de-la-noche-de-rabanos-2025-en-el-marco-de-una-ciudad-limpia-y-segura\\\/#breadcrumb\"},\"inLanguage\":\"es\",\"potentialAction\":[{\"@type\":\"ReadAction\",\"target\":[\"https:\\\/\\\/cvnoticias.com\\\/nuevapagina\\\/index.php\\\/2025\\\/12\\\/23\\\/invitan-a-disfrutar-la-edicion-128-de-la-noche-de-rabanos-2025-en-el-marco-de-una-ciudad-limpia-y-segura\\\/\"]}]},{\"@type\":\"ImageObject\",\"inLanguage\":\"es\",\"@id\":\"https:\\\/\\\/cvnoticias.com\\\/nuevapagina\\\/index.php\\\/2025\\\/12\\\/23\\\/invitan-a-disfrutar-la-edicion-128-de-la-noche-de-rabanos-2025-en-el-marco-de-una-ciudad-limpia-y-segura\\\/#primaryimage\",\"url\":\"https:\\\/\\\/cvnoticias.com\\\/nuevapagina\\\/wp-content\\\/uploads\\\/2025\\\/12\\\/WhatsApp-Image-2025-12-22-at-8.02.11-PM-1.jpeg\",\"contentUrl\":\"https:\\\/\\\/cvnoticias.com\\\/nuevapagina\\\/wp-content\\\/uploads\\\/2025\\\/12\\\/WhatsApp-Image-2025-12-22-at-8.02.11-PM-1.jpeg\",\"width\":1081,\"height\":811},{\"@type\":\"BreadcrumbList\",\"@id\":\"https:\\\/\\\/cvnoticias.com\\\/nuevapagina\\\/index.php\\\/2025\\\/12\\\/23\\\/invitan-a-disfrutar-la-edicion-128-de-la-noche-de-rabanos-2025-en-el-marco-de-una-ciudad-limpia-y-segura\\\/#breadcrumb\",\"itemListElement\":[{\"@type\":\"ListItem\",\"position\":1,\"name\":\"Portada\",\"item\":\"https:\\\/\\\/cvnoticias.com\\\/nuevapagina\\\/\"},{\"@type\":\"ListItem\",\"position\":2,\"name\":\"Invitan a disfrutar la Edici\u00f3n 128 de la Noche de R\u00e1banos 2025, en el marco de una Ciudad Limpia y Segura\"}]},{\"@type\":\"WebSite\",\"@id\":\"https:\\\/\\\/cvnoticias.com\\\/nuevapagina\\\/#website\",\"url\":\"https:\\\/\\\/cvnoticias.com\\\/nuevapagina\\\/\",\"name\":\"CV Noticias\",\"description\":\"Noticias de Oaxaca\",\"publisher\":{\"@id\":\"https:\\\/\\\/cvnoticias.com\\\/nuevapagina\\\/#organization\"},\"potentialAction\":[{\"@type\":\"SearchAction\",\"target\":{\"@type\":\"EntryPoint\",\"urlTemplate\":\"https:\\\/\\\/cvnoticias.com\\\/nuevapagina\\\/?s={search_term_string}\"},\"query-input\":{\"@type\":\"PropertyValueSpecification\",\"valueRequired\":true,\"valueName\":\"search_term_string\"}}],\"inLanguage\":\"es\"},{\"@type\":\"Organization\",\"@id\":\"https:\\\/\\\/cvnoticias.com\\\/nuevapagina\\\/#organization\",\"name\":\"CV Noticias\",\"url\":\"https:\\\/\\\/cvnoticias.com\\\/nuevapagina\\\/\",\"logo\":{\"@type\":\"ImageObject\",\"inLanguage\":\"es\",\"@id\":\"https:\\\/\\\/cvnoticias.com\\\/nuevapagina\\\/#\\\/schema\\\/logo\\\/image\\\/\",\"url\":\"https:\\\/\\\/cvnoticias.com\\\/nuevapagina\\\/wp-content\\\/uploads\\\/2025\\\/05\\\/cropped-logo-1.png\",\"contentUrl\":\"https:\\\/\\\/cvnoticias.com\\\/nuevapagina\\\/wp-content\\\/uploads\\\/2025\\\/05\\\/cropped-logo-1.png\",\"width\":320,\"height\":118,\"caption\":\"CV Noticias\"},\"image\":{\"@id\":\"https:\\\/\\\/cvnoticias.com\\\/nuevapagina\\\/#\\\/schema\\\/logo\\\/image\\\/\"}},{\"@type\":\"Person\",\"@id\":\"https:\\\/\\\/cvnoticias.com\\\/nuevapagina\\\/#\\\/schema\\\/person\\\/19e35f246421a31486be7321065f7463\",\"name\":\"CvNoticias\",\"image\":{\"@type\":\"ImageObject\",\"inLanguage\":\"es\",\"@id\":\"https:\\\/\\\/secure.gravatar.com\\\/avatar\\\/c3a4375d38fd8f9b34ac9e853cb706a079817c78f9a39e33b16a2b2b2e51688a?s=96&d=mm&r=g\",\"url\":\"https:\\\/\\\/secure.gravatar.com\\\/avatar\\\/c3a4375d38fd8f9b34ac9e853cb706a079817c78f9a39e33b16a2b2b2e51688a?s=96&d=mm&r=g\",\"contentUrl\":\"https:\\\/\\\/secure.gravatar.com\\\/avatar\\\/c3a4375d38fd8f9b34ac9e853cb706a079817c78f9a39e33b16a2b2b2e51688a?s=96&d=mm&r=g\",\"caption\":\"CvNoticias\"},\"url\":\"https:\\\/\\\/cvnoticias.com\\\/nuevapagina\\\/index.php\\\/author\\\/gesner\\\/\"}]}<\/script>\n<!-- \/ Yoast SEO plugin. -->","yoast_head_json":{"title":"Invitan a disfrutar la Edici\u00f3n 128 de la Noche de R\u00e1banos 2025, en el marco de una Ciudad Limpia y Segura - CV Noticias","robots":{"index":"index","follow":"follow","max-snippet":"max-snippet:-1","max-image-preview":"max-image-preview:large","max-video-preview":"max-video-preview:-1"},"canonical":"https:\/\/cvnoticias.com\/nuevapagina\/index.php\/2025\/12\/23\/invitan-a-disfrutar-la-edicion-128-de-la-noche-de-rabanos-2025-en-el-marco-de-una-ciudad-limpia-y-segura\/","og_locale":"es_ES","og_type":"article","og_title":"Invitan a disfrutar la Edici\u00f3n 128 de la Noche de R\u00e1banos 2025, en el marco de una Ciudad Limpia y Segura - CV Noticias","og_description":"Oaxaca de Ju\u00e1rez, Oax. 22 de diciembre de 2025.\u2013 En el marco de la estrategia...","og_url":"https:\/\/cvnoticias.com\/nuevapagina\/index.php\/2025\/12\/23\/invitan-a-disfrutar-la-edicion-128-de-la-noche-de-rabanos-2025-en-el-marco-de-una-ciudad-limpia-y-segura\/","og_site_name":"CV Noticias","article_published_time":"2025-12-23T14:05:24+00:00","article_modified_time":"2025-12-23T14:05:25+00:00","og_image":[{"width":1081,"height":811,"url":"https:\/\/cvnoticias.com\/nuevapagina\/wp-content\/uploads\/2025\/12\/WhatsApp-Image-2025-12-22-at-8.02.11-PM-1.jpeg","type":"image\/jpeg"}],"author":"CvNoticias","twitter_card":"summary_large_image","twitter_misc":{"Escrito por":"CvNoticias","Tiempo de lectura":"2 minutos"},"schema":{"@context":"https:\/\/schema.org","@graph":[{"@type":"Article","@id":"https:\/\/cvnoticias.com\/nuevapagina\/index.php\/2025\/12\/23\/invitan-a-disfrutar-la-edicion-128-de-la-noche-de-rabanos-2025-en-el-marco-de-una-ciudad-limpia-y-segura\/#article","isPartOf":{"@id":"https:\/\/cvnoticias.com\/nuevapagina\/index.php\/2025\/12\/23\/invitan-a-disfrutar-la-edicion-128-de-la-noche-de-rabanos-2025-en-el-marco-de-una-ciudad-limpia-y-segura\/"},"author":{"name":"CvNoticias","@id":"https:\/\/cvnoticias.com\/nuevapagina\/#\/schema\/person\/19e35f246421a31486be7321065f7463"},"headline":"Invitan a disfrutar la Edici\u00f3n 128 de la Noche de R\u00e1banos 2025, en el marco de una Ciudad Limpia y Segura","datePublished":"2025-12-23T14:05:24+00:00","dateModified":"2025-12-23T14:05:25+00:00","mainEntityOfPage":{"@id":"https:\/\/cvnoticias.com\/nuevapagina\/index.php\/2025\/12\/23\/invitan-a-disfrutar-la-edicion-128-de-la-noche-de-rabanos-2025-en-el-marco-de-una-ciudad-limpia-y-segura\/"},"wordCount":399,"commentCount":0,"publisher":{"@id":"https:\/\/cvnoticias.com\/nuevapagina\/#organization"},"image":{"@id":"https:\/\/cvnoticias.com\/nuevapagina\/index.php\/2025\/12\/23\/invitan-a-disfrutar-la-edicion-128-de-la-noche-de-rabanos-2025-en-el-marco-de-una-ciudad-limpia-y-segura\/#primaryimage"},"thumbnailUrl":"https:\/\/cvnoticias.com\/nuevapagina\/wp-content\/uploads\/2025\/12\/WhatsApp-Image-2025-12-22-at-8.02.11-PM-1.jpeg","articleSection":["Comunicados"],"inLanguage":"es","potentialAction":[{"@type":"CommentAction","name":"Comment","target":["https:\/\/cvnoticias.com\/nuevapagina\/index.php\/2025\/12\/23\/invitan-a-disfrutar-la-edicion-128-de-la-noche-de-rabanos-2025-en-el-marco-de-una-ciudad-limpia-y-segura\/#respond"]}]},{"@type":"WebPage","@id":"https:\/\/cvnoticias.com\/nuevapagina\/index.php\/2025\/12\/23\/invitan-a-disfrutar-la-edicion-128-de-la-noche-de-rabanos-2025-en-el-marco-de-una-ciudad-limpia-y-segura\/","url":"https:\/\/cvnoticias.com\/nuevapagina\/index.php\/2025\/12\/23\/invitan-a-disfrutar-la-edicion-128-de-la-noche-de-rabanos-2025-en-el-marco-de-una-ciudad-limpia-y-segura\/","name":"Invitan a disfrutar la Edici\u00f3n 128 de la Noche de R\u00e1banos 2025, en el marco de una Ciudad Limpia y Segura - CV Noticias","isPartOf":{"@id":"https:\/\/cvnoticias.com\/nuevapagina\/#website"},"primaryImageOfPage":{"@id":"https:\/\/cvnoticias.com\/nuevapagina\/index.php\/2025\/12\/23\/invitan-a-disfrutar-la-edicion-128-de-la-noche-de-rabanos-2025-en-el-marco-de-una-ciudad-limpia-y-segura\/#primaryimage"},"image":{"@id":"https:\/\/cvnoticias.com\/nuevapagina\/index.php\/2025\/12\/23\/invitan-a-disfrutar-la-edicion-128-de-la-noche-de-rabanos-2025-en-el-marco-de-una-ciudad-limpia-y-segura\/#primaryimage"},"thumbnailUrl":"https:\/\/cvnoticias.com\/nuevapagina\/wp-content\/uploads\/2025\/12\/WhatsApp-Image-2025-12-22-at-8.02.11-PM-1.jpeg","datePublished":"2025-12-23T14:05:24+00:00","dateModified":"2025-12-23T14:05:25+00:00","breadcrumb":{"@id":"https:\/\/cvnoticias.com\/nuevapagina\/index.php\/2025\/12\/23\/invitan-a-disfrutar-la-edicion-128-de-la-noche-de-rabanos-2025-en-el-marco-de-una-ciudad-limpia-y-segura\/#breadcrumb"},"inLanguage":"es","potentialAction":[{"@type":"ReadAction","target":["https:\/\/cvnoticias.com\/nuevapagina\/index.php\/2025\/12\/23\/invitan-a-disfrutar-la-edicion-128-de-la-noche-de-rabanos-2025-en-el-marco-de-una-ciudad-limpia-y-segura\/"]}]},{"@type":"ImageObject","inLanguage":"es","@id":"https:\/\/cvnoticias.com\/nuevapagina\/index.php\/2025\/12\/23\/invitan-a-disfrutar-la-edicion-128-de-la-noche-de-rabanos-2025-en-el-marco-de-una-ciudad-limpia-y-segura\/#primaryimage","url":"https:\/\/cvnoticias.com\/nuevapagina\/wp-content\/uploads\/2025\/12\/WhatsApp-Image-2025-12-22-at-8.02.11-PM-1.jpeg","contentUrl":"https:\/\/cvnoticias.com\/nuevapagina\/wp-content\/uploads\/2025\/12\/WhatsApp-Image-2025-12-22-at-8.02.11-PM-1.jpeg","width":1081,"height":811},{"@type":"BreadcrumbList","@id":"https:\/\/cvnoticias.com\/nuevapagina\/index.php\/2025\/12\/23\/invitan-a-disfrutar-la-edicion-128-de-la-noche-de-rabanos-2025-en-el-marco-de-una-ciudad-limpia-y-segura\/#breadcrumb","itemListElement":[{"@type":"ListItem","position":1,"name":"Portada","item":"https:\/\/cvnoticias.com\/nuevapagina\/"},{"@type":"ListItem","position":2,"name":"Invitan a disfrutar la Edici\u00f3n 128 de la Noche de R\u00e1banos 2025, en el marco de una Ciudad Limpia y Segura"}]},{"@type":"WebSite","@id":"https:\/\/cvnoticias.com\/nuevapagina\/#website","url":"https:\/\/cvnoticias.com\/nuevapagina\/","name":"CV Noticias","description":"Noticias de Oaxaca","publisher":{"@id":"https:\/\/cvnoticias.com\/nuevapagina\/#organization"},"potentialAction":[{"@type":"SearchAction","target":{"@type":"EntryPoint","urlTemplate":"https:\/\/cvnoticias.com\/nuevapagina\/?s={search_term_string}"},"query-input":{"@type":"PropertyValueSpecification","valueRequired":true,"valueName":"search_term_string"}}],"inLanguage":"es"},{"@type":"Organization","@id":"https:\/\/cvnoticias.com\/nuevapagina\/#organization","name":"CV Noticias","url":"https:\/\/cvnoticias.com\/nuevapagina\/","logo":{"@type":"ImageObject","inLanguage":"es","@id":"https:\/\/cvnoticias.com\/nuevapagina\/#\/schema\/logo\/image\/","url":"https:\/\/cvnoticias.com\/nuevapagina\/wp-content\/uploads\/2025\/05\/cropped-logo-1.png","contentUrl":"https:\/\/cvnoticias.com\/nuevapagina\/wp-content\/uploads\/2025\/05\/cropped-logo-1.png","width":320,"height":118,"caption":"CV Noticias"},"image":{"@id":"https:\/\/cvnoticias.com\/nuevapagina\/#\/schema\/logo\/image\/"}},{"@type":"Person","@id":"https:\/\/cvnoticias.com\/nuevapagina\/#\/schema\/person\/19e35f246421a31486be7321065f7463","name":"CvNoticias","image":{"@type":"ImageObject","inLanguage":"es","@id":"https:\/\/secure.gravatar.com\/avatar\/c3a4375d38fd8f9b34ac9e853cb706a079817c78f9a39e33b16a2b2b2e51688a?s=96&d=mm&r=g","url":"https:\/\/secure.gravatar.com\/avatar\/c3a4375d38fd8f9b34ac9e853cb706a079817c78f9a39e33b16a2b2b2e51688a?s=96&d=mm&r=g","contentUrl":"https:\/\/secure.gravatar.com\/avatar\/c3a4375d38fd8f9b34ac9e853cb706a079817c78f9a39e33b16a2b2b2e51688a?s=96&d=mm&r=g","caption":"CvNoticias"},"url":"https:\/\/cvnoticias.com\/nuevapagina\/index.php\/author\/gesner\/"}]}},"_links":{"self":[{"href":"https:\/\/cvnoticias.com\/nuevapagina\/index.php\/wp-json\/wp\/v2\/posts\/4560","targetHints":{"allow":["GET"]}}],"collection":[{"href":"https:\/\/cvnoticias.com\/nuevapagina\/index.php\/wp-json\/wp\/v2\/posts"}],"about":[{"href":"https:\/\/cvnoticias.com\/nuevapagina\/index.php\/wp-json\/wp\/v2\/types\/post"}],"author":[{"embeddable":true,"href":"https:\/\/cvnoticias.com\/nuevapagina\/index.php\/wp-json\/wp\/v2\/users\/2"}],"replies":[{"embeddable":true,"href":"https:\/\/cvnoticias.com\/nuevapagina\/index.php\/wp-json\/wp\/v2\/comments?post=4560"}],"version-history":[{"count":1,"href":"https:\/\/cvnoticias.com\/nuevapagina\/index.php\/wp-json\/wp\/v2\/posts\/4560\/revisions"}],"predecessor-version":[{"id":4561,"href":"https:\/\/cvnoticias.com\/nuevapagina\/index.php\/wp-json\/wp\/v2\/posts\/4560\/revisions\/4561"}],"wp:featuredmedia":[{"embeddable":true,"href":"https:\/\/cvnoticias.com\/nuevapagina\/index.php\/wp-json\/wp\/v2\/media\/4539"}],"wp:attachment":[{"href":"https:\/\/cvnoticias.com\/nuevapagina\/index.php\/wp-json\/wp\/v2\/media?parent=4560"}],"wp:term":[{"taxonomy":"category","embeddable":true,"href":"https:\/\/cvnoticias.com\/nuevapagina\/index.php\/wp-json\/wp\/v2\/categories?post=4560"},{"taxonomy":"post_tag","embeddable":true,"href":"https:\/\/cvnoticias.com\/nuevapagina\/index.php\/wp-json\/wp\/v2\/tags?post=4560"}],"curies":[{"name":"wp","href":"https:\/\/api.w.org\/{rel}","templated":true}]}}