{"id":4556,"date":"2025-12-23T14:02:34","date_gmt":"2025-12-23T14:02:34","guid":{"rendered":"https:\/\/cvnoticias.com\/nuevapagina\/?p=4556"},"modified":"2025-12-23T14:02:36","modified_gmt":"2025-12-23T14:02:36","slug":"exhorta-parlamento-local-a-integrar-comisiones-de-entrega-recepcion-a-municipios-regidos-por-sistemas-normativos-indigenas-que-haran-cambio-de-administracion-en-el-2026","status":"publish","type":"post","link":"https:\/\/cvnoticias.com\/nuevapagina\/index.php\/2025\/12\/23\/exhorta-parlamento-local-a-integrar-comisiones-de-entrega-recepcion-a-municipios-regidos-por-sistemas-normativos-indigenas-que-haran-cambio-de-administracion-en-el-2026\/","title":{"rendered":"Exhorta Parlamento local a integrar comisiones de entrega-recepci\u00f3n a municipios regidos por Sistemas Normativos Ind\u00edgenas que har\u00e1n cambio de administraci\u00f3n en el 2026"},"content":{"rendered":"\n<p><\/p>\n\n\n\n<ul class=\"wp-block-list\">\n<li>La medida busca fortalecer la continuidad institucional y la confianza de la ciudadan\u00eda en los municipios<br>San Raymundo Jalpan, Oax., a 22 de diciembre de 2025.- A fin de garantizar una transici\u00f3n ordenada donde prevalezca la gobernabilidad en los municipios regidos por Sistemas Normativos Ind\u00edgenas (SNI) que renovar\u00e1n autoridades el 01 de enero de 2026, la LXVI Legislatura del Congreso del Estado aprob\u00f3 con 35 votos a favor un Punto de Acuerdo mediante el cual se exhorta a las autoridades municipales en funciones a integrar, de manera transparente, pac\u00edfica y segura, la Comisi\u00f3n y los Comit\u00e9s Internos de Entrega-Recepci\u00f3n.<\/li>\n<\/ul>\n\n\n\n<p>La iniciativa fue promovida por el diputado Nicol\u00e1s Enrique Feria Romero, integrante del Grupo Parlamentario de Morena, quien expuso que, de acuerdo con el Instituto Estatal Electoral y de Participaci\u00f3n Ciudadana de Oaxaca (IEEPCO), en el presente a\u00f1o 413 municipios celebran elecciones bajo sus propios sistemas normativos.<\/p>\n\n\n\n<p>En este contexto, subray\u00f3 que la medida legislativa tiene como finalidad preservar la paz social, evitar conflictos y garantizar la continuidad de los servicios p\u00fablicos, mediante un proceso de relevo que permita a las autoridades entrantes conocer con claridad la situaci\u00f3n que guarda la administraci\u00f3n municipal, particularmente en materia de bienes, obras p\u00fablicas y hacienda municipal.<\/p>\n\n\n\n<p>Al respecto, la Comisi\u00f3n Permanente de Fortalecimiento y Asuntos Municipales dictamin\u00f3 a favor al se\u00f1alar que la Ley Org\u00e1nica Municipal establece con precisi\u00f3n el procedimiento para la entrega-recepci\u00f3n, a fin de que el cambio de autoridades se realice en condiciones de estabilidad social y administrativa.<\/p>\n\n\n\n<p>Destac\u00f3 que, en el T\u00edtulo Octavo de dicho ordenamiento, especialmente lo estipulado en los art\u00edculos 169 al 173, se prev\u00e9 la integraci\u00f3n del Comit\u00e9 de Entrega-Recepci\u00f3n y de la Comisi\u00f3n de Entrega-Recepci\u00f3n, \u00f3rganos responsables de coordinar, revisar y documentar el estado que guarda la administraci\u00f3n p\u00fablica municipal, sin interferir en el desarrollo normal de las funciones oficiales.<\/p>\n\n\n\n<p>Asimismo, precis\u00f3 que la Auditor\u00eda Superior de Fiscalizaci\u00f3n del Estado (ASFE) emite los lineamientos que rigen este procedimiento, los cuales constituyen un mecanismo obligatorio de transparencia, rendici\u00f3n de cuentas y certeza jur\u00eddica sobre el patrimonio municipal. Dicho proceso culmina con la elaboraci\u00f3n y entrega del acta formal correspondiente.<\/p>\n\n\n\n<p>Finalmente, enfatiz\u00f3 que este proceso delimita las responsabilidades de las y los servidores p\u00fablicos y otorga certeza jur\u00eddica sobre el resguardo del patrimonio de los ayuntamientos.<\/p>\n","protected":false},"excerpt":{"rendered":"<p>La iniciativa fue promovida por el diputado Nicol\u00e1s Enrique Feria Romero, integrante del Grupo Parlamentario&#8230;<\/p>\n","protected":false},"author":2,"featured_media":4541,"comment_status":"open","ping_status":"closed","sticky":false,"template":"","format":"standard","meta":{"footnotes":""},"categories":[3],"tags":[],"class_list":["post-4556","post","type-post","status-publish","format-standard","has-post-thumbnail","hentry","category-comunicadosdeprensa"],"yoast_head":"<!-- This site is optimized with the Yoast SEO plugin v27.5 - https:\/\/yoast.com\/product\/yoast-seo-wordpress\/ -->\n<title>Exhorta Parlamento local a integrar comisiones de entrega-recepci\u00f3n a municipios regidos por Sistemas Normativos Ind\u00edgenas que har\u00e1n cambio de administraci\u00f3n en el 2026 - CV Noticias<\/title>\n<meta name=\"robots\" content=\"index, follow, max-snippet:-1, max-image-preview:large, max-video-preview:-1\" \/>\n<link rel=\"canonical\" href=\"https:\/\/cvnoticias.com\/nuevapagina\/index.php\/2025\/12\/23\/exhorta-parlamento-local-a-integrar-comisiones-de-entrega-recepcion-a-municipios-regidos-por-sistemas-normativos-indigenas-que-haran-cambio-de-administracion-en-el-2026\/\" \/>\n<meta property=\"og:locale\" content=\"es_ES\" \/>\n<meta property=\"og:type\" content=\"article\" \/>\n<meta property=\"og:title\" content=\"Exhorta Parlamento local a integrar comisiones de entrega-recepci\u00f3n a municipios regidos por Sistemas Normativos Ind\u00edgenas que har\u00e1n cambio de administraci\u00f3n en el 2026 - CV Noticias\" \/>\n<meta property=\"og:description\" content=\"La iniciativa fue promovida por el diputado Nicol\u00e1s Enrique Feria Romero, integrante del Grupo Parlamentario...\" \/>\n<meta property=\"og:url\" content=\"https:\/\/cvnoticias.com\/nuevapagina\/index.php\/2025\/12\/23\/exhorta-parlamento-local-a-integrar-comisiones-de-entrega-recepcion-a-municipios-regidos-por-sistemas-normativos-indigenas-que-haran-cambio-de-administracion-en-el-2026\/\" \/>\n<meta property=\"og:site_name\" content=\"CV Noticias\" \/>\n<meta property=\"article:published_time\" content=\"2025-12-23T14:02:34+00:00\" \/>\n<meta property=\"article:modified_time\" content=\"2025-12-23T14:02:36+00:00\" \/>\n<meta property=\"og:image\" content=\"https:\/\/cvnoticias.com\/nuevapagina\/wp-content\/uploads\/2025\/12\/WhatsApp-Image-2025-12-22-at-8.01.28-PM-2.jpeg\" \/>\n\t<meta property=\"og:image:width\" content=\"1289\" \/>\n\t<meta property=\"og:image:height\" content=\"877\" \/>\n\t<meta property=\"og:image:type\" content=\"image\/jpeg\" \/>\n<meta name=\"author\" content=\"CvNoticias\" \/>\n<meta name=\"twitter:card\" content=\"summary_large_image\" \/>\n<meta name=\"twitter:label1\" content=\"Escrito por\" \/>\n\t<meta name=\"twitter:data1\" content=\"CvNoticias\" \/>\n\t<meta name=\"twitter:label2\" content=\"Tiempo de lectura\" \/>\n\t<meta name=\"twitter:data2\" content=\"2 minutos\" \/>\n<script type=\"application\/ld+json\" class=\"yoast-schema-graph\">{\"@context\":\"https:\\\/\\\/schema.org\",\"@graph\":[{\"@type\":\"Article\",\"@id\":\"https:\\\/\\\/cvnoticias.com\\\/nuevapagina\\\/index.php\\\/2025\\\/12\\\/23\\\/exhorta-parlamento-local-a-integrar-comisiones-de-entrega-recepcion-a-municipios-regidos-por-sistemas-normativos-indigenas-que-haran-cambio-de-administracion-en-el-2026\\\/#article\",\"isPartOf\":{\"@id\":\"https:\\\/\\\/cvnoticias.com\\\/nuevapagina\\\/index.php\\\/2025\\\/12\\\/23\\\/exhorta-parlamento-local-a-integrar-comisiones-de-entrega-recepcion-a-municipios-regidos-por-sistemas-normativos-indigenas-que-haran-cambio-de-administracion-en-el-2026\\\/\"},\"author\":{\"name\":\"CvNoticias\",\"@id\":\"https:\\\/\\\/cvnoticias.com\\\/nuevapagina\\\/#\\\/schema\\\/person\\\/19e35f246421a31486be7321065f7463\"},\"headline\":\"Exhorta Parlamento local a integrar comisiones de entrega-recepci\u00f3n a municipios regidos por Sistemas Normativos Ind\u00edgenas que har\u00e1n cambio de administraci\u00f3n en el 2026\",\"datePublished\":\"2025-12-23T14:02:34+00:00\",\"dateModified\":\"2025-12-23T14:02:36+00:00\",\"mainEntityOfPage\":{\"@id\":\"https:\\\/\\\/cvnoticias.com\\\/nuevapagina\\\/index.php\\\/2025\\\/12\\\/23\\\/exhorta-parlamento-local-a-integrar-comisiones-de-entrega-recepcion-a-municipios-regidos-por-sistemas-normativos-indigenas-que-haran-cambio-de-administracion-en-el-2026\\\/\"},\"wordCount\":431,\"commentCount\":0,\"publisher\":{\"@id\":\"https:\\\/\\\/cvnoticias.com\\\/nuevapagina\\\/#organization\"},\"image\":{\"@id\":\"https:\\\/\\\/cvnoticias.com\\\/nuevapagina\\\/index.php\\\/2025\\\/12\\\/23\\\/exhorta-parlamento-local-a-integrar-comisiones-de-entrega-recepcion-a-municipios-regidos-por-sistemas-normativos-indigenas-que-haran-cambio-de-administracion-en-el-2026\\\/#primaryimage\"},\"thumbnailUrl\":\"https:\\\/\\\/cvnoticias.com\\\/nuevapagina\\\/wp-content\\\/uploads\\\/2025\\\/12\\\/WhatsApp-Image-2025-12-22-at-8.01.28-PM-2.jpeg\",\"articleSection\":[\"Comunicados\"],\"inLanguage\":\"es\",\"potentialAction\":[{\"@type\":\"CommentAction\",\"name\":\"Comment\",\"target\":[\"https:\\\/\\\/cvnoticias.com\\\/nuevapagina\\\/index.php\\\/2025\\\/12\\\/23\\\/exhorta-parlamento-local-a-integrar-comisiones-de-entrega-recepcion-a-municipios-regidos-por-sistemas-normativos-indigenas-que-haran-cambio-de-administracion-en-el-2026\\\/#respond\"]}]},{\"@type\":\"WebPage\",\"@id\":\"https:\\\/\\\/cvnoticias.com\\\/nuevapagina\\\/index.php\\\/2025\\\/12\\\/23\\\/exhorta-parlamento-local-a-integrar-comisiones-de-entrega-recepcion-a-municipios-regidos-por-sistemas-normativos-indigenas-que-haran-cambio-de-administracion-en-el-2026\\\/\",\"url\":\"https:\\\/\\\/cvnoticias.com\\\/nuevapagina\\\/index.php\\\/2025\\\/12\\\/23\\\/exhorta-parlamento-local-a-integrar-comisiones-de-entrega-recepcion-a-municipios-regidos-por-sistemas-normativos-indigenas-que-haran-cambio-de-administracion-en-el-2026\\\/\",\"name\":\"Exhorta Parlamento local a integrar comisiones de entrega-recepci\u00f3n a municipios regidos por Sistemas Normativos Ind\u00edgenas que har\u00e1n cambio de administraci\u00f3n en el 2026 - CV Noticias\",\"isPartOf\":{\"@id\":\"https:\\\/\\\/cvnoticias.com\\\/nuevapagina\\\/#website\"},\"primaryImageOfPage\":{\"@id\":\"https:\\\/\\\/cvnoticias.com\\\/nuevapagina\\\/index.php\\\/2025\\\/12\\\/23\\\/exhorta-parlamento-local-a-integrar-comisiones-de-entrega-recepcion-a-municipios-regidos-por-sistemas-normativos-indigenas-que-haran-cambio-de-administracion-en-el-2026\\\/#primaryimage\"},\"image\":{\"@id\":\"https:\\\/\\\/cvnoticias.com\\\/nuevapagina\\\/index.php\\\/2025\\\/12\\\/23\\\/exhorta-parlamento-local-a-integrar-comisiones-de-entrega-recepcion-a-municipios-regidos-por-sistemas-normativos-indigenas-que-haran-cambio-de-administracion-en-el-2026\\\/#primaryimage\"},\"thumbnailUrl\":\"https:\\\/\\\/cvnoticias.com\\\/nuevapagina\\\/wp-content\\\/uploads\\\/2025\\\/12\\\/WhatsApp-Image-2025-12-22-at-8.01.28-PM-2.jpeg\",\"datePublished\":\"2025-12-23T14:02:34+00:00\",\"dateModified\":\"2025-12-23T14:02:36+00:00\",\"breadcrumb\":{\"@id\":\"https:\\\/\\\/cvnoticias.com\\\/nuevapagina\\\/index.php\\\/2025\\\/12\\\/23\\\/exhorta-parlamento-local-a-integrar-comisiones-de-entrega-recepcion-a-municipios-regidos-por-sistemas-normativos-indigenas-que-haran-cambio-de-administracion-en-el-2026\\\/#breadcrumb\"},\"inLanguage\":\"es\",\"potentialAction\":[{\"@type\":\"ReadAction\",\"target\":[\"https:\\\/\\\/cvnoticias.com\\\/nuevapagina\\\/index.php\\\/2025\\\/12\\\/23\\\/exhorta-parlamento-local-a-integrar-comisiones-de-entrega-recepcion-a-municipios-regidos-por-sistemas-normativos-indigenas-que-haran-cambio-de-administracion-en-el-2026\\\/\"]}]},{\"@type\":\"ImageObject\",\"inLanguage\":\"es\",\"@id\":\"https:\\\/\\\/cvnoticias.com\\\/nuevapagina\\\/index.php\\\/2025\\\/12\\\/23\\\/exhorta-parlamento-local-a-integrar-comisiones-de-entrega-recepcion-a-municipios-regidos-por-sistemas-normativos-indigenas-que-haran-cambio-de-administracion-en-el-2026\\\/#primaryimage\",\"url\":\"https:\\\/\\\/cvnoticias.com\\\/nuevapagina\\\/wp-content\\\/uploads\\\/2025\\\/12\\\/WhatsApp-Image-2025-12-22-at-8.01.28-PM-2.jpeg\",\"contentUrl\":\"https:\\\/\\\/cvnoticias.com\\\/nuevapagina\\\/wp-content\\\/uploads\\\/2025\\\/12\\\/WhatsApp-Image-2025-12-22-at-8.01.28-PM-2.jpeg\",\"width\":1289,\"height\":877},{\"@type\":\"BreadcrumbList\",\"@id\":\"https:\\\/\\\/cvnoticias.com\\\/nuevapagina\\\/index.php\\\/2025\\\/12\\\/23\\\/exhorta-parlamento-local-a-integrar-comisiones-de-entrega-recepcion-a-municipios-regidos-por-sistemas-normativos-indigenas-que-haran-cambio-de-administracion-en-el-2026\\\/#breadcrumb\",\"itemListElement\":[{\"@type\":\"ListItem\",\"position\":1,\"name\":\"Portada\",\"item\":\"https:\\\/\\\/cvnoticias.com\\\/nuevapagina\\\/\"},{\"@type\":\"ListItem\",\"position\":2,\"name\":\"Exhorta Parlamento local a integrar comisiones de entrega-recepci\u00f3n a municipios regidos por Sistemas Normativos Ind\u00edgenas que har\u00e1n cambio de administraci\u00f3n en el 2026\"}]},{\"@type\":\"WebSite\",\"@id\":\"https:\\\/\\\/cvnoticias.com\\\/nuevapagina\\\/#website\",\"url\":\"https:\\\/\\\/cvnoticias.com\\\/nuevapagina\\\/\",\"name\":\"CV Noticias\",\"description\":\"Noticias de Oaxaca\",\"publisher\":{\"@id\":\"https:\\\/\\\/cvnoticias.com\\\/nuevapagina\\\/#organization\"},\"potentialAction\":[{\"@type\":\"SearchAction\",\"target\":{\"@type\":\"EntryPoint\",\"urlTemplate\":\"https:\\\/\\\/cvnoticias.com\\\/nuevapagina\\\/?s={search_term_string}\"},\"query-input\":{\"@type\":\"PropertyValueSpecification\",\"valueRequired\":true,\"valueName\":\"search_term_string\"}}],\"inLanguage\":\"es\"},{\"@type\":\"Organization\",\"@id\":\"https:\\\/\\\/cvnoticias.com\\\/nuevapagina\\\/#organization\",\"name\":\"CV Noticias\",\"url\":\"https:\\\/\\\/cvnoticias.com\\\/nuevapagina\\\/\",\"logo\":{\"@type\":\"ImageObject\",\"inLanguage\":\"es\",\"@id\":\"https:\\\/\\\/cvnoticias.com\\\/nuevapagina\\\/#\\\/schema\\\/logo\\\/image\\\/\",\"url\":\"https:\\\/\\\/cvnoticias.com\\\/nuevapagina\\\/wp-content\\\/uploads\\\/2025\\\/05\\\/cropped-logo-1.png\",\"contentUrl\":\"https:\\\/\\\/cvnoticias.com\\\/nuevapagina\\\/wp-content\\\/uploads\\\/2025\\\/05\\\/cropped-logo-1.png\",\"width\":320,\"height\":118,\"caption\":\"CV Noticias\"},\"image\":{\"@id\":\"https:\\\/\\\/cvnoticias.com\\\/nuevapagina\\\/#\\\/schema\\\/logo\\\/image\\\/\"}},{\"@type\":\"Person\",\"@id\":\"https:\\\/\\\/cvnoticias.com\\\/nuevapagina\\\/#\\\/schema\\\/person\\\/19e35f246421a31486be7321065f7463\",\"name\":\"CvNoticias\",\"image\":{\"@type\":\"ImageObject\",\"inLanguage\":\"es\",\"@id\":\"https:\\\/\\\/secure.gravatar.com\\\/avatar\\\/c3a4375d38fd8f9b34ac9e853cb706a079817c78f9a39e33b16a2b2b2e51688a?s=96&d=mm&r=g\",\"url\":\"https:\\\/\\\/secure.gravatar.com\\\/avatar\\\/c3a4375d38fd8f9b34ac9e853cb706a079817c78f9a39e33b16a2b2b2e51688a?s=96&d=mm&r=g\",\"contentUrl\":\"https:\\\/\\\/secure.gravatar.com\\\/avatar\\\/c3a4375d38fd8f9b34ac9e853cb706a079817c78f9a39e33b16a2b2b2e51688a?s=96&d=mm&r=g\",\"caption\":\"CvNoticias\"},\"url\":\"https:\\\/\\\/cvnoticias.com\\\/nuevapagina\\\/index.php\\\/author\\\/gesner\\\/\"}]}<\/script>\n<!-- \/ Yoast SEO plugin. -->","yoast_head_json":{"title":"Exhorta Parlamento local a integrar comisiones de entrega-recepci\u00f3n a municipios regidos por Sistemas Normativos Ind\u00edgenas que har\u00e1n cambio de administraci\u00f3n en el 2026 - CV Noticias","robots":{"index":"index","follow":"follow","max-snippet":"max-snippet:-1","max-image-preview":"max-image-preview:large","max-video-preview":"max-video-preview:-1"},"canonical":"https:\/\/cvnoticias.com\/nuevapagina\/index.php\/2025\/12\/23\/exhorta-parlamento-local-a-integrar-comisiones-de-entrega-recepcion-a-municipios-regidos-por-sistemas-normativos-indigenas-que-haran-cambio-de-administracion-en-el-2026\/","og_locale":"es_ES","og_type":"article","og_title":"Exhorta Parlamento local a integrar comisiones de entrega-recepci\u00f3n a municipios regidos por Sistemas Normativos Ind\u00edgenas que har\u00e1n cambio de administraci\u00f3n en el 2026 - CV Noticias","og_description":"La iniciativa fue promovida por el diputado Nicol\u00e1s Enrique Feria Romero, integrante del Grupo Parlamentario...","og_url":"https:\/\/cvnoticias.com\/nuevapagina\/index.php\/2025\/12\/23\/exhorta-parlamento-local-a-integrar-comisiones-de-entrega-recepcion-a-municipios-regidos-por-sistemas-normativos-indigenas-que-haran-cambio-de-administracion-en-el-2026\/","og_site_name":"CV Noticias","article_published_time":"2025-12-23T14:02:34+00:00","article_modified_time":"2025-12-23T14:02:36+00:00","og_image":[{"width":1289,"height":877,"url":"https:\/\/cvnoticias.com\/nuevapagina\/wp-content\/uploads\/2025\/12\/WhatsApp-Image-2025-12-22-at-8.01.28-PM-2.jpeg","type":"image\/jpeg"}],"author":"CvNoticias","twitter_card":"summary_large_image","twitter_misc":{"Escrito por":"CvNoticias","Tiempo de lectura":"2 minutos"},"schema":{"@context":"https:\/\/schema.org","@graph":[{"@type":"Article","@id":"https:\/\/cvnoticias.com\/nuevapagina\/index.php\/2025\/12\/23\/exhorta-parlamento-local-a-integrar-comisiones-de-entrega-recepcion-a-municipios-regidos-por-sistemas-normativos-indigenas-que-haran-cambio-de-administracion-en-el-2026\/#article","isPartOf":{"@id":"https:\/\/cvnoticias.com\/nuevapagina\/index.php\/2025\/12\/23\/exhorta-parlamento-local-a-integrar-comisiones-de-entrega-recepcion-a-municipios-regidos-por-sistemas-normativos-indigenas-que-haran-cambio-de-administracion-en-el-2026\/"},"author":{"name":"CvNoticias","@id":"https:\/\/cvnoticias.com\/nuevapagina\/#\/schema\/person\/19e35f246421a31486be7321065f7463"},"headline":"Exhorta Parlamento local a integrar comisiones de entrega-recepci\u00f3n a municipios regidos por Sistemas Normativos Ind\u00edgenas que har\u00e1n cambio de administraci\u00f3n en el 2026","datePublished":"2025-12-23T14:02:34+00:00","dateModified":"2025-12-23T14:02:36+00:00","mainEntityOfPage":{"@id":"https:\/\/cvnoticias.com\/nuevapagina\/index.php\/2025\/12\/23\/exhorta-parlamento-local-a-integrar-comisiones-de-entrega-recepcion-a-municipios-regidos-por-sistemas-normativos-indigenas-que-haran-cambio-de-administracion-en-el-2026\/"},"wordCount":431,"commentCount":0,"publisher":{"@id":"https:\/\/cvnoticias.com\/nuevapagina\/#organization"},"image":{"@id":"https:\/\/cvnoticias.com\/nuevapagina\/index.php\/2025\/12\/23\/exhorta-parlamento-local-a-integrar-comisiones-de-entrega-recepcion-a-municipios-regidos-por-sistemas-normativos-indigenas-que-haran-cambio-de-administracion-en-el-2026\/#primaryimage"},"thumbnailUrl":"https:\/\/cvnoticias.com\/nuevapagina\/wp-content\/uploads\/2025\/12\/WhatsApp-Image-2025-12-22-at-8.01.28-PM-2.jpeg","articleSection":["Comunicados"],"inLanguage":"es","potentialAction":[{"@type":"CommentAction","name":"Comment","target":["https:\/\/cvnoticias.com\/nuevapagina\/index.php\/2025\/12\/23\/exhorta-parlamento-local-a-integrar-comisiones-de-entrega-recepcion-a-municipios-regidos-por-sistemas-normativos-indigenas-que-haran-cambio-de-administracion-en-el-2026\/#respond"]}]},{"@type":"WebPage","@id":"https:\/\/cvnoticias.com\/nuevapagina\/index.php\/2025\/12\/23\/exhorta-parlamento-local-a-integrar-comisiones-de-entrega-recepcion-a-municipios-regidos-por-sistemas-normativos-indigenas-que-haran-cambio-de-administracion-en-el-2026\/","url":"https:\/\/cvnoticias.com\/nuevapagina\/index.php\/2025\/12\/23\/exhorta-parlamento-local-a-integrar-comisiones-de-entrega-recepcion-a-municipios-regidos-por-sistemas-normativos-indigenas-que-haran-cambio-de-administracion-en-el-2026\/","name":"Exhorta Parlamento local a integrar comisiones de entrega-recepci\u00f3n a municipios regidos por Sistemas Normativos Ind\u00edgenas que har\u00e1n cambio de administraci\u00f3n en el 2026 - CV Noticias","isPartOf":{"@id":"https:\/\/cvnoticias.com\/nuevapagina\/#website"},"primaryImageOfPage":{"@id":"https:\/\/cvnoticias.com\/nuevapagina\/index.php\/2025\/12\/23\/exhorta-parlamento-local-a-integrar-comisiones-de-entrega-recepcion-a-municipios-regidos-por-sistemas-normativos-indigenas-que-haran-cambio-de-administracion-en-el-2026\/#primaryimage"},"image":{"@id":"https:\/\/cvnoticias.com\/nuevapagina\/index.php\/2025\/12\/23\/exhorta-parlamento-local-a-integrar-comisiones-de-entrega-recepcion-a-municipios-regidos-por-sistemas-normativos-indigenas-que-haran-cambio-de-administracion-en-el-2026\/#primaryimage"},"thumbnailUrl":"https:\/\/cvnoticias.com\/nuevapagina\/wp-content\/uploads\/2025\/12\/WhatsApp-Image-2025-12-22-at-8.01.28-PM-2.jpeg","datePublished":"2025-12-23T14:02:34+00:00","dateModified":"2025-12-23T14:02:36+00:00","breadcrumb":{"@id":"https:\/\/cvnoticias.com\/nuevapagina\/index.php\/2025\/12\/23\/exhorta-parlamento-local-a-integrar-comisiones-de-entrega-recepcion-a-municipios-regidos-por-sistemas-normativos-indigenas-que-haran-cambio-de-administracion-en-el-2026\/#breadcrumb"},"inLanguage":"es","potentialAction":[{"@type":"ReadAction","target":["https:\/\/cvnoticias.com\/nuevapagina\/index.php\/2025\/12\/23\/exhorta-parlamento-local-a-integrar-comisiones-de-entrega-recepcion-a-municipios-regidos-por-sistemas-normativos-indigenas-que-haran-cambio-de-administracion-en-el-2026\/"]}]},{"@type":"ImageObject","inLanguage":"es","@id":"https:\/\/cvnoticias.com\/nuevapagina\/index.php\/2025\/12\/23\/exhorta-parlamento-local-a-integrar-comisiones-de-entrega-recepcion-a-municipios-regidos-por-sistemas-normativos-indigenas-que-haran-cambio-de-administracion-en-el-2026\/#primaryimage","url":"https:\/\/cvnoticias.com\/nuevapagina\/wp-content\/uploads\/2025\/12\/WhatsApp-Image-2025-12-22-at-8.01.28-PM-2.jpeg","contentUrl":"https:\/\/cvnoticias.com\/nuevapagina\/wp-content\/uploads\/2025\/12\/WhatsApp-Image-2025-12-22-at-8.01.28-PM-2.jpeg","width":1289,"height":877},{"@type":"BreadcrumbList","@id":"https:\/\/cvnoticias.com\/nuevapagina\/index.php\/2025\/12\/23\/exhorta-parlamento-local-a-integrar-comisiones-de-entrega-recepcion-a-municipios-regidos-por-sistemas-normativos-indigenas-que-haran-cambio-de-administracion-en-el-2026\/#breadcrumb","itemListElement":[{"@type":"ListItem","position":1,"name":"Portada","item":"https:\/\/cvnoticias.com\/nuevapagina\/"},{"@type":"ListItem","position":2,"name":"Exhorta Parlamento local a integrar comisiones de entrega-recepci\u00f3n a municipios regidos por Sistemas Normativos Ind\u00edgenas que har\u00e1n cambio de administraci\u00f3n en el 2026"}]},{"@type":"WebSite","@id":"https:\/\/cvnoticias.com\/nuevapagina\/#website","url":"https:\/\/cvnoticias.com\/nuevapagina\/","name":"CV Noticias","description":"Noticias de Oaxaca","publisher":{"@id":"https:\/\/cvnoticias.com\/nuevapagina\/#organization"},"potentialAction":[{"@type":"SearchAction","target":{"@type":"EntryPoint","urlTemplate":"https:\/\/cvnoticias.com\/nuevapagina\/?s={search_term_string}"},"query-input":{"@type":"PropertyValueSpecification","valueRequired":true,"valueName":"search_term_string"}}],"inLanguage":"es"},{"@type":"Organization","@id":"https:\/\/cvnoticias.com\/nuevapagina\/#organization","name":"CV Noticias","url":"https:\/\/cvnoticias.com\/nuevapagina\/","logo":{"@type":"ImageObject","inLanguage":"es","@id":"https:\/\/cvnoticias.com\/nuevapagina\/#\/schema\/logo\/image\/","url":"https:\/\/cvnoticias.com\/nuevapagina\/wp-content\/uploads\/2025\/05\/cropped-logo-1.png","contentUrl":"https:\/\/cvnoticias.com\/nuevapagina\/wp-content\/uploads\/2025\/05\/cropped-logo-1.png","width":320,"height":118,"caption":"CV Noticias"},"image":{"@id":"https:\/\/cvnoticias.com\/nuevapagina\/#\/schema\/logo\/image\/"}},{"@type":"Person","@id":"https:\/\/cvnoticias.com\/nuevapagina\/#\/schema\/person\/19e35f246421a31486be7321065f7463","name":"CvNoticias","image":{"@type":"ImageObject","inLanguage":"es","@id":"https:\/\/secure.gravatar.com\/avatar\/c3a4375d38fd8f9b34ac9e853cb706a079817c78f9a39e33b16a2b2b2e51688a?s=96&d=mm&r=g","url":"https:\/\/secure.gravatar.com\/avatar\/c3a4375d38fd8f9b34ac9e853cb706a079817c78f9a39e33b16a2b2b2e51688a?s=96&d=mm&r=g","contentUrl":"https:\/\/secure.gravatar.com\/avatar\/c3a4375d38fd8f9b34ac9e853cb706a079817c78f9a39e33b16a2b2b2e51688a?s=96&d=mm&r=g","caption":"CvNoticias"},"url":"https:\/\/cvnoticias.com\/nuevapagina\/index.php\/author\/gesner\/"}]}},"_links":{"self":[{"href":"https:\/\/cvnoticias.com\/nuevapagina\/index.php\/wp-json\/wp\/v2\/posts\/4556","targetHints":{"allow":["GET"]}}],"collection":[{"href":"https:\/\/cvnoticias.com\/nuevapagina\/index.php\/wp-json\/wp\/v2\/posts"}],"about":[{"href":"https:\/\/cvnoticias.com\/nuevapagina\/index.php\/wp-json\/wp\/v2\/types\/post"}],"author":[{"embeddable":true,"href":"https:\/\/cvnoticias.com\/nuevapagina\/index.php\/wp-json\/wp\/v2\/users\/2"}],"replies":[{"embeddable":true,"href":"https:\/\/cvnoticias.com\/nuevapagina\/index.php\/wp-json\/wp\/v2\/comments?post=4556"}],"version-history":[{"count":1,"href":"https:\/\/cvnoticias.com\/nuevapagina\/index.php\/wp-json\/wp\/v2\/posts\/4556\/revisions"}],"predecessor-version":[{"id":4557,"href":"https:\/\/cvnoticias.com\/nuevapagina\/index.php\/wp-json\/wp\/v2\/posts\/4556\/revisions\/4557"}],"wp:featuredmedia":[{"embeddable":true,"href":"https:\/\/cvnoticias.com\/nuevapagina\/index.php\/wp-json\/wp\/v2\/media\/4541"}],"wp:attachment":[{"href":"https:\/\/cvnoticias.com\/nuevapagina\/index.php\/wp-json\/wp\/v2\/media?parent=4556"}],"wp:term":[{"taxonomy":"category","embeddable":true,"href":"https:\/\/cvnoticias.com\/nuevapagina\/index.php\/wp-json\/wp\/v2\/categories?post=4556"},{"taxonomy":"post_tag","embeddable":true,"href":"https:\/\/cvnoticias.com\/nuevapagina\/index.php\/wp-json\/wp\/v2\/tags?post=4556"}],"curies":[{"name":"wp","href":"https:\/\/api.w.org\/{rel}","templated":true}]}}