{"id":4531,"date":"2025-12-21T02:21:25","date_gmt":"2025-12-21T02:21:25","guid":{"rendered":"https:\/\/cvnoticias.com\/nuevapagina\/?p=4531"},"modified":"2025-12-21T02:21:27","modified_gmt":"2025-12-21T02:21:27","slug":"reconoce-noe-jara-cruz-el-trabajo-y-los-resultados-del-presidente-municipal-ray-chagoya-en-su-primer-ano-de-gestion","status":"publish","type":"post","link":"https:\/\/cvnoticias.com\/nuevapagina\/index.php\/2025\/12\/21\/reconoce-noe-jara-cruz-el-trabajo-y-los-resultados-del-presidente-municipal-ray-chagoya-en-su-primer-ano-de-gestion\/","title":{"rendered":"Reconoce No\u00e9 Jara Cruz el trabajo y los resultados del Presidente Municipal Ray Chagoya en su primer a\u00f1o de gesti\u00f3n."},"content":{"rendered":"\n<p><\/p>\n\n\n\n<p>Oaxaca de Ju\u00e1rez, Oax., 20 de diciembre de 2025. El referente de Morena, No\u00e9 Jara Cruz, asisti\u00f3 al Primer Informe de Resultados y Energ\u00eda del Presidente Municipal de Oaxaca de Ju\u00e1rez, Raymundo Chagoya Villanueva, realizado en la Plaza de la Danza, donde se dieron a conocer las principales acciones, programas y avances alcanzados durante el primer a\u00f1o de la actual administraci\u00f3n municipal.<\/p>\n\n\n\n<p>Ante representantes de diversos sectores y ciudadan\u00eda en general, se destacaron los avances en servicios p\u00fablicos, desarrollo urbano, atenci\u00f3n social y fortalecimiento institucional, enfocados en mejorar la calidad de vida de las vecinas y vecinos del municipio.<\/p>\n\n\n\n<p>Durante el informe, se subray\u00f3 la implementaci\u00f3n de estrategias de participaci\u00f3n ciudadana, como los Tequios Vecinales, mediante los cuales se logr\u00f3 la recuperaci\u00f3n de 4 hect\u00e1reas de espacios p\u00fablicos, la rehabilitaci\u00f3n de 36 canchas deportivas y la pintura de 586 fachadas, con la participaci\u00f3n activa de 8,137 vecinas y vecinos, fortaleciendo el tejido social en barrios, colonias y agencias municipales.<\/p>\n\n\n\n<p>Asimismo, a trav\u00e9s del programa Latidos Vecinales, m\u00e1s de 38,490 personas participaron en jornadas comunitarias de cultura, arte, salud, deporte y convivencia, contribuyendo a la prevenci\u00f3n social y a la construcci\u00f3n de entornos m\u00e1s seguros.<\/p>\n\n\n\n<p>En este contexto, No\u00e9 Jara Cruz felicit\u00f3 al Presidente Municipal por su primer a\u00f1o de gobierno y reconoci\u00f3 el ejercicio de rendici\u00f3n de cuentas, destacando la transparencia, la cercan\u00eda con la ciudadan\u00eda y el trabajo coordinado del Ayuntamiento como pilares para seguir impulsando el desarrollo y bienestar de Oaxaca de Ju\u00e1rez.<\/p>\n\n\n\n<p>Finalmente, se\u00f1al\u00f3 que este tipo de ejercicios fortalecen la confianza ciudadana y consolidan un gobierno abierto, participativo y comprometido con la atenci\u00f3n a las causas, donde la transformaci\u00f3n inicia desde cada barrio, colonia y agencia del municipio.<\/p>\n\n\n\n<p><\/p>\n","protected":false},"excerpt":{"rendered":"<p>Oaxaca de Ju\u00e1rez, Oax., 20 de diciembre de 2025. El referente de Morena, No\u00e9 Jara&#8230;<\/p>\n","protected":false},"author":2,"featured_media":4528,"comment_status":"open","ping_status":"closed","sticky":false,"template":"","format":"standard","meta":{"footnotes":""},"categories":[3],"tags":[],"class_list":["post-4531","post","type-post","status-publish","format-standard","has-post-thumbnail","hentry","category-comunicadosdeprensa"],"yoast_head":"<!-- This site is optimized with the Yoast SEO plugin v27.5 - https:\/\/yoast.com\/product\/yoast-seo-wordpress\/ -->\n<title>Reconoce No\u00e9 Jara Cruz el trabajo y los resultados del Presidente Municipal Ray Chagoya en su primer a\u00f1o de gesti\u00f3n. - CV Noticias<\/title>\n<meta name=\"robots\" content=\"index, follow, max-snippet:-1, max-image-preview:large, max-video-preview:-1\" \/>\n<link rel=\"canonical\" href=\"https:\/\/cvnoticias.com\/nuevapagina\/index.php\/2025\/12\/21\/reconoce-noe-jara-cruz-el-trabajo-y-los-resultados-del-presidente-municipal-ray-chagoya-en-su-primer-ano-de-gestion\/\" \/>\n<meta property=\"og:locale\" content=\"es_ES\" \/>\n<meta property=\"og:type\" content=\"article\" \/>\n<meta property=\"og:title\" content=\"Reconoce No\u00e9 Jara Cruz el trabajo y los resultados del Presidente Municipal Ray Chagoya en su primer a\u00f1o de gesti\u00f3n. - CV Noticias\" \/>\n<meta property=\"og:description\" content=\"Oaxaca de Ju\u00e1rez, Oax., 20 de diciembre de 2025. El referente de Morena, No\u00e9 Jara...\" \/>\n<meta property=\"og:url\" content=\"https:\/\/cvnoticias.com\/nuevapagina\/index.php\/2025\/12\/21\/reconoce-noe-jara-cruz-el-trabajo-y-los-resultados-del-presidente-municipal-ray-chagoya-en-su-primer-ano-de-gestion\/\" \/>\n<meta property=\"og:site_name\" content=\"CV Noticias\" \/>\n<meta property=\"article:published_time\" content=\"2025-12-21T02:21:25+00:00\" \/>\n<meta property=\"article:modified_time\" content=\"2025-12-21T02:21:27+00:00\" \/>\n<meta property=\"og:image\" content=\"https:\/\/cvnoticias.com\/nuevapagina\/wp-content\/uploads\/2025\/12\/8cdf4e9f-cf9b-4e64-a8ff-ed0fed0c4386.jpeg\" \/>\n\t<meta property=\"og:image:width\" content=\"1500\" \/>\n\t<meta property=\"og:image:height\" content=\"1000\" \/>\n\t<meta property=\"og:image:type\" content=\"image\/jpeg\" \/>\n<meta name=\"author\" content=\"CvNoticias\" \/>\n<meta name=\"twitter:card\" content=\"summary_large_image\" \/>\n<meta name=\"twitter:label1\" content=\"Escrito por\" \/>\n\t<meta name=\"twitter:data1\" content=\"CvNoticias\" \/>\n\t<meta name=\"twitter:label2\" content=\"Tiempo de lectura\" \/>\n\t<meta name=\"twitter:data2\" content=\"2 minutos\" \/>\n<script type=\"application\/ld+json\" class=\"yoast-schema-graph\">{\"@context\":\"https:\\\/\\\/schema.org\",\"@graph\":[{\"@type\":\"Article\",\"@id\":\"https:\\\/\\\/cvnoticias.com\\\/nuevapagina\\\/index.php\\\/2025\\\/12\\\/21\\\/reconoce-noe-jara-cruz-el-trabajo-y-los-resultados-del-presidente-municipal-ray-chagoya-en-su-primer-ano-de-gestion\\\/#article\",\"isPartOf\":{\"@id\":\"https:\\\/\\\/cvnoticias.com\\\/nuevapagina\\\/index.php\\\/2025\\\/12\\\/21\\\/reconoce-noe-jara-cruz-el-trabajo-y-los-resultados-del-presidente-municipal-ray-chagoya-en-su-primer-ano-de-gestion\\\/\"},\"author\":{\"name\":\"CvNoticias\",\"@id\":\"https:\\\/\\\/cvnoticias.com\\\/nuevapagina\\\/#\\\/schema\\\/person\\\/19e35f246421a31486be7321065f7463\"},\"headline\":\"Reconoce No\u00e9 Jara Cruz el trabajo y los resultados del Presidente Municipal Ray Chagoya en su primer a\u00f1o de gesti\u00f3n.\",\"datePublished\":\"2025-12-21T02:21:25+00:00\",\"dateModified\":\"2025-12-21T02:21:27+00:00\",\"mainEntityOfPage\":{\"@id\":\"https:\\\/\\\/cvnoticias.com\\\/nuevapagina\\\/index.php\\\/2025\\\/12\\\/21\\\/reconoce-noe-jara-cruz-el-trabajo-y-los-resultados-del-presidente-municipal-ray-chagoya-en-su-primer-ano-de-gestion\\\/\"},\"wordCount\":325,\"commentCount\":0,\"publisher\":{\"@id\":\"https:\\\/\\\/cvnoticias.com\\\/nuevapagina\\\/#organization\"},\"image\":{\"@id\":\"https:\\\/\\\/cvnoticias.com\\\/nuevapagina\\\/index.php\\\/2025\\\/12\\\/21\\\/reconoce-noe-jara-cruz-el-trabajo-y-los-resultados-del-presidente-municipal-ray-chagoya-en-su-primer-ano-de-gestion\\\/#primaryimage\"},\"thumbnailUrl\":\"https:\\\/\\\/cvnoticias.com\\\/nuevapagina\\\/wp-content\\\/uploads\\\/2025\\\/12\\\/8cdf4e9f-cf9b-4e64-a8ff-ed0fed0c4386.jpeg\",\"articleSection\":[\"Comunicados\"],\"inLanguage\":\"es\",\"potentialAction\":[{\"@type\":\"CommentAction\",\"name\":\"Comment\",\"target\":[\"https:\\\/\\\/cvnoticias.com\\\/nuevapagina\\\/index.php\\\/2025\\\/12\\\/21\\\/reconoce-noe-jara-cruz-el-trabajo-y-los-resultados-del-presidente-municipal-ray-chagoya-en-su-primer-ano-de-gestion\\\/#respond\"]}]},{\"@type\":\"WebPage\",\"@id\":\"https:\\\/\\\/cvnoticias.com\\\/nuevapagina\\\/index.php\\\/2025\\\/12\\\/21\\\/reconoce-noe-jara-cruz-el-trabajo-y-los-resultados-del-presidente-municipal-ray-chagoya-en-su-primer-ano-de-gestion\\\/\",\"url\":\"https:\\\/\\\/cvnoticias.com\\\/nuevapagina\\\/index.php\\\/2025\\\/12\\\/21\\\/reconoce-noe-jara-cruz-el-trabajo-y-los-resultados-del-presidente-municipal-ray-chagoya-en-su-primer-ano-de-gestion\\\/\",\"name\":\"Reconoce No\u00e9 Jara Cruz el trabajo y los resultados del Presidente Municipal Ray Chagoya en su primer a\u00f1o de gesti\u00f3n. - CV Noticias\",\"isPartOf\":{\"@id\":\"https:\\\/\\\/cvnoticias.com\\\/nuevapagina\\\/#website\"},\"primaryImageOfPage\":{\"@id\":\"https:\\\/\\\/cvnoticias.com\\\/nuevapagina\\\/index.php\\\/2025\\\/12\\\/21\\\/reconoce-noe-jara-cruz-el-trabajo-y-los-resultados-del-presidente-municipal-ray-chagoya-en-su-primer-ano-de-gestion\\\/#primaryimage\"},\"image\":{\"@id\":\"https:\\\/\\\/cvnoticias.com\\\/nuevapagina\\\/index.php\\\/2025\\\/12\\\/21\\\/reconoce-noe-jara-cruz-el-trabajo-y-los-resultados-del-presidente-municipal-ray-chagoya-en-su-primer-ano-de-gestion\\\/#primaryimage\"},\"thumbnailUrl\":\"https:\\\/\\\/cvnoticias.com\\\/nuevapagina\\\/wp-content\\\/uploads\\\/2025\\\/12\\\/8cdf4e9f-cf9b-4e64-a8ff-ed0fed0c4386.jpeg\",\"datePublished\":\"2025-12-21T02:21:25+00:00\",\"dateModified\":\"2025-12-21T02:21:27+00:00\",\"breadcrumb\":{\"@id\":\"https:\\\/\\\/cvnoticias.com\\\/nuevapagina\\\/index.php\\\/2025\\\/12\\\/21\\\/reconoce-noe-jara-cruz-el-trabajo-y-los-resultados-del-presidente-municipal-ray-chagoya-en-su-primer-ano-de-gestion\\\/#breadcrumb\"},\"inLanguage\":\"es\",\"potentialAction\":[{\"@type\":\"ReadAction\",\"target\":[\"https:\\\/\\\/cvnoticias.com\\\/nuevapagina\\\/index.php\\\/2025\\\/12\\\/21\\\/reconoce-noe-jara-cruz-el-trabajo-y-los-resultados-del-presidente-municipal-ray-chagoya-en-su-primer-ano-de-gestion\\\/\"]}]},{\"@type\":\"ImageObject\",\"inLanguage\":\"es\",\"@id\":\"https:\\\/\\\/cvnoticias.com\\\/nuevapagina\\\/index.php\\\/2025\\\/12\\\/21\\\/reconoce-noe-jara-cruz-el-trabajo-y-los-resultados-del-presidente-municipal-ray-chagoya-en-su-primer-ano-de-gestion\\\/#primaryimage\",\"url\":\"https:\\\/\\\/cvnoticias.com\\\/nuevapagina\\\/wp-content\\\/uploads\\\/2025\\\/12\\\/8cdf4e9f-cf9b-4e64-a8ff-ed0fed0c4386.jpeg\",\"contentUrl\":\"https:\\\/\\\/cvnoticias.com\\\/nuevapagina\\\/wp-content\\\/uploads\\\/2025\\\/12\\\/8cdf4e9f-cf9b-4e64-a8ff-ed0fed0c4386.jpeg\",\"width\":1500,\"height\":1000},{\"@type\":\"BreadcrumbList\",\"@id\":\"https:\\\/\\\/cvnoticias.com\\\/nuevapagina\\\/index.php\\\/2025\\\/12\\\/21\\\/reconoce-noe-jara-cruz-el-trabajo-y-los-resultados-del-presidente-municipal-ray-chagoya-en-su-primer-ano-de-gestion\\\/#breadcrumb\",\"itemListElement\":[{\"@type\":\"ListItem\",\"position\":1,\"name\":\"Portada\",\"item\":\"https:\\\/\\\/cvnoticias.com\\\/nuevapagina\\\/\"},{\"@type\":\"ListItem\",\"position\":2,\"name\":\"Reconoce No\u00e9 Jara Cruz el trabajo y los resultados del Presidente Municipal Ray Chagoya en su primer a\u00f1o de gesti\u00f3n.\"}]},{\"@type\":\"WebSite\",\"@id\":\"https:\\\/\\\/cvnoticias.com\\\/nuevapagina\\\/#website\",\"url\":\"https:\\\/\\\/cvnoticias.com\\\/nuevapagina\\\/\",\"name\":\"CV Noticias\",\"description\":\"Noticias de Oaxaca\",\"publisher\":{\"@id\":\"https:\\\/\\\/cvnoticias.com\\\/nuevapagina\\\/#organization\"},\"potentialAction\":[{\"@type\":\"SearchAction\",\"target\":{\"@type\":\"EntryPoint\",\"urlTemplate\":\"https:\\\/\\\/cvnoticias.com\\\/nuevapagina\\\/?s={search_term_string}\"},\"query-input\":{\"@type\":\"PropertyValueSpecification\",\"valueRequired\":true,\"valueName\":\"search_term_string\"}}],\"inLanguage\":\"es\"},{\"@type\":\"Organization\",\"@id\":\"https:\\\/\\\/cvnoticias.com\\\/nuevapagina\\\/#organization\",\"name\":\"CV Noticias\",\"url\":\"https:\\\/\\\/cvnoticias.com\\\/nuevapagina\\\/\",\"logo\":{\"@type\":\"ImageObject\",\"inLanguage\":\"es\",\"@id\":\"https:\\\/\\\/cvnoticias.com\\\/nuevapagina\\\/#\\\/schema\\\/logo\\\/image\\\/\",\"url\":\"https:\\\/\\\/cvnoticias.com\\\/nuevapagina\\\/wp-content\\\/uploads\\\/2025\\\/05\\\/cropped-logo-1.png\",\"contentUrl\":\"https:\\\/\\\/cvnoticias.com\\\/nuevapagina\\\/wp-content\\\/uploads\\\/2025\\\/05\\\/cropped-logo-1.png\",\"width\":320,\"height\":118,\"caption\":\"CV Noticias\"},\"image\":{\"@id\":\"https:\\\/\\\/cvnoticias.com\\\/nuevapagina\\\/#\\\/schema\\\/logo\\\/image\\\/\"}},{\"@type\":\"Person\",\"@id\":\"https:\\\/\\\/cvnoticias.com\\\/nuevapagina\\\/#\\\/schema\\\/person\\\/19e35f246421a31486be7321065f7463\",\"name\":\"CvNoticias\",\"image\":{\"@type\":\"ImageObject\",\"inLanguage\":\"es\",\"@id\":\"https:\\\/\\\/secure.gravatar.com\\\/avatar\\\/c3a4375d38fd8f9b34ac9e853cb706a079817c78f9a39e33b16a2b2b2e51688a?s=96&d=mm&r=g\",\"url\":\"https:\\\/\\\/secure.gravatar.com\\\/avatar\\\/c3a4375d38fd8f9b34ac9e853cb706a079817c78f9a39e33b16a2b2b2e51688a?s=96&d=mm&r=g\",\"contentUrl\":\"https:\\\/\\\/secure.gravatar.com\\\/avatar\\\/c3a4375d38fd8f9b34ac9e853cb706a079817c78f9a39e33b16a2b2b2e51688a?s=96&d=mm&r=g\",\"caption\":\"CvNoticias\"},\"url\":\"https:\\\/\\\/cvnoticias.com\\\/nuevapagina\\\/index.php\\\/author\\\/gesner\\\/\"}]}<\/script>\n<!-- \/ Yoast SEO plugin. -->","yoast_head_json":{"title":"Reconoce No\u00e9 Jara Cruz el trabajo y los resultados del Presidente Municipal Ray Chagoya en su primer a\u00f1o de gesti\u00f3n. - CV Noticias","robots":{"index":"index","follow":"follow","max-snippet":"max-snippet:-1","max-image-preview":"max-image-preview:large","max-video-preview":"max-video-preview:-1"},"canonical":"https:\/\/cvnoticias.com\/nuevapagina\/index.php\/2025\/12\/21\/reconoce-noe-jara-cruz-el-trabajo-y-los-resultados-del-presidente-municipal-ray-chagoya-en-su-primer-ano-de-gestion\/","og_locale":"es_ES","og_type":"article","og_title":"Reconoce No\u00e9 Jara Cruz el trabajo y los resultados del Presidente Municipal Ray Chagoya en su primer a\u00f1o de gesti\u00f3n. - CV Noticias","og_description":"Oaxaca de Ju\u00e1rez, Oax., 20 de diciembre de 2025. El referente de Morena, No\u00e9 Jara...","og_url":"https:\/\/cvnoticias.com\/nuevapagina\/index.php\/2025\/12\/21\/reconoce-noe-jara-cruz-el-trabajo-y-los-resultados-del-presidente-municipal-ray-chagoya-en-su-primer-ano-de-gestion\/","og_site_name":"CV Noticias","article_published_time":"2025-12-21T02:21:25+00:00","article_modified_time":"2025-12-21T02:21:27+00:00","og_image":[{"width":1500,"height":1000,"url":"https:\/\/cvnoticias.com\/nuevapagina\/wp-content\/uploads\/2025\/12\/8cdf4e9f-cf9b-4e64-a8ff-ed0fed0c4386.jpeg","type":"image\/jpeg"}],"author":"CvNoticias","twitter_card":"summary_large_image","twitter_misc":{"Escrito por":"CvNoticias","Tiempo de lectura":"2 minutos"},"schema":{"@context":"https:\/\/schema.org","@graph":[{"@type":"Article","@id":"https:\/\/cvnoticias.com\/nuevapagina\/index.php\/2025\/12\/21\/reconoce-noe-jara-cruz-el-trabajo-y-los-resultados-del-presidente-municipal-ray-chagoya-en-su-primer-ano-de-gestion\/#article","isPartOf":{"@id":"https:\/\/cvnoticias.com\/nuevapagina\/index.php\/2025\/12\/21\/reconoce-noe-jara-cruz-el-trabajo-y-los-resultados-del-presidente-municipal-ray-chagoya-en-su-primer-ano-de-gestion\/"},"author":{"name":"CvNoticias","@id":"https:\/\/cvnoticias.com\/nuevapagina\/#\/schema\/person\/19e35f246421a31486be7321065f7463"},"headline":"Reconoce No\u00e9 Jara Cruz el trabajo y los resultados del Presidente Municipal Ray Chagoya en su primer a\u00f1o de gesti\u00f3n.","datePublished":"2025-12-21T02:21:25+00:00","dateModified":"2025-12-21T02:21:27+00:00","mainEntityOfPage":{"@id":"https:\/\/cvnoticias.com\/nuevapagina\/index.php\/2025\/12\/21\/reconoce-noe-jara-cruz-el-trabajo-y-los-resultados-del-presidente-municipal-ray-chagoya-en-su-primer-ano-de-gestion\/"},"wordCount":325,"commentCount":0,"publisher":{"@id":"https:\/\/cvnoticias.com\/nuevapagina\/#organization"},"image":{"@id":"https:\/\/cvnoticias.com\/nuevapagina\/index.php\/2025\/12\/21\/reconoce-noe-jara-cruz-el-trabajo-y-los-resultados-del-presidente-municipal-ray-chagoya-en-su-primer-ano-de-gestion\/#primaryimage"},"thumbnailUrl":"https:\/\/cvnoticias.com\/nuevapagina\/wp-content\/uploads\/2025\/12\/8cdf4e9f-cf9b-4e64-a8ff-ed0fed0c4386.jpeg","articleSection":["Comunicados"],"inLanguage":"es","potentialAction":[{"@type":"CommentAction","name":"Comment","target":["https:\/\/cvnoticias.com\/nuevapagina\/index.php\/2025\/12\/21\/reconoce-noe-jara-cruz-el-trabajo-y-los-resultados-del-presidente-municipal-ray-chagoya-en-su-primer-ano-de-gestion\/#respond"]}]},{"@type":"WebPage","@id":"https:\/\/cvnoticias.com\/nuevapagina\/index.php\/2025\/12\/21\/reconoce-noe-jara-cruz-el-trabajo-y-los-resultados-del-presidente-municipal-ray-chagoya-en-su-primer-ano-de-gestion\/","url":"https:\/\/cvnoticias.com\/nuevapagina\/index.php\/2025\/12\/21\/reconoce-noe-jara-cruz-el-trabajo-y-los-resultados-del-presidente-municipal-ray-chagoya-en-su-primer-ano-de-gestion\/","name":"Reconoce No\u00e9 Jara Cruz el trabajo y los resultados del Presidente Municipal Ray Chagoya en su primer a\u00f1o de gesti\u00f3n. - CV Noticias","isPartOf":{"@id":"https:\/\/cvnoticias.com\/nuevapagina\/#website"},"primaryImageOfPage":{"@id":"https:\/\/cvnoticias.com\/nuevapagina\/index.php\/2025\/12\/21\/reconoce-noe-jara-cruz-el-trabajo-y-los-resultados-del-presidente-municipal-ray-chagoya-en-su-primer-ano-de-gestion\/#primaryimage"},"image":{"@id":"https:\/\/cvnoticias.com\/nuevapagina\/index.php\/2025\/12\/21\/reconoce-noe-jara-cruz-el-trabajo-y-los-resultados-del-presidente-municipal-ray-chagoya-en-su-primer-ano-de-gestion\/#primaryimage"},"thumbnailUrl":"https:\/\/cvnoticias.com\/nuevapagina\/wp-content\/uploads\/2025\/12\/8cdf4e9f-cf9b-4e64-a8ff-ed0fed0c4386.jpeg","datePublished":"2025-12-21T02:21:25+00:00","dateModified":"2025-12-21T02:21:27+00:00","breadcrumb":{"@id":"https:\/\/cvnoticias.com\/nuevapagina\/index.php\/2025\/12\/21\/reconoce-noe-jara-cruz-el-trabajo-y-los-resultados-del-presidente-municipal-ray-chagoya-en-su-primer-ano-de-gestion\/#breadcrumb"},"inLanguage":"es","potentialAction":[{"@type":"ReadAction","target":["https:\/\/cvnoticias.com\/nuevapagina\/index.php\/2025\/12\/21\/reconoce-noe-jara-cruz-el-trabajo-y-los-resultados-del-presidente-municipal-ray-chagoya-en-su-primer-ano-de-gestion\/"]}]},{"@type":"ImageObject","inLanguage":"es","@id":"https:\/\/cvnoticias.com\/nuevapagina\/index.php\/2025\/12\/21\/reconoce-noe-jara-cruz-el-trabajo-y-los-resultados-del-presidente-municipal-ray-chagoya-en-su-primer-ano-de-gestion\/#primaryimage","url":"https:\/\/cvnoticias.com\/nuevapagina\/wp-content\/uploads\/2025\/12\/8cdf4e9f-cf9b-4e64-a8ff-ed0fed0c4386.jpeg","contentUrl":"https:\/\/cvnoticias.com\/nuevapagina\/wp-content\/uploads\/2025\/12\/8cdf4e9f-cf9b-4e64-a8ff-ed0fed0c4386.jpeg","width":1500,"height":1000},{"@type":"BreadcrumbList","@id":"https:\/\/cvnoticias.com\/nuevapagina\/index.php\/2025\/12\/21\/reconoce-noe-jara-cruz-el-trabajo-y-los-resultados-del-presidente-municipal-ray-chagoya-en-su-primer-ano-de-gestion\/#breadcrumb","itemListElement":[{"@type":"ListItem","position":1,"name":"Portada","item":"https:\/\/cvnoticias.com\/nuevapagina\/"},{"@type":"ListItem","position":2,"name":"Reconoce No\u00e9 Jara Cruz el trabajo y los resultados del Presidente Municipal Ray Chagoya en su primer a\u00f1o de gesti\u00f3n."}]},{"@type":"WebSite","@id":"https:\/\/cvnoticias.com\/nuevapagina\/#website","url":"https:\/\/cvnoticias.com\/nuevapagina\/","name":"CV Noticias","description":"Noticias de Oaxaca","publisher":{"@id":"https:\/\/cvnoticias.com\/nuevapagina\/#organization"},"potentialAction":[{"@type":"SearchAction","target":{"@type":"EntryPoint","urlTemplate":"https:\/\/cvnoticias.com\/nuevapagina\/?s={search_term_string}"},"query-input":{"@type":"PropertyValueSpecification","valueRequired":true,"valueName":"search_term_string"}}],"inLanguage":"es"},{"@type":"Organization","@id":"https:\/\/cvnoticias.com\/nuevapagina\/#organization","name":"CV Noticias","url":"https:\/\/cvnoticias.com\/nuevapagina\/","logo":{"@type":"ImageObject","inLanguage":"es","@id":"https:\/\/cvnoticias.com\/nuevapagina\/#\/schema\/logo\/image\/","url":"https:\/\/cvnoticias.com\/nuevapagina\/wp-content\/uploads\/2025\/05\/cropped-logo-1.png","contentUrl":"https:\/\/cvnoticias.com\/nuevapagina\/wp-content\/uploads\/2025\/05\/cropped-logo-1.png","width":320,"height":118,"caption":"CV Noticias"},"image":{"@id":"https:\/\/cvnoticias.com\/nuevapagina\/#\/schema\/logo\/image\/"}},{"@type":"Person","@id":"https:\/\/cvnoticias.com\/nuevapagina\/#\/schema\/person\/19e35f246421a31486be7321065f7463","name":"CvNoticias","image":{"@type":"ImageObject","inLanguage":"es","@id":"https:\/\/secure.gravatar.com\/avatar\/c3a4375d38fd8f9b34ac9e853cb706a079817c78f9a39e33b16a2b2b2e51688a?s=96&d=mm&r=g","url":"https:\/\/secure.gravatar.com\/avatar\/c3a4375d38fd8f9b34ac9e853cb706a079817c78f9a39e33b16a2b2b2e51688a?s=96&d=mm&r=g","contentUrl":"https:\/\/secure.gravatar.com\/avatar\/c3a4375d38fd8f9b34ac9e853cb706a079817c78f9a39e33b16a2b2b2e51688a?s=96&d=mm&r=g","caption":"CvNoticias"},"url":"https:\/\/cvnoticias.com\/nuevapagina\/index.php\/author\/gesner\/"}]}},"_links":{"self":[{"href":"https:\/\/cvnoticias.com\/nuevapagina\/index.php\/wp-json\/wp\/v2\/posts\/4531","targetHints":{"allow":["GET"]}}],"collection":[{"href":"https:\/\/cvnoticias.com\/nuevapagina\/index.php\/wp-json\/wp\/v2\/posts"}],"about":[{"href":"https:\/\/cvnoticias.com\/nuevapagina\/index.php\/wp-json\/wp\/v2\/types\/post"}],"author":[{"embeddable":true,"href":"https:\/\/cvnoticias.com\/nuevapagina\/index.php\/wp-json\/wp\/v2\/users\/2"}],"replies":[{"embeddable":true,"href":"https:\/\/cvnoticias.com\/nuevapagina\/index.php\/wp-json\/wp\/v2\/comments?post=4531"}],"version-history":[{"count":1,"href":"https:\/\/cvnoticias.com\/nuevapagina\/index.php\/wp-json\/wp\/v2\/posts\/4531\/revisions"}],"predecessor-version":[{"id":4532,"href":"https:\/\/cvnoticias.com\/nuevapagina\/index.php\/wp-json\/wp\/v2\/posts\/4531\/revisions\/4532"}],"wp:featuredmedia":[{"embeddable":true,"href":"https:\/\/cvnoticias.com\/nuevapagina\/index.php\/wp-json\/wp\/v2\/media\/4528"}],"wp:attachment":[{"href":"https:\/\/cvnoticias.com\/nuevapagina\/index.php\/wp-json\/wp\/v2\/media?parent=4531"}],"wp:term":[{"taxonomy":"category","embeddable":true,"href":"https:\/\/cvnoticias.com\/nuevapagina\/index.php\/wp-json\/wp\/v2\/categories?post=4531"},{"taxonomy":"post_tag","embeddable":true,"href":"https:\/\/cvnoticias.com\/nuevapagina\/index.php\/wp-json\/wp\/v2\/tags?post=4531"}],"curies":[{"name":"wp","href":"https:\/\/api.w.org\/{rel}","templated":true}]}}