{"id":4527,"date":"2025-12-21T02:19:40","date_gmt":"2025-12-21T02:19:40","guid":{"rendered":"https:\/\/cvnoticias.com\/nuevapagina\/?p=4527"},"modified":"2025-12-21T02:19:41","modified_gmt":"2025-12-21T02:19:41","slug":"en-este-periodo-vacacional-secretaria-de-administracion-promueve-la-actividad-fisica-y-habitos-saludables-en-sus-cinco-parques","status":"publish","type":"post","link":"https:\/\/cvnoticias.com\/nuevapagina\/index.php\/2025\/12\/21\/en-este-periodo-vacacional-secretaria-de-administracion-promueve-la-actividad-fisica-y-habitos-saludables-en-sus-cinco-parques\/","title":{"rendered":"En este periodo vacacional, Secretar\u00eda de Administraci\u00f3n promueve la actividad f\u00edsica y h\u00e1bitos saludables en sus cinco parques"},"content":{"rendered":"\n<p><\/p>\n\n\n\n<p>La dependencia dio a conocer los horarios de estos espacios que permanecer\u00e1n abiertos en favor de la poblaci\u00f3n<br>Tlalixtac de Cabrera, Oax. 20 de diciembre de 2025.- La Secretar\u00eda de Administraci\u00f3n (SA) informa que, durante el presente periodo vacacional, los cinco parques a su cargo que cuentan con gimnasios al aire libre y pistas de atletismo, permanecer\u00e1n abiertos y disponibles para que la ciudadan\u00eda realice actividad f\u00edsica y fortalezca h\u00e1bitos saludables de manera gratuita y segura.<\/p>\n\n\n\n<p>La Unidad Deportiva Santa Luc\u00eda CAPCE est\u00e1 disponible de lunes a domingo, de 6:00 a 20:00 horas. Este espacio tambi\u00e9n ofrece canchas de voleibol de playa y f\u00fatbol; que permite a las y los visitantes realizar distintas actividades deportivas en un mismo lugar.<\/p>\n\n\n\n<p>En tanto, el Parque de B\u00e9isbol Infantil Vinicio Castilla Soria, cuenta con \u00e1rea para la pr\u00e1ctica de b\u00e9isbol de lunes a s\u00e1bado, de 5:45 a 20:00 horas.<\/p>\n\n\n\n<p>Con un amplio entorno natural, el Bosque El Tequio posibilita que las personas caminen, corran y paseen con sus mascotas a lo largo de \u00e1reas verdes; asimismo, tiene pista de patinaje y espacios para ciclismo de lunes a domingo, de 6:00 a 19:00 horas.<\/p>\n\n\n\n<p>En el Parque Ciudad de las Canteras-Bosque del Deporte, el acceso es de lunes a domingo de 7:00 a 20:00 horas.<\/p>\n\n\n\n<p>Finalmente, personas de diferentes edades pueden mantenerse activas en las canchas de f\u00fatbol, pista de ciclismo y cancha de p\u00e1del del Polideportivo Venustiano Carranza, de lunes a domingo de 5:00 a 22:00 horas.<\/p>\n\n\n\n<p>-0-<\/p>\n\n\n\n<p><\/p>\n","protected":false},"excerpt":{"rendered":"<p>La dependencia dio a conocer los horarios de estos espacios que permanecer\u00e1n abiertos en favor&#8230;<\/p>\n","protected":false},"author":2,"featured_media":4529,"comment_status":"open","ping_status":"closed","sticky":false,"template":"","format":"standard","meta":{"footnotes":""},"categories":[3],"tags":[],"class_list":["post-4527","post","type-post","status-publish","format-standard","has-post-thumbnail","hentry","category-comunicadosdeprensa"],"yoast_head":"<!-- This site is optimized with the Yoast SEO plugin v27.5 - https:\/\/yoast.com\/product\/yoast-seo-wordpress\/ -->\n<title>En este periodo vacacional, Secretar\u00eda de Administraci\u00f3n promueve la actividad f\u00edsica y h\u00e1bitos saludables en sus cinco parques - CV Noticias<\/title>\n<meta name=\"robots\" content=\"index, follow, max-snippet:-1, max-image-preview:large, max-video-preview:-1\" \/>\n<link rel=\"canonical\" href=\"https:\/\/cvnoticias.com\/nuevapagina\/index.php\/2025\/12\/21\/en-este-periodo-vacacional-secretaria-de-administracion-promueve-la-actividad-fisica-y-habitos-saludables-en-sus-cinco-parques\/\" \/>\n<meta property=\"og:locale\" content=\"es_ES\" \/>\n<meta property=\"og:type\" content=\"article\" \/>\n<meta property=\"og:title\" content=\"En este periodo vacacional, Secretar\u00eda de Administraci\u00f3n promueve la actividad f\u00edsica y h\u00e1bitos saludables en sus cinco parques - CV Noticias\" \/>\n<meta property=\"og:description\" content=\"La dependencia dio a conocer los horarios de estos espacios que permanecer\u00e1n abiertos en favor...\" \/>\n<meta property=\"og:url\" content=\"https:\/\/cvnoticias.com\/nuevapagina\/index.php\/2025\/12\/21\/en-este-periodo-vacacional-secretaria-de-administracion-promueve-la-actividad-fisica-y-habitos-saludables-en-sus-cinco-parques\/\" \/>\n<meta property=\"og:site_name\" content=\"CV Noticias\" \/>\n<meta property=\"article:published_time\" content=\"2025-12-21T02:19:40+00:00\" \/>\n<meta property=\"article:modified_time\" content=\"2025-12-21T02:19:41+00:00\" \/>\n<meta property=\"og:image\" content=\"https:\/\/cvnoticias.com\/nuevapagina\/wp-content\/uploads\/2025\/12\/ae8c120d-a5b2-4841-9089-1425feb2a086.jpeg\" \/>\n\t<meta property=\"og:image:width\" content=\"800\" \/>\n\t<meta property=\"og:image:height\" content=\"533\" \/>\n\t<meta property=\"og:image:type\" content=\"image\/jpeg\" \/>\n<meta name=\"author\" content=\"CvNoticias\" \/>\n<meta name=\"twitter:card\" content=\"summary_large_image\" \/>\n<meta name=\"twitter:label1\" content=\"Escrito por\" \/>\n\t<meta name=\"twitter:data1\" content=\"CvNoticias\" \/>\n\t<meta name=\"twitter:label2\" content=\"Tiempo de lectura\" \/>\n\t<meta name=\"twitter:data2\" content=\"2 minutos\" \/>\n<script type=\"application\/ld+json\" class=\"yoast-schema-graph\">{\"@context\":\"https:\\\/\\\/schema.org\",\"@graph\":[{\"@type\":\"Article\",\"@id\":\"https:\\\/\\\/cvnoticias.com\\\/nuevapagina\\\/index.php\\\/2025\\\/12\\\/21\\\/en-este-periodo-vacacional-secretaria-de-administracion-promueve-la-actividad-fisica-y-habitos-saludables-en-sus-cinco-parques\\\/#article\",\"isPartOf\":{\"@id\":\"https:\\\/\\\/cvnoticias.com\\\/nuevapagina\\\/index.php\\\/2025\\\/12\\\/21\\\/en-este-periodo-vacacional-secretaria-de-administracion-promueve-la-actividad-fisica-y-habitos-saludables-en-sus-cinco-parques\\\/\"},\"author\":{\"name\":\"CvNoticias\",\"@id\":\"https:\\\/\\\/cvnoticias.com\\\/nuevapagina\\\/#\\\/schema\\\/person\\\/19e35f246421a31486be7321065f7463\"},\"headline\":\"En este periodo vacacional, Secretar\u00eda de Administraci\u00f3n promueve la actividad f\u00edsica y h\u00e1bitos saludables en sus cinco parques\",\"datePublished\":\"2025-12-21T02:19:40+00:00\",\"dateModified\":\"2025-12-21T02:19:41+00:00\",\"mainEntityOfPage\":{\"@id\":\"https:\\\/\\\/cvnoticias.com\\\/nuevapagina\\\/index.php\\\/2025\\\/12\\\/21\\\/en-este-periodo-vacacional-secretaria-de-administracion-promueve-la-actividad-fisica-y-habitos-saludables-en-sus-cinco-parques\\\/\"},\"wordCount\":272,\"commentCount\":0,\"publisher\":{\"@id\":\"https:\\\/\\\/cvnoticias.com\\\/nuevapagina\\\/#organization\"},\"image\":{\"@id\":\"https:\\\/\\\/cvnoticias.com\\\/nuevapagina\\\/index.php\\\/2025\\\/12\\\/21\\\/en-este-periodo-vacacional-secretaria-de-administracion-promueve-la-actividad-fisica-y-habitos-saludables-en-sus-cinco-parques\\\/#primaryimage\"},\"thumbnailUrl\":\"https:\\\/\\\/cvnoticias.com\\\/nuevapagina\\\/wp-content\\\/uploads\\\/2025\\\/12\\\/ae8c120d-a5b2-4841-9089-1425feb2a086.jpeg\",\"articleSection\":[\"Comunicados\"],\"inLanguage\":\"es\",\"potentialAction\":[{\"@type\":\"CommentAction\",\"name\":\"Comment\",\"target\":[\"https:\\\/\\\/cvnoticias.com\\\/nuevapagina\\\/index.php\\\/2025\\\/12\\\/21\\\/en-este-periodo-vacacional-secretaria-de-administracion-promueve-la-actividad-fisica-y-habitos-saludables-en-sus-cinco-parques\\\/#respond\"]}]},{\"@type\":\"WebPage\",\"@id\":\"https:\\\/\\\/cvnoticias.com\\\/nuevapagina\\\/index.php\\\/2025\\\/12\\\/21\\\/en-este-periodo-vacacional-secretaria-de-administracion-promueve-la-actividad-fisica-y-habitos-saludables-en-sus-cinco-parques\\\/\",\"url\":\"https:\\\/\\\/cvnoticias.com\\\/nuevapagina\\\/index.php\\\/2025\\\/12\\\/21\\\/en-este-periodo-vacacional-secretaria-de-administracion-promueve-la-actividad-fisica-y-habitos-saludables-en-sus-cinco-parques\\\/\",\"name\":\"En este periodo vacacional, Secretar\u00eda de Administraci\u00f3n promueve la actividad f\u00edsica y h\u00e1bitos saludables en sus cinco parques - CV Noticias\",\"isPartOf\":{\"@id\":\"https:\\\/\\\/cvnoticias.com\\\/nuevapagina\\\/#website\"},\"primaryImageOfPage\":{\"@id\":\"https:\\\/\\\/cvnoticias.com\\\/nuevapagina\\\/index.php\\\/2025\\\/12\\\/21\\\/en-este-periodo-vacacional-secretaria-de-administracion-promueve-la-actividad-fisica-y-habitos-saludables-en-sus-cinco-parques\\\/#primaryimage\"},\"image\":{\"@id\":\"https:\\\/\\\/cvnoticias.com\\\/nuevapagina\\\/index.php\\\/2025\\\/12\\\/21\\\/en-este-periodo-vacacional-secretaria-de-administracion-promueve-la-actividad-fisica-y-habitos-saludables-en-sus-cinco-parques\\\/#primaryimage\"},\"thumbnailUrl\":\"https:\\\/\\\/cvnoticias.com\\\/nuevapagina\\\/wp-content\\\/uploads\\\/2025\\\/12\\\/ae8c120d-a5b2-4841-9089-1425feb2a086.jpeg\",\"datePublished\":\"2025-12-21T02:19:40+00:00\",\"dateModified\":\"2025-12-21T02:19:41+00:00\",\"breadcrumb\":{\"@id\":\"https:\\\/\\\/cvnoticias.com\\\/nuevapagina\\\/index.php\\\/2025\\\/12\\\/21\\\/en-este-periodo-vacacional-secretaria-de-administracion-promueve-la-actividad-fisica-y-habitos-saludables-en-sus-cinco-parques\\\/#breadcrumb\"},\"inLanguage\":\"es\",\"potentialAction\":[{\"@type\":\"ReadAction\",\"target\":[\"https:\\\/\\\/cvnoticias.com\\\/nuevapagina\\\/index.php\\\/2025\\\/12\\\/21\\\/en-este-periodo-vacacional-secretaria-de-administracion-promueve-la-actividad-fisica-y-habitos-saludables-en-sus-cinco-parques\\\/\"]}]},{\"@type\":\"ImageObject\",\"inLanguage\":\"es\",\"@id\":\"https:\\\/\\\/cvnoticias.com\\\/nuevapagina\\\/index.php\\\/2025\\\/12\\\/21\\\/en-este-periodo-vacacional-secretaria-de-administracion-promueve-la-actividad-fisica-y-habitos-saludables-en-sus-cinco-parques\\\/#primaryimage\",\"url\":\"https:\\\/\\\/cvnoticias.com\\\/nuevapagina\\\/wp-content\\\/uploads\\\/2025\\\/12\\\/ae8c120d-a5b2-4841-9089-1425feb2a086.jpeg\",\"contentUrl\":\"https:\\\/\\\/cvnoticias.com\\\/nuevapagina\\\/wp-content\\\/uploads\\\/2025\\\/12\\\/ae8c120d-a5b2-4841-9089-1425feb2a086.jpeg\",\"width\":800,\"height\":533},{\"@type\":\"BreadcrumbList\",\"@id\":\"https:\\\/\\\/cvnoticias.com\\\/nuevapagina\\\/index.php\\\/2025\\\/12\\\/21\\\/en-este-periodo-vacacional-secretaria-de-administracion-promueve-la-actividad-fisica-y-habitos-saludables-en-sus-cinco-parques\\\/#breadcrumb\",\"itemListElement\":[{\"@type\":\"ListItem\",\"position\":1,\"name\":\"Portada\",\"item\":\"https:\\\/\\\/cvnoticias.com\\\/nuevapagina\\\/\"},{\"@type\":\"ListItem\",\"position\":2,\"name\":\"En este periodo vacacional, Secretar\u00eda de Administraci\u00f3n promueve la actividad f\u00edsica y h\u00e1bitos saludables en sus cinco parques\"}]},{\"@type\":\"WebSite\",\"@id\":\"https:\\\/\\\/cvnoticias.com\\\/nuevapagina\\\/#website\",\"url\":\"https:\\\/\\\/cvnoticias.com\\\/nuevapagina\\\/\",\"name\":\"CV Noticias\",\"description\":\"Noticias de Oaxaca\",\"publisher\":{\"@id\":\"https:\\\/\\\/cvnoticias.com\\\/nuevapagina\\\/#organization\"},\"potentialAction\":[{\"@type\":\"SearchAction\",\"target\":{\"@type\":\"EntryPoint\",\"urlTemplate\":\"https:\\\/\\\/cvnoticias.com\\\/nuevapagina\\\/?s={search_term_string}\"},\"query-input\":{\"@type\":\"PropertyValueSpecification\",\"valueRequired\":true,\"valueName\":\"search_term_string\"}}],\"inLanguage\":\"es\"},{\"@type\":\"Organization\",\"@id\":\"https:\\\/\\\/cvnoticias.com\\\/nuevapagina\\\/#organization\",\"name\":\"CV Noticias\",\"url\":\"https:\\\/\\\/cvnoticias.com\\\/nuevapagina\\\/\",\"logo\":{\"@type\":\"ImageObject\",\"inLanguage\":\"es\",\"@id\":\"https:\\\/\\\/cvnoticias.com\\\/nuevapagina\\\/#\\\/schema\\\/logo\\\/image\\\/\",\"url\":\"https:\\\/\\\/cvnoticias.com\\\/nuevapagina\\\/wp-content\\\/uploads\\\/2025\\\/05\\\/cropped-logo-1.png\",\"contentUrl\":\"https:\\\/\\\/cvnoticias.com\\\/nuevapagina\\\/wp-content\\\/uploads\\\/2025\\\/05\\\/cropped-logo-1.png\",\"width\":320,\"height\":118,\"caption\":\"CV Noticias\"},\"image\":{\"@id\":\"https:\\\/\\\/cvnoticias.com\\\/nuevapagina\\\/#\\\/schema\\\/logo\\\/image\\\/\"}},{\"@type\":\"Person\",\"@id\":\"https:\\\/\\\/cvnoticias.com\\\/nuevapagina\\\/#\\\/schema\\\/person\\\/19e35f246421a31486be7321065f7463\",\"name\":\"CvNoticias\",\"image\":{\"@type\":\"ImageObject\",\"inLanguage\":\"es\",\"@id\":\"https:\\\/\\\/secure.gravatar.com\\\/avatar\\\/c3a4375d38fd8f9b34ac9e853cb706a079817c78f9a39e33b16a2b2b2e51688a?s=96&d=mm&r=g\",\"url\":\"https:\\\/\\\/secure.gravatar.com\\\/avatar\\\/c3a4375d38fd8f9b34ac9e853cb706a079817c78f9a39e33b16a2b2b2e51688a?s=96&d=mm&r=g\",\"contentUrl\":\"https:\\\/\\\/secure.gravatar.com\\\/avatar\\\/c3a4375d38fd8f9b34ac9e853cb706a079817c78f9a39e33b16a2b2b2e51688a?s=96&d=mm&r=g\",\"caption\":\"CvNoticias\"},\"url\":\"https:\\\/\\\/cvnoticias.com\\\/nuevapagina\\\/index.php\\\/author\\\/gesner\\\/\"}]}<\/script>\n<!-- \/ Yoast SEO plugin. -->","yoast_head_json":{"title":"En este periodo vacacional, Secretar\u00eda de Administraci\u00f3n promueve la actividad f\u00edsica y h\u00e1bitos saludables en sus cinco parques - CV Noticias","robots":{"index":"index","follow":"follow","max-snippet":"max-snippet:-1","max-image-preview":"max-image-preview:large","max-video-preview":"max-video-preview:-1"},"canonical":"https:\/\/cvnoticias.com\/nuevapagina\/index.php\/2025\/12\/21\/en-este-periodo-vacacional-secretaria-de-administracion-promueve-la-actividad-fisica-y-habitos-saludables-en-sus-cinco-parques\/","og_locale":"es_ES","og_type":"article","og_title":"En este periodo vacacional, Secretar\u00eda de Administraci\u00f3n promueve la actividad f\u00edsica y h\u00e1bitos saludables en sus cinco parques - CV Noticias","og_description":"La dependencia dio a conocer los horarios de estos espacios que permanecer\u00e1n abiertos en favor...","og_url":"https:\/\/cvnoticias.com\/nuevapagina\/index.php\/2025\/12\/21\/en-este-periodo-vacacional-secretaria-de-administracion-promueve-la-actividad-fisica-y-habitos-saludables-en-sus-cinco-parques\/","og_site_name":"CV Noticias","article_published_time":"2025-12-21T02:19:40+00:00","article_modified_time":"2025-12-21T02:19:41+00:00","og_image":[{"width":800,"height":533,"url":"https:\/\/cvnoticias.com\/nuevapagina\/wp-content\/uploads\/2025\/12\/ae8c120d-a5b2-4841-9089-1425feb2a086.jpeg","type":"image\/jpeg"}],"author":"CvNoticias","twitter_card":"summary_large_image","twitter_misc":{"Escrito por":"CvNoticias","Tiempo de lectura":"2 minutos"},"schema":{"@context":"https:\/\/schema.org","@graph":[{"@type":"Article","@id":"https:\/\/cvnoticias.com\/nuevapagina\/index.php\/2025\/12\/21\/en-este-periodo-vacacional-secretaria-de-administracion-promueve-la-actividad-fisica-y-habitos-saludables-en-sus-cinco-parques\/#article","isPartOf":{"@id":"https:\/\/cvnoticias.com\/nuevapagina\/index.php\/2025\/12\/21\/en-este-periodo-vacacional-secretaria-de-administracion-promueve-la-actividad-fisica-y-habitos-saludables-en-sus-cinco-parques\/"},"author":{"name":"CvNoticias","@id":"https:\/\/cvnoticias.com\/nuevapagina\/#\/schema\/person\/19e35f246421a31486be7321065f7463"},"headline":"En este periodo vacacional, Secretar\u00eda de Administraci\u00f3n promueve la actividad f\u00edsica y h\u00e1bitos saludables en sus cinco parques","datePublished":"2025-12-21T02:19:40+00:00","dateModified":"2025-12-21T02:19:41+00:00","mainEntityOfPage":{"@id":"https:\/\/cvnoticias.com\/nuevapagina\/index.php\/2025\/12\/21\/en-este-periodo-vacacional-secretaria-de-administracion-promueve-la-actividad-fisica-y-habitos-saludables-en-sus-cinco-parques\/"},"wordCount":272,"commentCount":0,"publisher":{"@id":"https:\/\/cvnoticias.com\/nuevapagina\/#organization"},"image":{"@id":"https:\/\/cvnoticias.com\/nuevapagina\/index.php\/2025\/12\/21\/en-este-periodo-vacacional-secretaria-de-administracion-promueve-la-actividad-fisica-y-habitos-saludables-en-sus-cinco-parques\/#primaryimage"},"thumbnailUrl":"https:\/\/cvnoticias.com\/nuevapagina\/wp-content\/uploads\/2025\/12\/ae8c120d-a5b2-4841-9089-1425feb2a086.jpeg","articleSection":["Comunicados"],"inLanguage":"es","potentialAction":[{"@type":"CommentAction","name":"Comment","target":["https:\/\/cvnoticias.com\/nuevapagina\/index.php\/2025\/12\/21\/en-este-periodo-vacacional-secretaria-de-administracion-promueve-la-actividad-fisica-y-habitos-saludables-en-sus-cinco-parques\/#respond"]}]},{"@type":"WebPage","@id":"https:\/\/cvnoticias.com\/nuevapagina\/index.php\/2025\/12\/21\/en-este-periodo-vacacional-secretaria-de-administracion-promueve-la-actividad-fisica-y-habitos-saludables-en-sus-cinco-parques\/","url":"https:\/\/cvnoticias.com\/nuevapagina\/index.php\/2025\/12\/21\/en-este-periodo-vacacional-secretaria-de-administracion-promueve-la-actividad-fisica-y-habitos-saludables-en-sus-cinco-parques\/","name":"En este periodo vacacional, Secretar\u00eda de Administraci\u00f3n promueve la actividad f\u00edsica y h\u00e1bitos saludables en sus cinco parques - CV Noticias","isPartOf":{"@id":"https:\/\/cvnoticias.com\/nuevapagina\/#website"},"primaryImageOfPage":{"@id":"https:\/\/cvnoticias.com\/nuevapagina\/index.php\/2025\/12\/21\/en-este-periodo-vacacional-secretaria-de-administracion-promueve-la-actividad-fisica-y-habitos-saludables-en-sus-cinco-parques\/#primaryimage"},"image":{"@id":"https:\/\/cvnoticias.com\/nuevapagina\/index.php\/2025\/12\/21\/en-este-periodo-vacacional-secretaria-de-administracion-promueve-la-actividad-fisica-y-habitos-saludables-en-sus-cinco-parques\/#primaryimage"},"thumbnailUrl":"https:\/\/cvnoticias.com\/nuevapagina\/wp-content\/uploads\/2025\/12\/ae8c120d-a5b2-4841-9089-1425feb2a086.jpeg","datePublished":"2025-12-21T02:19:40+00:00","dateModified":"2025-12-21T02:19:41+00:00","breadcrumb":{"@id":"https:\/\/cvnoticias.com\/nuevapagina\/index.php\/2025\/12\/21\/en-este-periodo-vacacional-secretaria-de-administracion-promueve-la-actividad-fisica-y-habitos-saludables-en-sus-cinco-parques\/#breadcrumb"},"inLanguage":"es","potentialAction":[{"@type":"ReadAction","target":["https:\/\/cvnoticias.com\/nuevapagina\/index.php\/2025\/12\/21\/en-este-periodo-vacacional-secretaria-de-administracion-promueve-la-actividad-fisica-y-habitos-saludables-en-sus-cinco-parques\/"]}]},{"@type":"ImageObject","inLanguage":"es","@id":"https:\/\/cvnoticias.com\/nuevapagina\/index.php\/2025\/12\/21\/en-este-periodo-vacacional-secretaria-de-administracion-promueve-la-actividad-fisica-y-habitos-saludables-en-sus-cinco-parques\/#primaryimage","url":"https:\/\/cvnoticias.com\/nuevapagina\/wp-content\/uploads\/2025\/12\/ae8c120d-a5b2-4841-9089-1425feb2a086.jpeg","contentUrl":"https:\/\/cvnoticias.com\/nuevapagina\/wp-content\/uploads\/2025\/12\/ae8c120d-a5b2-4841-9089-1425feb2a086.jpeg","width":800,"height":533},{"@type":"BreadcrumbList","@id":"https:\/\/cvnoticias.com\/nuevapagina\/index.php\/2025\/12\/21\/en-este-periodo-vacacional-secretaria-de-administracion-promueve-la-actividad-fisica-y-habitos-saludables-en-sus-cinco-parques\/#breadcrumb","itemListElement":[{"@type":"ListItem","position":1,"name":"Portada","item":"https:\/\/cvnoticias.com\/nuevapagina\/"},{"@type":"ListItem","position":2,"name":"En este periodo vacacional, Secretar\u00eda de Administraci\u00f3n promueve la actividad f\u00edsica y h\u00e1bitos saludables en sus cinco parques"}]},{"@type":"WebSite","@id":"https:\/\/cvnoticias.com\/nuevapagina\/#website","url":"https:\/\/cvnoticias.com\/nuevapagina\/","name":"CV Noticias","description":"Noticias de Oaxaca","publisher":{"@id":"https:\/\/cvnoticias.com\/nuevapagina\/#organization"},"potentialAction":[{"@type":"SearchAction","target":{"@type":"EntryPoint","urlTemplate":"https:\/\/cvnoticias.com\/nuevapagina\/?s={search_term_string}"},"query-input":{"@type":"PropertyValueSpecification","valueRequired":true,"valueName":"search_term_string"}}],"inLanguage":"es"},{"@type":"Organization","@id":"https:\/\/cvnoticias.com\/nuevapagina\/#organization","name":"CV Noticias","url":"https:\/\/cvnoticias.com\/nuevapagina\/","logo":{"@type":"ImageObject","inLanguage":"es","@id":"https:\/\/cvnoticias.com\/nuevapagina\/#\/schema\/logo\/image\/","url":"https:\/\/cvnoticias.com\/nuevapagina\/wp-content\/uploads\/2025\/05\/cropped-logo-1.png","contentUrl":"https:\/\/cvnoticias.com\/nuevapagina\/wp-content\/uploads\/2025\/05\/cropped-logo-1.png","width":320,"height":118,"caption":"CV Noticias"},"image":{"@id":"https:\/\/cvnoticias.com\/nuevapagina\/#\/schema\/logo\/image\/"}},{"@type":"Person","@id":"https:\/\/cvnoticias.com\/nuevapagina\/#\/schema\/person\/19e35f246421a31486be7321065f7463","name":"CvNoticias","image":{"@type":"ImageObject","inLanguage":"es","@id":"https:\/\/secure.gravatar.com\/avatar\/c3a4375d38fd8f9b34ac9e853cb706a079817c78f9a39e33b16a2b2b2e51688a?s=96&d=mm&r=g","url":"https:\/\/secure.gravatar.com\/avatar\/c3a4375d38fd8f9b34ac9e853cb706a079817c78f9a39e33b16a2b2b2e51688a?s=96&d=mm&r=g","contentUrl":"https:\/\/secure.gravatar.com\/avatar\/c3a4375d38fd8f9b34ac9e853cb706a079817c78f9a39e33b16a2b2b2e51688a?s=96&d=mm&r=g","caption":"CvNoticias"},"url":"https:\/\/cvnoticias.com\/nuevapagina\/index.php\/author\/gesner\/"}]}},"_links":{"self":[{"href":"https:\/\/cvnoticias.com\/nuevapagina\/index.php\/wp-json\/wp\/v2\/posts\/4527","targetHints":{"allow":["GET"]}}],"collection":[{"href":"https:\/\/cvnoticias.com\/nuevapagina\/index.php\/wp-json\/wp\/v2\/posts"}],"about":[{"href":"https:\/\/cvnoticias.com\/nuevapagina\/index.php\/wp-json\/wp\/v2\/types\/post"}],"author":[{"embeddable":true,"href":"https:\/\/cvnoticias.com\/nuevapagina\/index.php\/wp-json\/wp\/v2\/users\/2"}],"replies":[{"embeddable":true,"href":"https:\/\/cvnoticias.com\/nuevapagina\/index.php\/wp-json\/wp\/v2\/comments?post=4527"}],"version-history":[{"count":1,"href":"https:\/\/cvnoticias.com\/nuevapagina\/index.php\/wp-json\/wp\/v2\/posts\/4527\/revisions"}],"predecessor-version":[{"id":4530,"href":"https:\/\/cvnoticias.com\/nuevapagina\/index.php\/wp-json\/wp\/v2\/posts\/4527\/revisions\/4530"}],"wp:featuredmedia":[{"embeddable":true,"href":"https:\/\/cvnoticias.com\/nuevapagina\/index.php\/wp-json\/wp\/v2\/media\/4529"}],"wp:attachment":[{"href":"https:\/\/cvnoticias.com\/nuevapagina\/index.php\/wp-json\/wp\/v2\/media?parent=4527"}],"wp:term":[{"taxonomy":"category","embeddable":true,"href":"https:\/\/cvnoticias.com\/nuevapagina\/index.php\/wp-json\/wp\/v2\/categories?post=4527"},{"taxonomy":"post_tag","embeddable":true,"href":"https:\/\/cvnoticias.com\/nuevapagina\/index.php\/wp-json\/wp\/v2\/tags?post=4527"}],"curies":[{"name":"wp","href":"https:\/\/api.w.org\/{rel}","templated":true}]}}