{"id":4524,"date":"2025-12-20T19:45:43","date_gmt":"2025-12-20T19:45:43","guid":{"rendered":"https:\/\/cvnoticias.com\/nuevapagina\/?p=4524"},"modified":"2025-12-20T19:45:44","modified_gmt":"2025-12-20T19:45:44","slug":"consulta-de-revocacion-de-mandato-es-un-triunfo-de-la-democracia-participativa-de-la-4t-afirma-nino-morales","status":"publish","type":"post","link":"https:\/\/cvnoticias.com\/nuevapagina\/index.php\/2025\/12\/20\/consulta-de-revocacion-de-mandato-es-un-triunfo-de-la-democracia-participativa-de-la-4t-afirma-nino-morales\/","title":{"rendered":"Consulta de revocaci\u00f3n de mandato es un triunfo de la democracia participativa de la 4T, afirma Nino Morales"},"content":{"rendered":"\n<p>\u00b7 El legislador morenista destaca que el proceso refrenda el compromiso del Gobierno de Salom\u00f3n Jara Cruz de respetar la voluntad popular y fortalecer las instituciones.<br>\u00b7 \u201cEn Oaxaca, el pueblo manda y el gobierno obedece. Ese es el principio rector de la 4T\u201d, afirm\u00f3 Nino Morales<\/p>\n\n\n\n<p>El senador por Oaxaca, Antonino Morales Toledo, se pronunci\u00f3 respecto a la declaratoria de procedencia emitida por el Instituto Estatal Electoral y de Participaci\u00f3n Ciudadana de Oaxaca (IEEPCO) para la Consulta de Revocaci\u00f3n de Mandato, subrayando que este hecho hist\u00f3rico consolida la nueva vida democr\u00e1tica que vive el estado y la naci\u00f3n.<\/p>\n\n\n\n<p>\u201cHoy, el pueblo oaxaque\u00f1o se coloca como ejemplo nacional de democracia participativa. Celebramos que el IEEPCO, con plena autonom\u00eda, haya validado la voluntad organizada del pueblo. Esto no es m\u00e1s que el fruto de la Cuarta Transformaci\u00f3n, que ha devuelto al pueblo el poder de decidir sobre su destino\u201d, expres\u00f3 el integrante del Grupo Parlamentario de Morena.<\/p>\n\n\n\n<p>El legislador zapoteco enfatiz\u00f3 que este proceso es un ejercicio de democracia directa y participativa, impulsado desde el coraz\u00f3n de las comunidades, tal como lo promovi\u00f3 el ex presidente Andr\u00e9s Manuel L\u00f3pez Obrador a nivel nacional y el gobernador Salom\u00f3n Jara Cruz en la entidad. \u201cEl gobierno de la Cuarta Transformaci\u00f3n en Oaxaca, encabezado por nuestro gobernador, no le tiene miedo a la democracia ni al escrutinio popular. Al contrario, lo impulsa. Porque somos un gobierno de convicciones, que lleg\u00f3 para servir, no para servirse. La consulta es un derecho ganado por la ciudadan\u00eda, y como morenistas, los primeros en defender los derechos del pueblo somos nosotros\u201d, asever\u00f3.<\/p>\n\n\n\n<p>En este sentido, Nino Morales hizo un firme llamado a confiar en las instituciones y a vivir el proceso con absoluta normalidad y paz social. \u201cReconocemos y respaldamos la rector\u00eda del IEEPCO. El Gobierno del Estado actuar\u00e1 con total neutralidad, porque nuestra \u00fanica gu\u00eda es el respeto irrestricto a la ley. La revocaci\u00f3n de mandato es un instrumento del pueblo, para el pueblo, y as\u00ed debe ser.\u201d<\/p>\n\n\n\n<p>Finalmente, el senador Antonino Morales Toledo reiter\u00f3 su plena confianza en la sabidur\u00eda de las y los oaxaque\u00f1os. \u201cSea cual sea el resultado, saldremos fortalecidos. Porque en el Oaxaca que estamos transformando, la voz del pueblo es la \u00faltima y la primera voz. Seguiremos trabajando hombro con hombro con el gobernador Salom\u00f3n Jara, en el Senado y en cada rinc\u00f3n de nuestra tierra, para garantizar que este proceso transcurra con orden, transparencia y sobre todo, con el profundo respeto que merece la voluntad popular\u201d, concluy\u00f3, Nino Morales.<\/p>\n","protected":false},"excerpt":{"rendered":"<p>\u00b7 El legislador morenista destaca que el proceso refrenda el compromiso del Gobierno de Salom\u00f3n&#8230;<\/p>\n","protected":false},"author":2,"featured_media":4525,"comment_status":"open","ping_status":"closed","sticky":false,"template":"","format":"standard","meta":{"footnotes":""},"categories":[3],"tags":[],"class_list":["post-4524","post","type-post","status-publish","format-standard","has-post-thumbnail","hentry","category-comunicadosdeprensa"],"yoast_head":"<!-- This site is optimized with the Yoast SEO plugin v27.5 - https:\/\/yoast.com\/product\/yoast-seo-wordpress\/ -->\n<title>Consulta de revocaci\u00f3n de mandato es un triunfo de la democracia participativa de la 4T, afirma Nino Morales - CV Noticias<\/title>\n<meta name=\"robots\" content=\"index, follow, max-snippet:-1, max-image-preview:large, max-video-preview:-1\" \/>\n<link rel=\"canonical\" href=\"https:\/\/cvnoticias.com\/nuevapagina\/index.php\/2025\/12\/20\/consulta-de-revocacion-de-mandato-es-un-triunfo-de-la-democracia-participativa-de-la-4t-afirma-nino-morales\/\" \/>\n<meta property=\"og:locale\" content=\"es_ES\" \/>\n<meta property=\"og:type\" content=\"article\" \/>\n<meta property=\"og:title\" content=\"Consulta de revocaci\u00f3n de mandato es un triunfo de la democracia participativa de la 4T, afirma Nino Morales - CV Noticias\" \/>\n<meta property=\"og:description\" content=\"\u00b7 El legislador morenista destaca que el proceso refrenda el compromiso del Gobierno de Salom\u00f3n...\" \/>\n<meta property=\"og:url\" content=\"https:\/\/cvnoticias.com\/nuevapagina\/index.php\/2025\/12\/20\/consulta-de-revocacion-de-mandato-es-un-triunfo-de-la-democracia-participativa-de-la-4t-afirma-nino-morales\/\" \/>\n<meta property=\"og:site_name\" content=\"CV Noticias\" \/>\n<meta property=\"article:published_time\" content=\"2025-12-20T19:45:43+00:00\" \/>\n<meta property=\"article:modified_time\" content=\"2025-12-20T19:45:44+00:00\" \/>\n<meta property=\"og:image\" content=\"https:\/\/cvnoticias.com\/nuevapagina\/wp-content\/uploads\/2025\/12\/WhatsApp-Image-2025-12-20-at-1.43.44-PM.jpeg\" \/>\n\t<meta property=\"og:image:width\" content=\"1280\" \/>\n\t<meta property=\"og:image:height\" content=\"995\" \/>\n\t<meta property=\"og:image:type\" content=\"image\/jpeg\" \/>\n<meta name=\"author\" content=\"CvNoticias\" \/>\n<meta name=\"twitter:card\" content=\"summary_large_image\" \/>\n<meta name=\"twitter:label1\" content=\"Escrito por\" \/>\n\t<meta name=\"twitter:data1\" content=\"CvNoticias\" \/>\n\t<meta name=\"twitter:label2\" content=\"Tiempo de lectura\" \/>\n\t<meta name=\"twitter:data2\" content=\"3 minutos\" \/>\n<script type=\"application\/ld+json\" class=\"yoast-schema-graph\">{\"@context\":\"https:\\\/\\\/schema.org\",\"@graph\":[{\"@type\":\"Article\",\"@id\":\"https:\\\/\\\/cvnoticias.com\\\/nuevapagina\\\/index.php\\\/2025\\\/12\\\/20\\\/consulta-de-revocacion-de-mandato-es-un-triunfo-de-la-democracia-participativa-de-la-4t-afirma-nino-morales\\\/#article\",\"isPartOf\":{\"@id\":\"https:\\\/\\\/cvnoticias.com\\\/nuevapagina\\\/index.php\\\/2025\\\/12\\\/20\\\/consulta-de-revocacion-de-mandato-es-un-triunfo-de-la-democracia-participativa-de-la-4t-afirma-nino-morales\\\/\"},\"author\":{\"name\":\"CvNoticias\",\"@id\":\"https:\\\/\\\/cvnoticias.com\\\/nuevapagina\\\/#\\\/schema\\\/person\\\/19e35f246421a31486be7321065f7463\"},\"headline\":\"Consulta de revocaci\u00f3n de mandato es un triunfo de la democracia participativa de la 4T, afirma Nino Morales\",\"datePublished\":\"2025-12-20T19:45:43+00:00\",\"dateModified\":\"2025-12-20T19:45:44+00:00\",\"mainEntityOfPage\":{\"@id\":\"https:\\\/\\\/cvnoticias.com\\\/nuevapagina\\\/index.php\\\/2025\\\/12\\\/20\\\/consulta-de-revocacion-de-mandato-es-un-triunfo-de-la-democracia-participativa-de-la-4t-afirma-nino-morales\\\/\"},\"wordCount\":458,\"commentCount\":0,\"publisher\":{\"@id\":\"https:\\\/\\\/cvnoticias.com\\\/nuevapagina\\\/#organization\"},\"image\":{\"@id\":\"https:\\\/\\\/cvnoticias.com\\\/nuevapagina\\\/index.php\\\/2025\\\/12\\\/20\\\/consulta-de-revocacion-de-mandato-es-un-triunfo-de-la-democracia-participativa-de-la-4t-afirma-nino-morales\\\/#primaryimage\"},\"thumbnailUrl\":\"https:\\\/\\\/cvnoticias.com\\\/nuevapagina\\\/wp-content\\\/uploads\\\/2025\\\/12\\\/WhatsApp-Image-2025-12-20-at-1.43.44-PM.jpeg\",\"articleSection\":[\"Comunicados\"],\"inLanguage\":\"es\",\"potentialAction\":[{\"@type\":\"CommentAction\",\"name\":\"Comment\",\"target\":[\"https:\\\/\\\/cvnoticias.com\\\/nuevapagina\\\/index.php\\\/2025\\\/12\\\/20\\\/consulta-de-revocacion-de-mandato-es-un-triunfo-de-la-democracia-participativa-de-la-4t-afirma-nino-morales\\\/#respond\"]}]},{\"@type\":\"WebPage\",\"@id\":\"https:\\\/\\\/cvnoticias.com\\\/nuevapagina\\\/index.php\\\/2025\\\/12\\\/20\\\/consulta-de-revocacion-de-mandato-es-un-triunfo-de-la-democracia-participativa-de-la-4t-afirma-nino-morales\\\/\",\"url\":\"https:\\\/\\\/cvnoticias.com\\\/nuevapagina\\\/index.php\\\/2025\\\/12\\\/20\\\/consulta-de-revocacion-de-mandato-es-un-triunfo-de-la-democracia-participativa-de-la-4t-afirma-nino-morales\\\/\",\"name\":\"Consulta de revocaci\u00f3n de mandato es un triunfo de la democracia participativa de la 4T, afirma Nino Morales - CV Noticias\",\"isPartOf\":{\"@id\":\"https:\\\/\\\/cvnoticias.com\\\/nuevapagina\\\/#website\"},\"primaryImageOfPage\":{\"@id\":\"https:\\\/\\\/cvnoticias.com\\\/nuevapagina\\\/index.php\\\/2025\\\/12\\\/20\\\/consulta-de-revocacion-de-mandato-es-un-triunfo-de-la-democracia-participativa-de-la-4t-afirma-nino-morales\\\/#primaryimage\"},\"image\":{\"@id\":\"https:\\\/\\\/cvnoticias.com\\\/nuevapagina\\\/index.php\\\/2025\\\/12\\\/20\\\/consulta-de-revocacion-de-mandato-es-un-triunfo-de-la-democracia-participativa-de-la-4t-afirma-nino-morales\\\/#primaryimage\"},\"thumbnailUrl\":\"https:\\\/\\\/cvnoticias.com\\\/nuevapagina\\\/wp-content\\\/uploads\\\/2025\\\/12\\\/WhatsApp-Image-2025-12-20-at-1.43.44-PM.jpeg\",\"datePublished\":\"2025-12-20T19:45:43+00:00\",\"dateModified\":\"2025-12-20T19:45:44+00:00\",\"breadcrumb\":{\"@id\":\"https:\\\/\\\/cvnoticias.com\\\/nuevapagina\\\/index.php\\\/2025\\\/12\\\/20\\\/consulta-de-revocacion-de-mandato-es-un-triunfo-de-la-democracia-participativa-de-la-4t-afirma-nino-morales\\\/#breadcrumb\"},\"inLanguage\":\"es\",\"potentialAction\":[{\"@type\":\"ReadAction\",\"target\":[\"https:\\\/\\\/cvnoticias.com\\\/nuevapagina\\\/index.php\\\/2025\\\/12\\\/20\\\/consulta-de-revocacion-de-mandato-es-un-triunfo-de-la-democracia-participativa-de-la-4t-afirma-nino-morales\\\/\"]}]},{\"@type\":\"ImageObject\",\"inLanguage\":\"es\",\"@id\":\"https:\\\/\\\/cvnoticias.com\\\/nuevapagina\\\/index.php\\\/2025\\\/12\\\/20\\\/consulta-de-revocacion-de-mandato-es-un-triunfo-de-la-democracia-participativa-de-la-4t-afirma-nino-morales\\\/#primaryimage\",\"url\":\"https:\\\/\\\/cvnoticias.com\\\/nuevapagina\\\/wp-content\\\/uploads\\\/2025\\\/12\\\/WhatsApp-Image-2025-12-20-at-1.43.44-PM.jpeg\",\"contentUrl\":\"https:\\\/\\\/cvnoticias.com\\\/nuevapagina\\\/wp-content\\\/uploads\\\/2025\\\/12\\\/WhatsApp-Image-2025-12-20-at-1.43.44-PM.jpeg\",\"width\":1280,\"height\":995},{\"@type\":\"BreadcrumbList\",\"@id\":\"https:\\\/\\\/cvnoticias.com\\\/nuevapagina\\\/index.php\\\/2025\\\/12\\\/20\\\/consulta-de-revocacion-de-mandato-es-un-triunfo-de-la-democracia-participativa-de-la-4t-afirma-nino-morales\\\/#breadcrumb\",\"itemListElement\":[{\"@type\":\"ListItem\",\"position\":1,\"name\":\"Portada\",\"item\":\"https:\\\/\\\/cvnoticias.com\\\/nuevapagina\\\/\"},{\"@type\":\"ListItem\",\"position\":2,\"name\":\"Consulta de revocaci\u00f3n de mandato es un triunfo de la democracia participativa de la 4T, afirma Nino Morales\"}]},{\"@type\":\"WebSite\",\"@id\":\"https:\\\/\\\/cvnoticias.com\\\/nuevapagina\\\/#website\",\"url\":\"https:\\\/\\\/cvnoticias.com\\\/nuevapagina\\\/\",\"name\":\"CV Noticias\",\"description\":\"Noticias de Oaxaca\",\"publisher\":{\"@id\":\"https:\\\/\\\/cvnoticias.com\\\/nuevapagina\\\/#organization\"},\"potentialAction\":[{\"@type\":\"SearchAction\",\"target\":{\"@type\":\"EntryPoint\",\"urlTemplate\":\"https:\\\/\\\/cvnoticias.com\\\/nuevapagina\\\/?s={search_term_string}\"},\"query-input\":{\"@type\":\"PropertyValueSpecification\",\"valueRequired\":true,\"valueName\":\"search_term_string\"}}],\"inLanguage\":\"es\"},{\"@type\":\"Organization\",\"@id\":\"https:\\\/\\\/cvnoticias.com\\\/nuevapagina\\\/#organization\",\"name\":\"CV Noticias\",\"url\":\"https:\\\/\\\/cvnoticias.com\\\/nuevapagina\\\/\",\"logo\":{\"@type\":\"ImageObject\",\"inLanguage\":\"es\",\"@id\":\"https:\\\/\\\/cvnoticias.com\\\/nuevapagina\\\/#\\\/schema\\\/logo\\\/image\\\/\",\"url\":\"https:\\\/\\\/cvnoticias.com\\\/nuevapagina\\\/wp-content\\\/uploads\\\/2025\\\/05\\\/cropped-logo-1.png\",\"contentUrl\":\"https:\\\/\\\/cvnoticias.com\\\/nuevapagina\\\/wp-content\\\/uploads\\\/2025\\\/05\\\/cropped-logo-1.png\",\"width\":320,\"height\":118,\"caption\":\"CV Noticias\"},\"image\":{\"@id\":\"https:\\\/\\\/cvnoticias.com\\\/nuevapagina\\\/#\\\/schema\\\/logo\\\/image\\\/\"}},{\"@type\":\"Person\",\"@id\":\"https:\\\/\\\/cvnoticias.com\\\/nuevapagina\\\/#\\\/schema\\\/person\\\/19e35f246421a31486be7321065f7463\",\"name\":\"CvNoticias\",\"image\":{\"@type\":\"ImageObject\",\"inLanguage\":\"es\",\"@id\":\"https:\\\/\\\/secure.gravatar.com\\\/avatar\\\/c3a4375d38fd8f9b34ac9e853cb706a079817c78f9a39e33b16a2b2b2e51688a?s=96&d=mm&r=g\",\"url\":\"https:\\\/\\\/secure.gravatar.com\\\/avatar\\\/c3a4375d38fd8f9b34ac9e853cb706a079817c78f9a39e33b16a2b2b2e51688a?s=96&d=mm&r=g\",\"contentUrl\":\"https:\\\/\\\/secure.gravatar.com\\\/avatar\\\/c3a4375d38fd8f9b34ac9e853cb706a079817c78f9a39e33b16a2b2b2e51688a?s=96&d=mm&r=g\",\"caption\":\"CvNoticias\"},\"url\":\"https:\\\/\\\/cvnoticias.com\\\/nuevapagina\\\/index.php\\\/author\\\/gesner\\\/\"}]}<\/script>\n<!-- \/ Yoast SEO plugin. -->","yoast_head_json":{"title":"Consulta de revocaci\u00f3n de mandato es un triunfo de la democracia participativa de la 4T, afirma Nino Morales - CV Noticias","robots":{"index":"index","follow":"follow","max-snippet":"max-snippet:-1","max-image-preview":"max-image-preview:large","max-video-preview":"max-video-preview:-1"},"canonical":"https:\/\/cvnoticias.com\/nuevapagina\/index.php\/2025\/12\/20\/consulta-de-revocacion-de-mandato-es-un-triunfo-de-la-democracia-participativa-de-la-4t-afirma-nino-morales\/","og_locale":"es_ES","og_type":"article","og_title":"Consulta de revocaci\u00f3n de mandato es un triunfo de la democracia participativa de la 4T, afirma Nino Morales - CV Noticias","og_description":"\u00b7 El legislador morenista destaca que el proceso refrenda el compromiso del Gobierno de Salom\u00f3n...","og_url":"https:\/\/cvnoticias.com\/nuevapagina\/index.php\/2025\/12\/20\/consulta-de-revocacion-de-mandato-es-un-triunfo-de-la-democracia-participativa-de-la-4t-afirma-nino-morales\/","og_site_name":"CV Noticias","article_published_time":"2025-12-20T19:45:43+00:00","article_modified_time":"2025-12-20T19:45:44+00:00","og_image":[{"width":1280,"height":995,"url":"https:\/\/cvnoticias.com\/nuevapagina\/wp-content\/uploads\/2025\/12\/WhatsApp-Image-2025-12-20-at-1.43.44-PM.jpeg","type":"image\/jpeg"}],"author":"CvNoticias","twitter_card":"summary_large_image","twitter_misc":{"Escrito por":"CvNoticias","Tiempo de lectura":"3 minutos"},"schema":{"@context":"https:\/\/schema.org","@graph":[{"@type":"Article","@id":"https:\/\/cvnoticias.com\/nuevapagina\/index.php\/2025\/12\/20\/consulta-de-revocacion-de-mandato-es-un-triunfo-de-la-democracia-participativa-de-la-4t-afirma-nino-morales\/#article","isPartOf":{"@id":"https:\/\/cvnoticias.com\/nuevapagina\/index.php\/2025\/12\/20\/consulta-de-revocacion-de-mandato-es-un-triunfo-de-la-democracia-participativa-de-la-4t-afirma-nino-morales\/"},"author":{"name":"CvNoticias","@id":"https:\/\/cvnoticias.com\/nuevapagina\/#\/schema\/person\/19e35f246421a31486be7321065f7463"},"headline":"Consulta de revocaci\u00f3n de mandato es un triunfo de la democracia participativa de la 4T, afirma Nino Morales","datePublished":"2025-12-20T19:45:43+00:00","dateModified":"2025-12-20T19:45:44+00:00","mainEntityOfPage":{"@id":"https:\/\/cvnoticias.com\/nuevapagina\/index.php\/2025\/12\/20\/consulta-de-revocacion-de-mandato-es-un-triunfo-de-la-democracia-participativa-de-la-4t-afirma-nino-morales\/"},"wordCount":458,"commentCount":0,"publisher":{"@id":"https:\/\/cvnoticias.com\/nuevapagina\/#organization"},"image":{"@id":"https:\/\/cvnoticias.com\/nuevapagina\/index.php\/2025\/12\/20\/consulta-de-revocacion-de-mandato-es-un-triunfo-de-la-democracia-participativa-de-la-4t-afirma-nino-morales\/#primaryimage"},"thumbnailUrl":"https:\/\/cvnoticias.com\/nuevapagina\/wp-content\/uploads\/2025\/12\/WhatsApp-Image-2025-12-20-at-1.43.44-PM.jpeg","articleSection":["Comunicados"],"inLanguage":"es","potentialAction":[{"@type":"CommentAction","name":"Comment","target":["https:\/\/cvnoticias.com\/nuevapagina\/index.php\/2025\/12\/20\/consulta-de-revocacion-de-mandato-es-un-triunfo-de-la-democracia-participativa-de-la-4t-afirma-nino-morales\/#respond"]}]},{"@type":"WebPage","@id":"https:\/\/cvnoticias.com\/nuevapagina\/index.php\/2025\/12\/20\/consulta-de-revocacion-de-mandato-es-un-triunfo-de-la-democracia-participativa-de-la-4t-afirma-nino-morales\/","url":"https:\/\/cvnoticias.com\/nuevapagina\/index.php\/2025\/12\/20\/consulta-de-revocacion-de-mandato-es-un-triunfo-de-la-democracia-participativa-de-la-4t-afirma-nino-morales\/","name":"Consulta de revocaci\u00f3n de mandato es un triunfo de la democracia participativa de la 4T, afirma Nino Morales - CV Noticias","isPartOf":{"@id":"https:\/\/cvnoticias.com\/nuevapagina\/#website"},"primaryImageOfPage":{"@id":"https:\/\/cvnoticias.com\/nuevapagina\/index.php\/2025\/12\/20\/consulta-de-revocacion-de-mandato-es-un-triunfo-de-la-democracia-participativa-de-la-4t-afirma-nino-morales\/#primaryimage"},"image":{"@id":"https:\/\/cvnoticias.com\/nuevapagina\/index.php\/2025\/12\/20\/consulta-de-revocacion-de-mandato-es-un-triunfo-de-la-democracia-participativa-de-la-4t-afirma-nino-morales\/#primaryimage"},"thumbnailUrl":"https:\/\/cvnoticias.com\/nuevapagina\/wp-content\/uploads\/2025\/12\/WhatsApp-Image-2025-12-20-at-1.43.44-PM.jpeg","datePublished":"2025-12-20T19:45:43+00:00","dateModified":"2025-12-20T19:45:44+00:00","breadcrumb":{"@id":"https:\/\/cvnoticias.com\/nuevapagina\/index.php\/2025\/12\/20\/consulta-de-revocacion-de-mandato-es-un-triunfo-de-la-democracia-participativa-de-la-4t-afirma-nino-morales\/#breadcrumb"},"inLanguage":"es","potentialAction":[{"@type":"ReadAction","target":["https:\/\/cvnoticias.com\/nuevapagina\/index.php\/2025\/12\/20\/consulta-de-revocacion-de-mandato-es-un-triunfo-de-la-democracia-participativa-de-la-4t-afirma-nino-morales\/"]}]},{"@type":"ImageObject","inLanguage":"es","@id":"https:\/\/cvnoticias.com\/nuevapagina\/index.php\/2025\/12\/20\/consulta-de-revocacion-de-mandato-es-un-triunfo-de-la-democracia-participativa-de-la-4t-afirma-nino-morales\/#primaryimage","url":"https:\/\/cvnoticias.com\/nuevapagina\/wp-content\/uploads\/2025\/12\/WhatsApp-Image-2025-12-20-at-1.43.44-PM.jpeg","contentUrl":"https:\/\/cvnoticias.com\/nuevapagina\/wp-content\/uploads\/2025\/12\/WhatsApp-Image-2025-12-20-at-1.43.44-PM.jpeg","width":1280,"height":995},{"@type":"BreadcrumbList","@id":"https:\/\/cvnoticias.com\/nuevapagina\/index.php\/2025\/12\/20\/consulta-de-revocacion-de-mandato-es-un-triunfo-de-la-democracia-participativa-de-la-4t-afirma-nino-morales\/#breadcrumb","itemListElement":[{"@type":"ListItem","position":1,"name":"Portada","item":"https:\/\/cvnoticias.com\/nuevapagina\/"},{"@type":"ListItem","position":2,"name":"Consulta de revocaci\u00f3n de mandato es un triunfo de la democracia participativa de la 4T, afirma Nino Morales"}]},{"@type":"WebSite","@id":"https:\/\/cvnoticias.com\/nuevapagina\/#website","url":"https:\/\/cvnoticias.com\/nuevapagina\/","name":"CV Noticias","description":"Noticias de Oaxaca","publisher":{"@id":"https:\/\/cvnoticias.com\/nuevapagina\/#organization"},"potentialAction":[{"@type":"SearchAction","target":{"@type":"EntryPoint","urlTemplate":"https:\/\/cvnoticias.com\/nuevapagina\/?s={search_term_string}"},"query-input":{"@type":"PropertyValueSpecification","valueRequired":true,"valueName":"search_term_string"}}],"inLanguage":"es"},{"@type":"Organization","@id":"https:\/\/cvnoticias.com\/nuevapagina\/#organization","name":"CV Noticias","url":"https:\/\/cvnoticias.com\/nuevapagina\/","logo":{"@type":"ImageObject","inLanguage":"es","@id":"https:\/\/cvnoticias.com\/nuevapagina\/#\/schema\/logo\/image\/","url":"https:\/\/cvnoticias.com\/nuevapagina\/wp-content\/uploads\/2025\/05\/cropped-logo-1.png","contentUrl":"https:\/\/cvnoticias.com\/nuevapagina\/wp-content\/uploads\/2025\/05\/cropped-logo-1.png","width":320,"height":118,"caption":"CV Noticias"},"image":{"@id":"https:\/\/cvnoticias.com\/nuevapagina\/#\/schema\/logo\/image\/"}},{"@type":"Person","@id":"https:\/\/cvnoticias.com\/nuevapagina\/#\/schema\/person\/19e35f246421a31486be7321065f7463","name":"CvNoticias","image":{"@type":"ImageObject","inLanguage":"es","@id":"https:\/\/secure.gravatar.com\/avatar\/c3a4375d38fd8f9b34ac9e853cb706a079817c78f9a39e33b16a2b2b2e51688a?s=96&d=mm&r=g","url":"https:\/\/secure.gravatar.com\/avatar\/c3a4375d38fd8f9b34ac9e853cb706a079817c78f9a39e33b16a2b2b2e51688a?s=96&d=mm&r=g","contentUrl":"https:\/\/secure.gravatar.com\/avatar\/c3a4375d38fd8f9b34ac9e853cb706a079817c78f9a39e33b16a2b2b2e51688a?s=96&d=mm&r=g","caption":"CvNoticias"},"url":"https:\/\/cvnoticias.com\/nuevapagina\/index.php\/author\/gesner\/"}]}},"_links":{"self":[{"href":"https:\/\/cvnoticias.com\/nuevapagina\/index.php\/wp-json\/wp\/v2\/posts\/4524","targetHints":{"allow":["GET"]}}],"collection":[{"href":"https:\/\/cvnoticias.com\/nuevapagina\/index.php\/wp-json\/wp\/v2\/posts"}],"about":[{"href":"https:\/\/cvnoticias.com\/nuevapagina\/index.php\/wp-json\/wp\/v2\/types\/post"}],"author":[{"embeddable":true,"href":"https:\/\/cvnoticias.com\/nuevapagina\/index.php\/wp-json\/wp\/v2\/users\/2"}],"replies":[{"embeddable":true,"href":"https:\/\/cvnoticias.com\/nuevapagina\/index.php\/wp-json\/wp\/v2\/comments?post=4524"}],"version-history":[{"count":1,"href":"https:\/\/cvnoticias.com\/nuevapagina\/index.php\/wp-json\/wp\/v2\/posts\/4524\/revisions"}],"predecessor-version":[{"id":4526,"href":"https:\/\/cvnoticias.com\/nuevapagina\/index.php\/wp-json\/wp\/v2\/posts\/4524\/revisions\/4526"}],"wp:featuredmedia":[{"embeddable":true,"href":"https:\/\/cvnoticias.com\/nuevapagina\/index.php\/wp-json\/wp\/v2\/media\/4525"}],"wp:attachment":[{"href":"https:\/\/cvnoticias.com\/nuevapagina\/index.php\/wp-json\/wp\/v2\/media?parent=4524"}],"wp:term":[{"taxonomy":"category","embeddable":true,"href":"https:\/\/cvnoticias.com\/nuevapagina\/index.php\/wp-json\/wp\/v2\/categories?post=4524"},{"taxonomy":"post_tag","embeddable":true,"href":"https:\/\/cvnoticias.com\/nuevapagina\/index.php\/wp-json\/wp\/v2\/tags?post=4524"}],"curies":[{"name":"wp","href":"https:\/\/api.w.org\/{rel}","templated":true}]}}