{"id":4516,"date":"2025-12-20T18:27:24","date_gmt":"2025-12-20T18:27:24","guid":{"rendered":"https:\/\/cvnoticias.com\/nuevapagina\/?p=4516"},"modified":"2025-12-20T18:27:25","modified_gmt":"2025-12-20T18:27:25","slug":"exhorta-congreso-del-estado-a-retomar-la-feria-internacional-del-libro-en-el-ano-2026-con-un-enfoque-de-igualdad-paridad-y-sin-exclusion","status":"publish","type":"post","link":"https:\/\/cvnoticias.com\/nuevapagina\/index.php\/2025\/12\/20\/exhorta-congreso-del-estado-a-retomar-la-feria-internacional-del-libro-en-el-ano-2026-con-un-enfoque-de-igualdad-paridad-y-sin-exclusion\/","title":{"rendered":"Exhorta Congreso del Estado a retomar la Feria Internacional del Libro en el a\u00f1o 2026, con un enfoque de igualdad, paridad y sin exclusi\u00f3n"},"content":{"rendered":"\n<p><\/p>\n\n\n\n<ul class=\"wp-block-list\">\n<li>La medida legislativa busca fomentar y garantizar el acceso a la lectura<\/li>\n<\/ul>\n\n\n\n<p>San Raymundo Jalpan, Oax., a 20 de diciembre de 2025.- Con 30 votos a favor, el Congreso del Estado aprob\u00f3 exhortar a diversas dependencias del Gobierno del Estado, para que realicen las gestiones necesarias y retomen en el a\u00f1o 2026, la organizaci\u00f3n de una Feria Internacional del Libro (FIL), asegurando un enfoque inclusivo y financiero eficiente.<\/p>\n\n\n\n<p>La medida legislativa indica que las secretar\u00edas de las Cultura y Artes, de Desarrollo Econ\u00f3mico, as\u00ed como el Instituto Estatal de Creaci\u00f3n Literaria y Fomento a la Lectura deber\u00e1n garantizar que la convocatoria para participar en dicha feria cumpla con los principios de igualdad, paridad, evitando la discriminaci\u00f3n y exclusi\u00f3n art\u00edstica del \u00e1mbito literario y cultural de Oaxaca.<\/p>\n\n\n\n<p>La Comisi\u00f3n Permanente de Culturas y Artes dictamin\u00f3 como procedente la propuesta del diputado Dante Monta\u00f1o Montero, del Grupo Parlamentario del Partido del Trabajo (PT), quien se\u00f1al\u00f3 en su exposici\u00f3n de motivos que es prioritario solicitar a las autoridades estatales, propicien un escenario para el c\u00edrculo literario y cultural en la entidad, con un trato digno a artesanos libreros, peque\u00f1as editoriales, y al gremio de escritoras, escritores y artistas, sin caer en exclusiones.<\/p>\n\n\n\n<p>Si bien, en la entidad se organiz\u00f3 la Feria Internacional de la Escritura y la Lectura de Oaxaca (FIEL Oaxaca), esta acci\u00f3n legislativa, propone que esta feria cuente con una planeaci\u00f3n mucho m\u00e1s eficiente, oportuna y un sistema de financiamiento autosustentable, garantizando que su permanencia a largo plazo no dependa del presupuesto p\u00fablico.<\/p>\n\n\n\n<p>El dictamen subraya que Oaxaca, como coraz\u00f3n cultural de M\u00e9xico, precisa de un ejercicio de promoci\u00f3n de la lectura que refleje sus caracter\u00edsticas socioculturales, pues estos espacios son fundamentales para el intercambio cultural, la formaci\u00f3n de un p\u00fablico lector y la consolidaci\u00f3n de la industria cultural.<\/p>\n\n\n\n<p>Por \u00faltimo, se enfatiz\u00f3 que estos espacios son fundamentales no solo para la difusi\u00f3n del conocimiento, sino tambi\u00e9n para el desarrollo econ\u00f3mico y tur\u00edstico de la regi\u00f3n.<\/p>\n","protected":false},"excerpt":{"rendered":"<p>San Raymundo Jalpan, Oax., a 20 de diciembre de 2025.- Con 30 votos a favor,&#8230;<\/p>\n","protected":false},"author":2,"featured_media":4492,"comment_status":"open","ping_status":"closed","sticky":false,"template":"","format":"standard","meta":{"footnotes":""},"categories":[3],"tags":[],"class_list":["post-4516","post","type-post","status-publish","format-standard","has-post-thumbnail","hentry","category-comunicadosdeprensa"],"yoast_head":"<!-- This site is optimized with the Yoast SEO plugin v27.5 - https:\/\/yoast.com\/product\/yoast-seo-wordpress\/ -->\n<title>Exhorta Congreso del Estado a retomar la Feria Internacional del Libro en el a\u00f1o 2026, con un enfoque de igualdad, paridad y sin exclusi\u00f3n - CV Noticias<\/title>\n<meta name=\"robots\" content=\"index, follow, max-snippet:-1, max-image-preview:large, max-video-preview:-1\" \/>\n<link rel=\"canonical\" href=\"https:\/\/cvnoticias.com\/nuevapagina\/index.php\/2025\/12\/20\/exhorta-congreso-del-estado-a-retomar-la-feria-internacional-del-libro-en-el-ano-2026-con-un-enfoque-de-igualdad-paridad-y-sin-exclusion\/\" \/>\n<meta property=\"og:locale\" content=\"es_ES\" \/>\n<meta property=\"og:type\" content=\"article\" \/>\n<meta property=\"og:title\" content=\"Exhorta Congreso del Estado a retomar la Feria Internacional del Libro en el a\u00f1o 2026, con un enfoque de igualdad, paridad y sin exclusi\u00f3n - CV Noticias\" \/>\n<meta property=\"og:description\" content=\"San Raymundo Jalpan, Oax., a 20 de diciembre de 2025.- Con 30 votos a favor,...\" \/>\n<meta property=\"og:url\" content=\"https:\/\/cvnoticias.com\/nuevapagina\/index.php\/2025\/12\/20\/exhorta-congreso-del-estado-a-retomar-la-feria-internacional-del-libro-en-el-ano-2026-con-un-enfoque-de-igualdad-paridad-y-sin-exclusion\/\" \/>\n<meta property=\"og:site_name\" content=\"CV Noticias\" \/>\n<meta property=\"article:published_time\" content=\"2025-12-20T18:27:24+00:00\" \/>\n<meta property=\"article:modified_time\" content=\"2025-12-20T18:27:25+00:00\" \/>\n<meta property=\"og:image\" content=\"https:\/\/cvnoticias.com\/nuevapagina\/wp-content\/uploads\/2025\/12\/WhatsApp-Image-2025-12-20-at-11.56.30-AM.jpeg\" \/>\n\t<meta property=\"og:image:width\" content=\"1280\" \/>\n\t<meta property=\"og:image:height\" content=\"853\" \/>\n\t<meta property=\"og:image:type\" content=\"image\/jpeg\" \/>\n<meta name=\"author\" content=\"CvNoticias\" \/>\n<meta name=\"twitter:card\" content=\"summary_large_image\" \/>\n<meta name=\"twitter:label1\" content=\"Escrito por\" \/>\n\t<meta name=\"twitter:data1\" content=\"CvNoticias\" \/>\n\t<meta name=\"twitter:label2\" content=\"Tiempo de lectura\" \/>\n\t<meta name=\"twitter:data2\" content=\"2 minutos\" \/>\n<script type=\"application\/ld+json\" class=\"yoast-schema-graph\">{\"@context\":\"https:\\\/\\\/schema.org\",\"@graph\":[{\"@type\":\"Article\",\"@id\":\"https:\\\/\\\/cvnoticias.com\\\/nuevapagina\\\/index.php\\\/2025\\\/12\\\/20\\\/exhorta-congreso-del-estado-a-retomar-la-feria-internacional-del-libro-en-el-ano-2026-con-un-enfoque-de-igualdad-paridad-y-sin-exclusion\\\/#article\",\"isPartOf\":{\"@id\":\"https:\\\/\\\/cvnoticias.com\\\/nuevapagina\\\/index.php\\\/2025\\\/12\\\/20\\\/exhorta-congreso-del-estado-a-retomar-la-feria-internacional-del-libro-en-el-ano-2026-con-un-enfoque-de-igualdad-paridad-y-sin-exclusion\\\/\"},\"author\":{\"name\":\"CvNoticias\",\"@id\":\"https:\\\/\\\/cvnoticias.com\\\/nuevapagina\\\/#\\\/schema\\\/person\\\/19e35f246421a31486be7321065f7463\"},\"headline\":\"Exhorta Congreso del Estado a retomar la Feria Internacional del Libro en el a\u00f1o 2026, con un enfoque de igualdad, paridad y sin exclusi\u00f3n\",\"datePublished\":\"2025-12-20T18:27:24+00:00\",\"dateModified\":\"2025-12-20T18:27:25+00:00\",\"mainEntityOfPage\":{\"@id\":\"https:\\\/\\\/cvnoticias.com\\\/nuevapagina\\\/index.php\\\/2025\\\/12\\\/20\\\/exhorta-congreso-del-estado-a-retomar-la-feria-internacional-del-libro-en-el-ano-2026-con-un-enfoque-de-igualdad-paridad-y-sin-exclusion\\\/\"},\"wordCount\":378,\"commentCount\":0,\"publisher\":{\"@id\":\"https:\\\/\\\/cvnoticias.com\\\/nuevapagina\\\/#organization\"},\"image\":{\"@id\":\"https:\\\/\\\/cvnoticias.com\\\/nuevapagina\\\/index.php\\\/2025\\\/12\\\/20\\\/exhorta-congreso-del-estado-a-retomar-la-feria-internacional-del-libro-en-el-ano-2026-con-un-enfoque-de-igualdad-paridad-y-sin-exclusion\\\/#primaryimage\"},\"thumbnailUrl\":\"https:\\\/\\\/cvnoticias.com\\\/nuevapagina\\\/wp-content\\\/uploads\\\/2025\\\/12\\\/WhatsApp-Image-2025-12-20-at-11.56.30-AM.jpeg\",\"articleSection\":[\"Comunicados\"],\"inLanguage\":\"es\",\"potentialAction\":[{\"@type\":\"CommentAction\",\"name\":\"Comment\",\"target\":[\"https:\\\/\\\/cvnoticias.com\\\/nuevapagina\\\/index.php\\\/2025\\\/12\\\/20\\\/exhorta-congreso-del-estado-a-retomar-la-feria-internacional-del-libro-en-el-ano-2026-con-un-enfoque-de-igualdad-paridad-y-sin-exclusion\\\/#respond\"]}]},{\"@type\":\"WebPage\",\"@id\":\"https:\\\/\\\/cvnoticias.com\\\/nuevapagina\\\/index.php\\\/2025\\\/12\\\/20\\\/exhorta-congreso-del-estado-a-retomar-la-feria-internacional-del-libro-en-el-ano-2026-con-un-enfoque-de-igualdad-paridad-y-sin-exclusion\\\/\",\"url\":\"https:\\\/\\\/cvnoticias.com\\\/nuevapagina\\\/index.php\\\/2025\\\/12\\\/20\\\/exhorta-congreso-del-estado-a-retomar-la-feria-internacional-del-libro-en-el-ano-2026-con-un-enfoque-de-igualdad-paridad-y-sin-exclusion\\\/\",\"name\":\"Exhorta Congreso del Estado a retomar la Feria Internacional del Libro en el a\u00f1o 2026, con un enfoque de igualdad, paridad y sin exclusi\u00f3n - CV Noticias\",\"isPartOf\":{\"@id\":\"https:\\\/\\\/cvnoticias.com\\\/nuevapagina\\\/#website\"},\"primaryImageOfPage\":{\"@id\":\"https:\\\/\\\/cvnoticias.com\\\/nuevapagina\\\/index.php\\\/2025\\\/12\\\/20\\\/exhorta-congreso-del-estado-a-retomar-la-feria-internacional-del-libro-en-el-ano-2026-con-un-enfoque-de-igualdad-paridad-y-sin-exclusion\\\/#primaryimage\"},\"image\":{\"@id\":\"https:\\\/\\\/cvnoticias.com\\\/nuevapagina\\\/index.php\\\/2025\\\/12\\\/20\\\/exhorta-congreso-del-estado-a-retomar-la-feria-internacional-del-libro-en-el-ano-2026-con-un-enfoque-de-igualdad-paridad-y-sin-exclusion\\\/#primaryimage\"},\"thumbnailUrl\":\"https:\\\/\\\/cvnoticias.com\\\/nuevapagina\\\/wp-content\\\/uploads\\\/2025\\\/12\\\/WhatsApp-Image-2025-12-20-at-11.56.30-AM.jpeg\",\"datePublished\":\"2025-12-20T18:27:24+00:00\",\"dateModified\":\"2025-12-20T18:27:25+00:00\",\"breadcrumb\":{\"@id\":\"https:\\\/\\\/cvnoticias.com\\\/nuevapagina\\\/index.php\\\/2025\\\/12\\\/20\\\/exhorta-congreso-del-estado-a-retomar-la-feria-internacional-del-libro-en-el-ano-2026-con-un-enfoque-de-igualdad-paridad-y-sin-exclusion\\\/#breadcrumb\"},\"inLanguage\":\"es\",\"potentialAction\":[{\"@type\":\"ReadAction\",\"target\":[\"https:\\\/\\\/cvnoticias.com\\\/nuevapagina\\\/index.php\\\/2025\\\/12\\\/20\\\/exhorta-congreso-del-estado-a-retomar-la-feria-internacional-del-libro-en-el-ano-2026-con-un-enfoque-de-igualdad-paridad-y-sin-exclusion\\\/\"]}]},{\"@type\":\"ImageObject\",\"inLanguage\":\"es\",\"@id\":\"https:\\\/\\\/cvnoticias.com\\\/nuevapagina\\\/index.php\\\/2025\\\/12\\\/20\\\/exhorta-congreso-del-estado-a-retomar-la-feria-internacional-del-libro-en-el-ano-2026-con-un-enfoque-de-igualdad-paridad-y-sin-exclusion\\\/#primaryimage\",\"url\":\"https:\\\/\\\/cvnoticias.com\\\/nuevapagina\\\/wp-content\\\/uploads\\\/2025\\\/12\\\/WhatsApp-Image-2025-12-20-at-11.56.30-AM.jpeg\",\"contentUrl\":\"https:\\\/\\\/cvnoticias.com\\\/nuevapagina\\\/wp-content\\\/uploads\\\/2025\\\/12\\\/WhatsApp-Image-2025-12-20-at-11.56.30-AM.jpeg\",\"width\":1280,\"height\":853},{\"@type\":\"BreadcrumbList\",\"@id\":\"https:\\\/\\\/cvnoticias.com\\\/nuevapagina\\\/index.php\\\/2025\\\/12\\\/20\\\/exhorta-congreso-del-estado-a-retomar-la-feria-internacional-del-libro-en-el-ano-2026-con-un-enfoque-de-igualdad-paridad-y-sin-exclusion\\\/#breadcrumb\",\"itemListElement\":[{\"@type\":\"ListItem\",\"position\":1,\"name\":\"Portada\",\"item\":\"https:\\\/\\\/cvnoticias.com\\\/nuevapagina\\\/\"},{\"@type\":\"ListItem\",\"position\":2,\"name\":\"Exhorta Congreso del Estado a retomar la Feria Internacional del Libro en el a\u00f1o 2026, con un enfoque de igualdad, paridad y sin exclusi\u00f3n\"}]},{\"@type\":\"WebSite\",\"@id\":\"https:\\\/\\\/cvnoticias.com\\\/nuevapagina\\\/#website\",\"url\":\"https:\\\/\\\/cvnoticias.com\\\/nuevapagina\\\/\",\"name\":\"CV Noticias\",\"description\":\"Noticias de Oaxaca\",\"publisher\":{\"@id\":\"https:\\\/\\\/cvnoticias.com\\\/nuevapagina\\\/#organization\"},\"potentialAction\":[{\"@type\":\"SearchAction\",\"target\":{\"@type\":\"EntryPoint\",\"urlTemplate\":\"https:\\\/\\\/cvnoticias.com\\\/nuevapagina\\\/?s={search_term_string}\"},\"query-input\":{\"@type\":\"PropertyValueSpecification\",\"valueRequired\":true,\"valueName\":\"search_term_string\"}}],\"inLanguage\":\"es\"},{\"@type\":\"Organization\",\"@id\":\"https:\\\/\\\/cvnoticias.com\\\/nuevapagina\\\/#organization\",\"name\":\"CV Noticias\",\"url\":\"https:\\\/\\\/cvnoticias.com\\\/nuevapagina\\\/\",\"logo\":{\"@type\":\"ImageObject\",\"inLanguage\":\"es\",\"@id\":\"https:\\\/\\\/cvnoticias.com\\\/nuevapagina\\\/#\\\/schema\\\/logo\\\/image\\\/\",\"url\":\"https:\\\/\\\/cvnoticias.com\\\/nuevapagina\\\/wp-content\\\/uploads\\\/2025\\\/05\\\/cropped-logo-1.png\",\"contentUrl\":\"https:\\\/\\\/cvnoticias.com\\\/nuevapagina\\\/wp-content\\\/uploads\\\/2025\\\/05\\\/cropped-logo-1.png\",\"width\":320,\"height\":118,\"caption\":\"CV Noticias\"},\"image\":{\"@id\":\"https:\\\/\\\/cvnoticias.com\\\/nuevapagina\\\/#\\\/schema\\\/logo\\\/image\\\/\"}},{\"@type\":\"Person\",\"@id\":\"https:\\\/\\\/cvnoticias.com\\\/nuevapagina\\\/#\\\/schema\\\/person\\\/19e35f246421a31486be7321065f7463\",\"name\":\"CvNoticias\",\"image\":{\"@type\":\"ImageObject\",\"inLanguage\":\"es\",\"@id\":\"https:\\\/\\\/secure.gravatar.com\\\/avatar\\\/c3a4375d38fd8f9b34ac9e853cb706a079817c78f9a39e33b16a2b2b2e51688a?s=96&d=mm&r=g\",\"url\":\"https:\\\/\\\/secure.gravatar.com\\\/avatar\\\/c3a4375d38fd8f9b34ac9e853cb706a079817c78f9a39e33b16a2b2b2e51688a?s=96&d=mm&r=g\",\"contentUrl\":\"https:\\\/\\\/secure.gravatar.com\\\/avatar\\\/c3a4375d38fd8f9b34ac9e853cb706a079817c78f9a39e33b16a2b2b2e51688a?s=96&d=mm&r=g\",\"caption\":\"CvNoticias\"},\"url\":\"https:\\\/\\\/cvnoticias.com\\\/nuevapagina\\\/index.php\\\/author\\\/gesner\\\/\"}]}<\/script>\n<!-- \/ Yoast SEO plugin. -->","yoast_head_json":{"title":"Exhorta Congreso del Estado a retomar la Feria Internacional del Libro en el a\u00f1o 2026, con un enfoque de igualdad, paridad y sin exclusi\u00f3n - CV Noticias","robots":{"index":"index","follow":"follow","max-snippet":"max-snippet:-1","max-image-preview":"max-image-preview:large","max-video-preview":"max-video-preview:-1"},"canonical":"https:\/\/cvnoticias.com\/nuevapagina\/index.php\/2025\/12\/20\/exhorta-congreso-del-estado-a-retomar-la-feria-internacional-del-libro-en-el-ano-2026-con-un-enfoque-de-igualdad-paridad-y-sin-exclusion\/","og_locale":"es_ES","og_type":"article","og_title":"Exhorta Congreso del Estado a retomar la Feria Internacional del Libro en el a\u00f1o 2026, con un enfoque de igualdad, paridad y sin exclusi\u00f3n - CV Noticias","og_description":"San Raymundo Jalpan, Oax., a 20 de diciembre de 2025.- Con 30 votos a favor,...","og_url":"https:\/\/cvnoticias.com\/nuevapagina\/index.php\/2025\/12\/20\/exhorta-congreso-del-estado-a-retomar-la-feria-internacional-del-libro-en-el-ano-2026-con-un-enfoque-de-igualdad-paridad-y-sin-exclusion\/","og_site_name":"CV Noticias","article_published_time":"2025-12-20T18:27:24+00:00","article_modified_time":"2025-12-20T18:27:25+00:00","og_image":[{"width":1280,"height":853,"url":"https:\/\/cvnoticias.com\/nuevapagina\/wp-content\/uploads\/2025\/12\/WhatsApp-Image-2025-12-20-at-11.56.30-AM.jpeg","type":"image\/jpeg"}],"author":"CvNoticias","twitter_card":"summary_large_image","twitter_misc":{"Escrito por":"CvNoticias","Tiempo de lectura":"2 minutos"},"schema":{"@context":"https:\/\/schema.org","@graph":[{"@type":"Article","@id":"https:\/\/cvnoticias.com\/nuevapagina\/index.php\/2025\/12\/20\/exhorta-congreso-del-estado-a-retomar-la-feria-internacional-del-libro-en-el-ano-2026-con-un-enfoque-de-igualdad-paridad-y-sin-exclusion\/#article","isPartOf":{"@id":"https:\/\/cvnoticias.com\/nuevapagina\/index.php\/2025\/12\/20\/exhorta-congreso-del-estado-a-retomar-la-feria-internacional-del-libro-en-el-ano-2026-con-un-enfoque-de-igualdad-paridad-y-sin-exclusion\/"},"author":{"name":"CvNoticias","@id":"https:\/\/cvnoticias.com\/nuevapagina\/#\/schema\/person\/19e35f246421a31486be7321065f7463"},"headline":"Exhorta Congreso del Estado a retomar la Feria Internacional del Libro en el a\u00f1o 2026, con un enfoque de igualdad, paridad y sin exclusi\u00f3n","datePublished":"2025-12-20T18:27:24+00:00","dateModified":"2025-12-20T18:27:25+00:00","mainEntityOfPage":{"@id":"https:\/\/cvnoticias.com\/nuevapagina\/index.php\/2025\/12\/20\/exhorta-congreso-del-estado-a-retomar-la-feria-internacional-del-libro-en-el-ano-2026-con-un-enfoque-de-igualdad-paridad-y-sin-exclusion\/"},"wordCount":378,"commentCount":0,"publisher":{"@id":"https:\/\/cvnoticias.com\/nuevapagina\/#organization"},"image":{"@id":"https:\/\/cvnoticias.com\/nuevapagina\/index.php\/2025\/12\/20\/exhorta-congreso-del-estado-a-retomar-la-feria-internacional-del-libro-en-el-ano-2026-con-un-enfoque-de-igualdad-paridad-y-sin-exclusion\/#primaryimage"},"thumbnailUrl":"https:\/\/cvnoticias.com\/nuevapagina\/wp-content\/uploads\/2025\/12\/WhatsApp-Image-2025-12-20-at-11.56.30-AM.jpeg","articleSection":["Comunicados"],"inLanguage":"es","potentialAction":[{"@type":"CommentAction","name":"Comment","target":["https:\/\/cvnoticias.com\/nuevapagina\/index.php\/2025\/12\/20\/exhorta-congreso-del-estado-a-retomar-la-feria-internacional-del-libro-en-el-ano-2026-con-un-enfoque-de-igualdad-paridad-y-sin-exclusion\/#respond"]}]},{"@type":"WebPage","@id":"https:\/\/cvnoticias.com\/nuevapagina\/index.php\/2025\/12\/20\/exhorta-congreso-del-estado-a-retomar-la-feria-internacional-del-libro-en-el-ano-2026-con-un-enfoque-de-igualdad-paridad-y-sin-exclusion\/","url":"https:\/\/cvnoticias.com\/nuevapagina\/index.php\/2025\/12\/20\/exhorta-congreso-del-estado-a-retomar-la-feria-internacional-del-libro-en-el-ano-2026-con-un-enfoque-de-igualdad-paridad-y-sin-exclusion\/","name":"Exhorta Congreso del Estado a retomar la Feria Internacional del Libro en el a\u00f1o 2026, con un enfoque de igualdad, paridad y sin exclusi\u00f3n - CV Noticias","isPartOf":{"@id":"https:\/\/cvnoticias.com\/nuevapagina\/#website"},"primaryImageOfPage":{"@id":"https:\/\/cvnoticias.com\/nuevapagina\/index.php\/2025\/12\/20\/exhorta-congreso-del-estado-a-retomar-la-feria-internacional-del-libro-en-el-ano-2026-con-un-enfoque-de-igualdad-paridad-y-sin-exclusion\/#primaryimage"},"image":{"@id":"https:\/\/cvnoticias.com\/nuevapagina\/index.php\/2025\/12\/20\/exhorta-congreso-del-estado-a-retomar-la-feria-internacional-del-libro-en-el-ano-2026-con-un-enfoque-de-igualdad-paridad-y-sin-exclusion\/#primaryimage"},"thumbnailUrl":"https:\/\/cvnoticias.com\/nuevapagina\/wp-content\/uploads\/2025\/12\/WhatsApp-Image-2025-12-20-at-11.56.30-AM.jpeg","datePublished":"2025-12-20T18:27:24+00:00","dateModified":"2025-12-20T18:27:25+00:00","breadcrumb":{"@id":"https:\/\/cvnoticias.com\/nuevapagina\/index.php\/2025\/12\/20\/exhorta-congreso-del-estado-a-retomar-la-feria-internacional-del-libro-en-el-ano-2026-con-un-enfoque-de-igualdad-paridad-y-sin-exclusion\/#breadcrumb"},"inLanguage":"es","potentialAction":[{"@type":"ReadAction","target":["https:\/\/cvnoticias.com\/nuevapagina\/index.php\/2025\/12\/20\/exhorta-congreso-del-estado-a-retomar-la-feria-internacional-del-libro-en-el-ano-2026-con-un-enfoque-de-igualdad-paridad-y-sin-exclusion\/"]}]},{"@type":"ImageObject","inLanguage":"es","@id":"https:\/\/cvnoticias.com\/nuevapagina\/index.php\/2025\/12\/20\/exhorta-congreso-del-estado-a-retomar-la-feria-internacional-del-libro-en-el-ano-2026-con-un-enfoque-de-igualdad-paridad-y-sin-exclusion\/#primaryimage","url":"https:\/\/cvnoticias.com\/nuevapagina\/wp-content\/uploads\/2025\/12\/WhatsApp-Image-2025-12-20-at-11.56.30-AM.jpeg","contentUrl":"https:\/\/cvnoticias.com\/nuevapagina\/wp-content\/uploads\/2025\/12\/WhatsApp-Image-2025-12-20-at-11.56.30-AM.jpeg","width":1280,"height":853},{"@type":"BreadcrumbList","@id":"https:\/\/cvnoticias.com\/nuevapagina\/index.php\/2025\/12\/20\/exhorta-congreso-del-estado-a-retomar-la-feria-internacional-del-libro-en-el-ano-2026-con-un-enfoque-de-igualdad-paridad-y-sin-exclusion\/#breadcrumb","itemListElement":[{"@type":"ListItem","position":1,"name":"Portada","item":"https:\/\/cvnoticias.com\/nuevapagina\/"},{"@type":"ListItem","position":2,"name":"Exhorta Congreso del Estado a retomar la Feria Internacional del Libro en el a\u00f1o 2026, con un enfoque de igualdad, paridad y sin exclusi\u00f3n"}]},{"@type":"WebSite","@id":"https:\/\/cvnoticias.com\/nuevapagina\/#website","url":"https:\/\/cvnoticias.com\/nuevapagina\/","name":"CV Noticias","description":"Noticias de Oaxaca","publisher":{"@id":"https:\/\/cvnoticias.com\/nuevapagina\/#organization"},"potentialAction":[{"@type":"SearchAction","target":{"@type":"EntryPoint","urlTemplate":"https:\/\/cvnoticias.com\/nuevapagina\/?s={search_term_string}"},"query-input":{"@type":"PropertyValueSpecification","valueRequired":true,"valueName":"search_term_string"}}],"inLanguage":"es"},{"@type":"Organization","@id":"https:\/\/cvnoticias.com\/nuevapagina\/#organization","name":"CV Noticias","url":"https:\/\/cvnoticias.com\/nuevapagina\/","logo":{"@type":"ImageObject","inLanguage":"es","@id":"https:\/\/cvnoticias.com\/nuevapagina\/#\/schema\/logo\/image\/","url":"https:\/\/cvnoticias.com\/nuevapagina\/wp-content\/uploads\/2025\/05\/cropped-logo-1.png","contentUrl":"https:\/\/cvnoticias.com\/nuevapagina\/wp-content\/uploads\/2025\/05\/cropped-logo-1.png","width":320,"height":118,"caption":"CV Noticias"},"image":{"@id":"https:\/\/cvnoticias.com\/nuevapagina\/#\/schema\/logo\/image\/"}},{"@type":"Person","@id":"https:\/\/cvnoticias.com\/nuevapagina\/#\/schema\/person\/19e35f246421a31486be7321065f7463","name":"CvNoticias","image":{"@type":"ImageObject","inLanguage":"es","@id":"https:\/\/secure.gravatar.com\/avatar\/c3a4375d38fd8f9b34ac9e853cb706a079817c78f9a39e33b16a2b2b2e51688a?s=96&d=mm&r=g","url":"https:\/\/secure.gravatar.com\/avatar\/c3a4375d38fd8f9b34ac9e853cb706a079817c78f9a39e33b16a2b2b2e51688a?s=96&d=mm&r=g","contentUrl":"https:\/\/secure.gravatar.com\/avatar\/c3a4375d38fd8f9b34ac9e853cb706a079817c78f9a39e33b16a2b2b2e51688a?s=96&d=mm&r=g","caption":"CvNoticias"},"url":"https:\/\/cvnoticias.com\/nuevapagina\/index.php\/author\/gesner\/"}]}},"_links":{"self":[{"href":"https:\/\/cvnoticias.com\/nuevapagina\/index.php\/wp-json\/wp\/v2\/posts\/4516","targetHints":{"allow":["GET"]}}],"collection":[{"href":"https:\/\/cvnoticias.com\/nuevapagina\/index.php\/wp-json\/wp\/v2\/posts"}],"about":[{"href":"https:\/\/cvnoticias.com\/nuevapagina\/index.php\/wp-json\/wp\/v2\/types\/post"}],"author":[{"embeddable":true,"href":"https:\/\/cvnoticias.com\/nuevapagina\/index.php\/wp-json\/wp\/v2\/users\/2"}],"replies":[{"embeddable":true,"href":"https:\/\/cvnoticias.com\/nuevapagina\/index.php\/wp-json\/wp\/v2\/comments?post=4516"}],"version-history":[{"count":1,"href":"https:\/\/cvnoticias.com\/nuevapagina\/index.php\/wp-json\/wp\/v2\/posts\/4516\/revisions"}],"predecessor-version":[{"id":4517,"href":"https:\/\/cvnoticias.com\/nuevapagina\/index.php\/wp-json\/wp\/v2\/posts\/4516\/revisions\/4517"}],"wp:featuredmedia":[{"embeddable":true,"href":"https:\/\/cvnoticias.com\/nuevapagina\/index.php\/wp-json\/wp\/v2\/media\/4492"}],"wp:attachment":[{"href":"https:\/\/cvnoticias.com\/nuevapagina\/index.php\/wp-json\/wp\/v2\/media?parent=4516"}],"wp:term":[{"taxonomy":"category","embeddable":true,"href":"https:\/\/cvnoticias.com\/nuevapagina\/index.php\/wp-json\/wp\/v2\/categories?post=4516"},{"taxonomy":"post_tag","embeddable":true,"href":"https:\/\/cvnoticias.com\/nuevapagina\/index.php\/wp-json\/wp\/v2\/tags?post=4516"}],"curies":[{"name":"wp","href":"https:\/\/api.w.org\/{rel}","templated":true}]}}