{"id":4512,"date":"2025-12-20T18:24:50","date_gmt":"2025-12-20T18:24:50","guid":{"rendered":"https:\/\/cvnoticias.com\/nuevapagina\/?p=4512"},"modified":"2025-12-20T18:24:51","modified_gmt":"2025-12-20T18:24:51","slug":"exhortan-a-la-profeco-a-realizar-operativos-de-vigilancia-y-verificacion-de-precios-con-motivo-de-las-fiestas-de-fin-de-ano","status":"publish","type":"post","link":"https:\/\/cvnoticias.com\/nuevapagina\/index.php\/2025\/12\/20\/exhortan-a-la-profeco-a-realizar-operativos-de-vigilancia-y-verificacion-de-precios-con-motivo-de-las-fiestas-de-fin-de-ano\/","title":{"rendered":"Exhortan a la Profeco a realizar operativos de vigilancia y verificaci\u00f3n de precios con motivo de las fiestas de fin de a\u00f1o"},"content":{"rendered":"\n<p><\/p>\n\n\n\n<ul class=\"wp-block-list\">\n<li>Se busca prevenir abusos en precios, publicidad enga\u00f1osa y garantizar el respeto a promociones vigentes<\/li>\n<\/ul>\n\n\n\n<p>San Raymundo Jalpan, Oax., a 19 de diciembre de 2025.- El Congreso del Estado aprob\u00f3 un exhorto dirigido al titular de la Procuradur\u00eda Federal del Consumidor (Profeco), delegaci\u00f3n Oaxaca, para que lleve a cabo operativos de verificaci\u00f3n y vigilancia en los establecimientos que ofrecen cenas y servicios con motivo de las celebraciones de fin de a\u00f1o, as\u00ed como en los centros y plazas comerciales, a efecto de prevenir abusos en los precios, garantizar el respeto a promociones vigentes y proteger los derechos de las y los consumidores durante las fiestas decembrinas.<\/p>\n\n\n\n<p>Lo anterior con el fin de evitar variaciones injustificadas entre los precios exhibidos y los cobrados en caja; garantizar que los comercios respeten las ofertas y paquetes anunciados para cenas y servicios; y asegurar que las y los consumidores cuenten con informaci\u00f3n clara, veraz y comprobable al realizar sus compras.<br>La iniciativa fue impulsada por la legisladora Mar\u00eda Eulalia Velasco Ram\u00edrez, integrante del Grupo Parlamentario Fuerza por Oaxaca, y aprobada de Urgente y Obvia Resoluci\u00f3n con 30 votos en Sesi\u00f3n Ordinaria, ante el incremento de la actividad comercial propia de las festividades de fin de a\u00f1o.<\/p>\n\n\n\n<p>De acuerdo con la promovente, esta temporada representa un periodo de alta demanda de bienes y servicios, incrementando escenarios donde se puedan presentar pr\u00e1cticas comerciales abusivas, como aumentos injustificados en precios y publicidad enga\u00f1osa, que afectan directamente el bolsillo de las familias oaxaque\u00f1as y de las personas que visitan la entidad.<\/p>\n\n\n\n<p>Indic\u00f3 que la Profeco tiene entre sus atribuciones, realizar operativos de verificaci\u00f3n, monitorear precios, garantizar el respeto a promociones y sancionar abusos, por ello preciso, es importante la implementaci\u00f3n de operativos de supervisi\u00f3n en establecimientos que ofrecen cenas y servicios, as\u00ed como en centros y plazas comerciales, poniendo \u00e9nfasis en las playas oaxaque\u00f1as, las cuales suelen ser la elecci\u00f3n principal de locales y visitantes.<\/p>\n\n\n\n<p>Ante esta situaci\u00f3n, la legisladora recalc\u00f3 que la medida no es un acto punitivo, sino una acci\u00f3n de prevenci\u00f3n social, pues no se trata de obstaculizar la actividad comercial ni de afectar al sector productivo, se trata de fortalecer la confianza del consumidor y las familias oaxaque\u00f1as.<\/p>\n","protected":false},"excerpt":{"rendered":"<p>San Raymundo Jalpan, Oax., a 19 de diciembre de 2025.- El Congreso del Estado aprob\u00f3&#8230;<\/p>\n","protected":false},"author":2,"featured_media":4494,"comment_status":"open","ping_status":"closed","sticky":false,"template":"","format":"standard","meta":{"footnotes":""},"categories":[3],"tags":[],"class_list":["post-4512","post","type-post","status-publish","format-standard","has-post-thumbnail","hentry","category-comunicadosdeprensa"],"yoast_head":"<!-- This site is optimized with the Yoast SEO plugin v27.5 - https:\/\/yoast.com\/product\/yoast-seo-wordpress\/ -->\n<title>Exhortan a la Profeco a realizar operativos de vigilancia y verificaci\u00f3n de precios con motivo de las fiestas de fin de a\u00f1o - CV Noticias<\/title>\n<meta name=\"robots\" content=\"index, follow, max-snippet:-1, max-image-preview:large, max-video-preview:-1\" \/>\n<link rel=\"canonical\" href=\"https:\/\/cvnoticias.com\/nuevapagina\/index.php\/2025\/12\/20\/exhortan-a-la-profeco-a-realizar-operativos-de-vigilancia-y-verificacion-de-precios-con-motivo-de-las-fiestas-de-fin-de-ano\/\" \/>\n<meta property=\"og:locale\" content=\"es_ES\" \/>\n<meta property=\"og:type\" content=\"article\" \/>\n<meta property=\"og:title\" content=\"Exhortan a la Profeco a realizar operativos de vigilancia y verificaci\u00f3n de precios con motivo de las fiestas de fin de a\u00f1o - CV Noticias\" \/>\n<meta property=\"og:description\" content=\"San Raymundo Jalpan, Oax., a 19 de diciembre de 2025.- El Congreso del Estado aprob\u00f3...\" \/>\n<meta property=\"og:url\" content=\"https:\/\/cvnoticias.com\/nuevapagina\/index.php\/2025\/12\/20\/exhortan-a-la-profeco-a-realizar-operativos-de-vigilancia-y-verificacion-de-precios-con-motivo-de-las-fiestas-de-fin-de-ano\/\" \/>\n<meta property=\"og:site_name\" content=\"CV Noticias\" \/>\n<meta property=\"article:published_time\" content=\"2025-12-20T18:24:50+00:00\" \/>\n<meta property=\"article:modified_time\" content=\"2025-12-20T18:24:51+00:00\" \/>\n<meta property=\"og:image\" content=\"https:\/\/cvnoticias.com\/nuevapagina\/wp-content\/uploads\/2025\/12\/WhatsApp-Image-2025-12-19-at-3.15.09-PM.jpeg\" \/>\n\t<meta property=\"og:image:width\" content=\"1280\" \/>\n\t<meta property=\"og:image:height\" content=\"853\" \/>\n\t<meta property=\"og:image:type\" content=\"image\/jpeg\" \/>\n<meta name=\"author\" content=\"CvNoticias\" \/>\n<meta name=\"twitter:card\" content=\"summary_large_image\" \/>\n<meta name=\"twitter:label1\" content=\"Escrito por\" \/>\n\t<meta name=\"twitter:data1\" content=\"CvNoticias\" \/>\n\t<meta name=\"twitter:label2\" content=\"Tiempo de lectura\" \/>\n\t<meta name=\"twitter:data2\" content=\"2 minutos\" \/>\n<script type=\"application\/ld+json\" class=\"yoast-schema-graph\">{\"@context\":\"https:\\\/\\\/schema.org\",\"@graph\":[{\"@type\":\"Article\",\"@id\":\"https:\\\/\\\/cvnoticias.com\\\/nuevapagina\\\/index.php\\\/2025\\\/12\\\/20\\\/exhortan-a-la-profeco-a-realizar-operativos-de-vigilancia-y-verificacion-de-precios-con-motivo-de-las-fiestas-de-fin-de-ano\\\/#article\",\"isPartOf\":{\"@id\":\"https:\\\/\\\/cvnoticias.com\\\/nuevapagina\\\/index.php\\\/2025\\\/12\\\/20\\\/exhortan-a-la-profeco-a-realizar-operativos-de-vigilancia-y-verificacion-de-precios-con-motivo-de-las-fiestas-de-fin-de-ano\\\/\"},\"author\":{\"name\":\"CvNoticias\",\"@id\":\"https:\\\/\\\/cvnoticias.com\\\/nuevapagina\\\/#\\\/schema\\\/person\\\/19e35f246421a31486be7321065f7463\"},\"headline\":\"Exhortan a la Profeco a realizar operativos de vigilancia y verificaci\u00f3n de precios con motivo de las fiestas de fin de a\u00f1o\",\"datePublished\":\"2025-12-20T18:24:50+00:00\",\"dateModified\":\"2025-12-20T18:24:51+00:00\",\"mainEntityOfPage\":{\"@id\":\"https:\\\/\\\/cvnoticias.com\\\/nuevapagina\\\/index.php\\\/2025\\\/12\\\/20\\\/exhortan-a-la-profeco-a-realizar-operativos-de-vigilancia-y-verificacion-de-precios-con-motivo-de-las-fiestas-de-fin-de-ano\\\/\"},\"wordCount\":409,\"commentCount\":0,\"publisher\":{\"@id\":\"https:\\\/\\\/cvnoticias.com\\\/nuevapagina\\\/#organization\"},\"image\":{\"@id\":\"https:\\\/\\\/cvnoticias.com\\\/nuevapagina\\\/index.php\\\/2025\\\/12\\\/20\\\/exhortan-a-la-profeco-a-realizar-operativos-de-vigilancia-y-verificacion-de-precios-con-motivo-de-las-fiestas-de-fin-de-ano\\\/#primaryimage\"},\"thumbnailUrl\":\"https:\\\/\\\/cvnoticias.com\\\/nuevapagina\\\/wp-content\\\/uploads\\\/2025\\\/12\\\/WhatsApp-Image-2025-12-19-at-3.15.09-PM.jpeg\",\"articleSection\":[\"Comunicados\"],\"inLanguage\":\"es\",\"potentialAction\":[{\"@type\":\"CommentAction\",\"name\":\"Comment\",\"target\":[\"https:\\\/\\\/cvnoticias.com\\\/nuevapagina\\\/index.php\\\/2025\\\/12\\\/20\\\/exhortan-a-la-profeco-a-realizar-operativos-de-vigilancia-y-verificacion-de-precios-con-motivo-de-las-fiestas-de-fin-de-ano\\\/#respond\"]}]},{\"@type\":\"WebPage\",\"@id\":\"https:\\\/\\\/cvnoticias.com\\\/nuevapagina\\\/index.php\\\/2025\\\/12\\\/20\\\/exhortan-a-la-profeco-a-realizar-operativos-de-vigilancia-y-verificacion-de-precios-con-motivo-de-las-fiestas-de-fin-de-ano\\\/\",\"url\":\"https:\\\/\\\/cvnoticias.com\\\/nuevapagina\\\/index.php\\\/2025\\\/12\\\/20\\\/exhortan-a-la-profeco-a-realizar-operativos-de-vigilancia-y-verificacion-de-precios-con-motivo-de-las-fiestas-de-fin-de-ano\\\/\",\"name\":\"Exhortan a la Profeco a realizar operativos de vigilancia y verificaci\u00f3n de precios con motivo de las fiestas de fin de a\u00f1o - CV Noticias\",\"isPartOf\":{\"@id\":\"https:\\\/\\\/cvnoticias.com\\\/nuevapagina\\\/#website\"},\"primaryImageOfPage\":{\"@id\":\"https:\\\/\\\/cvnoticias.com\\\/nuevapagina\\\/index.php\\\/2025\\\/12\\\/20\\\/exhortan-a-la-profeco-a-realizar-operativos-de-vigilancia-y-verificacion-de-precios-con-motivo-de-las-fiestas-de-fin-de-ano\\\/#primaryimage\"},\"image\":{\"@id\":\"https:\\\/\\\/cvnoticias.com\\\/nuevapagina\\\/index.php\\\/2025\\\/12\\\/20\\\/exhortan-a-la-profeco-a-realizar-operativos-de-vigilancia-y-verificacion-de-precios-con-motivo-de-las-fiestas-de-fin-de-ano\\\/#primaryimage\"},\"thumbnailUrl\":\"https:\\\/\\\/cvnoticias.com\\\/nuevapagina\\\/wp-content\\\/uploads\\\/2025\\\/12\\\/WhatsApp-Image-2025-12-19-at-3.15.09-PM.jpeg\",\"datePublished\":\"2025-12-20T18:24:50+00:00\",\"dateModified\":\"2025-12-20T18:24:51+00:00\",\"breadcrumb\":{\"@id\":\"https:\\\/\\\/cvnoticias.com\\\/nuevapagina\\\/index.php\\\/2025\\\/12\\\/20\\\/exhortan-a-la-profeco-a-realizar-operativos-de-vigilancia-y-verificacion-de-precios-con-motivo-de-las-fiestas-de-fin-de-ano\\\/#breadcrumb\"},\"inLanguage\":\"es\",\"potentialAction\":[{\"@type\":\"ReadAction\",\"target\":[\"https:\\\/\\\/cvnoticias.com\\\/nuevapagina\\\/index.php\\\/2025\\\/12\\\/20\\\/exhortan-a-la-profeco-a-realizar-operativos-de-vigilancia-y-verificacion-de-precios-con-motivo-de-las-fiestas-de-fin-de-ano\\\/\"]}]},{\"@type\":\"ImageObject\",\"inLanguage\":\"es\",\"@id\":\"https:\\\/\\\/cvnoticias.com\\\/nuevapagina\\\/index.php\\\/2025\\\/12\\\/20\\\/exhortan-a-la-profeco-a-realizar-operativos-de-vigilancia-y-verificacion-de-precios-con-motivo-de-las-fiestas-de-fin-de-ano\\\/#primaryimage\",\"url\":\"https:\\\/\\\/cvnoticias.com\\\/nuevapagina\\\/wp-content\\\/uploads\\\/2025\\\/12\\\/WhatsApp-Image-2025-12-19-at-3.15.09-PM.jpeg\",\"contentUrl\":\"https:\\\/\\\/cvnoticias.com\\\/nuevapagina\\\/wp-content\\\/uploads\\\/2025\\\/12\\\/WhatsApp-Image-2025-12-19-at-3.15.09-PM.jpeg\",\"width\":1280,\"height\":853},{\"@type\":\"BreadcrumbList\",\"@id\":\"https:\\\/\\\/cvnoticias.com\\\/nuevapagina\\\/index.php\\\/2025\\\/12\\\/20\\\/exhortan-a-la-profeco-a-realizar-operativos-de-vigilancia-y-verificacion-de-precios-con-motivo-de-las-fiestas-de-fin-de-ano\\\/#breadcrumb\",\"itemListElement\":[{\"@type\":\"ListItem\",\"position\":1,\"name\":\"Portada\",\"item\":\"https:\\\/\\\/cvnoticias.com\\\/nuevapagina\\\/\"},{\"@type\":\"ListItem\",\"position\":2,\"name\":\"Exhortan a la Profeco a realizar operativos de vigilancia y verificaci\u00f3n de precios con motivo de las fiestas de fin de a\u00f1o\"}]},{\"@type\":\"WebSite\",\"@id\":\"https:\\\/\\\/cvnoticias.com\\\/nuevapagina\\\/#website\",\"url\":\"https:\\\/\\\/cvnoticias.com\\\/nuevapagina\\\/\",\"name\":\"CV Noticias\",\"description\":\"Noticias de Oaxaca\",\"publisher\":{\"@id\":\"https:\\\/\\\/cvnoticias.com\\\/nuevapagina\\\/#organization\"},\"potentialAction\":[{\"@type\":\"SearchAction\",\"target\":{\"@type\":\"EntryPoint\",\"urlTemplate\":\"https:\\\/\\\/cvnoticias.com\\\/nuevapagina\\\/?s={search_term_string}\"},\"query-input\":{\"@type\":\"PropertyValueSpecification\",\"valueRequired\":true,\"valueName\":\"search_term_string\"}}],\"inLanguage\":\"es\"},{\"@type\":\"Organization\",\"@id\":\"https:\\\/\\\/cvnoticias.com\\\/nuevapagina\\\/#organization\",\"name\":\"CV Noticias\",\"url\":\"https:\\\/\\\/cvnoticias.com\\\/nuevapagina\\\/\",\"logo\":{\"@type\":\"ImageObject\",\"inLanguage\":\"es\",\"@id\":\"https:\\\/\\\/cvnoticias.com\\\/nuevapagina\\\/#\\\/schema\\\/logo\\\/image\\\/\",\"url\":\"https:\\\/\\\/cvnoticias.com\\\/nuevapagina\\\/wp-content\\\/uploads\\\/2025\\\/05\\\/cropped-logo-1.png\",\"contentUrl\":\"https:\\\/\\\/cvnoticias.com\\\/nuevapagina\\\/wp-content\\\/uploads\\\/2025\\\/05\\\/cropped-logo-1.png\",\"width\":320,\"height\":118,\"caption\":\"CV Noticias\"},\"image\":{\"@id\":\"https:\\\/\\\/cvnoticias.com\\\/nuevapagina\\\/#\\\/schema\\\/logo\\\/image\\\/\"}},{\"@type\":\"Person\",\"@id\":\"https:\\\/\\\/cvnoticias.com\\\/nuevapagina\\\/#\\\/schema\\\/person\\\/19e35f246421a31486be7321065f7463\",\"name\":\"CvNoticias\",\"image\":{\"@type\":\"ImageObject\",\"inLanguage\":\"es\",\"@id\":\"https:\\\/\\\/secure.gravatar.com\\\/avatar\\\/c3a4375d38fd8f9b34ac9e853cb706a079817c78f9a39e33b16a2b2b2e51688a?s=96&d=mm&r=g\",\"url\":\"https:\\\/\\\/secure.gravatar.com\\\/avatar\\\/c3a4375d38fd8f9b34ac9e853cb706a079817c78f9a39e33b16a2b2b2e51688a?s=96&d=mm&r=g\",\"contentUrl\":\"https:\\\/\\\/secure.gravatar.com\\\/avatar\\\/c3a4375d38fd8f9b34ac9e853cb706a079817c78f9a39e33b16a2b2b2e51688a?s=96&d=mm&r=g\",\"caption\":\"CvNoticias\"},\"url\":\"https:\\\/\\\/cvnoticias.com\\\/nuevapagina\\\/index.php\\\/author\\\/gesner\\\/\"}]}<\/script>\n<!-- \/ Yoast SEO plugin. -->","yoast_head_json":{"title":"Exhortan a la Profeco a realizar operativos de vigilancia y verificaci\u00f3n de precios con motivo de las fiestas de fin de a\u00f1o - CV Noticias","robots":{"index":"index","follow":"follow","max-snippet":"max-snippet:-1","max-image-preview":"max-image-preview:large","max-video-preview":"max-video-preview:-1"},"canonical":"https:\/\/cvnoticias.com\/nuevapagina\/index.php\/2025\/12\/20\/exhortan-a-la-profeco-a-realizar-operativos-de-vigilancia-y-verificacion-de-precios-con-motivo-de-las-fiestas-de-fin-de-ano\/","og_locale":"es_ES","og_type":"article","og_title":"Exhortan a la Profeco a realizar operativos de vigilancia y verificaci\u00f3n de precios con motivo de las fiestas de fin de a\u00f1o - CV Noticias","og_description":"San Raymundo Jalpan, Oax., a 19 de diciembre de 2025.- El Congreso del Estado aprob\u00f3...","og_url":"https:\/\/cvnoticias.com\/nuevapagina\/index.php\/2025\/12\/20\/exhortan-a-la-profeco-a-realizar-operativos-de-vigilancia-y-verificacion-de-precios-con-motivo-de-las-fiestas-de-fin-de-ano\/","og_site_name":"CV Noticias","article_published_time":"2025-12-20T18:24:50+00:00","article_modified_time":"2025-12-20T18:24:51+00:00","og_image":[{"width":1280,"height":853,"url":"https:\/\/cvnoticias.com\/nuevapagina\/wp-content\/uploads\/2025\/12\/WhatsApp-Image-2025-12-19-at-3.15.09-PM.jpeg","type":"image\/jpeg"}],"author":"CvNoticias","twitter_card":"summary_large_image","twitter_misc":{"Escrito por":"CvNoticias","Tiempo de lectura":"2 minutos"},"schema":{"@context":"https:\/\/schema.org","@graph":[{"@type":"Article","@id":"https:\/\/cvnoticias.com\/nuevapagina\/index.php\/2025\/12\/20\/exhortan-a-la-profeco-a-realizar-operativos-de-vigilancia-y-verificacion-de-precios-con-motivo-de-las-fiestas-de-fin-de-ano\/#article","isPartOf":{"@id":"https:\/\/cvnoticias.com\/nuevapagina\/index.php\/2025\/12\/20\/exhortan-a-la-profeco-a-realizar-operativos-de-vigilancia-y-verificacion-de-precios-con-motivo-de-las-fiestas-de-fin-de-ano\/"},"author":{"name":"CvNoticias","@id":"https:\/\/cvnoticias.com\/nuevapagina\/#\/schema\/person\/19e35f246421a31486be7321065f7463"},"headline":"Exhortan a la Profeco a realizar operativos de vigilancia y verificaci\u00f3n de precios con motivo de las fiestas de fin de a\u00f1o","datePublished":"2025-12-20T18:24:50+00:00","dateModified":"2025-12-20T18:24:51+00:00","mainEntityOfPage":{"@id":"https:\/\/cvnoticias.com\/nuevapagina\/index.php\/2025\/12\/20\/exhortan-a-la-profeco-a-realizar-operativos-de-vigilancia-y-verificacion-de-precios-con-motivo-de-las-fiestas-de-fin-de-ano\/"},"wordCount":409,"commentCount":0,"publisher":{"@id":"https:\/\/cvnoticias.com\/nuevapagina\/#organization"},"image":{"@id":"https:\/\/cvnoticias.com\/nuevapagina\/index.php\/2025\/12\/20\/exhortan-a-la-profeco-a-realizar-operativos-de-vigilancia-y-verificacion-de-precios-con-motivo-de-las-fiestas-de-fin-de-ano\/#primaryimage"},"thumbnailUrl":"https:\/\/cvnoticias.com\/nuevapagina\/wp-content\/uploads\/2025\/12\/WhatsApp-Image-2025-12-19-at-3.15.09-PM.jpeg","articleSection":["Comunicados"],"inLanguage":"es","potentialAction":[{"@type":"CommentAction","name":"Comment","target":["https:\/\/cvnoticias.com\/nuevapagina\/index.php\/2025\/12\/20\/exhortan-a-la-profeco-a-realizar-operativos-de-vigilancia-y-verificacion-de-precios-con-motivo-de-las-fiestas-de-fin-de-ano\/#respond"]}]},{"@type":"WebPage","@id":"https:\/\/cvnoticias.com\/nuevapagina\/index.php\/2025\/12\/20\/exhortan-a-la-profeco-a-realizar-operativos-de-vigilancia-y-verificacion-de-precios-con-motivo-de-las-fiestas-de-fin-de-ano\/","url":"https:\/\/cvnoticias.com\/nuevapagina\/index.php\/2025\/12\/20\/exhortan-a-la-profeco-a-realizar-operativos-de-vigilancia-y-verificacion-de-precios-con-motivo-de-las-fiestas-de-fin-de-ano\/","name":"Exhortan a la Profeco a realizar operativos de vigilancia y verificaci\u00f3n de precios con motivo de las fiestas de fin de a\u00f1o - CV Noticias","isPartOf":{"@id":"https:\/\/cvnoticias.com\/nuevapagina\/#website"},"primaryImageOfPage":{"@id":"https:\/\/cvnoticias.com\/nuevapagina\/index.php\/2025\/12\/20\/exhortan-a-la-profeco-a-realizar-operativos-de-vigilancia-y-verificacion-de-precios-con-motivo-de-las-fiestas-de-fin-de-ano\/#primaryimage"},"image":{"@id":"https:\/\/cvnoticias.com\/nuevapagina\/index.php\/2025\/12\/20\/exhortan-a-la-profeco-a-realizar-operativos-de-vigilancia-y-verificacion-de-precios-con-motivo-de-las-fiestas-de-fin-de-ano\/#primaryimage"},"thumbnailUrl":"https:\/\/cvnoticias.com\/nuevapagina\/wp-content\/uploads\/2025\/12\/WhatsApp-Image-2025-12-19-at-3.15.09-PM.jpeg","datePublished":"2025-12-20T18:24:50+00:00","dateModified":"2025-12-20T18:24:51+00:00","breadcrumb":{"@id":"https:\/\/cvnoticias.com\/nuevapagina\/index.php\/2025\/12\/20\/exhortan-a-la-profeco-a-realizar-operativos-de-vigilancia-y-verificacion-de-precios-con-motivo-de-las-fiestas-de-fin-de-ano\/#breadcrumb"},"inLanguage":"es","potentialAction":[{"@type":"ReadAction","target":["https:\/\/cvnoticias.com\/nuevapagina\/index.php\/2025\/12\/20\/exhortan-a-la-profeco-a-realizar-operativos-de-vigilancia-y-verificacion-de-precios-con-motivo-de-las-fiestas-de-fin-de-ano\/"]}]},{"@type":"ImageObject","inLanguage":"es","@id":"https:\/\/cvnoticias.com\/nuevapagina\/index.php\/2025\/12\/20\/exhortan-a-la-profeco-a-realizar-operativos-de-vigilancia-y-verificacion-de-precios-con-motivo-de-las-fiestas-de-fin-de-ano\/#primaryimage","url":"https:\/\/cvnoticias.com\/nuevapagina\/wp-content\/uploads\/2025\/12\/WhatsApp-Image-2025-12-19-at-3.15.09-PM.jpeg","contentUrl":"https:\/\/cvnoticias.com\/nuevapagina\/wp-content\/uploads\/2025\/12\/WhatsApp-Image-2025-12-19-at-3.15.09-PM.jpeg","width":1280,"height":853},{"@type":"BreadcrumbList","@id":"https:\/\/cvnoticias.com\/nuevapagina\/index.php\/2025\/12\/20\/exhortan-a-la-profeco-a-realizar-operativos-de-vigilancia-y-verificacion-de-precios-con-motivo-de-las-fiestas-de-fin-de-ano\/#breadcrumb","itemListElement":[{"@type":"ListItem","position":1,"name":"Portada","item":"https:\/\/cvnoticias.com\/nuevapagina\/"},{"@type":"ListItem","position":2,"name":"Exhortan a la Profeco a realizar operativos de vigilancia y verificaci\u00f3n de precios con motivo de las fiestas de fin de a\u00f1o"}]},{"@type":"WebSite","@id":"https:\/\/cvnoticias.com\/nuevapagina\/#website","url":"https:\/\/cvnoticias.com\/nuevapagina\/","name":"CV Noticias","description":"Noticias de Oaxaca","publisher":{"@id":"https:\/\/cvnoticias.com\/nuevapagina\/#organization"},"potentialAction":[{"@type":"SearchAction","target":{"@type":"EntryPoint","urlTemplate":"https:\/\/cvnoticias.com\/nuevapagina\/?s={search_term_string}"},"query-input":{"@type":"PropertyValueSpecification","valueRequired":true,"valueName":"search_term_string"}}],"inLanguage":"es"},{"@type":"Organization","@id":"https:\/\/cvnoticias.com\/nuevapagina\/#organization","name":"CV Noticias","url":"https:\/\/cvnoticias.com\/nuevapagina\/","logo":{"@type":"ImageObject","inLanguage":"es","@id":"https:\/\/cvnoticias.com\/nuevapagina\/#\/schema\/logo\/image\/","url":"https:\/\/cvnoticias.com\/nuevapagina\/wp-content\/uploads\/2025\/05\/cropped-logo-1.png","contentUrl":"https:\/\/cvnoticias.com\/nuevapagina\/wp-content\/uploads\/2025\/05\/cropped-logo-1.png","width":320,"height":118,"caption":"CV Noticias"},"image":{"@id":"https:\/\/cvnoticias.com\/nuevapagina\/#\/schema\/logo\/image\/"}},{"@type":"Person","@id":"https:\/\/cvnoticias.com\/nuevapagina\/#\/schema\/person\/19e35f246421a31486be7321065f7463","name":"CvNoticias","image":{"@type":"ImageObject","inLanguage":"es","@id":"https:\/\/secure.gravatar.com\/avatar\/c3a4375d38fd8f9b34ac9e853cb706a079817c78f9a39e33b16a2b2b2e51688a?s=96&d=mm&r=g","url":"https:\/\/secure.gravatar.com\/avatar\/c3a4375d38fd8f9b34ac9e853cb706a079817c78f9a39e33b16a2b2b2e51688a?s=96&d=mm&r=g","contentUrl":"https:\/\/secure.gravatar.com\/avatar\/c3a4375d38fd8f9b34ac9e853cb706a079817c78f9a39e33b16a2b2b2e51688a?s=96&d=mm&r=g","caption":"CvNoticias"},"url":"https:\/\/cvnoticias.com\/nuevapagina\/index.php\/author\/gesner\/"}]}},"_links":{"self":[{"href":"https:\/\/cvnoticias.com\/nuevapagina\/index.php\/wp-json\/wp\/v2\/posts\/4512","targetHints":{"allow":["GET"]}}],"collection":[{"href":"https:\/\/cvnoticias.com\/nuevapagina\/index.php\/wp-json\/wp\/v2\/posts"}],"about":[{"href":"https:\/\/cvnoticias.com\/nuevapagina\/index.php\/wp-json\/wp\/v2\/types\/post"}],"author":[{"embeddable":true,"href":"https:\/\/cvnoticias.com\/nuevapagina\/index.php\/wp-json\/wp\/v2\/users\/2"}],"replies":[{"embeddable":true,"href":"https:\/\/cvnoticias.com\/nuevapagina\/index.php\/wp-json\/wp\/v2\/comments?post=4512"}],"version-history":[{"count":1,"href":"https:\/\/cvnoticias.com\/nuevapagina\/index.php\/wp-json\/wp\/v2\/posts\/4512\/revisions"}],"predecessor-version":[{"id":4513,"href":"https:\/\/cvnoticias.com\/nuevapagina\/index.php\/wp-json\/wp\/v2\/posts\/4512\/revisions\/4513"}],"wp:featuredmedia":[{"embeddable":true,"href":"https:\/\/cvnoticias.com\/nuevapagina\/index.php\/wp-json\/wp\/v2\/media\/4494"}],"wp:attachment":[{"href":"https:\/\/cvnoticias.com\/nuevapagina\/index.php\/wp-json\/wp\/v2\/media?parent=4512"}],"wp:term":[{"taxonomy":"category","embeddable":true,"href":"https:\/\/cvnoticias.com\/nuevapagina\/index.php\/wp-json\/wp\/v2\/categories?post=4512"},{"taxonomy":"post_tag","embeddable":true,"href":"https:\/\/cvnoticias.com\/nuevapagina\/index.php\/wp-json\/wp\/v2\/tags?post=4512"}],"curies":[{"name":"wp","href":"https:\/\/api.w.org\/{rel}","templated":true}]}}