{"id":4504,"date":"2025-12-20T18:18:53","date_gmt":"2025-12-20T18:18:53","guid":{"rendered":"https:\/\/cvnoticias.com\/nuevapagina\/?p=4504"},"modified":"2025-12-20T18:18:54","modified_gmt":"2025-12-20T18:18:54","slug":"capacita-congreso-del-estado-a-su-personal-en-etica-planeacion-y-servicio-publico","status":"publish","type":"post","link":"https:\/\/cvnoticias.com\/nuevapagina\/index.php\/2025\/12\/20\/capacita-congreso-del-estado-a-su-personal-en-etica-planeacion-y-servicio-publico\/","title":{"rendered":"Capacita Congreso del Estado a su personal en \u00e9tica, planeaci\u00f3n y servicio p\u00fablico"},"content":{"rendered":"\n<p><\/p>\n\n\n\n<ul class=\"wp-block-list\">\n<li>Personal del Poder Legislativo particip\u00f3 en el \u201cTaller de Sensibilizaci\u00f3n a Personas P\u00fablicas\u201d<\/li>\n<\/ul>\n\n\n\n<p>San Raymundo Jalpan, Oax., a 18 de diciembre de 2025.- Con el objetivo de fortalecer la profesionalizaci\u00f3n, la \u00e9tica y la vocaci\u00f3n de servicio de las y los trabajadores del Congreso del Estado, se llev\u00f3 a cabo el \u201cTaller de Sensibilizaci\u00f3n a Personas P\u00fablicas\u201d, una capacitaci\u00f3n de cuatro horas dirigida al personal legislativo, enfocada en el servicio a la sociedad oaxaque\u00f1a, la planeaci\u00f3n estrat\u00e9gica y t\u00e1ctica, as\u00ed como en la integridad en el ejercicio de la funci\u00f3n p\u00fablica.<\/p>\n\n\n\n<p>En este contexto, el titular de la Unidad T\u00e9cnica de Fiscalizaci\u00f3n y Control del Congreso del Estado, Erick G\u00f3mez Ram\u00edrez, destac\u00f3 la importancia de capacitarse con este tipo de ejercicios, pues permite que servidoras y servidores p\u00fablicos fortalezcan sus conocimientos en la \u00e9tica y la integridad, con el fin de recuperar la confianza ciudadana y actuar con responsabilidad en beneficio del bienestar social.<\/p>\n\n\n\n<p>Durante este ejercicio, el consultor del Gobierno del Estado, Daniel Rueda Hern\u00e1ndez, abord\u00f3 temas relacionados con la planeaci\u00f3n estrat\u00e9gica, la planeaci\u00f3n t\u00e1ctica y operativa, la identificaci\u00f3n de resistencias y limitaciones en los procesos de planeaci\u00f3n, la importancia de la estrategia y la ventaja competitiva institucional, as\u00ed como la diferencia entre grupos y equipos de trabajo.<\/p>\n\n\n\n<p>Recalc\u00f3 que para lograr una planeaci\u00f3n efectiva es indispensable construir equipos s\u00f3lidos, con liderazgo, altos niveles de colaboraci\u00f3n y valores como la disciplina, puntualidad, actitud positiva, humildad y disposici\u00f3n al servicio, todo ello como herramientas para mejorar el desempe\u00f1o institucional y el impacto social del trabajo p\u00fablico.<\/p>\n\n\n\n<p>Por su parte, Mar\u00eda Teresa Jim\u00e9nez Mart\u00ednez, directora de Contralor\u00eda Social de la Secretar\u00eda de Honestidad, Transparencia y Funci\u00f3n P\u00fablica expuso el tema \u201cValores en el servicio p\u00fablico con enfoque en atenci\u00f3n ciudadana\u201d, donde explic\u00f3 c\u00f3mo identificar se\u00f1ales de posibles actos de corrupci\u00f3n, qui\u00e9nes enfrentan mayores barreras ante este fen\u00f3meno, qu\u00e9 es la corrupci\u00f3n y d\u00f3nde denunciar una falta administrativa grave cometida por una persona servidora p\u00fablica, generando espacios de an\u00e1lisis y reflexi\u00f3n \u00e9tica.<\/p>\n\n\n\n<p>Carlos Alberto Deheza Figueroa, director de Transparencia, \u00c9tica e Integridad P\u00fablica de la Secretar\u00eda antes mencionada, abord\u00f3 el concepto de \u00e9tica como parte del comportamiento humano y su aplicaci\u00f3n en el servicio p\u00fablico. Present\u00f3 el Informe Nolan como antecedente del C\u00f3digo de \u00c9tica, destacando los principios y las obligaciones que el funcionariado debe tener en funci\u00f3n del inter\u00e9s p\u00fablico, evitando influencias indebidas y conduci\u00e9ndose con legalidad, honradez, lealtad, imparcialidad y eficiencia.<\/p>\n\n\n\n<p>En el apartado de responsabilidades administrativas, V\u00edctor Emmanuel Rodr\u00edguez Ben\u00edtez, director de Quejas, Denuncias e Investigaci\u00f3n, explic\u00f3 qui\u00e9nes son consideradas personas servidoras p\u00fablicas conforme al art\u00edculo 108 de la Constituci\u00f3n Pol\u00edtica federal, as\u00ed como sus obligaciones, entre ellas la presentaci\u00f3n de declaraciones patrimonial y de intereses.<\/p>\n\n\n\n<p>Tambi\u00e9n detall\u00f3 el marco normativo de la Ley General de Responsabilidades Administrativas, las autoridades competentes, las faltas administrativas y las faltas graves, como el peculado, el desv\u00edo de recursos p\u00fablicos, el uso indebido de informaci\u00f3n y el abuso de funciones.<\/p>\n\n\n\n<p>Al t\u00e9rmino de esta actividad, la titular del \u00d3rgano Interno de Control, Maricela Guerrero Arango, reconoci\u00f3 la calidad de las ponencias y la participaci\u00f3n activa de las y los asistentes, subray\u00f3 la importancia de aplicar en la pr\u00e1ctica cotidiana los conocimientos adquiridos y reiter\u00f3 el compromiso institucional con la transparencia, la \u00e9tica y el buen desempe\u00f1o del servicio p\u00fablico.<\/p>\n","protected":false},"excerpt":{"rendered":"<p>San Raymundo Jalpan, Oax., a 18 de diciembre de 2025.- Con el objetivo de fortalecer&#8230;<\/p>\n","protected":false},"author":2,"featured_media":4498,"comment_status":"open","ping_status":"closed","sticky":false,"template":"","format":"standard","meta":{"footnotes":""},"categories":[3],"tags":[],"class_list":["post-4504","post","type-post","status-publish","format-standard","has-post-thumbnail","hentry","category-comunicadosdeprensa"],"yoast_head":"<!-- This site is optimized with the Yoast SEO plugin v27.5 - https:\/\/yoast.com\/product\/yoast-seo-wordpress\/ -->\n<title>Capacita Congreso del Estado a su personal en \u00e9tica, planeaci\u00f3n y servicio p\u00fablico - CV Noticias<\/title>\n<meta name=\"robots\" content=\"index, follow, max-snippet:-1, max-image-preview:large, max-video-preview:-1\" \/>\n<link rel=\"canonical\" href=\"https:\/\/cvnoticias.com\/nuevapagina\/index.php\/2025\/12\/20\/capacita-congreso-del-estado-a-su-personal-en-etica-planeacion-y-servicio-publico\/\" \/>\n<meta property=\"og:locale\" content=\"es_ES\" \/>\n<meta property=\"og:type\" content=\"article\" \/>\n<meta property=\"og:title\" content=\"Capacita Congreso del Estado a su personal en \u00e9tica, planeaci\u00f3n y servicio p\u00fablico - CV Noticias\" \/>\n<meta property=\"og:description\" content=\"San Raymundo Jalpan, Oax., a 18 de diciembre de 2025.- Con el objetivo de fortalecer...\" \/>\n<meta property=\"og:url\" content=\"https:\/\/cvnoticias.com\/nuevapagina\/index.php\/2025\/12\/20\/capacita-congreso-del-estado-a-su-personal-en-etica-planeacion-y-servicio-publico\/\" \/>\n<meta property=\"og:site_name\" content=\"CV Noticias\" \/>\n<meta property=\"article:published_time\" content=\"2025-12-20T18:18:53+00:00\" \/>\n<meta property=\"article:modified_time\" content=\"2025-12-20T18:18:54+00:00\" \/>\n<meta property=\"og:image\" content=\"https:\/\/cvnoticias.com\/nuevapagina\/wp-content\/uploads\/2025\/12\/WhatsApp-Image-2025-12-19-at-11.35.40-AM-1.jpeg\" \/>\n\t<meta property=\"og:image:width\" content=\"1280\" \/>\n\t<meta property=\"og:image:height\" content=\"854\" \/>\n\t<meta property=\"og:image:type\" content=\"image\/jpeg\" \/>\n<meta name=\"author\" content=\"CvNoticias\" \/>\n<meta name=\"twitter:card\" content=\"summary_large_image\" \/>\n<meta name=\"twitter:label1\" content=\"Escrito por\" \/>\n\t<meta name=\"twitter:data1\" content=\"CvNoticias\" \/>\n\t<meta name=\"twitter:label2\" content=\"Tiempo de lectura\" \/>\n\t<meta name=\"twitter:data2\" content=\"3 minutos\" \/>\n<script type=\"application\/ld+json\" class=\"yoast-schema-graph\">{\"@context\":\"https:\\\/\\\/schema.org\",\"@graph\":[{\"@type\":\"Article\",\"@id\":\"https:\\\/\\\/cvnoticias.com\\\/nuevapagina\\\/index.php\\\/2025\\\/12\\\/20\\\/capacita-congreso-del-estado-a-su-personal-en-etica-planeacion-y-servicio-publico\\\/#article\",\"isPartOf\":{\"@id\":\"https:\\\/\\\/cvnoticias.com\\\/nuevapagina\\\/index.php\\\/2025\\\/12\\\/20\\\/capacita-congreso-del-estado-a-su-personal-en-etica-planeacion-y-servicio-publico\\\/\"},\"author\":{\"name\":\"CvNoticias\",\"@id\":\"https:\\\/\\\/cvnoticias.com\\\/nuevapagina\\\/#\\\/schema\\\/person\\\/19e35f246421a31486be7321065f7463\"},\"headline\":\"Capacita Congreso del Estado a su personal en \u00e9tica, planeaci\u00f3n y servicio p\u00fablico\",\"datePublished\":\"2025-12-20T18:18:53+00:00\",\"dateModified\":\"2025-12-20T18:18:54+00:00\",\"mainEntityOfPage\":{\"@id\":\"https:\\\/\\\/cvnoticias.com\\\/nuevapagina\\\/index.php\\\/2025\\\/12\\\/20\\\/capacita-congreso-del-estado-a-su-personal-en-etica-planeacion-y-servicio-publico\\\/\"},\"wordCount\":637,\"commentCount\":0,\"publisher\":{\"@id\":\"https:\\\/\\\/cvnoticias.com\\\/nuevapagina\\\/#organization\"},\"image\":{\"@id\":\"https:\\\/\\\/cvnoticias.com\\\/nuevapagina\\\/index.php\\\/2025\\\/12\\\/20\\\/capacita-congreso-del-estado-a-su-personal-en-etica-planeacion-y-servicio-publico\\\/#primaryimage\"},\"thumbnailUrl\":\"https:\\\/\\\/cvnoticias.com\\\/nuevapagina\\\/wp-content\\\/uploads\\\/2025\\\/12\\\/WhatsApp-Image-2025-12-19-at-11.35.40-AM-1.jpeg\",\"articleSection\":[\"Comunicados\"],\"inLanguage\":\"es\",\"potentialAction\":[{\"@type\":\"CommentAction\",\"name\":\"Comment\",\"target\":[\"https:\\\/\\\/cvnoticias.com\\\/nuevapagina\\\/index.php\\\/2025\\\/12\\\/20\\\/capacita-congreso-del-estado-a-su-personal-en-etica-planeacion-y-servicio-publico\\\/#respond\"]}]},{\"@type\":\"WebPage\",\"@id\":\"https:\\\/\\\/cvnoticias.com\\\/nuevapagina\\\/index.php\\\/2025\\\/12\\\/20\\\/capacita-congreso-del-estado-a-su-personal-en-etica-planeacion-y-servicio-publico\\\/\",\"url\":\"https:\\\/\\\/cvnoticias.com\\\/nuevapagina\\\/index.php\\\/2025\\\/12\\\/20\\\/capacita-congreso-del-estado-a-su-personal-en-etica-planeacion-y-servicio-publico\\\/\",\"name\":\"Capacita Congreso del Estado a su personal en \u00e9tica, planeaci\u00f3n y servicio p\u00fablico - CV Noticias\",\"isPartOf\":{\"@id\":\"https:\\\/\\\/cvnoticias.com\\\/nuevapagina\\\/#website\"},\"primaryImageOfPage\":{\"@id\":\"https:\\\/\\\/cvnoticias.com\\\/nuevapagina\\\/index.php\\\/2025\\\/12\\\/20\\\/capacita-congreso-del-estado-a-su-personal-en-etica-planeacion-y-servicio-publico\\\/#primaryimage\"},\"image\":{\"@id\":\"https:\\\/\\\/cvnoticias.com\\\/nuevapagina\\\/index.php\\\/2025\\\/12\\\/20\\\/capacita-congreso-del-estado-a-su-personal-en-etica-planeacion-y-servicio-publico\\\/#primaryimage\"},\"thumbnailUrl\":\"https:\\\/\\\/cvnoticias.com\\\/nuevapagina\\\/wp-content\\\/uploads\\\/2025\\\/12\\\/WhatsApp-Image-2025-12-19-at-11.35.40-AM-1.jpeg\",\"datePublished\":\"2025-12-20T18:18:53+00:00\",\"dateModified\":\"2025-12-20T18:18:54+00:00\",\"breadcrumb\":{\"@id\":\"https:\\\/\\\/cvnoticias.com\\\/nuevapagina\\\/index.php\\\/2025\\\/12\\\/20\\\/capacita-congreso-del-estado-a-su-personal-en-etica-planeacion-y-servicio-publico\\\/#breadcrumb\"},\"inLanguage\":\"es\",\"potentialAction\":[{\"@type\":\"ReadAction\",\"target\":[\"https:\\\/\\\/cvnoticias.com\\\/nuevapagina\\\/index.php\\\/2025\\\/12\\\/20\\\/capacita-congreso-del-estado-a-su-personal-en-etica-planeacion-y-servicio-publico\\\/\"]}]},{\"@type\":\"ImageObject\",\"inLanguage\":\"es\",\"@id\":\"https:\\\/\\\/cvnoticias.com\\\/nuevapagina\\\/index.php\\\/2025\\\/12\\\/20\\\/capacita-congreso-del-estado-a-su-personal-en-etica-planeacion-y-servicio-publico\\\/#primaryimage\",\"url\":\"https:\\\/\\\/cvnoticias.com\\\/nuevapagina\\\/wp-content\\\/uploads\\\/2025\\\/12\\\/WhatsApp-Image-2025-12-19-at-11.35.40-AM-1.jpeg\",\"contentUrl\":\"https:\\\/\\\/cvnoticias.com\\\/nuevapagina\\\/wp-content\\\/uploads\\\/2025\\\/12\\\/WhatsApp-Image-2025-12-19-at-11.35.40-AM-1.jpeg\",\"width\":1280,\"height\":854},{\"@type\":\"BreadcrumbList\",\"@id\":\"https:\\\/\\\/cvnoticias.com\\\/nuevapagina\\\/index.php\\\/2025\\\/12\\\/20\\\/capacita-congreso-del-estado-a-su-personal-en-etica-planeacion-y-servicio-publico\\\/#breadcrumb\",\"itemListElement\":[{\"@type\":\"ListItem\",\"position\":1,\"name\":\"Portada\",\"item\":\"https:\\\/\\\/cvnoticias.com\\\/nuevapagina\\\/\"},{\"@type\":\"ListItem\",\"position\":2,\"name\":\"Capacita Congreso del Estado a su personal en \u00e9tica, planeaci\u00f3n y servicio p\u00fablico\"}]},{\"@type\":\"WebSite\",\"@id\":\"https:\\\/\\\/cvnoticias.com\\\/nuevapagina\\\/#website\",\"url\":\"https:\\\/\\\/cvnoticias.com\\\/nuevapagina\\\/\",\"name\":\"CV Noticias\",\"description\":\"Noticias de Oaxaca\",\"publisher\":{\"@id\":\"https:\\\/\\\/cvnoticias.com\\\/nuevapagina\\\/#organization\"},\"potentialAction\":[{\"@type\":\"SearchAction\",\"target\":{\"@type\":\"EntryPoint\",\"urlTemplate\":\"https:\\\/\\\/cvnoticias.com\\\/nuevapagina\\\/?s={search_term_string}\"},\"query-input\":{\"@type\":\"PropertyValueSpecification\",\"valueRequired\":true,\"valueName\":\"search_term_string\"}}],\"inLanguage\":\"es\"},{\"@type\":\"Organization\",\"@id\":\"https:\\\/\\\/cvnoticias.com\\\/nuevapagina\\\/#organization\",\"name\":\"CV Noticias\",\"url\":\"https:\\\/\\\/cvnoticias.com\\\/nuevapagina\\\/\",\"logo\":{\"@type\":\"ImageObject\",\"inLanguage\":\"es\",\"@id\":\"https:\\\/\\\/cvnoticias.com\\\/nuevapagina\\\/#\\\/schema\\\/logo\\\/image\\\/\",\"url\":\"https:\\\/\\\/cvnoticias.com\\\/nuevapagina\\\/wp-content\\\/uploads\\\/2025\\\/05\\\/cropped-logo-1.png\",\"contentUrl\":\"https:\\\/\\\/cvnoticias.com\\\/nuevapagina\\\/wp-content\\\/uploads\\\/2025\\\/05\\\/cropped-logo-1.png\",\"width\":320,\"height\":118,\"caption\":\"CV Noticias\"},\"image\":{\"@id\":\"https:\\\/\\\/cvnoticias.com\\\/nuevapagina\\\/#\\\/schema\\\/logo\\\/image\\\/\"}},{\"@type\":\"Person\",\"@id\":\"https:\\\/\\\/cvnoticias.com\\\/nuevapagina\\\/#\\\/schema\\\/person\\\/19e35f246421a31486be7321065f7463\",\"name\":\"CvNoticias\",\"image\":{\"@type\":\"ImageObject\",\"inLanguage\":\"es\",\"@id\":\"https:\\\/\\\/secure.gravatar.com\\\/avatar\\\/c3a4375d38fd8f9b34ac9e853cb706a079817c78f9a39e33b16a2b2b2e51688a?s=96&d=mm&r=g\",\"url\":\"https:\\\/\\\/secure.gravatar.com\\\/avatar\\\/c3a4375d38fd8f9b34ac9e853cb706a079817c78f9a39e33b16a2b2b2e51688a?s=96&d=mm&r=g\",\"contentUrl\":\"https:\\\/\\\/secure.gravatar.com\\\/avatar\\\/c3a4375d38fd8f9b34ac9e853cb706a079817c78f9a39e33b16a2b2b2e51688a?s=96&d=mm&r=g\",\"caption\":\"CvNoticias\"},\"url\":\"https:\\\/\\\/cvnoticias.com\\\/nuevapagina\\\/index.php\\\/author\\\/gesner\\\/\"}]}<\/script>\n<!-- \/ Yoast SEO plugin. -->","yoast_head_json":{"title":"Capacita Congreso del Estado a su personal en \u00e9tica, planeaci\u00f3n y servicio p\u00fablico - CV Noticias","robots":{"index":"index","follow":"follow","max-snippet":"max-snippet:-1","max-image-preview":"max-image-preview:large","max-video-preview":"max-video-preview:-1"},"canonical":"https:\/\/cvnoticias.com\/nuevapagina\/index.php\/2025\/12\/20\/capacita-congreso-del-estado-a-su-personal-en-etica-planeacion-y-servicio-publico\/","og_locale":"es_ES","og_type":"article","og_title":"Capacita Congreso del Estado a su personal en \u00e9tica, planeaci\u00f3n y servicio p\u00fablico - CV Noticias","og_description":"San Raymundo Jalpan, Oax., a 18 de diciembre de 2025.- Con el objetivo de fortalecer...","og_url":"https:\/\/cvnoticias.com\/nuevapagina\/index.php\/2025\/12\/20\/capacita-congreso-del-estado-a-su-personal-en-etica-planeacion-y-servicio-publico\/","og_site_name":"CV Noticias","article_published_time":"2025-12-20T18:18:53+00:00","article_modified_time":"2025-12-20T18:18:54+00:00","og_image":[{"width":1280,"height":854,"url":"https:\/\/cvnoticias.com\/nuevapagina\/wp-content\/uploads\/2025\/12\/WhatsApp-Image-2025-12-19-at-11.35.40-AM-1.jpeg","type":"image\/jpeg"}],"author":"CvNoticias","twitter_card":"summary_large_image","twitter_misc":{"Escrito por":"CvNoticias","Tiempo de lectura":"3 minutos"},"schema":{"@context":"https:\/\/schema.org","@graph":[{"@type":"Article","@id":"https:\/\/cvnoticias.com\/nuevapagina\/index.php\/2025\/12\/20\/capacita-congreso-del-estado-a-su-personal-en-etica-planeacion-y-servicio-publico\/#article","isPartOf":{"@id":"https:\/\/cvnoticias.com\/nuevapagina\/index.php\/2025\/12\/20\/capacita-congreso-del-estado-a-su-personal-en-etica-planeacion-y-servicio-publico\/"},"author":{"name":"CvNoticias","@id":"https:\/\/cvnoticias.com\/nuevapagina\/#\/schema\/person\/19e35f246421a31486be7321065f7463"},"headline":"Capacita Congreso del Estado a su personal en \u00e9tica, planeaci\u00f3n y servicio p\u00fablico","datePublished":"2025-12-20T18:18:53+00:00","dateModified":"2025-12-20T18:18:54+00:00","mainEntityOfPage":{"@id":"https:\/\/cvnoticias.com\/nuevapagina\/index.php\/2025\/12\/20\/capacita-congreso-del-estado-a-su-personal-en-etica-planeacion-y-servicio-publico\/"},"wordCount":637,"commentCount":0,"publisher":{"@id":"https:\/\/cvnoticias.com\/nuevapagina\/#organization"},"image":{"@id":"https:\/\/cvnoticias.com\/nuevapagina\/index.php\/2025\/12\/20\/capacita-congreso-del-estado-a-su-personal-en-etica-planeacion-y-servicio-publico\/#primaryimage"},"thumbnailUrl":"https:\/\/cvnoticias.com\/nuevapagina\/wp-content\/uploads\/2025\/12\/WhatsApp-Image-2025-12-19-at-11.35.40-AM-1.jpeg","articleSection":["Comunicados"],"inLanguage":"es","potentialAction":[{"@type":"CommentAction","name":"Comment","target":["https:\/\/cvnoticias.com\/nuevapagina\/index.php\/2025\/12\/20\/capacita-congreso-del-estado-a-su-personal-en-etica-planeacion-y-servicio-publico\/#respond"]}]},{"@type":"WebPage","@id":"https:\/\/cvnoticias.com\/nuevapagina\/index.php\/2025\/12\/20\/capacita-congreso-del-estado-a-su-personal-en-etica-planeacion-y-servicio-publico\/","url":"https:\/\/cvnoticias.com\/nuevapagina\/index.php\/2025\/12\/20\/capacita-congreso-del-estado-a-su-personal-en-etica-planeacion-y-servicio-publico\/","name":"Capacita Congreso del Estado a su personal en \u00e9tica, planeaci\u00f3n y servicio p\u00fablico - CV Noticias","isPartOf":{"@id":"https:\/\/cvnoticias.com\/nuevapagina\/#website"},"primaryImageOfPage":{"@id":"https:\/\/cvnoticias.com\/nuevapagina\/index.php\/2025\/12\/20\/capacita-congreso-del-estado-a-su-personal-en-etica-planeacion-y-servicio-publico\/#primaryimage"},"image":{"@id":"https:\/\/cvnoticias.com\/nuevapagina\/index.php\/2025\/12\/20\/capacita-congreso-del-estado-a-su-personal-en-etica-planeacion-y-servicio-publico\/#primaryimage"},"thumbnailUrl":"https:\/\/cvnoticias.com\/nuevapagina\/wp-content\/uploads\/2025\/12\/WhatsApp-Image-2025-12-19-at-11.35.40-AM-1.jpeg","datePublished":"2025-12-20T18:18:53+00:00","dateModified":"2025-12-20T18:18:54+00:00","breadcrumb":{"@id":"https:\/\/cvnoticias.com\/nuevapagina\/index.php\/2025\/12\/20\/capacita-congreso-del-estado-a-su-personal-en-etica-planeacion-y-servicio-publico\/#breadcrumb"},"inLanguage":"es","potentialAction":[{"@type":"ReadAction","target":["https:\/\/cvnoticias.com\/nuevapagina\/index.php\/2025\/12\/20\/capacita-congreso-del-estado-a-su-personal-en-etica-planeacion-y-servicio-publico\/"]}]},{"@type":"ImageObject","inLanguage":"es","@id":"https:\/\/cvnoticias.com\/nuevapagina\/index.php\/2025\/12\/20\/capacita-congreso-del-estado-a-su-personal-en-etica-planeacion-y-servicio-publico\/#primaryimage","url":"https:\/\/cvnoticias.com\/nuevapagina\/wp-content\/uploads\/2025\/12\/WhatsApp-Image-2025-12-19-at-11.35.40-AM-1.jpeg","contentUrl":"https:\/\/cvnoticias.com\/nuevapagina\/wp-content\/uploads\/2025\/12\/WhatsApp-Image-2025-12-19-at-11.35.40-AM-1.jpeg","width":1280,"height":854},{"@type":"BreadcrumbList","@id":"https:\/\/cvnoticias.com\/nuevapagina\/index.php\/2025\/12\/20\/capacita-congreso-del-estado-a-su-personal-en-etica-planeacion-y-servicio-publico\/#breadcrumb","itemListElement":[{"@type":"ListItem","position":1,"name":"Portada","item":"https:\/\/cvnoticias.com\/nuevapagina\/"},{"@type":"ListItem","position":2,"name":"Capacita Congreso del Estado a su personal en \u00e9tica, planeaci\u00f3n y servicio p\u00fablico"}]},{"@type":"WebSite","@id":"https:\/\/cvnoticias.com\/nuevapagina\/#website","url":"https:\/\/cvnoticias.com\/nuevapagina\/","name":"CV Noticias","description":"Noticias de Oaxaca","publisher":{"@id":"https:\/\/cvnoticias.com\/nuevapagina\/#organization"},"potentialAction":[{"@type":"SearchAction","target":{"@type":"EntryPoint","urlTemplate":"https:\/\/cvnoticias.com\/nuevapagina\/?s={search_term_string}"},"query-input":{"@type":"PropertyValueSpecification","valueRequired":true,"valueName":"search_term_string"}}],"inLanguage":"es"},{"@type":"Organization","@id":"https:\/\/cvnoticias.com\/nuevapagina\/#organization","name":"CV Noticias","url":"https:\/\/cvnoticias.com\/nuevapagina\/","logo":{"@type":"ImageObject","inLanguage":"es","@id":"https:\/\/cvnoticias.com\/nuevapagina\/#\/schema\/logo\/image\/","url":"https:\/\/cvnoticias.com\/nuevapagina\/wp-content\/uploads\/2025\/05\/cropped-logo-1.png","contentUrl":"https:\/\/cvnoticias.com\/nuevapagina\/wp-content\/uploads\/2025\/05\/cropped-logo-1.png","width":320,"height":118,"caption":"CV Noticias"},"image":{"@id":"https:\/\/cvnoticias.com\/nuevapagina\/#\/schema\/logo\/image\/"}},{"@type":"Person","@id":"https:\/\/cvnoticias.com\/nuevapagina\/#\/schema\/person\/19e35f246421a31486be7321065f7463","name":"CvNoticias","image":{"@type":"ImageObject","inLanguage":"es","@id":"https:\/\/secure.gravatar.com\/avatar\/c3a4375d38fd8f9b34ac9e853cb706a079817c78f9a39e33b16a2b2b2e51688a?s=96&d=mm&r=g","url":"https:\/\/secure.gravatar.com\/avatar\/c3a4375d38fd8f9b34ac9e853cb706a079817c78f9a39e33b16a2b2b2e51688a?s=96&d=mm&r=g","contentUrl":"https:\/\/secure.gravatar.com\/avatar\/c3a4375d38fd8f9b34ac9e853cb706a079817c78f9a39e33b16a2b2b2e51688a?s=96&d=mm&r=g","caption":"CvNoticias"},"url":"https:\/\/cvnoticias.com\/nuevapagina\/index.php\/author\/gesner\/"}]}},"_links":{"self":[{"href":"https:\/\/cvnoticias.com\/nuevapagina\/index.php\/wp-json\/wp\/v2\/posts\/4504","targetHints":{"allow":["GET"]}}],"collection":[{"href":"https:\/\/cvnoticias.com\/nuevapagina\/index.php\/wp-json\/wp\/v2\/posts"}],"about":[{"href":"https:\/\/cvnoticias.com\/nuevapagina\/index.php\/wp-json\/wp\/v2\/types\/post"}],"author":[{"embeddable":true,"href":"https:\/\/cvnoticias.com\/nuevapagina\/index.php\/wp-json\/wp\/v2\/users\/2"}],"replies":[{"embeddable":true,"href":"https:\/\/cvnoticias.com\/nuevapagina\/index.php\/wp-json\/wp\/v2\/comments?post=4504"}],"version-history":[{"count":1,"href":"https:\/\/cvnoticias.com\/nuevapagina\/index.php\/wp-json\/wp\/v2\/posts\/4504\/revisions"}],"predecessor-version":[{"id":4505,"href":"https:\/\/cvnoticias.com\/nuevapagina\/index.php\/wp-json\/wp\/v2\/posts\/4504\/revisions\/4505"}],"wp:featuredmedia":[{"embeddable":true,"href":"https:\/\/cvnoticias.com\/nuevapagina\/index.php\/wp-json\/wp\/v2\/media\/4498"}],"wp:attachment":[{"href":"https:\/\/cvnoticias.com\/nuevapagina\/index.php\/wp-json\/wp\/v2\/media?parent=4504"}],"wp:term":[{"taxonomy":"category","embeddable":true,"href":"https:\/\/cvnoticias.com\/nuevapagina\/index.php\/wp-json\/wp\/v2\/categories?post=4504"},{"taxonomy":"post_tag","embeddable":true,"href":"https:\/\/cvnoticias.com\/nuevapagina\/index.php\/wp-json\/wp\/v2\/tags?post=4504"}],"curies":[{"name":"wp","href":"https:\/\/api.w.org\/{rel}","templated":true}]}}