{"id":4477,"date":"2025-12-18T18:26:06","date_gmt":"2025-12-18T18:26:06","guid":{"rendered":"https:\/\/cvnoticias.com\/nuevapagina\/?p=4477"},"modified":"2025-12-18T18:26:07","modified_gmt":"2025-12-18T18:26:07","slug":"aprueba-ieepco-designacion-de-integrantes-de-consejos-distritales-para-el-proceso-de-revocacion-de-mandato","status":"publish","type":"post","link":"https:\/\/cvnoticias.com\/nuevapagina\/index.php\/2025\/12\/18\/aprueba-ieepco-designacion-de-integrantes-de-consejos-distritales-para-el-proceso-de-revocacion-de-mandato\/","title":{"rendered":"Aprueba IEEPCO designaci\u00f3n de integrantes de Consejos Distritales para el Proceso de Revocaci\u00f3n de Mandato"},"content":{"rendered":"\n<p><\/p>\n\n\n\n<p>En Sesi\u00f3n Extraordinaria Urgente celebrada este jueves, el Consejo General del Instituto Estatal Electoral y de Participaci\u00f3n Ciudadana de Oaxaca (IEEPCO) aprob\u00f3 un acuerdo mediante el cual se designa a personas integrantes de los Consejos Distritales, como parte de los trabajos previos para la organizaci\u00f3n del Proceso de Revocaci\u00f3n de Mandato de la persona titular de la Gubernatura del Estado de Oaxaca, correspondiente al periodo constitucional 2022-2028 en su caso.<\/p>\n\n\n\n<p>El acuerdo aprobado establece la designaci\u00f3n de las personas que integrar\u00e1n los Consejos Distritales de Santa Luc\u00eda del Camino y Oaxaca de Ju\u00e1rez, quienes fungir\u00e1n en la organizaci\u00f3n, desarrollo y vigilancia de dicho proceso, en sustituci\u00f3n de quienes presentaron su renuncia al cargo.<\/p>\n\n\n\n<p>La sesi\u00f3n se llev\u00f3 a cabo de manera virtual y cont\u00f3 con la participaci\u00f3n de la consejera presidenta del IEEPCO, Elizabeth S\u00e1nchez Gonz\u00e1lez; las consejeras electorales Jessica Jazibe Hern\u00e1ndez Garc\u00eda, Zaira Alhel\u00ed Hip\u00f3lito L\u00f3pez, Ana Mar\u00eda M\u00e1rquez Andr\u00e9s y Gabriela Fernanda Espinoza Blancas; as\u00ed como los consejeros electorales Alejandro Carrasco Sampedro y Manuel Cort\u00e9s Muriedas.<\/p>\n\n\n\n<p>Asimismo, estuvieron presentes el secretario ejecutivo del Instituto, Graciano Alejandro Prats Rojas, y las representaciones de los partidos pol\u00edticos acreditados ante el Consejo General.<\/p>\n\n\n\n<p>Con esta determinaci\u00f3n, el IEEPCO reafirma su compromiso con la legalidad, la certeza y la adecuada preparaci\u00f3n, en su caso, del Proceso de Revocaci\u00f3n de Mandato, garantizando el correcto funcionamiento de los \u00f3rganos desconcentrados del Instituto.<\/p>\n\n\n\n<p><\/p>\n","protected":false},"excerpt":{"rendered":"<p>En Sesi\u00f3n Extraordinaria Urgente celebrada este jueves, el Consejo General del Instituto Estatal Electoral y&#8230;<\/p>\n","protected":false},"author":2,"featured_media":4478,"comment_status":"open","ping_status":"closed","sticky":false,"template":"","format":"standard","meta":{"footnotes":""},"categories":[3],"tags":[],"class_list":["post-4477","post","type-post","status-publish","format-standard","has-post-thumbnail","hentry","category-comunicadosdeprensa"],"yoast_head":"<!-- This site is optimized with the Yoast SEO plugin v27.5 - https:\/\/yoast.com\/product\/yoast-seo-wordpress\/ -->\n<title>Aprueba IEEPCO designaci\u00f3n de integrantes de Consejos Distritales para el Proceso de Revocaci\u00f3n de Mandato - CV Noticias<\/title>\n<meta name=\"robots\" content=\"index, follow, max-snippet:-1, max-image-preview:large, max-video-preview:-1\" \/>\n<link rel=\"canonical\" href=\"https:\/\/cvnoticias.com\/nuevapagina\/index.php\/2025\/12\/18\/aprueba-ieepco-designacion-de-integrantes-de-consejos-distritales-para-el-proceso-de-revocacion-de-mandato\/\" \/>\n<meta property=\"og:locale\" content=\"es_ES\" \/>\n<meta property=\"og:type\" content=\"article\" \/>\n<meta property=\"og:title\" content=\"Aprueba IEEPCO designaci\u00f3n de integrantes de Consejos Distritales para el Proceso de Revocaci\u00f3n de Mandato - CV Noticias\" \/>\n<meta property=\"og:description\" content=\"En Sesi\u00f3n Extraordinaria Urgente celebrada este jueves, el Consejo General del Instituto Estatal Electoral y...\" \/>\n<meta property=\"og:url\" content=\"https:\/\/cvnoticias.com\/nuevapagina\/index.php\/2025\/12\/18\/aprueba-ieepco-designacion-de-integrantes-de-consejos-distritales-para-el-proceso-de-revocacion-de-mandato\/\" \/>\n<meta property=\"og:site_name\" content=\"CV Noticias\" \/>\n<meta property=\"article:published_time\" content=\"2025-12-18T18:26:06+00:00\" \/>\n<meta property=\"article:modified_time\" content=\"2025-12-18T18:26:07+00:00\" \/>\n<meta property=\"og:image\" content=\"https:\/\/cvnoticias.com\/nuevapagina\/wp-content\/uploads\/2025\/12\/01a7bf29-fc40-4d4c-b26d-e12da33e2998.jpeg\" \/>\n\t<meta property=\"og:image:width\" content=\"1600\" \/>\n\t<meta property=\"og:image:height\" content=\"800\" \/>\n\t<meta property=\"og:image:type\" content=\"image\/jpeg\" \/>\n<meta name=\"author\" content=\"CvNoticias\" \/>\n<meta name=\"twitter:card\" content=\"summary_large_image\" \/>\n<meta name=\"twitter:label1\" content=\"Escrito por\" \/>\n\t<meta name=\"twitter:data1\" content=\"CvNoticias\" \/>\n\t<meta name=\"twitter:label2\" content=\"Tiempo de lectura\" \/>\n\t<meta name=\"twitter:data2\" content=\"2 minutos\" \/>\n<script type=\"application\/ld+json\" class=\"yoast-schema-graph\">{\"@context\":\"https:\\\/\\\/schema.org\",\"@graph\":[{\"@type\":\"Article\",\"@id\":\"https:\\\/\\\/cvnoticias.com\\\/nuevapagina\\\/index.php\\\/2025\\\/12\\\/18\\\/aprueba-ieepco-designacion-de-integrantes-de-consejos-distritales-para-el-proceso-de-revocacion-de-mandato\\\/#article\",\"isPartOf\":{\"@id\":\"https:\\\/\\\/cvnoticias.com\\\/nuevapagina\\\/index.php\\\/2025\\\/12\\\/18\\\/aprueba-ieepco-designacion-de-integrantes-de-consejos-distritales-para-el-proceso-de-revocacion-de-mandato\\\/\"},\"author\":{\"name\":\"CvNoticias\",\"@id\":\"https:\\\/\\\/cvnoticias.com\\\/nuevapagina\\\/#\\\/schema\\\/person\\\/19e35f246421a31486be7321065f7463\"},\"headline\":\"Aprueba IEEPCO designaci\u00f3n de integrantes de Consejos Distritales para el Proceso de Revocaci\u00f3n de Mandato\",\"datePublished\":\"2025-12-18T18:26:06+00:00\",\"dateModified\":\"2025-12-18T18:26:07+00:00\",\"mainEntityOfPage\":{\"@id\":\"https:\\\/\\\/cvnoticias.com\\\/nuevapagina\\\/index.php\\\/2025\\\/12\\\/18\\\/aprueba-ieepco-designacion-de-integrantes-de-consejos-distritales-para-el-proceso-de-revocacion-de-mandato\\\/\"},\"wordCount\":272,\"commentCount\":0,\"publisher\":{\"@id\":\"https:\\\/\\\/cvnoticias.com\\\/nuevapagina\\\/#organization\"},\"image\":{\"@id\":\"https:\\\/\\\/cvnoticias.com\\\/nuevapagina\\\/index.php\\\/2025\\\/12\\\/18\\\/aprueba-ieepco-designacion-de-integrantes-de-consejos-distritales-para-el-proceso-de-revocacion-de-mandato\\\/#primaryimage\"},\"thumbnailUrl\":\"https:\\\/\\\/cvnoticias.com\\\/nuevapagina\\\/wp-content\\\/uploads\\\/2025\\\/12\\\/01a7bf29-fc40-4d4c-b26d-e12da33e2998.jpeg\",\"articleSection\":[\"Comunicados\"],\"inLanguage\":\"es\",\"potentialAction\":[{\"@type\":\"CommentAction\",\"name\":\"Comment\",\"target\":[\"https:\\\/\\\/cvnoticias.com\\\/nuevapagina\\\/index.php\\\/2025\\\/12\\\/18\\\/aprueba-ieepco-designacion-de-integrantes-de-consejos-distritales-para-el-proceso-de-revocacion-de-mandato\\\/#respond\"]}]},{\"@type\":\"WebPage\",\"@id\":\"https:\\\/\\\/cvnoticias.com\\\/nuevapagina\\\/index.php\\\/2025\\\/12\\\/18\\\/aprueba-ieepco-designacion-de-integrantes-de-consejos-distritales-para-el-proceso-de-revocacion-de-mandato\\\/\",\"url\":\"https:\\\/\\\/cvnoticias.com\\\/nuevapagina\\\/index.php\\\/2025\\\/12\\\/18\\\/aprueba-ieepco-designacion-de-integrantes-de-consejos-distritales-para-el-proceso-de-revocacion-de-mandato\\\/\",\"name\":\"Aprueba IEEPCO designaci\u00f3n de integrantes de Consejos Distritales para el Proceso de Revocaci\u00f3n de Mandato - CV Noticias\",\"isPartOf\":{\"@id\":\"https:\\\/\\\/cvnoticias.com\\\/nuevapagina\\\/#website\"},\"primaryImageOfPage\":{\"@id\":\"https:\\\/\\\/cvnoticias.com\\\/nuevapagina\\\/index.php\\\/2025\\\/12\\\/18\\\/aprueba-ieepco-designacion-de-integrantes-de-consejos-distritales-para-el-proceso-de-revocacion-de-mandato\\\/#primaryimage\"},\"image\":{\"@id\":\"https:\\\/\\\/cvnoticias.com\\\/nuevapagina\\\/index.php\\\/2025\\\/12\\\/18\\\/aprueba-ieepco-designacion-de-integrantes-de-consejos-distritales-para-el-proceso-de-revocacion-de-mandato\\\/#primaryimage\"},\"thumbnailUrl\":\"https:\\\/\\\/cvnoticias.com\\\/nuevapagina\\\/wp-content\\\/uploads\\\/2025\\\/12\\\/01a7bf29-fc40-4d4c-b26d-e12da33e2998.jpeg\",\"datePublished\":\"2025-12-18T18:26:06+00:00\",\"dateModified\":\"2025-12-18T18:26:07+00:00\",\"breadcrumb\":{\"@id\":\"https:\\\/\\\/cvnoticias.com\\\/nuevapagina\\\/index.php\\\/2025\\\/12\\\/18\\\/aprueba-ieepco-designacion-de-integrantes-de-consejos-distritales-para-el-proceso-de-revocacion-de-mandato\\\/#breadcrumb\"},\"inLanguage\":\"es\",\"potentialAction\":[{\"@type\":\"ReadAction\",\"target\":[\"https:\\\/\\\/cvnoticias.com\\\/nuevapagina\\\/index.php\\\/2025\\\/12\\\/18\\\/aprueba-ieepco-designacion-de-integrantes-de-consejos-distritales-para-el-proceso-de-revocacion-de-mandato\\\/\"]}]},{\"@type\":\"ImageObject\",\"inLanguage\":\"es\",\"@id\":\"https:\\\/\\\/cvnoticias.com\\\/nuevapagina\\\/index.php\\\/2025\\\/12\\\/18\\\/aprueba-ieepco-designacion-de-integrantes-de-consejos-distritales-para-el-proceso-de-revocacion-de-mandato\\\/#primaryimage\",\"url\":\"https:\\\/\\\/cvnoticias.com\\\/nuevapagina\\\/wp-content\\\/uploads\\\/2025\\\/12\\\/01a7bf29-fc40-4d4c-b26d-e12da33e2998.jpeg\",\"contentUrl\":\"https:\\\/\\\/cvnoticias.com\\\/nuevapagina\\\/wp-content\\\/uploads\\\/2025\\\/12\\\/01a7bf29-fc40-4d4c-b26d-e12da33e2998.jpeg\",\"width\":1600,\"height\":800},{\"@type\":\"BreadcrumbList\",\"@id\":\"https:\\\/\\\/cvnoticias.com\\\/nuevapagina\\\/index.php\\\/2025\\\/12\\\/18\\\/aprueba-ieepco-designacion-de-integrantes-de-consejos-distritales-para-el-proceso-de-revocacion-de-mandato\\\/#breadcrumb\",\"itemListElement\":[{\"@type\":\"ListItem\",\"position\":1,\"name\":\"Portada\",\"item\":\"https:\\\/\\\/cvnoticias.com\\\/nuevapagina\\\/\"},{\"@type\":\"ListItem\",\"position\":2,\"name\":\"Aprueba IEEPCO designaci\u00f3n de integrantes de Consejos Distritales para el Proceso de Revocaci\u00f3n de Mandato\"}]},{\"@type\":\"WebSite\",\"@id\":\"https:\\\/\\\/cvnoticias.com\\\/nuevapagina\\\/#website\",\"url\":\"https:\\\/\\\/cvnoticias.com\\\/nuevapagina\\\/\",\"name\":\"CV Noticias\",\"description\":\"Noticias de Oaxaca\",\"publisher\":{\"@id\":\"https:\\\/\\\/cvnoticias.com\\\/nuevapagina\\\/#organization\"},\"potentialAction\":[{\"@type\":\"SearchAction\",\"target\":{\"@type\":\"EntryPoint\",\"urlTemplate\":\"https:\\\/\\\/cvnoticias.com\\\/nuevapagina\\\/?s={search_term_string}\"},\"query-input\":{\"@type\":\"PropertyValueSpecification\",\"valueRequired\":true,\"valueName\":\"search_term_string\"}}],\"inLanguage\":\"es\"},{\"@type\":\"Organization\",\"@id\":\"https:\\\/\\\/cvnoticias.com\\\/nuevapagina\\\/#organization\",\"name\":\"CV Noticias\",\"url\":\"https:\\\/\\\/cvnoticias.com\\\/nuevapagina\\\/\",\"logo\":{\"@type\":\"ImageObject\",\"inLanguage\":\"es\",\"@id\":\"https:\\\/\\\/cvnoticias.com\\\/nuevapagina\\\/#\\\/schema\\\/logo\\\/image\\\/\",\"url\":\"https:\\\/\\\/cvnoticias.com\\\/nuevapagina\\\/wp-content\\\/uploads\\\/2025\\\/05\\\/cropped-logo-1.png\",\"contentUrl\":\"https:\\\/\\\/cvnoticias.com\\\/nuevapagina\\\/wp-content\\\/uploads\\\/2025\\\/05\\\/cropped-logo-1.png\",\"width\":320,\"height\":118,\"caption\":\"CV Noticias\"},\"image\":{\"@id\":\"https:\\\/\\\/cvnoticias.com\\\/nuevapagina\\\/#\\\/schema\\\/logo\\\/image\\\/\"}},{\"@type\":\"Person\",\"@id\":\"https:\\\/\\\/cvnoticias.com\\\/nuevapagina\\\/#\\\/schema\\\/person\\\/19e35f246421a31486be7321065f7463\",\"name\":\"CvNoticias\",\"image\":{\"@type\":\"ImageObject\",\"inLanguage\":\"es\",\"@id\":\"https:\\\/\\\/secure.gravatar.com\\\/avatar\\\/c3a4375d38fd8f9b34ac9e853cb706a079817c78f9a39e33b16a2b2b2e51688a?s=96&d=mm&r=g\",\"url\":\"https:\\\/\\\/secure.gravatar.com\\\/avatar\\\/c3a4375d38fd8f9b34ac9e853cb706a079817c78f9a39e33b16a2b2b2e51688a?s=96&d=mm&r=g\",\"contentUrl\":\"https:\\\/\\\/secure.gravatar.com\\\/avatar\\\/c3a4375d38fd8f9b34ac9e853cb706a079817c78f9a39e33b16a2b2b2e51688a?s=96&d=mm&r=g\",\"caption\":\"CvNoticias\"},\"url\":\"https:\\\/\\\/cvnoticias.com\\\/nuevapagina\\\/index.php\\\/author\\\/gesner\\\/\"}]}<\/script>\n<!-- \/ Yoast SEO plugin. -->","yoast_head_json":{"title":"Aprueba IEEPCO designaci\u00f3n de integrantes de Consejos Distritales para el Proceso de Revocaci\u00f3n de Mandato - CV Noticias","robots":{"index":"index","follow":"follow","max-snippet":"max-snippet:-1","max-image-preview":"max-image-preview:large","max-video-preview":"max-video-preview:-1"},"canonical":"https:\/\/cvnoticias.com\/nuevapagina\/index.php\/2025\/12\/18\/aprueba-ieepco-designacion-de-integrantes-de-consejos-distritales-para-el-proceso-de-revocacion-de-mandato\/","og_locale":"es_ES","og_type":"article","og_title":"Aprueba IEEPCO designaci\u00f3n de integrantes de Consejos Distritales para el Proceso de Revocaci\u00f3n de Mandato - CV Noticias","og_description":"En Sesi\u00f3n Extraordinaria Urgente celebrada este jueves, el Consejo General del Instituto Estatal Electoral y...","og_url":"https:\/\/cvnoticias.com\/nuevapagina\/index.php\/2025\/12\/18\/aprueba-ieepco-designacion-de-integrantes-de-consejos-distritales-para-el-proceso-de-revocacion-de-mandato\/","og_site_name":"CV Noticias","article_published_time":"2025-12-18T18:26:06+00:00","article_modified_time":"2025-12-18T18:26:07+00:00","og_image":[{"width":1600,"height":800,"url":"https:\/\/cvnoticias.com\/nuevapagina\/wp-content\/uploads\/2025\/12\/01a7bf29-fc40-4d4c-b26d-e12da33e2998.jpeg","type":"image\/jpeg"}],"author":"CvNoticias","twitter_card":"summary_large_image","twitter_misc":{"Escrito por":"CvNoticias","Tiempo de lectura":"2 minutos"},"schema":{"@context":"https:\/\/schema.org","@graph":[{"@type":"Article","@id":"https:\/\/cvnoticias.com\/nuevapagina\/index.php\/2025\/12\/18\/aprueba-ieepco-designacion-de-integrantes-de-consejos-distritales-para-el-proceso-de-revocacion-de-mandato\/#article","isPartOf":{"@id":"https:\/\/cvnoticias.com\/nuevapagina\/index.php\/2025\/12\/18\/aprueba-ieepco-designacion-de-integrantes-de-consejos-distritales-para-el-proceso-de-revocacion-de-mandato\/"},"author":{"name":"CvNoticias","@id":"https:\/\/cvnoticias.com\/nuevapagina\/#\/schema\/person\/19e35f246421a31486be7321065f7463"},"headline":"Aprueba IEEPCO designaci\u00f3n de integrantes de Consejos Distritales para el Proceso de Revocaci\u00f3n de Mandato","datePublished":"2025-12-18T18:26:06+00:00","dateModified":"2025-12-18T18:26:07+00:00","mainEntityOfPage":{"@id":"https:\/\/cvnoticias.com\/nuevapagina\/index.php\/2025\/12\/18\/aprueba-ieepco-designacion-de-integrantes-de-consejos-distritales-para-el-proceso-de-revocacion-de-mandato\/"},"wordCount":272,"commentCount":0,"publisher":{"@id":"https:\/\/cvnoticias.com\/nuevapagina\/#organization"},"image":{"@id":"https:\/\/cvnoticias.com\/nuevapagina\/index.php\/2025\/12\/18\/aprueba-ieepco-designacion-de-integrantes-de-consejos-distritales-para-el-proceso-de-revocacion-de-mandato\/#primaryimage"},"thumbnailUrl":"https:\/\/cvnoticias.com\/nuevapagina\/wp-content\/uploads\/2025\/12\/01a7bf29-fc40-4d4c-b26d-e12da33e2998.jpeg","articleSection":["Comunicados"],"inLanguage":"es","potentialAction":[{"@type":"CommentAction","name":"Comment","target":["https:\/\/cvnoticias.com\/nuevapagina\/index.php\/2025\/12\/18\/aprueba-ieepco-designacion-de-integrantes-de-consejos-distritales-para-el-proceso-de-revocacion-de-mandato\/#respond"]}]},{"@type":"WebPage","@id":"https:\/\/cvnoticias.com\/nuevapagina\/index.php\/2025\/12\/18\/aprueba-ieepco-designacion-de-integrantes-de-consejos-distritales-para-el-proceso-de-revocacion-de-mandato\/","url":"https:\/\/cvnoticias.com\/nuevapagina\/index.php\/2025\/12\/18\/aprueba-ieepco-designacion-de-integrantes-de-consejos-distritales-para-el-proceso-de-revocacion-de-mandato\/","name":"Aprueba IEEPCO designaci\u00f3n de integrantes de Consejos Distritales para el Proceso de Revocaci\u00f3n de Mandato - CV Noticias","isPartOf":{"@id":"https:\/\/cvnoticias.com\/nuevapagina\/#website"},"primaryImageOfPage":{"@id":"https:\/\/cvnoticias.com\/nuevapagina\/index.php\/2025\/12\/18\/aprueba-ieepco-designacion-de-integrantes-de-consejos-distritales-para-el-proceso-de-revocacion-de-mandato\/#primaryimage"},"image":{"@id":"https:\/\/cvnoticias.com\/nuevapagina\/index.php\/2025\/12\/18\/aprueba-ieepco-designacion-de-integrantes-de-consejos-distritales-para-el-proceso-de-revocacion-de-mandato\/#primaryimage"},"thumbnailUrl":"https:\/\/cvnoticias.com\/nuevapagina\/wp-content\/uploads\/2025\/12\/01a7bf29-fc40-4d4c-b26d-e12da33e2998.jpeg","datePublished":"2025-12-18T18:26:06+00:00","dateModified":"2025-12-18T18:26:07+00:00","breadcrumb":{"@id":"https:\/\/cvnoticias.com\/nuevapagina\/index.php\/2025\/12\/18\/aprueba-ieepco-designacion-de-integrantes-de-consejos-distritales-para-el-proceso-de-revocacion-de-mandato\/#breadcrumb"},"inLanguage":"es","potentialAction":[{"@type":"ReadAction","target":["https:\/\/cvnoticias.com\/nuevapagina\/index.php\/2025\/12\/18\/aprueba-ieepco-designacion-de-integrantes-de-consejos-distritales-para-el-proceso-de-revocacion-de-mandato\/"]}]},{"@type":"ImageObject","inLanguage":"es","@id":"https:\/\/cvnoticias.com\/nuevapagina\/index.php\/2025\/12\/18\/aprueba-ieepco-designacion-de-integrantes-de-consejos-distritales-para-el-proceso-de-revocacion-de-mandato\/#primaryimage","url":"https:\/\/cvnoticias.com\/nuevapagina\/wp-content\/uploads\/2025\/12\/01a7bf29-fc40-4d4c-b26d-e12da33e2998.jpeg","contentUrl":"https:\/\/cvnoticias.com\/nuevapagina\/wp-content\/uploads\/2025\/12\/01a7bf29-fc40-4d4c-b26d-e12da33e2998.jpeg","width":1600,"height":800},{"@type":"BreadcrumbList","@id":"https:\/\/cvnoticias.com\/nuevapagina\/index.php\/2025\/12\/18\/aprueba-ieepco-designacion-de-integrantes-de-consejos-distritales-para-el-proceso-de-revocacion-de-mandato\/#breadcrumb","itemListElement":[{"@type":"ListItem","position":1,"name":"Portada","item":"https:\/\/cvnoticias.com\/nuevapagina\/"},{"@type":"ListItem","position":2,"name":"Aprueba IEEPCO designaci\u00f3n de integrantes de Consejos Distritales para el Proceso de Revocaci\u00f3n de Mandato"}]},{"@type":"WebSite","@id":"https:\/\/cvnoticias.com\/nuevapagina\/#website","url":"https:\/\/cvnoticias.com\/nuevapagina\/","name":"CV Noticias","description":"Noticias de Oaxaca","publisher":{"@id":"https:\/\/cvnoticias.com\/nuevapagina\/#organization"},"potentialAction":[{"@type":"SearchAction","target":{"@type":"EntryPoint","urlTemplate":"https:\/\/cvnoticias.com\/nuevapagina\/?s={search_term_string}"},"query-input":{"@type":"PropertyValueSpecification","valueRequired":true,"valueName":"search_term_string"}}],"inLanguage":"es"},{"@type":"Organization","@id":"https:\/\/cvnoticias.com\/nuevapagina\/#organization","name":"CV Noticias","url":"https:\/\/cvnoticias.com\/nuevapagina\/","logo":{"@type":"ImageObject","inLanguage":"es","@id":"https:\/\/cvnoticias.com\/nuevapagina\/#\/schema\/logo\/image\/","url":"https:\/\/cvnoticias.com\/nuevapagina\/wp-content\/uploads\/2025\/05\/cropped-logo-1.png","contentUrl":"https:\/\/cvnoticias.com\/nuevapagina\/wp-content\/uploads\/2025\/05\/cropped-logo-1.png","width":320,"height":118,"caption":"CV Noticias"},"image":{"@id":"https:\/\/cvnoticias.com\/nuevapagina\/#\/schema\/logo\/image\/"}},{"@type":"Person","@id":"https:\/\/cvnoticias.com\/nuevapagina\/#\/schema\/person\/19e35f246421a31486be7321065f7463","name":"CvNoticias","image":{"@type":"ImageObject","inLanguage":"es","@id":"https:\/\/secure.gravatar.com\/avatar\/c3a4375d38fd8f9b34ac9e853cb706a079817c78f9a39e33b16a2b2b2e51688a?s=96&d=mm&r=g","url":"https:\/\/secure.gravatar.com\/avatar\/c3a4375d38fd8f9b34ac9e853cb706a079817c78f9a39e33b16a2b2b2e51688a?s=96&d=mm&r=g","contentUrl":"https:\/\/secure.gravatar.com\/avatar\/c3a4375d38fd8f9b34ac9e853cb706a079817c78f9a39e33b16a2b2b2e51688a?s=96&d=mm&r=g","caption":"CvNoticias"},"url":"https:\/\/cvnoticias.com\/nuevapagina\/index.php\/author\/gesner\/"}]}},"_links":{"self":[{"href":"https:\/\/cvnoticias.com\/nuevapagina\/index.php\/wp-json\/wp\/v2\/posts\/4477","targetHints":{"allow":["GET"]}}],"collection":[{"href":"https:\/\/cvnoticias.com\/nuevapagina\/index.php\/wp-json\/wp\/v2\/posts"}],"about":[{"href":"https:\/\/cvnoticias.com\/nuevapagina\/index.php\/wp-json\/wp\/v2\/types\/post"}],"author":[{"embeddable":true,"href":"https:\/\/cvnoticias.com\/nuevapagina\/index.php\/wp-json\/wp\/v2\/users\/2"}],"replies":[{"embeddable":true,"href":"https:\/\/cvnoticias.com\/nuevapagina\/index.php\/wp-json\/wp\/v2\/comments?post=4477"}],"version-history":[{"count":1,"href":"https:\/\/cvnoticias.com\/nuevapagina\/index.php\/wp-json\/wp\/v2\/posts\/4477\/revisions"}],"predecessor-version":[{"id":4479,"href":"https:\/\/cvnoticias.com\/nuevapagina\/index.php\/wp-json\/wp\/v2\/posts\/4477\/revisions\/4479"}],"wp:featuredmedia":[{"embeddable":true,"href":"https:\/\/cvnoticias.com\/nuevapagina\/index.php\/wp-json\/wp\/v2\/media\/4478"}],"wp:attachment":[{"href":"https:\/\/cvnoticias.com\/nuevapagina\/index.php\/wp-json\/wp\/v2\/media?parent=4477"}],"wp:term":[{"taxonomy":"category","embeddable":true,"href":"https:\/\/cvnoticias.com\/nuevapagina\/index.php\/wp-json\/wp\/v2\/categories?post=4477"},{"taxonomy":"post_tag","embeddable":true,"href":"https:\/\/cvnoticias.com\/nuevapagina\/index.php\/wp-json\/wp\/v2\/tags?post=4477"}],"curies":[{"name":"wp","href":"https:\/\/api.w.org\/{rel}","templated":true}]}}