{"id":4465,"date":"2025-12-18T13:08:39","date_gmt":"2025-12-18T13:08:39","guid":{"rendered":"https:\/\/cvnoticias.com\/nuevapagina\/?p=4465"},"modified":"2025-12-18T13:08:41","modified_gmt":"2025-12-18T13:08:41","slug":"instala-lxvi-legislatura-comision-permanente-de-medio-ambiente-biodiversidad-energias-sostenibilidad-y-cambio-climatico","status":"publish","type":"post","link":"https:\/\/cvnoticias.com\/nuevapagina\/index.php\/2025\/12\/18\/instala-lxvi-legislatura-comision-permanente-de-medio-ambiente-biodiversidad-energias-sostenibilidad-y-cambio-climatico\/","title":{"rendered":"Instala LXVI Legislatura Comisi\u00f3n Permanente de Medio Ambiente, Biodiversidad, Energ\u00edas, Sostenibilidad y Cambio Clim\u00e1tico"},"content":{"rendered":"\n<p><\/p>\n\n\n\n<ul class=\"wp-block-list\">\n<li>La diputada Lizbeth Anaid Concha Ojeda se desempe\u00f1ar\u00e1 como presidenta de esta comisi\u00f3n<\/li>\n<\/ul>\n\n\n\n<p>San Raymundo Jalpan, Oax., a 17 de diciembre de 2025.- En cumplimiento al Acuerdo Parlamentario aprobado por el Pleno el pasado 26 de noviembre del a\u00f1o en curso y conforme a lo establecido en el art\u00edculo 24 del Reglamento Interior del Congreso del Estado, se llev\u00f3 a cabo la Sesi\u00f3n de Instalaci\u00f3n de la Comisi\u00f3n Permanente de Medio Ambiente, Biodiversidad, Energ\u00edas, Sostenibilidad y Cambio Clim\u00e1tico, correspondiente al Segundo A\u00f1o de Ejercicio Legal de la LXVI Legislatura.<\/p>\n\n\n\n<p>Este \u00f3rgano legislativo qued\u00f3 formalmente integrado por la legisladora Lizbeth Anaid Concha Ojeda, en su car\u00e1cter de presidenta; junto con sus integrantes, las diputadas Melina Hern\u00e1ndez Sosa y Monserat Herrera Ruiz, as\u00ed como los diputados Francisco Javier Ni\u00f1o Hern\u00e1ndez y Mauro Cruz S\u00e1nchez. Asimismo, se tom\u00f3 protesta al secretario t\u00e9cnico, Javier S\u00e1nchez M\u00e9ndez.<\/p>\n\n\n\n<p>Durante su participaci\u00f3n, Concha Ojeda destac\u00f3 que tendr\u00e1n la responsabilidad de dictaminar iniciativas, Puntos de Acuerdo y asuntos relacionados con la protecci\u00f3n ambiental, la preservaci\u00f3n del patrimonio biocultural, el equilibrio ecol\u00f3gico, la regulaci\u00f3n de la contaminaci\u00f3n, el aprovechamiento responsable de los recursos naturales, la gesti\u00f3n integral del agua y los residuos, la pol\u00edtica energ\u00e9tica y la atenci\u00f3n al cambio clim\u00e1tico.<\/p>\n\n\n\n<p>Subray\u00f3 que la entidad enfrenta importantes retos ambientales, por lo que reiter\u00f3 la necesidad de avanzar hacia un modelo energ\u00e9tico sostenible, con \u00e9nfasis en las comunidades rurales, ind\u00edgenas y afromexicanas. Anunci\u00f3 que se impulsar\u00e1 un trabajo legislativo con base t\u00e9cnica y cient\u00edfica, acompa\u00f1ado de foros regionales para escuchar directamente a las comunidades.<\/p>\n\n\n\n<p>En su intervenci\u00f3n, la titular de la Secretar\u00eda de Medio Ambiente, Biodiversidad, Energ\u00edas y Sostenibilidad, Karime Unda Harp, reconoci\u00f3 la instalaci\u00f3n de este \u00f3rgano legislativo como una muestra de la coordinaci\u00f3n institucional entre el Poder Ejecutivo y el Poder Legislativo. Por lo que reiter\u00f3 su disposici\u00f3n para trabajar de manera conjunta en el fortalecimiento del marco normativo y en la implementaci\u00f3n de pol\u00edticas p\u00fablicas ambientales.<\/p>\n\n\n\n<p>Por su parte, el titular de la Procuradur\u00eda de Protecci\u00f3n al Ambiente, Isa\u00edas Vald\u00e9s Martell, reconoci\u00f3 el trabajo del Congreso local en la construcci\u00f3n de un marco jur\u00eddico que transforma la relaci\u00f3n con el entorno natural y reafirm\u00f3 la disposici\u00f3n de la dependencia que preside para acompa\u00f1ar los trabajos de la Comisi\u00f3n y contribuir al fortalecimiento de la legislaci\u00f3n ambiental.<\/p>\n\n\n\n<p>Finalmente, las y los integrantes aprobaron el plan anual de trabajo y el calendario de sesiones contempladas con la finalidad de crear o reformar marcos normativos que permitan la implementaci\u00f3n de pol\u00edticas p\u00fablicas que mejoren las condiciones ambientales en el estado.<\/p>\n","protected":false},"excerpt":{"rendered":"<p>San Raymundo Jalpan, Oax., a 17 de diciembre de 2025.- En cumplimiento al Acuerdo Parlamentario&#8230;<\/p>\n","protected":false},"author":2,"featured_media":4462,"comment_status":"open","ping_status":"closed","sticky":false,"template":"","format":"standard","meta":{"footnotes":""},"categories":[3],"tags":[],"class_list":["post-4465","post","type-post","status-publish","format-standard","has-post-thumbnail","hentry","category-comunicadosdeprensa"],"yoast_head":"<!-- This site is optimized with the Yoast SEO plugin v27.5 - https:\/\/yoast.com\/product\/yoast-seo-wordpress\/ -->\n<title>Instala LXVI Legislatura Comisi\u00f3n Permanente de Medio Ambiente, Biodiversidad, Energ\u00edas, Sostenibilidad y Cambio Clim\u00e1tico - CV Noticias<\/title>\n<meta name=\"robots\" content=\"index, follow, max-snippet:-1, max-image-preview:large, max-video-preview:-1\" \/>\n<link rel=\"canonical\" href=\"https:\/\/cvnoticias.com\/nuevapagina\/index.php\/2025\/12\/18\/instala-lxvi-legislatura-comision-permanente-de-medio-ambiente-biodiversidad-energias-sostenibilidad-y-cambio-climatico\/\" \/>\n<meta property=\"og:locale\" content=\"es_ES\" \/>\n<meta property=\"og:type\" content=\"article\" \/>\n<meta property=\"og:title\" content=\"Instala LXVI Legislatura Comisi\u00f3n Permanente de Medio Ambiente, Biodiversidad, Energ\u00edas, Sostenibilidad y Cambio Clim\u00e1tico - CV Noticias\" \/>\n<meta property=\"og:description\" content=\"San Raymundo Jalpan, Oax., a 17 de diciembre de 2025.- En cumplimiento al Acuerdo Parlamentario...\" \/>\n<meta property=\"og:url\" content=\"https:\/\/cvnoticias.com\/nuevapagina\/index.php\/2025\/12\/18\/instala-lxvi-legislatura-comision-permanente-de-medio-ambiente-biodiversidad-energias-sostenibilidad-y-cambio-climatico\/\" \/>\n<meta property=\"og:site_name\" content=\"CV Noticias\" \/>\n<meta property=\"article:published_time\" content=\"2025-12-18T13:08:39+00:00\" \/>\n<meta property=\"article:modified_time\" content=\"2025-12-18T13:08:41+00:00\" \/>\n<meta property=\"og:image\" content=\"https:\/\/cvnoticias.com\/nuevapagina\/wp-content\/uploads\/2025\/12\/WhatsApp-Image-2025-12-17-at-8.55.29-PM-1.jpeg\" \/>\n\t<meta property=\"og:image:width\" content=\"2560\" \/>\n\t<meta property=\"og:image:height\" content=\"1707\" \/>\n\t<meta property=\"og:image:type\" content=\"image\/jpeg\" \/>\n<meta name=\"author\" content=\"CvNoticias\" \/>\n<meta name=\"twitter:card\" content=\"summary_large_image\" \/>\n<meta name=\"twitter:label1\" content=\"Escrito por\" \/>\n\t<meta name=\"twitter:data1\" content=\"CvNoticias\" \/>\n\t<meta name=\"twitter:label2\" content=\"Tiempo de lectura\" \/>\n\t<meta name=\"twitter:data2\" content=\"3 minutos\" \/>\n<script type=\"application\/ld+json\" class=\"yoast-schema-graph\">{\"@context\":\"https:\\\/\\\/schema.org\",\"@graph\":[{\"@type\":\"Article\",\"@id\":\"https:\\\/\\\/cvnoticias.com\\\/nuevapagina\\\/index.php\\\/2025\\\/12\\\/18\\\/instala-lxvi-legislatura-comision-permanente-de-medio-ambiente-biodiversidad-energias-sostenibilidad-y-cambio-climatico\\\/#article\",\"isPartOf\":{\"@id\":\"https:\\\/\\\/cvnoticias.com\\\/nuevapagina\\\/index.php\\\/2025\\\/12\\\/18\\\/instala-lxvi-legislatura-comision-permanente-de-medio-ambiente-biodiversidad-energias-sostenibilidad-y-cambio-climatico\\\/\"},\"author\":{\"name\":\"CvNoticias\",\"@id\":\"https:\\\/\\\/cvnoticias.com\\\/nuevapagina\\\/#\\\/schema\\\/person\\\/19e35f246421a31486be7321065f7463\"},\"headline\":\"Instala LXVI Legislatura Comisi\u00f3n Permanente de Medio Ambiente, Biodiversidad, Energ\u00edas, Sostenibilidad y Cambio Clim\u00e1tico\",\"datePublished\":\"2025-12-18T13:08:39+00:00\",\"dateModified\":\"2025-12-18T13:08:41+00:00\",\"mainEntityOfPage\":{\"@id\":\"https:\\\/\\\/cvnoticias.com\\\/nuevapagina\\\/index.php\\\/2025\\\/12\\\/18\\\/instala-lxvi-legislatura-comision-permanente-de-medio-ambiente-biodiversidad-energias-sostenibilidad-y-cambio-climatico\\\/\"},\"wordCount\":492,\"commentCount\":0,\"publisher\":{\"@id\":\"https:\\\/\\\/cvnoticias.com\\\/nuevapagina\\\/#organization\"},\"image\":{\"@id\":\"https:\\\/\\\/cvnoticias.com\\\/nuevapagina\\\/index.php\\\/2025\\\/12\\\/18\\\/instala-lxvi-legislatura-comision-permanente-de-medio-ambiente-biodiversidad-energias-sostenibilidad-y-cambio-climatico\\\/#primaryimage\"},\"thumbnailUrl\":\"https:\\\/\\\/cvnoticias.com\\\/nuevapagina\\\/wp-content\\\/uploads\\\/2025\\\/12\\\/WhatsApp-Image-2025-12-17-at-8.55.29-PM-1.jpeg\",\"articleSection\":[\"Comunicados\"],\"inLanguage\":\"es\",\"potentialAction\":[{\"@type\":\"CommentAction\",\"name\":\"Comment\",\"target\":[\"https:\\\/\\\/cvnoticias.com\\\/nuevapagina\\\/index.php\\\/2025\\\/12\\\/18\\\/instala-lxvi-legislatura-comision-permanente-de-medio-ambiente-biodiversidad-energias-sostenibilidad-y-cambio-climatico\\\/#respond\"]}]},{\"@type\":\"WebPage\",\"@id\":\"https:\\\/\\\/cvnoticias.com\\\/nuevapagina\\\/index.php\\\/2025\\\/12\\\/18\\\/instala-lxvi-legislatura-comision-permanente-de-medio-ambiente-biodiversidad-energias-sostenibilidad-y-cambio-climatico\\\/\",\"url\":\"https:\\\/\\\/cvnoticias.com\\\/nuevapagina\\\/index.php\\\/2025\\\/12\\\/18\\\/instala-lxvi-legislatura-comision-permanente-de-medio-ambiente-biodiversidad-energias-sostenibilidad-y-cambio-climatico\\\/\",\"name\":\"Instala LXVI Legislatura Comisi\u00f3n Permanente de Medio Ambiente, Biodiversidad, Energ\u00edas, Sostenibilidad y Cambio Clim\u00e1tico - CV Noticias\",\"isPartOf\":{\"@id\":\"https:\\\/\\\/cvnoticias.com\\\/nuevapagina\\\/#website\"},\"primaryImageOfPage\":{\"@id\":\"https:\\\/\\\/cvnoticias.com\\\/nuevapagina\\\/index.php\\\/2025\\\/12\\\/18\\\/instala-lxvi-legislatura-comision-permanente-de-medio-ambiente-biodiversidad-energias-sostenibilidad-y-cambio-climatico\\\/#primaryimage\"},\"image\":{\"@id\":\"https:\\\/\\\/cvnoticias.com\\\/nuevapagina\\\/index.php\\\/2025\\\/12\\\/18\\\/instala-lxvi-legislatura-comision-permanente-de-medio-ambiente-biodiversidad-energias-sostenibilidad-y-cambio-climatico\\\/#primaryimage\"},\"thumbnailUrl\":\"https:\\\/\\\/cvnoticias.com\\\/nuevapagina\\\/wp-content\\\/uploads\\\/2025\\\/12\\\/WhatsApp-Image-2025-12-17-at-8.55.29-PM-1.jpeg\",\"datePublished\":\"2025-12-18T13:08:39+00:00\",\"dateModified\":\"2025-12-18T13:08:41+00:00\",\"breadcrumb\":{\"@id\":\"https:\\\/\\\/cvnoticias.com\\\/nuevapagina\\\/index.php\\\/2025\\\/12\\\/18\\\/instala-lxvi-legislatura-comision-permanente-de-medio-ambiente-biodiversidad-energias-sostenibilidad-y-cambio-climatico\\\/#breadcrumb\"},\"inLanguage\":\"es\",\"potentialAction\":[{\"@type\":\"ReadAction\",\"target\":[\"https:\\\/\\\/cvnoticias.com\\\/nuevapagina\\\/index.php\\\/2025\\\/12\\\/18\\\/instala-lxvi-legislatura-comision-permanente-de-medio-ambiente-biodiversidad-energias-sostenibilidad-y-cambio-climatico\\\/\"]}]},{\"@type\":\"ImageObject\",\"inLanguage\":\"es\",\"@id\":\"https:\\\/\\\/cvnoticias.com\\\/nuevapagina\\\/index.php\\\/2025\\\/12\\\/18\\\/instala-lxvi-legislatura-comision-permanente-de-medio-ambiente-biodiversidad-energias-sostenibilidad-y-cambio-climatico\\\/#primaryimage\",\"url\":\"https:\\\/\\\/cvnoticias.com\\\/nuevapagina\\\/wp-content\\\/uploads\\\/2025\\\/12\\\/WhatsApp-Image-2025-12-17-at-8.55.29-PM-1.jpeg\",\"contentUrl\":\"https:\\\/\\\/cvnoticias.com\\\/nuevapagina\\\/wp-content\\\/uploads\\\/2025\\\/12\\\/WhatsApp-Image-2025-12-17-at-8.55.29-PM-1.jpeg\",\"width\":2560,\"height\":1707},{\"@type\":\"BreadcrumbList\",\"@id\":\"https:\\\/\\\/cvnoticias.com\\\/nuevapagina\\\/index.php\\\/2025\\\/12\\\/18\\\/instala-lxvi-legislatura-comision-permanente-de-medio-ambiente-biodiversidad-energias-sostenibilidad-y-cambio-climatico\\\/#breadcrumb\",\"itemListElement\":[{\"@type\":\"ListItem\",\"position\":1,\"name\":\"Portada\",\"item\":\"https:\\\/\\\/cvnoticias.com\\\/nuevapagina\\\/\"},{\"@type\":\"ListItem\",\"position\":2,\"name\":\"Instala LXVI Legislatura Comisi\u00f3n Permanente de Medio Ambiente, Biodiversidad, Energ\u00edas, Sostenibilidad y Cambio Clim\u00e1tico\"}]},{\"@type\":\"WebSite\",\"@id\":\"https:\\\/\\\/cvnoticias.com\\\/nuevapagina\\\/#website\",\"url\":\"https:\\\/\\\/cvnoticias.com\\\/nuevapagina\\\/\",\"name\":\"CV Noticias\",\"description\":\"Noticias de Oaxaca\",\"publisher\":{\"@id\":\"https:\\\/\\\/cvnoticias.com\\\/nuevapagina\\\/#organization\"},\"potentialAction\":[{\"@type\":\"SearchAction\",\"target\":{\"@type\":\"EntryPoint\",\"urlTemplate\":\"https:\\\/\\\/cvnoticias.com\\\/nuevapagina\\\/?s={search_term_string}\"},\"query-input\":{\"@type\":\"PropertyValueSpecification\",\"valueRequired\":true,\"valueName\":\"search_term_string\"}}],\"inLanguage\":\"es\"},{\"@type\":\"Organization\",\"@id\":\"https:\\\/\\\/cvnoticias.com\\\/nuevapagina\\\/#organization\",\"name\":\"CV Noticias\",\"url\":\"https:\\\/\\\/cvnoticias.com\\\/nuevapagina\\\/\",\"logo\":{\"@type\":\"ImageObject\",\"inLanguage\":\"es\",\"@id\":\"https:\\\/\\\/cvnoticias.com\\\/nuevapagina\\\/#\\\/schema\\\/logo\\\/image\\\/\",\"url\":\"https:\\\/\\\/cvnoticias.com\\\/nuevapagina\\\/wp-content\\\/uploads\\\/2025\\\/05\\\/cropped-logo-1.png\",\"contentUrl\":\"https:\\\/\\\/cvnoticias.com\\\/nuevapagina\\\/wp-content\\\/uploads\\\/2025\\\/05\\\/cropped-logo-1.png\",\"width\":320,\"height\":118,\"caption\":\"CV Noticias\"},\"image\":{\"@id\":\"https:\\\/\\\/cvnoticias.com\\\/nuevapagina\\\/#\\\/schema\\\/logo\\\/image\\\/\"}},{\"@type\":\"Person\",\"@id\":\"https:\\\/\\\/cvnoticias.com\\\/nuevapagina\\\/#\\\/schema\\\/person\\\/19e35f246421a31486be7321065f7463\",\"name\":\"CvNoticias\",\"image\":{\"@type\":\"ImageObject\",\"inLanguage\":\"es\",\"@id\":\"https:\\\/\\\/secure.gravatar.com\\\/avatar\\\/c3a4375d38fd8f9b34ac9e853cb706a079817c78f9a39e33b16a2b2b2e51688a?s=96&d=mm&r=g\",\"url\":\"https:\\\/\\\/secure.gravatar.com\\\/avatar\\\/c3a4375d38fd8f9b34ac9e853cb706a079817c78f9a39e33b16a2b2b2e51688a?s=96&d=mm&r=g\",\"contentUrl\":\"https:\\\/\\\/secure.gravatar.com\\\/avatar\\\/c3a4375d38fd8f9b34ac9e853cb706a079817c78f9a39e33b16a2b2b2e51688a?s=96&d=mm&r=g\",\"caption\":\"CvNoticias\"},\"url\":\"https:\\\/\\\/cvnoticias.com\\\/nuevapagina\\\/index.php\\\/author\\\/gesner\\\/\"}]}<\/script>\n<!-- \/ Yoast SEO plugin. -->","yoast_head_json":{"title":"Instala LXVI Legislatura Comisi\u00f3n Permanente de Medio Ambiente, Biodiversidad, Energ\u00edas, Sostenibilidad y Cambio Clim\u00e1tico - CV Noticias","robots":{"index":"index","follow":"follow","max-snippet":"max-snippet:-1","max-image-preview":"max-image-preview:large","max-video-preview":"max-video-preview:-1"},"canonical":"https:\/\/cvnoticias.com\/nuevapagina\/index.php\/2025\/12\/18\/instala-lxvi-legislatura-comision-permanente-de-medio-ambiente-biodiversidad-energias-sostenibilidad-y-cambio-climatico\/","og_locale":"es_ES","og_type":"article","og_title":"Instala LXVI Legislatura Comisi\u00f3n Permanente de Medio Ambiente, Biodiversidad, Energ\u00edas, Sostenibilidad y Cambio Clim\u00e1tico - CV Noticias","og_description":"San Raymundo Jalpan, Oax., a 17 de diciembre de 2025.- En cumplimiento al Acuerdo Parlamentario...","og_url":"https:\/\/cvnoticias.com\/nuevapagina\/index.php\/2025\/12\/18\/instala-lxvi-legislatura-comision-permanente-de-medio-ambiente-biodiversidad-energias-sostenibilidad-y-cambio-climatico\/","og_site_name":"CV Noticias","article_published_time":"2025-12-18T13:08:39+00:00","article_modified_time":"2025-12-18T13:08:41+00:00","og_image":[{"width":2560,"height":1707,"url":"https:\/\/cvnoticias.com\/nuevapagina\/wp-content\/uploads\/2025\/12\/WhatsApp-Image-2025-12-17-at-8.55.29-PM-1.jpeg","type":"image\/jpeg"}],"author":"CvNoticias","twitter_card":"summary_large_image","twitter_misc":{"Escrito por":"CvNoticias","Tiempo de lectura":"3 minutos"},"schema":{"@context":"https:\/\/schema.org","@graph":[{"@type":"Article","@id":"https:\/\/cvnoticias.com\/nuevapagina\/index.php\/2025\/12\/18\/instala-lxvi-legislatura-comision-permanente-de-medio-ambiente-biodiversidad-energias-sostenibilidad-y-cambio-climatico\/#article","isPartOf":{"@id":"https:\/\/cvnoticias.com\/nuevapagina\/index.php\/2025\/12\/18\/instala-lxvi-legislatura-comision-permanente-de-medio-ambiente-biodiversidad-energias-sostenibilidad-y-cambio-climatico\/"},"author":{"name":"CvNoticias","@id":"https:\/\/cvnoticias.com\/nuevapagina\/#\/schema\/person\/19e35f246421a31486be7321065f7463"},"headline":"Instala LXVI Legislatura Comisi\u00f3n Permanente de Medio Ambiente, Biodiversidad, Energ\u00edas, Sostenibilidad y Cambio Clim\u00e1tico","datePublished":"2025-12-18T13:08:39+00:00","dateModified":"2025-12-18T13:08:41+00:00","mainEntityOfPage":{"@id":"https:\/\/cvnoticias.com\/nuevapagina\/index.php\/2025\/12\/18\/instala-lxvi-legislatura-comision-permanente-de-medio-ambiente-biodiversidad-energias-sostenibilidad-y-cambio-climatico\/"},"wordCount":492,"commentCount":0,"publisher":{"@id":"https:\/\/cvnoticias.com\/nuevapagina\/#organization"},"image":{"@id":"https:\/\/cvnoticias.com\/nuevapagina\/index.php\/2025\/12\/18\/instala-lxvi-legislatura-comision-permanente-de-medio-ambiente-biodiversidad-energias-sostenibilidad-y-cambio-climatico\/#primaryimage"},"thumbnailUrl":"https:\/\/cvnoticias.com\/nuevapagina\/wp-content\/uploads\/2025\/12\/WhatsApp-Image-2025-12-17-at-8.55.29-PM-1.jpeg","articleSection":["Comunicados"],"inLanguage":"es","potentialAction":[{"@type":"CommentAction","name":"Comment","target":["https:\/\/cvnoticias.com\/nuevapagina\/index.php\/2025\/12\/18\/instala-lxvi-legislatura-comision-permanente-de-medio-ambiente-biodiversidad-energias-sostenibilidad-y-cambio-climatico\/#respond"]}]},{"@type":"WebPage","@id":"https:\/\/cvnoticias.com\/nuevapagina\/index.php\/2025\/12\/18\/instala-lxvi-legislatura-comision-permanente-de-medio-ambiente-biodiversidad-energias-sostenibilidad-y-cambio-climatico\/","url":"https:\/\/cvnoticias.com\/nuevapagina\/index.php\/2025\/12\/18\/instala-lxvi-legislatura-comision-permanente-de-medio-ambiente-biodiversidad-energias-sostenibilidad-y-cambio-climatico\/","name":"Instala LXVI Legislatura Comisi\u00f3n Permanente de Medio Ambiente, Biodiversidad, Energ\u00edas, Sostenibilidad y Cambio Clim\u00e1tico - CV Noticias","isPartOf":{"@id":"https:\/\/cvnoticias.com\/nuevapagina\/#website"},"primaryImageOfPage":{"@id":"https:\/\/cvnoticias.com\/nuevapagina\/index.php\/2025\/12\/18\/instala-lxvi-legislatura-comision-permanente-de-medio-ambiente-biodiversidad-energias-sostenibilidad-y-cambio-climatico\/#primaryimage"},"image":{"@id":"https:\/\/cvnoticias.com\/nuevapagina\/index.php\/2025\/12\/18\/instala-lxvi-legislatura-comision-permanente-de-medio-ambiente-biodiversidad-energias-sostenibilidad-y-cambio-climatico\/#primaryimage"},"thumbnailUrl":"https:\/\/cvnoticias.com\/nuevapagina\/wp-content\/uploads\/2025\/12\/WhatsApp-Image-2025-12-17-at-8.55.29-PM-1.jpeg","datePublished":"2025-12-18T13:08:39+00:00","dateModified":"2025-12-18T13:08:41+00:00","breadcrumb":{"@id":"https:\/\/cvnoticias.com\/nuevapagina\/index.php\/2025\/12\/18\/instala-lxvi-legislatura-comision-permanente-de-medio-ambiente-biodiversidad-energias-sostenibilidad-y-cambio-climatico\/#breadcrumb"},"inLanguage":"es","potentialAction":[{"@type":"ReadAction","target":["https:\/\/cvnoticias.com\/nuevapagina\/index.php\/2025\/12\/18\/instala-lxvi-legislatura-comision-permanente-de-medio-ambiente-biodiversidad-energias-sostenibilidad-y-cambio-climatico\/"]}]},{"@type":"ImageObject","inLanguage":"es","@id":"https:\/\/cvnoticias.com\/nuevapagina\/index.php\/2025\/12\/18\/instala-lxvi-legislatura-comision-permanente-de-medio-ambiente-biodiversidad-energias-sostenibilidad-y-cambio-climatico\/#primaryimage","url":"https:\/\/cvnoticias.com\/nuevapagina\/wp-content\/uploads\/2025\/12\/WhatsApp-Image-2025-12-17-at-8.55.29-PM-1.jpeg","contentUrl":"https:\/\/cvnoticias.com\/nuevapagina\/wp-content\/uploads\/2025\/12\/WhatsApp-Image-2025-12-17-at-8.55.29-PM-1.jpeg","width":2560,"height":1707},{"@type":"BreadcrumbList","@id":"https:\/\/cvnoticias.com\/nuevapagina\/index.php\/2025\/12\/18\/instala-lxvi-legislatura-comision-permanente-de-medio-ambiente-biodiversidad-energias-sostenibilidad-y-cambio-climatico\/#breadcrumb","itemListElement":[{"@type":"ListItem","position":1,"name":"Portada","item":"https:\/\/cvnoticias.com\/nuevapagina\/"},{"@type":"ListItem","position":2,"name":"Instala LXVI Legislatura Comisi\u00f3n Permanente de Medio Ambiente, Biodiversidad, Energ\u00edas, Sostenibilidad y Cambio Clim\u00e1tico"}]},{"@type":"WebSite","@id":"https:\/\/cvnoticias.com\/nuevapagina\/#website","url":"https:\/\/cvnoticias.com\/nuevapagina\/","name":"CV Noticias","description":"Noticias de Oaxaca","publisher":{"@id":"https:\/\/cvnoticias.com\/nuevapagina\/#organization"},"potentialAction":[{"@type":"SearchAction","target":{"@type":"EntryPoint","urlTemplate":"https:\/\/cvnoticias.com\/nuevapagina\/?s={search_term_string}"},"query-input":{"@type":"PropertyValueSpecification","valueRequired":true,"valueName":"search_term_string"}}],"inLanguage":"es"},{"@type":"Organization","@id":"https:\/\/cvnoticias.com\/nuevapagina\/#organization","name":"CV Noticias","url":"https:\/\/cvnoticias.com\/nuevapagina\/","logo":{"@type":"ImageObject","inLanguage":"es","@id":"https:\/\/cvnoticias.com\/nuevapagina\/#\/schema\/logo\/image\/","url":"https:\/\/cvnoticias.com\/nuevapagina\/wp-content\/uploads\/2025\/05\/cropped-logo-1.png","contentUrl":"https:\/\/cvnoticias.com\/nuevapagina\/wp-content\/uploads\/2025\/05\/cropped-logo-1.png","width":320,"height":118,"caption":"CV Noticias"},"image":{"@id":"https:\/\/cvnoticias.com\/nuevapagina\/#\/schema\/logo\/image\/"}},{"@type":"Person","@id":"https:\/\/cvnoticias.com\/nuevapagina\/#\/schema\/person\/19e35f246421a31486be7321065f7463","name":"CvNoticias","image":{"@type":"ImageObject","inLanguage":"es","@id":"https:\/\/secure.gravatar.com\/avatar\/c3a4375d38fd8f9b34ac9e853cb706a079817c78f9a39e33b16a2b2b2e51688a?s=96&d=mm&r=g","url":"https:\/\/secure.gravatar.com\/avatar\/c3a4375d38fd8f9b34ac9e853cb706a079817c78f9a39e33b16a2b2b2e51688a?s=96&d=mm&r=g","contentUrl":"https:\/\/secure.gravatar.com\/avatar\/c3a4375d38fd8f9b34ac9e853cb706a079817c78f9a39e33b16a2b2b2e51688a?s=96&d=mm&r=g","caption":"CvNoticias"},"url":"https:\/\/cvnoticias.com\/nuevapagina\/index.php\/author\/gesner\/"}]}},"_links":{"self":[{"href":"https:\/\/cvnoticias.com\/nuevapagina\/index.php\/wp-json\/wp\/v2\/posts\/4465","targetHints":{"allow":["GET"]}}],"collection":[{"href":"https:\/\/cvnoticias.com\/nuevapagina\/index.php\/wp-json\/wp\/v2\/posts"}],"about":[{"href":"https:\/\/cvnoticias.com\/nuevapagina\/index.php\/wp-json\/wp\/v2\/types\/post"}],"author":[{"embeddable":true,"href":"https:\/\/cvnoticias.com\/nuevapagina\/index.php\/wp-json\/wp\/v2\/users\/2"}],"replies":[{"embeddable":true,"href":"https:\/\/cvnoticias.com\/nuevapagina\/index.php\/wp-json\/wp\/v2\/comments?post=4465"}],"version-history":[{"count":1,"href":"https:\/\/cvnoticias.com\/nuevapagina\/index.php\/wp-json\/wp\/v2\/posts\/4465\/revisions"}],"predecessor-version":[{"id":4466,"href":"https:\/\/cvnoticias.com\/nuevapagina\/index.php\/wp-json\/wp\/v2\/posts\/4465\/revisions\/4466"}],"wp:featuredmedia":[{"embeddable":true,"href":"https:\/\/cvnoticias.com\/nuevapagina\/index.php\/wp-json\/wp\/v2\/media\/4462"}],"wp:attachment":[{"href":"https:\/\/cvnoticias.com\/nuevapagina\/index.php\/wp-json\/wp\/v2\/media?parent=4465"}],"wp:term":[{"taxonomy":"category","embeddable":true,"href":"https:\/\/cvnoticias.com\/nuevapagina\/index.php\/wp-json\/wp\/v2\/categories?post=4465"},{"taxonomy":"post_tag","embeddable":true,"href":"https:\/\/cvnoticias.com\/nuevapagina\/index.php\/wp-json\/wp\/v2\/tags?post=4465"}],"curies":[{"name":"wp","href":"https:\/\/api.w.org\/{rel}","templated":true}]}}