{"id":4456,"date":"2025-12-18T13:07:14","date_gmt":"2025-12-18T13:07:14","guid":{"rendered":"https:\/\/cvnoticias.com\/nuevapagina\/?p=4456"},"modified":"2025-12-18T13:07:15","modified_gmt":"2025-12-18T13:07:15","slug":"congreso-de-oaxaca-reconoce-la-competencia-de-las-asambleas-comunitarias-para-decidir-el-cambio-de-denominacion-en-municipios-que-se-rigen-por-sistemas-normativos-indigenas","status":"publish","type":"post","link":"https:\/\/cvnoticias.com\/nuevapagina\/index.php\/2025\/12\/18\/congreso-de-oaxaca-reconoce-la-competencia-de-las-asambleas-comunitarias-para-decidir-el-cambio-de-denominacion-en-municipios-que-se-rigen-por-sistemas-normativos-indigenas\/","title":{"rendered":"Congreso de Oaxaca reconoce la competencia de las asambleas comunitarias para decidir el cambio de denominaci\u00f3n en municipios que se rigen por Sistemas Normativos Ind\u00edgenas"},"content":{"rendered":"\n<p><\/p>\n\n\n\n<ul class=\"wp-block-list\">\n<li>La reforma fortalece la certeza jur\u00eddica de los actos municipales y garantiza el derecho a la autodeterminaci\u00f3n<\/li>\n<\/ul>\n\n\n\n<p>San Raymundo Jalpan, Oax,. a 17 de diciembre de 2025.- Con el objetivo de fortalecer y dar certeza jur\u00eddica a los pueblos y comunidades ind\u00edgenas y afromexicanas, el Parlamento local aprob\u00f3 con 35 votos a favor una reforma a la Ley Org\u00e1nica Municipal del Estado, para establecer que, al tratarse de municipios regidos por Sistemas Normativos Ind\u00edgenas (SIN), el cambio de denominaci\u00f3n o categor\u00eda de un centro de poblaci\u00f3n deber\u00e1 ser aprobado por el voto favorable de las dos terceras partes de la asamblea general comunitaria.<\/p>\n\n\n\n<p>Con esta reforma, se reconoce en la legislaci\u00f3n municipal del estado la aprobaci\u00f3n de las asambleas comunitarias como una condici\u00f3n de validez democr\u00e1tica y constitucional.<\/p>\n\n\n\n<p>La iniciativa fue presentada por el diputado Iv\u00e1n Osael Quiroz Mart\u00ednez del Grupo Parlamentario de Morena, quien se\u00f1al\u00f3 que esta medida no busca crear derechos nuevos, sino armonizar el marco normativo estatal con las obligaciones constitucionales, convencionales y jurisprudenciales vigentes, en beneficio de las comunidades ind\u00edgenas y afromexicanas que ejercen su autonom\u00eda y diversidad cultural.<\/p>\n\n\n\n<p>Agreg\u00f3 que lo anterior es de gran relevancia al tener en cuenta que m\u00e1s del 70 por ciento de los municipios en Oaxaca se rigen por SNI, donde la Asamblea es la m\u00e1xima autoridad de deliberaci\u00f3n y toma de decisiones.<\/p>\n\n\n\n<p>De acuerdo con la Comisi\u00f3n Permanente de Fortalecimiento y Asuntos Municipales, el dictamen es favorable al hacer valer el art\u00edculo 2 de la Constituci\u00f3n Federal, el cual indica que el territorio nacional tiene una composici\u00f3n pluricultural y multi\u00e9tnica sustentada originalmente en sus pueblos ind\u00edgenas, que son aquellas colectividades con una continuidad hist\u00f3rica de las sociedades precoloniales establecidas en el territorio nacional; y que conservan, desarrollan y transmiten sus instituciones sociales, normativas, econ\u00f3micas, culturales y pol\u00edticas, o parte de ellas.<\/p>\n\n\n\n<p>As\u00ed tambi\u00e9n los art\u00edculos 8 y 9 del Convenio 169 de la OIT, los cuales se\u00f1alan que al aplicar la legislaci\u00f3n nacional a los pueblos interesados se deber\u00e1 tomar en consideraci\u00f3n sus costumbres o su derecho consuetudinario y que se deber\u00e1 considerar una perspectiva e interpretaci\u00f3n que sea culturalmente sensible e incluyente, as\u00ed como el marco jur\u00eddico aplicable.<\/p>\n\n\n\n<p>La adici\u00f3n de la fracci\u00f3n III y el recorrido de las subsecuentes del art\u00edculo 19 de la citada Ley fue avalada en Sesi\u00f3n Ordinaria.<\/p>\n","protected":false},"excerpt":{"rendered":"<p>San Raymundo Jalpan, Oax,. a 17 de diciembre de 2025.- Con el objetivo de fortalecer&#8230;<\/p>\n","protected":false},"author":2,"featured_media":4463,"comment_status":"open","ping_status":"closed","sticky":false,"template":"","format":"standard","meta":{"footnotes":""},"categories":[3],"tags":[],"class_list":["post-4456","post","type-post","status-publish","format-standard","has-post-thumbnail","hentry","category-comunicadosdeprensa"],"yoast_head":"<!-- This site is optimized with the Yoast SEO plugin v27.5 - https:\/\/yoast.com\/product\/yoast-seo-wordpress\/ -->\n<title>Congreso de Oaxaca reconoce la competencia de las asambleas comunitarias para decidir el cambio de denominaci\u00f3n en municipios que se rigen por Sistemas Normativos Ind\u00edgenas - CV Noticias<\/title>\n<meta name=\"robots\" content=\"index, follow, max-snippet:-1, max-image-preview:large, max-video-preview:-1\" \/>\n<link rel=\"canonical\" href=\"https:\/\/cvnoticias.com\/nuevapagina\/index.php\/2025\/12\/18\/congreso-de-oaxaca-reconoce-la-competencia-de-las-asambleas-comunitarias-para-decidir-el-cambio-de-denominacion-en-municipios-que-se-rigen-por-sistemas-normativos-indigenas\/\" \/>\n<meta property=\"og:locale\" content=\"es_ES\" \/>\n<meta property=\"og:type\" content=\"article\" \/>\n<meta property=\"og:title\" content=\"Congreso de Oaxaca reconoce la competencia de las asambleas comunitarias para decidir el cambio de denominaci\u00f3n en municipios que se rigen por Sistemas Normativos Ind\u00edgenas - CV Noticias\" \/>\n<meta property=\"og:description\" content=\"San Raymundo Jalpan, Oax,. a 17 de diciembre de 2025.- Con el objetivo de fortalecer...\" \/>\n<meta property=\"og:url\" content=\"https:\/\/cvnoticias.com\/nuevapagina\/index.php\/2025\/12\/18\/congreso-de-oaxaca-reconoce-la-competencia-de-las-asambleas-comunitarias-para-decidir-el-cambio-de-denominacion-en-municipios-que-se-rigen-por-sistemas-normativos-indigenas\/\" \/>\n<meta property=\"og:site_name\" content=\"CV Noticias\" \/>\n<meta property=\"article:published_time\" content=\"2025-12-18T13:07:14+00:00\" \/>\n<meta property=\"article:modified_time\" content=\"2025-12-18T13:07:15+00:00\" \/>\n<meta property=\"og:image\" content=\"https:\/\/cvnoticias.com\/nuevapagina\/wp-content\/uploads\/2025\/12\/WhatsApp-Image-2025-12-17-at-8.55.29-PM.jpeg\" \/>\n\t<meta property=\"og:image:width\" content=\"1280\" \/>\n\t<meta property=\"og:image:height\" content=\"853\" \/>\n\t<meta property=\"og:image:type\" content=\"image\/jpeg\" \/>\n<meta name=\"author\" content=\"CvNoticias\" \/>\n<meta name=\"twitter:card\" content=\"summary_large_image\" \/>\n<meta name=\"twitter:label1\" content=\"Escrito por\" \/>\n\t<meta name=\"twitter:data1\" content=\"CvNoticias\" \/>\n\t<meta name=\"twitter:label2\" content=\"Tiempo de lectura\" \/>\n\t<meta name=\"twitter:data2\" content=\"2 minutos\" \/>\n<script type=\"application\/ld+json\" class=\"yoast-schema-graph\">{\"@context\":\"https:\\\/\\\/schema.org\",\"@graph\":[{\"@type\":\"Article\",\"@id\":\"https:\\\/\\\/cvnoticias.com\\\/nuevapagina\\\/index.php\\\/2025\\\/12\\\/18\\\/congreso-de-oaxaca-reconoce-la-competencia-de-las-asambleas-comunitarias-para-decidir-el-cambio-de-denominacion-en-municipios-que-se-rigen-por-sistemas-normativos-indigenas\\\/#article\",\"isPartOf\":{\"@id\":\"https:\\\/\\\/cvnoticias.com\\\/nuevapagina\\\/index.php\\\/2025\\\/12\\\/18\\\/congreso-de-oaxaca-reconoce-la-competencia-de-las-asambleas-comunitarias-para-decidir-el-cambio-de-denominacion-en-municipios-que-se-rigen-por-sistemas-normativos-indigenas\\\/\"},\"author\":{\"name\":\"CvNoticias\",\"@id\":\"https:\\\/\\\/cvnoticias.com\\\/nuevapagina\\\/#\\\/schema\\\/person\\\/19e35f246421a31486be7321065f7463\"},\"headline\":\"Congreso de Oaxaca reconoce la competencia de las asambleas comunitarias para decidir el cambio de denominaci\u00f3n en municipios que se rigen por Sistemas Normativos Ind\u00edgenas\",\"datePublished\":\"2025-12-18T13:07:14+00:00\",\"dateModified\":\"2025-12-18T13:07:15+00:00\",\"mainEntityOfPage\":{\"@id\":\"https:\\\/\\\/cvnoticias.com\\\/nuevapagina\\\/index.php\\\/2025\\\/12\\\/18\\\/congreso-de-oaxaca-reconoce-la-competencia-de-las-asambleas-comunitarias-para-decidir-el-cambio-de-denominacion-en-municipios-que-se-rigen-por-sistemas-normativos-indigenas\\\/\"},\"wordCount\":444,\"commentCount\":0,\"publisher\":{\"@id\":\"https:\\\/\\\/cvnoticias.com\\\/nuevapagina\\\/#organization\"},\"image\":{\"@id\":\"https:\\\/\\\/cvnoticias.com\\\/nuevapagina\\\/index.php\\\/2025\\\/12\\\/18\\\/congreso-de-oaxaca-reconoce-la-competencia-de-las-asambleas-comunitarias-para-decidir-el-cambio-de-denominacion-en-municipios-que-se-rigen-por-sistemas-normativos-indigenas\\\/#primaryimage\"},\"thumbnailUrl\":\"https:\\\/\\\/cvnoticias.com\\\/nuevapagina\\\/wp-content\\\/uploads\\\/2025\\\/12\\\/WhatsApp-Image-2025-12-17-at-8.55.29-PM.jpeg\",\"articleSection\":[\"Comunicados\"],\"inLanguage\":\"es\",\"potentialAction\":[{\"@type\":\"CommentAction\",\"name\":\"Comment\",\"target\":[\"https:\\\/\\\/cvnoticias.com\\\/nuevapagina\\\/index.php\\\/2025\\\/12\\\/18\\\/congreso-de-oaxaca-reconoce-la-competencia-de-las-asambleas-comunitarias-para-decidir-el-cambio-de-denominacion-en-municipios-que-se-rigen-por-sistemas-normativos-indigenas\\\/#respond\"]}]},{\"@type\":\"WebPage\",\"@id\":\"https:\\\/\\\/cvnoticias.com\\\/nuevapagina\\\/index.php\\\/2025\\\/12\\\/18\\\/congreso-de-oaxaca-reconoce-la-competencia-de-las-asambleas-comunitarias-para-decidir-el-cambio-de-denominacion-en-municipios-que-se-rigen-por-sistemas-normativos-indigenas\\\/\",\"url\":\"https:\\\/\\\/cvnoticias.com\\\/nuevapagina\\\/index.php\\\/2025\\\/12\\\/18\\\/congreso-de-oaxaca-reconoce-la-competencia-de-las-asambleas-comunitarias-para-decidir-el-cambio-de-denominacion-en-municipios-que-se-rigen-por-sistemas-normativos-indigenas\\\/\",\"name\":\"Congreso de Oaxaca reconoce la competencia de las asambleas comunitarias para decidir el cambio de denominaci\u00f3n en municipios que se rigen por Sistemas Normativos Ind\u00edgenas - CV Noticias\",\"isPartOf\":{\"@id\":\"https:\\\/\\\/cvnoticias.com\\\/nuevapagina\\\/#website\"},\"primaryImageOfPage\":{\"@id\":\"https:\\\/\\\/cvnoticias.com\\\/nuevapagina\\\/index.php\\\/2025\\\/12\\\/18\\\/congreso-de-oaxaca-reconoce-la-competencia-de-las-asambleas-comunitarias-para-decidir-el-cambio-de-denominacion-en-municipios-que-se-rigen-por-sistemas-normativos-indigenas\\\/#primaryimage\"},\"image\":{\"@id\":\"https:\\\/\\\/cvnoticias.com\\\/nuevapagina\\\/index.php\\\/2025\\\/12\\\/18\\\/congreso-de-oaxaca-reconoce-la-competencia-de-las-asambleas-comunitarias-para-decidir-el-cambio-de-denominacion-en-municipios-que-se-rigen-por-sistemas-normativos-indigenas\\\/#primaryimage\"},\"thumbnailUrl\":\"https:\\\/\\\/cvnoticias.com\\\/nuevapagina\\\/wp-content\\\/uploads\\\/2025\\\/12\\\/WhatsApp-Image-2025-12-17-at-8.55.29-PM.jpeg\",\"datePublished\":\"2025-12-18T13:07:14+00:00\",\"dateModified\":\"2025-12-18T13:07:15+00:00\",\"breadcrumb\":{\"@id\":\"https:\\\/\\\/cvnoticias.com\\\/nuevapagina\\\/index.php\\\/2025\\\/12\\\/18\\\/congreso-de-oaxaca-reconoce-la-competencia-de-las-asambleas-comunitarias-para-decidir-el-cambio-de-denominacion-en-municipios-que-se-rigen-por-sistemas-normativos-indigenas\\\/#breadcrumb\"},\"inLanguage\":\"es\",\"potentialAction\":[{\"@type\":\"ReadAction\",\"target\":[\"https:\\\/\\\/cvnoticias.com\\\/nuevapagina\\\/index.php\\\/2025\\\/12\\\/18\\\/congreso-de-oaxaca-reconoce-la-competencia-de-las-asambleas-comunitarias-para-decidir-el-cambio-de-denominacion-en-municipios-que-se-rigen-por-sistemas-normativos-indigenas\\\/\"]}]},{\"@type\":\"ImageObject\",\"inLanguage\":\"es\",\"@id\":\"https:\\\/\\\/cvnoticias.com\\\/nuevapagina\\\/index.php\\\/2025\\\/12\\\/18\\\/congreso-de-oaxaca-reconoce-la-competencia-de-las-asambleas-comunitarias-para-decidir-el-cambio-de-denominacion-en-municipios-que-se-rigen-por-sistemas-normativos-indigenas\\\/#primaryimage\",\"url\":\"https:\\\/\\\/cvnoticias.com\\\/nuevapagina\\\/wp-content\\\/uploads\\\/2025\\\/12\\\/WhatsApp-Image-2025-12-17-at-8.55.29-PM.jpeg\",\"contentUrl\":\"https:\\\/\\\/cvnoticias.com\\\/nuevapagina\\\/wp-content\\\/uploads\\\/2025\\\/12\\\/WhatsApp-Image-2025-12-17-at-8.55.29-PM.jpeg\",\"width\":1280,\"height\":853},{\"@type\":\"BreadcrumbList\",\"@id\":\"https:\\\/\\\/cvnoticias.com\\\/nuevapagina\\\/index.php\\\/2025\\\/12\\\/18\\\/congreso-de-oaxaca-reconoce-la-competencia-de-las-asambleas-comunitarias-para-decidir-el-cambio-de-denominacion-en-municipios-que-se-rigen-por-sistemas-normativos-indigenas\\\/#breadcrumb\",\"itemListElement\":[{\"@type\":\"ListItem\",\"position\":1,\"name\":\"Portada\",\"item\":\"https:\\\/\\\/cvnoticias.com\\\/nuevapagina\\\/\"},{\"@type\":\"ListItem\",\"position\":2,\"name\":\"Congreso de Oaxaca reconoce la competencia de las asambleas comunitarias para decidir el cambio de denominaci\u00f3n en municipios que se rigen por Sistemas Normativos Ind\u00edgenas\"}]},{\"@type\":\"WebSite\",\"@id\":\"https:\\\/\\\/cvnoticias.com\\\/nuevapagina\\\/#website\",\"url\":\"https:\\\/\\\/cvnoticias.com\\\/nuevapagina\\\/\",\"name\":\"CV Noticias\",\"description\":\"Noticias de Oaxaca\",\"publisher\":{\"@id\":\"https:\\\/\\\/cvnoticias.com\\\/nuevapagina\\\/#organization\"},\"potentialAction\":[{\"@type\":\"SearchAction\",\"target\":{\"@type\":\"EntryPoint\",\"urlTemplate\":\"https:\\\/\\\/cvnoticias.com\\\/nuevapagina\\\/?s={search_term_string}\"},\"query-input\":{\"@type\":\"PropertyValueSpecification\",\"valueRequired\":true,\"valueName\":\"search_term_string\"}}],\"inLanguage\":\"es\"},{\"@type\":\"Organization\",\"@id\":\"https:\\\/\\\/cvnoticias.com\\\/nuevapagina\\\/#organization\",\"name\":\"CV Noticias\",\"url\":\"https:\\\/\\\/cvnoticias.com\\\/nuevapagina\\\/\",\"logo\":{\"@type\":\"ImageObject\",\"inLanguage\":\"es\",\"@id\":\"https:\\\/\\\/cvnoticias.com\\\/nuevapagina\\\/#\\\/schema\\\/logo\\\/image\\\/\",\"url\":\"https:\\\/\\\/cvnoticias.com\\\/nuevapagina\\\/wp-content\\\/uploads\\\/2025\\\/05\\\/cropped-logo-1.png\",\"contentUrl\":\"https:\\\/\\\/cvnoticias.com\\\/nuevapagina\\\/wp-content\\\/uploads\\\/2025\\\/05\\\/cropped-logo-1.png\",\"width\":320,\"height\":118,\"caption\":\"CV Noticias\"},\"image\":{\"@id\":\"https:\\\/\\\/cvnoticias.com\\\/nuevapagina\\\/#\\\/schema\\\/logo\\\/image\\\/\"}},{\"@type\":\"Person\",\"@id\":\"https:\\\/\\\/cvnoticias.com\\\/nuevapagina\\\/#\\\/schema\\\/person\\\/19e35f246421a31486be7321065f7463\",\"name\":\"CvNoticias\",\"image\":{\"@type\":\"ImageObject\",\"inLanguage\":\"es\",\"@id\":\"https:\\\/\\\/secure.gravatar.com\\\/avatar\\\/c3a4375d38fd8f9b34ac9e853cb706a079817c78f9a39e33b16a2b2b2e51688a?s=96&d=mm&r=g\",\"url\":\"https:\\\/\\\/secure.gravatar.com\\\/avatar\\\/c3a4375d38fd8f9b34ac9e853cb706a079817c78f9a39e33b16a2b2b2e51688a?s=96&d=mm&r=g\",\"contentUrl\":\"https:\\\/\\\/secure.gravatar.com\\\/avatar\\\/c3a4375d38fd8f9b34ac9e853cb706a079817c78f9a39e33b16a2b2b2e51688a?s=96&d=mm&r=g\",\"caption\":\"CvNoticias\"},\"url\":\"https:\\\/\\\/cvnoticias.com\\\/nuevapagina\\\/index.php\\\/author\\\/gesner\\\/\"}]}<\/script>\n<!-- \/ Yoast SEO plugin. -->","yoast_head_json":{"title":"Congreso de Oaxaca reconoce la competencia de las asambleas comunitarias para decidir el cambio de denominaci\u00f3n en municipios que se rigen por Sistemas Normativos Ind\u00edgenas - CV Noticias","robots":{"index":"index","follow":"follow","max-snippet":"max-snippet:-1","max-image-preview":"max-image-preview:large","max-video-preview":"max-video-preview:-1"},"canonical":"https:\/\/cvnoticias.com\/nuevapagina\/index.php\/2025\/12\/18\/congreso-de-oaxaca-reconoce-la-competencia-de-las-asambleas-comunitarias-para-decidir-el-cambio-de-denominacion-en-municipios-que-se-rigen-por-sistemas-normativos-indigenas\/","og_locale":"es_ES","og_type":"article","og_title":"Congreso de Oaxaca reconoce la competencia de las asambleas comunitarias para decidir el cambio de denominaci\u00f3n en municipios que se rigen por Sistemas Normativos Ind\u00edgenas - CV Noticias","og_description":"San Raymundo Jalpan, Oax,. a 17 de diciembre de 2025.- Con el objetivo de fortalecer...","og_url":"https:\/\/cvnoticias.com\/nuevapagina\/index.php\/2025\/12\/18\/congreso-de-oaxaca-reconoce-la-competencia-de-las-asambleas-comunitarias-para-decidir-el-cambio-de-denominacion-en-municipios-que-se-rigen-por-sistemas-normativos-indigenas\/","og_site_name":"CV Noticias","article_published_time":"2025-12-18T13:07:14+00:00","article_modified_time":"2025-12-18T13:07:15+00:00","og_image":[{"width":1280,"height":853,"url":"https:\/\/cvnoticias.com\/nuevapagina\/wp-content\/uploads\/2025\/12\/WhatsApp-Image-2025-12-17-at-8.55.29-PM.jpeg","type":"image\/jpeg"}],"author":"CvNoticias","twitter_card":"summary_large_image","twitter_misc":{"Escrito por":"CvNoticias","Tiempo de lectura":"2 minutos"},"schema":{"@context":"https:\/\/schema.org","@graph":[{"@type":"Article","@id":"https:\/\/cvnoticias.com\/nuevapagina\/index.php\/2025\/12\/18\/congreso-de-oaxaca-reconoce-la-competencia-de-las-asambleas-comunitarias-para-decidir-el-cambio-de-denominacion-en-municipios-que-se-rigen-por-sistemas-normativos-indigenas\/#article","isPartOf":{"@id":"https:\/\/cvnoticias.com\/nuevapagina\/index.php\/2025\/12\/18\/congreso-de-oaxaca-reconoce-la-competencia-de-las-asambleas-comunitarias-para-decidir-el-cambio-de-denominacion-en-municipios-que-se-rigen-por-sistemas-normativos-indigenas\/"},"author":{"name":"CvNoticias","@id":"https:\/\/cvnoticias.com\/nuevapagina\/#\/schema\/person\/19e35f246421a31486be7321065f7463"},"headline":"Congreso de Oaxaca reconoce la competencia de las asambleas comunitarias para decidir el cambio de denominaci\u00f3n en municipios que se rigen por Sistemas Normativos Ind\u00edgenas","datePublished":"2025-12-18T13:07:14+00:00","dateModified":"2025-12-18T13:07:15+00:00","mainEntityOfPage":{"@id":"https:\/\/cvnoticias.com\/nuevapagina\/index.php\/2025\/12\/18\/congreso-de-oaxaca-reconoce-la-competencia-de-las-asambleas-comunitarias-para-decidir-el-cambio-de-denominacion-en-municipios-que-se-rigen-por-sistemas-normativos-indigenas\/"},"wordCount":444,"commentCount":0,"publisher":{"@id":"https:\/\/cvnoticias.com\/nuevapagina\/#organization"},"image":{"@id":"https:\/\/cvnoticias.com\/nuevapagina\/index.php\/2025\/12\/18\/congreso-de-oaxaca-reconoce-la-competencia-de-las-asambleas-comunitarias-para-decidir-el-cambio-de-denominacion-en-municipios-que-se-rigen-por-sistemas-normativos-indigenas\/#primaryimage"},"thumbnailUrl":"https:\/\/cvnoticias.com\/nuevapagina\/wp-content\/uploads\/2025\/12\/WhatsApp-Image-2025-12-17-at-8.55.29-PM.jpeg","articleSection":["Comunicados"],"inLanguage":"es","potentialAction":[{"@type":"CommentAction","name":"Comment","target":["https:\/\/cvnoticias.com\/nuevapagina\/index.php\/2025\/12\/18\/congreso-de-oaxaca-reconoce-la-competencia-de-las-asambleas-comunitarias-para-decidir-el-cambio-de-denominacion-en-municipios-que-se-rigen-por-sistemas-normativos-indigenas\/#respond"]}]},{"@type":"WebPage","@id":"https:\/\/cvnoticias.com\/nuevapagina\/index.php\/2025\/12\/18\/congreso-de-oaxaca-reconoce-la-competencia-de-las-asambleas-comunitarias-para-decidir-el-cambio-de-denominacion-en-municipios-que-se-rigen-por-sistemas-normativos-indigenas\/","url":"https:\/\/cvnoticias.com\/nuevapagina\/index.php\/2025\/12\/18\/congreso-de-oaxaca-reconoce-la-competencia-de-las-asambleas-comunitarias-para-decidir-el-cambio-de-denominacion-en-municipios-que-se-rigen-por-sistemas-normativos-indigenas\/","name":"Congreso de Oaxaca reconoce la competencia de las asambleas comunitarias para decidir el cambio de denominaci\u00f3n en municipios que se rigen por Sistemas Normativos Ind\u00edgenas - CV Noticias","isPartOf":{"@id":"https:\/\/cvnoticias.com\/nuevapagina\/#website"},"primaryImageOfPage":{"@id":"https:\/\/cvnoticias.com\/nuevapagina\/index.php\/2025\/12\/18\/congreso-de-oaxaca-reconoce-la-competencia-de-las-asambleas-comunitarias-para-decidir-el-cambio-de-denominacion-en-municipios-que-se-rigen-por-sistemas-normativos-indigenas\/#primaryimage"},"image":{"@id":"https:\/\/cvnoticias.com\/nuevapagina\/index.php\/2025\/12\/18\/congreso-de-oaxaca-reconoce-la-competencia-de-las-asambleas-comunitarias-para-decidir-el-cambio-de-denominacion-en-municipios-que-se-rigen-por-sistemas-normativos-indigenas\/#primaryimage"},"thumbnailUrl":"https:\/\/cvnoticias.com\/nuevapagina\/wp-content\/uploads\/2025\/12\/WhatsApp-Image-2025-12-17-at-8.55.29-PM.jpeg","datePublished":"2025-12-18T13:07:14+00:00","dateModified":"2025-12-18T13:07:15+00:00","breadcrumb":{"@id":"https:\/\/cvnoticias.com\/nuevapagina\/index.php\/2025\/12\/18\/congreso-de-oaxaca-reconoce-la-competencia-de-las-asambleas-comunitarias-para-decidir-el-cambio-de-denominacion-en-municipios-que-se-rigen-por-sistemas-normativos-indigenas\/#breadcrumb"},"inLanguage":"es","potentialAction":[{"@type":"ReadAction","target":["https:\/\/cvnoticias.com\/nuevapagina\/index.php\/2025\/12\/18\/congreso-de-oaxaca-reconoce-la-competencia-de-las-asambleas-comunitarias-para-decidir-el-cambio-de-denominacion-en-municipios-que-se-rigen-por-sistemas-normativos-indigenas\/"]}]},{"@type":"ImageObject","inLanguage":"es","@id":"https:\/\/cvnoticias.com\/nuevapagina\/index.php\/2025\/12\/18\/congreso-de-oaxaca-reconoce-la-competencia-de-las-asambleas-comunitarias-para-decidir-el-cambio-de-denominacion-en-municipios-que-se-rigen-por-sistemas-normativos-indigenas\/#primaryimage","url":"https:\/\/cvnoticias.com\/nuevapagina\/wp-content\/uploads\/2025\/12\/WhatsApp-Image-2025-12-17-at-8.55.29-PM.jpeg","contentUrl":"https:\/\/cvnoticias.com\/nuevapagina\/wp-content\/uploads\/2025\/12\/WhatsApp-Image-2025-12-17-at-8.55.29-PM.jpeg","width":1280,"height":853},{"@type":"BreadcrumbList","@id":"https:\/\/cvnoticias.com\/nuevapagina\/index.php\/2025\/12\/18\/congreso-de-oaxaca-reconoce-la-competencia-de-las-asambleas-comunitarias-para-decidir-el-cambio-de-denominacion-en-municipios-que-se-rigen-por-sistemas-normativos-indigenas\/#breadcrumb","itemListElement":[{"@type":"ListItem","position":1,"name":"Portada","item":"https:\/\/cvnoticias.com\/nuevapagina\/"},{"@type":"ListItem","position":2,"name":"Congreso de Oaxaca reconoce la competencia de las asambleas comunitarias para decidir el cambio de denominaci\u00f3n en municipios que se rigen por Sistemas Normativos Ind\u00edgenas"}]},{"@type":"WebSite","@id":"https:\/\/cvnoticias.com\/nuevapagina\/#website","url":"https:\/\/cvnoticias.com\/nuevapagina\/","name":"CV Noticias","description":"Noticias de Oaxaca","publisher":{"@id":"https:\/\/cvnoticias.com\/nuevapagina\/#organization"},"potentialAction":[{"@type":"SearchAction","target":{"@type":"EntryPoint","urlTemplate":"https:\/\/cvnoticias.com\/nuevapagina\/?s={search_term_string}"},"query-input":{"@type":"PropertyValueSpecification","valueRequired":true,"valueName":"search_term_string"}}],"inLanguage":"es"},{"@type":"Organization","@id":"https:\/\/cvnoticias.com\/nuevapagina\/#organization","name":"CV Noticias","url":"https:\/\/cvnoticias.com\/nuevapagina\/","logo":{"@type":"ImageObject","inLanguage":"es","@id":"https:\/\/cvnoticias.com\/nuevapagina\/#\/schema\/logo\/image\/","url":"https:\/\/cvnoticias.com\/nuevapagina\/wp-content\/uploads\/2025\/05\/cropped-logo-1.png","contentUrl":"https:\/\/cvnoticias.com\/nuevapagina\/wp-content\/uploads\/2025\/05\/cropped-logo-1.png","width":320,"height":118,"caption":"CV Noticias"},"image":{"@id":"https:\/\/cvnoticias.com\/nuevapagina\/#\/schema\/logo\/image\/"}},{"@type":"Person","@id":"https:\/\/cvnoticias.com\/nuevapagina\/#\/schema\/person\/19e35f246421a31486be7321065f7463","name":"CvNoticias","image":{"@type":"ImageObject","inLanguage":"es","@id":"https:\/\/secure.gravatar.com\/avatar\/c3a4375d38fd8f9b34ac9e853cb706a079817c78f9a39e33b16a2b2b2e51688a?s=96&d=mm&r=g","url":"https:\/\/secure.gravatar.com\/avatar\/c3a4375d38fd8f9b34ac9e853cb706a079817c78f9a39e33b16a2b2b2e51688a?s=96&d=mm&r=g","contentUrl":"https:\/\/secure.gravatar.com\/avatar\/c3a4375d38fd8f9b34ac9e853cb706a079817c78f9a39e33b16a2b2b2e51688a?s=96&d=mm&r=g","caption":"CvNoticias"},"url":"https:\/\/cvnoticias.com\/nuevapagina\/index.php\/author\/gesner\/"}]}},"_links":{"self":[{"href":"https:\/\/cvnoticias.com\/nuevapagina\/index.php\/wp-json\/wp\/v2\/posts\/4456","targetHints":{"allow":["GET"]}}],"collection":[{"href":"https:\/\/cvnoticias.com\/nuevapagina\/index.php\/wp-json\/wp\/v2\/posts"}],"about":[{"href":"https:\/\/cvnoticias.com\/nuevapagina\/index.php\/wp-json\/wp\/v2\/types\/post"}],"author":[{"embeddable":true,"href":"https:\/\/cvnoticias.com\/nuevapagina\/index.php\/wp-json\/wp\/v2\/users\/2"}],"replies":[{"embeddable":true,"href":"https:\/\/cvnoticias.com\/nuevapagina\/index.php\/wp-json\/wp\/v2\/comments?post=4456"}],"version-history":[{"count":1,"href":"https:\/\/cvnoticias.com\/nuevapagina\/index.php\/wp-json\/wp\/v2\/posts\/4456\/revisions"}],"predecessor-version":[{"id":4464,"href":"https:\/\/cvnoticias.com\/nuevapagina\/index.php\/wp-json\/wp\/v2\/posts\/4456\/revisions\/4464"}],"wp:featuredmedia":[{"embeddable":true,"href":"https:\/\/cvnoticias.com\/nuevapagina\/index.php\/wp-json\/wp\/v2\/media\/4463"}],"wp:attachment":[{"href":"https:\/\/cvnoticias.com\/nuevapagina\/index.php\/wp-json\/wp\/v2\/media?parent=4456"}],"wp:term":[{"taxonomy":"category","embeddable":true,"href":"https:\/\/cvnoticias.com\/nuevapagina\/index.php\/wp-json\/wp\/v2\/categories?post=4456"},{"taxonomy":"post_tag","embeddable":true,"href":"https:\/\/cvnoticias.com\/nuevapagina\/index.php\/wp-json\/wp\/v2\/tags?post=4456"}],"curies":[{"name":"wp","href":"https:\/\/api.w.org\/{rel}","templated":true}]}}