{"id":4454,"date":"2025-12-18T13:03:19","date_gmt":"2025-12-18T13:03:19","guid":{"rendered":"https:\/\/cvnoticias.com\/nuevapagina\/?p=4454"},"modified":"2025-12-18T13:03:21","modified_gmt":"2025-12-18T13:03:21","slug":"periodo-vacacional-para-comunidad-de-la-uabjo-inicia-manana-18-de-diciembre","status":"publish","type":"post","link":"https:\/\/cvnoticias.com\/nuevapagina\/index.php\/2025\/12\/18\/periodo-vacacional-para-comunidad-de-la-uabjo-inicia-manana-18-de-diciembre\/","title":{"rendered":"Periodo vacacional para comunidad de la UABJO inicia ma\u00f1ana 18 de diciembre"},"content":{"rendered":"\n<p>\u2022 El tercer periodo vacacional concluir\u00e1 el 04 de enero de 2026<\/p>\n\n\n\n<p>Oaxaca de Ju\u00e1rez, Oax., a 17 de diciembre de 2025.- 27 mil estudiantes de nivel medio superior, superior y posgrado, as\u00ed como personal docente, administrativo y de servicios de la Universidad Aut\u00f3noma \u201cBenito Ju\u00e1rez\u201d de Oaxaca, gozar\u00e1n a partir de ma\u00f1ana 18 de diciembre del periodo vacacional de invierno, que concluir\u00e1 el pr\u00f3ximo 04 de enero, seg\u00fan oficio girado por la Secretar\u00eda Administrativa de esta Casa de Estudios.<\/p>\n\n\n\n<p>De esta manera las 19 facultades, tres institutos, el Centro de Educaci\u00f3n Continua, Abierta y a Distancia, ocho Escuelas Preparatorias y las siete subsedes en las diversas regiones del estado, pausar\u00e1n sus actividades acad\u00e9mico \u2013 administrativas, a excepci\u00f3n de algunos laboratorios que mantienen trabajos de investigaci\u00f3n, as\u00ed como las labores del personal encargado de la vigilancia y seguridad del patrimonio universitario.<\/p>\n\n\n\n<p>El rector de la UABJO LCP. Cristian Carre\u00f1o L\u00f3pez, dese\u00f3 a la comunidad universitaria unas felices fiestas decembrinas disfrutando la compa\u00f1\u00eda de familiares y amistades e invit\u00f3 a renovar fuerzas y metas para el pr\u00f3ximo a\u00f1o.<\/p>\n\n\n\n<p>La UABJO invita a su comunidad a mantenerse informada a trav\u00e9s de los canales oficiales, y a seguir sus redes sociales institucionales en Facebook: UABJO Universidad Aut\u00f3noma \u201cBenito Ju\u00e1rez\u201d de Oaxaca y @launi.oficial en Instagram y TikTok. \u00a1Que disfruten sus vacaciones y felices fiestas!<\/p>\n\n\n\n<p>\u201cIdentidad y pertenencia\u201d<br>InmensamenteUABJO<br>SomosPresenteyFuturo<br>TerritorioUABJO<\/p>\n","protected":false},"excerpt":{"rendered":"<p>\u2022 El tercer periodo vacacional concluir\u00e1 el 04 de enero de 2026 Oaxaca de Ju\u00e1rez,&#8230;<\/p>\n","protected":false},"author":2,"featured_media":4442,"comment_status":"open","ping_status":"closed","sticky":false,"template":"","format":"standard","meta":{"footnotes":""},"categories":[3],"tags":[],"class_list":["post-4454","post","type-post","status-publish","format-standard","has-post-thumbnail","hentry","category-comunicadosdeprensa"],"yoast_head":"<!-- This site is optimized with the Yoast SEO plugin v27.5 - https:\/\/yoast.com\/product\/yoast-seo-wordpress\/ -->\n<title>Periodo vacacional para comunidad de la UABJO inicia ma\u00f1ana 18 de diciembre - CV Noticias<\/title>\n<meta name=\"robots\" content=\"index, follow, max-snippet:-1, max-image-preview:large, max-video-preview:-1\" \/>\n<link rel=\"canonical\" href=\"https:\/\/cvnoticias.com\/nuevapagina\/index.php\/2025\/12\/18\/periodo-vacacional-para-comunidad-de-la-uabjo-inicia-manana-18-de-diciembre\/\" \/>\n<meta property=\"og:locale\" content=\"es_ES\" \/>\n<meta property=\"og:type\" content=\"article\" \/>\n<meta property=\"og:title\" content=\"Periodo vacacional para comunidad de la UABJO inicia ma\u00f1ana 18 de diciembre - CV Noticias\" \/>\n<meta property=\"og:description\" content=\"\u2022 El tercer periodo vacacional concluir\u00e1 el 04 de enero de 2026 Oaxaca de Ju\u00e1rez,...\" \/>\n<meta property=\"og:url\" content=\"https:\/\/cvnoticias.com\/nuevapagina\/index.php\/2025\/12\/18\/periodo-vacacional-para-comunidad-de-la-uabjo-inicia-manana-18-de-diciembre\/\" \/>\n<meta property=\"og:site_name\" content=\"CV Noticias\" \/>\n<meta property=\"article:published_time\" content=\"2025-12-18T13:03:19+00:00\" \/>\n<meta property=\"article:modified_time\" content=\"2025-12-18T13:03:21+00:00\" \/>\n<meta property=\"og:image\" content=\"https:\/\/cvnoticias.com\/nuevapagina\/wp-content\/uploads\/2025\/12\/WhatsApp-Image-2025-12-17-at-8.55.43-AM.jpeg\" \/>\n\t<meta property=\"og:image:width\" content=\"1600\" \/>\n\t<meta property=\"og:image:height\" content=\"1202\" \/>\n\t<meta property=\"og:image:type\" content=\"image\/jpeg\" \/>\n<meta name=\"author\" content=\"CvNoticias\" \/>\n<meta name=\"twitter:card\" content=\"summary_large_image\" \/>\n<meta name=\"twitter:label1\" content=\"Escrito por\" \/>\n\t<meta name=\"twitter:data1\" content=\"CvNoticias\" \/>\n\t<meta name=\"twitter:label2\" content=\"Tiempo de lectura\" \/>\n\t<meta name=\"twitter:data2\" content=\"2 minutos\" \/>\n<script type=\"application\/ld+json\" class=\"yoast-schema-graph\">{\"@context\":\"https:\\\/\\\/schema.org\",\"@graph\":[{\"@type\":\"Article\",\"@id\":\"https:\\\/\\\/cvnoticias.com\\\/nuevapagina\\\/index.php\\\/2025\\\/12\\\/18\\\/periodo-vacacional-para-comunidad-de-la-uabjo-inicia-manana-18-de-diciembre\\\/#article\",\"isPartOf\":{\"@id\":\"https:\\\/\\\/cvnoticias.com\\\/nuevapagina\\\/index.php\\\/2025\\\/12\\\/18\\\/periodo-vacacional-para-comunidad-de-la-uabjo-inicia-manana-18-de-diciembre\\\/\"},\"author\":{\"name\":\"CvNoticias\",\"@id\":\"https:\\\/\\\/cvnoticias.com\\\/nuevapagina\\\/#\\\/schema\\\/person\\\/19e35f246421a31486be7321065f7463\"},\"headline\":\"Periodo vacacional para comunidad de la UABJO inicia ma\u00f1ana 18 de diciembre\",\"datePublished\":\"2025-12-18T13:03:19+00:00\",\"dateModified\":\"2025-12-18T13:03:21+00:00\",\"mainEntityOfPage\":{\"@id\":\"https:\\\/\\\/cvnoticias.com\\\/nuevapagina\\\/index.php\\\/2025\\\/12\\\/18\\\/periodo-vacacional-para-comunidad-de-la-uabjo-inicia-manana-18-de-diciembre\\\/\"},\"wordCount\":250,\"commentCount\":0,\"publisher\":{\"@id\":\"https:\\\/\\\/cvnoticias.com\\\/nuevapagina\\\/#organization\"},\"image\":{\"@id\":\"https:\\\/\\\/cvnoticias.com\\\/nuevapagina\\\/index.php\\\/2025\\\/12\\\/18\\\/periodo-vacacional-para-comunidad-de-la-uabjo-inicia-manana-18-de-diciembre\\\/#primaryimage\"},\"thumbnailUrl\":\"https:\\\/\\\/cvnoticias.com\\\/nuevapagina\\\/wp-content\\\/uploads\\\/2025\\\/12\\\/WhatsApp-Image-2025-12-17-at-8.55.43-AM.jpeg\",\"articleSection\":[\"Comunicados\"],\"inLanguage\":\"es\",\"potentialAction\":[{\"@type\":\"CommentAction\",\"name\":\"Comment\",\"target\":[\"https:\\\/\\\/cvnoticias.com\\\/nuevapagina\\\/index.php\\\/2025\\\/12\\\/18\\\/periodo-vacacional-para-comunidad-de-la-uabjo-inicia-manana-18-de-diciembre\\\/#respond\"]}]},{\"@type\":\"WebPage\",\"@id\":\"https:\\\/\\\/cvnoticias.com\\\/nuevapagina\\\/index.php\\\/2025\\\/12\\\/18\\\/periodo-vacacional-para-comunidad-de-la-uabjo-inicia-manana-18-de-diciembre\\\/\",\"url\":\"https:\\\/\\\/cvnoticias.com\\\/nuevapagina\\\/index.php\\\/2025\\\/12\\\/18\\\/periodo-vacacional-para-comunidad-de-la-uabjo-inicia-manana-18-de-diciembre\\\/\",\"name\":\"Periodo vacacional para comunidad de la UABJO inicia ma\u00f1ana 18 de diciembre - CV Noticias\",\"isPartOf\":{\"@id\":\"https:\\\/\\\/cvnoticias.com\\\/nuevapagina\\\/#website\"},\"primaryImageOfPage\":{\"@id\":\"https:\\\/\\\/cvnoticias.com\\\/nuevapagina\\\/index.php\\\/2025\\\/12\\\/18\\\/periodo-vacacional-para-comunidad-de-la-uabjo-inicia-manana-18-de-diciembre\\\/#primaryimage\"},\"image\":{\"@id\":\"https:\\\/\\\/cvnoticias.com\\\/nuevapagina\\\/index.php\\\/2025\\\/12\\\/18\\\/periodo-vacacional-para-comunidad-de-la-uabjo-inicia-manana-18-de-diciembre\\\/#primaryimage\"},\"thumbnailUrl\":\"https:\\\/\\\/cvnoticias.com\\\/nuevapagina\\\/wp-content\\\/uploads\\\/2025\\\/12\\\/WhatsApp-Image-2025-12-17-at-8.55.43-AM.jpeg\",\"datePublished\":\"2025-12-18T13:03:19+00:00\",\"dateModified\":\"2025-12-18T13:03:21+00:00\",\"breadcrumb\":{\"@id\":\"https:\\\/\\\/cvnoticias.com\\\/nuevapagina\\\/index.php\\\/2025\\\/12\\\/18\\\/periodo-vacacional-para-comunidad-de-la-uabjo-inicia-manana-18-de-diciembre\\\/#breadcrumb\"},\"inLanguage\":\"es\",\"potentialAction\":[{\"@type\":\"ReadAction\",\"target\":[\"https:\\\/\\\/cvnoticias.com\\\/nuevapagina\\\/index.php\\\/2025\\\/12\\\/18\\\/periodo-vacacional-para-comunidad-de-la-uabjo-inicia-manana-18-de-diciembre\\\/\"]}]},{\"@type\":\"ImageObject\",\"inLanguage\":\"es\",\"@id\":\"https:\\\/\\\/cvnoticias.com\\\/nuevapagina\\\/index.php\\\/2025\\\/12\\\/18\\\/periodo-vacacional-para-comunidad-de-la-uabjo-inicia-manana-18-de-diciembre\\\/#primaryimage\",\"url\":\"https:\\\/\\\/cvnoticias.com\\\/nuevapagina\\\/wp-content\\\/uploads\\\/2025\\\/12\\\/WhatsApp-Image-2025-12-17-at-8.55.43-AM.jpeg\",\"contentUrl\":\"https:\\\/\\\/cvnoticias.com\\\/nuevapagina\\\/wp-content\\\/uploads\\\/2025\\\/12\\\/WhatsApp-Image-2025-12-17-at-8.55.43-AM.jpeg\",\"width\":1600,\"height\":1202},{\"@type\":\"BreadcrumbList\",\"@id\":\"https:\\\/\\\/cvnoticias.com\\\/nuevapagina\\\/index.php\\\/2025\\\/12\\\/18\\\/periodo-vacacional-para-comunidad-de-la-uabjo-inicia-manana-18-de-diciembre\\\/#breadcrumb\",\"itemListElement\":[{\"@type\":\"ListItem\",\"position\":1,\"name\":\"Portada\",\"item\":\"https:\\\/\\\/cvnoticias.com\\\/nuevapagina\\\/\"},{\"@type\":\"ListItem\",\"position\":2,\"name\":\"Periodo vacacional para comunidad de la UABJO inicia ma\u00f1ana 18 de diciembre\"}]},{\"@type\":\"WebSite\",\"@id\":\"https:\\\/\\\/cvnoticias.com\\\/nuevapagina\\\/#website\",\"url\":\"https:\\\/\\\/cvnoticias.com\\\/nuevapagina\\\/\",\"name\":\"CV Noticias\",\"description\":\"Noticias de Oaxaca\",\"publisher\":{\"@id\":\"https:\\\/\\\/cvnoticias.com\\\/nuevapagina\\\/#organization\"},\"potentialAction\":[{\"@type\":\"SearchAction\",\"target\":{\"@type\":\"EntryPoint\",\"urlTemplate\":\"https:\\\/\\\/cvnoticias.com\\\/nuevapagina\\\/?s={search_term_string}\"},\"query-input\":{\"@type\":\"PropertyValueSpecification\",\"valueRequired\":true,\"valueName\":\"search_term_string\"}}],\"inLanguage\":\"es\"},{\"@type\":\"Organization\",\"@id\":\"https:\\\/\\\/cvnoticias.com\\\/nuevapagina\\\/#organization\",\"name\":\"CV Noticias\",\"url\":\"https:\\\/\\\/cvnoticias.com\\\/nuevapagina\\\/\",\"logo\":{\"@type\":\"ImageObject\",\"inLanguage\":\"es\",\"@id\":\"https:\\\/\\\/cvnoticias.com\\\/nuevapagina\\\/#\\\/schema\\\/logo\\\/image\\\/\",\"url\":\"https:\\\/\\\/cvnoticias.com\\\/nuevapagina\\\/wp-content\\\/uploads\\\/2025\\\/05\\\/cropped-logo-1.png\",\"contentUrl\":\"https:\\\/\\\/cvnoticias.com\\\/nuevapagina\\\/wp-content\\\/uploads\\\/2025\\\/05\\\/cropped-logo-1.png\",\"width\":320,\"height\":118,\"caption\":\"CV Noticias\"},\"image\":{\"@id\":\"https:\\\/\\\/cvnoticias.com\\\/nuevapagina\\\/#\\\/schema\\\/logo\\\/image\\\/\"}},{\"@type\":\"Person\",\"@id\":\"https:\\\/\\\/cvnoticias.com\\\/nuevapagina\\\/#\\\/schema\\\/person\\\/19e35f246421a31486be7321065f7463\",\"name\":\"CvNoticias\",\"image\":{\"@type\":\"ImageObject\",\"inLanguage\":\"es\",\"@id\":\"https:\\\/\\\/secure.gravatar.com\\\/avatar\\\/c3a4375d38fd8f9b34ac9e853cb706a079817c78f9a39e33b16a2b2b2e51688a?s=96&d=mm&r=g\",\"url\":\"https:\\\/\\\/secure.gravatar.com\\\/avatar\\\/c3a4375d38fd8f9b34ac9e853cb706a079817c78f9a39e33b16a2b2b2e51688a?s=96&d=mm&r=g\",\"contentUrl\":\"https:\\\/\\\/secure.gravatar.com\\\/avatar\\\/c3a4375d38fd8f9b34ac9e853cb706a079817c78f9a39e33b16a2b2b2e51688a?s=96&d=mm&r=g\",\"caption\":\"CvNoticias\"},\"url\":\"https:\\\/\\\/cvnoticias.com\\\/nuevapagina\\\/index.php\\\/author\\\/gesner\\\/\"}]}<\/script>\n<!-- \/ Yoast SEO plugin. -->","yoast_head_json":{"title":"Periodo vacacional para comunidad de la UABJO inicia ma\u00f1ana 18 de diciembre - CV Noticias","robots":{"index":"index","follow":"follow","max-snippet":"max-snippet:-1","max-image-preview":"max-image-preview:large","max-video-preview":"max-video-preview:-1"},"canonical":"https:\/\/cvnoticias.com\/nuevapagina\/index.php\/2025\/12\/18\/periodo-vacacional-para-comunidad-de-la-uabjo-inicia-manana-18-de-diciembre\/","og_locale":"es_ES","og_type":"article","og_title":"Periodo vacacional para comunidad de la UABJO inicia ma\u00f1ana 18 de diciembre - CV Noticias","og_description":"\u2022 El tercer periodo vacacional concluir\u00e1 el 04 de enero de 2026 Oaxaca de Ju\u00e1rez,...","og_url":"https:\/\/cvnoticias.com\/nuevapagina\/index.php\/2025\/12\/18\/periodo-vacacional-para-comunidad-de-la-uabjo-inicia-manana-18-de-diciembre\/","og_site_name":"CV Noticias","article_published_time":"2025-12-18T13:03:19+00:00","article_modified_time":"2025-12-18T13:03:21+00:00","og_image":[{"width":1600,"height":1202,"url":"https:\/\/cvnoticias.com\/nuevapagina\/wp-content\/uploads\/2025\/12\/WhatsApp-Image-2025-12-17-at-8.55.43-AM.jpeg","type":"image\/jpeg"}],"author":"CvNoticias","twitter_card":"summary_large_image","twitter_misc":{"Escrito por":"CvNoticias","Tiempo de lectura":"2 minutos"},"schema":{"@context":"https:\/\/schema.org","@graph":[{"@type":"Article","@id":"https:\/\/cvnoticias.com\/nuevapagina\/index.php\/2025\/12\/18\/periodo-vacacional-para-comunidad-de-la-uabjo-inicia-manana-18-de-diciembre\/#article","isPartOf":{"@id":"https:\/\/cvnoticias.com\/nuevapagina\/index.php\/2025\/12\/18\/periodo-vacacional-para-comunidad-de-la-uabjo-inicia-manana-18-de-diciembre\/"},"author":{"name":"CvNoticias","@id":"https:\/\/cvnoticias.com\/nuevapagina\/#\/schema\/person\/19e35f246421a31486be7321065f7463"},"headline":"Periodo vacacional para comunidad de la UABJO inicia ma\u00f1ana 18 de diciembre","datePublished":"2025-12-18T13:03:19+00:00","dateModified":"2025-12-18T13:03:21+00:00","mainEntityOfPage":{"@id":"https:\/\/cvnoticias.com\/nuevapagina\/index.php\/2025\/12\/18\/periodo-vacacional-para-comunidad-de-la-uabjo-inicia-manana-18-de-diciembre\/"},"wordCount":250,"commentCount":0,"publisher":{"@id":"https:\/\/cvnoticias.com\/nuevapagina\/#organization"},"image":{"@id":"https:\/\/cvnoticias.com\/nuevapagina\/index.php\/2025\/12\/18\/periodo-vacacional-para-comunidad-de-la-uabjo-inicia-manana-18-de-diciembre\/#primaryimage"},"thumbnailUrl":"https:\/\/cvnoticias.com\/nuevapagina\/wp-content\/uploads\/2025\/12\/WhatsApp-Image-2025-12-17-at-8.55.43-AM.jpeg","articleSection":["Comunicados"],"inLanguage":"es","potentialAction":[{"@type":"CommentAction","name":"Comment","target":["https:\/\/cvnoticias.com\/nuevapagina\/index.php\/2025\/12\/18\/periodo-vacacional-para-comunidad-de-la-uabjo-inicia-manana-18-de-diciembre\/#respond"]}]},{"@type":"WebPage","@id":"https:\/\/cvnoticias.com\/nuevapagina\/index.php\/2025\/12\/18\/periodo-vacacional-para-comunidad-de-la-uabjo-inicia-manana-18-de-diciembre\/","url":"https:\/\/cvnoticias.com\/nuevapagina\/index.php\/2025\/12\/18\/periodo-vacacional-para-comunidad-de-la-uabjo-inicia-manana-18-de-diciembre\/","name":"Periodo vacacional para comunidad de la UABJO inicia ma\u00f1ana 18 de diciembre - CV Noticias","isPartOf":{"@id":"https:\/\/cvnoticias.com\/nuevapagina\/#website"},"primaryImageOfPage":{"@id":"https:\/\/cvnoticias.com\/nuevapagina\/index.php\/2025\/12\/18\/periodo-vacacional-para-comunidad-de-la-uabjo-inicia-manana-18-de-diciembre\/#primaryimage"},"image":{"@id":"https:\/\/cvnoticias.com\/nuevapagina\/index.php\/2025\/12\/18\/periodo-vacacional-para-comunidad-de-la-uabjo-inicia-manana-18-de-diciembre\/#primaryimage"},"thumbnailUrl":"https:\/\/cvnoticias.com\/nuevapagina\/wp-content\/uploads\/2025\/12\/WhatsApp-Image-2025-12-17-at-8.55.43-AM.jpeg","datePublished":"2025-12-18T13:03:19+00:00","dateModified":"2025-12-18T13:03:21+00:00","breadcrumb":{"@id":"https:\/\/cvnoticias.com\/nuevapagina\/index.php\/2025\/12\/18\/periodo-vacacional-para-comunidad-de-la-uabjo-inicia-manana-18-de-diciembre\/#breadcrumb"},"inLanguage":"es","potentialAction":[{"@type":"ReadAction","target":["https:\/\/cvnoticias.com\/nuevapagina\/index.php\/2025\/12\/18\/periodo-vacacional-para-comunidad-de-la-uabjo-inicia-manana-18-de-diciembre\/"]}]},{"@type":"ImageObject","inLanguage":"es","@id":"https:\/\/cvnoticias.com\/nuevapagina\/index.php\/2025\/12\/18\/periodo-vacacional-para-comunidad-de-la-uabjo-inicia-manana-18-de-diciembre\/#primaryimage","url":"https:\/\/cvnoticias.com\/nuevapagina\/wp-content\/uploads\/2025\/12\/WhatsApp-Image-2025-12-17-at-8.55.43-AM.jpeg","contentUrl":"https:\/\/cvnoticias.com\/nuevapagina\/wp-content\/uploads\/2025\/12\/WhatsApp-Image-2025-12-17-at-8.55.43-AM.jpeg","width":1600,"height":1202},{"@type":"BreadcrumbList","@id":"https:\/\/cvnoticias.com\/nuevapagina\/index.php\/2025\/12\/18\/periodo-vacacional-para-comunidad-de-la-uabjo-inicia-manana-18-de-diciembre\/#breadcrumb","itemListElement":[{"@type":"ListItem","position":1,"name":"Portada","item":"https:\/\/cvnoticias.com\/nuevapagina\/"},{"@type":"ListItem","position":2,"name":"Periodo vacacional para comunidad de la UABJO inicia ma\u00f1ana 18 de diciembre"}]},{"@type":"WebSite","@id":"https:\/\/cvnoticias.com\/nuevapagina\/#website","url":"https:\/\/cvnoticias.com\/nuevapagina\/","name":"CV Noticias","description":"Noticias de Oaxaca","publisher":{"@id":"https:\/\/cvnoticias.com\/nuevapagina\/#organization"},"potentialAction":[{"@type":"SearchAction","target":{"@type":"EntryPoint","urlTemplate":"https:\/\/cvnoticias.com\/nuevapagina\/?s={search_term_string}"},"query-input":{"@type":"PropertyValueSpecification","valueRequired":true,"valueName":"search_term_string"}}],"inLanguage":"es"},{"@type":"Organization","@id":"https:\/\/cvnoticias.com\/nuevapagina\/#organization","name":"CV Noticias","url":"https:\/\/cvnoticias.com\/nuevapagina\/","logo":{"@type":"ImageObject","inLanguage":"es","@id":"https:\/\/cvnoticias.com\/nuevapagina\/#\/schema\/logo\/image\/","url":"https:\/\/cvnoticias.com\/nuevapagina\/wp-content\/uploads\/2025\/05\/cropped-logo-1.png","contentUrl":"https:\/\/cvnoticias.com\/nuevapagina\/wp-content\/uploads\/2025\/05\/cropped-logo-1.png","width":320,"height":118,"caption":"CV Noticias"},"image":{"@id":"https:\/\/cvnoticias.com\/nuevapagina\/#\/schema\/logo\/image\/"}},{"@type":"Person","@id":"https:\/\/cvnoticias.com\/nuevapagina\/#\/schema\/person\/19e35f246421a31486be7321065f7463","name":"CvNoticias","image":{"@type":"ImageObject","inLanguage":"es","@id":"https:\/\/secure.gravatar.com\/avatar\/c3a4375d38fd8f9b34ac9e853cb706a079817c78f9a39e33b16a2b2b2e51688a?s=96&d=mm&r=g","url":"https:\/\/secure.gravatar.com\/avatar\/c3a4375d38fd8f9b34ac9e853cb706a079817c78f9a39e33b16a2b2b2e51688a?s=96&d=mm&r=g","contentUrl":"https:\/\/secure.gravatar.com\/avatar\/c3a4375d38fd8f9b34ac9e853cb706a079817c78f9a39e33b16a2b2b2e51688a?s=96&d=mm&r=g","caption":"CvNoticias"},"url":"https:\/\/cvnoticias.com\/nuevapagina\/index.php\/author\/gesner\/"}]}},"_links":{"self":[{"href":"https:\/\/cvnoticias.com\/nuevapagina\/index.php\/wp-json\/wp\/v2\/posts\/4454","targetHints":{"allow":["GET"]}}],"collection":[{"href":"https:\/\/cvnoticias.com\/nuevapagina\/index.php\/wp-json\/wp\/v2\/posts"}],"about":[{"href":"https:\/\/cvnoticias.com\/nuevapagina\/index.php\/wp-json\/wp\/v2\/types\/post"}],"author":[{"embeddable":true,"href":"https:\/\/cvnoticias.com\/nuevapagina\/index.php\/wp-json\/wp\/v2\/users\/2"}],"replies":[{"embeddable":true,"href":"https:\/\/cvnoticias.com\/nuevapagina\/index.php\/wp-json\/wp\/v2\/comments?post=4454"}],"version-history":[{"count":1,"href":"https:\/\/cvnoticias.com\/nuevapagina\/index.php\/wp-json\/wp\/v2\/posts\/4454\/revisions"}],"predecessor-version":[{"id":4455,"href":"https:\/\/cvnoticias.com\/nuevapagina\/index.php\/wp-json\/wp\/v2\/posts\/4454\/revisions\/4455"}],"wp:featuredmedia":[{"embeddable":true,"href":"https:\/\/cvnoticias.com\/nuevapagina\/index.php\/wp-json\/wp\/v2\/media\/4442"}],"wp:attachment":[{"href":"https:\/\/cvnoticias.com\/nuevapagina\/index.php\/wp-json\/wp\/v2\/media?parent=4454"}],"wp:term":[{"taxonomy":"category","embeddable":true,"href":"https:\/\/cvnoticias.com\/nuevapagina\/index.php\/wp-json\/wp\/v2\/categories?post=4454"},{"taxonomy":"post_tag","embeddable":true,"href":"https:\/\/cvnoticias.com\/nuevapagina\/index.php\/wp-json\/wp\/v2\/tags?post=4454"}],"curies":[{"name":"wp","href":"https:\/\/api.w.org\/{rel}","templated":true}]}}