{"id":4431,"date":"2025-12-18T12:49:09","date_gmt":"2025-12-18T12:49:09","guid":{"rendered":"https:\/\/cvnoticias.com\/nuevapagina\/?p=4431"},"modified":"2025-12-18T12:49:10","modified_gmt":"2025-12-18T12:49:10","slug":"seguridad-y-limpieza-se-refuerzan-en-el-centro-historico-de-oaxaca-de-juarez","status":"publish","type":"post","link":"https:\/\/cvnoticias.com\/nuevapagina\/index.php\/2025\/12\/18\/seguridad-y-limpieza-se-refuerzan-en-el-centro-historico-de-oaxaca-de-juarez\/","title":{"rendered":"Seguridad y limpieza se refuerzan en el Centro Hist\u00f3rico de Oaxaca de Ju\u00e1rez"},"content":{"rendered":"\n<p><\/p>\n\n\n\n<ul class=\"wp-block-list\">\n<li>Brigadas municipales realizan recorridos permanentes para el cuidado del espacio p\u00fablico durante las festividades<\/li>\n<\/ul>\n\n\n\n<p>Oaxaca de Ju\u00e1rez, Oax. 15 de diciembre de 2025.- Brigadas de trabajadoras y trabajadores del Ayuntamiento de Oaxaca de Ju\u00e1rez han realizado recorridos en el Centro Hist\u00f3rico para fortalecer el retiro de basura en calles del primer cuadro de la capital, como parte de las acciones integrales de seguridad y limpieza que se mantienen en esta zona de alta afluencia.<\/p>\n\n\n\n<p>Estos trabajos se desarrollan de manera coordinada con las y los trabajadores de limpia del Sindicato Independiente 3 de Marzo, reforzando las labores cotidianas que contribuyen a conservar una ciudad ordenada, segura y en buenas condiciones para vecinas, vecinos y visitantes.<\/p>\n\n\n\n<p>Dando seguimiento a las instrucciones del Presidente Municipal Ray Chagoya, este operativo continuar\u00e1 durante las festividades decembrinas con la participaci\u00f3n conjunta de funcionariado municipal y del sindicato, a fin de fortalecer la presencia institucional y garantizar entornos limpios y seguros en el Centro Hist\u00f3rico.<\/p>\n\n\n\n<p>De esta manera, el cuidado y la seguridad de Oaxaca de Ju\u00e1rez se construye con trabajo constante en territorio y con la suma de esfuerzos, exhortando a la poblaci\u00f3n a evitar dejar basura en v\u00eda p\u00fablica.<\/p>\n","protected":false},"excerpt":{"rendered":"<p>Oaxaca de Ju\u00e1rez, Oax. 15 de diciembre de 2025.- Brigadas de trabajadoras y trabajadores del&#8230;<\/p>\n","protected":false},"author":2,"featured_media":4428,"comment_status":"open","ping_status":"closed","sticky":false,"template":"","format":"standard","meta":{"footnotes":""},"categories":[3],"tags":[],"class_list":["post-4431","post","type-post","status-publish","format-standard","has-post-thumbnail","hentry","category-comunicadosdeprensa"],"yoast_head":"<!-- This site is optimized with the Yoast SEO plugin v27.5 - https:\/\/yoast.com\/product\/yoast-seo-wordpress\/ -->\n<title>Seguridad y limpieza se refuerzan en el Centro Hist\u00f3rico de Oaxaca de Ju\u00e1rez - CV Noticias<\/title>\n<meta name=\"robots\" content=\"index, follow, max-snippet:-1, max-image-preview:large, max-video-preview:-1\" \/>\n<link rel=\"canonical\" href=\"https:\/\/cvnoticias.com\/nuevapagina\/index.php\/2025\/12\/18\/seguridad-y-limpieza-se-refuerzan-en-el-centro-historico-de-oaxaca-de-juarez\/\" \/>\n<meta property=\"og:locale\" content=\"es_ES\" \/>\n<meta property=\"og:type\" content=\"article\" \/>\n<meta property=\"og:title\" content=\"Seguridad y limpieza se refuerzan en el Centro Hist\u00f3rico de Oaxaca de Ju\u00e1rez - CV Noticias\" \/>\n<meta property=\"og:description\" content=\"Oaxaca de Ju\u00e1rez, Oax. 15 de diciembre de 2025.- Brigadas de trabajadoras y trabajadores del...\" \/>\n<meta property=\"og:url\" content=\"https:\/\/cvnoticias.com\/nuevapagina\/index.php\/2025\/12\/18\/seguridad-y-limpieza-se-refuerzan-en-el-centro-historico-de-oaxaca-de-juarez\/\" \/>\n<meta property=\"og:site_name\" content=\"CV Noticias\" \/>\n<meta property=\"article:published_time\" content=\"2025-12-18T12:49:09+00:00\" \/>\n<meta property=\"article:modified_time\" content=\"2025-12-18T12:49:10+00:00\" \/>\n<meta property=\"og:image\" content=\"https:\/\/cvnoticias.com\/nuevapagina\/wp-content\/uploads\/2025\/12\/WhatsApp-Image-2025-12-16-at-11.39.43-AM.jpeg\" \/>\n\t<meta property=\"og:image:width\" content=\"1280\" \/>\n\t<meta property=\"og:image:height\" content=\"853\" \/>\n\t<meta property=\"og:image:type\" content=\"image\/jpeg\" \/>\n<meta name=\"author\" content=\"CvNoticias\" \/>\n<meta name=\"twitter:card\" content=\"summary_large_image\" \/>\n<meta name=\"twitter:label1\" content=\"Escrito por\" \/>\n\t<meta name=\"twitter:data1\" content=\"CvNoticias\" \/>\n\t<meta name=\"twitter:label2\" content=\"Tiempo de lectura\" \/>\n\t<meta name=\"twitter:data2\" content=\"2 minutos\" \/>\n<script type=\"application\/ld+json\" class=\"yoast-schema-graph\">{\"@context\":\"https:\\\/\\\/schema.org\",\"@graph\":[{\"@type\":\"Article\",\"@id\":\"https:\\\/\\\/cvnoticias.com\\\/nuevapagina\\\/index.php\\\/2025\\\/12\\\/18\\\/seguridad-y-limpieza-se-refuerzan-en-el-centro-historico-de-oaxaca-de-juarez\\\/#article\",\"isPartOf\":{\"@id\":\"https:\\\/\\\/cvnoticias.com\\\/nuevapagina\\\/index.php\\\/2025\\\/12\\\/18\\\/seguridad-y-limpieza-se-refuerzan-en-el-centro-historico-de-oaxaca-de-juarez\\\/\"},\"author\":{\"name\":\"CvNoticias\",\"@id\":\"https:\\\/\\\/cvnoticias.com\\\/nuevapagina\\\/#\\\/schema\\\/person\\\/19e35f246421a31486be7321065f7463\"},\"headline\":\"Seguridad y limpieza se refuerzan en el Centro Hist\u00f3rico de Oaxaca de Ju\u00e1rez\",\"datePublished\":\"2025-12-18T12:49:09+00:00\",\"dateModified\":\"2025-12-18T12:49:10+00:00\",\"mainEntityOfPage\":{\"@id\":\"https:\\\/\\\/cvnoticias.com\\\/nuevapagina\\\/index.php\\\/2025\\\/12\\\/18\\\/seguridad-y-limpieza-se-refuerzan-en-el-centro-historico-de-oaxaca-de-juarez\\\/\"},\"wordCount\":218,\"commentCount\":0,\"publisher\":{\"@id\":\"https:\\\/\\\/cvnoticias.com\\\/nuevapagina\\\/#organization\"},\"image\":{\"@id\":\"https:\\\/\\\/cvnoticias.com\\\/nuevapagina\\\/index.php\\\/2025\\\/12\\\/18\\\/seguridad-y-limpieza-se-refuerzan-en-el-centro-historico-de-oaxaca-de-juarez\\\/#primaryimage\"},\"thumbnailUrl\":\"https:\\\/\\\/cvnoticias.com\\\/nuevapagina\\\/wp-content\\\/uploads\\\/2025\\\/12\\\/WhatsApp-Image-2025-12-16-at-11.39.43-AM.jpeg\",\"articleSection\":[\"Comunicados\"],\"inLanguage\":\"es\",\"potentialAction\":[{\"@type\":\"CommentAction\",\"name\":\"Comment\",\"target\":[\"https:\\\/\\\/cvnoticias.com\\\/nuevapagina\\\/index.php\\\/2025\\\/12\\\/18\\\/seguridad-y-limpieza-se-refuerzan-en-el-centro-historico-de-oaxaca-de-juarez\\\/#respond\"]}]},{\"@type\":\"WebPage\",\"@id\":\"https:\\\/\\\/cvnoticias.com\\\/nuevapagina\\\/index.php\\\/2025\\\/12\\\/18\\\/seguridad-y-limpieza-se-refuerzan-en-el-centro-historico-de-oaxaca-de-juarez\\\/\",\"url\":\"https:\\\/\\\/cvnoticias.com\\\/nuevapagina\\\/index.php\\\/2025\\\/12\\\/18\\\/seguridad-y-limpieza-se-refuerzan-en-el-centro-historico-de-oaxaca-de-juarez\\\/\",\"name\":\"Seguridad y limpieza se refuerzan en el Centro Hist\u00f3rico de Oaxaca de Ju\u00e1rez - CV Noticias\",\"isPartOf\":{\"@id\":\"https:\\\/\\\/cvnoticias.com\\\/nuevapagina\\\/#website\"},\"primaryImageOfPage\":{\"@id\":\"https:\\\/\\\/cvnoticias.com\\\/nuevapagina\\\/index.php\\\/2025\\\/12\\\/18\\\/seguridad-y-limpieza-se-refuerzan-en-el-centro-historico-de-oaxaca-de-juarez\\\/#primaryimage\"},\"image\":{\"@id\":\"https:\\\/\\\/cvnoticias.com\\\/nuevapagina\\\/index.php\\\/2025\\\/12\\\/18\\\/seguridad-y-limpieza-se-refuerzan-en-el-centro-historico-de-oaxaca-de-juarez\\\/#primaryimage\"},\"thumbnailUrl\":\"https:\\\/\\\/cvnoticias.com\\\/nuevapagina\\\/wp-content\\\/uploads\\\/2025\\\/12\\\/WhatsApp-Image-2025-12-16-at-11.39.43-AM.jpeg\",\"datePublished\":\"2025-12-18T12:49:09+00:00\",\"dateModified\":\"2025-12-18T12:49:10+00:00\",\"breadcrumb\":{\"@id\":\"https:\\\/\\\/cvnoticias.com\\\/nuevapagina\\\/index.php\\\/2025\\\/12\\\/18\\\/seguridad-y-limpieza-se-refuerzan-en-el-centro-historico-de-oaxaca-de-juarez\\\/#breadcrumb\"},\"inLanguage\":\"es\",\"potentialAction\":[{\"@type\":\"ReadAction\",\"target\":[\"https:\\\/\\\/cvnoticias.com\\\/nuevapagina\\\/index.php\\\/2025\\\/12\\\/18\\\/seguridad-y-limpieza-se-refuerzan-en-el-centro-historico-de-oaxaca-de-juarez\\\/\"]}]},{\"@type\":\"ImageObject\",\"inLanguage\":\"es\",\"@id\":\"https:\\\/\\\/cvnoticias.com\\\/nuevapagina\\\/index.php\\\/2025\\\/12\\\/18\\\/seguridad-y-limpieza-se-refuerzan-en-el-centro-historico-de-oaxaca-de-juarez\\\/#primaryimage\",\"url\":\"https:\\\/\\\/cvnoticias.com\\\/nuevapagina\\\/wp-content\\\/uploads\\\/2025\\\/12\\\/WhatsApp-Image-2025-12-16-at-11.39.43-AM.jpeg\",\"contentUrl\":\"https:\\\/\\\/cvnoticias.com\\\/nuevapagina\\\/wp-content\\\/uploads\\\/2025\\\/12\\\/WhatsApp-Image-2025-12-16-at-11.39.43-AM.jpeg\",\"width\":1280,\"height\":853},{\"@type\":\"BreadcrumbList\",\"@id\":\"https:\\\/\\\/cvnoticias.com\\\/nuevapagina\\\/index.php\\\/2025\\\/12\\\/18\\\/seguridad-y-limpieza-se-refuerzan-en-el-centro-historico-de-oaxaca-de-juarez\\\/#breadcrumb\",\"itemListElement\":[{\"@type\":\"ListItem\",\"position\":1,\"name\":\"Portada\",\"item\":\"https:\\\/\\\/cvnoticias.com\\\/nuevapagina\\\/\"},{\"@type\":\"ListItem\",\"position\":2,\"name\":\"Seguridad y limpieza se refuerzan en el Centro Hist\u00f3rico de Oaxaca de Ju\u00e1rez\"}]},{\"@type\":\"WebSite\",\"@id\":\"https:\\\/\\\/cvnoticias.com\\\/nuevapagina\\\/#website\",\"url\":\"https:\\\/\\\/cvnoticias.com\\\/nuevapagina\\\/\",\"name\":\"CV Noticias\",\"description\":\"Noticias de Oaxaca\",\"publisher\":{\"@id\":\"https:\\\/\\\/cvnoticias.com\\\/nuevapagina\\\/#organization\"},\"potentialAction\":[{\"@type\":\"SearchAction\",\"target\":{\"@type\":\"EntryPoint\",\"urlTemplate\":\"https:\\\/\\\/cvnoticias.com\\\/nuevapagina\\\/?s={search_term_string}\"},\"query-input\":{\"@type\":\"PropertyValueSpecification\",\"valueRequired\":true,\"valueName\":\"search_term_string\"}}],\"inLanguage\":\"es\"},{\"@type\":\"Organization\",\"@id\":\"https:\\\/\\\/cvnoticias.com\\\/nuevapagina\\\/#organization\",\"name\":\"CV Noticias\",\"url\":\"https:\\\/\\\/cvnoticias.com\\\/nuevapagina\\\/\",\"logo\":{\"@type\":\"ImageObject\",\"inLanguage\":\"es\",\"@id\":\"https:\\\/\\\/cvnoticias.com\\\/nuevapagina\\\/#\\\/schema\\\/logo\\\/image\\\/\",\"url\":\"https:\\\/\\\/cvnoticias.com\\\/nuevapagina\\\/wp-content\\\/uploads\\\/2025\\\/05\\\/cropped-logo-1.png\",\"contentUrl\":\"https:\\\/\\\/cvnoticias.com\\\/nuevapagina\\\/wp-content\\\/uploads\\\/2025\\\/05\\\/cropped-logo-1.png\",\"width\":320,\"height\":118,\"caption\":\"CV Noticias\"},\"image\":{\"@id\":\"https:\\\/\\\/cvnoticias.com\\\/nuevapagina\\\/#\\\/schema\\\/logo\\\/image\\\/\"}},{\"@type\":\"Person\",\"@id\":\"https:\\\/\\\/cvnoticias.com\\\/nuevapagina\\\/#\\\/schema\\\/person\\\/19e35f246421a31486be7321065f7463\",\"name\":\"CvNoticias\",\"image\":{\"@type\":\"ImageObject\",\"inLanguage\":\"es\",\"@id\":\"https:\\\/\\\/secure.gravatar.com\\\/avatar\\\/c3a4375d38fd8f9b34ac9e853cb706a079817c78f9a39e33b16a2b2b2e51688a?s=96&d=mm&r=g\",\"url\":\"https:\\\/\\\/secure.gravatar.com\\\/avatar\\\/c3a4375d38fd8f9b34ac9e853cb706a079817c78f9a39e33b16a2b2b2e51688a?s=96&d=mm&r=g\",\"contentUrl\":\"https:\\\/\\\/secure.gravatar.com\\\/avatar\\\/c3a4375d38fd8f9b34ac9e853cb706a079817c78f9a39e33b16a2b2b2e51688a?s=96&d=mm&r=g\",\"caption\":\"CvNoticias\"},\"url\":\"https:\\\/\\\/cvnoticias.com\\\/nuevapagina\\\/index.php\\\/author\\\/gesner\\\/\"}]}<\/script>\n<!-- \/ Yoast SEO plugin. -->","yoast_head_json":{"title":"Seguridad y limpieza se refuerzan en el Centro Hist\u00f3rico de Oaxaca de Ju\u00e1rez - CV Noticias","robots":{"index":"index","follow":"follow","max-snippet":"max-snippet:-1","max-image-preview":"max-image-preview:large","max-video-preview":"max-video-preview:-1"},"canonical":"https:\/\/cvnoticias.com\/nuevapagina\/index.php\/2025\/12\/18\/seguridad-y-limpieza-se-refuerzan-en-el-centro-historico-de-oaxaca-de-juarez\/","og_locale":"es_ES","og_type":"article","og_title":"Seguridad y limpieza se refuerzan en el Centro Hist\u00f3rico de Oaxaca de Ju\u00e1rez - CV Noticias","og_description":"Oaxaca de Ju\u00e1rez, Oax. 15 de diciembre de 2025.- Brigadas de trabajadoras y trabajadores del...","og_url":"https:\/\/cvnoticias.com\/nuevapagina\/index.php\/2025\/12\/18\/seguridad-y-limpieza-se-refuerzan-en-el-centro-historico-de-oaxaca-de-juarez\/","og_site_name":"CV Noticias","article_published_time":"2025-12-18T12:49:09+00:00","article_modified_time":"2025-12-18T12:49:10+00:00","og_image":[{"width":1280,"height":853,"url":"https:\/\/cvnoticias.com\/nuevapagina\/wp-content\/uploads\/2025\/12\/WhatsApp-Image-2025-12-16-at-11.39.43-AM.jpeg","type":"image\/jpeg"}],"author":"CvNoticias","twitter_card":"summary_large_image","twitter_misc":{"Escrito por":"CvNoticias","Tiempo de lectura":"2 minutos"},"schema":{"@context":"https:\/\/schema.org","@graph":[{"@type":"Article","@id":"https:\/\/cvnoticias.com\/nuevapagina\/index.php\/2025\/12\/18\/seguridad-y-limpieza-se-refuerzan-en-el-centro-historico-de-oaxaca-de-juarez\/#article","isPartOf":{"@id":"https:\/\/cvnoticias.com\/nuevapagina\/index.php\/2025\/12\/18\/seguridad-y-limpieza-se-refuerzan-en-el-centro-historico-de-oaxaca-de-juarez\/"},"author":{"name":"CvNoticias","@id":"https:\/\/cvnoticias.com\/nuevapagina\/#\/schema\/person\/19e35f246421a31486be7321065f7463"},"headline":"Seguridad y limpieza se refuerzan en el Centro Hist\u00f3rico de Oaxaca de Ju\u00e1rez","datePublished":"2025-12-18T12:49:09+00:00","dateModified":"2025-12-18T12:49:10+00:00","mainEntityOfPage":{"@id":"https:\/\/cvnoticias.com\/nuevapagina\/index.php\/2025\/12\/18\/seguridad-y-limpieza-se-refuerzan-en-el-centro-historico-de-oaxaca-de-juarez\/"},"wordCount":218,"commentCount":0,"publisher":{"@id":"https:\/\/cvnoticias.com\/nuevapagina\/#organization"},"image":{"@id":"https:\/\/cvnoticias.com\/nuevapagina\/index.php\/2025\/12\/18\/seguridad-y-limpieza-se-refuerzan-en-el-centro-historico-de-oaxaca-de-juarez\/#primaryimage"},"thumbnailUrl":"https:\/\/cvnoticias.com\/nuevapagina\/wp-content\/uploads\/2025\/12\/WhatsApp-Image-2025-12-16-at-11.39.43-AM.jpeg","articleSection":["Comunicados"],"inLanguage":"es","potentialAction":[{"@type":"CommentAction","name":"Comment","target":["https:\/\/cvnoticias.com\/nuevapagina\/index.php\/2025\/12\/18\/seguridad-y-limpieza-se-refuerzan-en-el-centro-historico-de-oaxaca-de-juarez\/#respond"]}]},{"@type":"WebPage","@id":"https:\/\/cvnoticias.com\/nuevapagina\/index.php\/2025\/12\/18\/seguridad-y-limpieza-se-refuerzan-en-el-centro-historico-de-oaxaca-de-juarez\/","url":"https:\/\/cvnoticias.com\/nuevapagina\/index.php\/2025\/12\/18\/seguridad-y-limpieza-se-refuerzan-en-el-centro-historico-de-oaxaca-de-juarez\/","name":"Seguridad y limpieza se refuerzan en el Centro Hist\u00f3rico de Oaxaca de Ju\u00e1rez - CV Noticias","isPartOf":{"@id":"https:\/\/cvnoticias.com\/nuevapagina\/#website"},"primaryImageOfPage":{"@id":"https:\/\/cvnoticias.com\/nuevapagina\/index.php\/2025\/12\/18\/seguridad-y-limpieza-se-refuerzan-en-el-centro-historico-de-oaxaca-de-juarez\/#primaryimage"},"image":{"@id":"https:\/\/cvnoticias.com\/nuevapagina\/index.php\/2025\/12\/18\/seguridad-y-limpieza-se-refuerzan-en-el-centro-historico-de-oaxaca-de-juarez\/#primaryimage"},"thumbnailUrl":"https:\/\/cvnoticias.com\/nuevapagina\/wp-content\/uploads\/2025\/12\/WhatsApp-Image-2025-12-16-at-11.39.43-AM.jpeg","datePublished":"2025-12-18T12:49:09+00:00","dateModified":"2025-12-18T12:49:10+00:00","breadcrumb":{"@id":"https:\/\/cvnoticias.com\/nuevapagina\/index.php\/2025\/12\/18\/seguridad-y-limpieza-se-refuerzan-en-el-centro-historico-de-oaxaca-de-juarez\/#breadcrumb"},"inLanguage":"es","potentialAction":[{"@type":"ReadAction","target":["https:\/\/cvnoticias.com\/nuevapagina\/index.php\/2025\/12\/18\/seguridad-y-limpieza-se-refuerzan-en-el-centro-historico-de-oaxaca-de-juarez\/"]}]},{"@type":"ImageObject","inLanguage":"es","@id":"https:\/\/cvnoticias.com\/nuevapagina\/index.php\/2025\/12\/18\/seguridad-y-limpieza-se-refuerzan-en-el-centro-historico-de-oaxaca-de-juarez\/#primaryimage","url":"https:\/\/cvnoticias.com\/nuevapagina\/wp-content\/uploads\/2025\/12\/WhatsApp-Image-2025-12-16-at-11.39.43-AM.jpeg","contentUrl":"https:\/\/cvnoticias.com\/nuevapagina\/wp-content\/uploads\/2025\/12\/WhatsApp-Image-2025-12-16-at-11.39.43-AM.jpeg","width":1280,"height":853},{"@type":"BreadcrumbList","@id":"https:\/\/cvnoticias.com\/nuevapagina\/index.php\/2025\/12\/18\/seguridad-y-limpieza-se-refuerzan-en-el-centro-historico-de-oaxaca-de-juarez\/#breadcrumb","itemListElement":[{"@type":"ListItem","position":1,"name":"Portada","item":"https:\/\/cvnoticias.com\/nuevapagina\/"},{"@type":"ListItem","position":2,"name":"Seguridad y limpieza se refuerzan en el Centro Hist\u00f3rico de Oaxaca de Ju\u00e1rez"}]},{"@type":"WebSite","@id":"https:\/\/cvnoticias.com\/nuevapagina\/#website","url":"https:\/\/cvnoticias.com\/nuevapagina\/","name":"CV Noticias","description":"Noticias de Oaxaca","publisher":{"@id":"https:\/\/cvnoticias.com\/nuevapagina\/#organization"},"potentialAction":[{"@type":"SearchAction","target":{"@type":"EntryPoint","urlTemplate":"https:\/\/cvnoticias.com\/nuevapagina\/?s={search_term_string}"},"query-input":{"@type":"PropertyValueSpecification","valueRequired":true,"valueName":"search_term_string"}}],"inLanguage":"es"},{"@type":"Organization","@id":"https:\/\/cvnoticias.com\/nuevapagina\/#organization","name":"CV Noticias","url":"https:\/\/cvnoticias.com\/nuevapagina\/","logo":{"@type":"ImageObject","inLanguage":"es","@id":"https:\/\/cvnoticias.com\/nuevapagina\/#\/schema\/logo\/image\/","url":"https:\/\/cvnoticias.com\/nuevapagina\/wp-content\/uploads\/2025\/05\/cropped-logo-1.png","contentUrl":"https:\/\/cvnoticias.com\/nuevapagina\/wp-content\/uploads\/2025\/05\/cropped-logo-1.png","width":320,"height":118,"caption":"CV Noticias"},"image":{"@id":"https:\/\/cvnoticias.com\/nuevapagina\/#\/schema\/logo\/image\/"}},{"@type":"Person","@id":"https:\/\/cvnoticias.com\/nuevapagina\/#\/schema\/person\/19e35f246421a31486be7321065f7463","name":"CvNoticias","image":{"@type":"ImageObject","inLanguage":"es","@id":"https:\/\/secure.gravatar.com\/avatar\/c3a4375d38fd8f9b34ac9e853cb706a079817c78f9a39e33b16a2b2b2e51688a?s=96&d=mm&r=g","url":"https:\/\/secure.gravatar.com\/avatar\/c3a4375d38fd8f9b34ac9e853cb706a079817c78f9a39e33b16a2b2b2e51688a?s=96&d=mm&r=g","contentUrl":"https:\/\/secure.gravatar.com\/avatar\/c3a4375d38fd8f9b34ac9e853cb706a079817c78f9a39e33b16a2b2b2e51688a?s=96&d=mm&r=g","caption":"CvNoticias"},"url":"https:\/\/cvnoticias.com\/nuevapagina\/index.php\/author\/gesner\/"}]}},"_links":{"self":[{"href":"https:\/\/cvnoticias.com\/nuevapagina\/index.php\/wp-json\/wp\/v2\/posts\/4431","targetHints":{"allow":["GET"]}}],"collection":[{"href":"https:\/\/cvnoticias.com\/nuevapagina\/index.php\/wp-json\/wp\/v2\/posts"}],"about":[{"href":"https:\/\/cvnoticias.com\/nuevapagina\/index.php\/wp-json\/wp\/v2\/types\/post"}],"author":[{"embeddable":true,"href":"https:\/\/cvnoticias.com\/nuevapagina\/index.php\/wp-json\/wp\/v2\/users\/2"}],"replies":[{"embeddable":true,"href":"https:\/\/cvnoticias.com\/nuevapagina\/index.php\/wp-json\/wp\/v2\/comments?post=4431"}],"version-history":[{"count":1,"href":"https:\/\/cvnoticias.com\/nuevapagina\/index.php\/wp-json\/wp\/v2\/posts\/4431\/revisions"}],"predecessor-version":[{"id":4432,"href":"https:\/\/cvnoticias.com\/nuevapagina\/index.php\/wp-json\/wp\/v2\/posts\/4431\/revisions\/4432"}],"wp:featuredmedia":[{"embeddable":true,"href":"https:\/\/cvnoticias.com\/nuevapagina\/index.php\/wp-json\/wp\/v2\/media\/4428"}],"wp:attachment":[{"href":"https:\/\/cvnoticias.com\/nuevapagina\/index.php\/wp-json\/wp\/v2\/media?parent=4431"}],"wp:term":[{"taxonomy":"category","embeddable":true,"href":"https:\/\/cvnoticias.com\/nuevapagina\/index.php\/wp-json\/wp\/v2\/categories?post=4431"},{"taxonomy":"post_tag","embeddable":true,"href":"https:\/\/cvnoticias.com\/nuevapagina\/index.php\/wp-json\/wp\/v2\/tags?post=4431"}],"curies":[{"name":"wp","href":"https:\/\/api.w.org\/{rel}","templated":true}]}}