{"id":4426,"date":"2025-12-18T12:48:11","date_gmt":"2025-12-18T12:48:11","guid":{"rendered":"https:\/\/cvnoticias.com\/nuevapagina\/?p=4426"},"modified":"2025-12-18T12:48:12","modified_gmt":"2025-12-18T12:48:12","slug":"aprueba-poder-legislativo-cuenta-publica-del-estado-del-ejercicio-fiscal-2024","status":"publish","type":"post","link":"https:\/\/cvnoticias.com\/nuevapagina\/index.php\/2025\/12\/18\/aprueba-poder-legislativo-cuenta-publica-del-estado-del-ejercicio-fiscal-2024\/","title":{"rendered":"Aprueba Poder Legislativo Cuenta P\u00fablica del Estado del Ejercicio Fiscal 2024"},"content":{"rendered":"\n<p><\/p>\n\n\n\n<p>\u2022 El dictamen fue emitido por la Comisi\u00f3n Permanente de Vigilancia de la Auditor\u00eda Superior de Fiscalizaci\u00f3n<\/p>\n\n\n\n<p>San Raymundo Jalpan, Oax., a 15 de diciembre de 2025.- En Sesi\u00f3n Extraordinaria, el Congreso del Estado aprob\u00f3 con 33 votos a favor la Cuenta P\u00fablica del Estado correspondiente al Ejercicio Fiscal 2024, con el objetivo de garantizar la transparencia, la legalidad y la rendici\u00f3n de cuentas en el uso de los recursos p\u00fablicos. El dictamen, emitido por la Auditor\u00eda Superior de Fiscalizaci\u00f3n del Estado (ASFE), comprende la revisi\u00f3n de 11 entes de la administraci\u00f3n p\u00fablica centralizada y organismos p\u00fablicos descentralizados.<\/p>\n\n\n\n<p>Durante el an\u00e1lisis y presentaci\u00f3n del dictamen, el presidente de la Comisi\u00f3n Permanente de Vigilancia de la Auditor\u00eda Superior de Fiscalizaci\u00f3n, diputado Nicol\u00e1s Enrique Feria Romero, se\u00f1al\u00f3 que este resultado es producto de un proceso exhaustivo de revisi\u00f3n t\u00e9cnica y jur\u00eddica, orientado a salvaguardar el derecho de la ciudadan\u00eda a conocer el destino de los recursos provenientes de sus contribuciones.<\/p>\n\n\n\n<p>El legislador subray\u00f3 que la fiscalizaci\u00f3n constituye un ejercicio democr\u00e1tico indispensable y una responsabilidad \u00e9tica, moral y jur\u00eddica de las y los integrantes del Poder Legislativo, quienes deben asegurar que el manejo del presupuesto p\u00fablico se realice bajo criterios de legalidad, transparencia y responsabilidad.<\/p>\n\n\n\n<p>Asimismo, destac\u00f3 que en los \u00faltimos a\u00f1os se ha fortalecido una administraci\u00f3n p\u00fablica con mayores est\u00e1ndares de apertura y control, en la cual el Congreso del Estado ha asumido un papel activo en las tareas de fiscalizaci\u00f3n para promover el uso eficiente y honesto de los recursos del Presupuesto de Egresos.<\/p>\n\n\n\n<p>La aprobaci\u00f3n de la Cuenta P\u00fablica 2024 se sustenta en lo establecido por la Ley Org\u00e1nica del Poder Legislativo y la Ley de Fiscalizaci\u00f3n Superior del Estado de Oaxaca, reafirmando el compromiso institucional con la vigilancia, la custodia y la correcta aplicaci\u00f3n de los fondos p\u00fablicos.<\/p>\n\n\n\n<p>El proceso de fiscalizaci\u00f3n incluy\u00f3 la revisi\u00f3n de ingresos, egresos, deuda p\u00fablica y gesti\u00f3n financiera de las entidades fiscalizables.<\/p>\n\n\n\n<p>Finalmente, Feria Romero enfatiz\u00f3 que la rendici\u00f3n de cuentas debe consolidarse como una pr\u00e1ctica permanente, ya que constituye la v\u00eda para fortalecer la confianza de la ciudadan\u00eda en sus instituciones y en el quehacer p\u00fablico del estado de Oaxaca.<\/p>\n","protected":false},"excerpt":{"rendered":"<p>\u2022 El dictamen fue emitido por la Comisi\u00f3n Permanente de Vigilancia de la Auditor\u00eda Superior&#8230;<\/p>\n","protected":false},"author":2,"featured_media":4429,"comment_status":"open","ping_status":"closed","sticky":false,"template":"","format":"standard","meta":{"footnotes":""},"categories":[3],"tags":[],"class_list":["post-4426","post","type-post","status-publish","format-standard","has-post-thumbnail","hentry","category-comunicadosdeprensa"],"yoast_head":"<!-- This site is optimized with the Yoast SEO plugin v27.5 - https:\/\/yoast.com\/product\/yoast-seo-wordpress\/ -->\n<title>Aprueba Poder Legislativo Cuenta P\u00fablica del Estado del Ejercicio Fiscal 2024 - CV Noticias<\/title>\n<meta name=\"robots\" content=\"index, follow, max-snippet:-1, max-image-preview:large, max-video-preview:-1\" \/>\n<link rel=\"canonical\" href=\"https:\/\/cvnoticias.com\/nuevapagina\/index.php\/2025\/12\/18\/aprueba-poder-legislativo-cuenta-publica-del-estado-del-ejercicio-fiscal-2024\/\" \/>\n<meta property=\"og:locale\" content=\"es_ES\" \/>\n<meta property=\"og:type\" content=\"article\" \/>\n<meta property=\"og:title\" content=\"Aprueba Poder Legislativo Cuenta P\u00fablica del Estado del Ejercicio Fiscal 2024 - CV Noticias\" \/>\n<meta property=\"og:description\" content=\"\u2022 El dictamen fue emitido por la Comisi\u00f3n Permanente de Vigilancia de la Auditor\u00eda Superior...\" \/>\n<meta property=\"og:url\" content=\"https:\/\/cvnoticias.com\/nuevapagina\/index.php\/2025\/12\/18\/aprueba-poder-legislativo-cuenta-publica-del-estado-del-ejercicio-fiscal-2024\/\" \/>\n<meta property=\"og:site_name\" content=\"CV Noticias\" \/>\n<meta property=\"article:published_time\" content=\"2025-12-18T12:48:11+00:00\" \/>\n<meta property=\"article:modified_time\" content=\"2025-12-18T12:48:12+00:00\" \/>\n<meta property=\"og:image\" content=\"https:\/\/cvnoticias.com\/nuevapagina\/wp-content\/uploads\/2025\/12\/WhatsApp-Image-2025-12-16-at-8.15.04-AM.jpeg\" \/>\n\t<meta property=\"og:image:width\" content=\"2560\" \/>\n\t<meta property=\"og:image:height\" content=\"1706\" \/>\n\t<meta property=\"og:image:type\" content=\"image\/jpeg\" \/>\n<meta name=\"author\" content=\"CvNoticias\" \/>\n<meta name=\"twitter:card\" content=\"summary_large_image\" \/>\n<meta name=\"twitter:label1\" content=\"Escrito por\" \/>\n\t<meta name=\"twitter:data1\" content=\"CvNoticias\" \/>\n\t<meta name=\"twitter:label2\" content=\"Tiempo de lectura\" \/>\n\t<meta name=\"twitter:data2\" content=\"2 minutos\" \/>\n<script type=\"application\/ld+json\" class=\"yoast-schema-graph\">{\"@context\":\"https:\\\/\\\/schema.org\",\"@graph\":[{\"@type\":\"Article\",\"@id\":\"https:\\\/\\\/cvnoticias.com\\\/nuevapagina\\\/index.php\\\/2025\\\/12\\\/18\\\/aprueba-poder-legislativo-cuenta-publica-del-estado-del-ejercicio-fiscal-2024\\\/#article\",\"isPartOf\":{\"@id\":\"https:\\\/\\\/cvnoticias.com\\\/nuevapagina\\\/index.php\\\/2025\\\/12\\\/18\\\/aprueba-poder-legislativo-cuenta-publica-del-estado-del-ejercicio-fiscal-2024\\\/\"},\"author\":{\"name\":\"CvNoticias\",\"@id\":\"https:\\\/\\\/cvnoticias.com\\\/nuevapagina\\\/#\\\/schema\\\/person\\\/19e35f246421a31486be7321065f7463\"},\"headline\":\"Aprueba Poder Legislativo Cuenta P\u00fablica del Estado del Ejercicio Fiscal 2024\",\"datePublished\":\"2025-12-18T12:48:11+00:00\",\"dateModified\":\"2025-12-18T12:48:12+00:00\",\"mainEntityOfPage\":{\"@id\":\"https:\\\/\\\/cvnoticias.com\\\/nuevapagina\\\/index.php\\\/2025\\\/12\\\/18\\\/aprueba-poder-legislativo-cuenta-publica-del-estado-del-ejercicio-fiscal-2024\\\/\"},\"wordCount\":410,\"commentCount\":0,\"publisher\":{\"@id\":\"https:\\\/\\\/cvnoticias.com\\\/nuevapagina\\\/#organization\"},\"image\":{\"@id\":\"https:\\\/\\\/cvnoticias.com\\\/nuevapagina\\\/index.php\\\/2025\\\/12\\\/18\\\/aprueba-poder-legislativo-cuenta-publica-del-estado-del-ejercicio-fiscal-2024\\\/#primaryimage\"},\"thumbnailUrl\":\"https:\\\/\\\/cvnoticias.com\\\/nuevapagina\\\/wp-content\\\/uploads\\\/2025\\\/12\\\/WhatsApp-Image-2025-12-16-at-8.15.04-AM.jpeg\",\"articleSection\":[\"Comunicados\"],\"inLanguage\":\"es\",\"potentialAction\":[{\"@type\":\"CommentAction\",\"name\":\"Comment\",\"target\":[\"https:\\\/\\\/cvnoticias.com\\\/nuevapagina\\\/index.php\\\/2025\\\/12\\\/18\\\/aprueba-poder-legislativo-cuenta-publica-del-estado-del-ejercicio-fiscal-2024\\\/#respond\"]}]},{\"@type\":\"WebPage\",\"@id\":\"https:\\\/\\\/cvnoticias.com\\\/nuevapagina\\\/index.php\\\/2025\\\/12\\\/18\\\/aprueba-poder-legislativo-cuenta-publica-del-estado-del-ejercicio-fiscal-2024\\\/\",\"url\":\"https:\\\/\\\/cvnoticias.com\\\/nuevapagina\\\/index.php\\\/2025\\\/12\\\/18\\\/aprueba-poder-legislativo-cuenta-publica-del-estado-del-ejercicio-fiscal-2024\\\/\",\"name\":\"Aprueba Poder Legislativo Cuenta P\u00fablica del Estado del Ejercicio Fiscal 2024 - CV Noticias\",\"isPartOf\":{\"@id\":\"https:\\\/\\\/cvnoticias.com\\\/nuevapagina\\\/#website\"},\"primaryImageOfPage\":{\"@id\":\"https:\\\/\\\/cvnoticias.com\\\/nuevapagina\\\/index.php\\\/2025\\\/12\\\/18\\\/aprueba-poder-legislativo-cuenta-publica-del-estado-del-ejercicio-fiscal-2024\\\/#primaryimage\"},\"image\":{\"@id\":\"https:\\\/\\\/cvnoticias.com\\\/nuevapagina\\\/index.php\\\/2025\\\/12\\\/18\\\/aprueba-poder-legislativo-cuenta-publica-del-estado-del-ejercicio-fiscal-2024\\\/#primaryimage\"},\"thumbnailUrl\":\"https:\\\/\\\/cvnoticias.com\\\/nuevapagina\\\/wp-content\\\/uploads\\\/2025\\\/12\\\/WhatsApp-Image-2025-12-16-at-8.15.04-AM.jpeg\",\"datePublished\":\"2025-12-18T12:48:11+00:00\",\"dateModified\":\"2025-12-18T12:48:12+00:00\",\"breadcrumb\":{\"@id\":\"https:\\\/\\\/cvnoticias.com\\\/nuevapagina\\\/index.php\\\/2025\\\/12\\\/18\\\/aprueba-poder-legislativo-cuenta-publica-del-estado-del-ejercicio-fiscal-2024\\\/#breadcrumb\"},\"inLanguage\":\"es\",\"potentialAction\":[{\"@type\":\"ReadAction\",\"target\":[\"https:\\\/\\\/cvnoticias.com\\\/nuevapagina\\\/index.php\\\/2025\\\/12\\\/18\\\/aprueba-poder-legislativo-cuenta-publica-del-estado-del-ejercicio-fiscal-2024\\\/\"]}]},{\"@type\":\"ImageObject\",\"inLanguage\":\"es\",\"@id\":\"https:\\\/\\\/cvnoticias.com\\\/nuevapagina\\\/index.php\\\/2025\\\/12\\\/18\\\/aprueba-poder-legislativo-cuenta-publica-del-estado-del-ejercicio-fiscal-2024\\\/#primaryimage\",\"url\":\"https:\\\/\\\/cvnoticias.com\\\/nuevapagina\\\/wp-content\\\/uploads\\\/2025\\\/12\\\/WhatsApp-Image-2025-12-16-at-8.15.04-AM.jpeg\",\"contentUrl\":\"https:\\\/\\\/cvnoticias.com\\\/nuevapagina\\\/wp-content\\\/uploads\\\/2025\\\/12\\\/WhatsApp-Image-2025-12-16-at-8.15.04-AM.jpeg\",\"width\":2560,\"height\":1706},{\"@type\":\"BreadcrumbList\",\"@id\":\"https:\\\/\\\/cvnoticias.com\\\/nuevapagina\\\/index.php\\\/2025\\\/12\\\/18\\\/aprueba-poder-legislativo-cuenta-publica-del-estado-del-ejercicio-fiscal-2024\\\/#breadcrumb\",\"itemListElement\":[{\"@type\":\"ListItem\",\"position\":1,\"name\":\"Portada\",\"item\":\"https:\\\/\\\/cvnoticias.com\\\/nuevapagina\\\/\"},{\"@type\":\"ListItem\",\"position\":2,\"name\":\"Aprueba Poder Legislativo Cuenta P\u00fablica del Estado del Ejercicio Fiscal 2024\"}]},{\"@type\":\"WebSite\",\"@id\":\"https:\\\/\\\/cvnoticias.com\\\/nuevapagina\\\/#website\",\"url\":\"https:\\\/\\\/cvnoticias.com\\\/nuevapagina\\\/\",\"name\":\"CV Noticias\",\"description\":\"Noticias de Oaxaca\",\"publisher\":{\"@id\":\"https:\\\/\\\/cvnoticias.com\\\/nuevapagina\\\/#organization\"},\"potentialAction\":[{\"@type\":\"SearchAction\",\"target\":{\"@type\":\"EntryPoint\",\"urlTemplate\":\"https:\\\/\\\/cvnoticias.com\\\/nuevapagina\\\/?s={search_term_string}\"},\"query-input\":{\"@type\":\"PropertyValueSpecification\",\"valueRequired\":true,\"valueName\":\"search_term_string\"}}],\"inLanguage\":\"es\"},{\"@type\":\"Organization\",\"@id\":\"https:\\\/\\\/cvnoticias.com\\\/nuevapagina\\\/#organization\",\"name\":\"CV Noticias\",\"url\":\"https:\\\/\\\/cvnoticias.com\\\/nuevapagina\\\/\",\"logo\":{\"@type\":\"ImageObject\",\"inLanguage\":\"es\",\"@id\":\"https:\\\/\\\/cvnoticias.com\\\/nuevapagina\\\/#\\\/schema\\\/logo\\\/image\\\/\",\"url\":\"https:\\\/\\\/cvnoticias.com\\\/nuevapagina\\\/wp-content\\\/uploads\\\/2025\\\/05\\\/cropped-logo-1.png\",\"contentUrl\":\"https:\\\/\\\/cvnoticias.com\\\/nuevapagina\\\/wp-content\\\/uploads\\\/2025\\\/05\\\/cropped-logo-1.png\",\"width\":320,\"height\":118,\"caption\":\"CV Noticias\"},\"image\":{\"@id\":\"https:\\\/\\\/cvnoticias.com\\\/nuevapagina\\\/#\\\/schema\\\/logo\\\/image\\\/\"}},{\"@type\":\"Person\",\"@id\":\"https:\\\/\\\/cvnoticias.com\\\/nuevapagina\\\/#\\\/schema\\\/person\\\/19e35f246421a31486be7321065f7463\",\"name\":\"CvNoticias\",\"image\":{\"@type\":\"ImageObject\",\"inLanguage\":\"es\",\"@id\":\"https:\\\/\\\/secure.gravatar.com\\\/avatar\\\/c3a4375d38fd8f9b34ac9e853cb706a079817c78f9a39e33b16a2b2b2e51688a?s=96&d=mm&r=g\",\"url\":\"https:\\\/\\\/secure.gravatar.com\\\/avatar\\\/c3a4375d38fd8f9b34ac9e853cb706a079817c78f9a39e33b16a2b2b2e51688a?s=96&d=mm&r=g\",\"contentUrl\":\"https:\\\/\\\/secure.gravatar.com\\\/avatar\\\/c3a4375d38fd8f9b34ac9e853cb706a079817c78f9a39e33b16a2b2b2e51688a?s=96&d=mm&r=g\",\"caption\":\"CvNoticias\"},\"url\":\"https:\\\/\\\/cvnoticias.com\\\/nuevapagina\\\/index.php\\\/author\\\/gesner\\\/\"}]}<\/script>\n<!-- \/ Yoast SEO plugin. -->","yoast_head_json":{"title":"Aprueba Poder Legislativo Cuenta P\u00fablica del Estado del Ejercicio Fiscal 2024 - CV Noticias","robots":{"index":"index","follow":"follow","max-snippet":"max-snippet:-1","max-image-preview":"max-image-preview:large","max-video-preview":"max-video-preview:-1"},"canonical":"https:\/\/cvnoticias.com\/nuevapagina\/index.php\/2025\/12\/18\/aprueba-poder-legislativo-cuenta-publica-del-estado-del-ejercicio-fiscal-2024\/","og_locale":"es_ES","og_type":"article","og_title":"Aprueba Poder Legislativo Cuenta P\u00fablica del Estado del Ejercicio Fiscal 2024 - CV Noticias","og_description":"\u2022 El dictamen fue emitido por la Comisi\u00f3n Permanente de Vigilancia de la Auditor\u00eda Superior...","og_url":"https:\/\/cvnoticias.com\/nuevapagina\/index.php\/2025\/12\/18\/aprueba-poder-legislativo-cuenta-publica-del-estado-del-ejercicio-fiscal-2024\/","og_site_name":"CV Noticias","article_published_time":"2025-12-18T12:48:11+00:00","article_modified_time":"2025-12-18T12:48:12+00:00","og_image":[{"width":2560,"height":1706,"url":"https:\/\/cvnoticias.com\/nuevapagina\/wp-content\/uploads\/2025\/12\/WhatsApp-Image-2025-12-16-at-8.15.04-AM.jpeg","type":"image\/jpeg"}],"author":"CvNoticias","twitter_card":"summary_large_image","twitter_misc":{"Escrito por":"CvNoticias","Tiempo de lectura":"2 minutos"},"schema":{"@context":"https:\/\/schema.org","@graph":[{"@type":"Article","@id":"https:\/\/cvnoticias.com\/nuevapagina\/index.php\/2025\/12\/18\/aprueba-poder-legislativo-cuenta-publica-del-estado-del-ejercicio-fiscal-2024\/#article","isPartOf":{"@id":"https:\/\/cvnoticias.com\/nuevapagina\/index.php\/2025\/12\/18\/aprueba-poder-legislativo-cuenta-publica-del-estado-del-ejercicio-fiscal-2024\/"},"author":{"name":"CvNoticias","@id":"https:\/\/cvnoticias.com\/nuevapagina\/#\/schema\/person\/19e35f246421a31486be7321065f7463"},"headline":"Aprueba Poder Legislativo Cuenta P\u00fablica del Estado del Ejercicio Fiscal 2024","datePublished":"2025-12-18T12:48:11+00:00","dateModified":"2025-12-18T12:48:12+00:00","mainEntityOfPage":{"@id":"https:\/\/cvnoticias.com\/nuevapagina\/index.php\/2025\/12\/18\/aprueba-poder-legislativo-cuenta-publica-del-estado-del-ejercicio-fiscal-2024\/"},"wordCount":410,"commentCount":0,"publisher":{"@id":"https:\/\/cvnoticias.com\/nuevapagina\/#organization"},"image":{"@id":"https:\/\/cvnoticias.com\/nuevapagina\/index.php\/2025\/12\/18\/aprueba-poder-legislativo-cuenta-publica-del-estado-del-ejercicio-fiscal-2024\/#primaryimage"},"thumbnailUrl":"https:\/\/cvnoticias.com\/nuevapagina\/wp-content\/uploads\/2025\/12\/WhatsApp-Image-2025-12-16-at-8.15.04-AM.jpeg","articleSection":["Comunicados"],"inLanguage":"es","potentialAction":[{"@type":"CommentAction","name":"Comment","target":["https:\/\/cvnoticias.com\/nuevapagina\/index.php\/2025\/12\/18\/aprueba-poder-legislativo-cuenta-publica-del-estado-del-ejercicio-fiscal-2024\/#respond"]}]},{"@type":"WebPage","@id":"https:\/\/cvnoticias.com\/nuevapagina\/index.php\/2025\/12\/18\/aprueba-poder-legislativo-cuenta-publica-del-estado-del-ejercicio-fiscal-2024\/","url":"https:\/\/cvnoticias.com\/nuevapagina\/index.php\/2025\/12\/18\/aprueba-poder-legislativo-cuenta-publica-del-estado-del-ejercicio-fiscal-2024\/","name":"Aprueba Poder Legislativo Cuenta P\u00fablica del Estado del Ejercicio Fiscal 2024 - CV Noticias","isPartOf":{"@id":"https:\/\/cvnoticias.com\/nuevapagina\/#website"},"primaryImageOfPage":{"@id":"https:\/\/cvnoticias.com\/nuevapagina\/index.php\/2025\/12\/18\/aprueba-poder-legislativo-cuenta-publica-del-estado-del-ejercicio-fiscal-2024\/#primaryimage"},"image":{"@id":"https:\/\/cvnoticias.com\/nuevapagina\/index.php\/2025\/12\/18\/aprueba-poder-legislativo-cuenta-publica-del-estado-del-ejercicio-fiscal-2024\/#primaryimage"},"thumbnailUrl":"https:\/\/cvnoticias.com\/nuevapagina\/wp-content\/uploads\/2025\/12\/WhatsApp-Image-2025-12-16-at-8.15.04-AM.jpeg","datePublished":"2025-12-18T12:48:11+00:00","dateModified":"2025-12-18T12:48:12+00:00","breadcrumb":{"@id":"https:\/\/cvnoticias.com\/nuevapagina\/index.php\/2025\/12\/18\/aprueba-poder-legislativo-cuenta-publica-del-estado-del-ejercicio-fiscal-2024\/#breadcrumb"},"inLanguage":"es","potentialAction":[{"@type":"ReadAction","target":["https:\/\/cvnoticias.com\/nuevapagina\/index.php\/2025\/12\/18\/aprueba-poder-legislativo-cuenta-publica-del-estado-del-ejercicio-fiscal-2024\/"]}]},{"@type":"ImageObject","inLanguage":"es","@id":"https:\/\/cvnoticias.com\/nuevapagina\/index.php\/2025\/12\/18\/aprueba-poder-legislativo-cuenta-publica-del-estado-del-ejercicio-fiscal-2024\/#primaryimage","url":"https:\/\/cvnoticias.com\/nuevapagina\/wp-content\/uploads\/2025\/12\/WhatsApp-Image-2025-12-16-at-8.15.04-AM.jpeg","contentUrl":"https:\/\/cvnoticias.com\/nuevapagina\/wp-content\/uploads\/2025\/12\/WhatsApp-Image-2025-12-16-at-8.15.04-AM.jpeg","width":2560,"height":1706},{"@type":"BreadcrumbList","@id":"https:\/\/cvnoticias.com\/nuevapagina\/index.php\/2025\/12\/18\/aprueba-poder-legislativo-cuenta-publica-del-estado-del-ejercicio-fiscal-2024\/#breadcrumb","itemListElement":[{"@type":"ListItem","position":1,"name":"Portada","item":"https:\/\/cvnoticias.com\/nuevapagina\/"},{"@type":"ListItem","position":2,"name":"Aprueba Poder Legislativo Cuenta P\u00fablica del Estado del Ejercicio Fiscal 2024"}]},{"@type":"WebSite","@id":"https:\/\/cvnoticias.com\/nuevapagina\/#website","url":"https:\/\/cvnoticias.com\/nuevapagina\/","name":"CV Noticias","description":"Noticias de Oaxaca","publisher":{"@id":"https:\/\/cvnoticias.com\/nuevapagina\/#organization"},"potentialAction":[{"@type":"SearchAction","target":{"@type":"EntryPoint","urlTemplate":"https:\/\/cvnoticias.com\/nuevapagina\/?s={search_term_string}"},"query-input":{"@type":"PropertyValueSpecification","valueRequired":true,"valueName":"search_term_string"}}],"inLanguage":"es"},{"@type":"Organization","@id":"https:\/\/cvnoticias.com\/nuevapagina\/#organization","name":"CV Noticias","url":"https:\/\/cvnoticias.com\/nuevapagina\/","logo":{"@type":"ImageObject","inLanguage":"es","@id":"https:\/\/cvnoticias.com\/nuevapagina\/#\/schema\/logo\/image\/","url":"https:\/\/cvnoticias.com\/nuevapagina\/wp-content\/uploads\/2025\/05\/cropped-logo-1.png","contentUrl":"https:\/\/cvnoticias.com\/nuevapagina\/wp-content\/uploads\/2025\/05\/cropped-logo-1.png","width":320,"height":118,"caption":"CV Noticias"},"image":{"@id":"https:\/\/cvnoticias.com\/nuevapagina\/#\/schema\/logo\/image\/"}},{"@type":"Person","@id":"https:\/\/cvnoticias.com\/nuevapagina\/#\/schema\/person\/19e35f246421a31486be7321065f7463","name":"CvNoticias","image":{"@type":"ImageObject","inLanguage":"es","@id":"https:\/\/secure.gravatar.com\/avatar\/c3a4375d38fd8f9b34ac9e853cb706a079817c78f9a39e33b16a2b2b2e51688a?s=96&d=mm&r=g","url":"https:\/\/secure.gravatar.com\/avatar\/c3a4375d38fd8f9b34ac9e853cb706a079817c78f9a39e33b16a2b2b2e51688a?s=96&d=mm&r=g","contentUrl":"https:\/\/secure.gravatar.com\/avatar\/c3a4375d38fd8f9b34ac9e853cb706a079817c78f9a39e33b16a2b2b2e51688a?s=96&d=mm&r=g","caption":"CvNoticias"},"url":"https:\/\/cvnoticias.com\/nuevapagina\/index.php\/author\/gesner\/"}]}},"_links":{"self":[{"href":"https:\/\/cvnoticias.com\/nuevapagina\/index.php\/wp-json\/wp\/v2\/posts\/4426","targetHints":{"allow":["GET"]}}],"collection":[{"href":"https:\/\/cvnoticias.com\/nuevapagina\/index.php\/wp-json\/wp\/v2\/posts"}],"about":[{"href":"https:\/\/cvnoticias.com\/nuevapagina\/index.php\/wp-json\/wp\/v2\/types\/post"}],"author":[{"embeddable":true,"href":"https:\/\/cvnoticias.com\/nuevapagina\/index.php\/wp-json\/wp\/v2\/users\/2"}],"replies":[{"embeddable":true,"href":"https:\/\/cvnoticias.com\/nuevapagina\/index.php\/wp-json\/wp\/v2\/comments?post=4426"}],"version-history":[{"count":1,"href":"https:\/\/cvnoticias.com\/nuevapagina\/index.php\/wp-json\/wp\/v2\/posts\/4426\/revisions"}],"predecessor-version":[{"id":4430,"href":"https:\/\/cvnoticias.com\/nuevapagina\/index.php\/wp-json\/wp\/v2\/posts\/4426\/revisions\/4430"}],"wp:featuredmedia":[{"embeddable":true,"href":"https:\/\/cvnoticias.com\/nuevapagina\/index.php\/wp-json\/wp\/v2\/media\/4429"}],"wp:attachment":[{"href":"https:\/\/cvnoticias.com\/nuevapagina\/index.php\/wp-json\/wp\/v2\/media?parent=4426"}],"wp:term":[{"taxonomy":"category","embeddable":true,"href":"https:\/\/cvnoticias.com\/nuevapagina\/index.php\/wp-json\/wp\/v2\/categories?post=4426"},{"taxonomy":"post_tag","embeddable":true,"href":"https:\/\/cvnoticias.com\/nuevapagina\/index.php\/wp-json\/wp\/v2\/tags?post=4426"}],"curies":[{"name":"wp","href":"https:\/\/api.w.org\/{rel}","templated":true}]}}