{"id":4377,"date":"2025-12-13T14:30:59","date_gmt":"2025-12-13T14:30:59","guid":{"rendered":"https:\/\/cvnoticias.com\/nuevapagina\/?p=4377"},"modified":"2025-12-13T14:31:01","modified_gmt":"2025-12-13T14:31:01","slug":"ultimos-dias-para-inscribirse-al-concurso-de-figuras-de-rabanos-flor-inmortal-y-totomoxtle-en-el-marco-de-la-noche-de-rabanos-2025","status":"publish","type":"post","link":"https:\/\/cvnoticias.com\/nuevapagina\/index.php\/2025\/12\/13\/ultimos-dias-para-inscribirse-al-concurso-de-figuras-de-rabanos-flor-inmortal-y-totomoxtle-en-el-marco-de-la-noche-de-rabanos-2025\/","title":{"rendered":"\u00daltimos d\u00edas para inscribirse al Concurso de Figuras de R\u00e1banos, Flor Inmortal y Totomoxtle en el marco de la Noche de R\u00e1banos 2025"},"content":{"rendered":"\n<p><\/p>\n\n\n\n<ul class=\"wp-block-list\">\n<li>La convocatoria cierra el pr\u00f3ximo 15 de diciembre<\/li>\n<\/ul>\n\n\n\n<p>Oaxaca de Ju\u00e1rez, Oax., 12 de diciembre de 2025.\u2014 El Gobierno Municipal de Oaxaca de Ju\u00e1rez, en coordinaci\u00f3n con el Gobierno del Estado, recuerda que faltan pocos d\u00edas para el cierre de inscripciones del tradicional Concurso de Figuras de R\u00e1banos, Flor Inmortal y Totomoxtle 2025, una de las expresiones culturales m\u00e1s emblem\u00e1ticas de la capital y parte fundamental de la 128 edici\u00f3n de la Noche de R\u00e1banos.<\/p>\n\n\n\n<p>La convocatoria est\u00e1 dirigida a horticultores, artesanas, artesanos y p\u00fablico en general con residencia en el estado de Oaxaca, quienes podr\u00e1n registrarse hasta el 15 de diciembre en la Secretar\u00eda de Turismo Municipal, ubicada en Manuel Sabino Crespo 802-A, Centro, en un horario de 9:00 a 17:00 horas, de lunes a viernes.<\/p>\n\n\n\n<p>Este concurso mantiene vivas las tradiciones que dan identidad a Oaxaca de Ju\u00e1rez, al promover la creatividad y el talento local a trav\u00e9s de tres modalidades: Figuras de R\u00e1banos, Figuras de Flor Inmortal y Figuras de Totomoxtle, con categor\u00edas que contemplan la participaci\u00f3n infantil, piezas tradicionales y propuestas contempor\u00e1neas.<\/p>\n\n\n\n<p>Las obras participantes deber\u00e1n instalarse el 23 de diciembre en el Z\u00f3calo de la ciudad, donde se realizar\u00e1 la exposici\u00f3n p\u00fablica y la evaluaci\u00f3n por parte del jurado calificador. Al t\u00e9rmino, se llevar\u00e1 a cabo la ceremonia oficial de premiaci\u00f3n, conforme a lo establecido en la convocatoria.<\/p>\n\n\n\n<p>El Ayuntamiento de Oaxaca de Ju\u00e1rez reiter\u00f3 la invitaci\u00f3n a participar en esta celebraci\u00f3n que conjuga creatividad, memoria cultural y participaci\u00f3n ciudadana, y que cada a\u00f1o re\u00fane a miles de familias y visitantes en el coraz\u00f3n de la ciudad.<\/p>\n\n\n\n<p>Las bases completas y la ficha de inscripci\u00f3n pueden consultarse y descargarse a trav\u00e9s del c\u00f3digo QR de la convocatoria oficial.<\/p>\n","protected":false},"excerpt":{"rendered":"<p>Oaxaca de Ju\u00e1rez, Oax., 12 de diciembre de 2025.\u2014 El Gobierno Municipal de Oaxaca de&#8230;<\/p>\n","protected":false},"author":2,"featured_media":4350,"comment_status":"open","ping_status":"closed","sticky":false,"template":"","format":"standard","meta":{"footnotes":""},"categories":[3],"tags":[],"class_list":["post-4377","post","type-post","status-publish","format-standard","has-post-thumbnail","hentry","category-comunicadosdeprensa"],"yoast_head":"<!-- This site is optimized with the Yoast SEO plugin v27.5 - https:\/\/yoast.com\/product\/yoast-seo-wordpress\/ -->\n<title>\u00daltimos d\u00edas para inscribirse al Concurso de Figuras de R\u00e1banos, Flor Inmortal y Totomoxtle en el marco de la Noche de R\u00e1banos 2025 - CV Noticias<\/title>\n<meta name=\"robots\" content=\"index, follow, max-snippet:-1, max-image-preview:large, max-video-preview:-1\" \/>\n<link rel=\"canonical\" href=\"https:\/\/cvnoticias.com\/nuevapagina\/index.php\/2025\/12\/13\/ultimos-dias-para-inscribirse-al-concurso-de-figuras-de-rabanos-flor-inmortal-y-totomoxtle-en-el-marco-de-la-noche-de-rabanos-2025\/\" \/>\n<meta property=\"og:locale\" content=\"es_ES\" \/>\n<meta property=\"og:type\" content=\"article\" \/>\n<meta property=\"og:title\" content=\"\u00daltimos d\u00edas para inscribirse al Concurso de Figuras de R\u00e1banos, Flor Inmortal y Totomoxtle en el marco de la Noche de R\u00e1banos 2025 - CV Noticias\" \/>\n<meta property=\"og:description\" content=\"Oaxaca de Ju\u00e1rez, Oax., 12 de diciembre de 2025.\u2014 El Gobierno Municipal de Oaxaca de...\" \/>\n<meta property=\"og:url\" content=\"https:\/\/cvnoticias.com\/nuevapagina\/index.php\/2025\/12\/13\/ultimos-dias-para-inscribirse-al-concurso-de-figuras-de-rabanos-flor-inmortal-y-totomoxtle-en-el-marco-de-la-noche-de-rabanos-2025\/\" \/>\n<meta property=\"og:site_name\" content=\"CV Noticias\" \/>\n<meta property=\"article:published_time\" content=\"2025-12-13T14:30:59+00:00\" \/>\n<meta property=\"article:modified_time\" content=\"2025-12-13T14:31:01+00:00\" \/>\n<meta property=\"og:image\" content=\"https:\/\/cvnoticias.com\/nuevapagina\/wp-content\/uploads\/2025\/12\/WhatsApp-Image-2025-12-12-at-5.53.52-PM-1.jpeg\" \/>\n\t<meta property=\"og:image:width\" content=\"1066\" \/>\n\t<meta property=\"og:image:height\" content=\"1600\" \/>\n\t<meta property=\"og:image:type\" content=\"image\/jpeg\" \/>\n<meta name=\"author\" content=\"CvNoticias\" \/>\n<meta name=\"twitter:card\" content=\"summary_large_image\" \/>\n<meta name=\"twitter:label1\" content=\"Escrito por\" \/>\n\t<meta name=\"twitter:data1\" content=\"CvNoticias\" \/>\n\t<meta name=\"twitter:label2\" content=\"Tiempo de lectura\" \/>\n\t<meta name=\"twitter:data2\" content=\"2 minutos\" \/>\n<script type=\"application\/ld+json\" class=\"yoast-schema-graph\">{\"@context\":\"https:\\\/\\\/schema.org\",\"@graph\":[{\"@type\":\"Article\",\"@id\":\"https:\\\/\\\/cvnoticias.com\\\/nuevapagina\\\/index.php\\\/2025\\\/12\\\/13\\\/ultimos-dias-para-inscribirse-al-concurso-de-figuras-de-rabanos-flor-inmortal-y-totomoxtle-en-el-marco-de-la-noche-de-rabanos-2025\\\/#article\",\"isPartOf\":{\"@id\":\"https:\\\/\\\/cvnoticias.com\\\/nuevapagina\\\/index.php\\\/2025\\\/12\\\/13\\\/ultimos-dias-para-inscribirse-al-concurso-de-figuras-de-rabanos-flor-inmortal-y-totomoxtle-en-el-marco-de-la-noche-de-rabanos-2025\\\/\"},\"author\":{\"name\":\"CvNoticias\",\"@id\":\"https:\\\/\\\/cvnoticias.com\\\/nuevapagina\\\/#\\\/schema\\\/person\\\/19e35f246421a31486be7321065f7463\"},\"headline\":\"\u00daltimos d\u00edas para inscribirse al Concurso de Figuras de R\u00e1banos, Flor Inmortal y Totomoxtle en el marco de la Noche de R\u00e1banos 2025\",\"datePublished\":\"2025-12-13T14:30:59+00:00\",\"dateModified\":\"2025-12-13T14:31:01+00:00\",\"mainEntityOfPage\":{\"@id\":\"https:\\\/\\\/cvnoticias.com\\\/nuevapagina\\\/index.php\\\/2025\\\/12\\\/13\\\/ultimos-dias-para-inscribirse-al-concurso-de-figuras-de-rabanos-flor-inmortal-y-totomoxtle-en-el-marco-de-la-noche-de-rabanos-2025\\\/\"},\"wordCount\":335,\"commentCount\":0,\"publisher\":{\"@id\":\"https:\\\/\\\/cvnoticias.com\\\/nuevapagina\\\/#organization\"},\"image\":{\"@id\":\"https:\\\/\\\/cvnoticias.com\\\/nuevapagina\\\/index.php\\\/2025\\\/12\\\/13\\\/ultimos-dias-para-inscribirse-al-concurso-de-figuras-de-rabanos-flor-inmortal-y-totomoxtle-en-el-marco-de-la-noche-de-rabanos-2025\\\/#primaryimage\"},\"thumbnailUrl\":\"https:\\\/\\\/cvnoticias.com\\\/nuevapagina\\\/wp-content\\\/uploads\\\/2025\\\/12\\\/WhatsApp-Image-2025-12-12-at-5.53.52-PM-1.jpeg\",\"articleSection\":[\"Comunicados\"],\"inLanguage\":\"es\",\"potentialAction\":[{\"@type\":\"CommentAction\",\"name\":\"Comment\",\"target\":[\"https:\\\/\\\/cvnoticias.com\\\/nuevapagina\\\/index.php\\\/2025\\\/12\\\/13\\\/ultimos-dias-para-inscribirse-al-concurso-de-figuras-de-rabanos-flor-inmortal-y-totomoxtle-en-el-marco-de-la-noche-de-rabanos-2025\\\/#respond\"]}]},{\"@type\":\"WebPage\",\"@id\":\"https:\\\/\\\/cvnoticias.com\\\/nuevapagina\\\/index.php\\\/2025\\\/12\\\/13\\\/ultimos-dias-para-inscribirse-al-concurso-de-figuras-de-rabanos-flor-inmortal-y-totomoxtle-en-el-marco-de-la-noche-de-rabanos-2025\\\/\",\"url\":\"https:\\\/\\\/cvnoticias.com\\\/nuevapagina\\\/index.php\\\/2025\\\/12\\\/13\\\/ultimos-dias-para-inscribirse-al-concurso-de-figuras-de-rabanos-flor-inmortal-y-totomoxtle-en-el-marco-de-la-noche-de-rabanos-2025\\\/\",\"name\":\"\u00daltimos d\u00edas para inscribirse al Concurso de Figuras de R\u00e1banos, Flor Inmortal y Totomoxtle en el marco de la Noche de R\u00e1banos 2025 - CV Noticias\",\"isPartOf\":{\"@id\":\"https:\\\/\\\/cvnoticias.com\\\/nuevapagina\\\/#website\"},\"primaryImageOfPage\":{\"@id\":\"https:\\\/\\\/cvnoticias.com\\\/nuevapagina\\\/index.php\\\/2025\\\/12\\\/13\\\/ultimos-dias-para-inscribirse-al-concurso-de-figuras-de-rabanos-flor-inmortal-y-totomoxtle-en-el-marco-de-la-noche-de-rabanos-2025\\\/#primaryimage\"},\"image\":{\"@id\":\"https:\\\/\\\/cvnoticias.com\\\/nuevapagina\\\/index.php\\\/2025\\\/12\\\/13\\\/ultimos-dias-para-inscribirse-al-concurso-de-figuras-de-rabanos-flor-inmortal-y-totomoxtle-en-el-marco-de-la-noche-de-rabanos-2025\\\/#primaryimage\"},\"thumbnailUrl\":\"https:\\\/\\\/cvnoticias.com\\\/nuevapagina\\\/wp-content\\\/uploads\\\/2025\\\/12\\\/WhatsApp-Image-2025-12-12-at-5.53.52-PM-1.jpeg\",\"datePublished\":\"2025-12-13T14:30:59+00:00\",\"dateModified\":\"2025-12-13T14:31:01+00:00\",\"breadcrumb\":{\"@id\":\"https:\\\/\\\/cvnoticias.com\\\/nuevapagina\\\/index.php\\\/2025\\\/12\\\/13\\\/ultimos-dias-para-inscribirse-al-concurso-de-figuras-de-rabanos-flor-inmortal-y-totomoxtle-en-el-marco-de-la-noche-de-rabanos-2025\\\/#breadcrumb\"},\"inLanguage\":\"es\",\"potentialAction\":[{\"@type\":\"ReadAction\",\"target\":[\"https:\\\/\\\/cvnoticias.com\\\/nuevapagina\\\/index.php\\\/2025\\\/12\\\/13\\\/ultimos-dias-para-inscribirse-al-concurso-de-figuras-de-rabanos-flor-inmortal-y-totomoxtle-en-el-marco-de-la-noche-de-rabanos-2025\\\/\"]}]},{\"@type\":\"ImageObject\",\"inLanguage\":\"es\",\"@id\":\"https:\\\/\\\/cvnoticias.com\\\/nuevapagina\\\/index.php\\\/2025\\\/12\\\/13\\\/ultimos-dias-para-inscribirse-al-concurso-de-figuras-de-rabanos-flor-inmortal-y-totomoxtle-en-el-marco-de-la-noche-de-rabanos-2025\\\/#primaryimage\",\"url\":\"https:\\\/\\\/cvnoticias.com\\\/nuevapagina\\\/wp-content\\\/uploads\\\/2025\\\/12\\\/WhatsApp-Image-2025-12-12-at-5.53.52-PM-1.jpeg\",\"contentUrl\":\"https:\\\/\\\/cvnoticias.com\\\/nuevapagina\\\/wp-content\\\/uploads\\\/2025\\\/12\\\/WhatsApp-Image-2025-12-12-at-5.53.52-PM-1.jpeg\",\"width\":1066,\"height\":1600},{\"@type\":\"BreadcrumbList\",\"@id\":\"https:\\\/\\\/cvnoticias.com\\\/nuevapagina\\\/index.php\\\/2025\\\/12\\\/13\\\/ultimos-dias-para-inscribirse-al-concurso-de-figuras-de-rabanos-flor-inmortal-y-totomoxtle-en-el-marco-de-la-noche-de-rabanos-2025\\\/#breadcrumb\",\"itemListElement\":[{\"@type\":\"ListItem\",\"position\":1,\"name\":\"Portada\",\"item\":\"https:\\\/\\\/cvnoticias.com\\\/nuevapagina\\\/\"},{\"@type\":\"ListItem\",\"position\":2,\"name\":\"\u00daltimos d\u00edas para inscribirse al Concurso de Figuras de R\u00e1banos, Flor Inmortal y Totomoxtle en el marco de la Noche de R\u00e1banos 2025\"}]},{\"@type\":\"WebSite\",\"@id\":\"https:\\\/\\\/cvnoticias.com\\\/nuevapagina\\\/#website\",\"url\":\"https:\\\/\\\/cvnoticias.com\\\/nuevapagina\\\/\",\"name\":\"CV Noticias\",\"description\":\"Noticias de Oaxaca\",\"publisher\":{\"@id\":\"https:\\\/\\\/cvnoticias.com\\\/nuevapagina\\\/#organization\"},\"potentialAction\":[{\"@type\":\"SearchAction\",\"target\":{\"@type\":\"EntryPoint\",\"urlTemplate\":\"https:\\\/\\\/cvnoticias.com\\\/nuevapagina\\\/?s={search_term_string}\"},\"query-input\":{\"@type\":\"PropertyValueSpecification\",\"valueRequired\":true,\"valueName\":\"search_term_string\"}}],\"inLanguage\":\"es\"},{\"@type\":\"Organization\",\"@id\":\"https:\\\/\\\/cvnoticias.com\\\/nuevapagina\\\/#organization\",\"name\":\"CV Noticias\",\"url\":\"https:\\\/\\\/cvnoticias.com\\\/nuevapagina\\\/\",\"logo\":{\"@type\":\"ImageObject\",\"inLanguage\":\"es\",\"@id\":\"https:\\\/\\\/cvnoticias.com\\\/nuevapagina\\\/#\\\/schema\\\/logo\\\/image\\\/\",\"url\":\"https:\\\/\\\/cvnoticias.com\\\/nuevapagina\\\/wp-content\\\/uploads\\\/2025\\\/05\\\/cropped-logo-1.png\",\"contentUrl\":\"https:\\\/\\\/cvnoticias.com\\\/nuevapagina\\\/wp-content\\\/uploads\\\/2025\\\/05\\\/cropped-logo-1.png\",\"width\":320,\"height\":118,\"caption\":\"CV Noticias\"},\"image\":{\"@id\":\"https:\\\/\\\/cvnoticias.com\\\/nuevapagina\\\/#\\\/schema\\\/logo\\\/image\\\/\"}},{\"@type\":\"Person\",\"@id\":\"https:\\\/\\\/cvnoticias.com\\\/nuevapagina\\\/#\\\/schema\\\/person\\\/19e35f246421a31486be7321065f7463\",\"name\":\"CvNoticias\",\"image\":{\"@type\":\"ImageObject\",\"inLanguage\":\"es\",\"@id\":\"https:\\\/\\\/secure.gravatar.com\\\/avatar\\\/c3a4375d38fd8f9b34ac9e853cb706a079817c78f9a39e33b16a2b2b2e51688a?s=96&d=mm&r=g\",\"url\":\"https:\\\/\\\/secure.gravatar.com\\\/avatar\\\/c3a4375d38fd8f9b34ac9e853cb706a079817c78f9a39e33b16a2b2b2e51688a?s=96&d=mm&r=g\",\"contentUrl\":\"https:\\\/\\\/secure.gravatar.com\\\/avatar\\\/c3a4375d38fd8f9b34ac9e853cb706a079817c78f9a39e33b16a2b2b2e51688a?s=96&d=mm&r=g\",\"caption\":\"CvNoticias\"},\"url\":\"https:\\\/\\\/cvnoticias.com\\\/nuevapagina\\\/index.php\\\/author\\\/gesner\\\/\"}]}<\/script>\n<!-- \/ Yoast SEO plugin. -->","yoast_head_json":{"title":"\u00daltimos d\u00edas para inscribirse al Concurso de Figuras de R\u00e1banos, Flor Inmortal y Totomoxtle en el marco de la Noche de R\u00e1banos 2025 - CV Noticias","robots":{"index":"index","follow":"follow","max-snippet":"max-snippet:-1","max-image-preview":"max-image-preview:large","max-video-preview":"max-video-preview:-1"},"canonical":"https:\/\/cvnoticias.com\/nuevapagina\/index.php\/2025\/12\/13\/ultimos-dias-para-inscribirse-al-concurso-de-figuras-de-rabanos-flor-inmortal-y-totomoxtle-en-el-marco-de-la-noche-de-rabanos-2025\/","og_locale":"es_ES","og_type":"article","og_title":"\u00daltimos d\u00edas para inscribirse al Concurso de Figuras de R\u00e1banos, Flor Inmortal y Totomoxtle en el marco de la Noche de R\u00e1banos 2025 - CV Noticias","og_description":"Oaxaca de Ju\u00e1rez, Oax., 12 de diciembre de 2025.\u2014 El Gobierno Municipal de Oaxaca de...","og_url":"https:\/\/cvnoticias.com\/nuevapagina\/index.php\/2025\/12\/13\/ultimos-dias-para-inscribirse-al-concurso-de-figuras-de-rabanos-flor-inmortal-y-totomoxtle-en-el-marco-de-la-noche-de-rabanos-2025\/","og_site_name":"CV Noticias","article_published_time":"2025-12-13T14:30:59+00:00","article_modified_time":"2025-12-13T14:31:01+00:00","og_image":[{"width":1066,"height":1600,"url":"https:\/\/cvnoticias.com\/nuevapagina\/wp-content\/uploads\/2025\/12\/WhatsApp-Image-2025-12-12-at-5.53.52-PM-1.jpeg","type":"image\/jpeg"}],"author":"CvNoticias","twitter_card":"summary_large_image","twitter_misc":{"Escrito por":"CvNoticias","Tiempo de lectura":"2 minutos"},"schema":{"@context":"https:\/\/schema.org","@graph":[{"@type":"Article","@id":"https:\/\/cvnoticias.com\/nuevapagina\/index.php\/2025\/12\/13\/ultimos-dias-para-inscribirse-al-concurso-de-figuras-de-rabanos-flor-inmortal-y-totomoxtle-en-el-marco-de-la-noche-de-rabanos-2025\/#article","isPartOf":{"@id":"https:\/\/cvnoticias.com\/nuevapagina\/index.php\/2025\/12\/13\/ultimos-dias-para-inscribirse-al-concurso-de-figuras-de-rabanos-flor-inmortal-y-totomoxtle-en-el-marco-de-la-noche-de-rabanos-2025\/"},"author":{"name":"CvNoticias","@id":"https:\/\/cvnoticias.com\/nuevapagina\/#\/schema\/person\/19e35f246421a31486be7321065f7463"},"headline":"\u00daltimos d\u00edas para inscribirse al Concurso de Figuras de R\u00e1banos, Flor Inmortal y Totomoxtle en el marco de la Noche de R\u00e1banos 2025","datePublished":"2025-12-13T14:30:59+00:00","dateModified":"2025-12-13T14:31:01+00:00","mainEntityOfPage":{"@id":"https:\/\/cvnoticias.com\/nuevapagina\/index.php\/2025\/12\/13\/ultimos-dias-para-inscribirse-al-concurso-de-figuras-de-rabanos-flor-inmortal-y-totomoxtle-en-el-marco-de-la-noche-de-rabanos-2025\/"},"wordCount":335,"commentCount":0,"publisher":{"@id":"https:\/\/cvnoticias.com\/nuevapagina\/#organization"},"image":{"@id":"https:\/\/cvnoticias.com\/nuevapagina\/index.php\/2025\/12\/13\/ultimos-dias-para-inscribirse-al-concurso-de-figuras-de-rabanos-flor-inmortal-y-totomoxtle-en-el-marco-de-la-noche-de-rabanos-2025\/#primaryimage"},"thumbnailUrl":"https:\/\/cvnoticias.com\/nuevapagina\/wp-content\/uploads\/2025\/12\/WhatsApp-Image-2025-12-12-at-5.53.52-PM-1.jpeg","articleSection":["Comunicados"],"inLanguage":"es","potentialAction":[{"@type":"CommentAction","name":"Comment","target":["https:\/\/cvnoticias.com\/nuevapagina\/index.php\/2025\/12\/13\/ultimos-dias-para-inscribirse-al-concurso-de-figuras-de-rabanos-flor-inmortal-y-totomoxtle-en-el-marco-de-la-noche-de-rabanos-2025\/#respond"]}]},{"@type":"WebPage","@id":"https:\/\/cvnoticias.com\/nuevapagina\/index.php\/2025\/12\/13\/ultimos-dias-para-inscribirse-al-concurso-de-figuras-de-rabanos-flor-inmortal-y-totomoxtle-en-el-marco-de-la-noche-de-rabanos-2025\/","url":"https:\/\/cvnoticias.com\/nuevapagina\/index.php\/2025\/12\/13\/ultimos-dias-para-inscribirse-al-concurso-de-figuras-de-rabanos-flor-inmortal-y-totomoxtle-en-el-marco-de-la-noche-de-rabanos-2025\/","name":"\u00daltimos d\u00edas para inscribirse al Concurso de Figuras de R\u00e1banos, Flor Inmortal y Totomoxtle en el marco de la Noche de R\u00e1banos 2025 - CV Noticias","isPartOf":{"@id":"https:\/\/cvnoticias.com\/nuevapagina\/#website"},"primaryImageOfPage":{"@id":"https:\/\/cvnoticias.com\/nuevapagina\/index.php\/2025\/12\/13\/ultimos-dias-para-inscribirse-al-concurso-de-figuras-de-rabanos-flor-inmortal-y-totomoxtle-en-el-marco-de-la-noche-de-rabanos-2025\/#primaryimage"},"image":{"@id":"https:\/\/cvnoticias.com\/nuevapagina\/index.php\/2025\/12\/13\/ultimos-dias-para-inscribirse-al-concurso-de-figuras-de-rabanos-flor-inmortal-y-totomoxtle-en-el-marco-de-la-noche-de-rabanos-2025\/#primaryimage"},"thumbnailUrl":"https:\/\/cvnoticias.com\/nuevapagina\/wp-content\/uploads\/2025\/12\/WhatsApp-Image-2025-12-12-at-5.53.52-PM-1.jpeg","datePublished":"2025-12-13T14:30:59+00:00","dateModified":"2025-12-13T14:31:01+00:00","breadcrumb":{"@id":"https:\/\/cvnoticias.com\/nuevapagina\/index.php\/2025\/12\/13\/ultimos-dias-para-inscribirse-al-concurso-de-figuras-de-rabanos-flor-inmortal-y-totomoxtle-en-el-marco-de-la-noche-de-rabanos-2025\/#breadcrumb"},"inLanguage":"es","potentialAction":[{"@type":"ReadAction","target":["https:\/\/cvnoticias.com\/nuevapagina\/index.php\/2025\/12\/13\/ultimos-dias-para-inscribirse-al-concurso-de-figuras-de-rabanos-flor-inmortal-y-totomoxtle-en-el-marco-de-la-noche-de-rabanos-2025\/"]}]},{"@type":"ImageObject","inLanguage":"es","@id":"https:\/\/cvnoticias.com\/nuevapagina\/index.php\/2025\/12\/13\/ultimos-dias-para-inscribirse-al-concurso-de-figuras-de-rabanos-flor-inmortal-y-totomoxtle-en-el-marco-de-la-noche-de-rabanos-2025\/#primaryimage","url":"https:\/\/cvnoticias.com\/nuevapagina\/wp-content\/uploads\/2025\/12\/WhatsApp-Image-2025-12-12-at-5.53.52-PM-1.jpeg","contentUrl":"https:\/\/cvnoticias.com\/nuevapagina\/wp-content\/uploads\/2025\/12\/WhatsApp-Image-2025-12-12-at-5.53.52-PM-1.jpeg","width":1066,"height":1600},{"@type":"BreadcrumbList","@id":"https:\/\/cvnoticias.com\/nuevapagina\/index.php\/2025\/12\/13\/ultimos-dias-para-inscribirse-al-concurso-de-figuras-de-rabanos-flor-inmortal-y-totomoxtle-en-el-marco-de-la-noche-de-rabanos-2025\/#breadcrumb","itemListElement":[{"@type":"ListItem","position":1,"name":"Portada","item":"https:\/\/cvnoticias.com\/nuevapagina\/"},{"@type":"ListItem","position":2,"name":"\u00daltimos d\u00edas para inscribirse al Concurso de Figuras de R\u00e1banos, Flor Inmortal y Totomoxtle en el marco de la Noche de R\u00e1banos 2025"}]},{"@type":"WebSite","@id":"https:\/\/cvnoticias.com\/nuevapagina\/#website","url":"https:\/\/cvnoticias.com\/nuevapagina\/","name":"CV Noticias","description":"Noticias de Oaxaca","publisher":{"@id":"https:\/\/cvnoticias.com\/nuevapagina\/#organization"},"potentialAction":[{"@type":"SearchAction","target":{"@type":"EntryPoint","urlTemplate":"https:\/\/cvnoticias.com\/nuevapagina\/?s={search_term_string}"},"query-input":{"@type":"PropertyValueSpecification","valueRequired":true,"valueName":"search_term_string"}}],"inLanguage":"es"},{"@type":"Organization","@id":"https:\/\/cvnoticias.com\/nuevapagina\/#organization","name":"CV Noticias","url":"https:\/\/cvnoticias.com\/nuevapagina\/","logo":{"@type":"ImageObject","inLanguage":"es","@id":"https:\/\/cvnoticias.com\/nuevapagina\/#\/schema\/logo\/image\/","url":"https:\/\/cvnoticias.com\/nuevapagina\/wp-content\/uploads\/2025\/05\/cropped-logo-1.png","contentUrl":"https:\/\/cvnoticias.com\/nuevapagina\/wp-content\/uploads\/2025\/05\/cropped-logo-1.png","width":320,"height":118,"caption":"CV Noticias"},"image":{"@id":"https:\/\/cvnoticias.com\/nuevapagina\/#\/schema\/logo\/image\/"}},{"@type":"Person","@id":"https:\/\/cvnoticias.com\/nuevapagina\/#\/schema\/person\/19e35f246421a31486be7321065f7463","name":"CvNoticias","image":{"@type":"ImageObject","inLanguage":"es","@id":"https:\/\/secure.gravatar.com\/avatar\/c3a4375d38fd8f9b34ac9e853cb706a079817c78f9a39e33b16a2b2b2e51688a?s=96&d=mm&r=g","url":"https:\/\/secure.gravatar.com\/avatar\/c3a4375d38fd8f9b34ac9e853cb706a079817c78f9a39e33b16a2b2b2e51688a?s=96&d=mm&r=g","contentUrl":"https:\/\/secure.gravatar.com\/avatar\/c3a4375d38fd8f9b34ac9e853cb706a079817c78f9a39e33b16a2b2b2e51688a?s=96&d=mm&r=g","caption":"CvNoticias"},"url":"https:\/\/cvnoticias.com\/nuevapagina\/index.php\/author\/gesner\/"}]}},"_links":{"self":[{"href":"https:\/\/cvnoticias.com\/nuevapagina\/index.php\/wp-json\/wp\/v2\/posts\/4377","targetHints":{"allow":["GET"]}}],"collection":[{"href":"https:\/\/cvnoticias.com\/nuevapagina\/index.php\/wp-json\/wp\/v2\/posts"}],"about":[{"href":"https:\/\/cvnoticias.com\/nuevapagina\/index.php\/wp-json\/wp\/v2\/types\/post"}],"author":[{"embeddable":true,"href":"https:\/\/cvnoticias.com\/nuevapagina\/index.php\/wp-json\/wp\/v2\/users\/2"}],"replies":[{"embeddable":true,"href":"https:\/\/cvnoticias.com\/nuevapagina\/index.php\/wp-json\/wp\/v2\/comments?post=4377"}],"version-history":[{"count":1,"href":"https:\/\/cvnoticias.com\/nuevapagina\/index.php\/wp-json\/wp\/v2\/posts\/4377\/revisions"}],"predecessor-version":[{"id":4378,"href":"https:\/\/cvnoticias.com\/nuevapagina\/index.php\/wp-json\/wp\/v2\/posts\/4377\/revisions\/4378"}],"wp:featuredmedia":[{"embeddable":true,"href":"https:\/\/cvnoticias.com\/nuevapagina\/index.php\/wp-json\/wp\/v2\/media\/4350"}],"wp:attachment":[{"href":"https:\/\/cvnoticias.com\/nuevapagina\/index.php\/wp-json\/wp\/v2\/media?parent=4377"}],"wp:term":[{"taxonomy":"category","embeddable":true,"href":"https:\/\/cvnoticias.com\/nuevapagina\/index.php\/wp-json\/wp\/v2\/categories?post=4377"},{"taxonomy":"post_tag","embeddable":true,"href":"https:\/\/cvnoticias.com\/nuevapagina\/index.php\/wp-json\/wp\/v2\/tags?post=4377"}],"curies":[{"name":"wp","href":"https:\/\/api.w.org\/{rel}","templated":true}]}}