{"id":4369,"date":"2025-12-13T14:22:16","date_gmt":"2025-12-13T14:22:16","guid":{"rendered":"https:\/\/cvnoticias.com\/nuevapagina\/?p=4369"},"modified":"2025-12-13T14:22:17","modified_gmt":"2025-12-13T14:22:17","slug":"presenta-magistrada-erika-rodriguez-informe-2025-y-resultados-de-sus-primeros-100-dias-al-frente-del-pjeo","status":"publish","type":"post","link":"https:\/\/cvnoticias.com\/nuevapagina\/index.php\/2025\/12\/13\/presenta-magistrada-erika-rodriguez-informe-2025-y-resultados-de-sus-primeros-100-dias-al-frente-del-pjeo\/","title":{"rendered":"Presenta magistrada Erika Rodr\u00edguez Informe 2025 y resultados de sus primeros 100 d\u00edas al frente del PJEO"},"content":{"rendered":"\n<ul class=\"wp-block-list\">\n<li>El Poder Judicial de Oaxaca est\u00e1 decidido a romper inercias y abandonar pr\u00e1cticas que han alejado a las instituciones de la ciudadan\u00eda, indic\u00f3<\/li>\n<\/ul>\n\n\n\n<p>La titular del Poder Judicial del Estado, magistrada Erika Mar\u00eda Rodr\u00edguez Rodr\u00edguez present\u00f3 este viernes su Informe de Actividades 2025, as\u00ed como el balance de los primeros 100 d\u00edas de su gesti\u00f3n al frente del Tribunal Superior de Justicia y del Consejo de la Judicatura, donde destac\u00f3 la reingenier\u00eda integral puesta en marcha al interior de la instituci\u00f3n para revertir rezagos hist\u00f3ricos y acercar los servicios al pueblo.<\/p>\n\n\n\n<p>En Sesi\u00f3n Solemne conjunta de los Plenos, a la que asistieron como invitados especiales el gobernador Salom\u00f3n Jara Cruz y las presidentas de la Junta de Coordinaci\u00f3n Pol\u00edtica, diputada Tania Caballero Navarro y de la Mesa Directiva de la LXVI Legislatura, diputada Eva Diego Cruz, indic\u00f3 que los primeros meses de su gesti\u00f3n se realiz\u00f3 un diagn\u00f3stico con quienes sostienen diariamente la operaci\u00f3n jurisdiccional y a partir de este proceso se defini\u00f3 una estrategia de reorganizaci\u00f3n.<\/p>\n\n\n\n<p>\u201cUn Poder Judicial distante no sirve; un Poder Judicial temeroso no transforma: un Poder Judicial que no escucha se convierte, sin quererlo, en c\u00f3mplice del orden que genera injusticias. Por eso hemos decidido romper inercias, eliminar pr\u00e1cticas nocivas, sacudir estructuras internas y salir al territorio, porque la justicia s\u00f3lo se vuelve verdadera cuando se acerca a las personas, cuando reconoce la desigualdad y cuando se atreve a corregirla\u201d, enfatiz\u00f3.<\/p>\n\n\n\n<p>Puntualiz\u00f3 que uno de los avances m\u00e1s significativos en este periodo fue la implementaci\u00f3n del programa \u201cJusticia m\u00e1s cerca de ti\u201d, a trav\u00e9s del cual magistradas, magistrados, juezas, jueces y personal judicial ya han recorrido los municipios de San Pedro Pochutla, en la Costa; Ixtl\u00e1n de Ju\u00e1rez, en la Sierra Ju\u00e1rez y Santo Domingo Tehuantepec, en el Istmo. \u201cNos levantamos del escritorio para ir al territorio\u201d.<\/p>\n\n\n\n<p>El objetivo, explic\u00f3, es escuchar directamente a las personas, atender dudas sobre procesos judiciales y fortalecer la confianza en las instituciones. Adem\u00e1s, como parte de la estrategia, magistradas y magistrados impartieron conferencias en universidades de estas zonas, con el fin de promover la cultura de la legalidad en la comunidad estudiantil.<\/p>\n\n\n\n<p>Respecto a la reingenier\u00eda integral, inform\u00f3 que se realizaron 28 cambios de adscripci\u00f3n de jueces, 26 de secretarios de acuerdos, cinco nuevas designaciones y la habilitaci\u00f3n de ocho secretarios para dictar sentencias. Asimismo, se cre\u00f3 el Primer y Segundo Tribunal de Enjuiciamiento del Estado, con el objetivo de atender de manera m\u00e1s eficiente la demanda de justicia en todas las regiones.<\/p>\n\n\n\n<p>En materia acad\u00e9mica y de profesionalizaci\u00f3n, la Magistrada Presidenta mencion\u00f3 la firma y reactivaci\u00f3n de convenios con la Universidad de Medell\u00edn, Colombia y la Universidad de Perugia, Italia, que permitieron relanzar la Maestr\u00eda en Derecho Judicial, abrir convocatoria para su tercera generaci\u00f3n e impulsar el Doctorado en Derecho.<\/p>\n\n\n\n<p>Tambi\u00e9n destac\u00f3 las capacitaciones a 343 operadores judiciales y los avances en la implementaci\u00f3n del C\u00f3digo Nacional de Procedimientos Civiles y Familiares.<\/p>\n\n\n\n<p>El informe completo se puede consultar en el enlace: <a href=\"https:\/\/www.youtube.com\/watch?v=Dh0-9S1qrEQ\">https:\/\/www.youtube.com\/watch?v=Dh0-9S1qrEQ<\/a><\/p>\n","protected":false},"excerpt":{"rendered":"<p>La titular del Poder Judicial del Estado, magistrada Erika Mar\u00eda Rodr\u00edguez Rodr\u00edguez present\u00f3 este viernes&#8230;<\/p>\n","protected":false},"author":2,"featured_media":4354,"comment_status":"open","ping_status":"closed","sticky":false,"template":"","format":"standard","meta":{"footnotes":""},"categories":[3],"tags":[],"class_list":["post-4369","post","type-post","status-publish","format-standard","has-post-thumbnail","hentry","category-comunicadosdeprensa"],"yoast_head":"<!-- This site is optimized with the Yoast SEO plugin v27.5 - https:\/\/yoast.com\/product\/yoast-seo-wordpress\/ -->\n<title>Presenta magistrada Erika Rodr\u00edguez Informe 2025 y resultados de sus primeros 100 d\u00edas al frente del PJEO - CV Noticias<\/title>\n<meta name=\"robots\" content=\"index, follow, max-snippet:-1, max-image-preview:large, max-video-preview:-1\" \/>\n<link rel=\"canonical\" href=\"https:\/\/cvnoticias.com\/nuevapagina\/index.php\/2025\/12\/13\/presenta-magistrada-erika-rodriguez-informe-2025-y-resultados-de-sus-primeros-100-dias-al-frente-del-pjeo\/\" \/>\n<meta property=\"og:locale\" content=\"es_ES\" \/>\n<meta property=\"og:type\" content=\"article\" \/>\n<meta property=\"og:title\" content=\"Presenta magistrada Erika Rodr\u00edguez Informe 2025 y resultados de sus primeros 100 d\u00edas al frente del PJEO - CV Noticias\" \/>\n<meta property=\"og:description\" content=\"La titular del Poder Judicial del Estado, magistrada Erika Mar\u00eda Rodr\u00edguez Rodr\u00edguez present\u00f3 este viernes...\" \/>\n<meta property=\"og:url\" content=\"https:\/\/cvnoticias.com\/nuevapagina\/index.php\/2025\/12\/13\/presenta-magistrada-erika-rodriguez-informe-2025-y-resultados-de-sus-primeros-100-dias-al-frente-del-pjeo\/\" \/>\n<meta property=\"og:site_name\" content=\"CV Noticias\" \/>\n<meta property=\"article:published_time\" content=\"2025-12-13T14:22:16+00:00\" \/>\n<meta property=\"article:modified_time\" content=\"2025-12-13T14:22:17+00:00\" \/>\n<meta property=\"og:image\" content=\"https:\/\/cvnoticias.com\/nuevapagina\/wp-content\/uploads\/2025\/12\/WhatsApp-Image-2025-12-12-at-5.52.34-PM.jpeg\" \/>\n\t<meta property=\"og:image:width\" content=\"1280\" \/>\n\t<meta property=\"og:image:height\" content=\"853\" \/>\n\t<meta property=\"og:image:type\" content=\"image\/jpeg\" \/>\n<meta name=\"author\" content=\"CvNoticias\" \/>\n<meta name=\"twitter:card\" content=\"summary_large_image\" \/>\n<meta name=\"twitter:label1\" content=\"Escrito por\" \/>\n\t<meta name=\"twitter:data1\" content=\"CvNoticias\" \/>\n\t<meta name=\"twitter:label2\" content=\"Tiempo de lectura\" \/>\n\t<meta name=\"twitter:data2\" content=\"3 minutos\" \/>\n<script type=\"application\/ld+json\" class=\"yoast-schema-graph\">{\"@context\":\"https:\\\/\\\/schema.org\",\"@graph\":[{\"@type\":\"Article\",\"@id\":\"https:\\\/\\\/cvnoticias.com\\\/nuevapagina\\\/index.php\\\/2025\\\/12\\\/13\\\/presenta-magistrada-erika-rodriguez-informe-2025-y-resultados-de-sus-primeros-100-dias-al-frente-del-pjeo\\\/#article\",\"isPartOf\":{\"@id\":\"https:\\\/\\\/cvnoticias.com\\\/nuevapagina\\\/index.php\\\/2025\\\/12\\\/13\\\/presenta-magistrada-erika-rodriguez-informe-2025-y-resultados-de-sus-primeros-100-dias-al-frente-del-pjeo\\\/\"},\"author\":{\"name\":\"CvNoticias\",\"@id\":\"https:\\\/\\\/cvnoticias.com\\\/nuevapagina\\\/#\\\/schema\\\/person\\\/19e35f246421a31486be7321065f7463\"},\"headline\":\"Presenta magistrada Erika Rodr\u00edguez Informe 2025 y resultados de sus primeros 100 d\u00edas al frente del PJEO\",\"datePublished\":\"2025-12-13T14:22:16+00:00\",\"dateModified\":\"2025-12-13T14:22:17+00:00\",\"mainEntityOfPage\":{\"@id\":\"https:\\\/\\\/cvnoticias.com\\\/nuevapagina\\\/index.php\\\/2025\\\/12\\\/13\\\/presenta-magistrada-erika-rodriguez-informe-2025-y-resultados-de-sus-primeros-100-dias-al-frente-del-pjeo\\\/\"},\"wordCount\":557,\"commentCount\":0,\"publisher\":{\"@id\":\"https:\\\/\\\/cvnoticias.com\\\/nuevapagina\\\/#organization\"},\"image\":{\"@id\":\"https:\\\/\\\/cvnoticias.com\\\/nuevapagina\\\/index.php\\\/2025\\\/12\\\/13\\\/presenta-magistrada-erika-rodriguez-informe-2025-y-resultados-de-sus-primeros-100-dias-al-frente-del-pjeo\\\/#primaryimage\"},\"thumbnailUrl\":\"https:\\\/\\\/cvnoticias.com\\\/nuevapagina\\\/wp-content\\\/uploads\\\/2025\\\/12\\\/WhatsApp-Image-2025-12-12-at-5.52.34-PM.jpeg\",\"articleSection\":[\"Comunicados\"],\"inLanguage\":\"es\",\"potentialAction\":[{\"@type\":\"CommentAction\",\"name\":\"Comment\",\"target\":[\"https:\\\/\\\/cvnoticias.com\\\/nuevapagina\\\/index.php\\\/2025\\\/12\\\/13\\\/presenta-magistrada-erika-rodriguez-informe-2025-y-resultados-de-sus-primeros-100-dias-al-frente-del-pjeo\\\/#respond\"]}]},{\"@type\":\"WebPage\",\"@id\":\"https:\\\/\\\/cvnoticias.com\\\/nuevapagina\\\/index.php\\\/2025\\\/12\\\/13\\\/presenta-magistrada-erika-rodriguez-informe-2025-y-resultados-de-sus-primeros-100-dias-al-frente-del-pjeo\\\/\",\"url\":\"https:\\\/\\\/cvnoticias.com\\\/nuevapagina\\\/index.php\\\/2025\\\/12\\\/13\\\/presenta-magistrada-erika-rodriguez-informe-2025-y-resultados-de-sus-primeros-100-dias-al-frente-del-pjeo\\\/\",\"name\":\"Presenta magistrada Erika Rodr\u00edguez Informe 2025 y resultados de sus primeros 100 d\u00edas al frente del PJEO - CV Noticias\",\"isPartOf\":{\"@id\":\"https:\\\/\\\/cvnoticias.com\\\/nuevapagina\\\/#website\"},\"primaryImageOfPage\":{\"@id\":\"https:\\\/\\\/cvnoticias.com\\\/nuevapagina\\\/index.php\\\/2025\\\/12\\\/13\\\/presenta-magistrada-erika-rodriguez-informe-2025-y-resultados-de-sus-primeros-100-dias-al-frente-del-pjeo\\\/#primaryimage\"},\"image\":{\"@id\":\"https:\\\/\\\/cvnoticias.com\\\/nuevapagina\\\/index.php\\\/2025\\\/12\\\/13\\\/presenta-magistrada-erika-rodriguez-informe-2025-y-resultados-de-sus-primeros-100-dias-al-frente-del-pjeo\\\/#primaryimage\"},\"thumbnailUrl\":\"https:\\\/\\\/cvnoticias.com\\\/nuevapagina\\\/wp-content\\\/uploads\\\/2025\\\/12\\\/WhatsApp-Image-2025-12-12-at-5.52.34-PM.jpeg\",\"datePublished\":\"2025-12-13T14:22:16+00:00\",\"dateModified\":\"2025-12-13T14:22:17+00:00\",\"breadcrumb\":{\"@id\":\"https:\\\/\\\/cvnoticias.com\\\/nuevapagina\\\/index.php\\\/2025\\\/12\\\/13\\\/presenta-magistrada-erika-rodriguez-informe-2025-y-resultados-de-sus-primeros-100-dias-al-frente-del-pjeo\\\/#breadcrumb\"},\"inLanguage\":\"es\",\"potentialAction\":[{\"@type\":\"ReadAction\",\"target\":[\"https:\\\/\\\/cvnoticias.com\\\/nuevapagina\\\/index.php\\\/2025\\\/12\\\/13\\\/presenta-magistrada-erika-rodriguez-informe-2025-y-resultados-de-sus-primeros-100-dias-al-frente-del-pjeo\\\/\"]}]},{\"@type\":\"ImageObject\",\"inLanguage\":\"es\",\"@id\":\"https:\\\/\\\/cvnoticias.com\\\/nuevapagina\\\/index.php\\\/2025\\\/12\\\/13\\\/presenta-magistrada-erika-rodriguez-informe-2025-y-resultados-de-sus-primeros-100-dias-al-frente-del-pjeo\\\/#primaryimage\",\"url\":\"https:\\\/\\\/cvnoticias.com\\\/nuevapagina\\\/wp-content\\\/uploads\\\/2025\\\/12\\\/WhatsApp-Image-2025-12-12-at-5.52.34-PM.jpeg\",\"contentUrl\":\"https:\\\/\\\/cvnoticias.com\\\/nuevapagina\\\/wp-content\\\/uploads\\\/2025\\\/12\\\/WhatsApp-Image-2025-12-12-at-5.52.34-PM.jpeg\",\"width\":1280,\"height\":853},{\"@type\":\"BreadcrumbList\",\"@id\":\"https:\\\/\\\/cvnoticias.com\\\/nuevapagina\\\/index.php\\\/2025\\\/12\\\/13\\\/presenta-magistrada-erika-rodriguez-informe-2025-y-resultados-de-sus-primeros-100-dias-al-frente-del-pjeo\\\/#breadcrumb\",\"itemListElement\":[{\"@type\":\"ListItem\",\"position\":1,\"name\":\"Portada\",\"item\":\"https:\\\/\\\/cvnoticias.com\\\/nuevapagina\\\/\"},{\"@type\":\"ListItem\",\"position\":2,\"name\":\"Presenta magistrada Erika Rodr\u00edguez Informe 2025 y resultados de sus primeros 100 d\u00edas al frente del PJEO\"}]},{\"@type\":\"WebSite\",\"@id\":\"https:\\\/\\\/cvnoticias.com\\\/nuevapagina\\\/#website\",\"url\":\"https:\\\/\\\/cvnoticias.com\\\/nuevapagina\\\/\",\"name\":\"CV Noticias\",\"description\":\"Noticias de Oaxaca\",\"publisher\":{\"@id\":\"https:\\\/\\\/cvnoticias.com\\\/nuevapagina\\\/#organization\"},\"potentialAction\":[{\"@type\":\"SearchAction\",\"target\":{\"@type\":\"EntryPoint\",\"urlTemplate\":\"https:\\\/\\\/cvnoticias.com\\\/nuevapagina\\\/?s={search_term_string}\"},\"query-input\":{\"@type\":\"PropertyValueSpecification\",\"valueRequired\":true,\"valueName\":\"search_term_string\"}}],\"inLanguage\":\"es\"},{\"@type\":\"Organization\",\"@id\":\"https:\\\/\\\/cvnoticias.com\\\/nuevapagina\\\/#organization\",\"name\":\"CV Noticias\",\"url\":\"https:\\\/\\\/cvnoticias.com\\\/nuevapagina\\\/\",\"logo\":{\"@type\":\"ImageObject\",\"inLanguage\":\"es\",\"@id\":\"https:\\\/\\\/cvnoticias.com\\\/nuevapagina\\\/#\\\/schema\\\/logo\\\/image\\\/\",\"url\":\"https:\\\/\\\/cvnoticias.com\\\/nuevapagina\\\/wp-content\\\/uploads\\\/2025\\\/05\\\/cropped-logo-1.png\",\"contentUrl\":\"https:\\\/\\\/cvnoticias.com\\\/nuevapagina\\\/wp-content\\\/uploads\\\/2025\\\/05\\\/cropped-logo-1.png\",\"width\":320,\"height\":118,\"caption\":\"CV Noticias\"},\"image\":{\"@id\":\"https:\\\/\\\/cvnoticias.com\\\/nuevapagina\\\/#\\\/schema\\\/logo\\\/image\\\/\"}},{\"@type\":\"Person\",\"@id\":\"https:\\\/\\\/cvnoticias.com\\\/nuevapagina\\\/#\\\/schema\\\/person\\\/19e35f246421a31486be7321065f7463\",\"name\":\"CvNoticias\",\"image\":{\"@type\":\"ImageObject\",\"inLanguage\":\"es\",\"@id\":\"https:\\\/\\\/secure.gravatar.com\\\/avatar\\\/c3a4375d38fd8f9b34ac9e853cb706a079817c78f9a39e33b16a2b2b2e51688a?s=96&d=mm&r=g\",\"url\":\"https:\\\/\\\/secure.gravatar.com\\\/avatar\\\/c3a4375d38fd8f9b34ac9e853cb706a079817c78f9a39e33b16a2b2b2e51688a?s=96&d=mm&r=g\",\"contentUrl\":\"https:\\\/\\\/secure.gravatar.com\\\/avatar\\\/c3a4375d38fd8f9b34ac9e853cb706a079817c78f9a39e33b16a2b2b2e51688a?s=96&d=mm&r=g\",\"caption\":\"CvNoticias\"},\"url\":\"https:\\\/\\\/cvnoticias.com\\\/nuevapagina\\\/index.php\\\/author\\\/gesner\\\/\"}]}<\/script>\n<!-- \/ Yoast SEO plugin. -->","yoast_head_json":{"title":"Presenta magistrada Erika Rodr\u00edguez Informe 2025 y resultados de sus primeros 100 d\u00edas al frente del PJEO - CV Noticias","robots":{"index":"index","follow":"follow","max-snippet":"max-snippet:-1","max-image-preview":"max-image-preview:large","max-video-preview":"max-video-preview:-1"},"canonical":"https:\/\/cvnoticias.com\/nuevapagina\/index.php\/2025\/12\/13\/presenta-magistrada-erika-rodriguez-informe-2025-y-resultados-de-sus-primeros-100-dias-al-frente-del-pjeo\/","og_locale":"es_ES","og_type":"article","og_title":"Presenta magistrada Erika Rodr\u00edguez Informe 2025 y resultados de sus primeros 100 d\u00edas al frente del PJEO - CV Noticias","og_description":"La titular del Poder Judicial del Estado, magistrada Erika Mar\u00eda Rodr\u00edguez Rodr\u00edguez present\u00f3 este viernes...","og_url":"https:\/\/cvnoticias.com\/nuevapagina\/index.php\/2025\/12\/13\/presenta-magistrada-erika-rodriguez-informe-2025-y-resultados-de-sus-primeros-100-dias-al-frente-del-pjeo\/","og_site_name":"CV Noticias","article_published_time":"2025-12-13T14:22:16+00:00","article_modified_time":"2025-12-13T14:22:17+00:00","og_image":[{"width":1280,"height":853,"url":"https:\/\/cvnoticias.com\/nuevapagina\/wp-content\/uploads\/2025\/12\/WhatsApp-Image-2025-12-12-at-5.52.34-PM.jpeg","type":"image\/jpeg"}],"author":"CvNoticias","twitter_card":"summary_large_image","twitter_misc":{"Escrito por":"CvNoticias","Tiempo de lectura":"3 minutos"},"schema":{"@context":"https:\/\/schema.org","@graph":[{"@type":"Article","@id":"https:\/\/cvnoticias.com\/nuevapagina\/index.php\/2025\/12\/13\/presenta-magistrada-erika-rodriguez-informe-2025-y-resultados-de-sus-primeros-100-dias-al-frente-del-pjeo\/#article","isPartOf":{"@id":"https:\/\/cvnoticias.com\/nuevapagina\/index.php\/2025\/12\/13\/presenta-magistrada-erika-rodriguez-informe-2025-y-resultados-de-sus-primeros-100-dias-al-frente-del-pjeo\/"},"author":{"name":"CvNoticias","@id":"https:\/\/cvnoticias.com\/nuevapagina\/#\/schema\/person\/19e35f246421a31486be7321065f7463"},"headline":"Presenta magistrada Erika Rodr\u00edguez Informe 2025 y resultados de sus primeros 100 d\u00edas al frente del PJEO","datePublished":"2025-12-13T14:22:16+00:00","dateModified":"2025-12-13T14:22:17+00:00","mainEntityOfPage":{"@id":"https:\/\/cvnoticias.com\/nuevapagina\/index.php\/2025\/12\/13\/presenta-magistrada-erika-rodriguez-informe-2025-y-resultados-de-sus-primeros-100-dias-al-frente-del-pjeo\/"},"wordCount":557,"commentCount":0,"publisher":{"@id":"https:\/\/cvnoticias.com\/nuevapagina\/#organization"},"image":{"@id":"https:\/\/cvnoticias.com\/nuevapagina\/index.php\/2025\/12\/13\/presenta-magistrada-erika-rodriguez-informe-2025-y-resultados-de-sus-primeros-100-dias-al-frente-del-pjeo\/#primaryimage"},"thumbnailUrl":"https:\/\/cvnoticias.com\/nuevapagina\/wp-content\/uploads\/2025\/12\/WhatsApp-Image-2025-12-12-at-5.52.34-PM.jpeg","articleSection":["Comunicados"],"inLanguage":"es","potentialAction":[{"@type":"CommentAction","name":"Comment","target":["https:\/\/cvnoticias.com\/nuevapagina\/index.php\/2025\/12\/13\/presenta-magistrada-erika-rodriguez-informe-2025-y-resultados-de-sus-primeros-100-dias-al-frente-del-pjeo\/#respond"]}]},{"@type":"WebPage","@id":"https:\/\/cvnoticias.com\/nuevapagina\/index.php\/2025\/12\/13\/presenta-magistrada-erika-rodriguez-informe-2025-y-resultados-de-sus-primeros-100-dias-al-frente-del-pjeo\/","url":"https:\/\/cvnoticias.com\/nuevapagina\/index.php\/2025\/12\/13\/presenta-magistrada-erika-rodriguez-informe-2025-y-resultados-de-sus-primeros-100-dias-al-frente-del-pjeo\/","name":"Presenta magistrada Erika Rodr\u00edguez Informe 2025 y resultados de sus primeros 100 d\u00edas al frente del PJEO - CV Noticias","isPartOf":{"@id":"https:\/\/cvnoticias.com\/nuevapagina\/#website"},"primaryImageOfPage":{"@id":"https:\/\/cvnoticias.com\/nuevapagina\/index.php\/2025\/12\/13\/presenta-magistrada-erika-rodriguez-informe-2025-y-resultados-de-sus-primeros-100-dias-al-frente-del-pjeo\/#primaryimage"},"image":{"@id":"https:\/\/cvnoticias.com\/nuevapagina\/index.php\/2025\/12\/13\/presenta-magistrada-erika-rodriguez-informe-2025-y-resultados-de-sus-primeros-100-dias-al-frente-del-pjeo\/#primaryimage"},"thumbnailUrl":"https:\/\/cvnoticias.com\/nuevapagina\/wp-content\/uploads\/2025\/12\/WhatsApp-Image-2025-12-12-at-5.52.34-PM.jpeg","datePublished":"2025-12-13T14:22:16+00:00","dateModified":"2025-12-13T14:22:17+00:00","breadcrumb":{"@id":"https:\/\/cvnoticias.com\/nuevapagina\/index.php\/2025\/12\/13\/presenta-magistrada-erika-rodriguez-informe-2025-y-resultados-de-sus-primeros-100-dias-al-frente-del-pjeo\/#breadcrumb"},"inLanguage":"es","potentialAction":[{"@type":"ReadAction","target":["https:\/\/cvnoticias.com\/nuevapagina\/index.php\/2025\/12\/13\/presenta-magistrada-erika-rodriguez-informe-2025-y-resultados-de-sus-primeros-100-dias-al-frente-del-pjeo\/"]}]},{"@type":"ImageObject","inLanguage":"es","@id":"https:\/\/cvnoticias.com\/nuevapagina\/index.php\/2025\/12\/13\/presenta-magistrada-erika-rodriguez-informe-2025-y-resultados-de-sus-primeros-100-dias-al-frente-del-pjeo\/#primaryimage","url":"https:\/\/cvnoticias.com\/nuevapagina\/wp-content\/uploads\/2025\/12\/WhatsApp-Image-2025-12-12-at-5.52.34-PM.jpeg","contentUrl":"https:\/\/cvnoticias.com\/nuevapagina\/wp-content\/uploads\/2025\/12\/WhatsApp-Image-2025-12-12-at-5.52.34-PM.jpeg","width":1280,"height":853},{"@type":"BreadcrumbList","@id":"https:\/\/cvnoticias.com\/nuevapagina\/index.php\/2025\/12\/13\/presenta-magistrada-erika-rodriguez-informe-2025-y-resultados-de-sus-primeros-100-dias-al-frente-del-pjeo\/#breadcrumb","itemListElement":[{"@type":"ListItem","position":1,"name":"Portada","item":"https:\/\/cvnoticias.com\/nuevapagina\/"},{"@type":"ListItem","position":2,"name":"Presenta magistrada Erika Rodr\u00edguez Informe 2025 y resultados de sus primeros 100 d\u00edas al frente del PJEO"}]},{"@type":"WebSite","@id":"https:\/\/cvnoticias.com\/nuevapagina\/#website","url":"https:\/\/cvnoticias.com\/nuevapagina\/","name":"CV Noticias","description":"Noticias de Oaxaca","publisher":{"@id":"https:\/\/cvnoticias.com\/nuevapagina\/#organization"},"potentialAction":[{"@type":"SearchAction","target":{"@type":"EntryPoint","urlTemplate":"https:\/\/cvnoticias.com\/nuevapagina\/?s={search_term_string}"},"query-input":{"@type":"PropertyValueSpecification","valueRequired":true,"valueName":"search_term_string"}}],"inLanguage":"es"},{"@type":"Organization","@id":"https:\/\/cvnoticias.com\/nuevapagina\/#organization","name":"CV Noticias","url":"https:\/\/cvnoticias.com\/nuevapagina\/","logo":{"@type":"ImageObject","inLanguage":"es","@id":"https:\/\/cvnoticias.com\/nuevapagina\/#\/schema\/logo\/image\/","url":"https:\/\/cvnoticias.com\/nuevapagina\/wp-content\/uploads\/2025\/05\/cropped-logo-1.png","contentUrl":"https:\/\/cvnoticias.com\/nuevapagina\/wp-content\/uploads\/2025\/05\/cropped-logo-1.png","width":320,"height":118,"caption":"CV Noticias"},"image":{"@id":"https:\/\/cvnoticias.com\/nuevapagina\/#\/schema\/logo\/image\/"}},{"@type":"Person","@id":"https:\/\/cvnoticias.com\/nuevapagina\/#\/schema\/person\/19e35f246421a31486be7321065f7463","name":"CvNoticias","image":{"@type":"ImageObject","inLanguage":"es","@id":"https:\/\/secure.gravatar.com\/avatar\/c3a4375d38fd8f9b34ac9e853cb706a079817c78f9a39e33b16a2b2b2e51688a?s=96&d=mm&r=g","url":"https:\/\/secure.gravatar.com\/avatar\/c3a4375d38fd8f9b34ac9e853cb706a079817c78f9a39e33b16a2b2b2e51688a?s=96&d=mm&r=g","contentUrl":"https:\/\/secure.gravatar.com\/avatar\/c3a4375d38fd8f9b34ac9e853cb706a079817c78f9a39e33b16a2b2b2e51688a?s=96&d=mm&r=g","caption":"CvNoticias"},"url":"https:\/\/cvnoticias.com\/nuevapagina\/index.php\/author\/gesner\/"}]}},"_links":{"self":[{"href":"https:\/\/cvnoticias.com\/nuevapagina\/index.php\/wp-json\/wp\/v2\/posts\/4369","targetHints":{"allow":["GET"]}}],"collection":[{"href":"https:\/\/cvnoticias.com\/nuevapagina\/index.php\/wp-json\/wp\/v2\/posts"}],"about":[{"href":"https:\/\/cvnoticias.com\/nuevapagina\/index.php\/wp-json\/wp\/v2\/types\/post"}],"author":[{"embeddable":true,"href":"https:\/\/cvnoticias.com\/nuevapagina\/index.php\/wp-json\/wp\/v2\/users\/2"}],"replies":[{"embeddable":true,"href":"https:\/\/cvnoticias.com\/nuevapagina\/index.php\/wp-json\/wp\/v2\/comments?post=4369"}],"version-history":[{"count":1,"href":"https:\/\/cvnoticias.com\/nuevapagina\/index.php\/wp-json\/wp\/v2\/posts\/4369\/revisions"}],"predecessor-version":[{"id":4370,"href":"https:\/\/cvnoticias.com\/nuevapagina\/index.php\/wp-json\/wp\/v2\/posts\/4369\/revisions\/4370"}],"wp:featuredmedia":[{"embeddable":true,"href":"https:\/\/cvnoticias.com\/nuevapagina\/index.php\/wp-json\/wp\/v2\/media\/4354"}],"wp:attachment":[{"href":"https:\/\/cvnoticias.com\/nuevapagina\/index.php\/wp-json\/wp\/v2\/media?parent=4369"}],"wp:term":[{"taxonomy":"category","embeddable":true,"href":"https:\/\/cvnoticias.com\/nuevapagina\/index.php\/wp-json\/wp\/v2\/categories?post=4369"},{"taxonomy":"post_tag","embeddable":true,"href":"https:\/\/cvnoticias.com\/nuevapagina\/index.php\/wp-json\/wp\/v2\/tags?post=4369"}],"curies":[{"name":"wp","href":"https:\/\/api.w.org\/{rel}","templated":true}]}}