{"id":4367,"date":"2025-12-13T14:20:29","date_gmt":"2025-12-13T14:20:29","guid":{"rendered":"https:\/\/cvnoticias.com\/nuevapagina\/?p=4367"},"modified":"2025-12-13T14:20:31","modified_gmt":"2025-12-13T14:20:31","slug":"en-un-acto-de-justicia-social-cadh-devela-el-memorial-en-honor-al-profesor-modesto-patolzin-moicen","status":"publish","type":"post","link":"https:\/\/cvnoticias.com\/nuevapagina\/index.php\/2025\/12\/13\/en-un-acto-de-justicia-social-cadh-devela-el-memorial-en-honor-al-profesor-modesto-patolzin-moicen\/","title":{"rendered":"En un acto de justicia social, CADH devela el Memorial en honor al profesor Modesto Patolzin Moic\u00e9n"},"content":{"rendered":"\n<p><\/p>\n\n\n\n<p>\u2022 Tambi\u00e9n se llev\u00f3 a cabo el panel \u201cPor la verdad y la justicia\u201d que abord\u00f3 los retos y pendientes en torno a la desaparici\u00f3n forzada en M\u00e9xico<\/p>\n\n\n\n<p>La Coordinaci\u00f3n para la Atenci\u00f3n de los Derechos Humanos (CADH), que encabeza Flor Estela Morales Hern\u00e1ndez, devel\u00f3 el Memorial dedicado al profesor Modesto Patolzin Moic\u00e9n, desaparecido en 1988 durante la llamada Guerra Sucia en M\u00e9xico.<\/p>\n\n\n\n<p>En este acto en el que tambi\u00e9n se present\u00f3 la Memoria Hist\u00f3rico-Social del docente, se cont\u00f3 con la presencia de su esposa, la profesora Liboria Miranda Silva y la Coordinadora contra la Represi\u00f3n y la Justicia de la Secci\u00f3n XXII del Sindicato Nacional de Trabajadores de la Educaci\u00f3n (SNTE).<\/p>\n\n\n\n<p>Como parte del acto se llev\u00f3 a cabo el panel \u201cPor la verdad y la justicia\u201d, con la participaci\u00f3n de Juan Carlos Guti\u00e9rrez, coordinador jur\u00eddico de IDHEAS Litigio Estrat\u00e9gico en Derechos Humanos; Dominga Radilla Mart\u00ednez \u201cTita Radilla\u201d y Miranda Silva; quienes expusieron los retos y pendientes en torno a la desaparici\u00f3n forzada en M\u00e9xico.<\/p>\n\n\n\n<p>Tambi\u00e9n se present\u00f3 un documental que aborda la evoluci\u00f3n hist\u00f3rica y jur\u00eddica del reconocimiento de este delito, considerado hoy una de las violaciones m\u00e1s graves a los derechos humanos.<\/p>\n\n\n\n<p>Morales Hern\u00e1ndez, expres\u00f3 el compromiso del Gobierno de Oaxaca con la verdad, justicia y memoria; impulsando mecanismos de b\u00fasqueda m\u00e1s s\u00f3lidos, acompa\u00f1amiento integral a las familias y procesos de esclarecimiento hist\u00f3rico.<\/p>\n","protected":false},"excerpt":{"rendered":"<p>\u2022 Tambi\u00e9n se llev\u00f3 a cabo el panel \u201cPor la verdad y la justicia\u201d que&#8230;<\/p>\n","protected":false},"author":2,"featured_media":4355,"comment_status":"open","ping_status":"closed","sticky":false,"template":"","format":"standard","meta":{"footnotes":""},"categories":[3],"tags":[],"class_list":["post-4367","post","type-post","status-publish","format-standard","has-post-thumbnail","hentry","category-comunicadosdeprensa"],"yoast_head":"<!-- This site is optimized with the Yoast SEO plugin v27.5 - https:\/\/yoast.com\/product\/yoast-seo-wordpress\/ -->\n<title>En un acto de justicia social, CADH devela el Memorial en honor al profesor Modesto Patolzin Moic\u00e9n - CV Noticias<\/title>\n<meta name=\"robots\" content=\"index, follow, max-snippet:-1, max-image-preview:large, max-video-preview:-1\" \/>\n<link rel=\"canonical\" href=\"https:\/\/cvnoticias.com\/nuevapagina\/index.php\/2025\/12\/13\/en-un-acto-de-justicia-social-cadh-devela-el-memorial-en-honor-al-profesor-modesto-patolzin-moicen\/\" \/>\n<meta property=\"og:locale\" content=\"es_ES\" \/>\n<meta property=\"og:type\" content=\"article\" \/>\n<meta property=\"og:title\" content=\"En un acto de justicia social, CADH devela el Memorial en honor al profesor Modesto Patolzin Moic\u00e9n - CV Noticias\" \/>\n<meta property=\"og:description\" content=\"\u2022 Tambi\u00e9n se llev\u00f3 a cabo el panel \u201cPor la verdad y la justicia\u201d que...\" \/>\n<meta property=\"og:url\" content=\"https:\/\/cvnoticias.com\/nuevapagina\/index.php\/2025\/12\/13\/en-un-acto-de-justicia-social-cadh-devela-el-memorial-en-honor-al-profesor-modesto-patolzin-moicen\/\" \/>\n<meta property=\"og:site_name\" content=\"CV Noticias\" \/>\n<meta property=\"article:published_time\" content=\"2025-12-13T14:20:29+00:00\" \/>\n<meta property=\"article:modified_time\" content=\"2025-12-13T14:20:31+00:00\" \/>\n<meta property=\"og:image\" content=\"https:\/\/cvnoticias.com\/nuevapagina\/wp-content\/uploads\/2025\/12\/WhatsApp-Image-2025-12-12-at-1.30.23-PM.jpeg\" \/>\n\t<meta property=\"og:image:width\" content=\"1600\" \/>\n\t<meta property=\"og:image:height\" content=\"1066\" \/>\n\t<meta property=\"og:image:type\" content=\"image\/jpeg\" \/>\n<meta name=\"author\" content=\"CvNoticias\" \/>\n<meta name=\"twitter:card\" content=\"summary_large_image\" \/>\n<meta name=\"twitter:label1\" content=\"Escrito por\" \/>\n\t<meta name=\"twitter:data1\" content=\"CvNoticias\" \/>\n\t<meta name=\"twitter:label2\" content=\"Tiempo de lectura\" \/>\n\t<meta name=\"twitter:data2\" content=\"2 minutos\" \/>\n<script type=\"application\/ld+json\" class=\"yoast-schema-graph\">{\"@context\":\"https:\\\/\\\/schema.org\",\"@graph\":[{\"@type\":\"Article\",\"@id\":\"https:\\\/\\\/cvnoticias.com\\\/nuevapagina\\\/index.php\\\/2025\\\/12\\\/13\\\/en-un-acto-de-justicia-social-cadh-devela-el-memorial-en-honor-al-profesor-modesto-patolzin-moicen\\\/#article\",\"isPartOf\":{\"@id\":\"https:\\\/\\\/cvnoticias.com\\\/nuevapagina\\\/index.php\\\/2025\\\/12\\\/13\\\/en-un-acto-de-justicia-social-cadh-devela-el-memorial-en-honor-al-profesor-modesto-patolzin-moicen\\\/\"},\"author\":{\"name\":\"CvNoticias\",\"@id\":\"https:\\\/\\\/cvnoticias.com\\\/nuevapagina\\\/#\\\/schema\\\/person\\\/19e35f246421a31486be7321065f7463\"},\"headline\":\"En un acto de justicia social, CADH devela el Memorial en honor al profesor Modesto Patolzin Moic\u00e9n\",\"datePublished\":\"2025-12-13T14:20:29+00:00\",\"dateModified\":\"2025-12-13T14:20:31+00:00\",\"mainEntityOfPage\":{\"@id\":\"https:\\\/\\\/cvnoticias.com\\\/nuevapagina\\\/index.php\\\/2025\\\/12\\\/13\\\/en-un-acto-de-justicia-social-cadh-devela-el-memorial-en-honor-al-profesor-modesto-patolzin-moicen\\\/\"},\"wordCount\":273,\"commentCount\":0,\"publisher\":{\"@id\":\"https:\\\/\\\/cvnoticias.com\\\/nuevapagina\\\/#organization\"},\"image\":{\"@id\":\"https:\\\/\\\/cvnoticias.com\\\/nuevapagina\\\/index.php\\\/2025\\\/12\\\/13\\\/en-un-acto-de-justicia-social-cadh-devela-el-memorial-en-honor-al-profesor-modesto-patolzin-moicen\\\/#primaryimage\"},\"thumbnailUrl\":\"https:\\\/\\\/cvnoticias.com\\\/nuevapagina\\\/wp-content\\\/uploads\\\/2025\\\/12\\\/WhatsApp-Image-2025-12-12-at-1.30.23-PM.jpeg\",\"articleSection\":[\"Comunicados\"],\"inLanguage\":\"es\",\"potentialAction\":[{\"@type\":\"CommentAction\",\"name\":\"Comment\",\"target\":[\"https:\\\/\\\/cvnoticias.com\\\/nuevapagina\\\/index.php\\\/2025\\\/12\\\/13\\\/en-un-acto-de-justicia-social-cadh-devela-el-memorial-en-honor-al-profesor-modesto-patolzin-moicen\\\/#respond\"]}]},{\"@type\":\"WebPage\",\"@id\":\"https:\\\/\\\/cvnoticias.com\\\/nuevapagina\\\/index.php\\\/2025\\\/12\\\/13\\\/en-un-acto-de-justicia-social-cadh-devela-el-memorial-en-honor-al-profesor-modesto-patolzin-moicen\\\/\",\"url\":\"https:\\\/\\\/cvnoticias.com\\\/nuevapagina\\\/index.php\\\/2025\\\/12\\\/13\\\/en-un-acto-de-justicia-social-cadh-devela-el-memorial-en-honor-al-profesor-modesto-patolzin-moicen\\\/\",\"name\":\"En un acto de justicia social, CADH devela el Memorial en honor al profesor Modesto Patolzin Moic\u00e9n - CV Noticias\",\"isPartOf\":{\"@id\":\"https:\\\/\\\/cvnoticias.com\\\/nuevapagina\\\/#website\"},\"primaryImageOfPage\":{\"@id\":\"https:\\\/\\\/cvnoticias.com\\\/nuevapagina\\\/index.php\\\/2025\\\/12\\\/13\\\/en-un-acto-de-justicia-social-cadh-devela-el-memorial-en-honor-al-profesor-modesto-patolzin-moicen\\\/#primaryimage\"},\"image\":{\"@id\":\"https:\\\/\\\/cvnoticias.com\\\/nuevapagina\\\/index.php\\\/2025\\\/12\\\/13\\\/en-un-acto-de-justicia-social-cadh-devela-el-memorial-en-honor-al-profesor-modesto-patolzin-moicen\\\/#primaryimage\"},\"thumbnailUrl\":\"https:\\\/\\\/cvnoticias.com\\\/nuevapagina\\\/wp-content\\\/uploads\\\/2025\\\/12\\\/WhatsApp-Image-2025-12-12-at-1.30.23-PM.jpeg\",\"datePublished\":\"2025-12-13T14:20:29+00:00\",\"dateModified\":\"2025-12-13T14:20:31+00:00\",\"breadcrumb\":{\"@id\":\"https:\\\/\\\/cvnoticias.com\\\/nuevapagina\\\/index.php\\\/2025\\\/12\\\/13\\\/en-un-acto-de-justicia-social-cadh-devela-el-memorial-en-honor-al-profesor-modesto-patolzin-moicen\\\/#breadcrumb\"},\"inLanguage\":\"es\",\"potentialAction\":[{\"@type\":\"ReadAction\",\"target\":[\"https:\\\/\\\/cvnoticias.com\\\/nuevapagina\\\/index.php\\\/2025\\\/12\\\/13\\\/en-un-acto-de-justicia-social-cadh-devela-el-memorial-en-honor-al-profesor-modesto-patolzin-moicen\\\/\"]}]},{\"@type\":\"ImageObject\",\"inLanguage\":\"es\",\"@id\":\"https:\\\/\\\/cvnoticias.com\\\/nuevapagina\\\/index.php\\\/2025\\\/12\\\/13\\\/en-un-acto-de-justicia-social-cadh-devela-el-memorial-en-honor-al-profesor-modesto-patolzin-moicen\\\/#primaryimage\",\"url\":\"https:\\\/\\\/cvnoticias.com\\\/nuevapagina\\\/wp-content\\\/uploads\\\/2025\\\/12\\\/WhatsApp-Image-2025-12-12-at-1.30.23-PM.jpeg\",\"contentUrl\":\"https:\\\/\\\/cvnoticias.com\\\/nuevapagina\\\/wp-content\\\/uploads\\\/2025\\\/12\\\/WhatsApp-Image-2025-12-12-at-1.30.23-PM.jpeg\",\"width\":1600,\"height\":1066},{\"@type\":\"BreadcrumbList\",\"@id\":\"https:\\\/\\\/cvnoticias.com\\\/nuevapagina\\\/index.php\\\/2025\\\/12\\\/13\\\/en-un-acto-de-justicia-social-cadh-devela-el-memorial-en-honor-al-profesor-modesto-patolzin-moicen\\\/#breadcrumb\",\"itemListElement\":[{\"@type\":\"ListItem\",\"position\":1,\"name\":\"Portada\",\"item\":\"https:\\\/\\\/cvnoticias.com\\\/nuevapagina\\\/\"},{\"@type\":\"ListItem\",\"position\":2,\"name\":\"En un acto de justicia social, CADH devela el Memorial en honor al profesor Modesto Patolzin Moic\u00e9n\"}]},{\"@type\":\"WebSite\",\"@id\":\"https:\\\/\\\/cvnoticias.com\\\/nuevapagina\\\/#website\",\"url\":\"https:\\\/\\\/cvnoticias.com\\\/nuevapagina\\\/\",\"name\":\"CV Noticias\",\"description\":\"Noticias de Oaxaca\",\"publisher\":{\"@id\":\"https:\\\/\\\/cvnoticias.com\\\/nuevapagina\\\/#organization\"},\"potentialAction\":[{\"@type\":\"SearchAction\",\"target\":{\"@type\":\"EntryPoint\",\"urlTemplate\":\"https:\\\/\\\/cvnoticias.com\\\/nuevapagina\\\/?s={search_term_string}\"},\"query-input\":{\"@type\":\"PropertyValueSpecification\",\"valueRequired\":true,\"valueName\":\"search_term_string\"}}],\"inLanguage\":\"es\"},{\"@type\":\"Organization\",\"@id\":\"https:\\\/\\\/cvnoticias.com\\\/nuevapagina\\\/#organization\",\"name\":\"CV Noticias\",\"url\":\"https:\\\/\\\/cvnoticias.com\\\/nuevapagina\\\/\",\"logo\":{\"@type\":\"ImageObject\",\"inLanguage\":\"es\",\"@id\":\"https:\\\/\\\/cvnoticias.com\\\/nuevapagina\\\/#\\\/schema\\\/logo\\\/image\\\/\",\"url\":\"https:\\\/\\\/cvnoticias.com\\\/nuevapagina\\\/wp-content\\\/uploads\\\/2025\\\/05\\\/cropped-logo-1.png\",\"contentUrl\":\"https:\\\/\\\/cvnoticias.com\\\/nuevapagina\\\/wp-content\\\/uploads\\\/2025\\\/05\\\/cropped-logo-1.png\",\"width\":320,\"height\":118,\"caption\":\"CV Noticias\"},\"image\":{\"@id\":\"https:\\\/\\\/cvnoticias.com\\\/nuevapagina\\\/#\\\/schema\\\/logo\\\/image\\\/\"}},{\"@type\":\"Person\",\"@id\":\"https:\\\/\\\/cvnoticias.com\\\/nuevapagina\\\/#\\\/schema\\\/person\\\/19e35f246421a31486be7321065f7463\",\"name\":\"CvNoticias\",\"image\":{\"@type\":\"ImageObject\",\"inLanguage\":\"es\",\"@id\":\"https:\\\/\\\/secure.gravatar.com\\\/avatar\\\/c3a4375d38fd8f9b34ac9e853cb706a079817c78f9a39e33b16a2b2b2e51688a?s=96&d=mm&r=g\",\"url\":\"https:\\\/\\\/secure.gravatar.com\\\/avatar\\\/c3a4375d38fd8f9b34ac9e853cb706a079817c78f9a39e33b16a2b2b2e51688a?s=96&d=mm&r=g\",\"contentUrl\":\"https:\\\/\\\/secure.gravatar.com\\\/avatar\\\/c3a4375d38fd8f9b34ac9e853cb706a079817c78f9a39e33b16a2b2b2e51688a?s=96&d=mm&r=g\",\"caption\":\"CvNoticias\"},\"url\":\"https:\\\/\\\/cvnoticias.com\\\/nuevapagina\\\/index.php\\\/author\\\/gesner\\\/\"}]}<\/script>\n<!-- \/ Yoast SEO plugin. -->","yoast_head_json":{"title":"En un acto de justicia social, CADH devela el Memorial en honor al profesor Modesto Patolzin Moic\u00e9n - CV Noticias","robots":{"index":"index","follow":"follow","max-snippet":"max-snippet:-1","max-image-preview":"max-image-preview:large","max-video-preview":"max-video-preview:-1"},"canonical":"https:\/\/cvnoticias.com\/nuevapagina\/index.php\/2025\/12\/13\/en-un-acto-de-justicia-social-cadh-devela-el-memorial-en-honor-al-profesor-modesto-patolzin-moicen\/","og_locale":"es_ES","og_type":"article","og_title":"En un acto de justicia social, CADH devela el Memorial en honor al profesor Modesto Patolzin Moic\u00e9n - CV Noticias","og_description":"\u2022 Tambi\u00e9n se llev\u00f3 a cabo el panel \u201cPor la verdad y la justicia\u201d que...","og_url":"https:\/\/cvnoticias.com\/nuevapagina\/index.php\/2025\/12\/13\/en-un-acto-de-justicia-social-cadh-devela-el-memorial-en-honor-al-profesor-modesto-patolzin-moicen\/","og_site_name":"CV Noticias","article_published_time":"2025-12-13T14:20:29+00:00","article_modified_time":"2025-12-13T14:20:31+00:00","og_image":[{"width":1600,"height":1066,"url":"https:\/\/cvnoticias.com\/nuevapagina\/wp-content\/uploads\/2025\/12\/WhatsApp-Image-2025-12-12-at-1.30.23-PM.jpeg","type":"image\/jpeg"}],"author":"CvNoticias","twitter_card":"summary_large_image","twitter_misc":{"Escrito por":"CvNoticias","Tiempo de lectura":"2 minutos"},"schema":{"@context":"https:\/\/schema.org","@graph":[{"@type":"Article","@id":"https:\/\/cvnoticias.com\/nuevapagina\/index.php\/2025\/12\/13\/en-un-acto-de-justicia-social-cadh-devela-el-memorial-en-honor-al-profesor-modesto-patolzin-moicen\/#article","isPartOf":{"@id":"https:\/\/cvnoticias.com\/nuevapagina\/index.php\/2025\/12\/13\/en-un-acto-de-justicia-social-cadh-devela-el-memorial-en-honor-al-profesor-modesto-patolzin-moicen\/"},"author":{"name":"CvNoticias","@id":"https:\/\/cvnoticias.com\/nuevapagina\/#\/schema\/person\/19e35f246421a31486be7321065f7463"},"headline":"En un acto de justicia social, CADH devela el Memorial en honor al profesor Modesto Patolzin Moic\u00e9n","datePublished":"2025-12-13T14:20:29+00:00","dateModified":"2025-12-13T14:20:31+00:00","mainEntityOfPage":{"@id":"https:\/\/cvnoticias.com\/nuevapagina\/index.php\/2025\/12\/13\/en-un-acto-de-justicia-social-cadh-devela-el-memorial-en-honor-al-profesor-modesto-patolzin-moicen\/"},"wordCount":273,"commentCount":0,"publisher":{"@id":"https:\/\/cvnoticias.com\/nuevapagina\/#organization"},"image":{"@id":"https:\/\/cvnoticias.com\/nuevapagina\/index.php\/2025\/12\/13\/en-un-acto-de-justicia-social-cadh-devela-el-memorial-en-honor-al-profesor-modesto-patolzin-moicen\/#primaryimage"},"thumbnailUrl":"https:\/\/cvnoticias.com\/nuevapagina\/wp-content\/uploads\/2025\/12\/WhatsApp-Image-2025-12-12-at-1.30.23-PM.jpeg","articleSection":["Comunicados"],"inLanguage":"es","potentialAction":[{"@type":"CommentAction","name":"Comment","target":["https:\/\/cvnoticias.com\/nuevapagina\/index.php\/2025\/12\/13\/en-un-acto-de-justicia-social-cadh-devela-el-memorial-en-honor-al-profesor-modesto-patolzin-moicen\/#respond"]}]},{"@type":"WebPage","@id":"https:\/\/cvnoticias.com\/nuevapagina\/index.php\/2025\/12\/13\/en-un-acto-de-justicia-social-cadh-devela-el-memorial-en-honor-al-profesor-modesto-patolzin-moicen\/","url":"https:\/\/cvnoticias.com\/nuevapagina\/index.php\/2025\/12\/13\/en-un-acto-de-justicia-social-cadh-devela-el-memorial-en-honor-al-profesor-modesto-patolzin-moicen\/","name":"En un acto de justicia social, CADH devela el Memorial en honor al profesor Modesto Patolzin Moic\u00e9n - CV Noticias","isPartOf":{"@id":"https:\/\/cvnoticias.com\/nuevapagina\/#website"},"primaryImageOfPage":{"@id":"https:\/\/cvnoticias.com\/nuevapagina\/index.php\/2025\/12\/13\/en-un-acto-de-justicia-social-cadh-devela-el-memorial-en-honor-al-profesor-modesto-patolzin-moicen\/#primaryimage"},"image":{"@id":"https:\/\/cvnoticias.com\/nuevapagina\/index.php\/2025\/12\/13\/en-un-acto-de-justicia-social-cadh-devela-el-memorial-en-honor-al-profesor-modesto-patolzin-moicen\/#primaryimage"},"thumbnailUrl":"https:\/\/cvnoticias.com\/nuevapagina\/wp-content\/uploads\/2025\/12\/WhatsApp-Image-2025-12-12-at-1.30.23-PM.jpeg","datePublished":"2025-12-13T14:20:29+00:00","dateModified":"2025-12-13T14:20:31+00:00","breadcrumb":{"@id":"https:\/\/cvnoticias.com\/nuevapagina\/index.php\/2025\/12\/13\/en-un-acto-de-justicia-social-cadh-devela-el-memorial-en-honor-al-profesor-modesto-patolzin-moicen\/#breadcrumb"},"inLanguage":"es","potentialAction":[{"@type":"ReadAction","target":["https:\/\/cvnoticias.com\/nuevapagina\/index.php\/2025\/12\/13\/en-un-acto-de-justicia-social-cadh-devela-el-memorial-en-honor-al-profesor-modesto-patolzin-moicen\/"]}]},{"@type":"ImageObject","inLanguage":"es","@id":"https:\/\/cvnoticias.com\/nuevapagina\/index.php\/2025\/12\/13\/en-un-acto-de-justicia-social-cadh-devela-el-memorial-en-honor-al-profesor-modesto-patolzin-moicen\/#primaryimage","url":"https:\/\/cvnoticias.com\/nuevapagina\/wp-content\/uploads\/2025\/12\/WhatsApp-Image-2025-12-12-at-1.30.23-PM.jpeg","contentUrl":"https:\/\/cvnoticias.com\/nuevapagina\/wp-content\/uploads\/2025\/12\/WhatsApp-Image-2025-12-12-at-1.30.23-PM.jpeg","width":1600,"height":1066},{"@type":"BreadcrumbList","@id":"https:\/\/cvnoticias.com\/nuevapagina\/index.php\/2025\/12\/13\/en-un-acto-de-justicia-social-cadh-devela-el-memorial-en-honor-al-profesor-modesto-patolzin-moicen\/#breadcrumb","itemListElement":[{"@type":"ListItem","position":1,"name":"Portada","item":"https:\/\/cvnoticias.com\/nuevapagina\/"},{"@type":"ListItem","position":2,"name":"En un acto de justicia social, CADH devela el Memorial en honor al profesor Modesto Patolzin Moic\u00e9n"}]},{"@type":"WebSite","@id":"https:\/\/cvnoticias.com\/nuevapagina\/#website","url":"https:\/\/cvnoticias.com\/nuevapagina\/","name":"CV Noticias","description":"Noticias de Oaxaca","publisher":{"@id":"https:\/\/cvnoticias.com\/nuevapagina\/#organization"},"potentialAction":[{"@type":"SearchAction","target":{"@type":"EntryPoint","urlTemplate":"https:\/\/cvnoticias.com\/nuevapagina\/?s={search_term_string}"},"query-input":{"@type":"PropertyValueSpecification","valueRequired":true,"valueName":"search_term_string"}}],"inLanguage":"es"},{"@type":"Organization","@id":"https:\/\/cvnoticias.com\/nuevapagina\/#organization","name":"CV Noticias","url":"https:\/\/cvnoticias.com\/nuevapagina\/","logo":{"@type":"ImageObject","inLanguage":"es","@id":"https:\/\/cvnoticias.com\/nuevapagina\/#\/schema\/logo\/image\/","url":"https:\/\/cvnoticias.com\/nuevapagina\/wp-content\/uploads\/2025\/05\/cropped-logo-1.png","contentUrl":"https:\/\/cvnoticias.com\/nuevapagina\/wp-content\/uploads\/2025\/05\/cropped-logo-1.png","width":320,"height":118,"caption":"CV Noticias"},"image":{"@id":"https:\/\/cvnoticias.com\/nuevapagina\/#\/schema\/logo\/image\/"}},{"@type":"Person","@id":"https:\/\/cvnoticias.com\/nuevapagina\/#\/schema\/person\/19e35f246421a31486be7321065f7463","name":"CvNoticias","image":{"@type":"ImageObject","inLanguage":"es","@id":"https:\/\/secure.gravatar.com\/avatar\/c3a4375d38fd8f9b34ac9e853cb706a079817c78f9a39e33b16a2b2b2e51688a?s=96&d=mm&r=g","url":"https:\/\/secure.gravatar.com\/avatar\/c3a4375d38fd8f9b34ac9e853cb706a079817c78f9a39e33b16a2b2b2e51688a?s=96&d=mm&r=g","contentUrl":"https:\/\/secure.gravatar.com\/avatar\/c3a4375d38fd8f9b34ac9e853cb706a079817c78f9a39e33b16a2b2b2e51688a?s=96&d=mm&r=g","caption":"CvNoticias"},"url":"https:\/\/cvnoticias.com\/nuevapagina\/index.php\/author\/gesner\/"}]}},"_links":{"self":[{"href":"https:\/\/cvnoticias.com\/nuevapagina\/index.php\/wp-json\/wp\/v2\/posts\/4367","targetHints":{"allow":["GET"]}}],"collection":[{"href":"https:\/\/cvnoticias.com\/nuevapagina\/index.php\/wp-json\/wp\/v2\/posts"}],"about":[{"href":"https:\/\/cvnoticias.com\/nuevapagina\/index.php\/wp-json\/wp\/v2\/types\/post"}],"author":[{"embeddable":true,"href":"https:\/\/cvnoticias.com\/nuevapagina\/index.php\/wp-json\/wp\/v2\/users\/2"}],"replies":[{"embeddable":true,"href":"https:\/\/cvnoticias.com\/nuevapagina\/index.php\/wp-json\/wp\/v2\/comments?post=4367"}],"version-history":[{"count":1,"href":"https:\/\/cvnoticias.com\/nuevapagina\/index.php\/wp-json\/wp\/v2\/posts\/4367\/revisions"}],"predecessor-version":[{"id":4368,"href":"https:\/\/cvnoticias.com\/nuevapagina\/index.php\/wp-json\/wp\/v2\/posts\/4367\/revisions\/4368"}],"wp:featuredmedia":[{"embeddable":true,"href":"https:\/\/cvnoticias.com\/nuevapagina\/index.php\/wp-json\/wp\/v2\/media\/4355"}],"wp:attachment":[{"href":"https:\/\/cvnoticias.com\/nuevapagina\/index.php\/wp-json\/wp\/v2\/media?parent=4367"}],"wp:term":[{"taxonomy":"category","embeddable":true,"href":"https:\/\/cvnoticias.com\/nuevapagina\/index.php\/wp-json\/wp\/v2\/categories?post=4367"},{"taxonomy":"post_tag","embeddable":true,"href":"https:\/\/cvnoticias.com\/nuevapagina\/index.php\/wp-json\/wp\/v2\/tags?post=4367"}],"curies":[{"name":"wp","href":"https:\/\/api.w.org\/{rel}","templated":true}]}}